{"id":365161,"date":"2011-09-11T12:11:00","date_gmt":"2011-09-11T12:11:00","guid":{"rendered":"https:\/\/www.webdo.tn\/fr\/actualite\/blog\/le-cri-d-alarme-d-un-journal-ne-apres-le-14-2\/365161\/"},"modified":"2011-09-11T12:11:00","modified_gmt":"2011-09-11T12:11:00","slug":"le-cri-d-alarme-d-un-journal-ne-apres-le-14-2","status":"publish","type":"post","link":"https:\/\/www.webdo.tn\/fr\/actualite\/national\/le-cri-d-alarme-d-un-journal-ne-apres-le-14-2\/365161\/","title":{"rendered":"Le cri d&rsquo;alarme d&rsquo;un journal n\u00e9 apr\u00e8s le 14 !"},"content":{"rendered":"<p>Le journal \u00ab\u00a0Al Oula Attounsissia\u00a0\u00bb fait partie de journaux qui ont vu le jour apr\u00e8s le 14 janvier, profitant du d\u00e9part de Ben Ali pour pouvoir exister. <\/p>\n<p>Mais voil\u00e0, neuf mois apr\u00e8s le d\u00e9part, tout n&rsquo;est pas aussi rose que l&rsquo;on pourrait penser pour eux. <\/p>\n<p>\u00ab\u00a0Al Oula\u00a0\u00bb a, vendredi dernier, lancer un cri d\u2019alarme \u00e0 sa Une, une sorte d\u2019appel \u00e0 l&rsquo;aide ! <\/p>\n<p>Ce journal conna\u00eet des difficult\u00e9s financi\u00e8res \u00e0 cause de sa ligne \u00e9ditoriale. Ces difficult\u00e9s l\u2019emm\u00e8nent peu \u00e0 peu vers sa disparition. <\/p>\n<p>En effet, pour le directeur de \u00ab\u00a0Al Oula\u00a0\u00bb, ce que vit son journal est une atteinte \u00e0 la libert\u00e9 d&rsquo;expression. Les pratiques adopt\u00e9es, contre ce journal ind\u00e9pendant, sont les m\u00eames qu&rsquo;au temps de Ben Ali. Ces pratiques benalistes sont reproduites par des personnes (qui \u00e9taient d\u00e9j\u00e0 \u00e0 leur diff\u00e9rent poste sous l\u2019ancien r\u00e9gime dont elles \u00e9taient proches) qui veulent emp\u00eacher toute \u00e9mergence d\u2019une presse ind\u00e9pendante, capable de r\u00e9pondre aux attentes du peuple tunisien, \u00e0 son aspiration \u00e0 la libert\u00e9 d\u2019expression et d\u2019opinion et \u00e0 une presse libre et plurielle. <\/p>\n<p>Le journal \u00e9voque aussi les probl\u00e8mes rencontr\u00e9s par son \u00e9dition et sa distribution ainsi que ceux li\u00e9s \u00e0 la publicit\u00e9 publique et politique. <\/p>\n<p>Tous ces probl\u00e8mes se dressent comme un obstacle s\u00e9rieux \u00e0 l&rsquo;instauration du pluralisme dans le domaine de l&rsquo;information. <\/p>\n<p>\u00ab\u00a0Al Oula\u00a0\u00bb pointe de doigt le fait que les journaux non financ\u00e9s directement par des hommes d&rsquo;affaires, par le pass\u00e9 proches de Ben Ali, ont beaucoup de mal \u00e0 exister. Et ce, m\u00eame si l&rsquo;ATCE n&rsquo;est plus l\u00e0 pour tout verrouiller, le syst\u00e8me de la r\u00e9partition impartiale de la publicit\u00e9 publique et priv\u00e9e est le m\u00eame que sous l&rsquo;\u00e8re Ben Ali. Il faut signaler qu\u2019il en est de m\u00eame pour certains journaux ind\u00e9pendants qui existent depuis des d\u00e9cennies. <\/p>\n<p>Pour rappel, selon la TAP, 88 p\u00e9riodiques, entre quotidiens, hebdos, bimensuels et mensuels, ont re\u00e7u le r\u00e9c\u00e9piss\u00e9 l\u00e9gal pour publication, apr\u00e8s le 14 janvier.<\/p>\n","protected":false},"excerpt":{"rendered":"<p>Le cri d&rsquo;alarme d&rsquo;un journal n\u00e9 apr\u00e8s le 14 !  <\/p>\n","protected":false},"author":3222,"featured_media":376290,"comment_status":"open","ping_status":"closed","sticky":false,"template":"","format":"standard","meta":{"footnotes":""},"categories":[44],"tags":[],"class_list":["post-365161","post","type-post","status-publish","format-standard","has-post-thumbnail","hentry","category-national"],"yoast_head":"<!-- This site is optimized with the Yoast SEO Premium plugin v27.4 (Yoast SEO v27.5) - https:\/\/yoast.com\/product\/yoast-seo-premium-wordpress\/ -->\n<title>Le cri d&#039;alarme d&#039;un journal n\u00e9 apr\u00e8s le 14 !<\/title>\n<meta name=\"description\" content=\"Le cri d&#039;alarme d&#039;un journal n\u00e9 apr\u00e8s le 14 !\" \/>\n<link rel=\"canonical\" href=\"https:\/\/www.webdo.tn\/fr\/actualite\/national\/le-cri-d-alarme-d-un-journal-ne-apres-le-14-2\/365161\/\" \/>\n<meta property=\"og:locale\" content=\"fr_FR\" \/>\n<meta property=\"og:type\" content=\"article\" \/>\n<meta property=\"og:title\" content=\"Le cri d&#039;alarme d&#039;un journal n\u00e9 apr\u00e8s le 14 !\" \/>\n<meta property=\"og:description\" content=\"Le cri d&#039;alarme d&#039;un journal n\u00e9 apr\u00e8s le 14 !\" \/>\n<meta property=\"og:url\" content=\"https:\/\/www.webdo.tn\/fr\/actualite\/national\/le-cri-d-alarme-d-un-journal-ne-apres-le-14-2\/365161\/\" \/>\n<meta property=\"og:site_name\" content=\"webdo\" \/>\n<meta property=\"article:publisher\" content=\"https:\/\/www.facebook.com\/webdotn\" \/>\n<meta property=\"article:published_time\" content=\"2011-09-11T12:11:00+00:00\" \/>\n<meta name=\"author\" content=\"webdo.tn\" \/>\n<meta name=\"twitter:card\" content=\"summary_large_image\" \/>\n<meta name=\"twitter:creator\" content=\"@webdo_tn\" \/>\n<meta name=\"twitter:site\" content=\"@webdo_tn\" \/>\n<meta name=\"twitter:label1\" content=\"\u00c9crit par\" \/>\n\t<meta name=\"twitter:data1\" content=\"webdo.tn\" \/>\n\t<meta name=\"twitter:label2\" content=\"Dur\u00e9e de lecture estim\u00e9e\" \/>\n\t<meta name=\"twitter:data2\" content=\"2 minutes\" \/>\n<script type=\"application\/ld+json\" class=\"yoast-schema-graph\">{\"@context\":\"https:\\\/\\\/schema.org\",\"@graph\":[{\"@type\":\"NewsArticle\",\"@id\":\"https:\\\/\\\/www.webdo.tn\\\/fr\\\/actualite\\\/national\\\/le-cri-d-alarme-d-un-journal-ne-apres-le-14-2\\\/365161\\\/#article\",\"isPartOf\":{\"@id\":\"https:\\\/\\\/www.webdo.tn\\\/fr\\\/actualite\\\/national\\\/le-cri-d-alarme-d-un-journal-ne-apres-le-14-2\\\/365161\\\/\"},\"author\":{\"name\":\"webdo.tn\",\"@id\":\"https:\\\/\\\/www.webdo.tn\\\/fr\\\/#\\\/schema\\\/person\\\/9a9c6118d687c117df8ef3cc36a4d175\"},\"headline\":\"Le cri d&rsquo;alarme d&rsquo;un journal n\u00e9 apr\u00e8s le 14 !\",\"datePublished\":\"2011-09-11T12:11:00+00:00\",\"mainEntityOfPage\":{\"@id\":\"https:\\\/\\\/www.webdo.tn\\\/fr\\\/actualite\\\/national\\\/le-cri-d-alarme-d-un-journal-ne-apres-le-14-2\\\/365161\\\/\"},\"wordCount\":368,\"commentCount\":0,\"publisher\":{\"@id\":\"https:\\\/\\\/www.webdo.tn\\\/fr\\\/#organization\"},\"image\":{\"@id\":\"https:\\\/\\\/www.webdo.tn\\\/fr\\\/actualite\\\/national\\\/le-cri-d-alarme-d-un-journal-ne-apres-le-14-2\\\/365161\\\/#primaryimage\"},\"thumbnailUrl\":\"https:\\\/\\\/www.webdo.tn\\\/fr\\\/wp-content\\\/uploads\\\/2025\\\/06\\\/FireShot-Capture-1063-webdo_default-53-750x375.jpg-750\u00d7375-www.webdo_.tn_.png\",\"articleSection\":[\"National\"],\"inLanguage\":\"fr-FR\"},{\"@type\":\"WebPage\",\"@id\":\"https:\\\/\\\/www.webdo.tn\\\/fr\\\/actualite\\\/national\\\/le-cri-d-alarme-d-un-journal-ne-apres-le-14-2\\\/365161\\\/\",\"url\":\"https:\\\/\\\/www.webdo.tn\\\/fr\\\/actualite\\\/national\\\/le-cri-d-alarme-d-un-journal-ne-apres-le-14-2\\\/365161\\\/\",\"name\":\"Le cri d'alarme d'un journal n\u00e9 apr\u00e8s le 14 !\",\"isPartOf\":{\"@id\":\"https:\\\/\\\/www.webdo.tn\\\/fr\\\/#website\"},\"primaryImageOfPage\":{\"@id\":\"https:\\\/\\\/www.webdo.tn\\\/fr\\\/actualite\\\/national\\\/le-cri-d-alarme-d-un-journal-ne-apres-le-14-2\\\/365161\\\/#primaryimage\"},\"image\":{\"@id\":\"https:\\\/\\\/www.webdo.tn\\\/fr\\\/actualite\\\/national\\\/le-cri-d-alarme-d-un-journal-ne-apres-le-14-2\\\/365161\\\/#primaryimage\"},\"thumbnailUrl\":\"https:\\\/\\\/www.webdo.tn\\\/fr\\\/wp-content\\\/uploads\\\/2025\\\/06\\\/FireShot-Capture-1063-webdo_default-53-750x375.jpg-750\u00d7375-www.webdo_.tn_.png\",\"datePublished\":\"2011-09-11T12:11:00+00:00\",\"description\":\"Le cri d'alarme d'un journal n\u00e9 apr\u00e8s le 14 !\",\"breadcrumb\":{\"@id\":\"https:\\\/\\\/www.webdo.tn\\\/fr\\\/actualite\\\/national\\\/le-cri-d-alarme-d-un-journal-ne-apres-le-14-2\\\/365161\\\/#breadcrumb\"},\"inLanguage\":\"fr-FR\",\"potentialAction\":[{\"@type\":\"ReadAction\",\"target\":[\"https:\\\/\\\/www.webdo.tn\\\/fr\\\/actualite\\\/national\\\/le-cri-d-alarme-d-un-journal-ne-apres-le-14-2\\\/365161\\\/\"]}]},{\"@type\":\"ImageObject\",\"inLanguage\":\"fr-FR\",\"@id\":\"https:\\\/\\\/www.webdo.tn\\\/fr\\\/actualite\\\/national\\\/le-cri-d-alarme-d-un-journal-ne-apres-le-14-2\\\/365161\\\/#primaryimage\",\"url\":\"https:\\\/\\\/www.webdo.tn\\\/fr\\\/wp-content\\\/uploads\\\/2025\\\/06\\\/FireShot-Capture-1063-webdo_default-53-750x375.jpg-750\u00d7375-www.webdo_.tn_.png\",\"contentUrl\":\"https:\\\/\\\/www.webdo.tn\\\/fr\\\/wp-content\\\/uploads\\\/2025\\\/06\\\/FireShot-Capture-1063-webdo_default-53-750x375.jpg-750\u00d7375-www.webdo_.tn_.png\",\"width\":746,\"height\":371},{\"@type\":\"BreadcrumbList\",\"@id\":\"https:\\\/\\\/www.webdo.tn\\\/fr\\\/actualite\\\/national\\\/le-cri-d-alarme-d-un-journal-ne-apres-le-14-2\\\/365161\\\/#breadcrumb\",\"itemListElement\":[{\"@type\":\"ListItem\",\"position\":1,\"name\":\"Accueil\",\"item\":\"https:\\\/\\\/www.webdo.tn\\\/fr\\\/\"},{\"@type\":\"ListItem\",\"position\":2,\"name\":\"Le cri d&rsquo;alarme d&rsquo;un journal n\u00e9 apr\u00e8s le 14 !\"}]},{\"@type\":\"WebSite\",\"@id\":\"https:\\\/\\\/www.webdo.tn\\\/fr\\\/#website\",\"url\":\"https:\\\/\\\/www.webdo.tn\\\/fr\\\/\",\"name\":\"webdo\",\"description\":\"Tunisie - News en Tunisie et \u00e0 l&#039;international sur Webdo.tn\",\"publisher\":{\"@id\":\"https:\\\/\\\/www.webdo.tn\\\/fr\\\/#organization\"},\"potentialAction\":[{\"@type\":\"SearchAction\",\"target\":{\"@type\":\"EntryPoint\",\"urlTemplate\":\"https:\\\/\\\/www.webdo.tn\\\/fr\\\/?s={search_term_string}\"},\"query-input\":{\"@type\":\"PropertyValueSpecification\",\"valueRequired\":true,\"valueName\":\"search_term_string\"}}],\"inLanguage\":\"fr-FR\"},{\"@type\":\"Organization\",\"@id\":\"https:\\\/\\\/www.webdo.tn\\\/fr\\\/#organization\",\"name\":\"Webdo\",\"alternateName\":\"Webdo.tn\",\"url\":\"https:\\\/\\\/www.webdo.tn\\\/fr\\\/\",\"logo\":{\"@type\":\"ImageObject\",\"inLanguage\":\"fr-FR\",\"@id\":\"https:\\\/\\\/www.webdo.tn\\\/fr\\\/#\\\/schema\\\/logo\\\/image\\\/\",\"url\":\"https:\\\/\\\/www.webdo.tn\\\/fr\\\/wp-content\\\/uploads\\\/2025\\\/06\\\/Webdo-Tunisie_168377.jpg\",\"contentUrl\":\"https:\\\/\\\/www.webdo.tn\\\/fr\\\/wp-content\\\/uploads\\\/2025\\\/06\\\/Webdo-Tunisie_168377.jpg\",\"width\":301,\"height\":301,\"caption\":\"Webdo\"},\"image\":{\"@id\":\"https:\\\/\\\/www.webdo.tn\\\/fr\\\/#\\\/schema\\\/logo\\\/image\\\/\"},\"sameAs\":[\"https:\\\/\\\/www.facebook.com\\\/webdotn\",\"https:\\\/\\\/x.com\\\/webdo_tn\"],\"description\":\"Webdo est un m\u00e9dia num\u00e9rique tunisien fond\u00e9 en 2010, sp\u00e9cialis\u00e9 dans l\u2019actualit\u00e9 nationale et internationale, l\u2019\u00e9conomie, la soci\u00e9t\u00e9 et les analyses politiques. Le site s\u2019adresse \u00e0 un large public francophone et couvre l\u2019information tunisienne en temps r\u00e9el.\",\"email\":\"redac@webdo.tn\",\"legalName\":\"YNJ SARL\",\"foundingDate\":\"2010-09-06\",\"numberOfEmployees\":{\"@type\":\"QuantitativeValue\",\"minValue\":\"11\",\"maxValue\":\"50\"}},{\"@type\":\"Person\",\"@id\":\"https:\\\/\\\/www.webdo.tn\\\/fr\\\/#\\\/schema\\\/person\\\/9a9c6118d687c117df8ef3cc36a4d175\",\"name\":\"webdo.tn\",\"image\":{\"@type\":\"ImageObject\",\"inLanguage\":\"fr-FR\",\"@id\":\"https:\\\/\\\/secure.gravatar.com\\\/avatar\\\/7ce1f28c0c3bbac99ff550b85ef8e44a6950c6ee24514fb6a5489e51d06f0298?s=96&d=mm&r=g\",\"url\":\"https:\\\/\\\/secure.gravatar.com\\\/avatar\\\/7ce1f28c0c3bbac99ff550b85ef8e44a6950c6ee24514fb6a5489e51d06f0298?s=96&d=mm&r=g\",\"contentUrl\":\"https:\\\/\\\/secure.gravatar.com\\\/avatar\\\/7ce1f28c0c3bbac99ff550b85ef8e44a6950c6ee24514fb6a5489e51d06f0298?s=96&d=mm&r=g\",\"caption\":\"webdo.tn\"},\"url\":\"https:\\\/\\\/www.webdo.tn\\\/fr\\\/actualite\\\/author\\\/webdotn\\\/\"}]}<\/script>\n<!-- \/ Yoast SEO Premium plugin. -->","yoast_head_json":{"title":"Le cri d'alarme d'un journal n\u00e9 apr\u00e8s le 14 !","description":"Le cri d'alarme d'un journal n\u00e9 apr\u00e8s le 14 !","canonical":"https:\/\/www.webdo.tn\/fr\/actualite\/national\/le-cri-d-alarme-d-un-journal-ne-apres-le-14-2\/365161\/","og_locale":"fr_FR","og_type":"article","og_title":"Le cri d'alarme d'un journal n\u00e9 apr\u00e8s le 14 !","og_description":"Le cri d'alarme d'un journal n\u00e9 apr\u00e8s le 14 !","og_url":"https:\/\/www.webdo.tn\/fr\/actualite\/national\/le-cri-d-alarme-d-un-journal-ne-apres-le-14-2\/365161\/","og_site_name":"webdo","article_publisher":"https:\/\/www.facebook.com\/webdotn","article_published_time":"2011-09-11T12:11:00+00:00","author":"webdo.tn","twitter_card":"summary_large_image","twitter_creator":"@webdo_tn","twitter_site":"@webdo_tn","twitter_misc":{"\u00c9crit par":"webdo.tn","Dur\u00e9e de lecture estim\u00e9e":"2 minutes"},"schema":{"@context":"https:\/\/schema.org","@graph":[{"@type":"NewsArticle","@id":"https:\/\/www.webdo.tn\/fr\/actualite\/national\/le-cri-d-alarme-d-un-journal-ne-apres-le-14-2\/365161\/#article","isPartOf":{"@id":"https:\/\/www.webdo.tn\/fr\/actualite\/national\/le-cri-d-alarme-d-un-journal-ne-apres-le-14-2\/365161\/"},"author":{"name":"webdo.tn","@id":"https:\/\/www.webdo.tn\/fr\/#\/schema\/person\/9a9c6118d687c117df8ef3cc36a4d175"},"headline":"Le cri d&rsquo;alarme d&rsquo;un journal n\u00e9 apr\u00e8s le 14 !","datePublished":"2011-09-11T12:11:00+00:00","mainEntityOfPage":{"@id":"https:\/\/www.webdo.tn\/fr\/actualite\/national\/le-cri-d-alarme-d-un-journal-ne-apres-le-14-2\/365161\/"},"wordCount":368,"commentCount":0,"publisher":{"@id":"https:\/\/www.webdo.tn\/fr\/#organization"},"image":{"@id":"https:\/\/www.webdo.tn\/fr\/actualite\/national\/le-cri-d-alarme-d-un-journal-ne-apres-le-14-2\/365161\/#primaryimage"},"thumbnailUrl":"https:\/\/www.webdo.tn\/fr\/wp-content\/uploads\/2025\/06\/FireShot-Capture-1063-webdo_default-53-750x375.jpg-750\u00d7375-www.webdo_.tn_.png","articleSection":["National"],"inLanguage":"fr-FR"},{"@type":"WebPage","@id":"https:\/\/www.webdo.tn\/fr\/actualite\/national\/le-cri-d-alarme-d-un-journal-ne-apres-le-14-2\/365161\/","url":"https:\/\/www.webdo.tn\/fr\/actualite\/national\/le-cri-d-alarme-d-un-journal-ne-apres-le-14-2\/365161\/","name":"Le cri d'alarme d'un journal n\u00e9 apr\u00e8s le 14 !","isPartOf":{"@id":"https:\/\/www.webdo.tn\/fr\/#website"},"primaryImageOfPage":{"@id":"https:\/\/www.webdo.tn\/fr\/actualite\/national\/le-cri-d-alarme-d-un-journal-ne-apres-le-14-2\/365161\/#primaryimage"},"image":{"@id":"https:\/\/www.webdo.tn\/fr\/actualite\/national\/le-cri-d-alarme-d-un-journal-ne-apres-le-14-2\/365161\/#primaryimage"},"thumbnailUrl":"https:\/\/www.webdo.tn\/fr\/wp-content\/uploads\/2025\/06\/FireShot-Capture-1063-webdo_default-53-750x375.jpg-750\u00d7375-www.webdo_.tn_.png","datePublished":"2011-09-11T12:11:00+00:00","description":"Le cri d'alarme d'un journal n\u00e9 apr\u00e8s le 14 !","breadcrumb":{"@id":"https:\/\/www.webdo.tn\/fr\/actualite\/national\/le-cri-d-alarme-d-un-journal-ne-apres-le-14-2\/365161\/#breadcrumb"},"inLanguage":"fr-FR","potentialAction":[{"@type":"ReadAction","target":["https:\/\/www.webdo.tn\/fr\/actualite\/national\/le-cri-d-alarme-d-un-journal-ne-apres-le-14-2\/365161\/"]}]},{"@type":"ImageObject","inLanguage":"fr-FR","@id":"https:\/\/www.webdo.tn\/fr\/actualite\/national\/le-cri-d-alarme-d-un-journal-ne-apres-le-14-2\/365161\/#primaryimage","url":"https:\/\/www.webdo.tn\/fr\/wp-content\/uploads\/2025\/06\/FireShot-Capture-1063-webdo_default-53-750x375.jpg-750\u00d7375-www.webdo_.tn_.png","contentUrl":"https:\/\/www.webdo.tn\/fr\/wp-content\/uploads\/2025\/06\/FireShot-Capture-1063-webdo_default-53-750x375.jpg-750\u00d7375-www.webdo_.tn_.png","width":746,"height":371},{"@type":"BreadcrumbList","@id":"https:\/\/www.webdo.tn\/fr\/actualite\/national\/le-cri-d-alarme-d-un-journal-ne-apres-le-14-2\/365161\/#breadcrumb","itemListElement":[{"@type":"ListItem","position":1,"name":"Accueil","item":"https:\/\/www.webdo.tn\/fr\/"},{"@type":"ListItem","position":2,"name":"Le cri d&rsquo;alarme d&rsquo;un journal n\u00e9 apr\u00e8s le 14 !"}]},{"@type":"WebSite","@id":"https:\/\/www.webdo.tn\/fr\/#website","url":"https:\/\/www.webdo.tn\/fr\/","name":"webdo","description":"Tunisie - News en Tunisie et \u00e0 l&#039;international sur Webdo.tn","publisher":{"@id":"https:\/\/www.webdo.tn\/fr\/#organization"},"potentialAction":[{"@type":"SearchAction","target":{"@type":"EntryPoint","urlTemplate":"https:\/\/www.webdo.tn\/fr\/?s={search_term_string}"},"query-input":{"@type":"PropertyValueSpecification","valueRequired":true,"valueName":"search_term_string"}}],"inLanguage":"fr-FR"},{"@type":"Organization","@id":"https:\/\/www.webdo.tn\/fr\/#organization","name":"Webdo","alternateName":"Webdo.tn","url":"https:\/\/www.webdo.tn\/fr\/","logo":{"@type":"ImageObject","inLanguage":"fr-FR","@id":"https:\/\/www.webdo.tn\/fr\/#\/schema\/logo\/image\/","url":"https:\/\/www.webdo.tn\/fr\/wp-content\/uploads\/2025\/06\/Webdo-Tunisie_168377.jpg","contentUrl":"https:\/\/www.webdo.tn\/fr\/wp-content\/uploads\/2025\/06\/Webdo-Tunisie_168377.jpg","width":301,"height":301,"caption":"Webdo"},"image":{"@id":"https:\/\/www.webdo.tn\/fr\/#\/schema\/logo\/image\/"},"sameAs":["https:\/\/www.facebook.com\/webdotn","https:\/\/x.com\/webdo_tn"],"description":"Webdo est un m\u00e9dia num\u00e9rique tunisien fond\u00e9 en 2010, sp\u00e9cialis\u00e9 dans l\u2019actualit\u00e9 nationale et internationale, l\u2019\u00e9conomie, la soci\u00e9t\u00e9 et les analyses politiques. Le site s\u2019adresse \u00e0 un large public francophone et couvre l\u2019information tunisienne en temps r\u00e9el.","email":"redac@webdo.tn","legalName":"YNJ SARL","foundingDate":"2010-09-06","numberOfEmployees":{"@type":"QuantitativeValue","minValue":"11","maxValue":"50"}},{"@type":"Person","@id":"https:\/\/www.webdo.tn\/fr\/#\/schema\/person\/9a9c6118d687c117df8ef3cc36a4d175","name":"webdo.tn","image":{"@type":"ImageObject","inLanguage":"fr-FR","@id":"https:\/\/secure.gravatar.com\/avatar\/7ce1f28c0c3bbac99ff550b85ef8e44a6950c6ee24514fb6a5489e51d06f0298?s=96&d=mm&r=g","url":"https:\/\/secure.gravatar.com\/avatar\/7ce1f28c0c3bbac99ff550b85ef8e44a6950c6ee24514fb6a5489e51d06f0298?s=96&d=mm&r=g","contentUrl":"https:\/\/secure.gravatar.com\/avatar\/7ce1f28c0c3bbac99ff550b85ef8e44a6950c6ee24514fb6a5489e51d06f0298?s=96&d=mm&r=g","caption":"webdo.tn"},"url":"https:\/\/www.webdo.tn\/fr\/actualite\/author\/webdotn\/"}]}},"_links":{"self":[{"href":"https:\/\/www.webdo.tn\/fr\/wp-json\/wp\/v2\/posts\/365161","targetHints":{"allow":["GET"]}}],"collection":[{"href":"https:\/\/www.webdo.tn\/fr\/wp-json\/wp\/v2\/posts"}],"about":[{"href":"https:\/\/www.webdo.tn\/fr\/wp-json\/wp\/v2\/types\/post"}],"author":[{"embeddable":true,"href":"https:\/\/www.webdo.tn\/fr\/wp-json\/wp\/v2\/users\/3222"}],"replies":[{"embeddable":true,"href":"https:\/\/www.webdo.tn\/fr\/wp-json\/wp\/v2\/comments?post=365161"}],"version-history":[{"count":0,"href":"https:\/\/www.webdo.tn\/fr\/wp-json\/wp\/v2\/posts\/365161\/revisions"}],"wp:featuredmedia":[{"embeddable":true,"href":"https:\/\/www.webdo.tn\/fr\/wp-json\/wp\/v2\/media\/376290"}],"wp:attachment":[{"href":"https:\/\/www.webdo.tn\/fr\/wp-json\/wp\/v2\/media?parent=365161"}],"wp:term":[{"taxonomy":"category","embeddable":true,"href":"https:\/\/www.webdo.tn\/fr\/wp-json\/wp\/v2\/categories?post=365161"},{"taxonomy":"post_tag","embeddable":true,"href":"https:\/\/www.webdo.tn\/fr\/wp-json\/wp\/v2\/tags?post=365161"}],"curies":[{"name":"wp","href":"https:\/\/api.w.org\/{rel}","templated":true}]}}