{"id":365157,"date":"2011-09-09T23:12:00","date_gmt":"2011-09-09T23:12:00","guid":{"rendered":"https:\/\/www.webdo.tn\/fr\/actualite\/blog\/le-centre-carter-salue-le-bon-deroulement-des-inscriptions-electorales-2\/365157\/"},"modified":"2011-09-09T23:12:00","modified_gmt":"2011-09-09T23:12:00","slug":"le-centre-carter-salue-le-bon-deroulement-des-inscriptions-electorales-2","status":"publish","type":"post","link":"https:\/\/www.webdo.tn\/fr\/actualite\/national\/le-centre-carter-salue-le-bon-deroulement-des-inscriptions-electorales-2\/365157\/","title":{"rendered":"Le Centre Carter salue le bon d\u00e9roulement des inscriptions \u00e9lectorales"},"content":{"rendered":"<p>Un communiqu\u00e9 nous apprend que le Centre Carter a salu\u00e9 le fait que les inscriptions ont \u00e9t\u00e9 conduites dans le calme et la s\u00e9r\u00e9nit\u00e9, mais a soulign\u00e9 le faible taux de participation dans cette phase d&rsquo;inscription des \u00e9lecteurs. En ce sens, le Centre Carter encourage l\u2019Instance Sup\u00e9rieure Ind\u00e9pendante pour les \u00c9lections \u00e0 lancer et diffuser, au plut\u00f4t, des campagnes d&rsquo;information des \u00e9lecteurs concernant chaque phase du processus \u00e9lectoral.<\/p>\n<p>Pour rappel, le Centre de l&rsquo;ex-pr\u00e9sident US, Jimmy Carter, a \u00e9t\u00e9 accr\u00e9dit\u00e9e officiellement par l&rsquo;ISIE, le 4 ao\u00fbt dernier, pour observer le processus \u00e9lectoral et fournir une \u00e9valuation impartiale de la qualit\u00e9 globale du processus \u00e9lectoral.<\/p>\n<p>Le Centre Carter soutient l\u2019ISIE dans les autres d\u00e9fis qui l\u2019attendent l&rsquo;ISIE, comme la possibilit\u00e9 aux \u00e9lecteurs qui n\u2019on pas particip\u00e9 \u00e0 la phase des enregistrements de choisir leur bureau de vote, et ce, du 4 au 20 septembre, ou encore les consultations r\u00e9guli\u00e8res avec toutes les parties participantes au processus \u00e9lectoral. De plus, le Centre incite l&rsquo;ISIE \u00e0 rendre accessible au public tous les documents officiels.<\/p>\n<p>Le Centre Carter restera en Tunisie pour observer la phase d\u2019enregistrement des candidatures, la campagne \u00e9lectorale, les op\u00e9rations de vote, les processus de d\u00e9pouillement, de consolidation des r\u00e9sultats, ainsi que la r\u00e9solution d\u2019\u00e9ventuels contentieux pour les \u00e9lections de l\u2019Assembl\u00e9e Constituante du 23 octobre. Les observateurs de long terme seront rejoints, \u00e0 l\u2019approche du jour du scrutin, par 40 observateurs de court terme de diff\u00e9rentes nationalit\u00e9s.<\/p>\n","protected":false},"excerpt":{"rendered":"<p>Le Centre Carter salue le bon d\u00e9roulement des inscriptions \u00e9lectorales<\/p>\n","protected":false},"author":3222,"featured_media":365159,"comment_status":"open","ping_status":"closed","sticky":false,"template":"","format":"standard","meta":{"footnotes":""},"categories":[44],"tags":[],"class_list":["post-365157","post","type-post","status-publish","format-standard","has-post-thumbnail","hentry","category-national"],"yoast_head":"<!-- This site is optimized with the Yoast SEO Premium plugin v27.4 (Yoast SEO v27.5) - https:\/\/yoast.com\/product\/yoast-seo-premium-wordpress\/ -->\n<title>Le Centre Carter salue le bon d\u00e9roulement des inscriptions \u00e9lectorales<\/title>\n<meta name=\"description\" content=\"Le Centre Carter salue le bon d\u00e9roulement des inscriptions \u00e9lectorales\" \/>\n<link rel=\"canonical\" href=\"https:\/\/www.webdo.tn\/fr\/actualite\/national\/le-centre-carter-salue-le-bon-deroulement-des-inscriptions-electorales-2\/365157\/\" \/>\n<meta property=\"og:locale\" content=\"fr_FR\" \/>\n<meta property=\"og:type\" content=\"article\" \/>\n<meta property=\"og:title\" content=\"Le Centre Carter salue le bon d\u00e9roulement des inscriptions \u00e9lectorales\" \/>\n<meta property=\"og:description\" content=\"Le Centre Carter salue le bon d\u00e9roulement des inscriptions \u00e9lectorales\" \/>\n<meta property=\"og:url\" content=\"https:\/\/www.webdo.tn\/fr\/actualite\/national\/le-centre-carter-salue-le-bon-deroulement-des-inscriptions-electorales-2\/365157\/\" \/>\n<meta property=\"og:site_name\" content=\"webdo\" \/>\n<meta property=\"article:publisher\" content=\"https:\/\/www.facebook.com\/webdotn\" \/>\n<meta property=\"article:published_time\" content=\"2011-09-09T23:12:00+00:00\" \/>\n<meta property=\"og:image\" content=\"https:\/\/www.webdo.tn\/fr\/wp-content\/uploads\/2011\/09\/The_Carter_Center-150x150-2.jpg\" \/>\n\t<meta property=\"og:image:width\" content=\"150\" \/>\n\t<meta property=\"og:image:height\" content=\"150\" \/>\n\t<meta property=\"og:image:type\" content=\"image\/jpeg\" \/>\n<meta name=\"author\" content=\"webdo.tn\" \/>\n<meta name=\"twitter:card\" content=\"summary_large_image\" \/>\n<meta name=\"twitter:creator\" content=\"@webdo_tn\" \/>\n<meta name=\"twitter:site\" content=\"@webdo_tn\" \/>\n<meta name=\"twitter:label1\" content=\"\u00c9crit par\" \/>\n\t<meta name=\"twitter:data1\" content=\"webdo.tn\" \/>\n\t<meta name=\"twitter:label2\" content=\"Dur\u00e9e de lecture estim\u00e9e\" \/>\n\t<meta name=\"twitter:data2\" content=\"1 minute\" \/>\n<script type=\"application\/ld+json\" class=\"yoast-schema-graph\">{\"@context\":\"https:\\\/\\\/schema.org\",\"@graph\":[{\"@type\":\"NewsArticle\",\"@id\":\"https:\\\/\\\/www.webdo.tn\\\/fr\\\/actualite\\\/national\\\/le-centre-carter-salue-le-bon-deroulement-des-inscriptions-electorales-2\\\/365157\\\/#article\",\"isPartOf\":{\"@id\":\"https:\\\/\\\/www.webdo.tn\\\/fr\\\/actualite\\\/national\\\/le-centre-carter-salue-le-bon-deroulement-des-inscriptions-electorales-2\\\/365157\\\/\"},\"author\":{\"name\":\"webdo.tn\",\"@id\":\"https:\\\/\\\/www.webdo.tn\\\/fr\\\/#\\\/schema\\\/person\\\/9a9c6118d687c117df8ef3cc36a4d175\"},\"headline\":\"Le Centre Carter salue le bon d\u00e9roulement des inscriptions \u00e9lectorales\",\"datePublished\":\"2011-09-09T23:12:00+00:00\",\"mainEntityOfPage\":{\"@id\":\"https:\\\/\\\/www.webdo.tn\\\/fr\\\/actualite\\\/national\\\/le-centre-carter-salue-le-bon-deroulement-des-inscriptions-electorales-2\\\/365157\\\/\"},\"wordCount\":271,\"commentCount\":0,\"publisher\":{\"@id\":\"https:\\\/\\\/www.webdo.tn\\\/fr\\\/#organization\"},\"image\":{\"@id\":\"https:\\\/\\\/www.webdo.tn\\\/fr\\\/actualite\\\/national\\\/le-centre-carter-salue-le-bon-deroulement-des-inscriptions-electorales-2\\\/365157\\\/#primaryimage\"},\"thumbnailUrl\":\"https:\\\/\\\/www.webdo.tn\\\/fr\\\/wp-content\\\/uploads\\\/2011\\\/09\\\/The_Carter_Center-150x150-2.jpg\",\"articleSection\":[\"National\"],\"inLanguage\":\"fr-FR\"},{\"@type\":\"WebPage\",\"@id\":\"https:\\\/\\\/www.webdo.tn\\\/fr\\\/actualite\\\/national\\\/le-centre-carter-salue-le-bon-deroulement-des-inscriptions-electorales-2\\\/365157\\\/\",\"url\":\"https:\\\/\\\/www.webdo.tn\\\/fr\\\/actualite\\\/national\\\/le-centre-carter-salue-le-bon-deroulement-des-inscriptions-electorales-2\\\/365157\\\/\",\"name\":\"Le Centre Carter salue le bon d\u00e9roulement des inscriptions \u00e9lectorales\",\"isPartOf\":{\"@id\":\"https:\\\/\\\/www.webdo.tn\\\/fr\\\/#website\"},\"primaryImageOfPage\":{\"@id\":\"https:\\\/\\\/www.webdo.tn\\\/fr\\\/actualite\\\/national\\\/le-centre-carter-salue-le-bon-deroulement-des-inscriptions-electorales-2\\\/365157\\\/#primaryimage\"},\"image\":{\"@id\":\"https:\\\/\\\/www.webdo.tn\\\/fr\\\/actualite\\\/national\\\/le-centre-carter-salue-le-bon-deroulement-des-inscriptions-electorales-2\\\/365157\\\/#primaryimage\"},\"thumbnailUrl\":\"https:\\\/\\\/www.webdo.tn\\\/fr\\\/wp-content\\\/uploads\\\/2011\\\/09\\\/The_Carter_Center-150x150-2.jpg\",\"datePublished\":\"2011-09-09T23:12:00+00:00\",\"description\":\"Le Centre Carter salue le bon d\u00e9roulement des inscriptions \u00e9lectorales\",\"breadcrumb\":{\"@id\":\"https:\\\/\\\/www.webdo.tn\\\/fr\\\/actualite\\\/national\\\/le-centre-carter-salue-le-bon-deroulement-des-inscriptions-electorales-2\\\/365157\\\/#breadcrumb\"},\"inLanguage\":\"fr-FR\",\"potentialAction\":[{\"@type\":\"ReadAction\",\"target\":[\"https:\\\/\\\/www.webdo.tn\\\/fr\\\/actualite\\\/national\\\/le-centre-carter-salue-le-bon-deroulement-des-inscriptions-electorales-2\\\/365157\\\/\"]}]},{\"@type\":\"ImageObject\",\"inLanguage\":\"fr-FR\",\"@id\":\"https:\\\/\\\/www.webdo.tn\\\/fr\\\/actualite\\\/national\\\/le-centre-carter-salue-le-bon-deroulement-des-inscriptions-electorales-2\\\/365157\\\/#primaryimage\",\"url\":\"https:\\\/\\\/www.webdo.tn\\\/fr\\\/wp-content\\\/uploads\\\/2011\\\/09\\\/The_Carter_Center-150x150-2.jpg\",\"contentUrl\":\"https:\\\/\\\/www.webdo.tn\\\/fr\\\/wp-content\\\/uploads\\\/2011\\\/09\\\/The_Carter_Center-150x150-2.jpg\",\"width\":150,\"height\":150,\"caption\":\"Le Centre Carter salue le bon d\u00e9roulement des inscriptions \u00e9lectorales\"},{\"@type\":\"BreadcrumbList\",\"@id\":\"https:\\\/\\\/www.webdo.tn\\\/fr\\\/actualite\\\/national\\\/le-centre-carter-salue-le-bon-deroulement-des-inscriptions-electorales-2\\\/365157\\\/#breadcrumb\",\"itemListElement\":[{\"@type\":\"ListItem\",\"position\":1,\"name\":\"Accueil\",\"item\":\"https:\\\/\\\/www.webdo.tn\\\/fr\\\/\"},{\"@type\":\"ListItem\",\"position\":2,\"name\":\"Le Centre Carter salue le bon d\u00e9roulement des inscriptions \u00e9lectorales\"}]},{\"@type\":\"WebSite\",\"@id\":\"https:\\\/\\\/www.webdo.tn\\\/fr\\\/#website\",\"url\":\"https:\\\/\\\/www.webdo.tn\\\/fr\\\/\",\"name\":\"webdo\",\"description\":\"Tunisie - News en Tunisie et \u00e0 l&#039;international sur Webdo.tn\",\"publisher\":{\"@id\":\"https:\\\/\\\/www.webdo.tn\\\/fr\\\/#organization\"},\"potentialAction\":[{\"@type\":\"SearchAction\",\"target\":{\"@type\":\"EntryPoint\",\"urlTemplate\":\"https:\\\/\\\/www.webdo.tn\\\/fr\\\/?s={search_term_string}\"},\"query-input\":{\"@type\":\"PropertyValueSpecification\",\"valueRequired\":true,\"valueName\":\"search_term_string\"}}],\"inLanguage\":\"fr-FR\"},{\"@type\":\"Organization\",\"@id\":\"https:\\\/\\\/www.webdo.tn\\\/fr\\\/#organization\",\"name\":\"Webdo\",\"alternateName\":\"Webdo.tn\",\"url\":\"https:\\\/\\\/www.webdo.tn\\\/fr\\\/\",\"logo\":{\"@type\":\"ImageObject\",\"inLanguage\":\"fr-FR\",\"@id\":\"https:\\\/\\\/www.webdo.tn\\\/fr\\\/#\\\/schema\\\/logo\\\/image\\\/\",\"url\":\"https:\\\/\\\/www.webdo.tn\\\/fr\\\/wp-content\\\/uploads\\\/2025\\\/06\\\/Webdo-Tunisie_168377.jpg\",\"contentUrl\":\"https:\\\/\\\/www.webdo.tn\\\/fr\\\/wp-content\\\/uploads\\\/2025\\\/06\\\/Webdo-Tunisie_168377.jpg\",\"width\":301,\"height\":301,\"caption\":\"Webdo\"},\"image\":{\"@id\":\"https:\\\/\\\/www.webdo.tn\\\/fr\\\/#\\\/schema\\\/logo\\\/image\\\/\"},\"sameAs\":[\"https:\\\/\\\/www.facebook.com\\\/webdotn\",\"https:\\\/\\\/x.com\\\/webdo_tn\"],\"description\":\"Webdo est un m\u00e9dia num\u00e9rique tunisien fond\u00e9 en 2010, sp\u00e9cialis\u00e9 dans l\u2019actualit\u00e9 nationale et internationale, l\u2019\u00e9conomie, la soci\u00e9t\u00e9 et les analyses politiques. Le site s\u2019adresse \u00e0 un large public francophone et couvre l\u2019information tunisienne en temps r\u00e9el.\",\"email\":\"redac@webdo.tn\",\"legalName\":\"YNJ SARL\",\"foundingDate\":\"2010-09-06\",\"numberOfEmployees\":{\"@type\":\"QuantitativeValue\",\"minValue\":\"11\",\"maxValue\":\"50\"}},{\"@type\":\"Person\",\"@id\":\"https:\\\/\\\/www.webdo.tn\\\/fr\\\/#\\\/schema\\\/person\\\/9a9c6118d687c117df8ef3cc36a4d175\",\"name\":\"webdo.tn\",\"image\":{\"@type\":\"ImageObject\",\"inLanguage\":\"fr-FR\",\"@id\":\"https:\\\/\\\/secure.gravatar.com\\\/avatar\\\/7ce1f28c0c3bbac99ff550b85ef8e44a6950c6ee24514fb6a5489e51d06f0298?s=96&d=mm&r=g\",\"url\":\"https:\\\/\\\/secure.gravatar.com\\\/avatar\\\/7ce1f28c0c3bbac99ff550b85ef8e44a6950c6ee24514fb6a5489e51d06f0298?s=96&d=mm&r=g\",\"contentUrl\":\"https:\\\/\\\/secure.gravatar.com\\\/avatar\\\/7ce1f28c0c3bbac99ff550b85ef8e44a6950c6ee24514fb6a5489e51d06f0298?s=96&d=mm&r=g\",\"caption\":\"webdo.tn\"},\"url\":\"https:\\\/\\\/www.webdo.tn\\\/fr\\\/actualite\\\/author\\\/webdotn\\\/\"}]}<\/script>\n<!-- \/ Yoast SEO Premium plugin. -->","yoast_head_json":{"title":"Le Centre Carter salue le bon d\u00e9roulement des inscriptions \u00e9lectorales","description":"Le Centre Carter salue le bon d\u00e9roulement des inscriptions \u00e9lectorales","canonical":"https:\/\/www.webdo.tn\/fr\/actualite\/national\/le-centre-carter-salue-le-bon-deroulement-des-inscriptions-electorales-2\/365157\/","og_locale":"fr_FR","og_type":"article","og_title":"Le Centre Carter salue le bon d\u00e9roulement des inscriptions \u00e9lectorales","og_description":"Le Centre Carter salue le bon d\u00e9roulement des inscriptions \u00e9lectorales","og_url":"https:\/\/www.webdo.tn\/fr\/actualite\/national\/le-centre-carter-salue-le-bon-deroulement-des-inscriptions-electorales-2\/365157\/","og_site_name":"webdo","article_publisher":"https:\/\/www.facebook.com\/webdotn","article_published_time":"2011-09-09T23:12:00+00:00","og_image":[{"width":150,"height":150,"url":"https:\/\/www.webdo.tn\/fr\/wp-content\/uploads\/2011\/09\/The_Carter_Center-150x150-2.jpg","type":"image\/jpeg"}],"author":"webdo.tn","twitter_card":"summary_large_image","twitter_creator":"@webdo_tn","twitter_site":"@webdo_tn","twitter_misc":{"\u00c9crit par":"webdo.tn","Dur\u00e9e de lecture estim\u00e9e":"1 minute"},"schema":{"@context":"https:\/\/schema.org","@graph":[{"@type":"NewsArticle","@id":"https:\/\/www.webdo.tn\/fr\/actualite\/national\/le-centre-carter-salue-le-bon-deroulement-des-inscriptions-electorales-2\/365157\/#article","isPartOf":{"@id":"https:\/\/www.webdo.tn\/fr\/actualite\/national\/le-centre-carter-salue-le-bon-deroulement-des-inscriptions-electorales-2\/365157\/"},"author":{"name":"webdo.tn","@id":"https:\/\/www.webdo.tn\/fr\/#\/schema\/person\/9a9c6118d687c117df8ef3cc36a4d175"},"headline":"Le Centre Carter salue le bon d\u00e9roulement des inscriptions \u00e9lectorales","datePublished":"2011-09-09T23:12:00+00:00","mainEntityOfPage":{"@id":"https:\/\/www.webdo.tn\/fr\/actualite\/national\/le-centre-carter-salue-le-bon-deroulement-des-inscriptions-electorales-2\/365157\/"},"wordCount":271,"commentCount":0,"publisher":{"@id":"https:\/\/www.webdo.tn\/fr\/#organization"},"image":{"@id":"https:\/\/www.webdo.tn\/fr\/actualite\/national\/le-centre-carter-salue-le-bon-deroulement-des-inscriptions-electorales-2\/365157\/#primaryimage"},"thumbnailUrl":"https:\/\/www.webdo.tn\/fr\/wp-content\/uploads\/2011\/09\/The_Carter_Center-150x150-2.jpg","articleSection":["National"],"inLanguage":"fr-FR"},{"@type":"WebPage","@id":"https:\/\/www.webdo.tn\/fr\/actualite\/national\/le-centre-carter-salue-le-bon-deroulement-des-inscriptions-electorales-2\/365157\/","url":"https:\/\/www.webdo.tn\/fr\/actualite\/national\/le-centre-carter-salue-le-bon-deroulement-des-inscriptions-electorales-2\/365157\/","name":"Le Centre Carter salue le bon d\u00e9roulement des inscriptions \u00e9lectorales","isPartOf":{"@id":"https:\/\/www.webdo.tn\/fr\/#website"},"primaryImageOfPage":{"@id":"https:\/\/www.webdo.tn\/fr\/actualite\/national\/le-centre-carter-salue-le-bon-deroulement-des-inscriptions-electorales-2\/365157\/#primaryimage"},"image":{"@id":"https:\/\/www.webdo.tn\/fr\/actualite\/national\/le-centre-carter-salue-le-bon-deroulement-des-inscriptions-electorales-2\/365157\/#primaryimage"},"thumbnailUrl":"https:\/\/www.webdo.tn\/fr\/wp-content\/uploads\/2011\/09\/The_Carter_Center-150x150-2.jpg","datePublished":"2011-09-09T23:12:00+00:00","description":"Le Centre Carter salue le bon d\u00e9roulement des inscriptions \u00e9lectorales","breadcrumb":{"@id":"https:\/\/www.webdo.tn\/fr\/actualite\/national\/le-centre-carter-salue-le-bon-deroulement-des-inscriptions-electorales-2\/365157\/#breadcrumb"},"inLanguage":"fr-FR","potentialAction":[{"@type":"ReadAction","target":["https:\/\/www.webdo.tn\/fr\/actualite\/national\/le-centre-carter-salue-le-bon-deroulement-des-inscriptions-electorales-2\/365157\/"]}]},{"@type":"ImageObject","inLanguage":"fr-FR","@id":"https:\/\/www.webdo.tn\/fr\/actualite\/national\/le-centre-carter-salue-le-bon-deroulement-des-inscriptions-electorales-2\/365157\/#primaryimage","url":"https:\/\/www.webdo.tn\/fr\/wp-content\/uploads\/2011\/09\/The_Carter_Center-150x150-2.jpg","contentUrl":"https:\/\/www.webdo.tn\/fr\/wp-content\/uploads\/2011\/09\/The_Carter_Center-150x150-2.jpg","width":150,"height":150,"caption":"Le Centre Carter salue le bon d\u00e9roulement des inscriptions \u00e9lectorales"},{"@type":"BreadcrumbList","@id":"https:\/\/www.webdo.tn\/fr\/actualite\/national\/le-centre-carter-salue-le-bon-deroulement-des-inscriptions-electorales-2\/365157\/#breadcrumb","itemListElement":[{"@type":"ListItem","position":1,"name":"Accueil","item":"https:\/\/www.webdo.tn\/fr\/"},{"@type":"ListItem","position":2,"name":"Le Centre Carter salue le bon d\u00e9roulement des inscriptions \u00e9lectorales"}]},{"@type":"WebSite","@id":"https:\/\/www.webdo.tn\/fr\/#website","url":"https:\/\/www.webdo.tn\/fr\/","name":"webdo","description":"Tunisie - News en Tunisie et \u00e0 l&#039;international sur Webdo.tn","publisher":{"@id":"https:\/\/www.webdo.tn\/fr\/#organization"},"potentialAction":[{"@type":"SearchAction","target":{"@type":"EntryPoint","urlTemplate":"https:\/\/www.webdo.tn\/fr\/?s={search_term_string}"},"query-input":{"@type":"PropertyValueSpecification","valueRequired":true,"valueName":"search_term_string"}}],"inLanguage":"fr-FR"},{"@type":"Organization","@id":"https:\/\/www.webdo.tn\/fr\/#organization","name":"Webdo","alternateName":"Webdo.tn","url":"https:\/\/www.webdo.tn\/fr\/","logo":{"@type":"ImageObject","inLanguage":"fr-FR","@id":"https:\/\/www.webdo.tn\/fr\/#\/schema\/logo\/image\/","url":"https:\/\/www.webdo.tn\/fr\/wp-content\/uploads\/2025\/06\/Webdo-Tunisie_168377.jpg","contentUrl":"https:\/\/www.webdo.tn\/fr\/wp-content\/uploads\/2025\/06\/Webdo-Tunisie_168377.jpg","width":301,"height":301,"caption":"Webdo"},"image":{"@id":"https:\/\/www.webdo.tn\/fr\/#\/schema\/logo\/image\/"},"sameAs":["https:\/\/www.facebook.com\/webdotn","https:\/\/x.com\/webdo_tn"],"description":"Webdo est un m\u00e9dia num\u00e9rique tunisien fond\u00e9 en 2010, sp\u00e9cialis\u00e9 dans l\u2019actualit\u00e9 nationale et internationale, l\u2019\u00e9conomie, la soci\u00e9t\u00e9 et les analyses politiques. Le site s\u2019adresse \u00e0 un large public francophone et couvre l\u2019information tunisienne en temps r\u00e9el.","email":"redac@webdo.tn","legalName":"YNJ SARL","foundingDate":"2010-09-06","numberOfEmployees":{"@type":"QuantitativeValue","minValue":"11","maxValue":"50"}},{"@type":"Person","@id":"https:\/\/www.webdo.tn\/fr\/#\/schema\/person\/9a9c6118d687c117df8ef3cc36a4d175","name":"webdo.tn","image":{"@type":"ImageObject","inLanguage":"fr-FR","@id":"https:\/\/secure.gravatar.com\/avatar\/7ce1f28c0c3bbac99ff550b85ef8e44a6950c6ee24514fb6a5489e51d06f0298?s=96&d=mm&r=g","url":"https:\/\/secure.gravatar.com\/avatar\/7ce1f28c0c3bbac99ff550b85ef8e44a6950c6ee24514fb6a5489e51d06f0298?s=96&d=mm&r=g","contentUrl":"https:\/\/secure.gravatar.com\/avatar\/7ce1f28c0c3bbac99ff550b85ef8e44a6950c6ee24514fb6a5489e51d06f0298?s=96&d=mm&r=g","caption":"webdo.tn"},"url":"https:\/\/www.webdo.tn\/fr\/actualite\/author\/webdotn\/"}]}},"_links":{"self":[{"href":"https:\/\/www.webdo.tn\/fr\/wp-json\/wp\/v2\/posts\/365157","targetHints":{"allow":["GET"]}}],"collection":[{"href":"https:\/\/www.webdo.tn\/fr\/wp-json\/wp\/v2\/posts"}],"about":[{"href":"https:\/\/www.webdo.tn\/fr\/wp-json\/wp\/v2\/types\/post"}],"author":[{"embeddable":true,"href":"https:\/\/www.webdo.tn\/fr\/wp-json\/wp\/v2\/users\/3222"}],"replies":[{"embeddable":true,"href":"https:\/\/www.webdo.tn\/fr\/wp-json\/wp\/v2\/comments?post=365157"}],"version-history":[{"count":0,"href":"https:\/\/www.webdo.tn\/fr\/wp-json\/wp\/v2\/posts\/365157\/revisions"}],"wp:featuredmedia":[{"embeddable":true,"href":"https:\/\/www.webdo.tn\/fr\/wp-json\/wp\/v2\/media\/365159"}],"wp:attachment":[{"href":"https:\/\/www.webdo.tn\/fr\/wp-json\/wp\/v2\/media?parent=365157"}],"wp:term":[{"taxonomy":"category","embeddable":true,"href":"https:\/\/www.webdo.tn\/fr\/wp-json\/wp\/v2\/categories?post=365157"},{"taxonomy":"post_tag","embeddable":true,"href":"https:\/\/www.webdo.tn\/fr\/wp-json\/wp\/v2\/tags?post=365157"}],"curies":[{"name":"wp","href":"https:\/\/api.w.org\/{rel}","templated":true}]}}