{"id":365154,"date":"2011-09-08T17:33:00","date_gmt":"2011-09-08T17:33:00","guid":{"rendered":"https:\/\/www.webdo.tn\/fr\/actualite\/blog\/isie-amendes-penalites-annulation-des-resultats-si-le-12-septembre-n-est-pas-respecte-2\/365154\/"},"modified":"2011-09-08T17:33:00","modified_gmt":"2011-09-08T17:33:00","slug":"isie-amendes-penalites-annulation-des-resultats-si-le-12-septembre-n-est-pas-respecte-2","status":"publish","type":"post","link":"https:\/\/www.webdo.tn\/fr\/actualite\/national\/isie-amendes-penalites-annulation-des-resultats-si-le-12-septembre-n-est-pas-respecte-2\/365154\/","title":{"rendered":"ISIE: amendes, p\u00e9nalit\u00e9s, annulation des r\u00e9sultats, si le 12 septembre n\u2019est pas respect\u00e9 !"},"content":{"rendered":"<p>La d\u00e9cision prise par l\u2019Instance sup\u00e9rieure ind\u00e9pendante des \u00c9lections (ISIE) d\u2019annuler toute publicit\u00e9 concernant la campagne \u00e9lectorale \u00e0 partir du 12 septembre 2011 est \u00e0 l\u2019origine de la pol\u00e9mique qu\u2019alimentent actuellement des agences publicitaires ainsi que des partis politiques, en passe de rassembler de nouveaux adh\u00e9rents.<\/p>\n<p>Les agences et les partis concern\u00e9s par cette publicit\u00e9 semblent ne pas \u00eatre convaincus par l\u2019\u00e9ch\u00e9ance en question, et de ce fait, ils ne semblent pas assimiler cette date. D\u2019o\u00f9 la possibilit\u00e9 de les voir continuer \u00e0 faire des spots publicitaires jusqu\u2019au 12 septembre, esp\u00e9rant ainsi diff\u00e9rer la date-butoir.<\/p>\n<p>Un bras de fer et une \u00e9preuve de force sont en train de caract\u00e9riser le rapport entre les partis politiques et les bo\u00eetes de pub, pour qui la publicit\u00e9 politique est une mine d\u2019or apr\u00e8s une p\u00e9riode de veille, d\u2019un c\u00f4t\u00e9, et l\u2019ISIE de l\u2019autre.<\/p>\n<p>Contact\u00e9 \u00e0 ce sujet, Me Sami Ben Slama, charg\u00e9 des affaires juridiques et des relations g\u00e9n\u00e9rales au sein de l\u2019ISIE, a laiss\u00e9 entendre que plusieurs partis n\u2019ont pas encore compris, \u00e0 ce qu\u2019il semble, ni l\u2019int\u00e9r\u00eat de ladite d\u00e9cision ni les cons\u00e9quences que peut engendre sa non-application.<\/p>\n<p>Tout en rappelant l\u2019int\u00e9r\u00eat de l\u2019interdiction de toute publicit\u00e9 politique \u00e0 partir de la date susmentionn\u00e9e, il nous a d\u00e9clar\u00e9 que d\u2019ici deux jours appara\u00eetront, dans le JORT, les r\u00e8gles et les proc\u00e9dures justifiant ladite d\u00e9cision. Cette derni\u00e8re a \u00e9t\u00e9 prise conform\u00e9ment aux articles 44, 45 et 46 du d\u00e9cret-loi relatif \u00e0 l\u2019\u00e9lection de la Constituante. Ces articles stipulent, entre autres, que si l\u2019ISIE veille \u00e0 la suppression de tous les obstacles, contraires au principe de la libert\u00e9 d\u2019acc\u00e8s aux moyens d\u2019information et sur la base de la non-discrimination entre toutes les listes candidates, elle g\u00e8re la dur\u00e9e des \u00e9missions, des programmes publicitaires, leurs r\u00e9partitions et leurs horaires de diffusion dans les diff\u00e9rents m\u00e9dias, et ce, sur la base du respect des principes de pluralisme, de transparence d\u2019\u00e9galit\u00e9 et d\u2019\u00e9galit\u00e9 des chances.<\/p>\n<p>Par ailleurs, l\u2019article 79 du m\u00eame d\u00e9cret-loi fait mention qu\u2019en cas de violation des articles 44, 45 et 46, l\u2019ISIE transmet le dossier au minist\u00e8re public territorialement comp\u00e9tent afin de sommer le contrevenant de cesser imm\u00e9diatement les infractions dont il est coupable. Faute de quoi, il est passible d\u2019une amende variant entre 1000 et 5000 dinars.<\/p>\n<p>Outre les amendes, le support m\u00e9dia n\u2019ayant pas respect\u00e9 l\u2019annulation est appel\u00e9 \u00e0 publier la p\u00e9nalit\u00e9 dans les m\u00eames espaces (pages ou rubriques ayant \u00e9t\u00e9 r\u00e9serv\u00e9s pour la publicit\u00e9 du parti). Au cas o\u00f9 le support r\u00e9cidiverait, il se verra interdire la carte de presse sp\u00e9cialement \u00e9mise par l&rsquo;Isie pour couvrir toute campagne \u00e9lectorale.<\/p>\n<p>Concernant le risque de publicit\u00e9 indirecte, \u00e0 travers des articles de presse \u00e9logieux envers des partis pouvant \u00eatre consid\u00e9r\u00e9s comme des publireportages, selon Me Sami Ben Slama, une commission sera charg\u00e9e de faire attention \u00e0 tout article de presse concernant les partis et d&rsquo;en faire mention r\u00e9guli\u00e8rement.<\/p>\n<p>Il est \u00e0 rappeler que lors de la proclamation des  r\u00e9sultats, \u00ab\u00a0l\u2019ISIE v\u00e9rifiera si les partis vainqueurs ont respect\u00e9 les  dispositions relatives au financement de la campagne \u00e9lectorale et peut d\u00e9cider,  selon l&rsquo;article 70, d\u2019annuler les r\u00e9sultats des vainqueurs qui n&rsquo;ont pas  respect\u00e9 lesdites dispositions. Dans une telle hypoth\u00e8se, les r\u00e9sultats seront  recalcul\u00e9s sans prendre en compte la liste dont les r\u00e9sultats ont \u00e9t\u00e9  annul\u00e9s\u00a0\u00bb.<\/p>\n","protected":false},"excerpt":{"rendered":"<p>ISIE: amendes, p\u00e9nalit\u00e9s, annulation des r\u00e9sultats, si le 12 septembre n\u2019est pas respect\u00e9 ! <\/p>\n","protected":false},"author":3222,"featured_media":365156,"comment_status":"open","ping_status":"closed","sticky":false,"template":"","format":"standard","meta":{"footnotes":""},"categories":[44],"tags":[],"class_list":["post-365154","post","type-post","status-publish","format-standard","has-post-thumbnail","hentry","category-national"],"yoast_head":"<!-- This site is optimized with the Yoast SEO Premium plugin v27.4 (Yoast SEO v27.5) - https:\/\/yoast.com\/product\/yoast-seo-premium-wordpress\/ -->\n<title>ISIE: amendes, p\u00e9nalit\u00e9s, annulation des r\u00e9sultats, si le 12 septembre n\u2019est pas respect\u00e9 !<\/title>\n<meta name=\"description\" content=\"ISIE: amendes, p\u00e9nalit\u00e9s, annulation des r\u00e9sultats, si le 12 septembre n\u2019est pas respect\u00e9 !\" \/>\n<link rel=\"canonical\" href=\"https:\/\/www.webdo.tn\/fr\/actualite\/national\/isie-amendes-penalites-annulation-des-resultats-si-le-12-septembre-n-est-pas-respecte-2\/365154\/\" \/>\n<meta property=\"og:locale\" content=\"fr_FR\" \/>\n<meta property=\"og:type\" content=\"article\" \/>\n<meta property=\"og:title\" content=\"ISIE: amendes, p\u00e9nalit\u00e9s, annulation des r\u00e9sultats, si le 12 septembre n\u2019est pas respect\u00e9 !\" \/>\n<meta property=\"og:description\" content=\"ISIE: amendes, p\u00e9nalit\u00e9s, annulation des r\u00e9sultats, si le 12 septembre n\u2019est pas respect\u00e9 !\" \/>\n<meta property=\"og:url\" content=\"https:\/\/www.webdo.tn\/fr\/actualite\/national\/isie-amendes-penalites-annulation-des-resultats-si-le-12-septembre-n-est-pas-respecte-2\/365154\/\" \/>\n<meta property=\"og:site_name\" content=\"webdo\" \/>\n<meta property=\"article:publisher\" content=\"https:\/\/www.facebook.com\/webdotn\" \/>\n<meta property=\"article:published_time\" content=\"2011-09-08T17:33:00+00:00\" \/>\n<meta property=\"og:image\" content=\"https:\/\/www.webdo.tn\/fr\/wp-content\/uploads\/2011\/09\/Isie-2.png\" \/>\n\t<meta property=\"og:image:width\" content=\"259\" \/>\n\t<meta property=\"og:image:height\" content=\"175\" \/>\n\t<meta property=\"og:image:type\" content=\"image\/png\" \/>\n<meta name=\"author\" content=\"webdo.tn\" \/>\n<meta name=\"twitter:card\" content=\"summary_large_image\" \/>\n<meta name=\"twitter:creator\" content=\"@webdo_tn\" \/>\n<meta name=\"twitter:site\" content=\"@webdo_tn\" \/>\n<meta name=\"twitter:label1\" content=\"\u00c9crit par\" \/>\n\t<meta name=\"twitter:data1\" content=\"webdo.tn\" \/>\n\t<meta name=\"twitter:label2\" content=\"Dur\u00e9e de lecture estim\u00e9e\" \/>\n\t<meta name=\"twitter:data2\" content=\"3 minutes\" \/>\n<script type=\"application\/ld+json\" class=\"yoast-schema-graph\">{\"@context\":\"https:\\\/\\\/schema.org\",\"@graph\":[{\"@type\":\"NewsArticle\",\"@id\":\"https:\\\/\\\/www.webdo.tn\\\/fr\\\/actualite\\\/national\\\/isie-amendes-penalites-annulation-des-resultats-si-le-12-septembre-n-est-pas-respecte-2\\\/365154\\\/#article\",\"isPartOf\":{\"@id\":\"https:\\\/\\\/www.webdo.tn\\\/fr\\\/actualite\\\/national\\\/isie-amendes-penalites-annulation-des-resultats-si-le-12-septembre-n-est-pas-respecte-2\\\/365154\\\/\"},\"author\":{\"name\":\"webdo.tn\",\"@id\":\"https:\\\/\\\/www.webdo.tn\\\/fr\\\/#\\\/schema\\\/person\\\/9a9c6118d687c117df8ef3cc36a4d175\"},\"headline\":\"ISIE: amendes, p\u00e9nalit\u00e9s, annulation des r\u00e9sultats, si le 12 septembre n\u2019est pas respect\u00e9 !\",\"datePublished\":\"2011-09-08T17:33:00+00:00\",\"mainEntityOfPage\":{\"@id\":\"https:\\\/\\\/www.webdo.tn\\\/fr\\\/actualite\\\/national\\\/isie-amendes-penalites-annulation-des-resultats-si-le-12-septembre-n-est-pas-respecte-2\\\/365154\\\/\"},\"wordCount\":631,\"commentCount\":0,\"publisher\":{\"@id\":\"https:\\\/\\\/www.webdo.tn\\\/fr\\\/#organization\"},\"image\":{\"@id\":\"https:\\\/\\\/www.webdo.tn\\\/fr\\\/actualite\\\/national\\\/isie-amendes-penalites-annulation-des-resultats-si-le-12-septembre-n-est-pas-respecte-2\\\/365154\\\/#primaryimage\"},\"thumbnailUrl\":\"https:\\\/\\\/www.webdo.tn\\\/fr\\\/wp-content\\\/uploads\\\/2011\\\/09\\\/Isie-2.png\",\"articleSection\":[\"National\"],\"inLanguage\":\"fr-FR\"},{\"@type\":\"WebPage\",\"@id\":\"https:\\\/\\\/www.webdo.tn\\\/fr\\\/actualite\\\/national\\\/isie-amendes-penalites-annulation-des-resultats-si-le-12-septembre-n-est-pas-respecte-2\\\/365154\\\/\",\"url\":\"https:\\\/\\\/www.webdo.tn\\\/fr\\\/actualite\\\/national\\\/isie-amendes-penalites-annulation-des-resultats-si-le-12-septembre-n-est-pas-respecte-2\\\/365154\\\/\",\"name\":\"ISIE: amendes, p\u00e9nalit\u00e9s, annulation des r\u00e9sultats, si le 12 septembre n\u2019est pas respect\u00e9 !\",\"isPartOf\":{\"@id\":\"https:\\\/\\\/www.webdo.tn\\\/fr\\\/#website\"},\"primaryImageOfPage\":{\"@id\":\"https:\\\/\\\/www.webdo.tn\\\/fr\\\/actualite\\\/national\\\/isie-amendes-penalites-annulation-des-resultats-si-le-12-septembre-n-est-pas-respecte-2\\\/365154\\\/#primaryimage\"},\"image\":{\"@id\":\"https:\\\/\\\/www.webdo.tn\\\/fr\\\/actualite\\\/national\\\/isie-amendes-penalites-annulation-des-resultats-si-le-12-septembre-n-est-pas-respecte-2\\\/365154\\\/#primaryimage\"},\"thumbnailUrl\":\"https:\\\/\\\/www.webdo.tn\\\/fr\\\/wp-content\\\/uploads\\\/2011\\\/09\\\/Isie-2.png\",\"datePublished\":\"2011-09-08T17:33:00+00:00\",\"description\":\"ISIE: amendes, p\u00e9nalit\u00e9s, annulation des r\u00e9sultats, si le 12 septembre n\u2019est pas respect\u00e9 !\",\"breadcrumb\":{\"@id\":\"https:\\\/\\\/www.webdo.tn\\\/fr\\\/actualite\\\/national\\\/isie-amendes-penalites-annulation-des-resultats-si-le-12-septembre-n-est-pas-respecte-2\\\/365154\\\/#breadcrumb\"},\"inLanguage\":\"fr-FR\",\"potentialAction\":[{\"@type\":\"ReadAction\",\"target\":[\"https:\\\/\\\/www.webdo.tn\\\/fr\\\/actualite\\\/national\\\/isie-amendes-penalites-annulation-des-resultats-si-le-12-septembre-n-est-pas-respecte-2\\\/365154\\\/\"]}]},{\"@type\":\"ImageObject\",\"inLanguage\":\"fr-FR\",\"@id\":\"https:\\\/\\\/www.webdo.tn\\\/fr\\\/actualite\\\/national\\\/isie-amendes-penalites-annulation-des-resultats-si-le-12-septembre-n-est-pas-respecte-2\\\/365154\\\/#primaryimage\",\"url\":\"https:\\\/\\\/www.webdo.tn\\\/fr\\\/wp-content\\\/uploads\\\/2011\\\/09\\\/Isie-2.png\",\"contentUrl\":\"https:\\\/\\\/www.webdo.tn\\\/fr\\\/wp-content\\\/uploads\\\/2011\\\/09\\\/Isie-2.png\",\"width\":259,\"height\":175,\"caption\":\"ISIE: amendes, p\u00e9nalit\u00e9s, annulation des r\u00e9sultats, si le 12 septembre n\u2019est pas respect\u00e9 !\"},{\"@type\":\"BreadcrumbList\",\"@id\":\"https:\\\/\\\/www.webdo.tn\\\/fr\\\/actualite\\\/national\\\/isie-amendes-penalites-annulation-des-resultats-si-le-12-septembre-n-est-pas-respecte-2\\\/365154\\\/#breadcrumb\",\"itemListElement\":[{\"@type\":\"ListItem\",\"position\":1,\"name\":\"Accueil\",\"item\":\"https:\\\/\\\/www.webdo.tn\\\/fr\\\/\"},{\"@type\":\"ListItem\",\"position\":2,\"name\":\"ISIE: amendes, p\u00e9nalit\u00e9s, annulation des r\u00e9sultats, si le 12 septembre n\u2019est pas respect\u00e9 !\"}]},{\"@type\":\"WebSite\",\"@id\":\"https:\\\/\\\/www.webdo.tn\\\/fr\\\/#website\",\"url\":\"https:\\\/\\\/www.webdo.tn\\\/fr\\\/\",\"name\":\"webdo\",\"description\":\"Tunisie - News en Tunisie et \u00e0 l&#039;international sur Webdo.tn\",\"publisher\":{\"@id\":\"https:\\\/\\\/www.webdo.tn\\\/fr\\\/#organization\"},\"potentialAction\":[{\"@type\":\"SearchAction\",\"target\":{\"@type\":\"EntryPoint\",\"urlTemplate\":\"https:\\\/\\\/www.webdo.tn\\\/fr\\\/?s={search_term_string}\"},\"query-input\":{\"@type\":\"PropertyValueSpecification\",\"valueRequired\":true,\"valueName\":\"search_term_string\"}}],\"inLanguage\":\"fr-FR\"},{\"@type\":\"Organization\",\"@id\":\"https:\\\/\\\/www.webdo.tn\\\/fr\\\/#organization\",\"name\":\"Webdo\",\"alternateName\":\"Webdo.tn\",\"url\":\"https:\\\/\\\/www.webdo.tn\\\/fr\\\/\",\"logo\":{\"@type\":\"ImageObject\",\"inLanguage\":\"fr-FR\",\"@id\":\"https:\\\/\\\/www.webdo.tn\\\/fr\\\/#\\\/schema\\\/logo\\\/image\\\/\",\"url\":\"https:\\\/\\\/www.webdo.tn\\\/fr\\\/wp-content\\\/uploads\\\/2025\\\/06\\\/Webdo-Tunisie_168377.jpg\",\"contentUrl\":\"https:\\\/\\\/www.webdo.tn\\\/fr\\\/wp-content\\\/uploads\\\/2025\\\/06\\\/Webdo-Tunisie_168377.jpg\",\"width\":301,\"height\":301,\"caption\":\"Webdo\"},\"image\":{\"@id\":\"https:\\\/\\\/www.webdo.tn\\\/fr\\\/#\\\/schema\\\/logo\\\/image\\\/\"},\"sameAs\":[\"https:\\\/\\\/www.facebook.com\\\/webdotn\",\"https:\\\/\\\/x.com\\\/webdo_tn\"],\"description\":\"Webdo est un m\u00e9dia num\u00e9rique tunisien fond\u00e9 en 2010, sp\u00e9cialis\u00e9 dans l\u2019actualit\u00e9 nationale et internationale, l\u2019\u00e9conomie, la soci\u00e9t\u00e9 et les analyses politiques. Le site s\u2019adresse \u00e0 un large public francophone et couvre l\u2019information tunisienne en temps r\u00e9el.\",\"email\":\"redac@webdo.tn\",\"legalName\":\"YNJ SARL\",\"foundingDate\":\"2010-09-06\",\"numberOfEmployees\":{\"@type\":\"QuantitativeValue\",\"minValue\":\"11\",\"maxValue\":\"50\"}},{\"@type\":\"Person\",\"@id\":\"https:\\\/\\\/www.webdo.tn\\\/fr\\\/#\\\/schema\\\/person\\\/9a9c6118d687c117df8ef3cc36a4d175\",\"name\":\"webdo.tn\",\"image\":{\"@type\":\"ImageObject\",\"inLanguage\":\"fr-FR\",\"@id\":\"https:\\\/\\\/secure.gravatar.com\\\/avatar\\\/7ce1f28c0c3bbac99ff550b85ef8e44a6950c6ee24514fb6a5489e51d06f0298?s=96&d=mm&r=g\",\"url\":\"https:\\\/\\\/secure.gravatar.com\\\/avatar\\\/7ce1f28c0c3bbac99ff550b85ef8e44a6950c6ee24514fb6a5489e51d06f0298?s=96&d=mm&r=g\",\"contentUrl\":\"https:\\\/\\\/secure.gravatar.com\\\/avatar\\\/7ce1f28c0c3bbac99ff550b85ef8e44a6950c6ee24514fb6a5489e51d06f0298?s=96&d=mm&r=g\",\"caption\":\"webdo.tn\"},\"url\":\"https:\\\/\\\/www.webdo.tn\\\/fr\\\/actualite\\\/author\\\/webdotn\\\/\"}]}<\/script>\n<!-- \/ Yoast SEO Premium plugin. -->","yoast_head_json":{"title":"ISIE: amendes, p\u00e9nalit\u00e9s, annulation des r\u00e9sultats, si le 12 septembre n\u2019est pas respect\u00e9 !","description":"ISIE: amendes, p\u00e9nalit\u00e9s, annulation des r\u00e9sultats, si le 12 septembre n\u2019est pas respect\u00e9 !","canonical":"https:\/\/www.webdo.tn\/fr\/actualite\/national\/isie-amendes-penalites-annulation-des-resultats-si-le-12-septembre-n-est-pas-respecte-2\/365154\/","og_locale":"fr_FR","og_type":"article","og_title":"ISIE: amendes, p\u00e9nalit\u00e9s, annulation des r\u00e9sultats, si le 12 septembre n\u2019est pas respect\u00e9 !","og_description":"ISIE: amendes, p\u00e9nalit\u00e9s, annulation des r\u00e9sultats, si le 12 septembre n\u2019est pas respect\u00e9 !","og_url":"https:\/\/www.webdo.tn\/fr\/actualite\/national\/isie-amendes-penalites-annulation-des-resultats-si-le-12-septembre-n-est-pas-respecte-2\/365154\/","og_site_name":"webdo","article_publisher":"https:\/\/www.facebook.com\/webdotn","article_published_time":"2011-09-08T17:33:00+00:00","og_image":[{"width":259,"height":175,"url":"https:\/\/www.webdo.tn\/fr\/wp-content\/uploads\/2011\/09\/Isie-2.png","type":"image\/png"}],"author":"webdo.tn","twitter_card":"summary_large_image","twitter_creator":"@webdo_tn","twitter_site":"@webdo_tn","twitter_misc":{"\u00c9crit par":"webdo.tn","Dur\u00e9e de lecture estim\u00e9e":"3 minutes"},"schema":{"@context":"https:\/\/schema.org","@graph":[{"@type":"NewsArticle","@id":"https:\/\/www.webdo.tn\/fr\/actualite\/national\/isie-amendes-penalites-annulation-des-resultats-si-le-12-septembre-n-est-pas-respecte-2\/365154\/#article","isPartOf":{"@id":"https:\/\/www.webdo.tn\/fr\/actualite\/national\/isie-amendes-penalites-annulation-des-resultats-si-le-12-septembre-n-est-pas-respecte-2\/365154\/"},"author":{"name":"webdo.tn","@id":"https:\/\/www.webdo.tn\/fr\/#\/schema\/person\/9a9c6118d687c117df8ef3cc36a4d175"},"headline":"ISIE: amendes, p\u00e9nalit\u00e9s, annulation des r\u00e9sultats, si le 12 septembre n\u2019est pas respect\u00e9 !","datePublished":"2011-09-08T17:33:00+00:00","mainEntityOfPage":{"@id":"https:\/\/www.webdo.tn\/fr\/actualite\/national\/isie-amendes-penalites-annulation-des-resultats-si-le-12-septembre-n-est-pas-respecte-2\/365154\/"},"wordCount":631,"commentCount":0,"publisher":{"@id":"https:\/\/www.webdo.tn\/fr\/#organization"},"image":{"@id":"https:\/\/www.webdo.tn\/fr\/actualite\/national\/isie-amendes-penalites-annulation-des-resultats-si-le-12-septembre-n-est-pas-respecte-2\/365154\/#primaryimage"},"thumbnailUrl":"https:\/\/www.webdo.tn\/fr\/wp-content\/uploads\/2011\/09\/Isie-2.png","articleSection":["National"],"inLanguage":"fr-FR"},{"@type":"WebPage","@id":"https:\/\/www.webdo.tn\/fr\/actualite\/national\/isie-amendes-penalites-annulation-des-resultats-si-le-12-septembre-n-est-pas-respecte-2\/365154\/","url":"https:\/\/www.webdo.tn\/fr\/actualite\/national\/isie-amendes-penalites-annulation-des-resultats-si-le-12-septembre-n-est-pas-respecte-2\/365154\/","name":"ISIE: amendes, p\u00e9nalit\u00e9s, annulation des r\u00e9sultats, si le 12 septembre n\u2019est pas respect\u00e9 !","isPartOf":{"@id":"https:\/\/www.webdo.tn\/fr\/#website"},"primaryImageOfPage":{"@id":"https:\/\/www.webdo.tn\/fr\/actualite\/national\/isie-amendes-penalites-annulation-des-resultats-si-le-12-septembre-n-est-pas-respecte-2\/365154\/#primaryimage"},"image":{"@id":"https:\/\/www.webdo.tn\/fr\/actualite\/national\/isie-amendes-penalites-annulation-des-resultats-si-le-12-septembre-n-est-pas-respecte-2\/365154\/#primaryimage"},"thumbnailUrl":"https:\/\/www.webdo.tn\/fr\/wp-content\/uploads\/2011\/09\/Isie-2.png","datePublished":"2011-09-08T17:33:00+00:00","description":"ISIE: amendes, p\u00e9nalit\u00e9s, annulation des r\u00e9sultats, si le 12 septembre n\u2019est pas respect\u00e9 !","breadcrumb":{"@id":"https:\/\/www.webdo.tn\/fr\/actualite\/national\/isie-amendes-penalites-annulation-des-resultats-si-le-12-septembre-n-est-pas-respecte-2\/365154\/#breadcrumb"},"inLanguage":"fr-FR","potentialAction":[{"@type":"ReadAction","target":["https:\/\/www.webdo.tn\/fr\/actualite\/national\/isie-amendes-penalites-annulation-des-resultats-si-le-12-septembre-n-est-pas-respecte-2\/365154\/"]}]},{"@type":"ImageObject","inLanguage":"fr-FR","@id":"https:\/\/www.webdo.tn\/fr\/actualite\/national\/isie-amendes-penalites-annulation-des-resultats-si-le-12-septembre-n-est-pas-respecte-2\/365154\/#primaryimage","url":"https:\/\/www.webdo.tn\/fr\/wp-content\/uploads\/2011\/09\/Isie-2.png","contentUrl":"https:\/\/www.webdo.tn\/fr\/wp-content\/uploads\/2011\/09\/Isie-2.png","width":259,"height":175,"caption":"ISIE: amendes, p\u00e9nalit\u00e9s, annulation des r\u00e9sultats, si le 12 septembre n\u2019est pas respect\u00e9 !"},{"@type":"BreadcrumbList","@id":"https:\/\/www.webdo.tn\/fr\/actualite\/national\/isie-amendes-penalites-annulation-des-resultats-si-le-12-septembre-n-est-pas-respecte-2\/365154\/#breadcrumb","itemListElement":[{"@type":"ListItem","position":1,"name":"Accueil","item":"https:\/\/www.webdo.tn\/fr\/"},{"@type":"ListItem","position":2,"name":"ISIE: amendes, p\u00e9nalit\u00e9s, annulation des r\u00e9sultats, si le 12 septembre n\u2019est pas respect\u00e9 !"}]},{"@type":"WebSite","@id":"https:\/\/www.webdo.tn\/fr\/#website","url":"https:\/\/www.webdo.tn\/fr\/","name":"webdo","description":"Tunisie - News en Tunisie et \u00e0 l&#039;international sur Webdo.tn","publisher":{"@id":"https:\/\/www.webdo.tn\/fr\/#organization"},"potentialAction":[{"@type":"SearchAction","target":{"@type":"EntryPoint","urlTemplate":"https:\/\/www.webdo.tn\/fr\/?s={search_term_string}"},"query-input":{"@type":"PropertyValueSpecification","valueRequired":true,"valueName":"search_term_string"}}],"inLanguage":"fr-FR"},{"@type":"Organization","@id":"https:\/\/www.webdo.tn\/fr\/#organization","name":"Webdo","alternateName":"Webdo.tn","url":"https:\/\/www.webdo.tn\/fr\/","logo":{"@type":"ImageObject","inLanguage":"fr-FR","@id":"https:\/\/www.webdo.tn\/fr\/#\/schema\/logo\/image\/","url":"https:\/\/www.webdo.tn\/fr\/wp-content\/uploads\/2025\/06\/Webdo-Tunisie_168377.jpg","contentUrl":"https:\/\/www.webdo.tn\/fr\/wp-content\/uploads\/2025\/06\/Webdo-Tunisie_168377.jpg","width":301,"height":301,"caption":"Webdo"},"image":{"@id":"https:\/\/www.webdo.tn\/fr\/#\/schema\/logo\/image\/"},"sameAs":["https:\/\/www.facebook.com\/webdotn","https:\/\/x.com\/webdo_tn"],"description":"Webdo est un m\u00e9dia num\u00e9rique tunisien fond\u00e9 en 2010, sp\u00e9cialis\u00e9 dans l\u2019actualit\u00e9 nationale et internationale, l\u2019\u00e9conomie, la soci\u00e9t\u00e9 et les analyses politiques. Le site s\u2019adresse \u00e0 un large public francophone et couvre l\u2019information tunisienne en temps r\u00e9el.","email":"redac@webdo.tn","legalName":"YNJ SARL","foundingDate":"2010-09-06","numberOfEmployees":{"@type":"QuantitativeValue","minValue":"11","maxValue":"50"}},{"@type":"Person","@id":"https:\/\/www.webdo.tn\/fr\/#\/schema\/person\/9a9c6118d687c117df8ef3cc36a4d175","name":"webdo.tn","image":{"@type":"ImageObject","inLanguage":"fr-FR","@id":"https:\/\/secure.gravatar.com\/avatar\/7ce1f28c0c3bbac99ff550b85ef8e44a6950c6ee24514fb6a5489e51d06f0298?s=96&d=mm&r=g","url":"https:\/\/secure.gravatar.com\/avatar\/7ce1f28c0c3bbac99ff550b85ef8e44a6950c6ee24514fb6a5489e51d06f0298?s=96&d=mm&r=g","contentUrl":"https:\/\/secure.gravatar.com\/avatar\/7ce1f28c0c3bbac99ff550b85ef8e44a6950c6ee24514fb6a5489e51d06f0298?s=96&d=mm&r=g","caption":"webdo.tn"},"url":"https:\/\/www.webdo.tn\/fr\/actualite\/author\/webdotn\/"}]}},"_links":{"self":[{"href":"https:\/\/www.webdo.tn\/fr\/wp-json\/wp\/v2\/posts\/365154","targetHints":{"allow":["GET"]}}],"collection":[{"href":"https:\/\/www.webdo.tn\/fr\/wp-json\/wp\/v2\/posts"}],"about":[{"href":"https:\/\/www.webdo.tn\/fr\/wp-json\/wp\/v2\/types\/post"}],"author":[{"embeddable":true,"href":"https:\/\/www.webdo.tn\/fr\/wp-json\/wp\/v2\/users\/3222"}],"replies":[{"embeddable":true,"href":"https:\/\/www.webdo.tn\/fr\/wp-json\/wp\/v2\/comments?post=365154"}],"version-history":[{"count":0,"href":"https:\/\/www.webdo.tn\/fr\/wp-json\/wp\/v2\/posts\/365154\/revisions"}],"wp:featuredmedia":[{"embeddable":true,"href":"https:\/\/www.webdo.tn\/fr\/wp-json\/wp\/v2\/media\/365156"}],"wp:attachment":[{"href":"https:\/\/www.webdo.tn\/fr\/wp-json\/wp\/v2\/media?parent=365154"}],"wp:term":[{"taxonomy":"category","embeddable":true,"href":"https:\/\/www.webdo.tn\/fr\/wp-json\/wp\/v2\/categories?post=365154"},{"taxonomy":"post_tag","embeddable":true,"href":"https:\/\/www.webdo.tn\/fr\/wp-json\/wp\/v2\/tags?post=365154"}],"curies":[{"name":"wp","href":"https:\/\/api.w.org\/{rel}","templated":true}]}}