{"id":222411,"date":"2025-06-05T13:44:00","date_gmt":"2025-06-05T13:44:00","guid":{"rendered":"https:\/\/www.webdo.tn\/fr\/actualite\/blog\/meurtre-raciste-de-hichem-miraoui-en-france-tunis-reclame-justice\/222411\/"},"modified":"2025-06-05T13:44:00","modified_gmt":"2025-06-05T13:44:00","slug":"meurtre-raciste-de-hichem-miraoui-en-france-tunis-reclame-justice","status":"publish","type":"post","link":"https:\/\/www.webdo.tn\/fr\/actualite\/national\/meurtre-raciste-de-hichem-miraoui-en-france-tunis-reclame-justice\/222411\/","title":{"rendered":"Meurtre raciste de Hichem Miraoui en France : Tunis r\u00e9clame justice\u00a0"},"content":{"rendered":"<p>Le minist\u00e8re tunisien des Affaires \u00e9trang\u00e8res, de la Migration et des Tunisiens \u00e0 l&rsquo;\u00e9tranger a r\u00e9affirm\u00e9, ce jeudi, sa d\u00e9termination \u00e0 suivre de pr\u00e8s l\u2019affaire du meurtre du citoyen tunisien Hichem Miraoui, en coordination avec toutes les parties concern\u00e9es.<\/p>\n<p> Dans un communiqu\u00e9, le minist\u00e8re a pr\u00e9cis\u00e9 que d\u00e8s la confirmation de l\u2019identit\u00e9 tunisienne de la victime, et en concertation avec ses services et le consulat g\u00e9n\u00e9ral de Tunisie \u00e0 Marseille, l\u2019ambassade de Tunisie en France a imm\u00e9diatement contact\u00e9 les autorit\u00e9s fran\u00e7aises comp\u00e9tentes afin de faire la lumi\u00e8re sur les circonstances du drame, en soulignant la n\u00e9cessit\u00e9 de traduire le meurtrier en justice et de condamner fermement cet acte odieux.<\/p>\n<p>Dans ce cadre, l\u2019ambassadeur de Tunisie \u00e0 Paris a re\u00e7u un appel t\u00e9l\u00e9phonique du ministre fran\u00e7ais de l\u2019Int\u00e9rieur, Bruno Retailleau, qui a exprim\u00e9 sa vive condamnation de ce crime, ainsi que ses regrets pour cet acte tragique. Il a \u00e9galement adress\u00e9 ses condol\u00e9ances \u00e0 la famille du d\u00e9funt et \u00e0 l\u2019ensemble de la communaut\u00e9 tunisienne en France.<\/p>\n<p>Le ministre fran\u00e7ais a indiqu\u00e9 que les autorit\u00e9s judiciaires et de s\u00e9curit\u00e9 ont ouvert une enqu\u00eate sur l\u2019auteur du meurtre afin d\u2019\u00e9lucider ses motivations. Les premiers \u00e9l\u00e9ments laissent penser que l\u2019agression aurait des ressorts racistes. En raison de la gravit\u00e9 de l\u2019acte et de l\u2019id\u00e9ologie de son auteur, l\u2019affaire a \u00e9t\u00e9 confi\u00e9e \u00e0 l\u2019unit\u00e9 antiterroriste.<\/p>\n<p>Le 3 juin, le responsable fran\u00e7ais s\u2019est rendu au si\u00e8ge de l\u2019ambassade de Tunisie \u00e0 Paris o\u00f9 il a condamn\u00e9 l\u2019assassinat de Hichem Miraoui, qualifiant l\u2019acte de \u00ab raciste \u00bb. Il a assur\u00e9 que les autorit\u00e9s fran\u00e7aises comp\u00e9tentes s\u2019investissent pleinement pour faire toute la lumi\u00e8re sur ce meurtre et juger le coupable conform\u00e9ment \u00e0 la l\u00e9gislation en vigueur.<\/p>\n","protected":false},"excerpt":{"rendered":"<p>Le minist\u00e8re tunisien des Affaires \u00e9trang\u00e8res suit activement l\u2019enqu\u00eate sur le meurtre de Hichem Miraoui en France, qualifi\u00e9 de crime raciste, et exige justice&#8230;<\/p>\n","protected":false},"author":3163,"featured_media":376297,"comment_status":"open","ping_status":"closed","sticky":false,"template":"","format":"standard","meta":{"footnotes":""},"categories":[44],"tags":[2998,11812,2608],"class_list":["post-222411","post","type-post","status-publish","format-standard","has-post-thumbnail","hentry","category-national","tag-france","tag-meurtre-raciste","tag-tunisie"],"yoast_head":"<!-- This site is optimized with the Yoast SEO Premium plugin v27.5 (Yoast SEO v27.5) - https:\/\/yoast.com\/product\/yoast-seo-premium-wordpress\/ -->\n<title>Meurtre raciste de Hichem Miraoui en France : Tunis r\u00e9clame justice\u00a0<\/title>\n<meta name=\"description\" content=\"Le minist\u00e8re tunisien des Affaires \u00e9trang\u00e8res suit activement l\u2019enqu\u00eate sur le meurtre de Hichem Miraoui en France, qualifi\u00e9 de crime raciste, et exige justice...\" \/>\n<link rel=\"canonical\" href=\"https:\/\/www.webdo.tn\/fr\/actualite\/national\/meurtre-raciste-de-hichem-miraoui-en-france-tunis-reclame-justice\/222411\/\" \/>\n<meta property=\"og:locale\" content=\"fr_FR\" \/>\n<meta property=\"og:type\" content=\"article\" \/>\n<meta property=\"og:title\" content=\"Meurtre raciste de Hichem Miraoui en France : Tunis r\u00e9clame justice\u00a0\" \/>\n<meta property=\"og:description\" content=\"Le minist\u00e8re tunisien des Affaires \u00e9trang\u00e8res suit activement l\u2019enqu\u00eate sur le meurtre de Hichem Miraoui en France, qualifi\u00e9 de crime raciste, et exige justice...\" \/>\n<meta property=\"og:url\" content=\"https:\/\/www.webdo.tn\/fr\/actualite\/national\/meurtre-raciste-de-hichem-miraoui-en-france-tunis-reclame-justice\/222411\/\" \/>\n<meta property=\"og:site_name\" content=\"webdo\" \/>\n<meta property=\"article:publisher\" content=\"https:\/\/www.facebook.com\/webdotn\" \/>\n<meta property=\"article:published_time\" content=\"2025-06-05T13:44:00+00:00\" \/>\n<meta property=\"og:image\" content=\"https:\/\/www.webdo.tn\/fr\/wp-content\/uploads\/2025\/06\/034741bdc47d1b084ae0c872c8826efa.webp\" \/>\n\t<meta property=\"og:image:width\" content=\"750\" \/>\n\t<meta property=\"og:image:height\" content=\"400\" \/>\n\t<meta property=\"og:image:type\" content=\"image\/webp\" \/>\n<meta name=\"author\" content=\"KJ\" \/>\n<meta name=\"twitter:card\" content=\"summary_large_image\" \/>\n<meta name=\"twitter:creator\" content=\"@webdo_tn\" \/>\n<meta name=\"twitter:site\" content=\"@webdo_tn\" \/>\n<meta name=\"twitter:label1\" content=\"\u00c9crit par\" \/>\n\t<meta name=\"twitter:data1\" content=\"KJ\" \/>\n\t<meta name=\"twitter:label2\" content=\"Dur\u00e9e de lecture estim\u00e9e\" \/>\n\t<meta name=\"twitter:data2\" content=\"2 minutes\" \/>\n<script type=\"application\/ld+json\" class=\"yoast-schema-graph\">{\"@context\":\"https:\\\/\\\/schema.org\",\"@graph\":[{\"@type\":\"NewsArticle\",\"@id\":\"https:\\\/\\\/www.webdo.tn\\\/fr\\\/actualite\\\/national\\\/meurtre-raciste-de-hichem-miraoui-en-france-tunis-reclame-justice\\\/222411\\\/#article\",\"isPartOf\":{\"@id\":\"https:\\\/\\\/www.webdo.tn\\\/fr\\\/actualite\\\/national\\\/meurtre-raciste-de-hichem-miraoui-en-france-tunis-reclame-justice\\\/222411\\\/\"},\"author\":{\"name\":\"KJ\",\"@id\":\"https:\\\/\\\/www.webdo.tn\\\/fr\\\/#\\\/schema\\\/person\\\/82ca085b22037d285e1a3c4b65ba5f71\"},\"headline\":\"Meurtre raciste de Hichem Miraoui en France : Tunis r\u00e9clame justice\u00a0\",\"datePublished\":\"2025-06-05T13:44:00+00:00\",\"mainEntityOfPage\":{\"@id\":\"https:\\\/\\\/www.webdo.tn\\\/fr\\\/actualite\\\/national\\\/meurtre-raciste-de-hichem-miraoui-en-france-tunis-reclame-justice\\\/222411\\\/\"},\"wordCount\":336,\"commentCount\":0,\"publisher\":{\"@id\":\"https:\\\/\\\/www.webdo.tn\\\/fr\\\/#organization\"},\"image\":{\"@id\":\"https:\\\/\\\/www.webdo.tn\\\/fr\\\/actualite\\\/national\\\/meurtre-raciste-de-hichem-miraoui-en-france-tunis-reclame-justice\\\/222411\\\/#primaryimage\"},\"thumbnailUrl\":\"https:\\\/\\\/www.webdo.tn\\\/fr\\\/wp-content\\\/uploads\\\/2025\\\/06\\\/034741bdc47d1b084ae0c872c8826efa.webp\",\"keywords\":[\"france\",\"Meurtre raciste\",\"Tunisie\"],\"articleSection\":[\"National\"],\"inLanguage\":\"fr-FR\"},{\"@type\":\"WebPage\",\"@id\":\"https:\\\/\\\/www.webdo.tn\\\/fr\\\/actualite\\\/national\\\/meurtre-raciste-de-hichem-miraoui-en-france-tunis-reclame-justice\\\/222411\\\/\",\"url\":\"https:\\\/\\\/www.webdo.tn\\\/fr\\\/actualite\\\/national\\\/meurtre-raciste-de-hichem-miraoui-en-france-tunis-reclame-justice\\\/222411\\\/\",\"name\":\"Meurtre raciste de Hichem Miraoui en France : Tunis r\u00e9clame justice\u00a0\",\"isPartOf\":{\"@id\":\"https:\\\/\\\/www.webdo.tn\\\/fr\\\/#website\"},\"primaryImageOfPage\":{\"@id\":\"https:\\\/\\\/www.webdo.tn\\\/fr\\\/actualite\\\/national\\\/meurtre-raciste-de-hichem-miraoui-en-france-tunis-reclame-justice\\\/222411\\\/#primaryimage\"},\"image\":{\"@id\":\"https:\\\/\\\/www.webdo.tn\\\/fr\\\/actualite\\\/national\\\/meurtre-raciste-de-hichem-miraoui-en-france-tunis-reclame-justice\\\/222411\\\/#primaryimage\"},\"thumbnailUrl\":\"https:\\\/\\\/www.webdo.tn\\\/fr\\\/wp-content\\\/uploads\\\/2025\\\/06\\\/034741bdc47d1b084ae0c872c8826efa.webp\",\"datePublished\":\"2025-06-05T13:44:00+00:00\",\"description\":\"Le minist\u00e8re tunisien des Affaires \u00e9trang\u00e8res suit activement l\u2019enqu\u00eate sur le meurtre de Hichem Miraoui en France, qualifi\u00e9 de crime raciste, et exige justice...\",\"breadcrumb\":{\"@id\":\"https:\\\/\\\/www.webdo.tn\\\/fr\\\/actualite\\\/national\\\/meurtre-raciste-de-hichem-miraoui-en-france-tunis-reclame-justice\\\/222411\\\/#breadcrumb\"},\"inLanguage\":\"fr-FR\",\"potentialAction\":[{\"@type\":\"ReadAction\",\"target\":[\"https:\\\/\\\/www.webdo.tn\\\/fr\\\/actualite\\\/national\\\/meurtre-raciste-de-hichem-miraoui-en-france-tunis-reclame-justice\\\/222411\\\/\"]}]},{\"@type\":\"ImageObject\",\"inLanguage\":\"fr-FR\",\"@id\":\"https:\\\/\\\/www.webdo.tn\\\/fr\\\/actualite\\\/national\\\/meurtre-raciste-de-hichem-miraoui-en-france-tunis-reclame-justice\\\/222411\\\/#primaryimage\",\"url\":\"https:\\\/\\\/www.webdo.tn\\\/fr\\\/wp-content\\\/uploads\\\/2025\\\/06\\\/034741bdc47d1b084ae0c872c8826efa.webp\",\"contentUrl\":\"https:\\\/\\\/www.webdo.tn\\\/fr\\\/wp-content\\\/uploads\\\/2025\\\/06\\\/034741bdc47d1b084ae0c872c8826efa.webp\",\"width\":750,\"height\":400,\"caption\":\"Meurtre raciste de Hichem Miraoui en France : Tunis r\u00e9clame justice\u00a0\"},{\"@type\":\"BreadcrumbList\",\"@id\":\"https:\\\/\\\/www.webdo.tn\\\/fr\\\/actualite\\\/national\\\/meurtre-raciste-de-hichem-miraoui-en-france-tunis-reclame-justice\\\/222411\\\/#breadcrumb\",\"itemListElement\":[{\"@type\":\"ListItem\",\"position\":1,\"name\":\"Accueil\",\"item\":\"https:\\\/\\\/www.webdo.tn\\\/fr\\\/\"},{\"@type\":\"ListItem\",\"position\":2,\"name\":\"Meurtre raciste de Hichem Miraoui en France : Tunis r\u00e9clame justice\u00a0\"}]},{\"@type\":\"WebSite\",\"@id\":\"https:\\\/\\\/www.webdo.tn\\\/fr\\\/#website\",\"url\":\"https:\\\/\\\/www.webdo.tn\\\/fr\\\/\",\"name\":\"webdo\",\"description\":\"Tunisie - News en Tunisie et \u00e0 l&#039;international sur Webdo.tn\",\"publisher\":{\"@id\":\"https:\\\/\\\/www.webdo.tn\\\/fr\\\/#organization\"},\"potentialAction\":[{\"@type\":\"SearchAction\",\"target\":{\"@type\":\"EntryPoint\",\"urlTemplate\":\"https:\\\/\\\/www.webdo.tn\\\/fr\\\/?s={search_term_string}\"},\"query-input\":{\"@type\":\"PropertyValueSpecification\",\"valueRequired\":true,\"valueName\":\"search_term_string\"}}],\"inLanguage\":\"fr-FR\"},{\"@type\":\"Organization\",\"@id\":\"https:\\\/\\\/www.webdo.tn\\\/fr\\\/#organization\",\"name\":\"Webdo\",\"alternateName\":\"Webdo.tn\",\"url\":\"https:\\\/\\\/www.webdo.tn\\\/fr\\\/\",\"logo\":{\"@type\":\"ImageObject\",\"inLanguage\":\"fr-FR\",\"@id\":\"https:\\\/\\\/www.webdo.tn\\\/fr\\\/#\\\/schema\\\/logo\\\/image\\\/\",\"url\":\"https:\\\/\\\/www.webdo.tn\\\/fr\\\/wp-content\\\/uploads\\\/2025\\\/06\\\/Webdo-Tunisie_168377.jpg\",\"contentUrl\":\"https:\\\/\\\/www.webdo.tn\\\/fr\\\/wp-content\\\/uploads\\\/2025\\\/06\\\/Webdo-Tunisie_168377.jpg\",\"width\":301,\"height\":301,\"caption\":\"Webdo\"},\"image\":{\"@id\":\"https:\\\/\\\/www.webdo.tn\\\/fr\\\/#\\\/schema\\\/logo\\\/image\\\/\"},\"sameAs\":[\"https:\\\/\\\/www.facebook.com\\\/webdotn\",\"https:\\\/\\\/x.com\\\/webdo_tn\"],\"description\":\"Webdo est un m\u00e9dia num\u00e9rique tunisien fond\u00e9 en 2010, sp\u00e9cialis\u00e9 dans l\u2019actualit\u00e9 nationale et internationale, l\u2019\u00e9conomie, la soci\u00e9t\u00e9 et les analyses politiques. Le site s\u2019adresse \u00e0 un large public francophone et couvre l\u2019information tunisienne en temps r\u00e9el.\",\"email\":\"redac@webdo.tn\",\"legalName\":\"YNJ SARL\",\"foundingDate\":\"2010-09-06\",\"numberOfEmployees\":{\"@type\":\"QuantitativeValue\",\"minValue\":\"11\",\"maxValue\":\"50\"}},{\"@type\":\"Person\",\"@id\":\"https:\\\/\\\/www.webdo.tn\\\/fr\\\/#\\\/schema\\\/person\\\/82ca085b22037d285e1a3c4b65ba5f71\",\"name\":\"KJ\",\"image\":{\"@type\":\"ImageObject\",\"inLanguage\":\"fr-FR\",\"@id\":\"https:\\\/\\\/secure.gravatar.com\\\/avatar\\\/1a1320de1c1971c893f00068f760b4113d69504aa21273da17ee95650c5944fd?s=96&d=mm&r=g\",\"url\":\"https:\\\/\\\/secure.gravatar.com\\\/avatar\\\/1a1320de1c1971c893f00068f760b4113d69504aa21273da17ee95650c5944fd?s=96&d=mm&r=g\",\"contentUrl\":\"https:\\\/\\\/secure.gravatar.com\\\/avatar\\\/1a1320de1c1971c893f00068f760b4113d69504aa21273da17ee95650c5944fd?s=96&d=mm&r=g\",\"caption\":\"KJ\"},\"url\":\"https:\\\/\\\/www.webdo.tn\\\/fr\\\/actualite\\\/author\\\/kj\\\/\"}]}<\/script>\n<!-- \/ Yoast SEO Premium plugin. -->","yoast_head_json":{"title":"Meurtre raciste de Hichem Miraoui en France : Tunis r\u00e9clame justice\u00a0","description":"Le minist\u00e8re tunisien des Affaires \u00e9trang\u00e8res suit activement l\u2019enqu\u00eate sur le meurtre de Hichem Miraoui en France, qualifi\u00e9 de crime raciste, et exige justice...","canonical":"https:\/\/www.webdo.tn\/fr\/actualite\/national\/meurtre-raciste-de-hichem-miraoui-en-france-tunis-reclame-justice\/222411\/","og_locale":"fr_FR","og_type":"article","og_title":"Meurtre raciste de Hichem Miraoui en France : Tunis r\u00e9clame justice\u00a0","og_description":"Le minist\u00e8re tunisien des Affaires \u00e9trang\u00e8res suit activement l\u2019enqu\u00eate sur le meurtre de Hichem Miraoui en France, qualifi\u00e9 de crime raciste, et exige justice...","og_url":"https:\/\/www.webdo.tn\/fr\/actualite\/national\/meurtre-raciste-de-hichem-miraoui-en-france-tunis-reclame-justice\/222411\/","og_site_name":"webdo","article_publisher":"https:\/\/www.facebook.com\/webdotn","article_published_time":"2025-06-05T13:44:00+00:00","og_image":[{"width":750,"height":400,"url":"https:\/\/www.webdo.tn\/fr\/wp-content\/uploads\/2025\/06\/034741bdc47d1b084ae0c872c8826efa.webp","type":"image\/webp"}],"author":"KJ","twitter_card":"summary_large_image","twitter_creator":"@webdo_tn","twitter_site":"@webdo_tn","twitter_misc":{"\u00c9crit par":"KJ","Dur\u00e9e de lecture estim\u00e9e":"2 minutes"},"schema":{"@context":"https:\/\/schema.org","@graph":[{"@type":"NewsArticle","@id":"https:\/\/www.webdo.tn\/fr\/actualite\/national\/meurtre-raciste-de-hichem-miraoui-en-france-tunis-reclame-justice\/222411\/#article","isPartOf":{"@id":"https:\/\/www.webdo.tn\/fr\/actualite\/national\/meurtre-raciste-de-hichem-miraoui-en-france-tunis-reclame-justice\/222411\/"},"author":{"name":"KJ","@id":"https:\/\/www.webdo.tn\/fr\/#\/schema\/person\/82ca085b22037d285e1a3c4b65ba5f71"},"headline":"Meurtre raciste de Hichem Miraoui en France : Tunis r\u00e9clame justice\u00a0","datePublished":"2025-06-05T13:44:00+00:00","mainEntityOfPage":{"@id":"https:\/\/www.webdo.tn\/fr\/actualite\/national\/meurtre-raciste-de-hichem-miraoui-en-france-tunis-reclame-justice\/222411\/"},"wordCount":336,"commentCount":0,"publisher":{"@id":"https:\/\/www.webdo.tn\/fr\/#organization"},"image":{"@id":"https:\/\/www.webdo.tn\/fr\/actualite\/national\/meurtre-raciste-de-hichem-miraoui-en-france-tunis-reclame-justice\/222411\/#primaryimage"},"thumbnailUrl":"https:\/\/www.webdo.tn\/fr\/wp-content\/uploads\/2025\/06\/034741bdc47d1b084ae0c872c8826efa.webp","keywords":["france","Meurtre raciste","Tunisie"],"articleSection":["National"],"inLanguage":"fr-FR"},{"@type":"WebPage","@id":"https:\/\/www.webdo.tn\/fr\/actualite\/national\/meurtre-raciste-de-hichem-miraoui-en-france-tunis-reclame-justice\/222411\/","url":"https:\/\/www.webdo.tn\/fr\/actualite\/national\/meurtre-raciste-de-hichem-miraoui-en-france-tunis-reclame-justice\/222411\/","name":"Meurtre raciste de Hichem Miraoui en France : Tunis r\u00e9clame justice\u00a0","isPartOf":{"@id":"https:\/\/www.webdo.tn\/fr\/#website"},"primaryImageOfPage":{"@id":"https:\/\/www.webdo.tn\/fr\/actualite\/national\/meurtre-raciste-de-hichem-miraoui-en-france-tunis-reclame-justice\/222411\/#primaryimage"},"image":{"@id":"https:\/\/www.webdo.tn\/fr\/actualite\/national\/meurtre-raciste-de-hichem-miraoui-en-france-tunis-reclame-justice\/222411\/#primaryimage"},"thumbnailUrl":"https:\/\/www.webdo.tn\/fr\/wp-content\/uploads\/2025\/06\/034741bdc47d1b084ae0c872c8826efa.webp","datePublished":"2025-06-05T13:44:00+00:00","description":"Le minist\u00e8re tunisien des Affaires \u00e9trang\u00e8res suit activement l\u2019enqu\u00eate sur le meurtre de Hichem Miraoui en France, qualifi\u00e9 de crime raciste, et exige justice...","breadcrumb":{"@id":"https:\/\/www.webdo.tn\/fr\/actualite\/national\/meurtre-raciste-de-hichem-miraoui-en-france-tunis-reclame-justice\/222411\/#breadcrumb"},"inLanguage":"fr-FR","potentialAction":[{"@type":"ReadAction","target":["https:\/\/www.webdo.tn\/fr\/actualite\/national\/meurtre-raciste-de-hichem-miraoui-en-france-tunis-reclame-justice\/222411\/"]}]},{"@type":"ImageObject","inLanguage":"fr-FR","@id":"https:\/\/www.webdo.tn\/fr\/actualite\/national\/meurtre-raciste-de-hichem-miraoui-en-france-tunis-reclame-justice\/222411\/#primaryimage","url":"https:\/\/www.webdo.tn\/fr\/wp-content\/uploads\/2025\/06\/034741bdc47d1b084ae0c872c8826efa.webp","contentUrl":"https:\/\/www.webdo.tn\/fr\/wp-content\/uploads\/2025\/06\/034741bdc47d1b084ae0c872c8826efa.webp","width":750,"height":400,"caption":"Meurtre raciste de Hichem Miraoui en France : Tunis r\u00e9clame justice\u00a0"},{"@type":"BreadcrumbList","@id":"https:\/\/www.webdo.tn\/fr\/actualite\/national\/meurtre-raciste-de-hichem-miraoui-en-france-tunis-reclame-justice\/222411\/#breadcrumb","itemListElement":[{"@type":"ListItem","position":1,"name":"Accueil","item":"https:\/\/www.webdo.tn\/fr\/"},{"@type":"ListItem","position":2,"name":"Meurtre raciste de Hichem Miraoui en France : Tunis r\u00e9clame justice\u00a0"}]},{"@type":"WebSite","@id":"https:\/\/www.webdo.tn\/fr\/#website","url":"https:\/\/www.webdo.tn\/fr\/","name":"webdo","description":"Tunisie - News en Tunisie et \u00e0 l&#039;international sur Webdo.tn","publisher":{"@id":"https:\/\/www.webdo.tn\/fr\/#organization"},"potentialAction":[{"@type":"SearchAction","target":{"@type":"EntryPoint","urlTemplate":"https:\/\/www.webdo.tn\/fr\/?s={search_term_string}"},"query-input":{"@type":"PropertyValueSpecification","valueRequired":true,"valueName":"search_term_string"}}],"inLanguage":"fr-FR"},{"@type":"Organization","@id":"https:\/\/www.webdo.tn\/fr\/#organization","name":"Webdo","alternateName":"Webdo.tn","url":"https:\/\/www.webdo.tn\/fr\/","logo":{"@type":"ImageObject","inLanguage":"fr-FR","@id":"https:\/\/www.webdo.tn\/fr\/#\/schema\/logo\/image\/","url":"https:\/\/www.webdo.tn\/fr\/wp-content\/uploads\/2025\/06\/Webdo-Tunisie_168377.jpg","contentUrl":"https:\/\/www.webdo.tn\/fr\/wp-content\/uploads\/2025\/06\/Webdo-Tunisie_168377.jpg","width":301,"height":301,"caption":"Webdo"},"image":{"@id":"https:\/\/www.webdo.tn\/fr\/#\/schema\/logo\/image\/"},"sameAs":["https:\/\/www.facebook.com\/webdotn","https:\/\/x.com\/webdo_tn"],"description":"Webdo est un m\u00e9dia num\u00e9rique tunisien fond\u00e9 en 2010, sp\u00e9cialis\u00e9 dans l\u2019actualit\u00e9 nationale et internationale, l\u2019\u00e9conomie, la soci\u00e9t\u00e9 et les analyses politiques. Le site s\u2019adresse \u00e0 un large public francophone et couvre l\u2019information tunisienne en temps r\u00e9el.","email":"redac@webdo.tn","legalName":"YNJ SARL","foundingDate":"2010-09-06","numberOfEmployees":{"@type":"QuantitativeValue","minValue":"11","maxValue":"50"}},{"@type":"Person","@id":"https:\/\/www.webdo.tn\/fr\/#\/schema\/person\/82ca085b22037d285e1a3c4b65ba5f71","name":"KJ","image":{"@type":"ImageObject","inLanguage":"fr-FR","@id":"https:\/\/secure.gravatar.com\/avatar\/1a1320de1c1971c893f00068f760b4113d69504aa21273da17ee95650c5944fd?s=96&d=mm&r=g","url":"https:\/\/secure.gravatar.com\/avatar\/1a1320de1c1971c893f00068f760b4113d69504aa21273da17ee95650c5944fd?s=96&d=mm&r=g","contentUrl":"https:\/\/secure.gravatar.com\/avatar\/1a1320de1c1971c893f00068f760b4113d69504aa21273da17ee95650c5944fd?s=96&d=mm&r=g","caption":"KJ"},"url":"https:\/\/www.webdo.tn\/fr\/actualite\/author\/kj\/"}]}},"_links":{"self":[{"href":"https:\/\/www.webdo.tn\/fr\/wp-json\/wp\/v2\/posts\/222411","targetHints":{"allow":["GET"]}}],"collection":[{"href":"https:\/\/www.webdo.tn\/fr\/wp-json\/wp\/v2\/posts"}],"about":[{"href":"https:\/\/www.webdo.tn\/fr\/wp-json\/wp\/v2\/types\/post"}],"author":[{"embeddable":true,"href":"https:\/\/www.webdo.tn\/fr\/wp-json\/wp\/v2\/users\/3163"}],"replies":[{"embeddable":true,"href":"https:\/\/www.webdo.tn\/fr\/wp-json\/wp\/v2\/comments?post=222411"}],"version-history":[{"count":0,"href":"https:\/\/www.webdo.tn\/fr\/wp-json\/wp\/v2\/posts\/222411\/revisions"}],"wp:featuredmedia":[{"embeddable":true,"href":"https:\/\/www.webdo.tn\/fr\/wp-json\/wp\/v2\/media\/376297"}],"wp:attachment":[{"href":"https:\/\/www.webdo.tn\/fr\/wp-json\/wp\/v2\/media?parent=222411"}],"wp:term":[{"taxonomy":"category","embeddable":true,"href":"https:\/\/www.webdo.tn\/fr\/wp-json\/wp\/v2\/categories?post=222411"},{"taxonomy":"post_tag","embeddable":true,"href":"https:\/\/www.webdo.tn\/fr\/wp-json\/wp\/v2\/tags?post=222411"}],"curies":[{"name":"wp","href":"https:\/\/api.w.org\/{rel}","templated":true}]}}