{"id":222405,"date":"2025-06-05T10:46:00","date_gmt":"2025-06-05T10:46:00","guid":{"rendered":"https:\/\/www.webdo.tn\/fr\/actualite\/blog\/tunisie-l-arp-s-apprete-a-entamer-l-examen-du-decret-54\/222405\/"},"modified":"2025-06-05T10:46:00","modified_gmt":"2025-06-05T10:46:00","slug":"tunisie-l-arp-s-apprete-a-entamer-l-examen-du-decret-54","status":"publish","type":"post","link":"https:\/\/www.webdo.tn\/fr\/actualite\/national\/tunisie-l-arp-s-apprete-a-entamer-l-examen-du-decret-54\/222405\/","title":{"rendered":"Tunisie : Vers l\u2019examen du d\u00e9cret 54 ?"},"content":{"rendered":"<p>Apr\u00e8s de longs mois de blocage, la r\u00e9vision du tr\u00e8s controvers\u00e9 d\u00e9cret-loi n\u00b054 devrait enfin faire l\u2019objet d\u2019auditions parlementaires juste apr\u00e8s l\u2019A\u00efd al-Idha. La Commission des droits et libert\u00e9s annonce un accord avec les instances concern\u00e9es pour acc\u00e9l\u00e9rer l\u2019examen de cette initiative l\u00e9gislative, au c\u0153ur des d\u00e9bats sur la libert\u00e9 d\u2019expression en Tunisie.<\/p>\n<p> L\u2019Assembl\u00e9e des repr\u00e9sentants du peuple se pr\u00e9pare \u00e0 rouvrir un dossier br\u00fblant : celui du d\u00e9cret-loi n\u00b054 relatif \u00e0 la lutte contre les infractions li\u00e9es aux syst\u00e8mes d&rsquo;information et de communication. Adopt\u00e9 en 2022, ce texte est r\u00e9guli\u00e8rement critiqu\u00e9 par la soci\u00e9t\u00e9 civile et les milieux juridiques pour ses effets jug\u00e9s liberticides. Mais les lignes pourraient bouger.<\/p>\n<p>Dans une d\u00e9claration accord\u00e9e au journal Le Maghreb, le pr\u00e9sident de la Commission des droits et libert\u00e9s, Mohamed Ali, a confirm\u00e9 qu\u2019un accord de principe a \u00e9t\u00e9 trouv\u00e9 avec le pr\u00e9sident du Parlement et celui de la Commission de la l\u00e9gislation g\u00e9n\u00e9rale pour entamer les auditions parlementaires imm\u00e9diatement apr\u00e8s l\u2019A\u00efd.<\/p>\n<p>L\u2019objectif : enfin d\u00e9battre de la proposition de r\u00e9vision d\u00e9pos\u00e9e depuis f\u00e9vrier 2024, et qui, malgr\u00e9 une demande d\u2019examen en urgence, avait \u00e9t\u00e9 bloqu\u00e9e pendant plus d\u2019un an. En avril dernier, le Bureau de l\u2019Assembl\u00e9e avait transmis cette initiative \u00e0 la Commission de la l\u00e9gislation g\u00e9n\u00e9rale, une d\u00e9cision vivement contest\u00e9e par la Commission des droits et libert\u00e9s, \u00e0 l\u2019origine du texte. Cette derni\u00e8re estime que les enjeux de libert\u00e9s fondamentales rel\u00e8vent pleinement de ses pr\u00e9rogatives.<\/p>\n<p>Outre le d\u00e9cret 54, une deuxi\u00e8me initiative parlementaire est \u00e9galement en attente : il s\u2019agit d\u2019un projet de loi organique relatif \u00e0 la libert\u00e9 de la communication audiovisuelle et \u00e0 l\u2019organisation de l\u2019instance charg\u00e9e de sa r\u00e9gulation. Ce texte aussi avait \u00e9t\u00e9 confi\u00e9 \u00e0 la Commission de la l\u00e9gislation g\u00e9n\u00e9rale, bien qu\u2019il touche aux libert\u00e9s m\u00e9diatiques.<\/p>\n<p>Un conflit de comp\u00e9tence a \u00e9t\u00e9 officiellement soulev\u00e9 par la Commission des droits et libert\u00e9s pour r\u00e9cup\u00e9rer l\u2019examen de ce projet. Selon Mohamed Ali, un accord a \u00e9t\u00e9 obtenu avec les instances dirigeantes du Parlement, actant qu\u2019aucun obstacle ne s\u2019oppose \u00e0 sa r\u00e9attribution. La commission attend d\u00e9sormais le feu vert formel pour commencer les travaux.<\/p>\n<p>La volont\u00e9 d\u2019acc\u00e9l\u00e9rer les d\u00e9bats avant la pause parlementaire semble partag\u00e9e. Avec 23 projets et propositions de loi actuellement en attente devant la Commission de la l\u00e9gislation g\u00e9n\u00e9rale, le risque de paralysie guettait les deux textes.<\/p>\n<p>C\u2019est pourquoi la Commission des droits et libert\u00e9s a multipli\u00e9 les concertations pour contourner l\u2019encombrement institutionnel et garantir le lancement rapide des auditions. Mohamed Ali a indiqu\u00e9 que si les obstacles administratifs li\u00e9s aux auditions &#8211; notamment avec le minist\u00e8re de la Justice ou d\u2019autres repr\u00e9sentants de l\u2019ex\u00e9cutif &#8211; sont lev\u00e9s, les discussions pourraient s\u2019enclencher dans les tout prochains jours.<\/p>\n","protected":false},"excerpt":{"rendered":"<p>Le Parlement tunisien s\u2019appr\u00eate \u00e0 examiner la r\u00e9vision du d\u00e9cret-loi n\u00b054 apr\u00e8s l\u2019A\u00efd. Une \u00e9tape cruciale pour les libert\u00e9s num\u00e9riques et l\u2019organisation du pays&#8230;<\/p>\n","protected":false},"author":3162,"featured_media":376301,"comment_status":"open","ping_status":"closed","sticky":false,"template":"","format":"standard","meta":{"footnotes":""},"categories":[44],"tags":[2813,3284,2772,2608],"class_list":["post-222405","post","type-post","status-publish","format-standard","has-post-thumbnail","hentry","category-national","tag-arp","tag-decret-54","tag-parlement","tag-tunisie"],"yoast_head":"<!-- This site is optimized with the Yoast SEO Premium plugin v27.4 (Yoast SEO v27.5) - https:\/\/yoast.com\/product\/yoast-seo-premium-wordpress\/ -->\n<title>Tunisie : Vers l\u2019examen du d\u00e9cret 54 ?<\/title>\n<meta name=\"description\" content=\"Le Parlement tunisien s\u2019appr\u00eate \u00e0 examiner la r\u00e9vision du d\u00e9cret-loi n\u00b054 apr\u00e8s l\u2019A\u00efd. Une \u00e9tape cruciale pour les libert\u00e9s num\u00e9riques et l\u2019organisation du pays...\" \/>\n<link rel=\"canonical\" href=\"https:\/\/www.webdo.tn\/fr\/actualite\/national\/tunisie-l-arp-s-apprete-a-entamer-l-examen-du-decret-54\/222405\/\" \/>\n<meta property=\"og:locale\" content=\"fr_FR\" \/>\n<meta property=\"og:type\" content=\"article\" \/>\n<meta property=\"og:title\" content=\"Tunisie : Vers l\u2019examen du d\u00e9cret 54 ?\" \/>\n<meta property=\"og:description\" content=\"Le Parlement tunisien s\u2019appr\u00eate \u00e0 examiner la r\u00e9vision du d\u00e9cret-loi n\u00b054 apr\u00e8s l\u2019A\u00efd. Une \u00e9tape cruciale pour les libert\u00e9s num\u00e9riques et l\u2019organisation du pays...\" \/>\n<meta property=\"og:url\" content=\"https:\/\/www.webdo.tn\/fr\/actualite\/national\/tunisie-l-arp-s-apprete-a-entamer-l-examen-du-decret-54\/222405\/\" \/>\n<meta property=\"og:site_name\" content=\"webdo\" \/>\n<meta property=\"article:publisher\" content=\"https:\/\/www.facebook.com\/webdotn\" \/>\n<meta property=\"article:published_time\" content=\"2025-06-05T10:46:00+00:00\" \/>\n<meta property=\"og:image\" content=\"https:\/\/www.webdo.tn\/fr\/wp-content\/uploads\/2025\/06\/52bb2e27b35dd267d5b4f0348c8a71d8.webp\" \/>\n\t<meta property=\"og:image:width\" content=\"750\" \/>\n\t<meta property=\"og:image:height\" content=\"400\" \/>\n\t<meta property=\"og:image:type\" content=\"image\/webp\" \/>\n<meta name=\"author\" content=\"MC\" \/>\n<meta name=\"twitter:card\" content=\"summary_large_image\" \/>\n<meta name=\"twitter:creator\" content=\"@webdo_tn\" \/>\n<meta name=\"twitter:site\" content=\"@webdo_tn\" \/>\n<meta name=\"twitter:label1\" content=\"\u00c9crit par\" \/>\n\t<meta name=\"twitter:data1\" content=\"MC\" \/>\n\t<meta name=\"twitter:label2\" content=\"Dur\u00e9e de lecture estim\u00e9e\" \/>\n\t<meta name=\"twitter:data2\" content=\"3 minutes\" \/>\n<script type=\"application\/ld+json\" class=\"yoast-schema-graph\">{\"@context\":\"https:\\\/\\\/schema.org\",\"@graph\":[{\"@type\":\"NewsArticle\",\"@id\":\"https:\\\/\\\/www.webdo.tn\\\/fr\\\/actualite\\\/national\\\/tunisie-l-arp-s-apprete-a-entamer-l-examen-du-decret-54\\\/222405\\\/#article\",\"isPartOf\":{\"@id\":\"https:\\\/\\\/www.webdo.tn\\\/fr\\\/actualite\\\/national\\\/tunisie-l-arp-s-apprete-a-entamer-l-examen-du-decret-54\\\/222405\\\/\"},\"author\":{\"name\":\"MC\",\"@id\":\"https:\\\/\\\/www.webdo.tn\\\/fr\\\/#\\\/schema\\\/person\\\/2c4929cbf5a809e3bd38617c6ce150f6\"},\"headline\":\"Tunisie : Vers l\u2019examen du d\u00e9cret 54 ?\",\"datePublished\":\"2025-06-05T10:46:00+00:00\",\"mainEntityOfPage\":{\"@id\":\"https:\\\/\\\/www.webdo.tn\\\/fr\\\/actualite\\\/national\\\/tunisie-l-arp-s-apprete-a-entamer-l-examen-du-decret-54\\\/222405\\\/\"},\"wordCount\":542,\"commentCount\":0,\"publisher\":{\"@id\":\"https:\\\/\\\/www.webdo.tn\\\/fr\\\/#organization\"},\"image\":{\"@id\":\"https:\\\/\\\/www.webdo.tn\\\/fr\\\/actualite\\\/national\\\/tunisie-l-arp-s-apprete-a-entamer-l-examen-du-decret-54\\\/222405\\\/#primaryimage\"},\"thumbnailUrl\":\"https:\\\/\\\/www.webdo.tn\\\/fr\\\/wp-content\\\/uploads\\\/2025\\\/06\\\/52bb2e27b35dd267d5b4f0348c8a71d8.webp\",\"keywords\":[\"ARP\",\"d\u00e9cret 54\",\"Parlement\",\"Tunisie\"],\"articleSection\":[\"National\"],\"inLanguage\":\"fr-FR\"},{\"@type\":\"WebPage\",\"@id\":\"https:\\\/\\\/www.webdo.tn\\\/fr\\\/actualite\\\/national\\\/tunisie-l-arp-s-apprete-a-entamer-l-examen-du-decret-54\\\/222405\\\/\",\"url\":\"https:\\\/\\\/www.webdo.tn\\\/fr\\\/actualite\\\/national\\\/tunisie-l-arp-s-apprete-a-entamer-l-examen-du-decret-54\\\/222405\\\/\",\"name\":\"Tunisie : Vers l\u2019examen du d\u00e9cret 54 ?\",\"isPartOf\":{\"@id\":\"https:\\\/\\\/www.webdo.tn\\\/fr\\\/#website\"},\"primaryImageOfPage\":{\"@id\":\"https:\\\/\\\/www.webdo.tn\\\/fr\\\/actualite\\\/national\\\/tunisie-l-arp-s-apprete-a-entamer-l-examen-du-decret-54\\\/222405\\\/#primaryimage\"},\"image\":{\"@id\":\"https:\\\/\\\/www.webdo.tn\\\/fr\\\/actualite\\\/national\\\/tunisie-l-arp-s-apprete-a-entamer-l-examen-du-decret-54\\\/222405\\\/#primaryimage\"},\"thumbnailUrl\":\"https:\\\/\\\/www.webdo.tn\\\/fr\\\/wp-content\\\/uploads\\\/2025\\\/06\\\/52bb2e27b35dd267d5b4f0348c8a71d8.webp\",\"datePublished\":\"2025-06-05T10:46:00+00:00\",\"description\":\"Le Parlement tunisien s\u2019appr\u00eate \u00e0 examiner la r\u00e9vision du d\u00e9cret-loi n\u00b054 apr\u00e8s l\u2019A\u00efd. Une \u00e9tape cruciale pour les libert\u00e9s num\u00e9riques et l\u2019organisation du pays...\",\"breadcrumb\":{\"@id\":\"https:\\\/\\\/www.webdo.tn\\\/fr\\\/actualite\\\/national\\\/tunisie-l-arp-s-apprete-a-entamer-l-examen-du-decret-54\\\/222405\\\/#breadcrumb\"},\"inLanguage\":\"fr-FR\",\"potentialAction\":[{\"@type\":\"ReadAction\",\"target\":[\"https:\\\/\\\/www.webdo.tn\\\/fr\\\/actualite\\\/national\\\/tunisie-l-arp-s-apprete-a-entamer-l-examen-du-decret-54\\\/222405\\\/\"]}]},{\"@type\":\"ImageObject\",\"inLanguage\":\"fr-FR\",\"@id\":\"https:\\\/\\\/www.webdo.tn\\\/fr\\\/actualite\\\/national\\\/tunisie-l-arp-s-apprete-a-entamer-l-examen-du-decret-54\\\/222405\\\/#primaryimage\",\"url\":\"https:\\\/\\\/www.webdo.tn\\\/fr\\\/wp-content\\\/uploads\\\/2025\\\/06\\\/52bb2e27b35dd267d5b4f0348c8a71d8.webp\",\"contentUrl\":\"https:\\\/\\\/www.webdo.tn\\\/fr\\\/wp-content\\\/uploads\\\/2025\\\/06\\\/52bb2e27b35dd267d5b4f0348c8a71d8.webp\",\"width\":750,\"height\":400,\"caption\":\"Tunisie : Vers l\u2019examen du d\u00e9cret 54 ?\"},{\"@type\":\"BreadcrumbList\",\"@id\":\"https:\\\/\\\/www.webdo.tn\\\/fr\\\/actualite\\\/national\\\/tunisie-l-arp-s-apprete-a-entamer-l-examen-du-decret-54\\\/222405\\\/#breadcrumb\",\"itemListElement\":[{\"@type\":\"ListItem\",\"position\":1,\"name\":\"Accueil\",\"item\":\"https:\\\/\\\/www.webdo.tn\\\/fr\\\/\"},{\"@type\":\"ListItem\",\"position\":2,\"name\":\"Tunisie : Vers l\u2019examen du d\u00e9cret 54 ?\"}]},{\"@type\":\"WebSite\",\"@id\":\"https:\\\/\\\/www.webdo.tn\\\/fr\\\/#website\",\"url\":\"https:\\\/\\\/www.webdo.tn\\\/fr\\\/\",\"name\":\"webdo\",\"description\":\"Tunisie - News en Tunisie et \u00e0 l&#039;international sur Webdo.tn\",\"publisher\":{\"@id\":\"https:\\\/\\\/www.webdo.tn\\\/fr\\\/#organization\"},\"potentialAction\":[{\"@type\":\"SearchAction\",\"target\":{\"@type\":\"EntryPoint\",\"urlTemplate\":\"https:\\\/\\\/www.webdo.tn\\\/fr\\\/?s={search_term_string}\"},\"query-input\":{\"@type\":\"PropertyValueSpecification\",\"valueRequired\":true,\"valueName\":\"search_term_string\"}}],\"inLanguage\":\"fr-FR\"},{\"@type\":\"Organization\",\"@id\":\"https:\\\/\\\/www.webdo.tn\\\/fr\\\/#organization\",\"name\":\"Webdo\",\"alternateName\":\"Webdo.tn\",\"url\":\"https:\\\/\\\/www.webdo.tn\\\/fr\\\/\",\"logo\":{\"@type\":\"ImageObject\",\"inLanguage\":\"fr-FR\",\"@id\":\"https:\\\/\\\/www.webdo.tn\\\/fr\\\/#\\\/schema\\\/logo\\\/image\\\/\",\"url\":\"https:\\\/\\\/www.webdo.tn\\\/fr\\\/wp-content\\\/uploads\\\/2025\\\/06\\\/Webdo-Tunisie_168377.jpg\",\"contentUrl\":\"https:\\\/\\\/www.webdo.tn\\\/fr\\\/wp-content\\\/uploads\\\/2025\\\/06\\\/Webdo-Tunisie_168377.jpg\",\"width\":301,\"height\":301,\"caption\":\"Webdo\"},\"image\":{\"@id\":\"https:\\\/\\\/www.webdo.tn\\\/fr\\\/#\\\/schema\\\/logo\\\/image\\\/\"},\"sameAs\":[\"https:\\\/\\\/www.facebook.com\\\/webdotn\",\"https:\\\/\\\/x.com\\\/webdo_tn\"],\"description\":\"Webdo est un m\u00e9dia num\u00e9rique tunisien fond\u00e9 en 2010, sp\u00e9cialis\u00e9 dans l\u2019actualit\u00e9 nationale et internationale, l\u2019\u00e9conomie, la soci\u00e9t\u00e9 et les analyses politiques. Le site s\u2019adresse \u00e0 un large public francophone et couvre l\u2019information tunisienne en temps r\u00e9el.\",\"email\":\"redac@webdo.tn\",\"legalName\":\"YNJ SARL\",\"foundingDate\":\"2010-09-06\",\"numberOfEmployees\":{\"@type\":\"QuantitativeValue\",\"minValue\":\"11\",\"maxValue\":\"50\"}},{\"@type\":\"Person\",\"@id\":\"https:\\\/\\\/www.webdo.tn\\\/fr\\\/#\\\/schema\\\/person\\\/2c4929cbf5a809e3bd38617c6ce150f6\",\"name\":\"MC\",\"image\":{\"@type\":\"ImageObject\",\"inLanguage\":\"fr-FR\",\"@id\":\"https:\\\/\\\/secure.gravatar.com\\\/avatar\\\/a545bbb6f84efdd5553dbbc2895e3ca8f1d12c5215e00a041c9670b54aa9b18a?s=96&d=mm&r=g\",\"url\":\"https:\\\/\\\/secure.gravatar.com\\\/avatar\\\/a545bbb6f84efdd5553dbbc2895e3ca8f1d12c5215e00a041c9670b54aa9b18a?s=96&d=mm&r=g\",\"contentUrl\":\"https:\\\/\\\/secure.gravatar.com\\\/avatar\\\/a545bbb6f84efdd5553dbbc2895e3ca8f1d12c5215e00a041c9670b54aa9b18a?s=96&d=mm&r=g\",\"caption\":\"MC\"},\"url\":\"https:\\\/\\\/www.webdo.tn\\\/fr\\\/actualite\\\/author\\\/mc\\\/\"}]}<\/script>\n<!-- \/ Yoast SEO Premium plugin. -->","yoast_head_json":{"title":"Tunisie : Vers l\u2019examen du d\u00e9cret 54 ?","description":"Le Parlement tunisien s\u2019appr\u00eate \u00e0 examiner la r\u00e9vision du d\u00e9cret-loi n\u00b054 apr\u00e8s l\u2019A\u00efd. Une \u00e9tape cruciale pour les libert\u00e9s num\u00e9riques et l\u2019organisation du pays...","canonical":"https:\/\/www.webdo.tn\/fr\/actualite\/national\/tunisie-l-arp-s-apprete-a-entamer-l-examen-du-decret-54\/222405\/","og_locale":"fr_FR","og_type":"article","og_title":"Tunisie : Vers l\u2019examen du d\u00e9cret 54 ?","og_description":"Le Parlement tunisien s\u2019appr\u00eate \u00e0 examiner la r\u00e9vision du d\u00e9cret-loi n\u00b054 apr\u00e8s l\u2019A\u00efd. Une \u00e9tape cruciale pour les libert\u00e9s num\u00e9riques et l\u2019organisation du pays...","og_url":"https:\/\/www.webdo.tn\/fr\/actualite\/national\/tunisie-l-arp-s-apprete-a-entamer-l-examen-du-decret-54\/222405\/","og_site_name":"webdo","article_publisher":"https:\/\/www.facebook.com\/webdotn","article_published_time":"2025-06-05T10:46:00+00:00","og_image":[{"width":750,"height":400,"url":"https:\/\/www.webdo.tn\/fr\/wp-content\/uploads\/2025\/06\/52bb2e27b35dd267d5b4f0348c8a71d8.webp","type":"image\/webp"}],"author":"MC","twitter_card":"summary_large_image","twitter_creator":"@webdo_tn","twitter_site":"@webdo_tn","twitter_misc":{"\u00c9crit par":"MC","Dur\u00e9e de lecture estim\u00e9e":"3 minutes"},"schema":{"@context":"https:\/\/schema.org","@graph":[{"@type":"NewsArticle","@id":"https:\/\/www.webdo.tn\/fr\/actualite\/national\/tunisie-l-arp-s-apprete-a-entamer-l-examen-du-decret-54\/222405\/#article","isPartOf":{"@id":"https:\/\/www.webdo.tn\/fr\/actualite\/national\/tunisie-l-arp-s-apprete-a-entamer-l-examen-du-decret-54\/222405\/"},"author":{"name":"MC","@id":"https:\/\/www.webdo.tn\/fr\/#\/schema\/person\/2c4929cbf5a809e3bd38617c6ce150f6"},"headline":"Tunisie : Vers l\u2019examen du d\u00e9cret 54 ?","datePublished":"2025-06-05T10:46:00+00:00","mainEntityOfPage":{"@id":"https:\/\/www.webdo.tn\/fr\/actualite\/national\/tunisie-l-arp-s-apprete-a-entamer-l-examen-du-decret-54\/222405\/"},"wordCount":542,"commentCount":0,"publisher":{"@id":"https:\/\/www.webdo.tn\/fr\/#organization"},"image":{"@id":"https:\/\/www.webdo.tn\/fr\/actualite\/national\/tunisie-l-arp-s-apprete-a-entamer-l-examen-du-decret-54\/222405\/#primaryimage"},"thumbnailUrl":"https:\/\/www.webdo.tn\/fr\/wp-content\/uploads\/2025\/06\/52bb2e27b35dd267d5b4f0348c8a71d8.webp","keywords":["ARP","d\u00e9cret 54","Parlement","Tunisie"],"articleSection":["National"],"inLanguage":"fr-FR"},{"@type":"WebPage","@id":"https:\/\/www.webdo.tn\/fr\/actualite\/national\/tunisie-l-arp-s-apprete-a-entamer-l-examen-du-decret-54\/222405\/","url":"https:\/\/www.webdo.tn\/fr\/actualite\/national\/tunisie-l-arp-s-apprete-a-entamer-l-examen-du-decret-54\/222405\/","name":"Tunisie : Vers l\u2019examen du d\u00e9cret 54 ?","isPartOf":{"@id":"https:\/\/www.webdo.tn\/fr\/#website"},"primaryImageOfPage":{"@id":"https:\/\/www.webdo.tn\/fr\/actualite\/national\/tunisie-l-arp-s-apprete-a-entamer-l-examen-du-decret-54\/222405\/#primaryimage"},"image":{"@id":"https:\/\/www.webdo.tn\/fr\/actualite\/national\/tunisie-l-arp-s-apprete-a-entamer-l-examen-du-decret-54\/222405\/#primaryimage"},"thumbnailUrl":"https:\/\/www.webdo.tn\/fr\/wp-content\/uploads\/2025\/06\/52bb2e27b35dd267d5b4f0348c8a71d8.webp","datePublished":"2025-06-05T10:46:00+00:00","description":"Le Parlement tunisien s\u2019appr\u00eate \u00e0 examiner la r\u00e9vision du d\u00e9cret-loi n\u00b054 apr\u00e8s l\u2019A\u00efd. Une \u00e9tape cruciale pour les libert\u00e9s num\u00e9riques et l\u2019organisation du pays...","breadcrumb":{"@id":"https:\/\/www.webdo.tn\/fr\/actualite\/national\/tunisie-l-arp-s-apprete-a-entamer-l-examen-du-decret-54\/222405\/#breadcrumb"},"inLanguage":"fr-FR","potentialAction":[{"@type":"ReadAction","target":["https:\/\/www.webdo.tn\/fr\/actualite\/national\/tunisie-l-arp-s-apprete-a-entamer-l-examen-du-decret-54\/222405\/"]}]},{"@type":"ImageObject","inLanguage":"fr-FR","@id":"https:\/\/www.webdo.tn\/fr\/actualite\/national\/tunisie-l-arp-s-apprete-a-entamer-l-examen-du-decret-54\/222405\/#primaryimage","url":"https:\/\/www.webdo.tn\/fr\/wp-content\/uploads\/2025\/06\/52bb2e27b35dd267d5b4f0348c8a71d8.webp","contentUrl":"https:\/\/www.webdo.tn\/fr\/wp-content\/uploads\/2025\/06\/52bb2e27b35dd267d5b4f0348c8a71d8.webp","width":750,"height":400,"caption":"Tunisie : Vers l\u2019examen du d\u00e9cret 54 ?"},{"@type":"BreadcrumbList","@id":"https:\/\/www.webdo.tn\/fr\/actualite\/national\/tunisie-l-arp-s-apprete-a-entamer-l-examen-du-decret-54\/222405\/#breadcrumb","itemListElement":[{"@type":"ListItem","position":1,"name":"Accueil","item":"https:\/\/www.webdo.tn\/fr\/"},{"@type":"ListItem","position":2,"name":"Tunisie : Vers l\u2019examen du d\u00e9cret 54 ?"}]},{"@type":"WebSite","@id":"https:\/\/www.webdo.tn\/fr\/#website","url":"https:\/\/www.webdo.tn\/fr\/","name":"webdo","description":"Tunisie - News en Tunisie et \u00e0 l&#039;international sur Webdo.tn","publisher":{"@id":"https:\/\/www.webdo.tn\/fr\/#organization"},"potentialAction":[{"@type":"SearchAction","target":{"@type":"EntryPoint","urlTemplate":"https:\/\/www.webdo.tn\/fr\/?s={search_term_string}"},"query-input":{"@type":"PropertyValueSpecification","valueRequired":true,"valueName":"search_term_string"}}],"inLanguage":"fr-FR"},{"@type":"Organization","@id":"https:\/\/www.webdo.tn\/fr\/#organization","name":"Webdo","alternateName":"Webdo.tn","url":"https:\/\/www.webdo.tn\/fr\/","logo":{"@type":"ImageObject","inLanguage":"fr-FR","@id":"https:\/\/www.webdo.tn\/fr\/#\/schema\/logo\/image\/","url":"https:\/\/www.webdo.tn\/fr\/wp-content\/uploads\/2025\/06\/Webdo-Tunisie_168377.jpg","contentUrl":"https:\/\/www.webdo.tn\/fr\/wp-content\/uploads\/2025\/06\/Webdo-Tunisie_168377.jpg","width":301,"height":301,"caption":"Webdo"},"image":{"@id":"https:\/\/www.webdo.tn\/fr\/#\/schema\/logo\/image\/"},"sameAs":["https:\/\/www.facebook.com\/webdotn","https:\/\/x.com\/webdo_tn"],"description":"Webdo est un m\u00e9dia num\u00e9rique tunisien fond\u00e9 en 2010, sp\u00e9cialis\u00e9 dans l\u2019actualit\u00e9 nationale et internationale, l\u2019\u00e9conomie, la soci\u00e9t\u00e9 et les analyses politiques. Le site s\u2019adresse \u00e0 un large public francophone et couvre l\u2019information tunisienne en temps r\u00e9el.","email":"redac@webdo.tn","legalName":"YNJ SARL","foundingDate":"2010-09-06","numberOfEmployees":{"@type":"QuantitativeValue","minValue":"11","maxValue":"50"}},{"@type":"Person","@id":"https:\/\/www.webdo.tn\/fr\/#\/schema\/person\/2c4929cbf5a809e3bd38617c6ce150f6","name":"MC","image":{"@type":"ImageObject","inLanguage":"fr-FR","@id":"https:\/\/secure.gravatar.com\/avatar\/a545bbb6f84efdd5553dbbc2895e3ca8f1d12c5215e00a041c9670b54aa9b18a?s=96&d=mm&r=g","url":"https:\/\/secure.gravatar.com\/avatar\/a545bbb6f84efdd5553dbbc2895e3ca8f1d12c5215e00a041c9670b54aa9b18a?s=96&d=mm&r=g","contentUrl":"https:\/\/secure.gravatar.com\/avatar\/a545bbb6f84efdd5553dbbc2895e3ca8f1d12c5215e00a041c9670b54aa9b18a?s=96&d=mm&r=g","caption":"MC"},"url":"https:\/\/www.webdo.tn\/fr\/actualite\/author\/mc\/"}]}},"_links":{"self":[{"href":"https:\/\/www.webdo.tn\/fr\/wp-json\/wp\/v2\/posts\/222405","targetHints":{"allow":["GET"]}}],"collection":[{"href":"https:\/\/www.webdo.tn\/fr\/wp-json\/wp\/v2\/posts"}],"about":[{"href":"https:\/\/www.webdo.tn\/fr\/wp-json\/wp\/v2\/types\/post"}],"author":[{"embeddable":true,"href":"https:\/\/www.webdo.tn\/fr\/wp-json\/wp\/v2\/users\/3162"}],"replies":[{"embeddable":true,"href":"https:\/\/www.webdo.tn\/fr\/wp-json\/wp\/v2\/comments?post=222405"}],"version-history":[{"count":0,"href":"https:\/\/www.webdo.tn\/fr\/wp-json\/wp\/v2\/posts\/222405\/revisions"}],"wp:featuredmedia":[{"embeddable":true,"href":"https:\/\/www.webdo.tn\/fr\/wp-json\/wp\/v2\/media\/376301"}],"wp:attachment":[{"href":"https:\/\/www.webdo.tn\/fr\/wp-json\/wp\/v2\/media?parent=222405"}],"wp:term":[{"taxonomy":"category","embeddable":true,"href":"https:\/\/www.webdo.tn\/fr\/wp-json\/wp\/v2\/categories?post=222405"},{"taxonomy":"post_tag","embeddable":true,"href":"https:\/\/www.webdo.tn\/fr\/wp-json\/wp\/v2\/tags?post=222405"}],"curies":[{"name":"wp","href":"https:\/\/api.w.org\/{rel}","templated":true}]}}