{"id":222404,"date":"2025-06-05T10:37:00","date_gmt":"2025-06-05T10:37:00","guid":{"rendered":"https:\/\/www.webdo.tn\/fr\/actualite\/blog\/tunis-revision-a-venir-des-tarifs-pour-les-mariages-au-belvedere\/222404\/"},"modified":"2025-06-05T10:37:00","modified_gmt":"2025-06-05T10:37:00","slug":"tunis-revision-a-venir-des-tarifs-pour-les-mariages-au-belvedere","status":"publish","type":"post","link":"https:\/\/www.webdo.tn\/fr\/actualite\/national\/tunis-revision-a-venir-des-tarifs-pour-les-mariages-au-belvedere\/222404\/","title":{"rendered":"Tunis : R\u00e9vision \u00e0 venir des tarifs pour les mariages au Belv\u00e9d\u00e8re"},"content":{"rendered":"<p>Le directeur de la culture, de l\u2019enfance, de la jeunesse, des sports et des affaires sociales de la municipalit\u00e9 de Tunis, Khaled Ben Yedder, a annonc\u00e9 ce jeudi 5 juin 2025 qu&rsquo;une r\u00e9vision des tarifs appliqu\u00e9s pour la c\u00e9l\u00e9bration des mariages dans l\u2019espace du bassin du Belv\u00e9d\u00e8re est envisag\u00e9e.<\/p>\n<p> Intervenant sur les ondes de la radio nationale, Ben Yedder est revenu sur une d\u00e9claration faite la veille, dans laquelle il affirmait que les prix pratiqu\u00e9s \u00e0 Kobbet Enahhas \u00e9taient plus \u00e9lev\u00e9s que ceux du Belv\u00e9d\u00e8re. Il a reconnu que cette d\u00e9claration \u00e9tait inexacte.\u00a0<\/p>\n<p>Il a pr\u00e9cis\u00e9 que le tarif pour une heure et demie \u00e0 Kobbet Enahas s\u2019\u00e9l\u00e8ve \u00e0 1 400 dinars, et non \u00e0 4 000 dinars pour une heure comme il l\u2019avait initialement indiqu\u00e9.<\/p>\n<p>Ben Yedder a \u00e9galement soulign\u00e9 que \u00a0\u00bb cet espace est priv\u00e9, et ne peut donc \u00eatre compar\u00e9 \u00e0 un espace public comme celui du Belv\u00e9d\u00e8re\u00a0\u00bb.<\/p>\n<p>Pour rappel, dans une pr\u00e9c\u00e9dente d\u00e9claration, il avait indiqu\u00e9 que la location de l\u2019espace mariage co\u00fbterait 2 500 dinars de mai \u00e0 octobre, et 1 500 dinars le reste de l\u2019ann\u00e9e.<\/p>\n","protected":false},"excerpt":{"rendered":"<p>Le directeur municipal Khaled Ben Yedder annonce une r\u00e9vision des tarifs de location pour les mariages au Belv\u00e9d\u00e8re, apr\u00e8s avoir corrig\u00e9 ses propos sur les prix&#8230;<\/p>\n","protected":false},"author":3163,"featured_media":376303,"comment_status":"open","ping_status":"closed","sticky":false,"template":"","format":"standard","meta":{"footnotes":""},"categories":[44],"tags":[6799,2865,3829,2608],"class_list":["post-222404","post","type-post","status-publish","format-standard","has-post-thumbnail","hentry","category-national","tag-belvedere","tag-mariage","tag-piscine","tag-tunisie"],"yoast_head":"<!-- This site is optimized with the Yoast SEO Premium plugin v27.4 (Yoast SEO v27.5) - https:\/\/yoast.com\/product\/yoast-seo-premium-wordpress\/ -->\n<title>Tunis : R\u00e9vision \u00e0 venir des tarifs pour les mariages au Belv\u00e9d\u00e8re<\/title>\n<meta name=\"description\" content=\"Le directeur municipal Khaled Ben Yedder annonce une r\u00e9vision des tarifs de location pour les mariages au Belv\u00e9d\u00e8re, apr\u00e8s avoir corrig\u00e9 ses propos sur les prix...\" \/>\n<link rel=\"canonical\" href=\"https:\/\/www.webdo.tn\/fr\/actualite\/national\/tunis-revision-a-venir-des-tarifs-pour-les-mariages-au-belvedere\/222404\/\" \/>\n<meta property=\"og:locale\" content=\"fr_FR\" \/>\n<meta property=\"og:type\" content=\"article\" \/>\n<meta property=\"og:title\" content=\"Tunis : R\u00e9vision \u00e0 venir des tarifs pour les mariages au Belv\u00e9d\u00e8re\" \/>\n<meta property=\"og:description\" content=\"Le directeur municipal Khaled Ben Yedder annonce une r\u00e9vision des tarifs de location pour les mariages au Belv\u00e9d\u00e8re, apr\u00e8s avoir corrig\u00e9 ses propos sur les prix...\" \/>\n<meta property=\"og:url\" content=\"https:\/\/www.webdo.tn\/fr\/actualite\/national\/tunis-revision-a-venir-des-tarifs-pour-les-mariages-au-belvedere\/222404\/\" \/>\n<meta property=\"og:site_name\" content=\"webdo\" \/>\n<meta property=\"article:publisher\" content=\"https:\/\/www.facebook.com\/webdotn\" \/>\n<meta property=\"article:published_time\" content=\"2025-06-05T10:37:00+00:00\" \/>\n<meta property=\"og:image\" content=\"https:\/\/www.webdo.tn\/fr\/wp-content\/uploads\/2025\/06\/4e488cefae1465cc8dede05be9f1892b.webp\" \/>\n\t<meta property=\"og:image:width\" content=\"750\" \/>\n\t<meta property=\"og:image:height\" content=\"400\" \/>\n\t<meta property=\"og:image:type\" content=\"image\/webp\" \/>\n<meta name=\"author\" content=\"KJ\" \/>\n<meta name=\"twitter:card\" content=\"summary_large_image\" \/>\n<meta name=\"twitter:creator\" content=\"@webdo_tn\" \/>\n<meta name=\"twitter:site\" content=\"@webdo_tn\" \/>\n<meta name=\"twitter:label1\" content=\"\u00c9crit par\" \/>\n\t<meta name=\"twitter:data1\" content=\"KJ\" \/>\n\t<meta name=\"twitter:label2\" content=\"Dur\u00e9e de lecture estim\u00e9e\" \/>\n\t<meta name=\"twitter:data2\" content=\"1 minute\" \/>\n<script type=\"application\/ld+json\" class=\"yoast-schema-graph\">{\"@context\":\"https:\\\/\\\/schema.org\",\"@graph\":[{\"@type\":\"NewsArticle\",\"@id\":\"https:\\\/\\\/www.webdo.tn\\\/fr\\\/actualite\\\/national\\\/tunis-revision-a-venir-des-tarifs-pour-les-mariages-au-belvedere\\\/222404\\\/#article\",\"isPartOf\":{\"@id\":\"https:\\\/\\\/www.webdo.tn\\\/fr\\\/actualite\\\/national\\\/tunis-revision-a-venir-des-tarifs-pour-les-mariages-au-belvedere\\\/222404\\\/\"},\"author\":{\"name\":\"KJ\",\"@id\":\"https:\\\/\\\/www.webdo.tn\\\/fr\\\/#\\\/schema\\\/person\\\/82ca085b22037d285e1a3c4b65ba5f71\"},\"headline\":\"Tunis : R\u00e9vision \u00e0 venir des tarifs pour les mariages au Belv\u00e9d\u00e8re\",\"datePublished\":\"2025-06-05T10:37:00+00:00\",\"mainEntityOfPage\":{\"@id\":\"https:\\\/\\\/www.webdo.tn\\\/fr\\\/actualite\\\/national\\\/tunis-revision-a-venir-des-tarifs-pour-les-mariages-au-belvedere\\\/222404\\\/\"},\"wordCount\":207,\"commentCount\":0,\"publisher\":{\"@id\":\"https:\\\/\\\/www.webdo.tn\\\/fr\\\/#organization\"},\"image\":{\"@id\":\"https:\\\/\\\/www.webdo.tn\\\/fr\\\/actualite\\\/national\\\/tunis-revision-a-venir-des-tarifs-pour-les-mariages-au-belvedere\\\/222404\\\/#primaryimage\"},\"thumbnailUrl\":\"https:\\\/\\\/www.webdo.tn\\\/fr\\\/wp-content\\\/uploads\\\/2025\\\/06\\\/4e488cefae1465cc8dede05be9f1892b.webp\",\"keywords\":[\"belv\u00e9d\u00e8re\",\"Mariage\",\"piscine\",\"Tunisie\"],\"articleSection\":[\"National\"],\"inLanguage\":\"fr-FR\"},{\"@type\":\"WebPage\",\"@id\":\"https:\\\/\\\/www.webdo.tn\\\/fr\\\/actualite\\\/national\\\/tunis-revision-a-venir-des-tarifs-pour-les-mariages-au-belvedere\\\/222404\\\/\",\"url\":\"https:\\\/\\\/www.webdo.tn\\\/fr\\\/actualite\\\/national\\\/tunis-revision-a-venir-des-tarifs-pour-les-mariages-au-belvedere\\\/222404\\\/\",\"name\":\"Tunis : R\u00e9vision \u00e0 venir des tarifs pour les mariages au Belv\u00e9d\u00e8re\",\"isPartOf\":{\"@id\":\"https:\\\/\\\/www.webdo.tn\\\/fr\\\/#website\"},\"primaryImageOfPage\":{\"@id\":\"https:\\\/\\\/www.webdo.tn\\\/fr\\\/actualite\\\/national\\\/tunis-revision-a-venir-des-tarifs-pour-les-mariages-au-belvedere\\\/222404\\\/#primaryimage\"},\"image\":{\"@id\":\"https:\\\/\\\/www.webdo.tn\\\/fr\\\/actualite\\\/national\\\/tunis-revision-a-venir-des-tarifs-pour-les-mariages-au-belvedere\\\/222404\\\/#primaryimage\"},\"thumbnailUrl\":\"https:\\\/\\\/www.webdo.tn\\\/fr\\\/wp-content\\\/uploads\\\/2025\\\/06\\\/4e488cefae1465cc8dede05be9f1892b.webp\",\"datePublished\":\"2025-06-05T10:37:00+00:00\",\"description\":\"Le directeur municipal Khaled Ben Yedder annonce une r\u00e9vision des tarifs de location pour les mariages au Belv\u00e9d\u00e8re, apr\u00e8s avoir corrig\u00e9 ses propos sur les prix...\",\"breadcrumb\":{\"@id\":\"https:\\\/\\\/www.webdo.tn\\\/fr\\\/actualite\\\/national\\\/tunis-revision-a-venir-des-tarifs-pour-les-mariages-au-belvedere\\\/222404\\\/#breadcrumb\"},\"inLanguage\":\"fr-FR\",\"potentialAction\":[{\"@type\":\"ReadAction\",\"target\":[\"https:\\\/\\\/www.webdo.tn\\\/fr\\\/actualite\\\/national\\\/tunis-revision-a-venir-des-tarifs-pour-les-mariages-au-belvedere\\\/222404\\\/\"]}]},{\"@type\":\"ImageObject\",\"inLanguage\":\"fr-FR\",\"@id\":\"https:\\\/\\\/www.webdo.tn\\\/fr\\\/actualite\\\/national\\\/tunis-revision-a-venir-des-tarifs-pour-les-mariages-au-belvedere\\\/222404\\\/#primaryimage\",\"url\":\"https:\\\/\\\/www.webdo.tn\\\/fr\\\/wp-content\\\/uploads\\\/2025\\\/06\\\/4e488cefae1465cc8dede05be9f1892b.webp\",\"contentUrl\":\"https:\\\/\\\/www.webdo.tn\\\/fr\\\/wp-content\\\/uploads\\\/2025\\\/06\\\/4e488cefae1465cc8dede05be9f1892b.webp\",\"width\":750,\"height\":400,\"caption\":\"Tunis : R\u00e9vision \u00e0 venir des tarifs pour les mariages au Belv\u00e9d\u00e8re\"},{\"@type\":\"BreadcrumbList\",\"@id\":\"https:\\\/\\\/www.webdo.tn\\\/fr\\\/actualite\\\/national\\\/tunis-revision-a-venir-des-tarifs-pour-les-mariages-au-belvedere\\\/222404\\\/#breadcrumb\",\"itemListElement\":[{\"@type\":\"ListItem\",\"position\":1,\"name\":\"Accueil\",\"item\":\"https:\\\/\\\/www.webdo.tn\\\/fr\\\/\"},{\"@type\":\"ListItem\",\"position\":2,\"name\":\"Tunis : R\u00e9vision \u00e0 venir des tarifs pour les mariages au Belv\u00e9d\u00e8re\"}]},{\"@type\":\"WebSite\",\"@id\":\"https:\\\/\\\/www.webdo.tn\\\/fr\\\/#website\",\"url\":\"https:\\\/\\\/www.webdo.tn\\\/fr\\\/\",\"name\":\"webdo\",\"description\":\"Tunisie - News en Tunisie et \u00e0 l&#039;international sur Webdo.tn\",\"publisher\":{\"@id\":\"https:\\\/\\\/www.webdo.tn\\\/fr\\\/#organization\"},\"potentialAction\":[{\"@type\":\"SearchAction\",\"target\":{\"@type\":\"EntryPoint\",\"urlTemplate\":\"https:\\\/\\\/www.webdo.tn\\\/fr\\\/?s={search_term_string}\"},\"query-input\":{\"@type\":\"PropertyValueSpecification\",\"valueRequired\":true,\"valueName\":\"search_term_string\"}}],\"inLanguage\":\"fr-FR\"},{\"@type\":\"Organization\",\"@id\":\"https:\\\/\\\/www.webdo.tn\\\/fr\\\/#organization\",\"name\":\"Webdo\",\"alternateName\":\"Webdo.tn\",\"url\":\"https:\\\/\\\/www.webdo.tn\\\/fr\\\/\",\"logo\":{\"@type\":\"ImageObject\",\"inLanguage\":\"fr-FR\",\"@id\":\"https:\\\/\\\/www.webdo.tn\\\/fr\\\/#\\\/schema\\\/logo\\\/image\\\/\",\"url\":\"https:\\\/\\\/www.webdo.tn\\\/fr\\\/wp-content\\\/uploads\\\/2025\\\/06\\\/Webdo-Tunisie_168377.jpg\",\"contentUrl\":\"https:\\\/\\\/www.webdo.tn\\\/fr\\\/wp-content\\\/uploads\\\/2025\\\/06\\\/Webdo-Tunisie_168377.jpg\",\"width\":301,\"height\":301,\"caption\":\"Webdo\"},\"image\":{\"@id\":\"https:\\\/\\\/www.webdo.tn\\\/fr\\\/#\\\/schema\\\/logo\\\/image\\\/\"},\"sameAs\":[\"https:\\\/\\\/www.facebook.com\\\/webdotn\",\"https:\\\/\\\/x.com\\\/webdo_tn\"],\"description\":\"Webdo est un m\u00e9dia num\u00e9rique tunisien fond\u00e9 en 2010, sp\u00e9cialis\u00e9 dans l\u2019actualit\u00e9 nationale et internationale, l\u2019\u00e9conomie, la soci\u00e9t\u00e9 et les analyses politiques. Le site s\u2019adresse \u00e0 un large public francophone et couvre l\u2019information tunisienne en temps r\u00e9el.\",\"email\":\"redac@webdo.tn\",\"legalName\":\"YNJ SARL\",\"foundingDate\":\"2010-09-06\",\"numberOfEmployees\":{\"@type\":\"QuantitativeValue\",\"minValue\":\"11\",\"maxValue\":\"50\"}},{\"@type\":\"Person\",\"@id\":\"https:\\\/\\\/www.webdo.tn\\\/fr\\\/#\\\/schema\\\/person\\\/82ca085b22037d285e1a3c4b65ba5f71\",\"name\":\"KJ\",\"image\":{\"@type\":\"ImageObject\",\"inLanguage\":\"fr-FR\",\"@id\":\"https:\\\/\\\/secure.gravatar.com\\\/avatar\\\/1a1320de1c1971c893f00068f760b4113d69504aa21273da17ee95650c5944fd?s=96&d=mm&r=g\",\"url\":\"https:\\\/\\\/secure.gravatar.com\\\/avatar\\\/1a1320de1c1971c893f00068f760b4113d69504aa21273da17ee95650c5944fd?s=96&d=mm&r=g\",\"contentUrl\":\"https:\\\/\\\/secure.gravatar.com\\\/avatar\\\/1a1320de1c1971c893f00068f760b4113d69504aa21273da17ee95650c5944fd?s=96&d=mm&r=g\",\"caption\":\"KJ\"},\"url\":\"https:\\\/\\\/www.webdo.tn\\\/fr\\\/actualite\\\/author\\\/kj\\\/\"}]}<\/script>\n<!-- \/ Yoast SEO Premium plugin. -->","yoast_head_json":{"title":"Tunis : R\u00e9vision \u00e0 venir des tarifs pour les mariages au Belv\u00e9d\u00e8re","description":"Le directeur municipal Khaled Ben Yedder annonce une r\u00e9vision des tarifs de location pour les mariages au Belv\u00e9d\u00e8re, apr\u00e8s avoir corrig\u00e9 ses propos sur les prix...","canonical":"https:\/\/www.webdo.tn\/fr\/actualite\/national\/tunis-revision-a-venir-des-tarifs-pour-les-mariages-au-belvedere\/222404\/","og_locale":"fr_FR","og_type":"article","og_title":"Tunis : R\u00e9vision \u00e0 venir des tarifs pour les mariages au Belv\u00e9d\u00e8re","og_description":"Le directeur municipal Khaled Ben Yedder annonce une r\u00e9vision des tarifs de location pour les mariages au Belv\u00e9d\u00e8re, apr\u00e8s avoir corrig\u00e9 ses propos sur les prix...","og_url":"https:\/\/www.webdo.tn\/fr\/actualite\/national\/tunis-revision-a-venir-des-tarifs-pour-les-mariages-au-belvedere\/222404\/","og_site_name":"webdo","article_publisher":"https:\/\/www.facebook.com\/webdotn","article_published_time":"2025-06-05T10:37:00+00:00","og_image":[{"width":750,"height":400,"url":"https:\/\/www.webdo.tn\/fr\/wp-content\/uploads\/2025\/06\/4e488cefae1465cc8dede05be9f1892b.webp","type":"image\/webp"}],"author":"KJ","twitter_card":"summary_large_image","twitter_creator":"@webdo_tn","twitter_site":"@webdo_tn","twitter_misc":{"\u00c9crit par":"KJ","Dur\u00e9e de lecture estim\u00e9e":"1 minute"},"schema":{"@context":"https:\/\/schema.org","@graph":[{"@type":"NewsArticle","@id":"https:\/\/www.webdo.tn\/fr\/actualite\/national\/tunis-revision-a-venir-des-tarifs-pour-les-mariages-au-belvedere\/222404\/#article","isPartOf":{"@id":"https:\/\/www.webdo.tn\/fr\/actualite\/national\/tunis-revision-a-venir-des-tarifs-pour-les-mariages-au-belvedere\/222404\/"},"author":{"name":"KJ","@id":"https:\/\/www.webdo.tn\/fr\/#\/schema\/person\/82ca085b22037d285e1a3c4b65ba5f71"},"headline":"Tunis : R\u00e9vision \u00e0 venir des tarifs pour les mariages au Belv\u00e9d\u00e8re","datePublished":"2025-06-05T10:37:00+00:00","mainEntityOfPage":{"@id":"https:\/\/www.webdo.tn\/fr\/actualite\/national\/tunis-revision-a-venir-des-tarifs-pour-les-mariages-au-belvedere\/222404\/"},"wordCount":207,"commentCount":0,"publisher":{"@id":"https:\/\/www.webdo.tn\/fr\/#organization"},"image":{"@id":"https:\/\/www.webdo.tn\/fr\/actualite\/national\/tunis-revision-a-venir-des-tarifs-pour-les-mariages-au-belvedere\/222404\/#primaryimage"},"thumbnailUrl":"https:\/\/www.webdo.tn\/fr\/wp-content\/uploads\/2025\/06\/4e488cefae1465cc8dede05be9f1892b.webp","keywords":["belv\u00e9d\u00e8re","Mariage","piscine","Tunisie"],"articleSection":["National"],"inLanguage":"fr-FR"},{"@type":"WebPage","@id":"https:\/\/www.webdo.tn\/fr\/actualite\/national\/tunis-revision-a-venir-des-tarifs-pour-les-mariages-au-belvedere\/222404\/","url":"https:\/\/www.webdo.tn\/fr\/actualite\/national\/tunis-revision-a-venir-des-tarifs-pour-les-mariages-au-belvedere\/222404\/","name":"Tunis : R\u00e9vision \u00e0 venir des tarifs pour les mariages au Belv\u00e9d\u00e8re","isPartOf":{"@id":"https:\/\/www.webdo.tn\/fr\/#website"},"primaryImageOfPage":{"@id":"https:\/\/www.webdo.tn\/fr\/actualite\/national\/tunis-revision-a-venir-des-tarifs-pour-les-mariages-au-belvedere\/222404\/#primaryimage"},"image":{"@id":"https:\/\/www.webdo.tn\/fr\/actualite\/national\/tunis-revision-a-venir-des-tarifs-pour-les-mariages-au-belvedere\/222404\/#primaryimage"},"thumbnailUrl":"https:\/\/www.webdo.tn\/fr\/wp-content\/uploads\/2025\/06\/4e488cefae1465cc8dede05be9f1892b.webp","datePublished":"2025-06-05T10:37:00+00:00","description":"Le directeur municipal Khaled Ben Yedder annonce une r\u00e9vision des tarifs de location pour les mariages au Belv\u00e9d\u00e8re, apr\u00e8s avoir corrig\u00e9 ses propos sur les prix...","breadcrumb":{"@id":"https:\/\/www.webdo.tn\/fr\/actualite\/national\/tunis-revision-a-venir-des-tarifs-pour-les-mariages-au-belvedere\/222404\/#breadcrumb"},"inLanguage":"fr-FR","potentialAction":[{"@type":"ReadAction","target":["https:\/\/www.webdo.tn\/fr\/actualite\/national\/tunis-revision-a-venir-des-tarifs-pour-les-mariages-au-belvedere\/222404\/"]}]},{"@type":"ImageObject","inLanguage":"fr-FR","@id":"https:\/\/www.webdo.tn\/fr\/actualite\/national\/tunis-revision-a-venir-des-tarifs-pour-les-mariages-au-belvedere\/222404\/#primaryimage","url":"https:\/\/www.webdo.tn\/fr\/wp-content\/uploads\/2025\/06\/4e488cefae1465cc8dede05be9f1892b.webp","contentUrl":"https:\/\/www.webdo.tn\/fr\/wp-content\/uploads\/2025\/06\/4e488cefae1465cc8dede05be9f1892b.webp","width":750,"height":400,"caption":"Tunis : R\u00e9vision \u00e0 venir des tarifs pour les mariages au Belv\u00e9d\u00e8re"},{"@type":"BreadcrumbList","@id":"https:\/\/www.webdo.tn\/fr\/actualite\/national\/tunis-revision-a-venir-des-tarifs-pour-les-mariages-au-belvedere\/222404\/#breadcrumb","itemListElement":[{"@type":"ListItem","position":1,"name":"Accueil","item":"https:\/\/www.webdo.tn\/fr\/"},{"@type":"ListItem","position":2,"name":"Tunis : R\u00e9vision \u00e0 venir des tarifs pour les mariages au Belv\u00e9d\u00e8re"}]},{"@type":"WebSite","@id":"https:\/\/www.webdo.tn\/fr\/#website","url":"https:\/\/www.webdo.tn\/fr\/","name":"webdo","description":"Tunisie - News en Tunisie et \u00e0 l&#039;international sur Webdo.tn","publisher":{"@id":"https:\/\/www.webdo.tn\/fr\/#organization"},"potentialAction":[{"@type":"SearchAction","target":{"@type":"EntryPoint","urlTemplate":"https:\/\/www.webdo.tn\/fr\/?s={search_term_string}"},"query-input":{"@type":"PropertyValueSpecification","valueRequired":true,"valueName":"search_term_string"}}],"inLanguage":"fr-FR"},{"@type":"Organization","@id":"https:\/\/www.webdo.tn\/fr\/#organization","name":"Webdo","alternateName":"Webdo.tn","url":"https:\/\/www.webdo.tn\/fr\/","logo":{"@type":"ImageObject","inLanguage":"fr-FR","@id":"https:\/\/www.webdo.tn\/fr\/#\/schema\/logo\/image\/","url":"https:\/\/www.webdo.tn\/fr\/wp-content\/uploads\/2025\/06\/Webdo-Tunisie_168377.jpg","contentUrl":"https:\/\/www.webdo.tn\/fr\/wp-content\/uploads\/2025\/06\/Webdo-Tunisie_168377.jpg","width":301,"height":301,"caption":"Webdo"},"image":{"@id":"https:\/\/www.webdo.tn\/fr\/#\/schema\/logo\/image\/"},"sameAs":["https:\/\/www.facebook.com\/webdotn","https:\/\/x.com\/webdo_tn"],"description":"Webdo est un m\u00e9dia num\u00e9rique tunisien fond\u00e9 en 2010, sp\u00e9cialis\u00e9 dans l\u2019actualit\u00e9 nationale et internationale, l\u2019\u00e9conomie, la soci\u00e9t\u00e9 et les analyses politiques. Le site s\u2019adresse \u00e0 un large public francophone et couvre l\u2019information tunisienne en temps r\u00e9el.","email":"redac@webdo.tn","legalName":"YNJ SARL","foundingDate":"2010-09-06","numberOfEmployees":{"@type":"QuantitativeValue","minValue":"11","maxValue":"50"}},{"@type":"Person","@id":"https:\/\/www.webdo.tn\/fr\/#\/schema\/person\/82ca085b22037d285e1a3c4b65ba5f71","name":"KJ","image":{"@type":"ImageObject","inLanguage":"fr-FR","@id":"https:\/\/secure.gravatar.com\/avatar\/1a1320de1c1971c893f00068f760b4113d69504aa21273da17ee95650c5944fd?s=96&d=mm&r=g","url":"https:\/\/secure.gravatar.com\/avatar\/1a1320de1c1971c893f00068f760b4113d69504aa21273da17ee95650c5944fd?s=96&d=mm&r=g","contentUrl":"https:\/\/secure.gravatar.com\/avatar\/1a1320de1c1971c893f00068f760b4113d69504aa21273da17ee95650c5944fd?s=96&d=mm&r=g","caption":"KJ"},"url":"https:\/\/www.webdo.tn\/fr\/actualite\/author\/kj\/"}]}},"_links":{"self":[{"href":"https:\/\/www.webdo.tn\/fr\/wp-json\/wp\/v2\/posts\/222404","targetHints":{"allow":["GET"]}}],"collection":[{"href":"https:\/\/www.webdo.tn\/fr\/wp-json\/wp\/v2\/posts"}],"about":[{"href":"https:\/\/www.webdo.tn\/fr\/wp-json\/wp\/v2\/types\/post"}],"author":[{"embeddable":true,"href":"https:\/\/www.webdo.tn\/fr\/wp-json\/wp\/v2\/users\/3163"}],"replies":[{"embeddable":true,"href":"https:\/\/www.webdo.tn\/fr\/wp-json\/wp\/v2\/comments?post=222404"}],"version-history":[{"count":0,"href":"https:\/\/www.webdo.tn\/fr\/wp-json\/wp\/v2\/posts\/222404\/revisions"}],"wp:featuredmedia":[{"embeddable":true,"href":"https:\/\/www.webdo.tn\/fr\/wp-json\/wp\/v2\/media\/376303"}],"wp:attachment":[{"href":"https:\/\/www.webdo.tn\/fr\/wp-json\/wp\/v2\/media?parent=222404"}],"wp:term":[{"taxonomy":"category","embeddable":true,"href":"https:\/\/www.webdo.tn\/fr\/wp-json\/wp\/v2\/categories?post=222404"},{"taxonomy":"post_tag","embeddable":true,"href":"https:\/\/www.webdo.tn\/fr\/wp-json\/wp\/v2\/tags?post=222404"}],"curies":[{"name":"wp","href":"https:\/\/api.w.org\/{rel}","templated":true}]}}