{"id":222400,"date":"2025-06-05T08:02:00","date_gmt":"2025-06-05T08:02:00","guid":{"rendered":"https:\/\/www.webdo.tn\/fr\/actualite\/blog\/tunisie-saied-s-attaque-de-nouveau-a-l-administration\/222400\/"},"modified":"2025-06-05T08:02:00","modified_gmt":"2025-06-05T08:02:00","slug":"tunisie-saied-s-attaque-de-nouveau-a-l-administration","status":"publish","type":"post","link":"https:\/\/www.webdo.tn\/fr\/actualite\/national\/tunisie-saied-s-attaque-de-nouveau-a-l-administration\/222400\/","title":{"rendered":"Tunisie : Sa\u00efed s\u2019attaque de nouveau \u00e0 l\u2019administration\u00a0"},"content":{"rendered":"<p>Le pr\u00e9sident de la R\u00e9publique Ka\u00efs Sa\u00efed a une nouvelle fois dirig\u00e9 ses critiques contre l\u2019administration tunisienne, lors de sa rencontre, ce mercredi 4 juin 2025 au palais de Carthage, avec la cheffe du gouvernement, Sara Za\u00e2frani Zenzri.\u00a0<\/p>\n<p> Fid\u00e8le \u00e0 sa rh\u00e9torique de fermet\u00e9, il a mis en garde contre toute tentative de sabotage ou de privatisation d\u00e9guis\u00e9e des institutions publiques, mena\u00e7ant les responsables de telles d\u00e9rives de sanctions l\u00e9gales.<\/p>\n<p>\u00ab Il n\u2019y aura aucun compromis sur nos institutions et nos entreprises publiques. Toute personne ayant contribu\u00e9 \u00e0 leur destruction pour pr\u00e9parer leur cession devra en r\u00e9pondre devant la loi \u00bb, a-t-il martel\u00e9, selon un communiqu\u00e9 de la pr\u00e9sidence.<\/p>\n<p>Le chef de l\u2019\u00c9tat ne s\u2019est pas limit\u00e9 \u00e0 une d\u00e9nonciation de principe. Il a point\u00e9 du doigt des pratiques qu\u2019il juge inadmissibles dans certains services administratifs, qualifiant leur fonctionnement d\u2019\u00ab anormal \u00bb. Il a ainsi r\u00e9clam\u00e9 des mesures s\u00e9v\u00e8res \u00e0 l\u2019encontre de tout acte de n\u00e9gligence d\u00e9lib\u00e9r\u00e9e ou de manquement volontaire \u00e0 l\u2019obligation de service.<\/p>\n<p>Dans sa vision, l\u2019administration doit \u00eatre \u00ab au service des citoyens sans discrimination \u00bb, et ceux qui la dirigent devraient faire preuve d\u2019exemplarit\u00e9, en se montrant \u00e0 la hauteur de leur mission.<\/p>\n<p>Ka\u00efs Sa\u00efed a aussi critiqu\u00e9 la multiplication des institutions qui, selon lui, dilapident l\u2019argent public sans atteindre les objectifs pour lesquels elles ont \u00e9t\u00e9 cr\u00e9\u00e9es. Il a pr\u00f4n\u00e9 une rationalisation des structures administratives, misant sur l\u2019efficacit\u00e9 plut\u00f4t que sur la quantit\u00e9.<\/p>\n<p>Le pr\u00e9sident a aussi appel\u00e9 \u00e0 confier davantage de responsabilit\u00e9s aux jeunes, porteurs, selon lui, d\u2019un nouvel \u00e9lan patriotique. Il estime que l\u2019heure est venue pour eux de \u00ab prendre le relais \u00bb, \u00e0 condition de repenser les textes l\u00e9gislatifs pour favoriser l\u2019\u00e9mergence d\u2019une nouvelle mani\u00e8re de g\u00e9rer les affaires publiques.<\/p>\n","protected":false},"excerpt":{"rendered":"<p>En recevant la cheffe du gouvernement, Ka\u00efs Sa\u00efed a d\u00e9nonc\u00e9 les dysfonctionnements administratifs et promis des sanctions pour ceux qui sabotent les services pu&#8230;<\/p>\n","protected":false},"author":3163,"featured_media":376296,"comment_status":"open","ping_status":"closed","sticky":false,"template":"","format":"standard","meta":{"footnotes":""},"categories":[44],"tags":[4816,3418,2608],"class_list":["post-222400","post","type-post","status-publish","format-standard","has-post-thumbnail","hentry","category-national","tag-administration","tag-saied","tag-tunisie"],"yoast_head":"<!-- This site is optimized with the Yoast SEO Premium plugin v27.5 (Yoast SEO v27.5) - https:\/\/yoast.com\/product\/yoast-seo-premium-wordpress\/ -->\n<title>Tunisie : Sa\u00efed s\u2019attaque de nouveau \u00e0 l\u2019administration\u00a0<\/title>\n<meta name=\"description\" content=\"En recevant la cheffe du gouvernement, Ka\u00efs Sa\u00efed a d\u00e9nonc\u00e9 les dysfonctionnements administratifs et promis des sanctions pour ceux qui sabotent les services pu...\" \/>\n<link rel=\"canonical\" href=\"https:\/\/www.webdo.tn\/fr\/actualite\/national\/tunisie-saied-s-attaque-de-nouveau-a-l-administration\/222400\/\" \/>\n<meta property=\"og:locale\" content=\"fr_FR\" \/>\n<meta property=\"og:type\" content=\"article\" \/>\n<meta property=\"og:title\" content=\"Tunisie : Sa\u00efed s\u2019attaque de nouveau \u00e0 l\u2019administration\u00a0\" \/>\n<meta property=\"og:description\" content=\"En recevant la cheffe du gouvernement, Ka\u00efs Sa\u00efed a d\u00e9nonc\u00e9 les dysfonctionnements administratifs et promis des sanctions pour ceux qui sabotent les services pu...\" \/>\n<meta property=\"og:url\" content=\"https:\/\/www.webdo.tn\/fr\/actualite\/national\/tunisie-saied-s-attaque-de-nouveau-a-l-administration\/222400\/\" \/>\n<meta property=\"og:site_name\" content=\"webdo\" \/>\n<meta property=\"article:publisher\" content=\"https:\/\/www.facebook.com\/webdotn\" \/>\n<meta property=\"article:published_time\" content=\"2025-06-05T08:02:00+00:00\" \/>\n<meta property=\"og:image\" content=\"https:\/\/www.webdo.tn\/fr\/wp-content\/uploads\/2025\/06\/5493a458d12148727ac54e1fd8adb79c.webp\" \/>\n\t<meta property=\"og:image:width\" content=\"750\" \/>\n\t<meta property=\"og:image:height\" content=\"400\" \/>\n\t<meta property=\"og:image:type\" content=\"image\/webp\" \/>\n<meta name=\"author\" content=\"KJ\" \/>\n<meta name=\"twitter:card\" content=\"summary_large_image\" \/>\n<meta name=\"twitter:creator\" content=\"@webdo_tn\" \/>\n<meta name=\"twitter:site\" content=\"@webdo_tn\" \/>\n<meta name=\"twitter:label1\" content=\"\u00c9crit par\" \/>\n\t<meta name=\"twitter:data1\" content=\"KJ\" \/>\n\t<meta name=\"twitter:label2\" content=\"Dur\u00e9e de lecture estim\u00e9e\" \/>\n\t<meta name=\"twitter:data2\" content=\"2 minutes\" \/>\n<script type=\"application\/ld+json\" class=\"yoast-schema-graph\">{\"@context\":\"https:\\\/\\\/schema.org\",\"@graph\":[{\"@type\":\"NewsArticle\",\"@id\":\"https:\\\/\\\/www.webdo.tn\\\/fr\\\/actualite\\\/national\\\/tunisie-saied-s-attaque-de-nouveau-a-l-administration\\\/222400\\\/#article\",\"isPartOf\":{\"@id\":\"https:\\\/\\\/www.webdo.tn\\\/fr\\\/actualite\\\/national\\\/tunisie-saied-s-attaque-de-nouveau-a-l-administration\\\/222400\\\/\"},\"author\":{\"name\":\"KJ\",\"@id\":\"https:\\\/\\\/www.webdo.tn\\\/fr\\\/#\\\/schema\\\/person\\\/82ca085b22037d285e1a3c4b65ba5f71\"},\"headline\":\"Tunisie : Sa\u00efed s\u2019attaque de nouveau \u00e0 l\u2019administration\u00a0\",\"datePublished\":\"2025-06-05T08:02:00+00:00\",\"mainEntityOfPage\":{\"@id\":\"https:\\\/\\\/www.webdo.tn\\\/fr\\\/actualite\\\/national\\\/tunisie-saied-s-attaque-de-nouveau-a-l-administration\\\/222400\\\/\"},\"wordCount\":329,\"commentCount\":0,\"publisher\":{\"@id\":\"https:\\\/\\\/www.webdo.tn\\\/fr\\\/#organization\"},\"image\":{\"@id\":\"https:\\\/\\\/www.webdo.tn\\\/fr\\\/actualite\\\/national\\\/tunisie-saied-s-attaque-de-nouveau-a-l-administration\\\/222400\\\/#primaryimage\"},\"thumbnailUrl\":\"https:\\\/\\\/www.webdo.tn\\\/fr\\\/wp-content\\\/uploads\\\/2025\\\/06\\\/5493a458d12148727ac54e1fd8adb79c.webp\",\"keywords\":[\"administration\",\"Saied\",\"Tunisie\"],\"articleSection\":[\"National\"],\"inLanguage\":\"fr-FR\"},{\"@type\":\"WebPage\",\"@id\":\"https:\\\/\\\/www.webdo.tn\\\/fr\\\/actualite\\\/national\\\/tunisie-saied-s-attaque-de-nouveau-a-l-administration\\\/222400\\\/\",\"url\":\"https:\\\/\\\/www.webdo.tn\\\/fr\\\/actualite\\\/national\\\/tunisie-saied-s-attaque-de-nouveau-a-l-administration\\\/222400\\\/\",\"name\":\"Tunisie : Sa\u00efed s\u2019attaque de nouveau \u00e0 l\u2019administration\u00a0\",\"isPartOf\":{\"@id\":\"https:\\\/\\\/www.webdo.tn\\\/fr\\\/#website\"},\"primaryImageOfPage\":{\"@id\":\"https:\\\/\\\/www.webdo.tn\\\/fr\\\/actualite\\\/national\\\/tunisie-saied-s-attaque-de-nouveau-a-l-administration\\\/222400\\\/#primaryimage\"},\"image\":{\"@id\":\"https:\\\/\\\/www.webdo.tn\\\/fr\\\/actualite\\\/national\\\/tunisie-saied-s-attaque-de-nouveau-a-l-administration\\\/222400\\\/#primaryimage\"},\"thumbnailUrl\":\"https:\\\/\\\/www.webdo.tn\\\/fr\\\/wp-content\\\/uploads\\\/2025\\\/06\\\/5493a458d12148727ac54e1fd8adb79c.webp\",\"datePublished\":\"2025-06-05T08:02:00+00:00\",\"description\":\"En recevant la cheffe du gouvernement, Ka\u00efs Sa\u00efed a d\u00e9nonc\u00e9 les dysfonctionnements administratifs et promis des sanctions pour ceux qui sabotent les services pu...\",\"breadcrumb\":{\"@id\":\"https:\\\/\\\/www.webdo.tn\\\/fr\\\/actualite\\\/national\\\/tunisie-saied-s-attaque-de-nouveau-a-l-administration\\\/222400\\\/#breadcrumb\"},\"inLanguage\":\"fr-FR\",\"potentialAction\":[{\"@type\":\"ReadAction\",\"target\":[\"https:\\\/\\\/www.webdo.tn\\\/fr\\\/actualite\\\/national\\\/tunisie-saied-s-attaque-de-nouveau-a-l-administration\\\/222400\\\/\"]}]},{\"@type\":\"ImageObject\",\"inLanguage\":\"fr-FR\",\"@id\":\"https:\\\/\\\/www.webdo.tn\\\/fr\\\/actualite\\\/national\\\/tunisie-saied-s-attaque-de-nouveau-a-l-administration\\\/222400\\\/#primaryimage\",\"url\":\"https:\\\/\\\/www.webdo.tn\\\/fr\\\/wp-content\\\/uploads\\\/2025\\\/06\\\/5493a458d12148727ac54e1fd8adb79c.webp\",\"contentUrl\":\"https:\\\/\\\/www.webdo.tn\\\/fr\\\/wp-content\\\/uploads\\\/2025\\\/06\\\/5493a458d12148727ac54e1fd8adb79c.webp\",\"width\":750,\"height\":400,\"caption\":\"Tunisie : Sa\u00efed s\u2019attaque de nouveau \u00e0 l\u2019administration\u00a0\"},{\"@type\":\"BreadcrumbList\",\"@id\":\"https:\\\/\\\/www.webdo.tn\\\/fr\\\/actualite\\\/national\\\/tunisie-saied-s-attaque-de-nouveau-a-l-administration\\\/222400\\\/#breadcrumb\",\"itemListElement\":[{\"@type\":\"ListItem\",\"position\":1,\"name\":\"Accueil\",\"item\":\"https:\\\/\\\/www.webdo.tn\\\/fr\\\/\"},{\"@type\":\"ListItem\",\"position\":2,\"name\":\"Tunisie : Sa\u00efed s\u2019attaque de nouveau \u00e0 l\u2019administration\u00a0\"}]},{\"@type\":\"WebSite\",\"@id\":\"https:\\\/\\\/www.webdo.tn\\\/fr\\\/#website\",\"url\":\"https:\\\/\\\/www.webdo.tn\\\/fr\\\/\",\"name\":\"webdo\",\"description\":\"Tunisie - News en Tunisie et \u00e0 l&#039;international sur Webdo.tn\",\"publisher\":{\"@id\":\"https:\\\/\\\/www.webdo.tn\\\/fr\\\/#organization\"},\"potentialAction\":[{\"@type\":\"SearchAction\",\"target\":{\"@type\":\"EntryPoint\",\"urlTemplate\":\"https:\\\/\\\/www.webdo.tn\\\/fr\\\/?s={search_term_string}\"},\"query-input\":{\"@type\":\"PropertyValueSpecification\",\"valueRequired\":true,\"valueName\":\"search_term_string\"}}],\"inLanguage\":\"fr-FR\"},{\"@type\":\"Organization\",\"@id\":\"https:\\\/\\\/www.webdo.tn\\\/fr\\\/#organization\",\"name\":\"Webdo\",\"alternateName\":\"Webdo.tn\",\"url\":\"https:\\\/\\\/www.webdo.tn\\\/fr\\\/\",\"logo\":{\"@type\":\"ImageObject\",\"inLanguage\":\"fr-FR\",\"@id\":\"https:\\\/\\\/www.webdo.tn\\\/fr\\\/#\\\/schema\\\/logo\\\/image\\\/\",\"url\":\"https:\\\/\\\/www.webdo.tn\\\/fr\\\/wp-content\\\/uploads\\\/2025\\\/06\\\/Webdo-Tunisie_168377.jpg\",\"contentUrl\":\"https:\\\/\\\/www.webdo.tn\\\/fr\\\/wp-content\\\/uploads\\\/2025\\\/06\\\/Webdo-Tunisie_168377.jpg\",\"width\":301,\"height\":301,\"caption\":\"Webdo\"},\"image\":{\"@id\":\"https:\\\/\\\/www.webdo.tn\\\/fr\\\/#\\\/schema\\\/logo\\\/image\\\/\"},\"sameAs\":[\"https:\\\/\\\/www.facebook.com\\\/webdotn\",\"https:\\\/\\\/x.com\\\/webdo_tn\"],\"description\":\"Webdo est un m\u00e9dia num\u00e9rique tunisien fond\u00e9 en 2010, sp\u00e9cialis\u00e9 dans l\u2019actualit\u00e9 nationale et internationale, l\u2019\u00e9conomie, la soci\u00e9t\u00e9 et les analyses politiques. Le site s\u2019adresse \u00e0 un large public francophone et couvre l\u2019information tunisienne en temps r\u00e9el.\",\"email\":\"redac@webdo.tn\",\"legalName\":\"YNJ SARL\",\"foundingDate\":\"2010-09-06\",\"numberOfEmployees\":{\"@type\":\"QuantitativeValue\",\"minValue\":\"11\",\"maxValue\":\"50\"}},{\"@type\":\"Person\",\"@id\":\"https:\\\/\\\/www.webdo.tn\\\/fr\\\/#\\\/schema\\\/person\\\/82ca085b22037d285e1a3c4b65ba5f71\",\"name\":\"KJ\",\"image\":{\"@type\":\"ImageObject\",\"inLanguage\":\"fr-FR\",\"@id\":\"https:\\\/\\\/secure.gravatar.com\\\/avatar\\\/1a1320de1c1971c893f00068f760b4113d69504aa21273da17ee95650c5944fd?s=96&d=mm&r=g\",\"url\":\"https:\\\/\\\/secure.gravatar.com\\\/avatar\\\/1a1320de1c1971c893f00068f760b4113d69504aa21273da17ee95650c5944fd?s=96&d=mm&r=g\",\"contentUrl\":\"https:\\\/\\\/secure.gravatar.com\\\/avatar\\\/1a1320de1c1971c893f00068f760b4113d69504aa21273da17ee95650c5944fd?s=96&d=mm&r=g\",\"caption\":\"KJ\"},\"url\":\"https:\\\/\\\/www.webdo.tn\\\/fr\\\/actualite\\\/author\\\/kj\\\/\"}]}<\/script>\n<!-- \/ Yoast SEO Premium plugin. -->","yoast_head_json":{"title":"Tunisie : Sa\u00efed s\u2019attaque de nouveau \u00e0 l\u2019administration\u00a0","description":"En recevant la cheffe du gouvernement, Ka\u00efs Sa\u00efed a d\u00e9nonc\u00e9 les dysfonctionnements administratifs et promis des sanctions pour ceux qui sabotent les services pu...","canonical":"https:\/\/www.webdo.tn\/fr\/actualite\/national\/tunisie-saied-s-attaque-de-nouveau-a-l-administration\/222400\/","og_locale":"fr_FR","og_type":"article","og_title":"Tunisie : Sa\u00efed s\u2019attaque de nouveau \u00e0 l\u2019administration\u00a0","og_description":"En recevant la cheffe du gouvernement, Ka\u00efs Sa\u00efed a d\u00e9nonc\u00e9 les dysfonctionnements administratifs et promis des sanctions pour ceux qui sabotent les services pu...","og_url":"https:\/\/www.webdo.tn\/fr\/actualite\/national\/tunisie-saied-s-attaque-de-nouveau-a-l-administration\/222400\/","og_site_name":"webdo","article_publisher":"https:\/\/www.facebook.com\/webdotn","article_published_time":"2025-06-05T08:02:00+00:00","og_image":[{"width":750,"height":400,"url":"https:\/\/www.webdo.tn\/fr\/wp-content\/uploads\/2025\/06\/5493a458d12148727ac54e1fd8adb79c.webp","type":"image\/webp"}],"author":"KJ","twitter_card":"summary_large_image","twitter_creator":"@webdo_tn","twitter_site":"@webdo_tn","twitter_misc":{"\u00c9crit par":"KJ","Dur\u00e9e de lecture estim\u00e9e":"2 minutes"},"schema":{"@context":"https:\/\/schema.org","@graph":[{"@type":"NewsArticle","@id":"https:\/\/www.webdo.tn\/fr\/actualite\/national\/tunisie-saied-s-attaque-de-nouveau-a-l-administration\/222400\/#article","isPartOf":{"@id":"https:\/\/www.webdo.tn\/fr\/actualite\/national\/tunisie-saied-s-attaque-de-nouveau-a-l-administration\/222400\/"},"author":{"name":"KJ","@id":"https:\/\/www.webdo.tn\/fr\/#\/schema\/person\/82ca085b22037d285e1a3c4b65ba5f71"},"headline":"Tunisie : Sa\u00efed s\u2019attaque de nouveau \u00e0 l\u2019administration\u00a0","datePublished":"2025-06-05T08:02:00+00:00","mainEntityOfPage":{"@id":"https:\/\/www.webdo.tn\/fr\/actualite\/national\/tunisie-saied-s-attaque-de-nouveau-a-l-administration\/222400\/"},"wordCount":329,"commentCount":0,"publisher":{"@id":"https:\/\/www.webdo.tn\/fr\/#organization"},"image":{"@id":"https:\/\/www.webdo.tn\/fr\/actualite\/national\/tunisie-saied-s-attaque-de-nouveau-a-l-administration\/222400\/#primaryimage"},"thumbnailUrl":"https:\/\/www.webdo.tn\/fr\/wp-content\/uploads\/2025\/06\/5493a458d12148727ac54e1fd8adb79c.webp","keywords":["administration","Saied","Tunisie"],"articleSection":["National"],"inLanguage":"fr-FR"},{"@type":"WebPage","@id":"https:\/\/www.webdo.tn\/fr\/actualite\/national\/tunisie-saied-s-attaque-de-nouveau-a-l-administration\/222400\/","url":"https:\/\/www.webdo.tn\/fr\/actualite\/national\/tunisie-saied-s-attaque-de-nouveau-a-l-administration\/222400\/","name":"Tunisie : Sa\u00efed s\u2019attaque de nouveau \u00e0 l\u2019administration\u00a0","isPartOf":{"@id":"https:\/\/www.webdo.tn\/fr\/#website"},"primaryImageOfPage":{"@id":"https:\/\/www.webdo.tn\/fr\/actualite\/national\/tunisie-saied-s-attaque-de-nouveau-a-l-administration\/222400\/#primaryimage"},"image":{"@id":"https:\/\/www.webdo.tn\/fr\/actualite\/national\/tunisie-saied-s-attaque-de-nouveau-a-l-administration\/222400\/#primaryimage"},"thumbnailUrl":"https:\/\/www.webdo.tn\/fr\/wp-content\/uploads\/2025\/06\/5493a458d12148727ac54e1fd8adb79c.webp","datePublished":"2025-06-05T08:02:00+00:00","description":"En recevant la cheffe du gouvernement, Ka\u00efs Sa\u00efed a d\u00e9nonc\u00e9 les dysfonctionnements administratifs et promis des sanctions pour ceux qui sabotent les services pu...","breadcrumb":{"@id":"https:\/\/www.webdo.tn\/fr\/actualite\/national\/tunisie-saied-s-attaque-de-nouveau-a-l-administration\/222400\/#breadcrumb"},"inLanguage":"fr-FR","potentialAction":[{"@type":"ReadAction","target":["https:\/\/www.webdo.tn\/fr\/actualite\/national\/tunisie-saied-s-attaque-de-nouveau-a-l-administration\/222400\/"]}]},{"@type":"ImageObject","inLanguage":"fr-FR","@id":"https:\/\/www.webdo.tn\/fr\/actualite\/national\/tunisie-saied-s-attaque-de-nouveau-a-l-administration\/222400\/#primaryimage","url":"https:\/\/www.webdo.tn\/fr\/wp-content\/uploads\/2025\/06\/5493a458d12148727ac54e1fd8adb79c.webp","contentUrl":"https:\/\/www.webdo.tn\/fr\/wp-content\/uploads\/2025\/06\/5493a458d12148727ac54e1fd8adb79c.webp","width":750,"height":400,"caption":"Tunisie : Sa\u00efed s\u2019attaque de nouveau \u00e0 l\u2019administration\u00a0"},{"@type":"BreadcrumbList","@id":"https:\/\/www.webdo.tn\/fr\/actualite\/national\/tunisie-saied-s-attaque-de-nouveau-a-l-administration\/222400\/#breadcrumb","itemListElement":[{"@type":"ListItem","position":1,"name":"Accueil","item":"https:\/\/www.webdo.tn\/fr\/"},{"@type":"ListItem","position":2,"name":"Tunisie : Sa\u00efed s\u2019attaque de nouveau \u00e0 l\u2019administration\u00a0"}]},{"@type":"WebSite","@id":"https:\/\/www.webdo.tn\/fr\/#website","url":"https:\/\/www.webdo.tn\/fr\/","name":"webdo","description":"Tunisie - News en Tunisie et \u00e0 l&#039;international sur Webdo.tn","publisher":{"@id":"https:\/\/www.webdo.tn\/fr\/#organization"},"potentialAction":[{"@type":"SearchAction","target":{"@type":"EntryPoint","urlTemplate":"https:\/\/www.webdo.tn\/fr\/?s={search_term_string}"},"query-input":{"@type":"PropertyValueSpecification","valueRequired":true,"valueName":"search_term_string"}}],"inLanguage":"fr-FR"},{"@type":"Organization","@id":"https:\/\/www.webdo.tn\/fr\/#organization","name":"Webdo","alternateName":"Webdo.tn","url":"https:\/\/www.webdo.tn\/fr\/","logo":{"@type":"ImageObject","inLanguage":"fr-FR","@id":"https:\/\/www.webdo.tn\/fr\/#\/schema\/logo\/image\/","url":"https:\/\/www.webdo.tn\/fr\/wp-content\/uploads\/2025\/06\/Webdo-Tunisie_168377.jpg","contentUrl":"https:\/\/www.webdo.tn\/fr\/wp-content\/uploads\/2025\/06\/Webdo-Tunisie_168377.jpg","width":301,"height":301,"caption":"Webdo"},"image":{"@id":"https:\/\/www.webdo.tn\/fr\/#\/schema\/logo\/image\/"},"sameAs":["https:\/\/www.facebook.com\/webdotn","https:\/\/x.com\/webdo_tn"],"description":"Webdo est un m\u00e9dia num\u00e9rique tunisien fond\u00e9 en 2010, sp\u00e9cialis\u00e9 dans l\u2019actualit\u00e9 nationale et internationale, l\u2019\u00e9conomie, la soci\u00e9t\u00e9 et les analyses politiques. Le site s\u2019adresse \u00e0 un large public francophone et couvre l\u2019information tunisienne en temps r\u00e9el.","email":"redac@webdo.tn","legalName":"YNJ SARL","foundingDate":"2010-09-06","numberOfEmployees":{"@type":"QuantitativeValue","minValue":"11","maxValue":"50"}},{"@type":"Person","@id":"https:\/\/www.webdo.tn\/fr\/#\/schema\/person\/82ca085b22037d285e1a3c4b65ba5f71","name":"KJ","image":{"@type":"ImageObject","inLanguage":"fr-FR","@id":"https:\/\/secure.gravatar.com\/avatar\/1a1320de1c1971c893f00068f760b4113d69504aa21273da17ee95650c5944fd?s=96&d=mm&r=g","url":"https:\/\/secure.gravatar.com\/avatar\/1a1320de1c1971c893f00068f760b4113d69504aa21273da17ee95650c5944fd?s=96&d=mm&r=g","contentUrl":"https:\/\/secure.gravatar.com\/avatar\/1a1320de1c1971c893f00068f760b4113d69504aa21273da17ee95650c5944fd?s=96&d=mm&r=g","caption":"KJ"},"url":"https:\/\/www.webdo.tn\/fr\/actualite\/author\/kj\/"}]}},"_links":{"self":[{"href":"https:\/\/www.webdo.tn\/fr\/wp-json\/wp\/v2\/posts\/222400","targetHints":{"allow":["GET"]}}],"collection":[{"href":"https:\/\/www.webdo.tn\/fr\/wp-json\/wp\/v2\/posts"}],"about":[{"href":"https:\/\/www.webdo.tn\/fr\/wp-json\/wp\/v2\/types\/post"}],"author":[{"embeddable":true,"href":"https:\/\/www.webdo.tn\/fr\/wp-json\/wp\/v2\/users\/3163"}],"replies":[{"embeddable":true,"href":"https:\/\/www.webdo.tn\/fr\/wp-json\/wp\/v2\/comments?post=222400"}],"version-history":[{"count":0,"href":"https:\/\/www.webdo.tn\/fr\/wp-json\/wp\/v2\/posts\/222400\/revisions"}],"wp:featuredmedia":[{"embeddable":true,"href":"https:\/\/www.webdo.tn\/fr\/wp-json\/wp\/v2\/media\/376296"}],"wp:attachment":[{"href":"https:\/\/www.webdo.tn\/fr\/wp-json\/wp\/v2\/media?parent=222400"}],"wp:term":[{"taxonomy":"category","embeddable":true,"href":"https:\/\/www.webdo.tn\/fr\/wp-json\/wp\/v2\/categories?post=222400"},{"taxonomy":"post_tag","embeddable":true,"href":"https:\/\/www.webdo.tn\/fr\/wp-json\/wp\/v2\/tags?post=222400"}],"curies":[{"name":"wp","href":"https:\/\/api.w.org\/{rel}","templated":true}]}}