{"id":222387,"date":"2025-06-04T12:14:00","date_gmt":"2025-06-04T12:14:00","guid":{"rendered":"https:\/\/www.webdo.tn\/fr\/actualite\/blog\/raoua-tlili-en-or-au-grand-prix-de-paris-deux-medailles-en-deux-jours-pour-l-icone-tunisienne\/222387\/"},"modified":"2025-06-05T16:17:23","modified_gmt":"2025-06-05T16:17:23","slug":"raoua-tlili-en-or-au-grand-prix-de-paris-deux-medailles-en-deux-jours-pour-l-icone-tunisienne","status":"publish","type":"post","link":"https:\/\/www.webdo.tn\/fr\/actualite\/sport\/raoua-tlili-en-or-au-grand-prix-de-paris-deux-medailles-en-deux-jours-pour-l-icone-tunisienne\/222387\/","title":{"rendered":"Raoua Tlili en or au Grand Prix de Paris : Deux m\u00e9dailles en deux jours pour l\u2019ic\u00f4ne tunisienne"},"content":{"rendered":"<p>La l\u00e9gende tunisienne du para-athl\u00e9tisme, Raoua Tlili, continue de briller sur la sc\u00e8ne internationale. Au Grand Prix de Paris, elle a remport\u00e9 deux m\u00e9dailles d\u2019or cons\u00e9cutives en deux jours, confirmant une fois de plus sa supr\u00e9matie dans les disciplines de lancer.<\/p>\n<p> La championne paralympique tunisienne Raoua Tlili a une nouvelle fois d\u00e9montr\u00e9 sa domination dans les \u00e9preuves de lancer, en remportant ce mercredi la m\u00e9daille d\u2019or du lancer de poids (cat\u00e9gorie F40\/F41) au Grand Prix international de para-athl\u00e9tisme \u00e0 Paris. Avec un jet mesur\u00e9 \u00e0 9,54 m\u00e8tres, Tlili signe son meilleur lancer de la saison.<\/p>\n<p>Ce nouveau sacre intervient seulement 24 heures apr\u00e8s une premi\u00e8re m\u00e9daille d\u2019or d\u00e9croch\u00e9e hier lors de l\u2019\u00e9preuve du lancer de disque dans la m\u00eame comp\u00e9tition. Un doubl\u00e9 remarquable qui confirme l\u2019excellence et la r\u00e9gularit\u00e9 de l\u2019athl\u00e8te tunisienne, d\u00e9j\u00e0 multiple m\u00e9daill\u00e9e mondiale et paralympique.<\/p>\n<p>Raoua Tlili, originaire de Gafsa, incarne depuis plus d&rsquo;une d\u00e9cennie l&rsquo;\u00e9lite du para-athl\u00e9tisme international. Sa force, sa technique et sa constance en font une ambassadrice incontournable du sport tunisien sur la sc\u00e8ne mondiale. Elle\u00a0a une nouvelle fois confirm\u00e9 son statut d\u2019ic\u00f4ne mondiale du para-athl\u00e9tisme, consolidant ses pr\u00e9paratifs en vue des Jeux Paralympiques de Paris 2024 o\u00f9 elle visera un nouveau sacre.<\/p>\n<p>Son compatriote Yassine Guennichi s\u2019est \u00e9galement distingu\u00e9 \u00e0 Paris en montant sur la deuxi\u00e8me marche du podium dans l\u2019\u00e9preuve du lancer de poids (cat\u00e9gorie F35\/F36), ajoutant une m\u00e9daille d\u2019argent au palmar\u00e8s tunisien lors de cette comp\u00e9tition.<\/p>\n","protected":false},"excerpt":{"rendered":"<p>Raoua Tlili remporte deux m\u00e9dailles d\u2019or en deux jours au Grand Prix de Paris. L\u2019athl\u00e8te tunisienne brille au lancer de disque et de poids, confirmant sa domina&#8230;<\/p>\n","protected":false},"author":3162,"featured_media":366216,"comment_status":"open","ping_status":"closed","sticky":false,"template":"","format":"standard","meta":{"footnotes":""},"categories":[2593],"tags":[11779,5540,6478,5802,2608],"class_list":["post-222387","post","type-post","status-publish","format-standard","has-post-thumbnail","hentry","category-sport","tag-grand-prix-de-paris","tag-medaille-dor","tag-para-athletisme","tag-raoua-tlili","tag-tunisie"],"yoast_head":"<!-- This site is optimized with the Yoast SEO Premium plugin v27.5 (Yoast SEO v27.5) - https:\/\/yoast.com\/product\/yoast-seo-premium-wordpress\/ -->\n<title>Raoua Tlili en or au Grand Prix de Paris : Deux m\u00e9dailles en deux jours pour l\u2019ic\u00f4ne tunisienne<\/title>\n<meta name=\"description\" content=\"Raoua Tlili remporte deux m\u00e9dailles d\u2019or en deux jours au Grand Prix de Paris. L\u2019athl\u00e8te tunisienne brille au lancer de disque et de poids, confirmant sa domina...\" \/>\n<link rel=\"canonical\" href=\"https:\/\/www.webdo.tn\/fr\/actualite\/sport\/raoua-tlili-en-or-au-grand-prix-de-paris-deux-medailles-en-deux-jours-pour-l-icone-tunisienne\/222387\/\" \/>\n<meta property=\"og:locale\" content=\"fr_FR\" \/>\n<meta property=\"og:type\" content=\"article\" \/>\n<meta property=\"og:title\" content=\"Raoua Tlili en or au Grand Prix de Paris : Deux m\u00e9dailles en deux jours pour l\u2019ic\u00f4ne tunisienne\" \/>\n<meta property=\"og:description\" content=\"Raoua Tlili remporte deux m\u00e9dailles d\u2019or en deux jours au Grand Prix de Paris. L\u2019athl\u00e8te tunisienne brille au lancer de disque et de poids, confirmant sa domina...\" \/>\n<meta property=\"og:url\" content=\"https:\/\/www.webdo.tn\/fr\/actualite\/sport\/raoua-tlili-en-or-au-grand-prix-de-paris-deux-medailles-en-deux-jours-pour-l-icone-tunisienne\/222387\/\" \/>\n<meta property=\"og:site_name\" content=\"webdo\" \/>\n<meta property=\"article:publisher\" content=\"https:\/\/www.facebook.com\/webdotn\" \/>\n<meta property=\"article:published_time\" content=\"2025-06-04T12:14:00+00:00\" \/>\n<meta property=\"article:modified_time\" content=\"2025-06-05T16:17:23+00:00\" \/>\n<meta property=\"og:image\" content=\"https:\/\/www.webdo.tn\/fr\/wp-content\/uploads\/2025\/06\/350765bc1cb94de8aaf6814591bbacd9.webp\" \/>\n\t<meta property=\"og:image:width\" content=\"680\" \/>\n\t<meta property=\"og:image:height\" content=\"363\" \/>\n\t<meta property=\"og:image:type\" content=\"image\/webp\" \/>\n<meta name=\"author\" content=\"MC\" \/>\n<meta name=\"twitter:card\" content=\"summary_large_image\" \/>\n<meta name=\"twitter:creator\" content=\"@webdo_tn\" \/>\n<meta name=\"twitter:site\" content=\"@webdo_tn\" \/>\n<meta name=\"twitter:label1\" content=\"\u00c9crit par\" \/>\n\t<meta name=\"twitter:data1\" content=\"MC\" \/>\n\t<meta name=\"twitter:label2\" content=\"Dur\u00e9e de lecture estim\u00e9e\" \/>\n\t<meta name=\"twitter:data2\" content=\"1 minute\" \/>\n<script type=\"application\/ld+json\" class=\"yoast-schema-graph\">{\"@context\":\"https:\\\/\\\/schema.org\",\"@graph\":[{\"@type\":\"NewsArticle\",\"@id\":\"https:\\\/\\\/www.webdo.tn\\\/fr\\\/actualite\\\/sport\\\/raoua-tlili-en-or-au-grand-prix-de-paris-deux-medailles-en-deux-jours-pour-l-icone-tunisienne\\\/222387\\\/#article\",\"isPartOf\":{\"@id\":\"https:\\\/\\\/www.webdo.tn\\\/fr\\\/actualite\\\/sport\\\/raoua-tlili-en-or-au-grand-prix-de-paris-deux-medailles-en-deux-jours-pour-l-icone-tunisienne\\\/222387\\\/\"},\"author\":{\"name\":\"MC\",\"@id\":\"https:\\\/\\\/www.webdo.tn\\\/fr\\\/#\\\/schema\\\/person\\\/2c4929cbf5a809e3bd38617c6ce150f6\"},\"headline\":\"Raoua Tlili en or au Grand Prix de Paris : Deux m\u00e9dailles en deux jours pour l\u2019ic\u00f4ne tunisienne\",\"datePublished\":\"2025-06-04T12:14:00+00:00\",\"dateModified\":\"2025-06-05T16:17:23+00:00\",\"mainEntityOfPage\":{\"@id\":\"https:\\\/\\\/www.webdo.tn\\\/fr\\\/actualite\\\/sport\\\/raoua-tlili-en-or-au-grand-prix-de-paris-deux-medailles-en-deux-jours-pour-l-icone-tunisienne\\\/222387\\\/\"},\"wordCount\":298,\"commentCount\":0,\"publisher\":{\"@id\":\"https:\\\/\\\/www.webdo.tn\\\/fr\\\/#organization\"},\"image\":{\"@id\":\"https:\\\/\\\/www.webdo.tn\\\/fr\\\/actualite\\\/sport\\\/raoua-tlili-en-or-au-grand-prix-de-paris-deux-medailles-en-deux-jours-pour-l-icone-tunisienne\\\/222387\\\/#primaryimage\"},\"thumbnailUrl\":\"https:\\\/\\\/www.webdo.tn\\\/fr\\\/wp-content\\\/uploads\\\/2025\\\/06\\\/350765bc1cb94de8aaf6814591bbacd9.webp\",\"keywords\":[\"Grand Prix de Paris\",\"m\u00e9daille d'or\",\"para-athl\u00e9tisme\",\"Raoua Tlili\",\"Tunisie\"],\"articleSection\":[\"Sport\"],\"inLanguage\":\"fr-FR\"},{\"@type\":\"WebPage\",\"@id\":\"https:\\\/\\\/www.webdo.tn\\\/fr\\\/actualite\\\/sport\\\/raoua-tlili-en-or-au-grand-prix-de-paris-deux-medailles-en-deux-jours-pour-l-icone-tunisienne\\\/222387\\\/\",\"url\":\"https:\\\/\\\/www.webdo.tn\\\/fr\\\/actualite\\\/sport\\\/raoua-tlili-en-or-au-grand-prix-de-paris-deux-medailles-en-deux-jours-pour-l-icone-tunisienne\\\/222387\\\/\",\"name\":\"Raoua Tlili en or au Grand Prix de Paris : Deux m\u00e9dailles en deux jours pour l\u2019ic\u00f4ne tunisienne\",\"isPartOf\":{\"@id\":\"https:\\\/\\\/www.webdo.tn\\\/fr\\\/#website\"},\"primaryImageOfPage\":{\"@id\":\"https:\\\/\\\/www.webdo.tn\\\/fr\\\/actualite\\\/sport\\\/raoua-tlili-en-or-au-grand-prix-de-paris-deux-medailles-en-deux-jours-pour-l-icone-tunisienne\\\/222387\\\/#primaryimage\"},\"image\":{\"@id\":\"https:\\\/\\\/www.webdo.tn\\\/fr\\\/actualite\\\/sport\\\/raoua-tlili-en-or-au-grand-prix-de-paris-deux-medailles-en-deux-jours-pour-l-icone-tunisienne\\\/222387\\\/#primaryimage\"},\"thumbnailUrl\":\"https:\\\/\\\/www.webdo.tn\\\/fr\\\/wp-content\\\/uploads\\\/2025\\\/06\\\/350765bc1cb94de8aaf6814591bbacd9.webp\",\"datePublished\":\"2025-06-04T12:14:00+00:00\",\"dateModified\":\"2025-06-05T16:17:23+00:00\",\"description\":\"Raoua Tlili remporte deux m\u00e9dailles d\u2019or en deux jours au Grand Prix de Paris. L\u2019athl\u00e8te tunisienne brille au lancer de disque et de poids, confirmant sa domina...\",\"breadcrumb\":{\"@id\":\"https:\\\/\\\/www.webdo.tn\\\/fr\\\/actualite\\\/sport\\\/raoua-tlili-en-or-au-grand-prix-de-paris-deux-medailles-en-deux-jours-pour-l-icone-tunisienne\\\/222387\\\/#breadcrumb\"},\"inLanguage\":\"fr-FR\",\"potentialAction\":[{\"@type\":\"ReadAction\",\"target\":[\"https:\\\/\\\/www.webdo.tn\\\/fr\\\/actualite\\\/sport\\\/raoua-tlili-en-or-au-grand-prix-de-paris-deux-medailles-en-deux-jours-pour-l-icone-tunisienne\\\/222387\\\/\"]}]},{\"@type\":\"ImageObject\",\"inLanguage\":\"fr-FR\",\"@id\":\"https:\\\/\\\/www.webdo.tn\\\/fr\\\/actualite\\\/sport\\\/raoua-tlili-en-or-au-grand-prix-de-paris-deux-medailles-en-deux-jours-pour-l-icone-tunisienne\\\/222387\\\/#primaryimage\",\"url\":\"https:\\\/\\\/www.webdo.tn\\\/fr\\\/wp-content\\\/uploads\\\/2025\\\/06\\\/350765bc1cb94de8aaf6814591bbacd9.webp\",\"contentUrl\":\"https:\\\/\\\/www.webdo.tn\\\/fr\\\/wp-content\\\/uploads\\\/2025\\\/06\\\/350765bc1cb94de8aaf6814591bbacd9.webp\",\"width\":680,\"height\":363,\"caption\":\"Raoua Tlili en or au Grand Prix de Paris : Deux m\u00e9dailles en deux jours pour l\u2019ic\u00f4ne tunisienne\"},{\"@type\":\"BreadcrumbList\",\"@id\":\"https:\\\/\\\/www.webdo.tn\\\/fr\\\/actualite\\\/sport\\\/raoua-tlili-en-or-au-grand-prix-de-paris-deux-medailles-en-deux-jours-pour-l-icone-tunisienne\\\/222387\\\/#breadcrumb\",\"itemListElement\":[{\"@type\":\"ListItem\",\"position\":1,\"name\":\"Accueil\",\"item\":\"https:\\\/\\\/www.webdo.tn\\\/fr\\\/\"},{\"@type\":\"ListItem\",\"position\":2,\"name\":\"Raoua Tlili en or au Grand Prix de Paris : Deux m\u00e9dailles en deux jours pour l\u2019ic\u00f4ne tunisienne\"}]},{\"@type\":\"WebSite\",\"@id\":\"https:\\\/\\\/www.webdo.tn\\\/fr\\\/#website\",\"url\":\"https:\\\/\\\/www.webdo.tn\\\/fr\\\/\",\"name\":\"webdo\",\"description\":\"Tunisie - News en Tunisie et \u00e0 l&#039;international sur Webdo.tn\",\"publisher\":{\"@id\":\"https:\\\/\\\/www.webdo.tn\\\/fr\\\/#organization\"},\"potentialAction\":[{\"@type\":\"SearchAction\",\"target\":{\"@type\":\"EntryPoint\",\"urlTemplate\":\"https:\\\/\\\/www.webdo.tn\\\/fr\\\/?s={search_term_string}\"},\"query-input\":{\"@type\":\"PropertyValueSpecification\",\"valueRequired\":true,\"valueName\":\"search_term_string\"}}],\"inLanguage\":\"fr-FR\"},{\"@type\":\"Organization\",\"@id\":\"https:\\\/\\\/www.webdo.tn\\\/fr\\\/#organization\",\"name\":\"Webdo\",\"alternateName\":\"Webdo.tn\",\"url\":\"https:\\\/\\\/www.webdo.tn\\\/fr\\\/\",\"logo\":{\"@type\":\"ImageObject\",\"inLanguage\":\"fr-FR\",\"@id\":\"https:\\\/\\\/www.webdo.tn\\\/fr\\\/#\\\/schema\\\/logo\\\/image\\\/\",\"url\":\"https:\\\/\\\/www.webdo.tn\\\/fr\\\/wp-content\\\/uploads\\\/2025\\\/06\\\/Webdo-Tunisie_168377.jpg\",\"contentUrl\":\"https:\\\/\\\/www.webdo.tn\\\/fr\\\/wp-content\\\/uploads\\\/2025\\\/06\\\/Webdo-Tunisie_168377.jpg\",\"width\":301,\"height\":301,\"caption\":\"Webdo\"},\"image\":{\"@id\":\"https:\\\/\\\/www.webdo.tn\\\/fr\\\/#\\\/schema\\\/logo\\\/image\\\/\"},\"sameAs\":[\"https:\\\/\\\/www.facebook.com\\\/webdotn\",\"https:\\\/\\\/x.com\\\/webdo_tn\"],\"description\":\"Webdo est un m\u00e9dia num\u00e9rique tunisien fond\u00e9 en 2010, sp\u00e9cialis\u00e9 dans l\u2019actualit\u00e9 nationale et internationale, l\u2019\u00e9conomie, la soci\u00e9t\u00e9 et les analyses politiques. Le site s\u2019adresse \u00e0 un large public francophone et couvre l\u2019information tunisienne en temps r\u00e9el.\",\"email\":\"redac@webdo.tn\",\"legalName\":\"YNJ SARL\",\"foundingDate\":\"2010-09-06\",\"numberOfEmployees\":{\"@type\":\"QuantitativeValue\",\"minValue\":\"11\",\"maxValue\":\"50\"}},{\"@type\":\"Person\",\"@id\":\"https:\\\/\\\/www.webdo.tn\\\/fr\\\/#\\\/schema\\\/person\\\/2c4929cbf5a809e3bd38617c6ce150f6\",\"name\":\"MC\",\"image\":{\"@type\":\"ImageObject\",\"inLanguage\":\"fr-FR\",\"@id\":\"https:\\\/\\\/secure.gravatar.com\\\/avatar\\\/a545bbb6f84efdd5553dbbc2895e3ca8f1d12c5215e00a041c9670b54aa9b18a?s=96&d=mm&r=g\",\"url\":\"https:\\\/\\\/secure.gravatar.com\\\/avatar\\\/a545bbb6f84efdd5553dbbc2895e3ca8f1d12c5215e00a041c9670b54aa9b18a?s=96&d=mm&r=g\",\"contentUrl\":\"https:\\\/\\\/secure.gravatar.com\\\/avatar\\\/a545bbb6f84efdd5553dbbc2895e3ca8f1d12c5215e00a041c9670b54aa9b18a?s=96&d=mm&r=g\",\"caption\":\"MC\"},\"url\":\"https:\\\/\\\/www.webdo.tn\\\/fr\\\/actualite\\\/author\\\/mc\\\/\"}]}<\/script>\n<!-- \/ Yoast SEO Premium plugin. -->","yoast_head_json":{"title":"Raoua Tlili en or au Grand Prix de Paris : Deux m\u00e9dailles en deux jours pour l\u2019ic\u00f4ne tunisienne","description":"Raoua Tlili remporte deux m\u00e9dailles d\u2019or en deux jours au Grand Prix de Paris. L\u2019athl\u00e8te tunisienne brille au lancer de disque et de poids, confirmant sa domina...","canonical":"https:\/\/www.webdo.tn\/fr\/actualite\/sport\/raoua-tlili-en-or-au-grand-prix-de-paris-deux-medailles-en-deux-jours-pour-l-icone-tunisienne\/222387\/","og_locale":"fr_FR","og_type":"article","og_title":"Raoua Tlili en or au Grand Prix de Paris : Deux m\u00e9dailles en deux jours pour l\u2019ic\u00f4ne tunisienne","og_description":"Raoua Tlili remporte deux m\u00e9dailles d\u2019or en deux jours au Grand Prix de Paris. L\u2019athl\u00e8te tunisienne brille au lancer de disque et de poids, confirmant sa domina...","og_url":"https:\/\/www.webdo.tn\/fr\/actualite\/sport\/raoua-tlili-en-or-au-grand-prix-de-paris-deux-medailles-en-deux-jours-pour-l-icone-tunisienne\/222387\/","og_site_name":"webdo","article_publisher":"https:\/\/www.facebook.com\/webdotn","article_published_time":"2025-06-04T12:14:00+00:00","article_modified_time":"2025-06-05T16:17:23+00:00","og_image":[{"width":680,"height":363,"url":"https:\/\/www.webdo.tn\/fr\/wp-content\/uploads\/2025\/06\/350765bc1cb94de8aaf6814591bbacd9.webp","type":"image\/webp"}],"author":"MC","twitter_card":"summary_large_image","twitter_creator":"@webdo_tn","twitter_site":"@webdo_tn","twitter_misc":{"\u00c9crit par":"MC","Dur\u00e9e de lecture estim\u00e9e":"1 minute"},"schema":{"@context":"https:\/\/schema.org","@graph":[{"@type":"NewsArticle","@id":"https:\/\/www.webdo.tn\/fr\/actualite\/sport\/raoua-tlili-en-or-au-grand-prix-de-paris-deux-medailles-en-deux-jours-pour-l-icone-tunisienne\/222387\/#article","isPartOf":{"@id":"https:\/\/www.webdo.tn\/fr\/actualite\/sport\/raoua-tlili-en-or-au-grand-prix-de-paris-deux-medailles-en-deux-jours-pour-l-icone-tunisienne\/222387\/"},"author":{"name":"MC","@id":"https:\/\/www.webdo.tn\/fr\/#\/schema\/person\/2c4929cbf5a809e3bd38617c6ce150f6"},"headline":"Raoua Tlili en or au Grand Prix de Paris : Deux m\u00e9dailles en deux jours pour l\u2019ic\u00f4ne tunisienne","datePublished":"2025-06-04T12:14:00+00:00","dateModified":"2025-06-05T16:17:23+00:00","mainEntityOfPage":{"@id":"https:\/\/www.webdo.tn\/fr\/actualite\/sport\/raoua-tlili-en-or-au-grand-prix-de-paris-deux-medailles-en-deux-jours-pour-l-icone-tunisienne\/222387\/"},"wordCount":298,"commentCount":0,"publisher":{"@id":"https:\/\/www.webdo.tn\/fr\/#organization"},"image":{"@id":"https:\/\/www.webdo.tn\/fr\/actualite\/sport\/raoua-tlili-en-or-au-grand-prix-de-paris-deux-medailles-en-deux-jours-pour-l-icone-tunisienne\/222387\/#primaryimage"},"thumbnailUrl":"https:\/\/www.webdo.tn\/fr\/wp-content\/uploads\/2025\/06\/350765bc1cb94de8aaf6814591bbacd9.webp","keywords":["Grand Prix de Paris","m\u00e9daille d'or","para-athl\u00e9tisme","Raoua Tlili","Tunisie"],"articleSection":["Sport"],"inLanguage":"fr-FR"},{"@type":"WebPage","@id":"https:\/\/www.webdo.tn\/fr\/actualite\/sport\/raoua-tlili-en-or-au-grand-prix-de-paris-deux-medailles-en-deux-jours-pour-l-icone-tunisienne\/222387\/","url":"https:\/\/www.webdo.tn\/fr\/actualite\/sport\/raoua-tlili-en-or-au-grand-prix-de-paris-deux-medailles-en-deux-jours-pour-l-icone-tunisienne\/222387\/","name":"Raoua Tlili en or au Grand Prix de Paris : Deux m\u00e9dailles en deux jours pour l\u2019ic\u00f4ne tunisienne","isPartOf":{"@id":"https:\/\/www.webdo.tn\/fr\/#website"},"primaryImageOfPage":{"@id":"https:\/\/www.webdo.tn\/fr\/actualite\/sport\/raoua-tlili-en-or-au-grand-prix-de-paris-deux-medailles-en-deux-jours-pour-l-icone-tunisienne\/222387\/#primaryimage"},"image":{"@id":"https:\/\/www.webdo.tn\/fr\/actualite\/sport\/raoua-tlili-en-or-au-grand-prix-de-paris-deux-medailles-en-deux-jours-pour-l-icone-tunisienne\/222387\/#primaryimage"},"thumbnailUrl":"https:\/\/www.webdo.tn\/fr\/wp-content\/uploads\/2025\/06\/350765bc1cb94de8aaf6814591bbacd9.webp","datePublished":"2025-06-04T12:14:00+00:00","dateModified":"2025-06-05T16:17:23+00:00","description":"Raoua Tlili remporte deux m\u00e9dailles d\u2019or en deux jours au Grand Prix de Paris. L\u2019athl\u00e8te tunisienne brille au lancer de disque et de poids, confirmant sa domina...","breadcrumb":{"@id":"https:\/\/www.webdo.tn\/fr\/actualite\/sport\/raoua-tlili-en-or-au-grand-prix-de-paris-deux-medailles-en-deux-jours-pour-l-icone-tunisienne\/222387\/#breadcrumb"},"inLanguage":"fr-FR","potentialAction":[{"@type":"ReadAction","target":["https:\/\/www.webdo.tn\/fr\/actualite\/sport\/raoua-tlili-en-or-au-grand-prix-de-paris-deux-medailles-en-deux-jours-pour-l-icone-tunisienne\/222387\/"]}]},{"@type":"ImageObject","inLanguage":"fr-FR","@id":"https:\/\/www.webdo.tn\/fr\/actualite\/sport\/raoua-tlili-en-or-au-grand-prix-de-paris-deux-medailles-en-deux-jours-pour-l-icone-tunisienne\/222387\/#primaryimage","url":"https:\/\/www.webdo.tn\/fr\/wp-content\/uploads\/2025\/06\/350765bc1cb94de8aaf6814591bbacd9.webp","contentUrl":"https:\/\/www.webdo.tn\/fr\/wp-content\/uploads\/2025\/06\/350765bc1cb94de8aaf6814591bbacd9.webp","width":680,"height":363,"caption":"Raoua Tlili en or au Grand Prix de Paris : Deux m\u00e9dailles en deux jours pour l\u2019ic\u00f4ne tunisienne"},{"@type":"BreadcrumbList","@id":"https:\/\/www.webdo.tn\/fr\/actualite\/sport\/raoua-tlili-en-or-au-grand-prix-de-paris-deux-medailles-en-deux-jours-pour-l-icone-tunisienne\/222387\/#breadcrumb","itemListElement":[{"@type":"ListItem","position":1,"name":"Accueil","item":"https:\/\/www.webdo.tn\/fr\/"},{"@type":"ListItem","position":2,"name":"Raoua Tlili en or au Grand Prix de Paris : Deux m\u00e9dailles en deux jours pour l\u2019ic\u00f4ne tunisienne"}]},{"@type":"WebSite","@id":"https:\/\/www.webdo.tn\/fr\/#website","url":"https:\/\/www.webdo.tn\/fr\/","name":"webdo","description":"Tunisie - News en Tunisie et \u00e0 l&#039;international sur Webdo.tn","publisher":{"@id":"https:\/\/www.webdo.tn\/fr\/#organization"},"potentialAction":[{"@type":"SearchAction","target":{"@type":"EntryPoint","urlTemplate":"https:\/\/www.webdo.tn\/fr\/?s={search_term_string}"},"query-input":{"@type":"PropertyValueSpecification","valueRequired":true,"valueName":"search_term_string"}}],"inLanguage":"fr-FR"},{"@type":"Organization","@id":"https:\/\/www.webdo.tn\/fr\/#organization","name":"Webdo","alternateName":"Webdo.tn","url":"https:\/\/www.webdo.tn\/fr\/","logo":{"@type":"ImageObject","inLanguage":"fr-FR","@id":"https:\/\/www.webdo.tn\/fr\/#\/schema\/logo\/image\/","url":"https:\/\/www.webdo.tn\/fr\/wp-content\/uploads\/2025\/06\/Webdo-Tunisie_168377.jpg","contentUrl":"https:\/\/www.webdo.tn\/fr\/wp-content\/uploads\/2025\/06\/Webdo-Tunisie_168377.jpg","width":301,"height":301,"caption":"Webdo"},"image":{"@id":"https:\/\/www.webdo.tn\/fr\/#\/schema\/logo\/image\/"},"sameAs":["https:\/\/www.facebook.com\/webdotn","https:\/\/x.com\/webdo_tn"],"description":"Webdo est un m\u00e9dia num\u00e9rique tunisien fond\u00e9 en 2010, sp\u00e9cialis\u00e9 dans l\u2019actualit\u00e9 nationale et internationale, l\u2019\u00e9conomie, la soci\u00e9t\u00e9 et les analyses politiques. Le site s\u2019adresse \u00e0 un large public francophone et couvre l\u2019information tunisienne en temps r\u00e9el.","email":"redac@webdo.tn","legalName":"YNJ SARL","foundingDate":"2010-09-06","numberOfEmployees":{"@type":"QuantitativeValue","minValue":"11","maxValue":"50"}},{"@type":"Person","@id":"https:\/\/www.webdo.tn\/fr\/#\/schema\/person\/2c4929cbf5a809e3bd38617c6ce150f6","name":"MC","image":{"@type":"ImageObject","inLanguage":"fr-FR","@id":"https:\/\/secure.gravatar.com\/avatar\/a545bbb6f84efdd5553dbbc2895e3ca8f1d12c5215e00a041c9670b54aa9b18a?s=96&d=mm&r=g","url":"https:\/\/secure.gravatar.com\/avatar\/a545bbb6f84efdd5553dbbc2895e3ca8f1d12c5215e00a041c9670b54aa9b18a?s=96&d=mm&r=g","contentUrl":"https:\/\/secure.gravatar.com\/avatar\/a545bbb6f84efdd5553dbbc2895e3ca8f1d12c5215e00a041c9670b54aa9b18a?s=96&d=mm&r=g","caption":"MC"},"url":"https:\/\/www.webdo.tn\/fr\/actualite\/author\/mc\/"}]}},"_links":{"self":[{"href":"https:\/\/www.webdo.tn\/fr\/wp-json\/wp\/v2\/posts\/222387","targetHints":{"allow":["GET"]}}],"collection":[{"href":"https:\/\/www.webdo.tn\/fr\/wp-json\/wp\/v2\/posts"}],"about":[{"href":"https:\/\/www.webdo.tn\/fr\/wp-json\/wp\/v2\/types\/post"}],"author":[{"embeddable":true,"href":"https:\/\/www.webdo.tn\/fr\/wp-json\/wp\/v2\/users\/3162"}],"replies":[{"embeddable":true,"href":"https:\/\/www.webdo.tn\/fr\/wp-json\/wp\/v2\/comments?post=222387"}],"version-history":[{"count":0,"href":"https:\/\/www.webdo.tn\/fr\/wp-json\/wp\/v2\/posts\/222387\/revisions"}],"wp:featuredmedia":[{"embeddable":true,"href":"https:\/\/www.webdo.tn\/fr\/wp-json\/wp\/v2\/media\/366216"}],"wp:attachment":[{"href":"https:\/\/www.webdo.tn\/fr\/wp-json\/wp\/v2\/media?parent=222387"}],"wp:term":[{"taxonomy":"category","embeddable":true,"href":"https:\/\/www.webdo.tn\/fr\/wp-json\/wp\/v2\/categories?post=222387"},{"taxonomy":"post_tag","embeddable":true,"href":"https:\/\/www.webdo.tn\/fr\/wp-json\/wp\/v2\/tags?post=222387"}],"curies":[{"name":"wp","href":"https:\/\/api.w.org\/{rel}","templated":true}]}}