{"id":222373,"date":"2025-06-03T19:01:00","date_gmt":"2025-06-03T19:01:00","guid":{"rendered":"https:\/\/www.webdo.tn\/fr\/actualite\/blog\/para-athletisme-raoua-tlili-en-or-au-grand-prix-de-paris\/222373\/"},"modified":"2025-06-05T16:17:22","modified_gmt":"2025-06-05T16:17:22","slug":"para-athletisme-raoua-tlili-en-or-au-grand-prix-de-paris","status":"publish","type":"post","link":"https:\/\/www.webdo.tn\/fr\/actualite\/sport\/para-athletisme-raoua-tlili-en-or-au-grand-prix-de-paris\/222373\/","title":{"rendered":"Para-athl\u00e9tisme : Raoua Tlili en or au Grand Prix de Paris"},"content":{"rendered":"<p>La championne paralympique tunisienne Raoua Tlili a remport\u00e9 la m\u00e9daille d\u2019or du lancer du disque (F40-F41), mardi 3 juin 2025, au Grand Prix de para-athl\u00e9tisme de Paris gr\u00e2ce \u00e0 un jet de 34,36 m\u00e8tres. Elle participera \u00e9galement au lancer du poids ce mercredi.<\/p>\n<p> La championne paralympique tunisienne Raoua Tlili a une nouvelle fois confirm\u00e9 son statut d\u2019athl\u00e8te d\u2019exception en d\u00e9crochant, mardi, la m\u00e9daille d\u2019or du lancer du disque (cat\u00e9gories F40-F41) au Grand Prix de para-athl\u00e9tisme de Paris, actuellement en cours dans la capitale fran\u00e7aise.<\/p>\n<p>Avec un jet mesur\u00e9 \u00e0 34,36 m\u00e8tres, Tlili s\u2019est impos\u00e9e sans contestation face \u00e0 ses concurrentes, poursuivant ainsi une brillante carri\u00e8re marqu\u00e9e par de multiples sacres mondiaux et paralympiques. Cette performance confirme sa domination dans la discipline et renforce sa pr\u00e9paration en vue des prochains Jeux Paralympiques.<\/p>\n<p>La Tunisienne ne compte pas s\u2019arr\u00eater l\u00e0. Elle participera \u00e9galement \u00e0 l\u2019\u00e9preuve du lancer du poids, dans la m\u00eame cat\u00e9gorie, au cours de la journ\u00e9e de mercredi.<\/p>\n<p>La veille, lors de la premi\u00e8re journ\u00e9e du meeting, le lanceur Yassine Guennichi avait offert \u00e0 la d\u00e9l\u00e9gation tunisienne une m\u00e9daille d\u2019argent au lancer du poids (cat\u00e9gorie F35\/36), avec une performance de 15,17 m\u00e8tres. Une belle entr\u00e9e en mati\u00e8re pour les repr\u00e9sentants tunisiens dans ce rendez-vous international rassemblant plusieurs athl\u00e8tes de haut niveau venus de tous les continents.<\/p>\n<p>Le Grand Prix de Paris, inscrit au calendrier du World Para Athletics, constitue l\u2019une des derni\u00e8res \u00e9tapes majeures avant les grands rendez-vous mondiaux, et permet aux athl\u00e8tes de peaufiner leurs performances et renforcer leurs qualifications.<\/p>\n","protected":false},"excerpt":{"rendered":"<p>Raoua Tlili d\u00e9croche l\u2019or au lancer du disque (F40-F41) au Grand Prix de para-athl\u00e9tisme de Paris 2025 avec un jet de 34,36 m. La Tunisie remporte aussi une m\u00e9d&#8230;<\/p>\n","protected":false},"author":3162,"featured_media":365953,"comment_status":"open","ping_status":"closed","sticky":false,"template":"","format":"standard","meta":{"footnotes":""},"categories":[2593],"tags":[11635,5540,6478,5802],"class_list":["post-222373","post","type-post","status-publish","format-standard","has-post-thumbnail","hentry","category-sport","tag-grand-prix-de-para-athletisme-de-paris","tag-medaille-dor","tag-para-athletisme","tag-raoua-tlili"],"yoast_head":"<!-- This site is optimized with the Yoast SEO Premium plugin v27.5 (Yoast SEO v27.5) - https:\/\/yoast.com\/product\/yoast-seo-premium-wordpress\/ -->\n<title>Para-athl\u00e9tisme : Raoua Tlili en or au Grand Prix de Paris<\/title>\n<meta name=\"description\" content=\"Raoua Tlili d\u00e9croche l\u2019or au lancer du disque (F40-F41) au Grand Prix de para-athl\u00e9tisme de Paris 2025 avec un jet de 34,36 m. La Tunisie remporte aussi une m\u00e9d...\" \/>\n<link rel=\"canonical\" href=\"https:\/\/www.webdo.tn\/fr\/actualite\/sport\/para-athletisme-raoua-tlili-en-or-au-grand-prix-de-paris\/222373\/\" \/>\n<meta property=\"og:locale\" content=\"fr_FR\" \/>\n<meta property=\"og:type\" content=\"article\" \/>\n<meta property=\"og:title\" content=\"Para-athl\u00e9tisme : Raoua Tlili en or au Grand Prix de Paris\" \/>\n<meta property=\"og:description\" content=\"Raoua Tlili d\u00e9croche l\u2019or au lancer du disque (F40-F41) au Grand Prix de para-athl\u00e9tisme de Paris 2025 avec un jet de 34,36 m. La Tunisie remporte aussi une m\u00e9d...\" \/>\n<meta property=\"og:url\" content=\"https:\/\/www.webdo.tn\/fr\/actualite\/sport\/para-athletisme-raoua-tlili-en-or-au-grand-prix-de-paris\/222373\/\" \/>\n<meta property=\"og:site_name\" content=\"webdo\" \/>\n<meta property=\"article:publisher\" content=\"https:\/\/www.facebook.com\/webdotn\" \/>\n<meta property=\"article:published_time\" content=\"2025-06-03T19:01:00+00:00\" \/>\n<meta property=\"article:modified_time\" content=\"2025-06-05T16:17:22+00:00\" \/>\n<meta property=\"og:image\" content=\"https:\/\/www.webdo.tn\/fr\/wp-content\/uploads\/2025\/06\/faf86f647d050ee821819ae4d7651382.webp\" \/>\n\t<meta property=\"og:image:width\" content=\"750\" \/>\n\t<meta property=\"og:image:height\" content=\"400\" \/>\n\t<meta property=\"og:image:type\" content=\"image\/webp\" \/>\n<meta name=\"author\" content=\"MC\" \/>\n<meta name=\"twitter:card\" content=\"summary_large_image\" \/>\n<meta name=\"twitter:creator\" content=\"@webdo_tn\" \/>\n<meta name=\"twitter:site\" content=\"@webdo_tn\" \/>\n<meta name=\"twitter:label1\" content=\"\u00c9crit par\" \/>\n\t<meta name=\"twitter:data1\" content=\"MC\" \/>\n\t<meta name=\"twitter:label2\" content=\"Dur\u00e9e de lecture estim\u00e9e\" \/>\n\t<meta name=\"twitter:data2\" content=\"1 minute\" \/>\n<script type=\"application\/ld+json\" class=\"yoast-schema-graph\">{\"@context\":\"https:\\\/\\\/schema.org\",\"@graph\":[{\"@type\":\"NewsArticle\",\"@id\":\"https:\\\/\\\/www.webdo.tn\\\/fr\\\/actualite\\\/sport\\\/para-athletisme-raoua-tlili-en-or-au-grand-prix-de-paris\\\/222373\\\/#article\",\"isPartOf\":{\"@id\":\"https:\\\/\\\/www.webdo.tn\\\/fr\\\/actualite\\\/sport\\\/para-athletisme-raoua-tlili-en-or-au-grand-prix-de-paris\\\/222373\\\/\"},\"author\":{\"name\":\"MC\",\"@id\":\"https:\\\/\\\/www.webdo.tn\\\/fr\\\/#\\\/schema\\\/person\\\/2c4929cbf5a809e3bd38617c6ce150f6\"},\"headline\":\"Para-athl\u00e9tisme : Raoua Tlili en or au Grand Prix de Paris\",\"datePublished\":\"2025-06-03T19:01:00+00:00\",\"dateModified\":\"2025-06-05T16:17:22+00:00\",\"mainEntityOfPage\":{\"@id\":\"https:\\\/\\\/www.webdo.tn\\\/fr\\\/actualite\\\/sport\\\/para-athletisme-raoua-tlili-en-or-au-grand-prix-de-paris\\\/222373\\\/\"},\"wordCount\":295,\"commentCount\":0,\"publisher\":{\"@id\":\"https:\\\/\\\/www.webdo.tn\\\/fr\\\/#organization\"},\"image\":{\"@id\":\"https:\\\/\\\/www.webdo.tn\\\/fr\\\/actualite\\\/sport\\\/para-athletisme-raoua-tlili-en-or-au-grand-prix-de-paris\\\/222373\\\/#primaryimage\"},\"thumbnailUrl\":\"https:\\\/\\\/www.webdo.tn\\\/fr\\\/wp-content\\\/uploads\\\/2025\\\/06\\\/faf86f647d050ee821819ae4d7651382.webp\",\"keywords\":[\"Grand Prix de para-athl\u00e9tisme de Paris\",\"m\u00e9daille d'or\",\"para-athl\u00e9tisme\",\"Raoua Tlili\"],\"articleSection\":[\"Sport\"],\"inLanguage\":\"fr-FR\"},{\"@type\":\"WebPage\",\"@id\":\"https:\\\/\\\/www.webdo.tn\\\/fr\\\/actualite\\\/sport\\\/para-athletisme-raoua-tlili-en-or-au-grand-prix-de-paris\\\/222373\\\/\",\"url\":\"https:\\\/\\\/www.webdo.tn\\\/fr\\\/actualite\\\/sport\\\/para-athletisme-raoua-tlili-en-or-au-grand-prix-de-paris\\\/222373\\\/\",\"name\":\"Para-athl\u00e9tisme : Raoua Tlili en or au Grand Prix de Paris\",\"isPartOf\":{\"@id\":\"https:\\\/\\\/www.webdo.tn\\\/fr\\\/#website\"},\"primaryImageOfPage\":{\"@id\":\"https:\\\/\\\/www.webdo.tn\\\/fr\\\/actualite\\\/sport\\\/para-athletisme-raoua-tlili-en-or-au-grand-prix-de-paris\\\/222373\\\/#primaryimage\"},\"image\":{\"@id\":\"https:\\\/\\\/www.webdo.tn\\\/fr\\\/actualite\\\/sport\\\/para-athletisme-raoua-tlili-en-or-au-grand-prix-de-paris\\\/222373\\\/#primaryimage\"},\"thumbnailUrl\":\"https:\\\/\\\/www.webdo.tn\\\/fr\\\/wp-content\\\/uploads\\\/2025\\\/06\\\/faf86f647d050ee821819ae4d7651382.webp\",\"datePublished\":\"2025-06-03T19:01:00+00:00\",\"dateModified\":\"2025-06-05T16:17:22+00:00\",\"description\":\"Raoua Tlili d\u00e9croche l\u2019or au lancer du disque (F40-F41) au Grand Prix de para-athl\u00e9tisme de Paris 2025 avec un jet de 34,36 m. La Tunisie remporte aussi une m\u00e9d...\",\"breadcrumb\":{\"@id\":\"https:\\\/\\\/www.webdo.tn\\\/fr\\\/actualite\\\/sport\\\/para-athletisme-raoua-tlili-en-or-au-grand-prix-de-paris\\\/222373\\\/#breadcrumb\"},\"inLanguage\":\"fr-FR\",\"potentialAction\":[{\"@type\":\"ReadAction\",\"target\":[\"https:\\\/\\\/www.webdo.tn\\\/fr\\\/actualite\\\/sport\\\/para-athletisme-raoua-tlili-en-or-au-grand-prix-de-paris\\\/222373\\\/\"]}]},{\"@type\":\"ImageObject\",\"inLanguage\":\"fr-FR\",\"@id\":\"https:\\\/\\\/www.webdo.tn\\\/fr\\\/actualite\\\/sport\\\/para-athletisme-raoua-tlili-en-or-au-grand-prix-de-paris\\\/222373\\\/#primaryimage\",\"url\":\"https:\\\/\\\/www.webdo.tn\\\/fr\\\/wp-content\\\/uploads\\\/2025\\\/06\\\/faf86f647d050ee821819ae4d7651382.webp\",\"contentUrl\":\"https:\\\/\\\/www.webdo.tn\\\/fr\\\/wp-content\\\/uploads\\\/2025\\\/06\\\/faf86f647d050ee821819ae4d7651382.webp\",\"width\":750,\"height\":400,\"caption\":\"Para-athl\u00e9tisme : Raoua Tlili en or au Grand Prix de Paris\"},{\"@type\":\"BreadcrumbList\",\"@id\":\"https:\\\/\\\/www.webdo.tn\\\/fr\\\/actualite\\\/sport\\\/para-athletisme-raoua-tlili-en-or-au-grand-prix-de-paris\\\/222373\\\/#breadcrumb\",\"itemListElement\":[{\"@type\":\"ListItem\",\"position\":1,\"name\":\"Accueil\",\"item\":\"https:\\\/\\\/www.webdo.tn\\\/fr\\\/\"},{\"@type\":\"ListItem\",\"position\":2,\"name\":\"Para-athl\u00e9tisme : Raoua Tlili en or au Grand Prix de Paris\"}]},{\"@type\":\"WebSite\",\"@id\":\"https:\\\/\\\/www.webdo.tn\\\/fr\\\/#website\",\"url\":\"https:\\\/\\\/www.webdo.tn\\\/fr\\\/\",\"name\":\"webdo\",\"description\":\"Tunisie - News en Tunisie et \u00e0 l&#039;international sur Webdo.tn\",\"publisher\":{\"@id\":\"https:\\\/\\\/www.webdo.tn\\\/fr\\\/#organization\"},\"potentialAction\":[{\"@type\":\"SearchAction\",\"target\":{\"@type\":\"EntryPoint\",\"urlTemplate\":\"https:\\\/\\\/www.webdo.tn\\\/fr\\\/?s={search_term_string}\"},\"query-input\":{\"@type\":\"PropertyValueSpecification\",\"valueRequired\":true,\"valueName\":\"search_term_string\"}}],\"inLanguage\":\"fr-FR\"},{\"@type\":\"Organization\",\"@id\":\"https:\\\/\\\/www.webdo.tn\\\/fr\\\/#organization\",\"name\":\"Webdo\",\"alternateName\":\"Webdo.tn\",\"url\":\"https:\\\/\\\/www.webdo.tn\\\/fr\\\/\",\"logo\":{\"@type\":\"ImageObject\",\"inLanguage\":\"fr-FR\",\"@id\":\"https:\\\/\\\/www.webdo.tn\\\/fr\\\/#\\\/schema\\\/logo\\\/image\\\/\",\"url\":\"https:\\\/\\\/www.webdo.tn\\\/fr\\\/wp-content\\\/uploads\\\/2025\\\/06\\\/Webdo-Tunisie_168377.jpg\",\"contentUrl\":\"https:\\\/\\\/www.webdo.tn\\\/fr\\\/wp-content\\\/uploads\\\/2025\\\/06\\\/Webdo-Tunisie_168377.jpg\",\"width\":301,\"height\":301,\"caption\":\"Webdo\"},\"image\":{\"@id\":\"https:\\\/\\\/www.webdo.tn\\\/fr\\\/#\\\/schema\\\/logo\\\/image\\\/\"},\"sameAs\":[\"https:\\\/\\\/www.facebook.com\\\/webdotn\",\"https:\\\/\\\/x.com\\\/webdo_tn\"],\"description\":\"Webdo est un m\u00e9dia num\u00e9rique tunisien fond\u00e9 en 2010, sp\u00e9cialis\u00e9 dans l\u2019actualit\u00e9 nationale et internationale, l\u2019\u00e9conomie, la soci\u00e9t\u00e9 et les analyses politiques. Le site s\u2019adresse \u00e0 un large public francophone et couvre l\u2019information tunisienne en temps r\u00e9el.\",\"email\":\"redac@webdo.tn\",\"legalName\":\"YNJ SARL\",\"foundingDate\":\"2010-09-06\",\"numberOfEmployees\":{\"@type\":\"QuantitativeValue\",\"minValue\":\"11\",\"maxValue\":\"50\"}},{\"@type\":\"Person\",\"@id\":\"https:\\\/\\\/www.webdo.tn\\\/fr\\\/#\\\/schema\\\/person\\\/2c4929cbf5a809e3bd38617c6ce150f6\",\"name\":\"MC\",\"image\":{\"@type\":\"ImageObject\",\"inLanguage\":\"fr-FR\",\"@id\":\"https:\\\/\\\/secure.gravatar.com\\\/avatar\\\/a545bbb6f84efdd5553dbbc2895e3ca8f1d12c5215e00a041c9670b54aa9b18a?s=96&d=mm&r=g\",\"url\":\"https:\\\/\\\/secure.gravatar.com\\\/avatar\\\/a545bbb6f84efdd5553dbbc2895e3ca8f1d12c5215e00a041c9670b54aa9b18a?s=96&d=mm&r=g\",\"contentUrl\":\"https:\\\/\\\/secure.gravatar.com\\\/avatar\\\/a545bbb6f84efdd5553dbbc2895e3ca8f1d12c5215e00a041c9670b54aa9b18a?s=96&d=mm&r=g\",\"caption\":\"MC\"},\"url\":\"https:\\\/\\\/www.webdo.tn\\\/fr\\\/actualite\\\/author\\\/mc\\\/\"}]}<\/script>\n<!-- \/ Yoast SEO Premium plugin. -->","yoast_head_json":{"title":"Para-athl\u00e9tisme : Raoua Tlili en or au Grand Prix de Paris","description":"Raoua Tlili d\u00e9croche l\u2019or au lancer du disque (F40-F41) au Grand Prix de para-athl\u00e9tisme de Paris 2025 avec un jet de 34,36 m. La Tunisie remporte aussi une m\u00e9d...","canonical":"https:\/\/www.webdo.tn\/fr\/actualite\/sport\/para-athletisme-raoua-tlili-en-or-au-grand-prix-de-paris\/222373\/","og_locale":"fr_FR","og_type":"article","og_title":"Para-athl\u00e9tisme : Raoua Tlili en or au Grand Prix de Paris","og_description":"Raoua Tlili d\u00e9croche l\u2019or au lancer du disque (F40-F41) au Grand Prix de para-athl\u00e9tisme de Paris 2025 avec un jet de 34,36 m. La Tunisie remporte aussi une m\u00e9d...","og_url":"https:\/\/www.webdo.tn\/fr\/actualite\/sport\/para-athletisme-raoua-tlili-en-or-au-grand-prix-de-paris\/222373\/","og_site_name":"webdo","article_publisher":"https:\/\/www.facebook.com\/webdotn","article_published_time":"2025-06-03T19:01:00+00:00","article_modified_time":"2025-06-05T16:17:22+00:00","og_image":[{"width":750,"height":400,"url":"https:\/\/www.webdo.tn\/fr\/wp-content\/uploads\/2025\/06\/faf86f647d050ee821819ae4d7651382.webp","type":"image\/webp"}],"author":"MC","twitter_card":"summary_large_image","twitter_creator":"@webdo_tn","twitter_site":"@webdo_tn","twitter_misc":{"\u00c9crit par":"MC","Dur\u00e9e de lecture estim\u00e9e":"1 minute"},"schema":{"@context":"https:\/\/schema.org","@graph":[{"@type":"NewsArticle","@id":"https:\/\/www.webdo.tn\/fr\/actualite\/sport\/para-athletisme-raoua-tlili-en-or-au-grand-prix-de-paris\/222373\/#article","isPartOf":{"@id":"https:\/\/www.webdo.tn\/fr\/actualite\/sport\/para-athletisme-raoua-tlili-en-or-au-grand-prix-de-paris\/222373\/"},"author":{"name":"MC","@id":"https:\/\/www.webdo.tn\/fr\/#\/schema\/person\/2c4929cbf5a809e3bd38617c6ce150f6"},"headline":"Para-athl\u00e9tisme : Raoua Tlili en or au Grand Prix de Paris","datePublished":"2025-06-03T19:01:00+00:00","dateModified":"2025-06-05T16:17:22+00:00","mainEntityOfPage":{"@id":"https:\/\/www.webdo.tn\/fr\/actualite\/sport\/para-athletisme-raoua-tlili-en-or-au-grand-prix-de-paris\/222373\/"},"wordCount":295,"commentCount":0,"publisher":{"@id":"https:\/\/www.webdo.tn\/fr\/#organization"},"image":{"@id":"https:\/\/www.webdo.tn\/fr\/actualite\/sport\/para-athletisme-raoua-tlili-en-or-au-grand-prix-de-paris\/222373\/#primaryimage"},"thumbnailUrl":"https:\/\/www.webdo.tn\/fr\/wp-content\/uploads\/2025\/06\/faf86f647d050ee821819ae4d7651382.webp","keywords":["Grand Prix de para-athl\u00e9tisme de Paris","m\u00e9daille d'or","para-athl\u00e9tisme","Raoua Tlili"],"articleSection":["Sport"],"inLanguage":"fr-FR"},{"@type":"WebPage","@id":"https:\/\/www.webdo.tn\/fr\/actualite\/sport\/para-athletisme-raoua-tlili-en-or-au-grand-prix-de-paris\/222373\/","url":"https:\/\/www.webdo.tn\/fr\/actualite\/sport\/para-athletisme-raoua-tlili-en-or-au-grand-prix-de-paris\/222373\/","name":"Para-athl\u00e9tisme : Raoua Tlili en or au Grand Prix de Paris","isPartOf":{"@id":"https:\/\/www.webdo.tn\/fr\/#website"},"primaryImageOfPage":{"@id":"https:\/\/www.webdo.tn\/fr\/actualite\/sport\/para-athletisme-raoua-tlili-en-or-au-grand-prix-de-paris\/222373\/#primaryimage"},"image":{"@id":"https:\/\/www.webdo.tn\/fr\/actualite\/sport\/para-athletisme-raoua-tlili-en-or-au-grand-prix-de-paris\/222373\/#primaryimage"},"thumbnailUrl":"https:\/\/www.webdo.tn\/fr\/wp-content\/uploads\/2025\/06\/faf86f647d050ee821819ae4d7651382.webp","datePublished":"2025-06-03T19:01:00+00:00","dateModified":"2025-06-05T16:17:22+00:00","description":"Raoua Tlili d\u00e9croche l\u2019or au lancer du disque (F40-F41) au Grand Prix de para-athl\u00e9tisme de Paris 2025 avec un jet de 34,36 m. La Tunisie remporte aussi une m\u00e9d...","breadcrumb":{"@id":"https:\/\/www.webdo.tn\/fr\/actualite\/sport\/para-athletisme-raoua-tlili-en-or-au-grand-prix-de-paris\/222373\/#breadcrumb"},"inLanguage":"fr-FR","potentialAction":[{"@type":"ReadAction","target":["https:\/\/www.webdo.tn\/fr\/actualite\/sport\/para-athletisme-raoua-tlili-en-or-au-grand-prix-de-paris\/222373\/"]}]},{"@type":"ImageObject","inLanguage":"fr-FR","@id":"https:\/\/www.webdo.tn\/fr\/actualite\/sport\/para-athletisme-raoua-tlili-en-or-au-grand-prix-de-paris\/222373\/#primaryimage","url":"https:\/\/www.webdo.tn\/fr\/wp-content\/uploads\/2025\/06\/faf86f647d050ee821819ae4d7651382.webp","contentUrl":"https:\/\/www.webdo.tn\/fr\/wp-content\/uploads\/2025\/06\/faf86f647d050ee821819ae4d7651382.webp","width":750,"height":400,"caption":"Para-athl\u00e9tisme : Raoua Tlili en or au Grand Prix de Paris"},{"@type":"BreadcrumbList","@id":"https:\/\/www.webdo.tn\/fr\/actualite\/sport\/para-athletisme-raoua-tlili-en-or-au-grand-prix-de-paris\/222373\/#breadcrumb","itemListElement":[{"@type":"ListItem","position":1,"name":"Accueil","item":"https:\/\/www.webdo.tn\/fr\/"},{"@type":"ListItem","position":2,"name":"Para-athl\u00e9tisme : Raoua Tlili en or au Grand Prix de Paris"}]},{"@type":"WebSite","@id":"https:\/\/www.webdo.tn\/fr\/#website","url":"https:\/\/www.webdo.tn\/fr\/","name":"webdo","description":"Tunisie - News en Tunisie et \u00e0 l&#039;international sur Webdo.tn","publisher":{"@id":"https:\/\/www.webdo.tn\/fr\/#organization"},"potentialAction":[{"@type":"SearchAction","target":{"@type":"EntryPoint","urlTemplate":"https:\/\/www.webdo.tn\/fr\/?s={search_term_string}"},"query-input":{"@type":"PropertyValueSpecification","valueRequired":true,"valueName":"search_term_string"}}],"inLanguage":"fr-FR"},{"@type":"Organization","@id":"https:\/\/www.webdo.tn\/fr\/#organization","name":"Webdo","alternateName":"Webdo.tn","url":"https:\/\/www.webdo.tn\/fr\/","logo":{"@type":"ImageObject","inLanguage":"fr-FR","@id":"https:\/\/www.webdo.tn\/fr\/#\/schema\/logo\/image\/","url":"https:\/\/www.webdo.tn\/fr\/wp-content\/uploads\/2025\/06\/Webdo-Tunisie_168377.jpg","contentUrl":"https:\/\/www.webdo.tn\/fr\/wp-content\/uploads\/2025\/06\/Webdo-Tunisie_168377.jpg","width":301,"height":301,"caption":"Webdo"},"image":{"@id":"https:\/\/www.webdo.tn\/fr\/#\/schema\/logo\/image\/"},"sameAs":["https:\/\/www.facebook.com\/webdotn","https:\/\/x.com\/webdo_tn"],"description":"Webdo est un m\u00e9dia num\u00e9rique tunisien fond\u00e9 en 2010, sp\u00e9cialis\u00e9 dans l\u2019actualit\u00e9 nationale et internationale, l\u2019\u00e9conomie, la soci\u00e9t\u00e9 et les analyses politiques. Le site s\u2019adresse \u00e0 un large public francophone et couvre l\u2019information tunisienne en temps r\u00e9el.","email":"redac@webdo.tn","legalName":"YNJ SARL","foundingDate":"2010-09-06","numberOfEmployees":{"@type":"QuantitativeValue","minValue":"11","maxValue":"50"}},{"@type":"Person","@id":"https:\/\/www.webdo.tn\/fr\/#\/schema\/person\/2c4929cbf5a809e3bd38617c6ce150f6","name":"MC","image":{"@type":"ImageObject","inLanguage":"fr-FR","@id":"https:\/\/secure.gravatar.com\/avatar\/a545bbb6f84efdd5553dbbc2895e3ca8f1d12c5215e00a041c9670b54aa9b18a?s=96&d=mm&r=g","url":"https:\/\/secure.gravatar.com\/avatar\/a545bbb6f84efdd5553dbbc2895e3ca8f1d12c5215e00a041c9670b54aa9b18a?s=96&d=mm&r=g","contentUrl":"https:\/\/secure.gravatar.com\/avatar\/a545bbb6f84efdd5553dbbc2895e3ca8f1d12c5215e00a041c9670b54aa9b18a?s=96&d=mm&r=g","caption":"MC"},"url":"https:\/\/www.webdo.tn\/fr\/actualite\/author\/mc\/"}]}},"_links":{"self":[{"href":"https:\/\/www.webdo.tn\/fr\/wp-json\/wp\/v2\/posts\/222373","targetHints":{"allow":["GET"]}}],"collection":[{"href":"https:\/\/www.webdo.tn\/fr\/wp-json\/wp\/v2\/posts"}],"about":[{"href":"https:\/\/www.webdo.tn\/fr\/wp-json\/wp\/v2\/types\/post"}],"author":[{"embeddable":true,"href":"https:\/\/www.webdo.tn\/fr\/wp-json\/wp\/v2\/users\/3162"}],"replies":[{"embeddable":true,"href":"https:\/\/www.webdo.tn\/fr\/wp-json\/wp\/v2\/comments?post=222373"}],"version-history":[{"count":0,"href":"https:\/\/www.webdo.tn\/fr\/wp-json\/wp\/v2\/posts\/222373\/revisions"}],"wp:featuredmedia":[{"embeddable":true,"href":"https:\/\/www.webdo.tn\/fr\/wp-json\/wp\/v2\/media\/365953"}],"wp:attachment":[{"href":"https:\/\/www.webdo.tn\/fr\/wp-json\/wp\/v2\/media?parent=222373"}],"wp:term":[{"taxonomy":"category","embeddable":true,"href":"https:\/\/www.webdo.tn\/fr\/wp-json\/wp\/v2\/categories?post=222373"},{"taxonomy":"post_tag","embeddable":true,"href":"https:\/\/www.webdo.tn\/fr\/wp-json\/wp\/v2\/tags?post=222373"}],"curies":[{"name":"wp","href":"https:\/\/api.w.org\/{rel}","templated":true}]}}