{"id":222367,"date":"2025-06-03T14:54:00","date_gmt":"2025-06-03T14:54:00","guid":{"rendered":"https:\/\/www.webdo.tn\/fr\/actualite\/blog\/tunisie-salaires-devoiles-les-jeunes-medecins-repondent-au-ministre\/222367\/"},"modified":"2025-06-05T16:18:02","modified_gmt":"2025-06-05T16:18:02","slug":"tunisie-salaires-devoiles-les-jeunes-medecins-repondent-au-ministre","status":"publish","type":"post","link":"https:\/\/www.webdo.tn\/fr\/actualite\/national\/tunisie-salaires-devoiles-les-jeunes-medecins-repondent-au-ministre\/222367\/","title":{"rendered":"Tunisie : Salaires d\u00e9voil\u00e9s, les jeunes m\u00e9decins r\u00e9pondent au ministre"},"content":{"rendered":"<p>Le pr\u00e9sident de l\u2019Association tunisienne des jeunes m\u00e9decins, Wajih Dhakhar, a d\u00e9nonc\u00e9 l&rsquo;absence de volont\u00e9 r\u00e9elle de la part du minist\u00e8re de tutelle pour r\u00e9soudre la crise des jeunes m\u00e9decins, engager des n\u00e9gociations s\u00e9rieuses autour de leurs revendications et am\u00e9liorer leurs conditions mat\u00e9rielles afin de les retenir dans le syst\u00e8me public.<\/p>\n<p> Il a pr\u00e9cis\u00e9 que le minist\u00e8re de la Sant\u00e9 a exprim\u00e9 sa compr\u00e9hension de leurs demandes qu\u2019il juge \u00ab l\u00e9gitimes \u00bb, mais se dit incapable d&rsquo;ouvrir la discussion sur tout volet financier en raison de blocages juridiques et administratifs.<\/p>\n<p>Invit\u00e9 de l\u2019\u00e9mission Midi Show ce mardi, Wajih Dhakhar a soulign\u00e9 que le ministre de la Sant\u00e9 consid\u00e8re que le syst\u00e8me de travail compl\u00e9mentaire pourrait am\u00e9liorer la situation financi\u00e8re des m\u00e9decins, mais \u00ab nous travaillons d\u00e9j\u00e0 120 heures par semaine, nous n\u2019avons tout simplement pas le temps pour y recourir \u00bb, a-t-il affirm\u00e9.<\/p>\n<p>Face \u00e0 cette situation, l\u2019Organisation tunisienne des jeunes m\u00e9decins a d\u00e9cid\u00e9 d\u2019entrer en gr\u00e8ve de cinq jours \u00e0 partir du 12 juin.<br \/>\nLes urgences continueront de fonctionner normalement<\/p>\n<p>Wajih Dhakhar a pr\u00e9cis\u00e9 que le service dans les services d\u2019urgence de tous les h\u00f4pitaux se poursuivra normalement, tandis que les autres services continueront \u00e0 fonctionner gr\u00e2ce aux autres m\u00e9decins. Il a d\u00e9nonc\u00e9 une forme de m\u00e9pris de la part du ministre, qui a estim\u00e9 que les jeunes m\u00e9decins \u00e9tant encore en formation, leur gr\u00e8ve n\u2019aurait pas d\u2019impact majeur sur le fonctionnement des h\u00f4pitaux.<\/p>\n<p>Il a \u00e9galement contest\u00e9 les d\u00e9clarations du ministre affirmant que les jeunes m\u00e9decins en Tunisie per\u00e7oivent les salaires les plus \u00e9lev\u00e9s du Maghreb, les qualifiant de \u00ab fausses et infond\u00e9es \u00bb.<br \/>\nUne h\u00e9morragie migratoire inqui\u00e9tante<\/p>\n<p>Concernant les d\u00e9parts \u00e0 l\u2019\u00e9tranger, Wajih Dhakhar a rappel\u00e9 que le nombre de m\u00e9decins ayant \u00e9migr\u00e9 \u00e9tait de 266 en 2010, contre 1 590 en 2023, une \u00e9volution qu\u2019il consid\u00e8re comme le reflet direct de la d\u00e9gradation de leurs conditions de travail.<\/p>\n","protected":false},"excerpt":{"rendered":"<p>Les jeunes m\u00e9decins tunisiens annoncent une gr\u00e8ve de cinq jours d\u00e8s le 12 juin, d\u00e9non\u00e7ant des conditions de travail pr\u00e9caires, un m\u00e9pris minist\u00e9riel et une h\u00e9mo&#8230;<\/p>\n","protected":false},"author":3163,"featured_media":366204,"comment_status":"open","ping_status":"closed","sticky":false,"template":"","format":"standard","meta":{"footnotes":""},"categories":[44],"tags":[2783,2701,6686,2608],"class_list":["post-222367","post","type-post","status-publish","format-standard","has-post-thumbnail","hentry","category-national","tag-jeunes-medecins","tag-medecins","tag-salaires","tag-tunisie"],"yoast_head":"<!-- This site is optimized with the Yoast SEO Premium plugin v27.4 (Yoast SEO v27.5) - https:\/\/yoast.com\/product\/yoast-seo-premium-wordpress\/ -->\n<title>Tunisie : Salaires d\u00e9voil\u00e9s, les jeunes m\u00e9decins r\u00e9pondent au ministre<\/title>\n<meta name=\"description\" content=\"Les jeunes m\u00e9decins tunisiens annoncent une gr\u00e8ve de cinq jours d\u00e8s le 12 juin, d\u00e9non\u00e7ant des conditions de travail pr\u00e9caires, un m\u00e9pris minist\u00e9riel et une h\u00e9mo...\" \/>\n<link rel=\"canonical\" href=\"https:\/\/www.webdo.tn\/fr\/actualite\/national\/tunisie-salaires-devoiles-les-jeunes-medecins-repondent-au-ministre\/222367\/\" \/>\n<meta property=\"og:locale\" content=\"fr_FR\" \/>\n<meta property=\"og:type\" content=\"article\" \/>\n<meta property=\"og:title\" content=\"Tunisie : Salaires d\u00e9voil\u00e9s, les jeunes m\u00e9decins r\u00e9pondent au ministre\" \/>\n<meta property=\"og:description\" content=\"Les jeunes m\u00e9decins tunisiens annoncent une gr\u00e8ve de cinq jours d\u00e8s le 12 juin, d\u00e9non\u00e7ant des conditions de travail pr\u00e9caires, un m\u00e9pris minist\u00e9riel et une h\u00e9mo...\" \/>\n<meta property=\"og:url\" content=\"https:\/\/www.webdo.tn\/fr\/actualite\/national\/tunisie-salaires-devoiles-les-jeunes-medecins-repondent-au-ministre\/222367\/\" \/>\n<meta property=\"og:site_name\" content=\"webdo\" \/>\n<meta property=\"article:publisher\" content=\"https:\/\/www.facebook.com\/webdotn\" \/>\n<meta property=\"article:published_time\" content=\"2025-06-03T14:54:00+00:00\" \/>\n<meta property=\"article:modified_time\" content=\"2025-06-05T16:18:02+00:00\" \/>\n<meta property=\"og:image\" content=\"https:\/\/www.webdo.tn\/fr\/wp-content\/uploads\/2025\/06\/7af7f27e1e5cd1a0f1adcfb2354358a8.webp\" \/>\n\t<meta property=\"og:image:width\" content=\"750\" \/>\n\t<meta property=\"og:image:height\" content=\"400\" \/>\n\t<meta property=\"og:image:type\" content=\"image\/webp\" \/>\n<meta name=\"author\" content=\"KJ\" \/>\n<meta name=\"twitter:card\" content=\"summary_large_image\" \/>\n<meta name=\"twitter:creator\" content=\"@webdo_tn\" \/>\n<meta name=\"twitter:site\" content=\"@webdo_tn\" \/>\n<meta name=\"twitter:label1\" content=\"\u00c9crit par\" \/>\n\t<meta name=\"twitter:data1\" content=\"KJ\" \/>\n\t<meta name=\"twitter:label2\" content=\"Dur\u00e9e de lecture estim\u00e9e\" \/>\n\t<meta name=\"twitter:data2\" content=\"2 minutes\" \/>\n<script type=\"application\/ld+json\" class=\"yoast-schema-graph\">{\"@context\":\"https:\\\/\\\/schema.org\",\"@graph\":[{\"@type\":\"NewsArticle\",\"@id\":\"https:\\\/\\\/www.webdo.tn\\\/fr\\\/actualite\\\/national\\\/tunisie-salaires-devoiles-les-jeunes-medecins-repondent-au-ministre\\\/222367\\\/#article\",\"isPartOf\":{\"@id\":\"https:\\\/\\\/www.webdo.tn\\\/fr\\\/actualite\\\/national\\\/tunisie-salaires-devoiles-les-jeunes-medecins-repondent-au-ministre\\\/222367\\\/\"},\"author\":{\"name\":\"KJ\",\"@id\":\"https:\\\/\\\/www.webdo.tn\\\/fr\\\/#\\\/schema\\\/person\\\/82ca085b22037d285e1a3c4b65ba5f71\"},\"headline\":\"Tunisie : Salaires d\u00e9voil\u00e9s, les jeunes m\u00e9decins r\u00e9pondent au ministre\",\"datePublished\":\"2025-06-03T14:54:00+00:00\",\"dateModified\":\"2025-06-05T16:18:02+00:00\",\"mainEntityOfPage\":{\"@id\":\"https:\\\/\\\/www.webdo.tn\\\/fr\\\/actualite\\\/national\\\/tunisie-salaires-devoiles-les-jeunes-medecins-repondent-au-ministre\\\/222367\\\/\"},\"wordCount\":367,\"commentCount\":0,\"publisher\":{\"@id\":\"https:\\\/\\\/www.webdo.tn\\\/fr\\\/#organization\"},\"image\":{\"@id\":\"https:\\\/\\\/www.webdo.tn\\\/fr\\\/actualite\\\/national\\\/tunisie-salaires-devoiles-les-jeunes-medecins-repondent-au-ministre\\\/222367\\\/#primaryimage\"},\"thumbnailUrl\":\"https:\\\/\\\/www.webdo.tn\\\/fr\\\/wp-content\\\/uploads\\\/2025\\\/06\\\/7af7f27e1e5cd1a0f1adcfb2354358a8.webp\",\"keywords\":[\"jeunes m\u00e9decins\",\"m\u00e9decins\",\"Salaires\",\"Tunisie\"],\"articleSection\":[\"National\"],\"inLanguage\":\"fr-FR\"},{\"@type\":\"WebPage\",\"@id\":\"https:\\\/\\\/www.webdo.tn\\\/fr\\\/actualite\\\/national\\\/tunisie-salaires-devoiles-les-jeunes-medecins-repondent-au-ministre\\\/222367\\\/\",\"url\":\"https:\\\/\\\/www.webdo.tn\\\/fr\\\/actualite\\\/national\\\/tunisie-salaires-devoiles-les-jeunes-medecins-repondent-au-ministre\\\/222367\\\/\",\"name\":\"Tunisie : Salaires d\u00e9voil\u00e9s, les jeunes m\u00e9decins r\u00e9pondent au ministre\",\"isPartOf\":{\"@id\":\"https:\\\/\\\/www.webdo.tn\\\/fr\\\/#website\"},\"primaryImageOfPage\":{\"@id\":\"https:\\\/\\\/www.webdo.tn\\\/fr\\\/actualite\\\/national\\\/tunisie-salaires-devoiles-les-jeunes-medecins-repondent-au-ministre\\\/222367\\\/#primaryimage\"},\"image\":{\"@id\":\"https:\\\/\\\/www.webdo.tn\\\/fr\\\/actualite\\\/national\\\/tunisie-salaires-devoiles-les-jeunes-medecins-repondent-au-ministre\\\/222367\\\/#primaryimage\"},\"thumbnailUrl\":\"https:\\\/\\\/www.webdo.tn\\\/fr\\\/wp-content\\\/uploads\\\/2025\\\/06\\\/7af7f27e1e5cd1a0f1adcfb2354358a8.webp\",\"datePublished\":\"2025-06-03T14:54:00+00:00\",\"dateModified\":\"2025-06-05T16:18:02+00:00\",\"description\":\"Les jeunes m\u00e9decins tunisiens annoncent une gr\u00e8ve de cinq jours d\u00e8s le 12 juin, d\u00e9non\u00e7ant des conditions de travail pr\u00e9caires, un m\u00e9pris minist\u00e9riel et une h\u00e9mo...\",\"breadcrumb\":{\"@id\":\"https:\\\/\\\/www.webdo.tn\\\/fr\\\/actualite\\\/national\\\/tunisie-salaires-devoiles-les-jeunes-medecins-repondent-au-ministre\\\/222367\\\/#breadcrumb\"},\"inLanguage\":\"fr-FR\",\"potentialAction\":[{\"@type\":\"ReadAction\",\"target\":[\"https:\\\/\\\/www.webdo.tn\\\/fr\\\/actualite\\\/national\\\/tunisie-salaires-devoiles-les-jeunes-medecins-repondent-au-ministre\\\/222367\\\/\"]}]},{\"@type\":\"ImageObject\",\"inLanguage\":\"fr-FR\",\"@id\":\"https:\\\/\\\/www.webdo.tn\\\/fr\\\/actualite\\\/national\\\/tunisie-salaires-devoiles-les-jeunes-medecins-repondent-au-ministre\\\/222367\\\/#primaryimage\",\"url\":\"https:\\\/\\\/www.webdo.tn\\\/fr\\\/wp-content\\\/uploads\\\/2025\\\/06\\\/7af7f27e1e5cd1a0f1adcfb2354358a8.webp\",\"contentUrl\":\"https:\\\/\\\/www.webdo.tn\\\/fr\\\/wp-content\\\/uploads\\\/2025\\\/06\\\/7af7f27e1e5cd1a0f1adcfb2354358a8.webp\",\"width\":750,\"height\":400,\"caption\":\"Tunisie : Salaires d\u00e9voil\u00e9s, les jeunes m\u00e9decins r\u00e9pondent au ministre\"},{\"@type\":\"BreadcrumbList\",\"@id\":\"https:\\\/\\\/www.webdo.tn\\\/fr\\\/actualite\\\/national\\\/tunisie-salaires-devoiles-les-jeunes-medecins-repondent-au-ministre\\\/222367\\\/#breadcrumb\",\"itemListElement\":[{\"@type\":\"ListItem\",\"position\":1,\"name\":\"Accueil\",\"item\":\"https:\\\/\\\/www.webdo.tn\\\/fr\\\/\"},{\"@type\":\"ListItem\",\"position\":2,\"name\":\"Tunisie : Salaires d\u00e9voil\u00e9s, les jeunes m\u00e9decins r\u00e9pondent au ministre\"}]},{\"@type\":\"WebSite\",\"@id\":\"https:\\\/\\\/www.webdo.tn\\\/fr\\\/#website\",\"url\":\"https:\\\/\\\/www.webdo.tn\\\/fr\\\/\",\"name\":\"webdo\",\"description\":\"Tunisie - News en Tunisie et \u00e0 l&#039;international sur Webdo.tn\",\"publisher\":{\"@id\":\"https:\\\/\\\/www.webdo.tn\\\/fr\\\/#organization\"},\"potentialAction\":[{\"@type\":\"SearchAction\",\"target\":{\"@type\":\"EntryPoint\",\"urlTemplate\":\"https:\\\/\\\/www.webdo.tn\\\/fr\\\/?s={search_term_string}\"},\"query-input\":{\"@type\":\"PropertyValueSpecification\",\"valueRequired\":true,\"valueName\":\"search_term_string\"}}],\"inLanguage\":\"fr-FR\"},{\"@type\":\"Organization\",\"@id\":\"https:\\\/\\\/www.webdo.tn\\\/fr\\\/#organization\",\"name\":\"Webdo\",\"alternateName\":\"Webdo.tn\",\"url\":\"https:\\\/\\\/www.webdo.tn\\\/fr\\\/\",\"logo\":{\"@type\":\"ImageObject\",\"inLanguage\":\"fr-FR\",\"@id\":\"https:\\\/\\\/www.webdo.tn\\\/fr\\\/#\\\/schema\\\/logo\\\/image\\\/\",\"url\":\"https:\\\/\\\/www.webdo.tn\\\/fr\\\/wp-content\\\/uploads\\\/2025\\\/06\\\/Webdo-Tunisie_168377.jpg\",\"contentUrl\":\"https:\\\/\\\/www.webdo.tn\\\/fr\\\/wp-content\\\/uploads\\\/2025\\\/06\\\/Webdo-Tunisie_168377.jpg\",\"width\":301,\"height\":301,\"caption\":\"Webdo\"},\"image\":{\"@id\":\"https:\\\/\\\/www.webdo.tn\\\/fr\\\/#\\\/schema\\\/logo\\\/image\\\/\"},\"sameAs\":[\"https:\\\/\\\/www.facebook.com\\\/webdotn\",\"https:\\\/\\\/x.com\\\/webdo_tn\"],\"description\":\"Webdo est un m\u00e9dia num\u00e9rique tunisien fond\u00e9 en 2010, sp\u00e9cialis\u00e9 dans l\u2019actualit\u00e9 nationale et internationale, l\u2019\u00e9conomie, la soci\u00e9t\u00e9 et les analyses politiques. Le site s\u2019adresse \u00e0 un large public francophone et couvre l\u2019information tunisienne en temps r\u00e9el.\",\"email\":\"redac@webdo.tn\",\"legalName\":\"YNJ SARL\",\"foundingDate\":\"2010-09-06\",\"numberOfEmployees\":{\"@type\":\"QuantitativeValue\",\"minValue\":\"11\",\"maxValue\":\"50\"}},{\"@type\":\"Person\",\"@id\":\"https:\\\/\\\/www.webdo.tn\\\/fr\\\/#\\\/schema\\\/person\\\/82ca085b22037d285e1a3c4b65ba5f71\",\"name\":\"KJ\",\"image\":{\"@type\":\"ImageObject\",\"inLanguage\":\"fr-FR\",\"@id\":\"https:\\\/\\\/secure.gravatar.com\\\/avatar\\\/1a1320de1c1971c893f00068f760b4113d69504aa21273da17ee95650c5944fd?s=96&d=mm&r=g\",\"url\":\"https:\\\/\\\/secure.gravatar.com\\\/avatar\\\/1a1320de1c1971c893f00068f760b4113d69504aa21273da17ee95650c5944fd?s=96&d=mm&r=g\",\"contentUrl\":\"https:\\\/\\\/secure.gravatar.com\\\/avatar\\\/1a1320de1c1971c893f00068f760b4113d69504aa21273da17ee95650c5944fd?s=96&d=mm&r=g\",\"caption\":\"KJ\"},\"url\":\"https:\\\/\\\/www.webdo.tn\\\/fr\\\/actualite\\\/author\\\/kj\\\/\"}]}<\/script>\n<!-- \/ Yoast SEO Premium plugin. -->","yoast_head_json":{"title":"Tunisie : Salaires d\u00e9voil\u00e9s, les jeunes m\u00e9decins r\u00e9pondent au ministre","description":"Les jeunes m\u00e9decins tunisiens annoncent une gr\u00e8ve de cinq jours d\u00e8s le 12 juin, d\u00e9non\u00e7ant des conditions de travail pr\u00e9caires, un m\u00e9pris minist\u00e9riel et une h\u00e9mo...","canonical":"https:\/\/www.webdo.tn\/fr\/actualite\/national\/tunisie-salaires-devoiles-les-jeunes-medecins-repondent-au-ministre\/222367\/","og_locale":"fr_FR","og_type":"article","og_title":"Tunisie : Salaires d\u00e9voil\u00e9s, les jeunes m\u00e9decins r\u00e9pondent au ministre","og_description":"Les jeunes m\u00e9decins tunisiens annoncent une gr\u00e8ve de cinq jours d\u00e8s le 12 juin, d\u00e9non\u00e7ant des conditions de travail pr\u00e9caires, un m\u00e9pris minist\u00e9riel et une h\u00e9mo...","og_url":"https:\/\/www.webdo.tn\/fr\/actualite\/national\/tunisie-salaires-devoiles-les-jeunes-medecins-repondent-au-ministre\/222367\/","og_site_name":"webdo","article_publisher":"https:\/\/www.facebook.com\/webdotn","article_published_time":"2025-06-03T14:54:00+00:00","article_modified_time":"2025-06-05T16:18:02+00:00","og_image":[{"width":750,"height":400,"url":"https:\/\/www.webdo.tn\/fr\/wp-content\/uploads\/2025\/06\/7af7f27e1e5cd1a0f1adcfb2354358a8.webp","type":"image\/webp"}],"author":"KJ","twitter_card":"summary_large_image","twitter_creator":"@webdo_tn","twitter_site":"@webdo_tn","twitter_misc":{"\u00c9crit par":"KJ","Dur\u00e9e de lecture estim\u00e9e":"2 minutes"},"schema":{"@context":"https:\/\/schema.org","@graph":[{"@type":"NewsArticle","@id":"https:\/\/www.webdo.tn\/fr\/actualite\/national\/tunisie-salaires-devoiles-les-jeunes-medecins-repondent-au-ministre\/222367\/#article","isPartOf":{"@id":"https:\/\/www.webdo.tn\/fr\/actualite\/national\/tunisie-salaires-devoiles-les-jeunes-medecins-repondent-au-ministre\/222367\/"},"author":{"name":"KJ","@id":"https:\/\/www.webdo.tn\/fr\/#\/schema\/person\/82ca085b22037d285e1a3c4b65ba5f71"},"headline":"Tunisie : Salaires d\u00e9voil\u00e9s, les jeunes m\u00e9decins r\u00e9pondent au ministre","datePublished":"2025-06-03T14:54:00+00:00","dateModified":"2025-06-05T16:18:02+00:00","mainEntityOfPage":{"@id":"https:\/\/www.webdo.tn\/fr\/actualite\/national\/tunisie-salaires-devoiles-les-jeunes-medecins-repondent-au-ministre\/222367\/"},"wordCount":367,"commentCount":0,"publisher":{"@id":"https:\/\/www.webdo.tn\/fr\/#organization"},"image":{"@id":"https:\/\/www.webdo.tn\/fr\/actualite\/national\/tunisie-salaires-devoiles-les-jeunes-medecins-repondent-au-ministre\/222367\/#primaryimage"},"thumbnailUrl":"https:\/\/www.webdo.tn\/fr\/wp-content\/uploads\/2025\/06\/7af7f27e1e5cd1a0f1adcfb2354358a8.webp","keywords":["jeunes m\u00e9decins","m\u00e9decins","Salaires","Tunisie"],"articleSection":["National"],"inLanguage":"fr-FR"},{"@type":"WebPage","@id":"https:\/\/www.webdo.tn\/fr\/actualite\/national\/tunisie-salaires-devoiles-les-jeunes-medecins-repondent-au-ministre\/222367\/","url":"https:\/\/www.webdo.tn\/fr\/actualite\/national\/tunisie-salaires-devoiles-les-jeunes-medecins-repondent-au-ministre\/222367\/","name":"Tunisie : Salaires d\u00e9voil\u00e9s, les jeunes m\u00e9decins r\u00e9pondent au ministre","isPartOf":{"@id":"https:\/\/www.webdo.tn\/fr\/#website"},"primaryImageOfPage":{"@id":"https:\/\/www.webdo.tn\/fr\/actualite\/national\/tunisie-salaires-devoiles-les-jeunes-medecins-repondent-au-ministre\/222367\/#primaryimage"},"image":{"@id":"https:\/\/www.webdo.tn\/fr\/actualite\/national\/tunisie-salaires-devoiles-les-jeunes-medecins-repondent-au-ministre\/222367\/#primaryimage"},"thumbnailUrl":"https:\/\/www.webdo.tn\/fr\/wp-content\/uploads\/2025\/06\/7af7f27e1e5cd1a0f1adcfb2354358a8.webp","datePublished":"2025-06-03T14:54:00+00:00","dateModified":"2025-06-05T16:18:02+00:00","description":"Les jeunes m\u00e9decins tunisiens annoncent une gr\u00e8ve de cinq jours d\u00e8s le 12 juin, d\u00e9non\u00e7ant des conditions de travail pr\u00e9caires, un m\u00e9pris minist\u00e9riel et une h\u00e9mo...","breadcrumb":{"@id":"https:\/\/www.webdo.tn\/fr\/actualite\/national\/tunisie-salaires-devoiles-les-jeunes-medecins-repondent-au-ministre\/222367\/#breadcrumb"},"inLanguage":"fr-FR","potentialAction":[{"@type":"ReadAction","target":["https:\/\/www.webdo.tn\/fr\/actualite\/national\/tunisie-salaires-devoiles-les-jeunes-medecins-repondent-au-ministre\/222367\/"]}]},{"@type":"ImageObject","inLanguage":"fr-FR","@id":"https:\/\/www.webdo.tn\/fr\/actualite\/national\/tunisie-salaires-devoiles-les-jeunes-medecins-repondent-au-ministre\/222367\/#primaryimage","url":"https:\/\/www.webdo.tn\/fr\/wp-content\/uploads\/2025\/06\/7af7f27e1e5cd1a0f1adcfb2354358a8.webp","contentUrl":"https:\/\/www.webdo.tn\/fr\/wp-content\/uploads\/2025\/06\/7af7f27e1e5cd1a0f1adcfb2354358a8.webp","width":750,"height":400,"caption":"Tunisie : Salaires d\u00e9voil\u00e9s, les jeunes m\u00e9decins r\u00e9pondent au ministre"},{"@type":"BreadcrumbList","@id":"https:\/\/www.webdo.tn\/fr\/actualite\/national\/tunisie-salaires-devoiles-les-jeunes-medecins-repondent-au-ministre\/222367\/#breadcrumb","itemListElement":[{"@type":"ListItem","position":1,"name":"Accueil","item":"https:\/\/www.webdo.tn\/fr\/"},{"@type":"ListItem","position":2,"name":"Tunisie : Salaires d\u00e9voil\u00e9s, les jeunes m\u00e9decins r\u00e9pondent au ministre"}]},{"@type":"WebSite","@id":"https:\/\/www.webdo.tn\/fr\/#website","url":"https:\/\/www.webdo.tn\/fr\/","name":"webdo","description":"Tunisie - News en Tunisie et \u00e0 l&#039;international sur Webdo.tn","publisher":{"@id":"https:\/\/www.webdo.tn\/fr\/#organization"},"potentialAction":[{"@type":"SearchAction","target":{"@type":"EntryPoint","urlTemplate":"https:\/\/www.webdo.tn\/fr\/?s={search_term_string}"},"query-input":{"@type":"PropertyValueSpecification","valueRequired":true,"valueName":"search_term_string"}}],"inLanguage":"fr-FR"},{"@type":"Organization","@id":"https:\/\/www.webdo.tn\/fr\/#organization","name":"Webdo","alternateName":"Webdo.tn","url":"https:\/\/www.webdo.tn\/fr\/","logo":{"@type":"ImageObject","inLanguage":"fr-FR","@id":"https:\/\/www.webdo.tn\/fr\/#\/schema\/logo\/image\/","url":"https:\/\/www.webdo.tn\/fr\/wp-content\/uploads\/2025\/06\/Webdo-Tunisie_168377.jpg","contentUrl":"https:\/\/www.webdo.tn\/fr\/wp-content\/uploads\/2025\/06\/Webdo-Tunisie_168377.jpg","width":301,"height":301,"caption":"Webdo"},"image":{"@id":"https:\/\/www.webdo.tn\/fr\/#\/schema\/logo\/image\/"},"sameAs":["https:\/\/www.facebook.com\/webdotn","https:\/\/x.com\/webdo_tn"],"description":"Webdo est un m\u00e9dia num\u00e9rique tunisien fond\u00e9 en 2010, sp\u00e9cialis\u00e9 dans l\u2019actualit\u00e9 nationale et internationale, l\u2019\u00e9conomie, la soci\u00e9t\u00e9 et les analyses politiques. Le site s\u2019adresse \u00e0 un large public francophone et couvre l\u2019information tunisienne en temps r\u00e9el.","email":"redac@webdo.tn","legalName":"YNJ SARL","foundingDate":"2010-09-06","numberOfEmployees":{"@type":"QuantitativeValue","minValue":"11","maxValue":"50"}},{"@type":"Person","@id":"https:\/\/www.webdo.tn\/fr\/#\/schema\/person\/82ca085b22037d285e1a3c4b65ba5f71","name":"KJ","image":{"@type":"ImageObject","inLanguage":"fr-FR","@id":"https:\/\/secure.gravatar.com\/avatar\/1a1320de1c1971c893f00068f760b4113d69504aa21273da17ee95650c5944fd?s=96&d=mm&r=g","url":"https:\/\/secure.gravatar.com\/avatar\/1a1320de1c1971c893f00068f760b4113d69504aa21273da17ee95650c5944fd?s=96&d=mm&r=g","contentUrl":"https:\/\/secure.gravatar.com\/avatar\/1a1320de1c1971c893f00068f760b4113d69504aa21273da17ee95650c5944fd?s=96&d=mm&r=g","caption":"KJ"},"url":"https:\/\/www.webdo.tn\/fr\/actualite\/author\/kj\/"}]}},"_links":{"self":[{"href":"https:\/\/www.webdo.tn\/fr\/wp-json\/wp\/v2\/posts\/222367","targetHints":{"allow":["GET"]}}],"collection":[{"href":"https:\/\/www.webdo.tn\/fr\/wp-json\/wp\/v2\/posts"}],"about":[{"href":"https:\/\/www.webdo.tn\/fr\/wp-json\/wp\/v2\/types\/post"}],"author":[{"embeddable":true,"href":"https:\/\/www.webdo.tn\/fr\/wp-json\/wp\/v2\/users\/3163"}],"replies":[{"embeddable":true,"href":"https:\/\/www.webdo.tn\/fr\/wp-json\/wp\/v2\/comments?post=222367"}],"version-history":[{"count":0,"href":"https:\/\/www.webdo.tn\/fr\/wp-json\/wp\/v2\/posts\/222367\/revisions"}],"wp:featuredmedia":[{"embeddable":true,"href":"https:\/\/www.webdo.tn\/fr\/wp-json\/wp\/v2\/media\/366204"}],"wp:attachment":[{"href":"https:\/\/www.webdo.tn\/fr\/wp-json\/wp\/v2\/media?parent=222367"}],"wp:term":[{"taxonomy":"category","embeddable":true,"href":"https:\/\/www.webdo.tn\/fr\/wp-json\/wp\/v2\/categories?post=222367"},{"taxonomy":"post_tag","embeddable":true,"href":"https:\/\/www.webdo.tn\/fr\/wp-json\/wp\/v2\/tags?post=222367"}],"curies":[{"name":"wp","href":"https:\/\/api.w.org\/{rel}","templated":true}]}}