{"id":222365,"date":"2025-06-03T13:52:00","date_gmt":"2025-06-03T13:52:00","guid":{"rendered":"https:\/\/www.webdo.tn\/fr\/actualite\/blog\/tunis-voici-les-tarifs-pour-feter-votre-mariage-a-la-piscine-du-belvedere\/222365\/"},"modified":"2025-06-05T16:17:40","modified_gmt":"2025-06-05T16:17:40","slug":"tunis-voici-les-tarifs-pour-feter-votre-mariage-a-la-piscine-du-belvedere","status":"publish","type":"post","link":"https:\/\/www.webdo.tn\/fr\/actualite\/national\/tunis-voici-les-tarifs-pour-feter-votre-mariage-a-la-piscine-du-belvedere\/222365\/","title":{"rendered":"Tunis : Voici les tarifs pour f\u00eater votre mariage \u00e0 la piscine du Belv\u00e9d\u00e8re"},"content":{"rendered":"<p>Bonne nouvelle pour les amateurs de natation et les futurs mari\u00e9s en qu\u00eate d\u2019un lieu insolite : la piscine municipale du Belv\u00e9d\u00e8re \u00e0 Tunis rouvre ses portes au public \u00e0 partir de ce mardi 3 juin 2025 \u00e0 8h du matin, a annonc\u00e9 Khaled Ben Yedder, directeur de la culture, de l\u2019enfance, de la jeunesse, des sports et des affaires sociales \u00e0 la municipalit\u00e9 de Tunis.<\/p>\n<p> Dans une d\u00e9claration \u00e0 la radio nationale, Ben Yedder a pr\u00e9cis\u00e9 que la piscine proposera d\u00e9sormais quatre s\u00e9ances de natation quotidiennes, chacune d&rsquo;une dur\u00e9e de deux heures, entre 8h et 16h. Le tarif de chaque s\u00e9ance est fix\u00e9 \u00e0 4 dinars.<\/p>\n<p>L\u2019\u00e9quipement peut accueillir jusqu\u2019\u00e0 75 personnes, r\u00e9parties sur cinq couloirs, soit 15 nageurs par couloir. Il est \u00e9galement obligatoire qu\u2019un accompagnateur soit pr\u00e9sent pour tout enfant de moins de 16 ans.<\/p>\n<p>Mais la piscine ne se limite pas \u00e0 la natation. D&rsquo;autres espaces ont \u00e9t\u00e9 am\u00e9nag\u00e9s pour accueillir des \u00e9v\u00e9nements culturels et sportifs, ainsi qu\u2019un lieu original pour la c\u00e9l\u00e9bration de mariages.<\/p>\n<p>Concernant ce dernier service, le tarif de location du lieu pour une c\u00e9r\u00e9monie de mariage est de 2500 dinars par heure entre mai et octobre, et de 1500 dinars le reste de l\u2019ann\u00e9e.<\/p>\n<p>Enfin, un court de tennis est \u00e9galement accessible au public, avec un tarif de 15 dinars pour une s\u00e9ance matinale, et 25 dinars pour une s\u00e9ance en soir\u00e9e.<\/p>\n","protected":false},"excerpt":{"rendered":"<p>La piscine municipale du Belv\u00e9d\u00e8re \u00e0 Tunis rouvre ses portes avec des tarifs abordables pour la natation, des \u00e9v\u00e9nements culturels, et m\u00eame des mariages \u00e0 c\u00e9l\u00e9b&#8230;<\/p>\n","protected":false},"author":3163,"featured_media":365948,"comment_status":"open","ping_status":"closed","sticky":false,"template":"","format":"standard","meta":{"footnotes":""},"categories":[44],"tags":[6799,3829,2640,2608],"class_list":["post-222365","post","type-post","status-publish","format-standard","has-post-thumbnail","hentry","category-national","tag-belvedere","tag-piscine","tag-tunis","tag-tunisie"],"yoast_head":"<!-- This site is optimized with the Yoast SEO Premium plugin v27.4 (Yoast SEO v27.5) - https:\/\/yoast.com\/product\/yoast-seo-premium-wordpress\/ -->\n<title>Tunis : Voici les tarifs pour f\u00eater votre mariage \u00e0 la piscine du Belv\u00e9d\u00e8re<\/title>\n<meta name=\"description\" content=\"La piscine municipale du Belv\u00e9d\u00e8re \u00e0 Tunis rouvre ses portes avec des tarifs abordables pour la natation, des \u00e9v\u00e9nements culturels, et m\u00eame des mariages \u00e0 c\u00e9l\u00e9b...\" \/>\n<link rel=\"canonical\" href=\"https:\/\/www.webdo.tn\/fr\/actualite\/national\/tunis-voici-les-tarifs-pour-feter-votre-mariage-a-la-piscine-du-belvedere\/222365\/\" \/>\n<meta property=\"og:locale\" content=\"fr_FR\" \/>\n<meta property=\"og:type\" content=\"article\" \/>\n<meta property=\"og:title\" content=\"Tunis : Voici les tarifs pour f\u00eater votre mariage \u00e0 la piscine du Belv\u00e9d\u00e8re\" \/>\n<meta property=\"og:description\" content=\"La piscine municipale du Belv\u00e9d\u00e8re \u00e0 Tunis rouvre ses portes avec des tarifs abordables pour la natation, des \u00e9v\u00e9nements culturels, et m\u00eame des mariages \u00e0 c\u00e9l\u00e9b...\" \/>\n<meta property=\"og:url\" content=\"https:\/\/www.webdo.tn\/fr\/actualite\/national\/tunis-voici-les-tarifs-pour-feter-votre-mariage-a-la-piscine-du-belvedere\/222365\/\" \/>\n<meta property=\"og:site_name\" content=\"webdo\" \/>\n<meta property=\"article:publisher\" content=\"https:\/\/www.facebook.com\/webdotn\" \/>\n<meta property=\"article:published_time\" content=\"2025-06-03T13:52:00+00:00\" \/>\n<meta property=\"article:modified_time\" content=\"2025-06-05T16:17:40+00:00\" \/>\n<meta property=\"og:image\" content=\"https:\/\/www.webdo.tn\/fr\/wp-content\/uploads\/2025\/06\/213256dd9430e28a34ca3d08761f90ed.webp\" \/>\n\t<meta property=\"og:image:width\" content=\"750\" \/>\n\t<meta property=\"og:image:height\" content=\"400\" \/>\n\t<meta property=\"og:image:type\" content=\"image\/webp\" \/>\n<meta name=\"author\" content=\"KJ\" \/>\n<meta name=\"twitter:card\" content=\"summary_large_image\" \/>\n<meta name=\"twitter:creator\" content=\"@webdo_tn\" \/>\n<meta name=\"twitter:site\" content=\"@webdo_tn\" \/>\n<meta name=\"twitter:label1\" content=\"\u00c9crit par\" \/>\n\t<meta name=\"twitter:data1\" content=\"KJ\" \/>\n\t<meta name=\"twitter:label2\" content=\"Dur\u00e9e de lecture estim\u00e9e\" \/>\n\t<meta name=\"twitter:data2\" content=\"1 minute\" \/>\n<script type=\"application\/ld+json\" class=\"yoast-schema-graph\">{\"@context\":\"https:\\\/\\\/schema.org\",\"@graph\":[{\"@type\":\"NewsArticle\",\"@id\":\"https:\\\/\\\/www.webdo.tn\\\/fr\\\/actualite\\\/national\\\/tunis-voici-les-tarifs-pour-feter-votre-mariage-a-la-piscine-du-belvedere\\\/222365\\\/#article\",\"isPartOf\":{\"@id\":\"https:\\\/\\\/www.webdo.tn\\\/fr\\\/actualite\\\/national\\\/tunis-voici-les-tarifs-pour-feter-votre-mariage-a-la-piscine-du-belvedere\\\/222365\\\/\"},\"author\":{\"name\":\"KJ\",\"@id\":\"https:\\\/\\\/www.webdo.tn\\\/fr\\\/#\\\/schema\\\/person\\\/82ca085b22037d285e1a3c4b65ba5f71\"},\"headline\":\"Tunis : Voici les tarifs pour f\u00eater votre mariage \u00e0 la piscine du Belv\u00e9d\u00e8re\",\"datePublished\":\"2025-06-03T13:52:00+00:00\",\"dateModified\":\"2025-06-05T16:17:40+00:00\",\"mainEntityOfPage\":{\"@id\":\"https:\\\/\\\/www.webdo.tn\\\/fr\\\/actualite\\\/national\\\/tunis-voici-les-tarifs-pour-feter-votre-mariage-a-la-piscine-du-belvedere\\\/222365\\\/\"},\"wordCount\":258,\"commentCount\":0,\"publisher\":{\"@id\":\"https:\\\/\\\/www.webdo.tn\\\/fr\\\/#organization\"},\"image\":{\"@id\":\"https:\\\/\\\/www.webdo.tn\\\/fr\\\/actualite\\\/national\\\/tunis-voici-les-tarifs-pour-feter-votre-mariage-a-la-piscine-du-belvedere\\\/222365\\\/#primaryimage\"},\"thumbnailUrl\":\"https:\\\/\\\/www.webdo.tn\\\/fr\\\/wp-content\\\/uploads\\\/2025\\\/06\\\/213256dd9430e28a34ca3d08761f90ed.webp\",\"keywords\":[\"belv\u00e9d\u00e8re\",\"piscine\",\"Tunis\",\"Tunisie\"],\"articleSection\":[\"National\"],\"inLanguage\":\"fr-FR\"},{\"@type\":\"WebPage\",\"@id\":\"https:\\\/\\\/www.webdo.tn\\\/fr\\\/actualite\\\/national\\\/tunis-voici-les-tarifs-pour-feter-votre-mariage-a-la-piscine-du-belvedere\\\/222365\\\/\",\"url\":\"https:\\\/\\\/www.webdo.tn\\\/fr\\\/actualite\\\/national\\\/tunis-voici-les-tarifs-pour-feter-votre-mariage-a-la-piscine-du-belvedere\\\/222365\\\/\",\"name\":\"Tunis : Voici les tarifs pour f\u00eater votre mariage \u00e0 la piscine du Belv\u00e9d\u00e8re\",\"isPartOf\":{\"@id\":\"https:\\\/\\\/www.webdo.tn\\\/fr\\\/#website\"},\"primaryImageOfPage\":{\"@id\":\"https:\\\/\\\/www.webdo.tn\\\/fr\\\/actualite\\\/national\\\/tunis-voici-les-tarifs-pour-feter-votre-mariage-a-la-piscine-du-belvedere\\\/222365\\\/#primaryimage\"},\"image\":{\"@id\":\"https:\\\/\\\/www.webdo.tn\\\/fr\\\/actualite\\\/national\\\/tunis-voici-les-tarifs-pour-feter-votre-mariage-a-la-piscine-du-belvedere\\\/222365\\\/#primaryimage\"},\"thumbnailUrl\":\"https:\\\/\\\/www.webdo.tn\\\/fr\\\/wp-content\\\/uploads\\\/2025\\\/06\\\/213256dd9430e28a34ca3d08761f90ed.webp\",\"datePublished\":\"2025-06-03T13:52:00+00:00\",\"dateModified\":\"2025-06-05T16:17:40+00:00\",\"description\":\"La piscine municipale du Belv\u00e9d\u00e8re \u00e0 Tunis rouvre ses portes avec des tarifs abordables pour la natation, des \u00e9v\u00e9nements culturels, et m\u00eame des mariages \u00e0 c\u00e9l\u00e9b...\",\"breadcrumb\":{\"@id\":\"https:\\\/\\\/www.webdo.tn\\\/fr\\\/actualite\\\/national\\\/tunis-voici-les-tarifs-pour-feter-votre-mariage-a-la-piscine-du-belvedere\\\/222365\\\/#breadcrumb\"},\"inLanguage\":\"fr-FR\",\"potentialAction\":[{\"@type\":\"ReadAction\",\"target\":[\"https:\\\/\\\/www.webdo.tn\\\/fr\\\/actualite\\\/national\\\/tunis-voici-les-tarifs-pour-feter-votre-mariage-a-la-piscine-du-belvedere\\\/222365\\\/\"]}]},{\"@type\":\"ImageObject\",\"inLanguage\":\"fr-FR\",\"@id\":\"https:\\\/\\\/www.webdo.tn\\\/fr\\\/actualite\\\/national\\\/tunis-voici-les-tarifs-pour-feter-votre-mariage-a-la-piscine-du-belvedere\\\/222365\\\/#primaryimage\",\"url\":\"https:\\\/\\\/www.webdo.tn\\\/fr\\\/wp-content\\\/uploads\\\/2025\\\/06\\\/213256dd9430e28a34ca3d08761f90ed.webp\",\"contentUrl\":\"https:\\\/\\\/www.webdo.tn\\\/fr\\\/wp-content\\\/uploads\\\/2025\\\/06\\\/213256dd9430e28a34ca3d08761f90ed.webp\",\"width\":750,\"height\":400,\"caption\":\"Tunis : Voici les tarifs pour f\u00eater votre mariage \u00e0 la piscine du Belv\u00e9d\u00e8re\"},{\"@type\":\"BreadcrumbList\",\"@id\":\"https:\\\/\\\/www.webdo.tn\\\/fr\\\/actualite\\\/national\\\/tunis-voici-les-tarifs-pour-feter-votre-mariage-a-la-piscine-du-belvedere\\\/222365\\\/#breadcrumb\",\"itemListElement\":[{\"@type\":\"ListItem\",\"position\":1,\"name\":\"Accueil\",\"item\":\"https:\\\/\\\/www.webdo.tn\\\/fr\\\/\"},{\"@type\":\"ListItem\",\"position\":2,\"name\":\"Tunis : Voici les tarifs pour f\u00eater votre mariage \u00e0 la piscine du Belv\u00e9d\u00e8re\"}]},{\"@type\":\"WebSite\",\"@id\":\"https:\\\/\\\/www.webdo.tn\\\/fr\\\/#website\",\"url\":\"https:\\\/\\\/www.webdo.tn\\\/fr\\\/\",\"name\":\"webdo\",\"description\":\"Tunisie - News en Tunisie et \u00e0 l&#039;international sur Webdo.tn\",\"publisher\":{\"@id\":\"https:\\\/\\\/www.webdo.tn\\\/fr\\\/#organization\"},\"potentialAction\":[{\"@type\":\"SearchAction\",\"target\":{\"@type\":\"EntryPoint\",\"urlTemplate\":\"https:\\\/\\\/www.webdo.tn\\\/fr\\\/?s={search_term_string}\"},\"query-input\":{\"@type\":\"PropertyValueSpecification\",\"valueRequired\":true,\"valueName\":\"search_term_string\"}}],\"inLanguage\":\"fr-FR\"},{\"@type\":\"Organization\",\"@id\":\"https:\\\/\\\/www.webdo.tn\\\/fr\\\/#organization\",\"name\":\"Webdo\",\"alternateName\":\"Webdo.tn\",\"url\":\"https:\\\/\\\/www.webdo.tn\\\/fr\\\/\",\"logo\":{\"@type\":\"ImageObject\",\"inLanguage\":\"fr-FR\",\"@id\":\"https:\\\/\\\/www.webdo.tn\\\/fr\\\/#\\\/schema\\\/logo\\\/image\\\/\",\"url\":\"https:\\\/\\\/www.webdo.tn\\\/fr\\\/wp-content\\\/uploads\\\/2025\\\/06\\\/Webdo-Tunisie_168377.jpg\",\"contentUrl\":\"https:\\\/\\\/www.webdo.tn\\\/fr\\\/wp-content\\\/uploads\\\/2025\\\/06\\\/Webdo-Tunisie_168377.jpg\",\"width\":301,\"height\":301,\"caption\":\"Webdo\"},\"image\":{\"@id\":\"https:\\\/\\\/www.webdo.tn\\\/fr\\\/#\\\/schema\\\/logo\\\/image\\\/\"},\"sameAs\":[\"https:\\\/\\\/www.facebook.com\\\/webdotn\",\"https:\\\/\\\/x.com\\\/webdo_tn\"],\"description\":\"Webdo est un m\u00e9dia num\u00e9rique tunisien fond\u00e9 en 2010, sp\u00e9cialis\u00e9 dans l\u2019actualit\u00e9 nationale et internationale, l\u2019\u00e9conomie, la soci\u00e9t\u00e9 et les analyses politiques. Le site s\u2019adresse \u00e0 un large public francophone et couvre l\u2019information tunisienne en temps r\u00e9el.\",\"email\":\"redac@webdo.tn\",\"legalName\":\"YNJ SARL\",\"foundingDate\":\"2010-09-06\",\"numberOfEmployees\":{\"@type\":\"QuantitativeValue\",\"minValue\":\"11\",\"maxValue\":\"50\"}},{\"@type\":\"Person\",\"@id\":\"https:\\\/\\\/www.webdo.tn\\\/fr\\\/#\\\/schema\\\/person\\\/82ca085b22037d285e1a3c4b65ba5f71\",\"name\":\"KJ\",\"image\":{\"@type\":\"ImageObject\",\"inLanguage\":\"fr-FR\",\"@id\":\"https:\\\/\\\/secure.gravatar.com\\\/avatar\\\/1a1320de1c1971c893f00068f760b4113d69504aa21273da17ee95650c5944fd?s=96&d=mm&r=g\",\"url\":\"https:\\\/\\\/secure.gravatar.com\\\/avatar\\\/1a1320de1c1971c893f00068f760b4113d69504aa21273da17ee95650c5944fd?s=96&d=mm&r=g\",\"contentUrl\":\"https:\\\/\\\/secure.gravatar.com\\\/avatar\\\/1a1320de1c1971c893f00068f760b4113d69504aa21273da17ee95650c5944fd?s=96&d=mm&r=g\",\"caption\":\"KJ\"},\"url\":\"https:\\\/\\\/www.webdo.tn\\\/fr\\\/actualite\\\/author\\\/kj\\\/\"}]}<\/script>\n<!-- \/ Yoast SEO Premium plugin. -->","yoast_head_json":{"title":"Tunis : Voici les tarifs pour f\u00eater votre mariage \u00e0 la piscine du Belv\u00e9d\u00e8re","description":"La piscine municipale du Belv\u00e9d\u00e8re \u00e0 Tunis rouvre ses portes avec des tarifs abordables pour la natation, des \u00e9v\u00e9nements culturels, et m\u00eame des mariages \u00e0 c\u00e9l\u00e9b...","canonical":"https:\/\/www.webdo.tn\/fr\/actualite\/national\/tunis-voici-les-tarifs-pour-feter-votre-mariage-a-la-piscine-du-belvedere\/222365\/","og_locale":"fr_FR","og_type":"article","og_title":"Tunis : Voici les tarifs pour f\u00eater votre mariage \u00e0 la piscine du Belv\u00e9d\u00e8re","og_description":"La piscine municipale du Belv\u00e9d\u00e8re \u00e0 Tunis rouvre ses portes avec des tarifs abordables pour la natation, des \u00e9v\u00e9nements culturels, et m\u00eame des mariages \u00e0 c\u00e9l\u00e9b...","og_url":"https:\/\/www.webdo.tn\/fr\/actualite\/national\/tunis-voici-les-tarifs-pour-feter-votre-mariage-a-la-piscine-du-belvedere\/222365\/","og_site_name":"webdo","article_publisher":"https:\/\/www.facebook.com\/webdotn","article_published_time":"2025-06-03T13:52:00+00:00","article_modified_time":"2025-06-05T16:17:40+00:00","og_image":[{"width":750,"height":400,"url":"https:\/\/www.webdo.tn\/fr\/wp-content\/uploads\/2025\/06\/213256dd9430e28a34ca3d08761f90ed.webp","type":"image\/webp"}],"author":"KJ","twitter_card":"summary_large_image","twitter_creator":"@webdo_tn","twitter_site":"@webdo_tn","twitter_misc":{"\u00c9crit par":"KJ","Dur\u00e9e de lecture estim\u00e9e":"1 minute"},"schema":{"@context":"https:\/\/schema.org","@graph":[{"@type":"NewsArticle","@id":"https:\/\/www.webdo.tn\/fr\/actualite\/national\/tunis-voici-les-tarifs-pour-feter-votre-mariage-a-la-piscine-du-belvedere\/222365\/#article","isPartOf":{"@id":"https:\/\/www.webdo.tn\/fr\/actualite\/national\/tunis-voici-les-tarifs-pour-feter-votre-mariage-a-la-piscine-du-belvedere\/222365\/"},"author":{"name":"KJ","@id":"https:\/\/www.webdo.tn\/fr\/#\/schema\/person\/82ca085b22037d285e1a3c4b65ba5f71"},"headline":"Tunis : Voici les tarifs pour f\u00eater votre mariage \u00e0 la piscine du Belv\u00e9d\u00e8re","datePublished":"2025-06-03T13:52:00+00:00","dateModified":"2025-06-05T16:17:40+00:00","mainEntityOfPage":{"@id":"https:\/\/www.webdo.tn\/fr\/actualite\/national\/tunis-voici-les-tarifs-pour-feter-votre-mariage-a-la-piscine-du-belvedere\/222365\/"},"wordCount":258,"commentCount":0,"publisher":{"@id":"https:\/\/www.webdo.tn\/fr\/#organization"},"image":{"@id":"https:\/\/www.webdo.tn\/fr\/actualite\/national\/tunis-voici-les-tarifs-pour-feter-votre-mariage-a-la-piscine-du-belvedere\/222365\/#primaryimage"},"thumbnailUrl":"https:\/\/www.webdo.tn\/fr\/wp-content\/uploads\/2025\/06\/213256dd9430e28a34ca3d08761f90ed.webp","keywords":["belv\u00e9d\u00e8re","piscine","Tunis","Tunisie"],"articleSection":["National"],"inLanguage":"fr-FR"},{"@type":"WebPage","@id":"https:\/\/www.webdo.tn\/fr\/actualite\/national\/tunis-voici-les-tarifs-pour-feter-votre-mariage-a-la-piscine-du-belvedere\/222365\/","url":"https:\/\/www.webdo.tn\/fr\/actualite\/national\/tunis-voici-les-tarifs-pour-feter-votre-mariage-a-la-piscine-du-belvedere\/222365\/","name":"Tunis : Voici les tarifs pour f\u00eater votre mariage \u00e0 la piscine du Belv\u00e9d\u00e8re","isPartOf":{"@id":"https:\/\/www.webdo.tn\/fr\/#website"},"primaryImageOfPage":{"@id":"https:\/\/www.webdo.tn\/fr\/actualite\/national\/tunis-voici-les-tarifs-pour-feter-votre-mariage-a-la-piscine-du-belvedere\/222365\/#primaryimage"},"image":{"@id":"https:\/\/www.webdo.tn\/fr\/actualite\/national\/tunis-voici-les-tarifs-pour-feter-votre-mariage-a-la-piscine-du-belvedere\/222365\/#primaryimage"},"thumbnailUrl":"https:\/\/www.webdo.tn\/fr\/wp-content\/uploads\/2025\/06\/213256dd9430e28a34ca3d08761f90ed.webp","datePublished":"2025-06-03T13:52:00+00:00","dateModified":"2025-06-05T16:17:40+00:00","description":"La piscine municipale du Belv\u00e9d\u00e8re \u00e0 Tunis rouvre ses portes avec des tarifs abordables pour la natation, des \u00e9v\u00e9nements culturels, et m\u00eame des mariages \u00e0 c\u00e9l\u00e9b...","breadcrumb":{"@id":"https:\/\/www.webdo.tn\/fr\/actualite\/national\/tunis-voici-les-tarifs-pour-feter-votre-mariage-a-la-piscine-du-belvedere\/222365\/#breadcrumb"},"inLanguage":"fr-FR","potentialAction":[{"@type":"ReadAction","target":["https:\/\/www.webdo.tn\/fr\/actualite\/national\/tunis-voici-les-tarifs-pour-feter-votre-mariage-a-la-piscine-du-belvedere\/222365\/"]}]},{"@type":"ImageObject","inLanguage":"fr-FR","@id":"https:\/\/www.webdo.tn\/fr\/actualite\/national\/tunis-voici-les-tarifs-pour-feter-votre-mariage-a-la-piscine-du-belvedere\/222365\/#primaryimage","url":"https:\/\/www.webdo.tn\/fr\/wp-content\/uploads\/2025\/06\/213256dd9430e28a34ca3d08761f90ed.webp","contentUrl":"https:\/\/www.webdo.tn\/fr\/wp-content\/uploads\/2025\/06\/213256dd9430e28a34ca3d08761f90ed.webp","width":750,"height":400,"caption":"Tunis : Voici les tarifs pour f\u00eater votre mariage \u00e0 la piscine du Belv\u00e9d\u00e8re"},{"@type":"BreadcrumbList","@id":"https:\/\/www.webdo.tn\/fr\/actualite\/national\/tunis-voici-les-tarifs-pour-feter-votre-mariage-a-la-piscine-du-belvedere\/222365\/#breadcrumb","itemListElement":[{"@type":"ListItem","position":1,"name":"Accueil","item":"https:\/\/www.webdo.tn\/fr\/"},{"@type":"ListItem","position":2,"name":"Tunis : Voici les tarifs pour f\u00eater votre mariage \u00e0 la piscine du Belv\u00e9d\u00e8re"}]},{"@type":"WebSite","@id":"https:\/\/www.webdo.tn\/fr\/#website","url":"https:\/\/www.webdo.tn\/fr\/","name":"webdo","description":"Tunisie - News en Tunisie et \u00e0 l&#039;international sur Webdo.tn","publisher":{"@id":"https:\/\/www.webdo.tn\/fr\/#organization"},"potentialAction":[{"@type":"SearchAction","target":{"@type":"EntryPoint","urlTemplate":"https:\/\/www.webdo.tn\/fr\/?s={search_term_string}"},"query-input":{"@type":"PropertyValueSpecification","valueRequired":true,"valueName":"search_term_string"}}],"inLanguage":"fr-FR"},{"@type":"Organization","@id":"https:\/\/www.webdo.tn\/fr\/#organization","name":"Webdo","alternateName":"Webdo.tn","url":"https:\/\/www.webdo.tn\/fr\/","logo":{"@type":"ImageObject","inLanguage":"fr-FR","@id":"https:\/\/www.webdo.tn\/fr\/#\/schema\/logo\/image\/","url":"https:\/\/www.webdo.tn\/fr\/wp-content\/uploads\/2025\/06\/Webdo-Tunisie_168377.jpg","contentUrl":"https:\/\/www.webdo.tn\/fr\/wp-content\/uploads\/2025\/06\/Webdo-Tunisie_168377.jpg","width":301,"height":301,"caption":"Webdo"},"image":{"@id":"https:\/\/www.webdo.tn\/fr\/#\/schema\/logo\/image\/"},"sameAs":["https:\/\/www.facebook.com\/webdotn","https:\/\/x.com\/webdo_tn"],"description":"Webdo est un m\u00e9dia num\u00e9rique tunisien fond\u00e9 en 2010, sp\u00e9cialis\u00e9 dans l\u2019actualit\u00e9 nationale et internationale, l\u2019\u00e9conomie, la soci\u00e9t\u00e9 et les analyses politiques. Le site s\u2019adresse \u00e0 un large public francophone et couvre l\u2019information tunisienne en temps r\u00e9el.","email":"redac@webdo.tn","legalName":"YNJ SARL","foundingDate":"2010-09-06","numberOfEmployees":{"@type":"QuantitativeValue","minValue":"11","maxValue":"50"}},{"@type":"Person","@id":"https:\/\/www.webdo.tn\/fr\/#\/schema\/person\/82ca085b22037d285e1a3c4b65ba5f71","name":"KJ","image":{"@type":"ImageObject","inLanguage":"fr-FR","@id":"https:\/\/secure.gravatar.com\/avatar\/1a1320de1c1971c893f00068f760b4113d69504aa21273da17ee95650c5944fd?s=96&d=mm&r=g","url":"https:\/\/secure.gravatar.com\/avatar\/1a1320de1c1971c893f00068f760b4113d69504aa21273da17ee95650c5944fd?s=96&d=mm&r=g","contentUrl":"https:\/\/secure.gravatar.com\/avatar\/1a1320de1c1971c893f00068f760b4113d69504aa21273da17ee95650c5944fd?s=96&d=mm&r=g","caption":"KJ"},"url":"https:\/\/www.webdo.tn\/fr\/actualite\/author\/kj\/"}]}},"_links":{"self":[{"href":"https:\/\/www.webdo.tn\/fr\/wp-json\/wp\/v2\/posts\/222365","targetHints":{"allow":["GET"]}}],"collection":[{"href":"https:\/\/www.webdo.tn\/fr\/wp-json\/wp\/v2\/posts"}],"about":[{"href":"https:\/\/www.webdo.tn\/fr\/wp-json\/wp\/v2\/types\/post"}],"author":[{"embeddable":true,"href":"https:\/\/www.webdo.tn\/fr\/wp-json\/wp\/v2\/users\/3163"}],"replies":[{"embeddable":true,"href":"https:\/\/www.webdo.tn\/fr\/wp-json\/wp\/v2\/comments?post=222365"}],"version-history":[{"count":0,"href":"https:\/\/www.webdo.tn\/fr\/wp-json\/wp\/v2\/posts\/222365\/revisions"}],"wp:featuredmedia":[{"embeddable":true,"href":"https:\/\/www.webdo.tn\/fr\/wp-json\/wp\/v2\/media\/365948"}],"wp:attachment":[{"href":"https:\/\/www.webdo.tn\/fr\/wp-json\/wp\/v2\/media?parent=222365"}],"wp:term":[{"taxonomy":"category","embeddable":true,"href":"https:\/\/www.webdo.tn\/fr\/wp-json\/wp\/v2\/categories?post=222365"},{"taxonomy":"post_tag","embeddable":true,"href":"https:\/\/www.webdo.tn\/fr\/wp-json\/wp\/v2\/tags?post=222365"}],"curies":[{"name":"wp","href":"https:\/\/api.w.org\/{rel}","templated":true}]}}