{"id":222360,"date":"2025-06-03T10:41:00","date_gmt":"2025-06-03T10:41:00","guid":{"rendered":"https:\/\/www.webdo.tn\/fr\/actualite\/blog\/meeting-de-prague-la-belle-performance-d-abdessalem-layouni-sur-1500-m\/222360\/"},"modified":"2025-06-05T16:17:25","modified_gmt":"2025-06-05T16:17:25","slug":"meeting-de-prague-la-belle-performance-d-abdessalem-layouni-sur-1500-m","status":"publish","type":"post","link":"https:\/\/www.webdo.tn\/fr\/actualite\/sport\/meeting-de-prague-la-belle-performance-d-abdessalem-layouni-sur-1500-m\/222360\/","title":{"rendered":"Meeting de Prague : La belle performance d\u2019Abdessalem Layouni sur 1500 m"},"content":{"rendered":"<p>Le coureur tunisien Abdessalem Layouni s\u2019est illustr\u00e9 au meeting d\u2019athl\u00e9tisme de Prague en s\u2019adjugeant la deuxi\u00e8me place du 1500 m\u00e8tres, signant au passage son meilleur chrono personnel.<\/p>\n<p> Le demi-fondeur tunisien Abdessalem Layouni a r\u00e9alis\u00e9 une performance de choix ce lundi 2 juin au meeting international d\u2019athl\u00e9tisme de Prague, en R\u00e9publique tch\u00e8que, en d\u00e9crochant la m\u00e9daille d\u2019argent du 1500 m\u00e8tres.<\/p>\n<p>Layouni a boucl\u00e9 la distance en 3 minutes 36 secondes et 97 centi\u00e8mes, \u00e9tablissant ainsi un nouveau record personnel. Il termine derri\u00e8re le Marocain Elhassane Moujahid, qui s\u2019est impos\u00e9 en 3:36.02, tandis que l\u2019\u00c9thiopien Abdulkerim Teki s\u2019est adjug\u00e9 la m\u00e9daille de bronze avec un temps de 3:37.26.<\/p>\n<p>Cette performance confirme la mont\u00e9e en puissance de l\u2019athl\u00e8te tunisien \u00e0 l\u2019approche des grandes \u00e9ch\u00e9ances estivales.<\/p>\n","protected":false},"excerpt":{"rendered":"<p>Meeting d\u2019athl\u00e9tisme de Prague : le Tunisien Abdessalem Layouni d\u00e9croche la m\u00e9daille d\u2019argent sur 1500 m avec un temps record personnel de 3:36.97.<\/p>\n","protected":false},"author":3162,"featured_media":365945,"comment_status":"open","ping_status":"closed","sticky":false,"template":"","format":"standard","meta":{"footnotes":""},"categories":[2593],"tags":[11622,5728,11623,6388,2608],"class_list":["post-222360","post","type-post","status-publish","format-standard","has-post-thumbnail","hentry","category-sport","tag-abdessalem-layouni","tag-athletisme","tag-meeting-international-dathletisme-de-prague","tag-record","tag-tunisie"],"yoast_head":"<!-- This site is optimized with the Yoast SEO Premium plugin v27.4 (Yoast SEO v27.5) - https:\/\/yoast.com\/product\/yoast-seo-premium-wordpress\/ -->\n<title>Meeting de Prague : La belle performance d\u2019Abdessalem Layouni sur 1500 m<\/title>\n<meta name=\"description\" content=\"Meeting d\u2019athl\u00e9tisme de Prague : le Tunisien Abdessalem Layouni d\u00e9croche la m\u00e9daille d\u2019argent sur 1500 m avec un temps record personnel de 3:36.97.\" \/>\n<link rel=\"canonical\" href=\"https:\/\/www.webdo.tn\/fr\/actualite\/sport\/meeting-de-prague-la-belle-performance-d-abdessalem-layouni-sur-1500-m\/222360\/\" \/>\n<meta property=\"og:locale\" content=\"fr_FR\" \/>\n<meta property=\"og:type\" content=\"article\" \/>\n<meta property=\"og:title\" content=\"Meeting de Prague : La belle performance d\u2019Abdessalem Layouni sur 1500 m\" \/>\n<meta property=\"og:description\" content=\"Meeting d\u2019athl\u00e9tisme de Prague : le Tunisien Abdessalem Layouni d\u00e9croche la m\u00e9daille d\u2019argent sur 1500 m avec un temps record personnel de 3:36.97.\" \/>\n<meta property=\"og:url\" content=\"https:\/\/www.webdo.tn\/fr\/actualite\/sport\/meeting-de-prague-la-belle-performance-d-abdessalem-layouni-sur-1500-m\/222360\/\" \/>\n<meta property=\"og:site_name\" content=\"webdo\" \/>\n<meta property=\"article:publisher\" content=\"https:\/\/www.facebook.com\/webdotn\" \/>\n<meta property=\"article:published_time\" content=\"2025-06-03T10:41:00+00:00\" \/>\n<meta property=\"article:modified_time\" content=\"2025-06-05T16:17:25+00:00\" \/>\n<meta property=\"og:image\" content=\"https:\/\/www.webdo.tn\/fr\/wp-content\/uploads\/2025\/06\/4cb859feb39e58075b58c03f282141dc.webp\" \/>\n\t<meta property=\"og:image:width\" content=\"750\" \/>\n\t<meta property=\"og:image:height\" content=\"400\" \/>\n\t<meta property=\"og:image:type\" content=\"image\/webp\" \/>\n<meta name=\"author\" content=\"MC\" \/>\n<meta name=\"twitter:card\" content=\"summary_large_image\" \/>\n<meta name=\"twitter:creator\" content=\"@webdo_tn\" \/>\n<meta name=\"twitter:site\" content=\"@webdo_tn\" \/>\n<meta name=\"twitter:label1\" content=\"\u00c9crit par\" \/>\n\t<meta name=\"twitter:data1\" content=\"MC\" \/>\n\t<meta name=\"twitter:label2\" content=\"Dur\u00e9e de lecture estim\u00e9e\" \/>\n\t<meta name=\"twitter:data2\" content=\"1 minute\" \/>\n<script type=\"application\/ld+json\" class=\"yoast-schema-graph\">{\"@context\":\"https:\\\/\\\/schema.org\",\"@graph\":[{\"@type\":\"NewsArticle\",\"@id\":\"https:\\\/\\\/www.webdo.tn\\\/fr\\\/actualite\\\/sport\\\/meeting-de-prague-la-belle-performance-d-abdessalem-layouni-sur-1500-m\\\/222360\\\/#article\",\"isPartOf\":{\"@id\":\"https:\\\/\\\/www.webdo.tn\\\/fr\\\/actualite\\\/sport\\\/meeting-de-prague-la-belle-performance-d-abdessalem-layouni-sur-1500-m\\\/222360\\\/\"},\"author\":{\"name\":\"MC\",\"@id\":\"https:\\\/\\\/www.webdo.tn\\\/fr\\\/#\\\/schema\\\/person\\\/2c4929cbf5a809e3bd38617c6ce150f6\"},\"headline\":\"Meeting de Prague : La belle performance d\u2019Abdessalem Layouni sur 1500 m\",\"datePublished\":\"2025-06-03T10:41:00+00:00\",\"dateModified\":\"2025-06-05T16:17:25+00:00\",\"mainEntityOfPage\":{\"@id\":\"https:\\\/\\\/www.webdo.tn\\\/fr\\\/actualite\\\/sport\\\/meeting-de-prague-la-belle-performance-d-abdessalem-layouni-sur-1500-m\\\/222360\\\/\"},\"wordCount\":150,\"commentCount\":0,\"publisher\":{\"@id\":\"https:\\\/\\\/www.webdo.tn\\\/fr\\\/#organization\"},\"image\":{\"@id\":\"https:\\\/\\\/www.webdo.tn\\\/fr\\\/actualite\\\/sport\\\/meeting-de-prague-la-belle-performance-d-abdessalem-layouni-sur-1500-m\\\/222360\\\/#primaryimage\"},\"thumbnailUrl\":\"https:\\\/\\\/www.webdo.tn\\\/fr\\\/wp-content\\\/uploads\\\/2025\\\/06\\\/4cb859feb39e58075b58c03f282141dc.webp\",\"keywords\":[\"Abdessalem Layouni\",\"athl\u00e9tisme\",\"meeting international d\u2019athl\u00e9tisme de Prague\",\"record\",\"Tunisie\"],\"articleSection\":[\"Sport\"],\"inLanguage\":\"fr-FR\"},{\"@type\":\"WebPage\",\"@id\":\"https:\\\/\\\/www.webdo.tn\\\/fr\\\/actualite\\\/sport\\\/meeting-de-prague-la-belle-performance-d-abdessalem-layouni-sur-1500-m\\\/222360\\\/\",\"url\":\"https:\\\/\\\/www.webdo.tn\\\/fr\\\/actualite\\\/sport\\\/meeting-de-prague-la-belle-performance-d-abdessalem-layouni-sur-1500-m\\\/222360\\\/\",\"name\":\"Meeting de Prague : La belle performance d\u2019Abdessalem Layouni sur 1500 m\",\"isPartOf\":{\"@id\":\"https:\\\/\\\/www.webdo.tn\\\/fr\\\/#website\"},\"primaryImageOfPage\":{\"@id\":\"https:\\\/\\\/www.webdo.tn\\\/fr\\\/actualite\\\/sport\\\/meeting-de-prague-la-belle-performance-d-abdessalem-layouni-sur-1500-m\\\/222360\\\/#primaryimage\"},\"image\":{\"@id\":\"https:\\\/\\\/www.webdo.tn\\\/fr\\\/actualite\\\/sport\\\/meeting-de-prague-la-belle-performance-d-abdessalem-layouni-sur-1500-m\\\/222360\\\/#primaryimage\"},\"thumbnailUrl\":\"https:\\\/\\\/www.webdo.tn\\\/fr\\\/wp-content\\\/uploads\\\/2025\\\/06\\\/4cb859feb39e58075b58c03f282141dc.webp\",\"datePublished\":\"2025-06-03T10:41:00+00:00\",\"dateModified\":\"2025-06-05T16:17:25+00:00\",\"description\":\"Meeting d\u2019athl\u00e9tisme de Prague : le Tunisien Abdessalem Layouni d\u00e9croche la m\u00e9daille d\u2019argent sur 1500 m avec un temps record personnel de 3:36.97.\",\"breadcrumb\":{\"@id\":\"https:\\\/\\\/www.webdo.tn\\\/fr\\\/actualite\\\/sport\\\/meeting-de-prague-la-belle-performance-d-abdessalem-layouni-sur-1500-m\\\/222360\\\/#breadcrumb\"},\"inLanguage\":\"fr-FR\",\"potentialAction\":[{\"@type\":\"ReadAction\",\"target\":[\"https:\\\/\\\/www.webdo.tn\\\/fr\\\/actualite\\\/sport\\\/meeting-de-prague-la-belle-performance-d-abdessalem-layouni-sur-1500-m\\\/222360\\\/\"]}]},{\"@type\":\"ImageObject\",\"inLanguage\":\"fr-FR\",\"@id\":\"https:\\\/\\\/www.webdo.tn\\\/fr\\\/actualite\\\/sport\\\/meeting-de-prague-la-belle-performance-d-abdessalem-layouni-sur-1500-m\\\/222360\\\/#primaryimage\",\"url\":\"https:\\\/\\\/www.webdo.tn\\\/fr\\\/wp-content\\\/uploads\\\/2025\\\/06\\\/4cb859feb39e58075b58c03f282141dc.webp\",\"contentUrl\":\"https:\\\/\\\/www.webdo.tn\\\/fr\\\/wp-content\\\/uploads\\\/2025\\\/06\\\/4cb859feb39e58075b58c03f282141dc.webp\",\"width\":750,\"height\":400,\"caption\":\"Meeting de Prague : La belle performance d\u2019Abdessalem Layouni sur 1500 m\"},{\"@type\":\"BreadcrumbList\",\"@id\":\"https:\\\/\\\/www.webdo.tn\\\/fr\\\/actualite\\\/sport\\\/meeting-de-prague-la-belle-performance-d-abdessalem-layouni-sur-1500-m\\\/222360\\\/#breadcrumb\",\"itemListElement\":[{\"@type\":\"ListItem\",\"position\":1,\"name\":\"Accueil\",\"item\":\"https:\\\/\\\/www.webdo.tn\\\/fr\\\/\"},{\"@type\":\"ListItem\",\"position\":2,\"name\":\"Meeting de Prague : La belle performance d\u2019Abdessalem Layouni sur 1500 m\"}]},{\"@type\":\"WebSite\",\"@id\":\"https:\\\/\\\/www.webdo.tn\\\/fr\\\/#website\",\"url\":\"https:\\\/\\\/www.webdo.tn\\\/fr\\\/\",\"name\":\"webdo\",\"description\":\"Tunisie - News en Tunisie et \u00e0 l&#039;international sur Webdo.tn\",\"publisher\":{\"@id\":\"https:\\\/\\\/www.webdo.tn\\\/fr\\\/#organization\"},\"potentialAction\":[{\"@type\":\"SearchAction\",\"target\":{\"@type\":\"EntryPoint\",\"urlTemplate\":\"https:\\\/\\\/www.webdo.tn\\\/fr\\\/?s={search_term_string}\"},\"query-input\":{\"@type\":\"PropertyValueSpecification\",\"valueRequired\":true,\"valueName\":\"search_term_string\"}}],\"inLanguage\":\"fr-FR\"},{\"@type\":\"Organization\",\"@id\":\"https:\\\/\\\/www.webdo.tn\\\/fr\\\/#organization\",\"name\":\"Webdo\",\"alternateName\":\"Webdo.tn\",\"url\":\"https:\\\/\\\/www.webdo.tn\\\/fr\\\/\",\"logo\":{\"@type\":\"ImageObject\",\"inLanguage\":\"fr-FR\",\"@id\":\"https:\\\/\\\/www.webdo.tn\\\/fr\\\/#\\\/schema\\\/logo\\\/image\\\/\",\"url\":\"https:\\\/\\\/www.webdo.tn\\\/fr\\\/wp-content\\\/uploads\\\/2025\\\/06\\\/Webdo-Tunisie_168377.jpg\",\"contentUrl\":\"https:\\\/\\\/www.webdo.tn\\\/fr\\\/wp-content\\\/uploads\\\/2025\\\/06\\\/Webdo-Tunisie_168377.jpg\",\"width\":301,\"height\":301,\"caption\":\"Webdo\"},\"image\":{\"@id\":\"https:\\\/\\\/www.webdo.tn\\\/fr\\\/#\\\/schema\\\/logo\\\/image\\\/\"},\"sameAs\":[\"https:\\\/\\\/www.facebook.com\\\/webdotn\",\"https:\\\/\\\/x.com\\\/webdo_tn\"],\"description\":\"Webdo est un m\u00e9dia num\u00e9rique tunisien fond\u00e9 en 2010, sp\u00e9cialis\u00e9 dans l\u2019actualit\u00e9 nationale et internationale, l\u2019\u00e9conomie, la soci\u00e9t\u00e9 et les analyses politiques. Le site s\u2019adresse \u00e0 un large public francophone et couvre l\u2019information tunisienne en temps r\u00e9el.\",\"email\":\"redac@webdo.tn\",\"legalName\":\"YNJ SARL\",\"foundingDate\":\"2010-09-06\",\"numberOfEmployees\":{\"@type\":\"QuantitativeValue\",\"minValue\":\"11\",\"maxValue\":\"50\"}},{\"@type\":\"Person\",\"@id\":\"https:\\\/\\\/www.webdo.tn\\\/fr\\\/#\\\/schema\\\/person\\\/2c4929cbf5a809e3bd38617c6ce150f6\",\"name\":\"MC\",\"image\":{\"@type\":\"ImageObject\",\"inLanguage\":\"fr-FR\",\"@id\":\"https:\\\/\\\/secure.gravatar.com\\\/avatar\\\/a545bbb6f84efdd5553dbbc2895e3ca8f1d12c5215e00a041c9670b54aa9b18a?s=96&d=mm&r=g\",\"url\":\"https:\\\/\\\/secure.gravatar.com\\\/avatar\\\/a545bbb6f84efdd5553dbbc2895e3ca8f1d12c5215e00a041c9670b54aa9b18a?s=96&d=mm&r=g\",\"contentUrl\":\"https:\\\/\\\/secure.gravatar.com\\\/avatar\\\/a545bbb6f84efdd5553dbbc2895e3ca8f1d12c5215e00a041c9670b54aa9b18a?s=96&d=mm&r=g\",\"caption\":\"MC\"},\"url\":\"https:\\\/\\\/www.webdo.tn\\\/fr\\\/actualite\\\/author\\\/mc\\\/\"}]}<\/script>\n<!-- \/ Yoast SEO Premium plugin. -->","yoast_head_json":{"title":"Meeting de Prague : La belle performance d\u2019Abdessalem Layouni sur 1500 m","description":"Meeting d\u2019athl\u00e9tisme de Prague : le Tunisien Abdessalem Layouni d\u00e9croche la m\u00e9daille d\u2019argent sur 1500 m avec un temps record personnel de 3:36.97.","canonical":"https:\/\/www.webdo.tn\/fr\/actualite\/sport\/meeting-de-prague-la-belle-performance-d-abdessalem-layouni-sur-1500-m\/222360\/","og_locale":"fr_FR","og_type":"article","og_title":"Meeting de Prague : La belle performance d\u2019Abdessalem Layouni sur 1500 m","og_description":"Meeting d\u2019athl\u00e9tisme de Prague : le Tunisien Abdessalem Layouni d\u00e9croche la m\u00e9daille d\u2019argent sur 1500 m avec un temps record personnel de 3:36.97.","og_url":"https:\/\/www.webdo.tn\/fr\/actualite\/sport\/meeting-de-prague-la-belle-performance-d-abdessalem-layouni-sur-1500-m\/222360\/","og_site_name":"webdo","article_publisher":"https:\/\/www.facebook.com\/webdotn","article_published_time":"2025-06-03T10:41:00+00:00","article_modified_time":"2025-06-05T16:17:25+00:00","og_image":[{"width":750,"height":400,"url":"https:\/\/www.webdo.tn\/fr\/wp-content\/uploads\/2025\/06\/4cb859feb39e58075b58c03f282141dc.webp","type":"image\/webp"}],"author":"MC","twitter_card":"summary_large_image","twitter_creator":"@webdo_tn","twitter_site":"@webdo_tn","twitter_misc":{"\u00c9crit par":"MC","Dur\u00e9e de lecture estim\u00e9e":"1 minute"},"schema":{"@context":"https:\/\/schema.org","@graph":[{"@type":"NewsArticle","@id":"https:\/\/www.webdo.tn\/fr\/actualite\/sport\/meeting-de-prague-la-belle-performance-d-abdessalem-layouni-sur-1500-m\/222360\/#article","isPartOf":{"@id":"https:\/\/www.webdo.tn\/fr\/actualite\/sport\/meeting-de-prague-la-belle-performance-d-abdessalem-layouni-sur-1500-m\/222360\/"},"author":{"name":"MC","@id":"https:\/\/www.webdo.tn\/fr\/#\/schema\/person\/2c4929cbf5a809e3bd38617c6ce150f6"},"headline":"Meeting de Prague : La belle performance d\u2019Abdessalem Layouni sur 1500 m","datePublished":"2025-06-03T10:41:00+00:00","dateModified":"2025-06-05T16:17:25+00:00","mainEntityOfPage":{"@id":"https:\/\/www.webdo.tn\/fr\/actualite\/sport\/meeting-de-prague-la-belle-performance-d-abdessalem-layouni-sur-1500-m\/222360\/"},"wordCount":150,"commentCount":0,"publisher":{"@id":"https:\/\/www.webdo.tn\/fr\/#organization"},"image":{"@id":"https:\/\/www.webdo.tn\/fr\/actualite\/sport\/meeting-de-prague-la-belle-performance-d-abdessalem-layouni-sur-1500-m\/222360\/#primaryimage"},"thumbnailUrl":"https:\/\/www.webdo.tn\/fr\/wp-content\/uploads\/2025\/06\/4cb859feb39e58075b58c03f282141dc.webp","keywords":["Abdessalem Layouni","athl\u00e9tisme","meeting international d\u2019athl\u00e9tisme de Prague","record","Tunisie"],"articleSection":["Sport"],"inLanguage":"fr-FR"},{"@type":"WebPage","@id":"https:\/\/www.webdo.tn\/fr\/actualite\/sport\/meeting-de-prague-la-belle-performance-d-abdessalem-layouni-sur-1500-m\/222360\/","url":"https:\/\/www.webdo.tn\/fr\/actualite\/sport\/meeting-de-prague-la-belle-performance-d-abdessalem-layouni-sur-1500-m\/222360\/","name":"Meeting de Prague : La belle performance d\u2019Abdessalem Layouni sur 1500 m","isPartOf":{"@id":"https:\/\/www.webdo.tn\/fr\/#website"},"primaryImageOfPage":{"@id":"https:\/\/www.webdo.tn\/fr\/actualite\/sport\/meeting-de-prague-la-belle-performance-d-abdessalem-layouni-sur-1500-m\/222360\/#primaryimage"},"image":{"@id":"https:\/\/www.webdo.tn\/fr\/actualite\/sport\/meeting-de-prague-la-belle-performance-d-abdessalem-layouni-sur-1500-m\/222360\/#primaryimage"},"thumbnailUrl":"https:\/\/www.webdo.tn\/fr\/wp-content\/uploads\/2025\/06\/4cb859feb39e58075b58c03f282141dc.webp","datePublished":"2025-06-03T10:41:00+00:00","dateModified":"2025-06-05T16:17:25+00:00","description":"Meeting d\u2019athl\u00e9tisme de Prague : le Tunisien Abdessalem Layouni d\u00e9croche la m\u00e9daille d\u2019argent sur 1500 m avec un temps record personnel de 3:36.97.","breadcrumb":{"@id":"https:\/\/www.webdo.tn\/fr\/actualite\/sport\/meeting-de-prague-la-belle-performance-d-abdessalem-layouni-sur-1500-m\/222360\/#breadcrumb"},"inLanguage":"fr-FR","potentialAction":[{"@type":"ReadAction","target":["https:\/\/www.webdo.tn\/fr\/actualite\/sport\/meeting-de-prague-la-belle-performance-d-abdessalem-layouni-sur-1500-m\/222360\/"]}]},{"@type":"ImageObject","inLanguage":"fr-FR","@id":"https:\/\/www.webdo.tn\/fr\/actualite\/sport\/meeting-de-prague-la-belle-performance-d-abdessalem-layouni-sur-1500-m\/222360\/#primaryimage","url":"https:\/\/www.webdo.tn\/fr\/wp-content\/uploads\/2025\/06\/4cb859feb39e58075b58c03f282141dc.webp","contentUrl":"https:\/\/www.webdo.tn\/fr\/wp-content\/uploads\/2025\/06\/4cb859feb39e58075b58c03f282141dc.webp","width":750,"height":400,"caption":"Meeting de Prague : La belle performance d\u2019Abdessalem Layouni sur 1500 m"},{"@type":"BreadcrumbList","@id":"https:\/\/www.webdo.tn\/fr\/actualite\/sport\/meeting-de-prague-la-belle-performance-d-abdessalem-layouni-sur-1500-m\/222360\/#breadcrumb","itemListElement":[{"@type":"ListItem","position":1,"name":"Accueil","item":"https:\/\/www.webdo.tn\/fr\/"},{"@type":"ListItem","position":2,"name":"Meeting de Prague : La belle performance d\u2019Abdessalem Layouni sur 1500 m"}]},{"@type":"WebSite","@id":"https:\/\/www.webdo.tn\/fr\/#website","url":"https:\/\/www.webdo.tn\/fr\/","name":"webdo","description":"Tunisie - News en Tunisie et \u00e0 l&#039;international sur Webdo.tn","publisher":{"@id":"https:\/\/www.webdo.tn\/fr\/#organization"},"potentialAction":[{"@type":"SearchAction","target":{"@type":"EntryPoint","urlTemplate":"https:\/\/www.webdo.tn\/fr\/?s={search_term_string}"},"query-input":{"@type":"PropertyValueSpecification","valueRequired":true,"valueName":"search_term_string"}}],"inLanguage":"fr-FR"},{"@type":"Organization","@id":"https:\/\/www.webdo.tn\/fr\/#organization","name":"Webdo","alternateName":"Webdo.tn","url":"https:\/\/www.webdo.tn\/fr\/","logo":{"@type":"ImageObject","inLanguage":"fr-FR","@id":"https:\/\/www.webdo.tn\/fr\/#\/schema\/logo\/image\/","url":"https:\/\/www.webdo.tn\/fr\/wp-content\/uploads\/2025\/06\/Webdo-Tunisie_168377.jpg","contentUrl":"https:\/\/www.webdo.tn\/fr\/wp-content\/uploads\/2025\/06\/Webdo-Tunisie_168377.jpg","width":301,"height":301,"caption":"Webdo"},"image":{"@id":"https:\/\/www.webdo.tn\/fr\/#\/schema\/logo\/image\/"},"sameAs":["https:\/\/www.facebook.com\/webdotn","https:\/\/x.com\/webdo_tn"],"description":"Webdo est un m\u00e9dia num\u00e9rique tunisien fond\u00e9 en 2010, sp\u00e9cialis\u00e9 dans l\u2019actualit\u00e9 nationale et internationale, l\u2019\u00e9conomie, la soci\u00e9t\u00e9 et les analyses politiques. Le site s\u2019adresse \u00e0 un large public francophone et couvre l\u2019information tunisienne en temps r\u00e9el.","email":"redac@webdo.tn","legalName":"YNJ SARL","foundingDate":"2010-09-06","numberOfEmployees":{"@type":"QuantitativeValue","minValue":"11","maxValue":"50"}},{"@type":"Person","@id":"https:\/\/www.webdo.tn\/fr\/#\/schema\/person\/2c4929cbf5a809e3bd38617c6ce150f6","name":"MC","image":{"@type":"ImageObject","inLanguage":"fr-FR","@id":"https:\/\/secure.gravatar.com\/avatar\/a545bbb6f84efdd5553dbbc2895e3ca8f1d12c5215e00a041c9670b54aa9b18a?s=96&d=mm&r=g","url":"https:\/\/secure.gravatar.com\/avatar\/a545bbb6f84efdd5553dbbc2895e3ca8f1d12c5215e00a041c9670b54aa9b18a?s=96&d=mm&r=g","contentUrl":"https:\/\/secure.gravatar.com\/avatar\/a545bbb6f84efdd5553dbbc2895e3ca8f1d12c5215e00a041c9670b54aa9b18a?s=96&d=mm&r=g","caption":"MC"},"url":"https:\/\/www.webdo.tn\/fr\/actualite\/author\/mc\/"}]}},"_links":{"self":[{"href":"https:\/\/www.webdo.tn\/fr\/wp-json\/wp\/v2\/posts\/222360","targetHints":{"allow":["GET"]}}],"collection":[{"href":"https:\/\/www.webdo.tn\/fr\/wp-json\/wp\/v2\/posts"}],"about":[{"href":"https:\/\/www.webdo.tn\/fr\/wp-json\/wp\/v2\/types\/post"}],"author":[{"embeddable":true,"href":"https:\/\/www.webdo.tn\/fr\/wp-json\/wp\/v2\/users\/3162"}],"replies":[{"embeddable":true,"href":"https:\/\/www.webdo.tn\/fr\/wp-json\/wp\/v2\/comments?post=222360"}],"version-history":[{"count":0,"href":"https:\/\/www.webdo.tn\/fr\/wp-json\/wp\/v2\/posts\/222360\/revisions"}],"wp:featuredmedia":[{"embeddable":true,"href":"https:\/\/www.webdo.tn\/fr\/wp-json\/wp\/v2\/media\/365945"}],"wp:attachment":[{"href":"https:\/\/www.webdo.tn\/fr\/wp-json\/wp\/v2\/media?parent=222360"}],"wp:term":[{"taxonomy":"category","embeddable":true,"href":"https:\/\/www.webdo.tn\/fr\/wp-json\/wp\/v2\/categories?post=222360"},{"taxonomy":"post_tag","embeddable":true,"href":"https:\/\/www.webdo.tn\/fr\/wp-json\/wp\/v2\/tags?post=222360"}],"curies":[{"name":"wp","href":"https:\/\/api.w.org\/{rel}","templated":true}]}}