{"id":222359,"date":"2025-06-03T10:31:00","date_gmt":"2025-06-03T10:31:00","guid":{"rendered":"https:\/\/www.webdo.tn\/fr\/actualite\/blog\/para-athletisme-grand-prix-de-paris-yassine-guennichi-en-argent-au-lancer-de-poids\/222359\/"},"modified":"2025-06-05T16:19:16","modified_gmt":"2025-06-05T16:19:16","slug":"para-athletisme-grand-prix-de-paris-yassine-guennichi-en-argent-au-lancer-de-poids","status":"publish","type":"post","link":"https:\/\/www.webdo.tn\/fr\/actualite\/sport\/para-athletisme-grand-prix-de-paris-yassine-guennichi-en-argent-au-lancer-de-poids\/222359\/","title":{"rendered":"Para-athl\u00e9tisme &#8211; Grand Prix de Paris : Yassine Guennichi en argent au lancer de poids"},"content":{"rendered":"<p>Le lanceur tunisien Yassine Guennichi s\u2019est illustr\u00e9 au Grand Prix de para-athl\u00e9tisme de Paris en d\u00e9crochant la m\u00e9daille d\u2019argent au lancer de poids, confirmant une fois de plus la comp\u00e9titivit\u00e9 de la Tunisie sur la sc\u00e8ne internationale handisport.<\/p>\n<p> Le para-athl\u00e8te tunisien Yassine Guennichi a d\u00e9croch\u00e9, lundi, la m\u00e9daille d&rsquo;argent au lancer de poids (cat\u00e9gorie F35\/36) lors du Grand Prix d&rsquo;athl\u00e9tisme handisport de Paris, qui se tient jusqu\u2019au 4 juin.<\/p>\n<p>Avec un lancer mesur\u00e9 \u00e0 15,17 m\u00e8tres, Guennichi s\u2019est class\u00e9 deuxi\u00e8me, derri\u00e8re l\u2019Argentin Emanuel Hern\u00e1n, auteur d\u2019un jet \u00e0 15,91 m\u00e8tres. L\u2019Ouzbek Ogabek Ergashev a compl\u00e9t\u00e9 le podium avec une performance de 6,79 m\u00e8tres.<\/p>\n<p>La Tunisie est \u00e9galement repr\u00e9sent\u00e9e par la championne paralympique Raoua Tlili, engag\u00e9e dans les \u00e9preuves de lancer de poids et de disque (cat\u00e9gorie F41).<\/p>\n","protected":false},"excerpt":{"rendered":"<p>Grand Prix de para-athl\u00e9tisme de Paris : le Tunisien Yassine Guennichi remporte la m\u00e9daille d\u2019argent au lancer de poids (F35\/36) avec un jet de 15,17 m.<\/p>\n","protected":false},"author":3162,"featured_media":365960,"comment_status":"open","ping_status":"closed","sticky":false,"template":"","format":"standard","meta":{"footnotes":""},"categories":[2593],"tags":[11635,11643,5807,2608,11642],"class_list":["post-222359","post","type-post","status-publish","format-standard","has-post-thumbnail","hentry","category-sport","tag-grand-prix-de-para-athletisme-de-paris","tag-lancer-de-poids","tag-medaille-dargent","tag-tunisie","tag-yassine-guennichi"],"yoast_head":"<!-- This site is optimized with the Yoast SEO Premium plugin v27.5 (Yoast SEO v27.5) - https:\/\/yoast.com\/product\/yoast-seo-premium-wordpress\/ -->\n<title>Para-athl\u00e9tisme - Grand Prix de Paris : Yassine Guennichi en argent au lancer de poids<\/title>\n<meta name=\"description\" content=\"Grand Prix de para-athl\u00e9tisme de Paris : le Tunisien Yassine Guennichi remporte la m\u00e9daille d\u2019argent au lancer de poids (F35\/36) avec un jet de 15,17 m.\" \/>\n<link rel=\"canonical\" href=\"https:\/\/www.webdo.tn\/fr\/actualite\/sport\/para-athletisme-grand-prix-de-paris-yassine-guennichi-en-argent-au-lancer-de-poids\/222359\/\" \/>\n<meta property=\"og:locale\" content=\"fr_FR\" \/>\n<meta property=\"og:type\" content=\"article\" \/>\n<meta property=\"og:title\" content=\"Para-athl\u00e9tisme - Grand Prix de Paris : Yassine Guennichi en argent au lancer de poids\" \/>\n<meta property=\"og:description\" content=\"Grand Prix de para-athl\u00e9tisme de Paris : le Tunisien Yassine Guennichi remporte la m\u00e9daille d\u2019argent au lancer de poids (F35\/36) avec un jet de 15,17 m.\" \/>\n<meta property=\"og:url\" content=\"https:\/\/www.webdo.tn\/fr\/actualite\/sport\/para-athletisme-grand-prix-de-paris-yassine-guennichi-en-argent-au-lancer-de-poids\/222359\/\" \/>\n<meta property=\"og:site_name\" content=\"webdo\" \/>\n<meta property=\"article:publisher\" content=\"https:\/\/www.facebook.com\/webdotn\" \/>\n<meta property=\"article:published_time\" content=\"2025-06-03T10:31:00+00:00\" \/>\n<meta property=\"article:modified_time\" content=\"2025-06-05T16:19:16+00:00\" \/>\n<meta property=\"og:image\" content=\"https:\/\/www.webdo.tn\/fr\/wp-content\/uploads\/2025\/06\/1071f0ee807cc022c57d54debaccd6c6.webp\" \/>\n\t<meta property=\"og:image:width\" content=\"750\" \/>\n\t<meta property=\"og:image:height\" content=\"400\" \/>\n\t<meta property=\"og:image:type\" content=\"image\/webp\" \/>\n<meta name=\"author\" content=\"MC\" \/>\n<meta name=\"twitter:card\" content=\"summary_large_image\" \/>\n<meta name=\"twitter:creator\" content=\"@webdo_tn\" \/>\n<meta name=\"twitter:site\" content=\"@webdo_tn\" \/>\n<meta name=\"twitter:label1\" content=\"\u00c9crit par\" \/>\n\t<meta name=\"twitter:data1\" content=\"MC\" \/>\n\t<meta name=\"twitter:label2\" content=\"Dur\u00e9e de lecture estim\u00e9e\" \/>\n\t<meta name=\"twitter:data2\" content=\"1 minute\" \/>\n<script type=\"application\/ld+json\" class=\"yoast-schema-graph\">{\"@context\":\"https:\\\/\\\/schema.org\",\"@graph\":[{\"@type\":\"NewsArticle\",\"@id\":\"https:\\\/\\\/www.webdo.tn\\\/fr\\\/actualite\\\/sport\\\/para-athletisme-grand-prix-de-paris-yassine-guennichi-en-argent-au-lancer-de-poids\\\/222359\\\/#article\",\"isPartOf\":{\"@id\":\"https:\\\/\\\/www.webdo.tn\\\/fr\\\/actualite\\\/sport\\\/para-athletisme-grand-prix-de-paris-yassine-guennichi-en-argent-au-lancer-de-poids\\\/222359\\\/\"},\"author\":{\"name\":\"MC\",\"@id\":\"https:\\\/\\\/www.webdo.tn\\\/fr\\\/#\\\/schema\\\/person\\\/2c4929cbf5a809e3bd38617c6ce150f6\"},\"headline\":\"Para-athl\u00e9tisme &#8211; Grand Prix de Paris : Yassine Guennichi en argent au lancer de poids\",\"datePublished\":\"2025-06-03T10:31:00+00:00\",\"dateModified\":\"2025-06-05T16:19:16+00:00\",\"mainEntityOfPage\":{\"@id\":\"https:\\\/\\\/www.webdo.tn\\\/fr\\\/actualite\\\/sport\\\/para-athletisme-grand-prix-de-paris-yassine-guennichi-en-argent-au-lancer-de-poids\\\/222359\\\/\"},\"wordCount\":166,\"commentCount\":0,\"publisher\":{\"@id\":\"https:\\\/\\\/www.webdo.tn\\\/fr\\\/#organization\"},\"image\":{\"@id\":\"https:\\\/\\\/www.webdo.tn\\\/fr\\\/actualite\\\/sport\\\/para-athletisme-grand-prix-de-paris-yassine-guennichi-en-argent-au-lancer-de-poids\\\/222359\\\/#primaryimage\"},\"thumbnailUrl\":\"https:\\\/\\\/www.webdo.tn\\\/fr\\\/wp-content\\\/uploads\\\/2025\\\/06\\\/1071f0ee807cc022c57d54debaccd6c6.webp\",\"keywords\":[\"Grand Prix de para-athl\u00e9tisme de Paris\",\"lancer de poids\",\"m\u00e9daille d'argent\",\"Tunisie\",\"Yassine Guennichi\"],\"articleSection\":[\"Sport\"],\"inLanguage\":\"fr-FR\"},{\"@type\":\"WebPage\",\"@id\":\"https:\\\/\\\/www.webdo.tn\\\/fr\\\/actualite\\\/sport\\\/para-athletisme-grand-prix-de-paris-yassine-guennichi-en-argent-au-lancer-de-poids\\\/222359\\\/\",\"url\":\"https:\\\/\\\/www.webdo.tn\\\/fr\\\/actualite\\\/sport\\\/para-athletisme-grand-prix-de-paris-yassine-guennichi-en-argent-au-lancer-de-poids\\\/222359\\\/\",\"name\":\"Para-athl\u00e9tisme - Grand Prix de Paris : Yassine Guennichi en argent au lancer de poids\",\"isPartOf\":{\"@id\":\"https:\\\/\\\/www.webdo.tn\\\/fr\\\/#website\"},\"primaryImageOfPage\":{\"@id\":\"https:\\\/\\\/www.webdo.tn\\\/fr\\\/actualite\\\/sport\\\/para-athletisme-grand-prix-de-paris-yassine-guennichi-en-argent-au-lancer-de-poids\\\/222359\\\/#primaryimage\"},\"image\":{\"@id\":\"https:\\\/\\\/www.webdo.tn\\\/fr\\\/actualite\\\/sport\\\/para-athletisme-grand-prix-de-paris-yassine-guennichi-en-argent-au-lancer-de-poids\\\/222359\\\/#primaryimage\"},\"thumbnailUrl\":\"https:\\\/\\\/www.webdo.tn\\\/fr\\\/wp-content\\\/uploads\\\/2025\\\/06\\\/1071f0ee807cc022c57d54debaccd6c6.webp\",\"datePublished\":\"2025-06-03T10:31:00+00:00\",\"dateModified\":\"2025-06-05T16:19:16+00:00\",\"description\":\"Grand Prix de para-athl\u00e9tisme de Paris : le Tunisien Yassine Guennichi remporte la m\u00e9daille d\u2019argent au lancer de poids (F35\\\/36) avec un jet de 15,17 m.\",\"breadcrumb\":{\"@id\":\"https:\\\/\\\/www.webdo.tn\\\/fr\\\/actualite\\\/sport\\\/para-athletisme-grand-prix-de-paris-yassine-guennichi-en-argent-au-lancer-de-poids\\\/222359\\\/#breadcrumb\"},\"inLanguage\":\"fr-FR\",\"potentialAction\":[{\"@type\":\"ReadAction\",\"target\":[\"https:\\\/\\\/www.webdo.tn\\\/fr\\\/actualite\\\/sport\\\/para-athletisme-grand-prix-de-paris-yassine-guennichi-en-argent-au-lancer-de-poids\\\/222359\\\/\"]}]},{\"@type\":\"ImageObject\",\"inLanguage\":\"fr-FR\",\"@id\":\"https:\\\/\\\/www.webdo.tn\\\/fr\\\/actualite\\\/sport\\\/para-athletisme-grand-prix-de-paris-yassine-guennichi-en-argent-au-lancer-de-poids\\\/222359\\\/#primaryimage\",\"url\":\"https:\\\/\\\/www.webdo.tn\\\/fr\\\/wp-content\\\/uploads\\\/2025\\\/06\\\/1071f0ee807cc022c57d54debaccd6c6.webp\",\"contentUrl\":\"https:\\\/\\\/www.webdo.tn\\\/fr\\\/wp-content\\\/uploads\\\/2025\\\/06\\\/1071f0ee807cc022c57d54debaccd6c6.webp\",\"width\":750,\"height\":400,\"caption\":\"Para-athl\u00e9tisme - Grand Prix de Paris : Yassine Guennichi en argent au lancer de poids\"},{\"@type\":\"BreadcrumbList\",\"@id\":\"https:\\\/\\\/www.webdo.tn\\\/fr\\\/actualite\\\/sport\\\/para-athletisme-grand-prix-de-paris-yassine-guennichi-en-argent-au-lancer-de-poids\\\/222359\\\/#breadcrumb\",\"itemListElement\":[{\"@type\":\"ListItem\",\"position\":1,\"name\":\"Accueil\",\"item\":\"https:\\\/\\\/www.webdo.tn\\\/fr\\\/\"},{\"@type\":\"ListItem\",\"position\":2,\"name\":\"Para-athl\u00e9tisme &#8211; Grand Prix de Paris : Yassine Guennichi en argent au lancer de poids\"}]},{\"@type\":\"WebSite\",\"@id\":\"https:\\\/\\\/www.webdo.tn\\\/fr\\\/#website\",\"url\":\"https:\\\/\\\/www.webdo.tn\\\/fr\\\/\",\"name\":\"webdo\",\"description\":\"Tunisie - News en Tunisie et \u00e0 l&#039;international sur Webdo.tn\",\"publisher\":{\"@id\":\"https:\\\/\\\/www.webdo.tn\\\/fr\\\/#organization\"},\"potentialAction\":[{\"@type\":\"SearchAction\",\"target\":{\"@type\":\"EntryPoint\",\"urlTemplate\":\"https:\\\/\\\/www.webdo.tn\\\/fr\\\/?s={search_term_string}\"},\"query-input\":{\"@type\":\"PropertyValueSpecification\",\"valueRequired\":true,\"valueName\":\"search_term_string\"}}],\"inLanguage\":\"fr-FR\"},{\"@type\":\"Organization\",\"@id\":\"https:\\\/\\\/www.webdo.tn\\\/fr\\\/#organization\",\"name\":\"Webdo\",\"alternateName\":\"Webdo.tn\",\"url\":\"https:\\\/\\\/www.webdo.tn\\\/fr\\\/\",\"logo\":{\"@type\":\"ImageObject\",\"inLanguage\":\"fr-FR\",\"@id\":\"https:\\\/\\\/www.webdo.tn\\\/fr\\\/#\\\/schema\\\/logo\\\/image\\\/\",\"url\":\"https:\\\/\\\/www.webdo.tn\\\/fr\\\/wp-content\\\/uploads\\\/2025\\\/06\\\/Webdo-Tunisie_168377.jpg\",\"contentUrl\":\"https:\\\/\\\/www.webdo.tn\\\/fr\\\/wp-content\\\/uploads\\\/2025\\\/06\\\/Webdo-Tunisie_168377.jpg\",\"width\":301,\"height\":301,\"caption\":\"Webdo\"},\"image\":{\"@id\":\"https:\\\/\\\/www.webdo.tn\\\/fr\\\/#\\\/schema\\\/logo\\\/image\\\/\"},\"sameAs\":[\"https:\\\/\\\/www.facebook.com\\\/webdotn\",\"https:\\\/\\\/x.com\\\/webdo_tn\"],\"description\":\"Webdo est un m\u00e9dia num\u00e9rique tunisien fond\u00e9 en 2010, sp\u00e9cialis\u00e9 dans l\u2019actualit\u00e9 nationale et internationale, l\u2019\u00e9conomie, la soci\u00e9t\u00e9 et les analyses politiques. Le site s\u2019adresse \u00e0 un large public francophone et couvre l\u2019information tunisienne en temps r\u00e9el.\",\"email\":\"redac@webdo.tn\",\"legalName\":\"YNJ SARL\",\"foundingDate\":\"2010-09-06\",\"numberOfEmployees\":{\"@type\":\"QuantitativeValue\",\"minValue\":\"11\",\"maxValue\":\"50\"}},{\"@type\":\"Person\",\"@id\":\"https:\\\/\\\/www.webdo.tn\\\/fr\\\/#\\\/schema\\\/person\\\/2c4929cbf5a809e3bd38617c6ce150f6\",\"name\":\"MC\",\"image\":{\"@type\":\"ImageObject\",\"inLanguage\":\"fr-FR\",\"@id\":\"https:\\\/\\\/secure.gravatar.com\\\/avatar\\\/a545bbb6f84efdd5553dbbc2895e3ca8f1d12c5215e00a041c9670b54aa9b18a?s=96&d=mm&r=g\",\"url\":\"https:\\\/\\\/secure.gravatar.com\\\/avatar\\\/a545bbb6f84efdd5553dbbc2895e3ca8f1d12c5215e00a041c9670b54aa9b18a?s=96&d=mm&r=g\",\"contentUrl\":\"https:\\\/\\\/secure.gravatar.com\\\/avatar\\\/a545bbb6f84efdd5553dbbc2895e3ca8f1d12c5215e00a041c9670b54aa9b18a?s=96&d=mm&r=g\",\"caption\":\"MC\"},\"url\":\"https:\\\/\\\/www.webdo.tn\\\/fr\\\/actualite\\\/author\\\/mc\\\/\"}]}<\/script>\n<!-- \/ Yoast SEO Premium plugin. -->","yoast_head_json":{"title":"Para-athl\u00e9tisme - Grand Prix de Paris : Yassine Guennichi en argent au lancer de poids","description":"Grand Prix de para-athl\u00e9tisme de Paris : le Tunisien Yassine Guennichi remporte la m\u00e9daille d\u2019argent au lancer de poids (F35\/36) avec un jet de 15,17 m.","canonical":"https:\/\/www.webdo.tn\/fr\/actualite\/sport\/para-athletisme-grand-prix-de-paris-yassine-guennichi-en-argent-au-lancer-de-poids\/222359\/","og_locale":"fr_FR","og_type":"article","og_title":"Para-athl\u00e9tisme - Grand Prix de Paris : Yassine Guennichi en argent au lancer de poids","og_description":"Grand Prix de para-athl\u00e9tisme de Paris : le Tunisien Yassine Guennichi remporte la m\u00e9daille d\u2019argent au lancer de poids (F35\/36) avec un jet de 15,17 m.","og_url":"https:\/\/www.webdo.tn\/fr\/actualite\/sport\/para-athletisme-grand-prix-de-paris-yassine-guennichi-en-argent-au-lancer-de-poids\/222359\/","og_site_name":"webdo","article_publisher":"https:\/\/www.facebook.com\/webdotn","article_published_time":"2025-06-03T10:31:00+00:00","article_modified_time":"2025-06-05T16:19:16+00:00","og_image":[{"width":750,"height":400,"url":"https:\/\/www.webdo.tn\/fr\/wp-content\/uploads\/2025\/06\/1071f0ee807cc022c57d54debaccd6c6.webp","type":"image\/webp"}],"author":"MC","twitter_card":"summary_large_image","twitter_creator":"@webdo_tn","twitter_site":"@webdo_tn","twitter_misc":{"\u00c9crit par":"MC","Dur\u00e9e de lecture estim\u00e9e":"1 minute"},"schema":{"@context":"https:\/\/schema.org","@graph":[{"@type":"NewsArticle","@id":"https:\/\/www.webdo.tn\/fr\/actualite\/sport\/para-athletisme-grand-prix-de-paris-yassine-guennichi-en-argent-au-lancer-de-poids\/222359\/#article","isPartOf":{"@id":"https:\/\/www.webdo.tn\/fr\/actualite\/sport\/para-athletisme-grand-prix-de-paris-yassine-guennichi-en-argent-au-lancer-de-poids\/222359\/"},"author":{"name":"MC","@id":"https:\/\/www.webdo.tn\/fr\/#\/schema\/person\/2c4929cbf5a809e3bd38617c6ce150f6"},"headline":"Para-athl\u00e9tisme &#8211; Grand Prix de Paris : Yassine Guennichi en argent au lancer de poids","datePublished":"2025-06-03T10:31:00+00:00","dateModified":"2025-06-05T16:19:16+00:00","mainEntityOfPage":{"@id":"https:\/\/www.webdo.tn\/fr\/actualite\/sport\/para-athletisme-grand-prix-de-paris-yassine-guennichi-en-argent-au-lancer-de-poids\/222359\/"},"wordCount":166,"commentCount":0,"publisher":{"@id":"https:\/\/www.webdo.tn\/fr\/#organization"},"image":{"@id":"https:\/\/www.webdo.tn\/fr\/actualite\/sport\/para-athletisme-grand-prix-de-paris-yassine-guennichi-en-argent-au-lancer-de-poids\/222359\/#primaryimage"},"thumbnailUrl":"https:\/\/www.webdo.tn\/fr\/wp-content\/uploads\/2025\/06\/1071f0ee807cc022c57d54debaccd6c6.webp","keywords":["Grand Prix de para-athl\u00e9tisme de Paris","lancer de poids","m\u00e9daille d'argent","Tunisie","Yassine Guennichi"],"articleSection":["Sport"],"inLanguage":"fr-FR"},{"@type":"WebPage","@id":"https:\/\/www.webdo.tn\/fr\/actualite\/sport\/para-athletisme-grand-prix-de-paris-yassine-guennichi-en-argent-au-lancer-de-poids\/222359\/","url":"https:\/\/www.webdo.tn\/fr\/actualite\/sport\/para-athletisme-grand-prix-de-paris-yassine-guennichi-en-argent-au-lancer-de-poids\/222359\/","name":"Para-athl\u00e9tisme - Grand Prix de Paris : Yassine Guennichi en argent au lancer de poids","isPartOf":{"@id":"https:\/\/www.webdo.tn\/fr\/#website"},"primaryImageOfPage":{"@id":"https:\/\/www.webdo.tn\/fr\/actualite\/sport\/para-athletisme-grand-prix-de-paris-yassine-guennichi-en-argent-au-lancer-de-poids\/222359\/#primaryimage"},"image":{"@id":"https:\/\/www.webdo.tn\/fr\/actualite\/sport\/para-athletisme-grand-prix-de-paris-yassine-guennichi-en-argent-au-lancer-de-poids\/222359\/#primaryimage"},"thumbnailUrl":"https:\/\/www.webdo.tn\/fr\/wp-content\/uploads\/2025\/06\/1071f0ee807cc022c57d54debaccd6c6.webp","datePublished":"2025-06-03T10:31:00+00:00","dateModified":"2025-06-05T16:19:16+00:00","description":"Grand Prix de para-athl\u00e9tisme de Paris : le Tunisien Yassine Guennichi remporte la m\u00e9daille d\u2019argent au lancer de poids (F35\/36) avec un jet de 15,17 m.","breadcrumb":{"@id":"https:\/\/www.webdo.tn\/fr\/actualite\/sport\/para-athletisme-grand-prix-de-paris-yassine-guennichi-en-argent-au-lancer-de-poids\/222359\/#breadcrumb"},"inLanguage":"fr-FR","potentialAction":[{"@type":"ReadAction","target":["https:\/\/www.webdo.tn\/fr\/actualite\/sport\/para-athletisme-grand-prix-de-paris-yassine-guennichi-en-argent-au-lancer-de-poids\/222359\/"]}]},{"@type":"ImageObject","inLanguage":"fr-FR","@id":"https:\/\/www.webdo.tn\/fr\/actualite\/sport\/para-athletisme-grand-prix-de-paris-yassine-guennichi-en-argent-au-lancer-de-poids\/222359\/#primaryimage","url":"https:\/\/www.webdo.tn\/fr\/wp-content\/uploads\/2025\/06\/1071f0ee807cc022c57d54debaccd6c6.webp","contentUrl":"https:\/\/www.webdo.tn\/fr\/wp-content\/uploads\/2025\/06\/1071f0ee807cc022c57d54debaccd6c6.webp","width":750,"height":400,"caption":"Para-athl\u00e9tisme - Grand Prix de Paris : Yassine Guennichi en argent au lancer de poids"},{"@type":"BreadcrumbList","@id":"https:\/\/www.webdo.tn\/fr\/actualite\/sport\/para-athletisme-grand-prix-de-paris-yassine-guennichi-en-argent-au-lancer-de-poids\/222359\/#breadcrumb","itemListElement":[{"@type":"ListItem","position":1,"name":"Accueil","item":"https:\/\/www.webdo.tn\/fr\/"},{"@type":"ListItem","position":2,"name":"Para-athl\u00e9tisme &#8211; Grand Prix de Paris : Yassine Guennichi en argent au lancer de poids"}]},{"@type":"WebSite","@id":"https:\/\/www.webdo.tn\/fr\/#website","url":"https:\/\/www.webdo.tn\/fr\/","name":"webdo","description":"Tunisie - News en Tunisie et \u00e0 l&#039;international sur Webdo.tn","publisher":{"@id":"https:\/\/www.webdo.tn\/fr\/#organization"},"potentialAction":[{"@type":"SearchAction","target":{"@type":"EntryPoint","urlTemplate":"https:\/\/www.webdo.tn\/fr\/?s={search_term_string}"},"query-input":{"@type":"PropertyValueSpecification","valueRequired":true,"valueName":"search_term_string"}}],"inLanguage":"fr-FR"},{"@type":"Organization","@id":"https:\/\/www.webdo.tn\/fr\/#organization","name":"Webdo","alternateName":"Webdo.tn","url":"https:\/\/www.webdo.tn\/fr\/","logo":{"@type":"ImageObject","inLanguage":"fr-FR","@id":"https:\/\/www.webdo.tn\/fr\/#\/schema\/logo\/image\/","url":"https:\/\/www.webdo.tn\/fr\/wp-content\/uploads\/2025\/06\/Webdo-Tunisie_168377.jpg","contentUrl":"https:\/\/www.webdo.tn\/fr\/wp-content\/uploads\/2025\/06\/Webdo-Tunisie_168377.jpg","width":301,"height":301,"caption":"Webdo"},"image":{"@id":"https:\/\/www.webdo.tn\/fr\/#\/schema\/logo\/image\/"},"sameAs":["https:\/\/www.facebook.com\/webdotn","https:\/\/x.com\/webdo_tn"],"description":"Webdo est un m\u00e9dia num\u00e9rique tunisien fond\u00e9 en 2010, sp\u00e9cialis\u00e9 dans l\u2019actualit\u00e9 nationale et internationale, l\u2019\u00e9conomie, la soci\u00e9t\u00e9 et les analyses politiques. Le site s\u2019adresse \u00e0 un large public francophone et couvre l\u2019information tunisienne en temps r\u00e9el.","email":"redac@webdo.tn","legalName":"YNJ SARL","foundingDate":"2010-09-06","numberOfEmployees":{"@type":"QuantitativeValue","minValue":"11","maxValue":"50"}},{"@type":"Person","@id":"https:\/\/www.webdo.tn\/fr\/#\/schema\/person\/2c4929cbf5a809e3bd38617c6ce150f6","name":"MC","image":{"@type":"ImageObject","inLanguage":"fr-FR","@id":"https:\/\/secure.gravatar.com\/avatar\/a545bbb6f84efdd5553dbbc2895e3ca8f1d12c5215e00a041c9670b54aa9b18a?s=96&d=mm&r=g","url":"https:\/\/secure.gravatar.com\/avatar\/a545bbb6f84efdd5553dbbc2895e3ca8f1d12c5215e00a041c9670b54aa9b18a?s=96&d=mm&r=g","contentUrl":"https:\/\/secure.gravatar.com\/avatar\/a545bbb6f84efdd5553dbbc2895e3ca8f1d12c5215e00a041c9670b54aa9b18a?s=96&d=mm&r=g","caption":"MC"},"url":"https:\/\/www.webdo.tn\/fr\/actualite\/author\/mc\/"}]}},"_links":{"self":[{"href":"https:\/\/www.webdo.tn\/fr\/wp-json\/wp\/v2\/posts\/222359","targetHints":{"allow":["GET"]}}],"collection":[{"href":"https:\/\/www.webdo.tn\/fr\/wp-json\/wp\/v2\/posts"}],"about":[{"href":"https:\/\/www.webdo.tn\/fr\/wp-json\/wp\/v2\/types\/post"}],"author":[{"embeddable":true,"href":"https:\/\/www.webdo.tn\/fr\/wp-json\/wp\/v2\/users\/3162"}],"replies":[{"embeddable":true,"href":"https:\/\/www.webdo.tn\/fr\/wp-json\/wp\/v2\/comments?post=222359"}],"version-history":[{"count":0,"href":"https:\/\/www.webdo.tn\/fr\/wp-json\/wp\/v2\/posts\/222359\/revisions"}],"wp:featuredmedia":[{"embeddable":true,"href":"https:\/\/www.webdo.tn\/fr\/wp-json\/wp\/v2\/media\/365960"}],"wp:attachment":[{"href":"https:\/\/www.webdo.tn\/fr\/wp-json\/wp\/v2\/media?parent=222359"}],"wp:term":[{"taxonomy":"category","embeddable":true,"href":"https:\/\/www.webdo.tn\/fr\/wp-json\/wp\/v2\/categories?post=222359"},{"taxonomy":"post_tag","embeddable":true,"href":"https:\/\/www.webdo.tn\/fr\/wp-json\/wp\/v2\/tags?post=222359"}],"curies":[{"name":"wp","href":"https:\/\/api.w.org\/{rel}","templated":true}]}}