{"id":222356,"date":"2025-06-03T09:55:00","date_gmt":"2025-06-03T09:55:00","guid":{"rendered":"https:\/\/www.webdo.tn\/fr\/actualite\/blog\/tunisie-le-ministre-de-l-interieur-appelle-son-homologue-francais-a-proteger-les-tunisiens\/222356\/"},"modified":"2025-06-05T16:19:27","modified_gmt":"2025-06-05T16:19:27","slug":"tunisie-le-ministre-de-l-interieur-appelle-son-homologue-francais-a-proteger-les-tunisiens","status":"publish","type":"post","link":"https:\/\/www.webdo.tn\/fr\/actualite\/national\/tunisie-le-ministre-de-l-interieur-appelle-son-homologue-francais-a-proteger-les-tunisiens\/222356\/","title":{"rendered":"Tunisie : Le ministre de l\u2019Int\u00e9rieur appelle son homologue fran\u00e7ais \u00e0 prot\u00e9ger les Tunisiens"},"content":{"rendered":"<p>\u00c0 la suite de l\u2019assassinat du ressortissant tunisien Hichem Miraoui \u00e0 Puget-sur-Argens en France, le ministre tunisien de l\u2019Int\u00e9rieur, Khaled Nouri, s\u2019est entretenu avec son homologue fran\u00e7ais, Bruno Retailleau. Il a insist\u00e9 sur la n\u00e9cessit\u00e9 de renforcer la protection des Tunisiens vivant en France et de pr\u00e9venir toute d\u00e9rive violente li\u00e9e aux discours de haine.<\/p>\n<p> \u00c0 la suite de l\u2019odieux attentat terroriste ayant co\u00fbt\u00e9 la vie au citoyen tunisien Hichem Miraoui, 35 ans, coiffeur de son \u00e9tat, survenu dans la soir\u00e9e du samedi 31 mai 2025 \u00e0 Puget-sur-Argens (Var), le ministre de l\u2019Int\u00e9rieur, Khaled Nouri, a eu un entretien t\u00e9l\u00e9phonique hier, avec son homologue fran\u00e7ais, Bruno Retailleau.<\/p>\n<p>Lors de cet \u00e9change, Khaled Nouri a exprim\u00e9 sa vive condamnation de cet acte tragique qui a profond\u00e9ment choqu\u00e9 l\u2019opinion publique en Tunisie. Il a soulign\u00e9 l\u2019imp\u00e9ratif de garantir la s\u00e9curit\u00e9 de la communaut\u00e9 tunisienne r\u00e9sidant en France, en appelant \u00e0 la mise en place d\u2019une approche pr\u00e9ventive afin d\u2019\u00e9viter de tels crimes, contraires aux valeurs humaines, et d\u2019en emp\u00eacher la r\u00e9currence. Il a \u00e9galement mis en garde contre les discours incitant \u00e0 la haine et \u00e0 l\u2019extr\u00e9misme, qui peuvent souvent conduire \u00e0 de telles atrocit\u00e9s.<\/p>\n<p>De son c\u00f4t\u00e9, le ministre fran\u00e7ais de l\u2019Int\u00e9rieur, M. Bruno Retailleau, a fermement condamn\u00e9 ce crime \u00e0 caract\u00e8re raciste, qu\u2019il a qualifi\u00e9 d\u2019acte terroriste. Il a assur\u00e9 du rejet total par les autorit\u00e9s fran\u00e7aises de tout ce qui pourrait semer la discorde au sein de la soci\u00e9t\u00e9.\u00a0<\/p>\n<p>Au nom du gouvernement fran\u00e7ais, il a pr\u00e9sent\u00e9 ses sinc\u00e8res condol\u00e9ances \u00e0 la famille de la victime, affirmant que la justice fran\u00e7aise appliquerait les sanctions les plus s\u00e9v\u00e8res contre l\u2019auteur de cet acte, qui ne repr\u00e9sente ni la soci\u00e9t\u00e9 fran\u00e7aise ni les valeurs de la R\u00e9publique.<\/p>\n<p>Rappelons que samedi, le corps de Hichem Miraoui a \u00e9t\u00e9 retrouv\u00e9 \u00e0 Puget-sur-Argens, o\u00f9 il habitait, cribl\u00e9 de cinq impacts de balles. Un Turc a \u00e9galement \u00e9t\u00e9 bless\u00e9 au moment des faits.\u00a0<\/p>\n<p>Le mis en cause, actuellement en garde \u00e0 vue, est un voisin. Il a \u00e9t\u00e9 interpell\u00e9 dans la foul\u00e9e \u00e0 bord de son v\u00e9hicule, o\u00f9 ont \u00e9t\u00e9 d\u00e9couvertes des armes \u00ab\u00a0de type pistolet automatique, fusil \u00e0 pompe et arme de poing\u00a0\u00bb, selon le procureur de Draguignan. Le parquet antiterroriste s&rsquo;est saisi de l&rsquo;enqu\u00eate.\u00a0<\/p>\n<p>Le suspect, n\u00e9 en 1971, est Fran\u00e7ais et adepte du tir sportif. Avant et apr\u00e8s son passage \u00e0 l&rsquo;acte, il a publi\u00e9 deux vid\u00e9os au contenu \u00ab\u00a0raciste et haineux\u00a0\u00bb sur Facebook, d&rsquo;apr\u00e8s le procureur de Draguignan. Dans l&rsquo;une d&rsquo;entre elles, il aurait assur\u00e9 \u00ab\u00a0pr\u00eater all\u00e9geance au drapeau fran\u00e7ais\u00a0\u00bb et appel\u00e9 les Fran\u00e7ais \u00e0 \u00ab\u00a0tirer\u00a0\u00bb sur les personnes d&rsquo;origine \u00e9trang\u00e8re.<\/p>\n","protected":false},"excerpt":{"rendered":"<p>Apr\u00e8s l\u2019attentat meurtrier contre un Tunisien \u00e0 Puget-sur-Argens, Khaled Nouri exhorte les autorit\u00e9s fran\u00e7aises \u00e0 assurer la s\u00e9curit\u00e9 de la communaut\u00e9 tunisienn&#8230;<\/p>\n","protected":false},"author":3162,"featured_media":365968,"comment_status":"open","ping_status":"closed","sticky":false,"template":"","format":"standard","meta":{"footnotes":""},"categories":[44],"tags":[11656,11655,2998,11628,3572,11654,2608],"class_list":["post-222356","post","type-post","status-publish","format-standard","has-post-thumbnail","hentry","category-national","tag-attentat-terroriste","tag-crime-raciste","tag-france","tag-hichem-miraoui","tag-khaled-nouri","tag-puget-sur-argens","tag-tunisie"],"yoast_head":"<!-- This site is optimized with the Yoast SEO Premium plugin v27.5 (Yoast SEO v27.5) - https:\/\/yoast.com\/product\/yoast-seo-premium-wordpress\/ -->\n<title>Tunisie : Le ministre de l\u2019Int\u00e9rieur appelle son homologue fran\u00e7ais \u00e0 prot\u00e9ger les Tunisiens<\/title>\n<meta name=\"description\" content=\"Apr\u00e8s l\u2019attentat meurtrier contre un Tunisien \u00e0 Puget-sur-Argens, Khaled Nouri exhorte les autorit\u00e9s fran\u00e7aises \u00e0 assurer la s\u00e9curit\u00e9 de la communaut\u00e9 tunisienn...\" \/>\n<link rel=\"canonical\" href=\"https:\/\/www.webdo.tn\/fr\/actualite\/national\/tunisie-le-ministre-de-l-interieur-appelle-son-homologue-francais-a-proteger-les-tunisiens\/222356\/\" \/>\n<meta property=\"og:locale\" content=\"fr_FR\" \/>\n<meta property=\"og:type\" content=\"article\" \/>\n<meta property=\"og:title\" content=\"Tunisie : Le ministre de l\u2019Int\u00e9rieur appelle son homologue fran\u00e7ais \u00e0 prot\u00e9ger les Tunisiens\" \/>\n<meta property=\"og:description\" content=\"Apr\u00e8s l\u2019attentat meurtrier contre un Tunisien \u00e0 Puget-sur-Argens, Khaled Nouri exhorte les autorit\u00e9s fran\u00e7aises \u00e0 assurer la s\u00e9curit\u00e9 de la communaut\u00e9 tunisienn...\" \/>\n<meta property=\"og:url\" content=\"https:\/\/www.webdo.tn\/fr\/actualite\/national\/tunisie-le-ministre-de-l-interieur-appelle-son-homologue-francais-a-proteger-les-tunisiens\/222356\/\" \/>\n<meta property=\"og:site_name\" content=\"webdo\" \/>\n<meta property=\"article:publisher\" content=\"https:\/\/www.facebook.com\/webdotn\" \/>\n<meta property=\"article:published_time\" content=\"2025-06-03T09:55:00+00:00\" \/>\n<meta property=\"article:modified_time\" content=\"2025-06-05T16:19:27+00:00\" \/>\n<meta property=\"og:image\" content=\"https:\/\/www.webdo.tn\/fr\/wp-content\/uploads\/2025\/06\/e8e57bca492538c593b892f58994649f.webp\" \/>\n\t<meta property=\"og:image:width\" content=\"750\" \/>\n\t<meta property=\"og:image:height\" content=\"400\" \/>\n\t<meta property=\"og:image:type\" content=\"image\/webp\" \/>\n<meta name=\"author\" content=\"MC\" \/>\n<meta name=\"twitter:card\" content=\"summary_large_image\" \/>\n<meta name=\"twitter:creator\" content=\"@webdo_tn\" \/>\n<meta name=\"twitter:site\" content=\"@webdo_tn\" \/>\n<meta name=\"twitter:label1\" content=\"\u00c9crit par\" \/>\n\t<meta name=\"twitter:data1\" content=\"MC\" \/>\n\t<meta name=\"twitter:label2\" content=\"Dur\u00e9e de lecture estim\u00e9e\" \/>\n\t<meta name=\"twitter:data2\" content=\"2 minutes\" \/>\n<script type=\"application\/ld+json\" class=\"yoast-schema-graph\">{\"@context\":\"https:\\\/\\\/schema.org\",\"@graph\":[{\"@type\":\"NewsArticle\",\"@id\":\"https:\\\/\\\/www.webdo.tn\\\/fr\\\/actualite\\\/national\\\/tunisie-le-ministre-de-l-interieur-appelle-son-homologue-francais-a-proteger-les-tunisiens\\\/222356\\\/#article\",\"isPartOf\":{\"@id\":\"https:\\\/\\\/www.webdo.tn\\\/fr\\\/actualite\\\/national\\\/tunisie-le-ministre-de-l-interieur-appelle-son-homologue-francais-a-proteger-les-tunisiens\\\/222356\\\/\"},\"author\":{\"name\":\"MC\",\"@id\":\"https:\\\/\\\/www.webdo.tn\\\/fr\\\/#\\\/schema\\\/person\\\/2c4929cbf5a809e3bd38617c6ce150f6\"},\"headline\":\"Tunisie : Le ministre de l\u2019Int\u00e9rieur appelle son homologue fran\u00e7ais \u00e0 prot\u00e9ger les Tunisiens\",\"datePublished\":\"2025-06-03T09:55:00+00:00\",\"dateModified\":\"2025-06-05T16:19:27+00:00\",\"mainEntityOfPage\":{\"@id\":\"https:\\\/\\\/www.webdo.tn\\\/fr\\\/actualite\\\/national\\\/tunisie-le-ministre-de-l-interieur-appelle-son-homologue-francais-a-proteger-les-tunisiens\\\/222356\\\/\"},\"wordCount\":500,\"commentCount\":0,\"publisher\":{\"@id\":\"https:\\\/\\\/www.webdo.tn\\\/fr\\\/#organization\"},\"image\":{\"@id\":\"https:\\\/\\\/www.webdo.tn\\\/fr\\\/actualite\\\/national\\\/tunisie-le-ministre-de-l-interieur-appelle-son-homologue-francais-a-proteger-les-tunisiens\\\/222356\\\/#primaryimage\"},\"thumbnailUrl\":\"https:\\\/\\\/www.webdo.tn\\\/fr\\\/wp-content\\\/uploads\\\/2025\\\/06\\\/e8e57bca492538c593b892f58994649f.webp\",\"keywords\":[\"attentat terroriste\",\"crime raciste\",\"france\",\"Hichem Miraoui\",\"Khaled Nouri\",\"Puget-sur-Argens\",\"Tunisie\"],\"articleSection\":[\"National\"],\"inLanguage\":\"fr-FR\"},{\"@type\":\"WebPage\",\"@id\":\"https:\\\/\\\/www.webdo.tn\\\/fr\\\/actualite\\\/national\\\/tunisie-le-ministre-de-l-interieur-appelle-son-homologue-francais-a-proteger-les-tunisiens\\\/222356\\\/\",\"url\":\"https:\\\/\\\/www.webdo.tn\\\/fr\\\/actualite\\\/national\\\/tunisie-le-ministre-de-l-interieur-appelle-son-homologue-francais-a-proteger-les-tunisiens\\\/222356\\\/\",\"name\":\"Tunisie : Le ministre de l\u2019Int\u00e9rieur appelle son homologue fran\u00e7ais \u00e0 prot\u00e9ger les Tunisiens\",\"isPartOf\":{\"@id\":\"https:\\\/\\\/www.webdo.tn\\\/fr\\\/#website\"},\"primaryImageOfPage\":{\"@id\":\"https:\\\/\\\/www.webdo.tn\\\/fr\\\/actualite\\\/national\\\/tunisie-le-ministre-de-l-interieur-appelle-son-homologue-francais-a-proteger-les-tunisiens\\\/222356\\\/#primaryimage\"},\"image\":{\"@id\":\"https:\\\/\\\/www.webdo.tn\\\/fr\\\/actualite\\\/national\\\/tunisie-le-ministre-de-l-interieur-appelle-son-homologue-francais-a-proteger-les-tunisiens\\\/222356\\\/#primaryimage\"},\"thumbnailUrl\":\"https:\\\/\\\/www.webdo.tn\\\/fr\\\/wp-content\\\/uploads\\\/2025\\\/06\\\/e8e57bca492538c593b892f58994649f.webp\",\"datePublished\":\"2025-06-03T09:55:00+00:00\",\"dateModified\":\"2025-06-05T16:19:27+00:00\",\"description\":\"Apr\u00e8s l\u2019attentat meurtrier contre un Tunisien \u00e0 Puget-sur-Argens, Khaled Nouri exhorte les autorit\u00e9s fran\u00e7aises \u00e0 assurer la s\u00e9curit\u00e9 de la communaut\u00e9 tunisienn...\",\"breadcrumb\":{\"@id\":\"https:\\\/\\\/www.webdo.tn\\\/fr\\\/actualite\\\/national\\\/tunisie-le-ministre-de-l-interieur-appelle-son-homologue-francais-a-proteger-les-tunisiens\\\/222356\\\/#breadcrumb\"},\"inLanguage\":\"fr-FR\",\"potentialAction\":[{\"@type\":\"ReadAction\",\"target\":[\"https:\\\/\\\/www.webdo.tn\\\/fr\\\/actualite\\\/national\\\/tunisie-le-ministre-de-l-interieur-appelle-son-homologue-francais-a-proteger-les-tunisiens\\\/222356\\\/\"]}]},{\"@type\":\"ImageObject\",\"inLanguage\":\"fr-FR\",\"@id\":\"https:\\\/\\\/www.webdo.tn\\\/fr\\\/actualite\\\/national\\\/tunisie-le-ministre-de-l-interieur-appelle-son-homologue-francais-a-proteger-les-tunisiens\\\/222356\\\/#primaryimage\",\"url\":\"https:\\\/\\\/www.webdo.tn\\\/fr\\\/wp-content\\\/uploads\\\/2025\\\/06\\\/e8e57bca492538c593b892f58994649f.webp\",\"contentUrl\":\"https:\\\/\\\/www.webdo.tn\\\/fr\\\/wp-content\\\/uploads\\\/2025\\\/06\\\/e8e57bca492538c593b892f58994649f.webp\",\"width\":750,\"height\":400,\"caption\":\"Tunisie : Le ministre de l\u2019Int\u00e9rieur appelle son homologue fran\u00e7ais \u00e0 prot\u00e9ger les Tunisiens\"},{\"@type\":\"BreadcrumbList\",\"@id\":\"https:\\\/\\\/www.webdo.tn\\\/fr\\\/actualite\\\/national\\\/tunisie-le-ministre-de-l-interieur-appelle-son-homologue-francais-a-proteger-les-tunisiens\\\/222356\\\/#breadcrumb\",\"itemListElement\":[{\"@type\":\"ListItem\",\"position\":1,\"name\":\"Accueil\",\"item\":\"https:\\\/\\\/www.webdo.tn\\\/fr\\\/\"},{\"@type\":\"ListItem\",\"position\":2,\"name\":\"Tunisie : Le ministre de l\u2019Int\u00e9rieur appelle son homologue fran\u00e7ais \u00e0 prot\u00e9ger les Tunisiens\"}]},{\"@type\":\"WebSite\",\"@id\":\"https:\\\/\\\/www.webdo.tn\\\/fr\\\/#website\",\"url\":\"https:\\\/\\\/www.webdo.tn\\\/fr\\\/\",\"name\":\"webdo\",\"description\":\"Tunisie - News en Tunisie et \u00e0 l&#039;international sur Webdo.tn\",\"publisher\":{\"@id\":\"https:\\\/\\\/www.webdo.tn\\\/fr\\\/#organization\"},\"potentialAction\":[{\"@type\":\"SearchAction\",\"target\":{\"@type\":\"EntryPoint\",\"urlTemplate\":\"https:\\\/\\\/www.webdo.tn\\\/fr\\\/?s={search_term_string}\"},\"query-input\":{\"@type\":\"PropertyValueSpecification\",\"valueRequired\":true,\"valueName\":\"search_term_string\"}}],\"inLanguage\":\"fr-FR\"},{\"@type\":\"Organization\",\"@id\":\"https:\\\/\\\/www.webdo.tn\\\/fr\\\/#organization\",\"name\":\"Webdo\",\"alternateName\":\"Webdo.tn\",\"url\":\"https:\\\/\\\/www.webdo.tn\\\/fr\\\/\",\"logo\":{\"@type\":\"ImageObject\",\"inLanguage\":\"fr-FR\",\"@id\":\"https:\\\/\\\/www.webdo.tn\\\/fr\\\/#\\\/schema\\\/logo\\\/image\\\/\",\"url\":\"https:\\\/\\\/www.webdo.tn\\\/fr\\\/wp-content\\\/uploads\\\/2025\\\/06\\\/Webdo-Tunisie_168377.jpg\",\"contentUrl\":\"https:\\\/\\\/www.webdo.tn\\\/fr\\\/wp-content\\\/uploads\\\/2025\\\/06\\\/Webdo-Tunisie_168377.jpg\",\"width\":301,\"height\":301,\"caption\":\"Webdo\"},\"image\":{\"@id\":\"https:\\\/\\\/www.webdo.tn\\\/fr\\\/#\\\/schema\\\/logo\\\/image\\\/\"},\"sameAs\":[\"https:\\\/\\\/www.facebook.com\\\/webdotn\",\"https:\\\/\\\/x.com\\\/webdo_tn\"],\"description\":\"Webdo est un m\u00e9dia num\u00e9rique tunisien fond\u00e9 en 2010, sp\u00e9cialis\u00e9 dans l\u2019actualit\u00e9 nationale et internationale, l\u2019\u00e9conomie, la soci\u00e9t\u00e9 et les analyses politiques. Le site s\u2019adresse \u00e0 un large public francophone et couvre l\u2019information tunisienne en temps r\u00e9el.\",\"email\":\"redac@webdo.tn\",\"legalName\":\"YNJ SARL\",\"foundingDate\":\"2010-09-06\",\"numberOfEmployees\":{\"@type\":\"QuantitativeValue\",\"minValue\":\"11\",\"maxValue\":\"50\"}},{\"@type\":\"Person\",\"@id\":\"https:\\\/\\\/www.webdo.tn\\\/fr\\\/#\\\/schema\\\/person\\\/2c4929cbf5a809e3bd38617c6ce150f6\",\"name\":\"MC\",\"image\":{\"@type\":\"ImageObject\",\"inLanguage\":\"fr-FR\",\"@id\":\"https:\\\/\\\/secure.gravatar.com\\\/avatar\\\/a545bbb6f84efdd5553dbbc2895e3ca8f1d12c5215e00a041c9670b54aa9b18a?s=96&d=mm&r=g\",\"url\":\"https:\\\/\\\/secure.gravatar.com\\\/avatar\\\/a545bbb6f84efdd5553dbbc2895e3ca8f1d12c5215e00a041c9670b54aa9b18a?s=96&d=mm&r=g\",\"contentUrl\":\"https:\\\/\\\/secure.gravatar.com\\\/avatar\\\/a545bbb6f84efdd5553dbbc2895e3ca8f1d12c5215e00a041c9670b54aa9b18a?s=96&d=mm&r=g\",\"caption\":\"MC\"},\"url\":\"https:\\\/\\\/www.webdo.tn\\\/fr\\\/actualite\\\/author\\\/mc\\\/\"}]}<\/script>\n<!-- \/ Yoast SEO Premium plugin. -->","yoast_head_json":{"title":"Tunisie : Le ministre de l\u2019Int\u00e9rieur appelle son homologue fran\u00e7ais \u00e0 prot\u00e9ger les Tunisiens","description":"Apr\u00e8s l\u2019attentat meurtrier contre un Tunisien \u00e0 Puget-sur-Argens, Khaled Nouri exhorte les autorit\u00e9s fran\u00e7aises \u00e0 assurer la s\u00e9curit\u00e9 de la communaut\u00e9 tunisienn...","canonical":"https:\/\/www.webdo.tn\/fr\/actualite\/national\/tunisie-le-ministre-de-l-interieur-appelle-son-homologue-francais-a-proteger-les-tunisiens\/222356\/","og_locale":"fr_FR","og_type":"article","og_title":"Tunisie : Le ministre de l\u2019Int\u00e9rieur appelle son homologue fran\u00e7ais \u00e0 prot\u00e9ger les Tunisiens","og_description":"Apr\u00e8s l\u2019attentat meurtrier contre un Tunisien \u00e0 Puget-sur-Argens, Khaled Nouri exhorte les autorit\u00e9s fran\u00e7aises \u00e0 assurer la s\u00e9curit\u00e9 de la communaut\u00e9 tunisienn...","og_url":"https:\/\/www.webdo.tn\/fr\/actualite\/national\/tunisie-le-ministre-de-l-interieur-appelle-son-homologue-francais-a-proteger-les-tunisiens\/222356\/","og_site_name":"webdo","article_publisher":"https:\/\/www.facebook.com\/webdotn","article_published_time":"2025-06-03T09:55:00+00:00","article_modified_time":"2025-06-05T16:19:27+00:00","og_image":[{"width":750,"height":400,"url":"https:\/\/www.webdo.tn\/fr\/wp-content\/uploads\/2025\/06\/e8e57bca492538c593b892f58994649f.webp","type":"image\/webp"}],"author":"MC","twitter_card":"summary_large_image","twitter_creator":"@webdo_tn","twitter_site":"@webdo_tn","twitter_misc":{"\u00c9crit par":"MC","Dur\u00e9e de lecture estim\u00e9e":"2 minutes"},"schema":{"@context":"https:\/\/schema.org","@graph":[{"@type":"NewsArticle","@id":"https:\/\/www.webdo.tn\/fr\/actualite\/national\/tunisie-le-ministre-de-l-interieur-appelle-son-homologue-francais-a-proteger-les-tunisiens\/222356\/#article","isPartOf":{"@id":"https:\/\/www.webdo.tn\/fr\/actualite\/national\/tunisie-le-ministre-de-l-interieur-appelle-son-homologue-francais-a-proteger-les-tunisiens\/222356\/"},"author":{"name":"MC","@id":"https:\/\/www.webdo.tn\/fr\/#\/schema\/person\/2c4929cbf5a809e3bd38617c6ce150f6"},"headline":"Tunisie : Le ministre de l\u2019Int\u00e9rieur appelle son homologue fran\u00e7ais \u00e0 prot\u00e9ger les Tunisiens","datePublished":"2025-06-03T09:55:00+00:00","dateModified":"2025-06-05T16:19:27+00:00","mainEntityOfPage":{"@id":"https:\/\/www.webdo.tn\/fr\/actualite\/national\/tunisie-le-ministre-de-l-interieur-appelle-son-homologue-francais-a-proteger-les-tunisiens\/222356\/"},"wordCount":500,"commentCount":0,"publisher":{"@id":"https:\/\/www.webdo.tn\/fr\/#organization"},"image":{"@id":"https:\/\/www.webdo.tn\/fr\/actualite\/national\/tunisie-le-ministre-de-l-interieur-appelle-son-homologue-francais-a-proteger-les-tunisiens\/222356\/#primaryimage"},"thumbnailUrl":"https:\/\/www.webdo.tn\/fr\/wp-content\/uploads\/2025\/06\/e8e57bca492538c593b892f58994649f.webp","keywords":["attentat terroriste","crime raciste","france","Hichem Miraoui","Khaled Nouri","Puget-sur-Argens","Tunisie"],"articleSection":["National"],"inLanguage":"fr-FR"},{"@type":"WebPage","@id":"https:\/\/www.webdo.tn\/fr\/actualite\/national\/tunisie-le-ministre-de-l-interieur-appelle-son-homologue-francais-a-proteger-les-tunisiens\/222356\/","url":"https:\/\/www.webdo.tn\/fr\/actualite\/national\/tunisie-le-ministre-de-l-interieur-appelle-son-homologue-francais-a-proteger-les-tunisiens\/222356\/","name":"Tunisie : Le ministre de l\u2019Int\u00e9rieur appelle son homologue fran\u00e7ais \u00e0 prot\u00e9ger les Tunisiens","isPartOf":{"@id":"https:\/\/www.webdo.tn\/fr\/#website"},"primaryImageOfPage":{"@id":"https:\/\/www.webdo.tn\/fr\/actualite\/national\/tunisie-le-ministre-de-l-interieur-appelle-son-homologue-francais-a-proteger-les-tunisiens\/222356\/#primaryimage"},"image":{"@id":"https:\/\/www.webdo.tn\/fr\/actualite\/national\/tunisie-le-ministre-de-l-interieur-appelle-son-homologue-francais-a-proteger-les-tunisiens\/222356\/#primaryimage"},"thumbnailUrl":"https:\/\/www.webdo.tn\/fr\/wp-content\/uploads\/2025\/06\/e8e57bca492538c593b892f58994649f.webp","datePublished":"2025-06-03T09:55:00+00:00","dateModified":"2025-06-05T16:19:27+00:00","description":"Apr\u00e8s l\u2019attentat meurtrier contre un Tunisien \u00e0 Puget-sur-Argens, Khaled Nouri exhorte les autorit\u00e9s fran\u00e7aises \u00e0 assurer la s\u00e9curit\u00e9 de la communaut\u00e9 tunisienn...","breadcrumb":{"@id":"https:\/\/www.webdo.tn\/fr\/actualite\/national\/tunisie-le-ministre-de-l-interieur-appelle-son-homologue-francais-a-proteger-les-tunisiens\/222356\/#breadcrumb"},"inLanguage":"fr-FR","potentialAction":[{"@type":"ReadAction","target":["https:\/\/www.webdo.tn\/fr\/actualite\/national\/tunisie-le-ministre-de-l-interieur-appelle-son-homologue-francais-a-proteger-les-tunisiens\/222356\/"]}]},{"@type":"ImageObject","inLanguage":"fr-FR","@id":"https:\/\/www.webdo.tn\/fr\/actualite\/national\/tunisie-le-ministre-de-l-interieur-appelle-son-homologue-francais-a-proteger-les-tunisiens\/222356\/#primaryimage","url":"https:\/\/www.webdo.tn\/fr\/wp-content\/uploads\/2025\/06\/e8e57bca492538c593b892f58994649f.webp","contentUrl":"https:\/\/www.webdo.tn\/fr\/wp-content\/uploads\/2025\/06\/e8e57bca492538c593b892f58994649f.webp","width":750,"height":400,"caption":"Tunisie : Le ministre de l\u2019Int\u00e9rieur appelle son homologue fran\u00e7ais \u00e0 prot\u00e9ger les Tunisiens"},{"@type":"BreadcrumbList","@id":"https:\/\/www.webdo.tn\/fr\/actualite\/national\/tunisie-le-ministre-de-l-interieur-appelle-son-homologue-francais-a-proteger-les-tunisiens\/222356\/#breadcrumb","itemListElement":[{"@type":"ListItem","position":1,"name":"Accueil","item":"https:\/\/www.webdo.tn\/fr\/"},{"@type":"ListItem","position":2,"name":"Tunisie : Le ministre de l\u2019Int\u00e9rieur appelle son homologue fran\u00e7ais \u00e0 prot\u00e9ger les Tunisiens"}]},{"@type":"WebSite","@id":"https:\/\/www.webdo.tn\/fr\/#website","url":"https:\/\/www.webdo.tn\/fr\/","name":"webdo","description":"Tunisie - News en Tunisie et \u00e0 l&#039;international sur Webdo.tn","publisher":{"@id":"https:\/\/www.webdo.tn\/fr\/#organization"},"potentialAction":[{"@type":"SearchAction","target":{"@type":"EntryPoint","urlTemplate":"https:\/\/www.webdo.tn\/fr\/?s={search_term_string}"},"query-input":{"@type":"PropertyValueSpecification","valueRequired":true,"valueName":"search_term_string"}}],"inLanguage":"fr-FR"},{"@type":"Organization","@id":"https:\/\/www.webdo.tn\/fr\/#organization","name":"Webdo","alternateName":"Webdo.tn","url":"https:\/\/www.webdo.tn\/fr\/","logo":{"@type":"ImageObject","inLanguage":"fr-FR","@id":"https:\/\/www.webdo.tn\/fr\/#\/schema\/logo\/image\/","url":"https:\/\/www.webdo.tn\/fr\/wp-content\/uploads\/2025\/06\/Webdo-Tunisie_168377.jpg","contentUrl":"https:\/\/www.webdo.tn\/fr\/wp-content\/uploads\/2025\/06\/Webdo-Tunisie_168377.jpg","width":301,"height":301,"caption":"Webdo"},"image":{"@id":"https:\/\/www.webdo.tn\/fr\/#\/schema\/logo\/image\/"},"sameAs":["https:\/\/www.facebook.com\/webdotn","https:\/\/x.com\/webdo_tn"],"description":"Webdo est un m\u00e9dia num\u00e9rique tunisien fond\u00e9 en 2010, sp\u00e9cialis\u00e9 dans l\u2019actualit\u00e9 nationale et internationale, l\u2019\u00e9conomie, la soci\u00e9t\u00e9 et les analyses politiques. Le site s\u2019adresse \u00e0 un large public francophone et couvre l\u2019information tunisienne en temps r\u00e9el.","email":"redac@webdo.tn","legalName":"YNJ SARL","foundingDate":"2010-09-06","numberOfEmployees":{"@type":"QuantitativeValue","minValue":"11","maxValue":"50"}},{"@type":"Person","@id":"https:\/\/www.webdo.tn\/fr\/#\/schema\/person\/2c4929cbf5a809e3bd38617c6ce150f6","name":"MC","image":{"@type":"ImageObject","inLanguage":"fr-FR","@id":"https:\/\/secure.gravatar.com\/avatar\/a545bbb6f84efdd5553dbbc2895e3ca8f1d12c5215e00a041c9670b54aa9b18a?s=96&d=mm&r=g","url":"https:\/\/secure.gravatar.com\/avatar\/a545bbb6f84efdd5553dbbc2895e3ca8f1d12c5215e00a041c9670b54aa9b18a?s=96&d=mm&r=g","contentUrl":"https:\/\/secure.gravatar.com\/avatar\/a545bbb6f84efdd5553dbbc2895e3ca8f1d12c5215e00a041c9670b54aa9b18a?s=96&d=mm&r=g","caption":"MC"},"url":"https:\/\/www.webdo.tn\/fr\/actualite\/author\/mc\/"}]}},"_links":{"self":[{"href":"https:\/\/www.webdo.tn\/fr\/wp-json\/wp\/v2\/posts\/222356","targetHints":{"allow":["GET"]}}],"collection":[{"href":"https:\/\/www.webdo.tn\/fr\/wp-json\/wp\/v2\/posts"}],"about":[{"href":"https:\/\/www.webdo.tn\/fr\/wp-json\/wp\/v2\/types\/post"}],"author":[{"embeddable":true,"href":"https:\/\/www.webdo.tn\/fr\/wp-json\/wp\/v2\/users\/3162"}],"replies":[{"embeddable":true,"href":"https:\/\/www.webdo.tn\/fr\/wp-json\/wp\/v2\/comments?post=222356"}],"version-history":[{"count":0,"href":"https:\/\/www.webdo.tn\/fr\/wp-json\/wp\/v2\/posts\/222356\/revisions"}],"wp:featuredmedia":[{"embeddable":true,"href":"https:\/\/www.webdo.tn\/fr\/wp-json\/wp\/v2\/media\/365968"}],"wp:attachment":[{"href":"https:\/\/www.webdo.tn\/fr\/wp-json\/wp\/v2\/media?parent=222356"}],"wp:term":[{"taxonomy":"category","embeddable":true,"href":"https:\/\/www.webdo.tn\/fr\/wp-json\/wp\/v2\/categories?post=222356"},{"taxonomy":"post_tag","embeddable":true,"href":"https:\/\/www.webdo.tn\/fr\/wp-json\/wp\/v2\/tags?post=222356"}],"curies":[{"name":"wp","href":"https:\/\/api.w.org\/{rel}","templated":true}]}}