{"id":222350,"date":"2025-06-02T20:00:00","date_gmt":"2025-06-02T20:00:00","guid":{"rendered":"https:\/\/www.webdo.tn\/fr\/actualite\/blog\/tunisie-une-reforme-du-code-du-travail-a-haut-risque-juridique-selon-un-expert\/222350\/"},"modified":"2025-06-05T16:19:22","modified_gmt":"2025-06-05T16:19:22","slug":"tunisie-une-reforme-du-code-du-travail-a-haut-risque-juridique-selon-un-expert","status":"publish","type":"post","link":"https:\/\/www.webdo.tn\/fr\/actualite\/national\/tunisie-une-reforme-du-code-du-travail-a-haut-risque-juridique-selon-un-expert\/222350\/","title":{"rendered":"Tunisie : une r\u00e9forme du Code du travail \u00e0 haut risque juridique, selon un expert"},"content":{"rendered":"<p>Adopt\u00e9e le 23 mai par l\u2019Assembl\u00e9e des repr\u00e9sentants du peuple, la r\u00e9forme du Code du travail tunisien continue de susciter de vives r\u00e9actions. Pr\u00e9sent\u00e9e par le gouvernement comme un tournant historique en faveur de la dignit\u00e9 des travailleurs, elle pourrait, selon plusieurs sp\u00e9cialistes, d\u00e9stabiliser en profondeur le tissu \u00e9conomique du pays.<\/p>\n<p> Dans une analyse publi\u00e9e le 2 juin sur le site Juridoc.tn, l\u2019expert-comptable Wassim Turki examine les implications de la loi 2025-09, promulgu\u00e9e au Journal officiel du 23 mai 2025. Ce nouveau texte redessine en profondeur le droit du travail en Tunisie.<\/p>\n<p>La r\u00e9forme \u00e9rige d\u00e9sormais le contrat \u00e0 dur\u00e9e ind\u00e9termin\u00e9e (CDI) comme norme. Les contrats \u00e0 dur\u00e9e d\u00e9termin\u00e9e (CDD) deviennent exceptionnels et strictement encadr\u00e9s. Leur recours ne sera plus possible que dans trois cas pr\u00e9cis : surcro\u00eet de travail, remplacement temporaire, ou activit\u00e9 saisonni\u00e8re. L\u2019absence de respect de ces conditions entra\u00eene la requalification automatique du contrat en CDI.<\/p>\n<p>Le CDI, quant \u00e0 lui, est d\u00e9sormais soumis \u00e0 une p\u00e9riode d\u2019essai de six mois, renouvelable une seule fois. Sa forme \u00e9crite devient imp\u00e9rative. En l\u2019absence d\u2019\u00e9crit, le contrat est r\u00e9put\u00e9 conclu pour une dur\u00e9e ind\u00e9termin\u00e9e.<\/p>\n<p>Autre volet fondamental : l\u2019interdiction explicite de la sous-traitance de main-d\u2019\u0153uvre, avec des sanctions p\u00e9nales \u00e0 la cl\u00e9. Les entreprises de nettoyage et de gardiennage sont concern\u00e9es. Une amende de 10 000 dinars est pr\u00e9vue pour les personnes physiques, doubl\u00e9e pour les personnes morales. En cas de r\u00e9cidive, des peines de prison sont applicables.<\/p>\n<p>Wassim Turki insiste sur les obligations nouvelles qui p\u00e8sent d\u00e9sormais sur les entreprises prestataires et b\u00e9n\u00e9ficiaires. Ces derni\u00e8res devront garantir les droits des travailleurs intervenant dans leurs locaux, comme s\u2019ils \u00e9taient leurs propres salari\u00e9s, et pourraient \u00eatre tenues solidairement responsables en cas de manquement.<\/p>\n<p>Enfin, l\u2019expert attire l\u2019attention sur les mesures transitoires. Certains CDD seront automatiquement convertis en CDI, m\u00eame s\u2019ils ont \u00e9t\u00e9 rompus avant l\u2019entr\u00e9e en vigueur de la loi. Une indemnit\u00e9 de deux mois de salaire par ann\u00e9e d\u2019anciennet\u00e9 est pr\u00e9vue en cas de litige, \u00e0 condition d\u2019agir dans un d\u00e9lai d\u2019un an.<\/p>\n","protected":false},"excerpt":{"rendered":"<p>La r\u00e9forme du Code du travail tunisien fait craindre un choc juridique. L\u2019expert Wassim Turki alerte sur les zones grises et les risques de contentieux.<\/p>\n","protected":false},"author":3203,"featured_media":365962,"comment_status":"open","ping_status":"closed","sticky":false,"template":"","format":"standard","meta":{"footnotes":""},"categories":[44],"tags":[3433,3434,11646,3034,2608],"class_list":["post-222350","post","type-post","status-publish","format-standard","has-post-thumbnail","hentry","category-national","tag-cdd","tag-cdi","tag-reforme-du-travail","tag-sous-traitance","tag-tunisie"],"yoast_head":"<!-- This site is optimized with the Yoast SEO Premium plugin v27.5 (Yoast SEO v27.5) - https:\/\/yoast.com\/product\/yoast-seo-premium-wordpress\/ -->\n<title>Tunisie : une r\u00e9forme du Code du travail \u00e0 haut risque juridique, selon un expert<\/title>\n<meta name=\"description\" content=\"La r\u00e9forme du Code du travail tunisien fait craindre un choc juridique. L\u2019expert Wassim Turki alerte sur les zones grises et les risques de contentieux.\" \/>\n<link rel=\"canonical\" href=\"https:\/\/www.webdo.tn\/fr\/actualite\/national\/tunisie-une-reforme-du-code-du-travail-a-haut-risque-juridique-selon-un-expert\/222350\/\" \/>\n<meta property=\"og:locale\" content=\"fr_FR\" \/>\n<meta property=\"og:type\" content=\"article\" \/>\n<meta property=\"og:title\" content=\"Tunisie : une r\u00e9forme du Code du travail \u00e0 haut risque juridique, selon un expert\" \/>\n<meta property=\"og:description\" content=\"La r\u00e9forme du Code du travail tunisien fait craindre un choc juridique. L\u2019expert Wassim Turki alerte sur les zones grises et les risques de contentieux.\" \/>\n<meta property=\"og:url\" content=\"https:\/\/www.webdo.tn\/fr\/actualite\/national\/tunisie-une-reforme-du-code-du-travail-a-haut-risque-juridique-selon-un-expert\/222350\/\" \/>\n<meta property=\"og:site_name\" content=\"webdo\" \/>\n<meta property=\"article:publisher\" content=\"https:\/\/www.facebook.com\/webdotn\" \/>\n<meta property=\"article:published_time\" content=\"2025-06-02T20:00:00+00:00\" \/>\n<meta property=\"article:modified_time\" content=\"2025-06-05T16:19:22+00:00\" \/>\n<meta property=\"og:image\" content=\"https:\/\/www.webdo.tn\/fr\/wp-content\/uploads\/2025\/06\/ab70a8ce7f985be2fbd74740cf350205.webp\" \/>\n\t<meta property=\"og:image:width\" content=\"750\" \/>\n\t<meta property=\"og:image:height\" content=\"400\" \/>\n\t<meta property=\"og:image:type\" content=\"image\/webp\" \/>\n<meta name=\"author\" content=\"Ramzi Haddad\" \/>\n<meta name=\"twitter:card\" content=\"summary_large_image\" \/>\n<meta name=\"twitter:creator\" content=\"@webdo_tn\" \/>\n<meta name=\"twitter:site\" content=\"@webdo_tn\" \/>\n<meta name=\"twitter:label1\" content=\"\u00c9crit par\" \/>\n\t<meta name=\"twitter:data1\" content=\"Ramzi Haddad\" \/>\n\t<meta name=\"twitter:label2\" content=\"Dur\u00e9e de lecture estim\u00e9e\" \/>\n\t<meta name=\"twitter:data2\" content=\"2 minutes\" \/>\n<script type=\"application\/ld+json\" class=\"yoast-schema-graph\">{\"@context\":\"https:\\\/\\\/schema.org\",\"@graph\":[{\"@type\":\"NewsArticle\",\"@id\":\"https:\\\/\\\/www.webdo.tn\\\/fr\\\/actualite\\\/national\\\/tunisie-une-reforme-du-code-du-travail-a-haut-risque-juridique-selon-un-expert\\\/222350\\\/#article\",\"isPartOf\":{\"@id\":\"https:\\\/\\\/www.webdo.tn\\\/fr\\\/actualite\\\/national\\\/tunisie-une-reforme-du-code-du-travail-a-haut-risque-juridique-selon-un-expert\\\/222350\\\/\"},\"author\":{\"name\":\"Ramzi Haddad\",\"@id\":\"https:\\\/\\\/www.webdo.tn\\\/fr\\\/#\\\/schema\\\/person\\\/5663044c25eb36d8f88ba5b653f12f8c\"},\"headline\":\"Tunisie : une r\u00e9forme du Code du travail \u00e0 haut risque juridique, selon un expert\",\"datePublished\":\"2025-06-02T20:00:00+00:00\",\"dateModified\":\"2025-06-05T16:19:22+00:00\",\"mainEntityOfPage\":{\"@id\":\"https:\\\/\\\/www.webdo.tn\\\/fr\\\/actualite\\\/national\\\/tunisie-une-reforme-du-code-du-travail-a-haut-risque-juridique-selon-un-expert\\\/222350\\\/\"},\"wordCount\":398,\"commentCount\":0,\"publisher\":{\"@id\":\"https:\\\/\\\/www.webdo.tn\\\/fr\\\/#organization\"},\"image\":{\"@id\":\"https:\\\/\\\/www.webdo.tn\\\/fr\\\/actualite\\\/national\\\/tunisie-une-reforme-du-code-du-travail-a-haut-risque-juridique-selon-un-expert\\\/222350\\\/#primaryimage\"},\"thumbnailUrl\":\"https:\\\/\\\/www.webdo.tn\\\/fr\\\/wp-content\\\/uploads\\\/2025\\\/06\\\/ab70a8ce7f985be2fbd74740cf350205.webp\",\"keywords\":[\"CDD\",\"CDI\",\"R\u00e9forme du travail\",\"Sous-traitance\",\"Tunisie\"],\"articleSection\":[\"National\"],\"inLanguage\":\"fr-FR\"},{\"@type\":\"WebPage\",\"@id\":\"https:\\\/\\\/www.webdo.tn\\\/fr\\\/actualite\\\/national\\\/tunisie-une-reforme-du-code-du-travail-a-haut-risque-juridique-selon-un-expert\\\/222350\\\/\",\"url\":\"https:\\\/\\\/www.webdo.tn\\\/fr\\\/actualite\\\/national\\\/tunisie-une-reforme-du-code-du-travail-a-haut-risque-juridique-selon-un-expert\\\/222350\\\/\",\"name\":\"Tunisie : une r\u00e9forme du Code du travail \u00e0 haut risque juridique, selon un expert\",\"isPartOf\":{\"@id\":\"https:\\\/\\\/www.webdo.tn\\\/fr\\\/#website\"},\"primaryImageOfPage\":{\"@id\":\"https:\\\/\\\/www.webdo.tn\\\/fr\\\/actualite\\\/national\\\/tunisie-une-reforme-du-code-du-travail-a-haut-risque-juridique-selon-un-expert\\\/222350\\\/#primaryimage\"},\"image\":{\"@id\":\"https:\\\/\\\/www.webdo.tn\\\/fr\\\/actualite\\\/national\\\/tunisie-une-reforme-du-code-du-travail-a-haut-risque-juridique-selon-un-expert\\\/222350\\\/#primaryimage\"},\"thumbnailUrl\":\"https:\\\/\\\/www.webdo.tn\\\/fr\\\/wp-content\\\/uploads\\\/2025\\\/06\\\/ab70a8ce7f985be2fbd74740cf350205.webp\",\"datePublished\":\"2025-06-02T20:00:00+00:00\",\"dateModified\":\"2025-06-05T16:19:22+00:00\",\"description\":\"La r\u00e9forme du Code du travail tunisien fait craindre un choc juridique. L\u2019expert Wassim Turki alerte sur les zones grises et les risques de contentieux.\",\"breadcrumb\":{\"@id\":\"https:\\\/\\\/www.webdo.tn\\\/fr\\\/actualite\\\/national\\\/tunisie-une-reforme-du-code-du-travail-a-haut-risque-juridique-selon-un-expert\\\/222350\\\/#breadcrumb\"},\"inLanguage\":\"fr-FR\",\"potentialAction\":[{\"@type\":\"ReadAction\",\"target\":[\"https:\\\/\\\/www.webdo.tn\\\/fr\\\/actualite\\\/national\\\/tunisie-une-reforme-du-code-du-travail-a-haut-risque-juridique-selon-un-expert\\\/222350\\\/\"]}]},{\"@type\":\"ImageObject\",\"inLanguage\":\"fr-FR\",\"@id\":\"https:\\\/\\\/www.webdo.tn\\\/fr\\\/actualite\\\/national\\\/tunisie-une-reforme-du-code-du-travail-a-haut-risque-juridique-selon-un-expert\\\/222350\\\/#primaryimage\",\"url\":\"https:\\\/\\\/www.webdo.tn\\\/fr\\\/wp-content\\\/uploads\\\/2025\\\/06\\\/ab70a8ce7f985be2fbd74740cf350205.webp\",\"contentUrl\":\"https:\\\/\\\/www.webdo.tn\\\/fr\\\/wp-content\\\/uploads\\\/2025\\\/06\\\/ab70a8ce7f985be2fbd74740cf350205.webp\",\"width\":750,\"height\":400,\"caption\":\"Tunisie : une r\u00e9forme du Code du travail \u00e0 haut risque juridique, selon un expert\"},{\"@type\":\"BreadcrumbList\",\"@id\":\"https:\\\/\\\/www.webdo.tn\\\/fr\\\/actualite\\\/national\\\/tunisie-une-reforme-du-code-du-travail-a-haut-risque-juridique-selon-un-expert\\\/222350\\\/#breadcrumb\",\"itemListElement\":[{\"@type\":\"ListItem\",\"position\":1,\"name\":\"Accueil\",\"item\":\"https:\\\/\\\/www.webdo.tn\\\/fr\\\/\"},{\"@type\":\"ListItem\",\"position\":2,\"name\":\"Tunisie : une r\u00e9forme du Code du travail \u00e0 haut risque juridique, selon un expert\"}]},{\"@type\":\"WebSite\",\"@id\":\"https:\\\/\\\/www.webdo.tn\\\/fr\\\/#website\",\"url\":\"https:\\\/\\\/www.webdo.tn\\\/fr\\\/\",\"name\":\"webdo\",\"description\":\"Tunisie - News en Tunisie et \u00e0 l&#039;international sur Webdo.tn\",\"publisher\":{\"@id\":\"https:\\\/\\\/www.webdo.tn\\\/fr\\\/#organization\"},\"potentialAction\":[{\"@type\":\"SearchAction\",\"target\":{\"@type\":\"EntryPoint\",\"urlTemplate\":\"https:\\\/\\\/www.webdo.tn\\\/fr\\\/?s={search_term_string}\"},\"query-input\":{\"@type\":\"PropertyValueSpecification\",\"valueRequired\":true,\"valueName\":\"search_term_string\"}}],\"inLanguage\":\"fr-FR\"},{\"@type\":\"Organization\",\"@id\":\"https:\\\/\\\/www.webdo.tn\\\/fr\\\/#organization\",\"name\":\"Webdo\",\"alternateName\":\"Webdo.tn\",\"url\":\"https:\\\/\\\/www.webdo.tn\\\/fr\\\/\",\"logo\":{\"@type\":\"ImageObject\",\"inLanguage\":\"fr-FR\",\"@id\":\"https:\\\/\\\/www.webdo.tn\\\/fr\\\/#\\\/schema\\\/logo\\\/image\\\/\",\"url\":\"https:\\\/\\\/www.webdo.tn\\\/fr\\\/wp-content\\\/uploads\\\/2025\\\/06\\\/Webdo-Tunisie_168377.jpg\",\"contentUrl\":\"https:\\\/\\\/www.webdo.tn\\\/fr\\\/wp-content\\\/uploads\\\/2025\\\/06\\\/Webdo-Tunisie_168377.jpg\",\"width\":301,\"height\":301,\"caption\":\"Webdo\"},\"image\":{\"@id\":\"https:\\\/\\\/www.webdo.tn\\\/fr\\\/#\\\/schema\\\/logo\\\/image\\\/\"},\"sameAs\":[\"https:\\\/\\\/www.facebook.com\\\/webdotn\",\"https:\\\/\\\/x.com\\\/webdo_tn\"],\"description\":\"Webdo est un m\u00e9dia num\u00e9rique tunisien fond\u00e9 en 2010, sp\u00e9cialis\u00e9 dans l\u2019actualit\u00e9 nationale et internationale, l\u2019\u00e9conomie, la soci\u00e9t\u00e9 et les analyses politiques. Le site s\u2019adresse \u00e0 un large public francophone et couvre l\u2019information tunisienne en temps r\u00e9el.\",\"email\":\"redac@webdo.tn\",\"legalName\":\"YNJ SARL\",\"foundingDate\":\"2010-09-06\",\"numberOfEmployees\":{\"@type\":\"QuantitativeValue\",\"minValue\":\"11\",\"maxValue\":\"50\"}},{\"@type\":\"Person\",\"@id\":\"https:\\\/\\\/www.webdo.tn\\\/fr\\\/#\\\/schema\\\/person\\\/5663044c25eb36d8f88ba5b653f12f8c\",\"name\":\"Ramzi Haddad\",\"image\":{\"@type\":\"ImageObject\",\"inLanguage\":\"fr-FR\",\"@id\":\"https:\\\/\\\/www.webdo.tn\\\/fr\\\/wp-content\\\/uploads\\\/2026\\\/04\\\/ramzi-haddad_avatar-96x96.jpg\",\"url\":\"https:\\\/\\\/www.webdo.tn\\\/fr\\\/wp-content\\\/uploads\\\/2026\\\/04\\\/ramzi-haddad_avatar-96x96.jpg\",\"contentUrl\":\"https:\\\/\\\/www.webdo.tn\\\/fr\\\/wp-content\\\/uploads\\\/2026\\\/04\\\/ramzi-haddad_avatar-96x96.jpg\",\"caption\":\"Ramzi Haddad\"},\"description\":\"Signature \u00e9ditoriale de Walid Ben Youssef Ramzi Haddad est le pseudonyme \u00e9ditorial de Walid Ben Youssef, fondateur et g\u00e9rant de Webdo.tn. Cette signature est d\u00e9di\u00e9e \u00e0 la couverture de l'actualit\u00e9 nationale et internationale, ainsi qu'aux analyses des dynamiques num\u00e9riques. Ce profil b\u00e9n\u00e9ficie de l'expertise de Walid Ben Youssef, pionnier du web en Tunisie depuis 2000 et dipl\u00f4m\u00e9 en Math\u00e9matiques pures de l'Universit\u00e9 d'Oregon. \u00c0 travers cette signature, la r\u00e9daction de Webdo garantit une information structur\u00e9e et v\u00e9rifi\u00e9e, fid\u00e8le aux standards journalistiques du m\u00e9dia.\",\"url\":\"https:\\\/\\\/www.webdo.tn\\\/fr\\\/actualite\\\/author\\\/ramzi-haddad\\\/\"}]}<\/script>\n<!-- \/ Yoast SEO Premium plugin. -->","yoast_head_json":{"title":"Tunisie : une r\u00e9forme du Code du travail \u00e0 haut risque juridique, selon un expert","description":"La r\u00e9forme du Code du travail tunisien fait craindre un choc juridique. L\u2019expert Wassim Turki alerte sur les zones grises et les risques de contentieux.","canonical":"https:\/\/www.webdo.tn\/fr\/actualite\/national\/tunisie-une-reforme-du-code-du-travail-a-haut-risque-juridique-selon-un-expert\/222350\/","og_locale":"fr_FR","og_type":"article","og_title":"Tunisie : une r\u00e9forme du Code du travail \u00e0 haut risque juridique, selon un expert","og_description":"La r\u00e9forme du Code du travail tunisien fait craindre un choc juridique. L\u2019expert Wassim Turki alerte sur les zones grises et les risques de contentieux.","og_url":"https:\/\/www.webdo.tn\/fr\/actualite\/national\/tunisie-une-reforme-du-code-du-travail-a-haut-risque-juridique-selon-un-expert\/222350\/","og_site_name":"webdo","article_publisher":"https:\/\/www.facebook.com\/webdotn","article_published_time":"2025-06-02T20:00:00+00:00","article_modified_time":"2025-06-05T16:19:22+00:00","og_image":[{"width":750,"height":400,"url":"https:\/\/www.webdo.tn\/fr\/wp-content\/uploads\/2025\/06\/ab70a8ce7f985be2fbd74740cf350205.webp","type":"image\/webp"}],"author":"Ramzi Haddad","twitter_card":"summary_large_image","twitter_creator":"@webdo_tn","twitter_site":"@webdo_tn","twitter_misc":{"\u00c9crit par":"Ramzi Haddad","Dur\u00e9e de lecture estim\u00e9e":"2 minutes"},"schema":{"@context":"https:\/\/schema.org","@graph":[{"@type":"NewsArticle","@id":"https:\/\/www.webdo.tn\/fr\/actualite\/national\/tunisie-une-reforme-du-code-du-travail-a-haut-risque-juridique-selon-un-expert\/222350\/#article","isPartOf":{"@id":"https:\/\/www.webdo.tn\/fr\/actualite\/national\/tunisie-une-reforme-du-code-du-travail-a-haut-risque-juridique-selon-un-expert\/222350\/"},"author":{"name":"Ramzi Haddad","@id":"https:\/\/www.webdo.tn\/fr\/#\/schema\/person\/5663044c25eb36d8f88ba5b653f12f8c"},"headline":"Tunisie : une r\u00e9forme du Code du travail \u00e0 haut risque juridique, selon un expert","datePublished":"2025-06-02T20:00:00+00:00","dateModified":"2025-06-05T16:19:22+00:00","mainEntityOfPage":{"@id":"https:\/\/www.webdo.tn\/fr\/actualite\/national\/tunisie-une-reforme-du-code-du-travail-a-haut-risque-juridique-selon-un-expert\/222350\/"},"wordCount":398,"commentCount":0,"publisher":{"@id":"https:\/\/www.webdo.tn\/fr\/#organization"},"image":{"@id":"https:\/\/www.webdo.tn\/fr\/actualite\/national\/tunisie-une-reforme-du-code-du-travail-a-haut-risque-juridique-selon-un-expert\/222350\/#primaryimage"},"thumbnailUrl":"https:\/\/www.webdo.tn\/fr\/wp-content\/uploads\/2025\/06\/ab70a8ce7f985be2fbd74740cf350205.webp","keywords":["CDD","CDI","R\u00e9forme du travail","Sous-traitance","Tunisie"],"articleSection":["National"],"inLanguage":"fr-FR"},{"@type":"WebPage","@id":"https:\/\/www.webdo.tn\/fr\/actualite\/national\/tunisie-une-reforme-du-code-du-travail-a-haut-risque-juridique-selon-un-expert\/222350\/","url":"https:\/\/www.webdo.tn\/fr\/actualite\/national\/tunisie-une-reforme-du-code-du-travail-a-haut-risque-juridique-selon-un-expert\/222350\/","name":"Tunisie : une r\u00e9forme du Code du travail \u00e0 haut risque juridique, selon un expert","isPartOf":{"@id":"https:\/\/www.webdo.tn\/fr\/#website"},"primaryImageOfPage":{"@id":"https:\/\/www.webdo.tn\/fr\/actualite\/national\/tunisie-une-reforme-du-code-du-travail-a-haut-risque-juridique-selon-un-expert\/222350\/#primaryimage"},"image":{"@id":"https:\/\/www.webdo.tn\/fr\/actualite\/national\/tunisie-une-reforme-du-code-du-travail-a-haut-risque-juridique-selon-un-expert\/222350\/#primaryimage"},"thumbnailUrl":"https:\/\/www.webdo.tn\/fr\/wp-content\/uploads\/2025\/06\/ab70a8ce7f985be2fbd74740cf350205.webp","datePublished":"2025-06-02T20:00:00+00:00","dateModified":"2025-06-05T16:19:22+00:00","description":"La r\u00e9forme du Code du travail tunisien fait craindre un choc juridique. L\u2019expert Wassim Turki alerte sur les zones grises et les risques de contentieux.","breadcrumb":{"@id":"https:\/\/www.webdo.tn\/fr\/actualite\/national\/tunisie-une-reforme-du-code-du-travail-a-haut-risque-juridique-selon-un-expert\/222350\/#breadcrumb"},"inLanguage":"fr-FR","potentialAction":[{"@type":"ReadAction","target":["https:\/\/www.webdo.tn\/fr\/actualite\/national\/tunisie-une-reforme-du-code-du-travail-a-haut-risque-juridique-selon-un-expert\/222350\/"]}]},{"@type":"ImageObject","inLanguage":"fr-FR","@id":"https:\/\/www.webdo.tn\/fr\/actualite\/national\/tunisie-une-reforme-du-code-du-travail-a-haut-risque-juridique-selon-un-expert\/222350\/#primaryimage","url":"https:\/\/www.webdo.tn\/fr\/wp-content\/uploads\/2025\/06\/ab70a8ce7f985be2fbd74740cf350205.webp","contentUrl":"https:\/\/www.webdo.tn\/fr\/wp-content\/uploads\/2025\/06\/ab70a8ce7f985be2fbd74740cf350205.webp","width":750,"height":400,"caption":"Tunisie : une r\u00e9forme du Code du travail \u00e0 haut risque juridique, selon un expert"},{"@type":"BreadcrumbList","@id":"https:\/\/www.webdo.tn\/fr\/actualite\/national\/tunisie-une-reforme-du-code-du-travail-a-haut-risque-juridique-selon-un-expert\/222350\/#breadcrumb","itemListElement":[{"@type":"ListItem","position":1,"name":"Accueil","item":"https:\/\/www.webdo.tn\/fr\/"},{"@type":"ListItem","position":2,"name":"Tunisie : une r\u00e9forme du Code du travail \u00e0 haut risque juridique, selon un expert"}]},{"@type":"WebSite","@id":"https:\/\/www.webdo.tn\/fr\/#website","url":"https:\/\/www.webdo.tn\/fr\/","name":"webdo","description":"Tunisie - News en Tunisie et \u00e0 l&#039;international sur Webdo.tn","publisher":{"@id":"https:\/\/www.webdo.tn\/fr\/#organization"},"potentialAction":[{"@type":"SearchAction","target":{"@type":"EntryPoint","urlTemplate":"https:\/\/www.webdo.tn\/fr\/?s={search_term_string}"},"query-input":{"@type":"PropertyValueSpecification","valueRequired":true,"valueName":"search_term_string"}}],"inLanguage":"fr-FR"},{"@type":"Organization","@id":"https:\/\/www.webdo.tn\/fr\/#organization","name":"Webdo","alternateName":"Webdo.tn","url":"https:\/\/www.webdo.tn\/fr\/","logo":{"@type":"ImageObject","inLanguage":"fr-FR","@id":"https:\/\/www.webdo.tn\/fr\/#\/schema\/logo\/image\/","url":"https:\/\/www.webdo.tn\/fr\/wp-content\/uploads\/2025\/06\/Webdo-Tunisie_168377.jpg","contentUrl":"https:\/\/www.webdo.tn\/fr\/wp-content\/uploads\/2025\/06\/Webdo-Tunisie_168377.jpg","width":301,"height":301,"caption":"Webdo"},"image":{"@id":"https:\/\/www.webdo.tn\/fr\/#\/schema\/logo\/image\/"},"sameAs":["https:\/\/www.facebook.com\/webdotn","https:\/\/x.com\/webdo_tn"],"description":"Webdo est un m\u00e9dia num\u00e9rique tunisien fond\u00e9 en 2010, sp\u00e9cialis\u00e9 dans l\u2019actualit\u00e9 nationale et internationale, l\u2019\u00e9conomie, la soci\u00e9t\u00e9 et les analyses politiques. Le site s\u2019adresse \u00e0 un large public francophone et couvre l\u2019information tunisienne en temps r\u00e9el.","email":"redac@webdo.tn","legalName":"YNJ SARL","foundingDate":"2010-09-06","numberOfEmployees":{"@type":"QuantitativeValue","minValue":"11","maxValue":"50"}},{"@type":"Person","@id":"https:\/\/www.webdo.tn\/fr\/#\/schema\/person\/5663044c25eb36d8f88ba5b653f12f8c","name":"Ramzi Haddad","image":{"@type":"ImageObject","inLanguage":"fr-FR","@id":"https:\/\/www.webdo.tn\/fr\/wp-content\/uploads\/2026\/04\/ramzi-haddad_avatar-96x96.jpg","url":"https:\/\/www.webdo.tn\/fr\/wp-content\/uploads\/2026\/04\/ramzi-haddad_avatar-96x96.jpg","contentUrl":"https:\/\/www.webdo.tn\/fr\/wp-content\/uploads\/2026\/04\/ramzi-haddad_avatar-96x96.jpg","caption":"Ramzi Haddad"},"description":"Signature \u00e9ditoriale de Walid Ben Youssef Ramzi Haddad est le pseudonyme \u00e9ditorial de Walid Ben Youssef, fondateur et g\u00e9rant de Webdo.tn. Cette signature est d\u00e9di\u00e9e \u00e0 la couverture de l'actualit\u00e9 nationale et internationale, ainsi qu'aux analyses des dynamiques num\u00e9riques. Ce profil b\u00e9n\u00e9ficie de l'expertise de Walid Ben Youssef, pionnier du web en Tunisie depuis 2000 et dipl\u00f4m\u00e9 en Math\u00e9matiques pures de l'Universit\u00e9 d'Oregon. \u00c0 travers cette signature, la r\u00e9daction de Webdo garantit une information structur\u00e9e et v\u00e9rifi\u00e9e, fid\u00e8le aux standards journalistiques du m\u00e9dia.","url":"https:\/\/www.webdo.tn\/fr\/actualite\/author\/ramzi-haddad\/"}]}},"_links":{"self":[{"href":"https:\/\/www.webdo.tn\/fr\/wp-json\/wp\/v2\/posts\/222350","targetHints":{"allow":["GET"]}}],"collection":[{"href":"https:\/\/www.webdo.tn\/fr\/wp-json\/wp\/v2\/posts"}],"about":[{"href":"https:\/\/www.webdo.tn\/fr\/wp-json\/wp\/v2\/types\/post"}],"author":[{"embeddable":true,"href":"https:\/\/www.webdo.tn\/fr\/wp-json\/wp\/v2\/users\/3203"}],"replies":[{"embeddable":true,"href":"https:\/\/www.webdo.tn\/fr\/wp-json\/wp\/v2\/comments?post=222350"}],"version-history":[{"count":0,"href":"https:\/\/www.webdo.tn\/fr\/wp-json\/wp\/v2\/posts\/222350\/revisions"}],"wp:featuredmedia":[{"embeddable":true,"href":"https:\/\/www.webdo.tn\/fr\/wp-json\/wp\/v2\/media\/365962"}],"wp:attachment":[{"href":"https:\/\/www.webdo.tn\/fr\/wp-json\/wp\/v2\/media?parent=222350"}],"wp:term":[{"taxonomy":"category","embeddable":true,"href":"https:\/\/www.webdo.tn\/fr\/wp-json\/wp\/v2\/categories?post=222350"},{"taxonomy":"post_tag","embeddable":true,"href":"https:\/\/www.webdo.tn\/fr\/wp-json\/wp\/v2\/tags?post=222350"}],"curies":[{"name":"wp","href":"https:\/\/api.w.org\/{rel}","templated":true}]}}