{"id":222348,"date":"2025-06-02T19:03:00","date_gmt":"2025-06-02T19:03:00","guid":{"rendered":"https:\/\/www.webdo.tn\/fr\/actualite\/blog\/face-a-l-erosion-cotiere-la-tunisie-mise-sur-la-cooperation-regionale\/222348\/"},"modified":"2025-06-05T16:19:08","modified_gmt":"2025-06-05T16:19:08","slug":"face-a-l-erosion-cotiere-la-tunisie-mise-sur-la-cooperation-regionale","status":"publish","type":"post","link":"https:\/\/www.webdo.tn\/fr\/actualite\/national\/face-a-l-erosion-cotiere-la-tunisie-mise-sur-la-cooperation-regionale\/222348\/","title":{"rendered":"Face \u00e0 l&rsquo;\u00e9rosion c\u00f4ti\u00e8re, la Tunisie mise sur la coop\u00e9ration r\u00e9gionale"},"content":{"rendered":"<p>La Tunisie portera \u00e0 Nice, du 9 au 13 juin 2025, \u00e0 l\u2019occasion de la troisi\u00e8me Conf\u00e9rence des Nations unies sur les oc\u00e9ans (UNOC 3), une initiative r\u00e9gionale d\u2019une importance strat\u00e9gique : la cr\u00e9ation d\u2019une alliance m\u00e9diterran\u00e9enne contre l\u2019\u00e9l\u00e9vation du niveau de la mer. Cette annonce intervient alors que les \u00e9tudes les plus r\u00e9centes, men\u00e9es conjointement avec la Banque mondiale, placent la Tunisie en t\u00eate des pays m\u00e9diterran\u00e9ens les plus expos\u00e9s \u00e0 ce ph\u00e9nom\u00e8ne.<\/p>\n<p> Le ministre de l\u2019Environnement, Habib Abid, a indiqu\u00e9 que certaines des soixante \u00eeles tunisiennes pourraient perdre jusqu\u2019\u00e0 20 % de leur superficie dans les prochaines d\u00e9cennies. Le littoral national, qui s\u2019\u00e9tend sur plus de 1 300 kilom\u00e8tres, est \u00e9galement menac\u00e9 par l\u2019\u00e9rosion et les submersions marines r\u00e9currentes. Une vuln\u00e9rabilit\u00e9 aggrav\u00e9e par l\u2019urbanisation non ma\u00eetris\u00e9e et la d\u00e9gradation des \u00e9cosyst\u00e8mes naturels.<\/p>\n<p>L\u2019alliance que la Tunisie souhaite f\u00e9d\u00e9rer aurait pour vocation de mutualiser les expertises, de faciliter l\u2019acc\u00e8s aux financements internationaux, mais aussi d\u2019encourager des actions coordonn\u00e9es dans les domaines de la protection c\u00f4ti\u00e8re, de l\u2019adaptation des infrastructures et de la pr\u00e9servation de la biodiversit\u00e9 marine. \u00ab Il ne s\u2019agit plus de sonner l\u2019alarme, mais de construire une r\u00e9ponse politique et technique concert\u00e9e \u00bb, a d\u00e9clar\u00e9 Habib Abid, lors d\u2019une conf\u00e9rence organis\u00e9e \u00e0 Tunis.<\/p>\n<p>Cette diplomatie environnementale active s\u2019accompagne de plusieurs projets concrets. Un programme de lutte contre l\u2019\u00e9rosion est d\u00e9j\u00e0 en cours, en partenariat avec l\u2019Allemagne et les Pays-Bas, sur les plages du Nord-Ouest jusqu\u2019au Sud-Est. La Tunisie m\u00e8ne aussi des n\u00e9gociations pour convertir une partie de sa dette en investissements climatiques, \u00e0 l\u2019image du projet tuniso-italien de r\u00e9habilitation de stations d\u2019\u00e9puration.<\/p>\n<p>En septembre, une conf\u00e9rence sur l\u2019investissement climatique, co-organis\u00e9e avec le PNUD, devrait permettre \u00e0 Tunis de pr\u00e9senter un portefeuille de projets \u00ab bancables \u00bb, dans les domaines des \u00e9nergies propres, de la gestion des d\u00e9chets ou de la r\u00e9silience des territoires c\u00f4tiers.<\/p>\n<p>Dans une M\u00e9diterran\u00e9e particuli\u00e8rement expos\u00e9e au r\u00e9chauffement, l\u2019initiative tunisienne pourrait, si elle aboutit, constituer un tournant r\u00e9gional, m\u00ealant diplomatie climatique, coop\u00e9ration sud-sud et responsabilit\u00e9 partag\u00e9e. Un pari g\u00e9opolitique autant qu\u2019une urgence \u00e9cologique.<\/p>\n","protected":false},"excerpt":{"rendered":"<p>La Tunisie propose une alliance m\u00e9diterran\u00e9enne pour prot\u00e9ger ses c\u00f4tes contre la mont\u00e9e des eaux, mobiliser des financements et coordonner les r\u00e9ponses r\u00e9giona&#8230;<\/p>\n","protected":false},"author":3203,"featured_media":365959,"comment_status":"open","ping_status":"closed","sticky":false,"template":"","format":"standard","meta":{"footnotes":""},"categories":[44],"tags":[11641,4923,7411,2608],"class_list":["post-222348","post","type-post","status-publish","format-standard","has-post-thumbnail","hentry","category-national","tag-alliance-mediterraneenne","tag-climat","tag-elevation-du-niveau-de-la-mer","tag-tunisie"],"yoast_head":"<!-- This site is optimized with the Yoast SEO Premium plugin v27.5 (Yoast SEO v27.5) - https:\/\/yoast.com\/product\/yoast-seo-premium-wordpress\/ -->\n<title>Face \u00e0 l&#039;\u00e9rosion c\u00f4ti\u00e8re, la Tunisie mise sur la coop\u00e9ration r\u00e9gionale<\/title>\n<meta name=\"description\" content=\"La Tunisie propose une alliance m\u00e9diterran\u00e9enne pour prot\u00e9ger ses c\u00f4tes contre la mont\u00e9e des eaux, mobiliser des financements et coordonner les r\u00e9ponses r\u00e9giona...\" \/>\n<link rel=\"canonical\" href=\"https:\/\/www.webdo.tn\/fr\/actualite\/national\/face-a-l-erosion-cotiere-la-tunisie-mise-sur-la-cooperation-regionale\/222348\/\" \/>\n<meta property=\"og:locale\" content=\"fr_FR\" \/>\n<meta property=\"og:type\" content=\"article\" \/>\n<meta property=\"og:title\" content=\"Face \u00e0 l&#039;\u00e9rosion c\u00f4ti\u00e8re, la Tunisie mise sur la coop\u00e9ration r\u00e9gionale\" \/>\n<meta property=\"og:description\" content=\"La Tunisie propose une alliance m\u00e9diterran\u00e9enne pour prot\u00e9ger ses c\u00f4tes contre la mont\u00e9e des eaux, mobiliser des financements et coordonner les r\u00e9ponses r\u00e9giona...\" \/>\n<meta property=\"og:url\" content=\"https:\/\/www.webdo.tn\/fr\/actualite\/national\/face-a-l-erosion-cotiere-la-tunisie-mise-sur-la-cooperation-regionale\/222348\/\" \/>\n<meta property=\"og:site_name\" content=\"webdo\" \/>\n<meta property=\"article:publisher\" content=\"https:\/\/www.facebook.com\/webdotn\" \/>\n<meta property=\"article:published_time\" content=\"2025-06-02T19:03:00+00:00\" \/>\n<meta property=\"article:modified_time\" content=\"2025-06-05T16:19:08+00:00\" \/>\n<meta property=\"og:image\" content=\"https:\/\/www.webdo.tn\/fr\/wp-content\/uploads\/2025\/06\/f993ad5c008cade907c0b5dcb4d73269.webp\" \/>\n\t<meta property=\"og:image:width\" content=\"750\" \/>\n\t<meta property=\"og:image:height\" content=\"400\" \/>\n\t<meta property=\"og:image:type\" content=\"image\/webp\" \/>\n<meta name=\"author\" content=\"Ramzi Haddad\" \/>\n<meta name=\"twitter:card\" content=\"summary_large_image\" \/>\n<meta name=\"twitter:creator\" content=\"@webdo_tn\" \/>\n<meta name=\"twitter:site\" content=\"@webdo_tn\" \/>\n<meta name=\"twitter:label1\" content=\"\u00c9crit par\" \/>\n\t<meta name=\"twitter:data1\" content=\"Ramzi Haddad\" \/>\n\t<meta name=\"twitter:label2\" content=\"Dur\u00e9e de lecture estim\u00e9e\" \/>\n\t<meta name=\"twitter:data2\" content=\"2 minutes\" \/>\n<script type=\"application\/ld+json\" class=\"yoast-schema-graph\">{\"@context\":\"https:\\\/\\\/schema.org\",\"@graph\":[{\"@type\":\"NewsArticle\",\"@id\":\"https:\\\/\\\/www.webdo.tn\\\/fr\\\/actualite\\\/national\\\/face-a-l-erosion-cotiere-la-tunisie-mise-sur-la-cooperation-regionale\\\/222348\\\/#article\",\"isPartOf\":{\"@id\":\"https:\\\/\\\/www.webdo.tn\\\/fr\\\/actualite\\\/national\\\/face-a-l-erosion-cotiere-la-tunisie-mise-sur-la-cooperation-regionale\\\/222348\\\/\"},\"author\":{\"name\":\"Ramzi Haddad\",\"@id\":\"https:\\\/\\\/www.webdo.tn\\\/fr\\\/#\\\/schema\\\/person\\\/5663044c25eb36d8f88ba5b653f12f8c\"},\"headline\":\"Face \u00e0 l&rsquo;\u00e9rosion c\u00f4ti\u00e8re, la Tunisie mise sur la coop\u00e9ration r\u00e9gionale\",\"datePublished\":\"2025-06-02T19:03:00+00:00\",\"dateModified\":\"2025-06-05T16:19:08+00:00\",\"mainEntityOfPage\":{\"@id\":\"https:\\\/\\\/www.webdo.tn\\\/fr\\\/actualite\\\/national\\\/face-a-l-erosion-cotiere-la-tunisie-mise-sur-la-cooperation-regionale\\\/222348\\\/\"},\"wordCount\":417,\"commentCount\":0,\"publisher\":{\"@id\":\"https:\\\/\\\/www.webdo.tn\\\/fr\\\/#organization\"},\"image\":{\"@id\":\"https:\\\/\\\/www.webdo.tn\\\/fr\\\/actualite\\\/national\\\/face-a-l-erosion-cotiere-la-tunisie-mise-sur-la-cooperation-regionale\\\/222348\\\/#primaryimage\"},\"thumbnailUrl\":\"https:\\\/\\\/www.webdo.tn\\\/fr\\\/wp-content\\\/uploads\\\/2025\\\/06\\\/f993ad5c008cade907c0b5dcb4d73269.webp\",\"keywords\":[\"alliance m\u00e9diterran\u00e9enne\",\"climat\",\"El\u00e9vation du niveau de la mer\",\"Tunisie\"],\"articleSection\":[\"National\"],\"inLanguage\":\"fr-FR\"},{\"@type\":\"WebPage\",\"@id\":\"https:\\\/\\\/www.webdo.tn\\\/fr\\\/actualite\\\/national\\\/face-a-l-erosion-cotiere-la-tunisie-mise-sur-la-cooperation-regionale\\\/222348\\\/\",\"url\":\"https:\\\/\\\/www.webdo.tn\\\/fr\\\/actualite\\\/national\\\/face-a-l-erosion-cotiere-la-tunisie-mise-sur-la-cooperation-regionale\\\/222348\\\/\",\"name\":\"Face \u00e0 l'\u00e9rosion c\u00f4ti\u00e8re, la Tunisie mise sur la coop\u00e9ration r\u00e9gionale\",\"isPartOf\":{\"@id\":\"https:\\\/\\\/www.webdo.tn\\\/fr\\\/#website\"},\"primaryImageOfPage\":{\"@id\":\"https:\\\/\\\/www.webdo.tn\\\/fr\\\/actualite\\\/national\\\/face-a-l-erosion-cotiere-la-tunisie-mise-sur-la-cooperation-regionale\\\/222348\\\/#primaryimage\"},\"image\":{\"@id\":\"https:\\\/\\\/www.webdo.tn\\\/fr\\\/actualite\\\/national\\\/face-a-l-erosion-cotiere-la-tunisie-mise-sur-la-cooperation-regionale\\\/222348\\\/#primaryimage\"},\"thumbnailUrl\":\"https:\\\/\\\/www.webdo.tn\\\/fr\\\/wp-content\\\/uploads\\\/2025\\\/06\\\/f993ad5c008cade907c0b5dcb4d73269.webp\",\"datePublished\":\"2025-06-02T19:03:00+00:00\",\"dateModified\":\"2025-06-05T16:19:08+00:00\",\"description\":\"La Tunisie propose une alliance m\u00e9diterran\u00e9enne pour prot\u00e9ger ses c\u00f4tes contre la mont\u00e9e des eaux, mobiliser des financements et coordonner les r\u00e9ponses r\u00e9giona...\",\"breadcrumb\":{\"@id\":\"https:\\\/\\\/www.webdo.tn\\\/fr\\\/actualite\\\/national\\\/face-a-l-erosion-cotiere-la-tunisie-mise-sur-la-cooperation-regionale\\\/222348\\\/#breadcrumb\"},\"inLanguage\":\"fr-FR\",\"potentialAction\":[{\"@type\":\"ReadAction\",\"target\":[\"https:\\\/\\\/www.webdo.tn\\\/fr\\\/actualite\\\/national\\\/face-a-l-erosion-cotiere-la-tunisie-mise-sur-la-cooperation-regionale\\\/222348\\\/\"]}]},{\"@type\":\"ImageObject\",\"inLanguage\":\"fr-FR\",\"@id\":\"https:\\\/\\\/www.webdo.tn\\\/fr\\\/actualite\\\/national\\\/face-a-l-erosion-cotiere-la-tunisie-mise-sur-la-cooperation-regionale\\\/222348\\\/#primaryimage\",\"url\":\"https:\\\/\\\/www.webdo.tn\\\/fr\\\/wp-content\\\/uploads\\\/2025\\\/06\\\/f993ad5c008cade907c0b5dcb4d73269.webp\",\"contentUrl\":\"https:\\\/\\\/www.webdo.tn\\\/fr\\\/wp-content\\\/uploads\\\/2025\\\/06\\\/f993ad5c008cade907c0b5dcb4d73269.webp\",\"width\":750,\"height\":400,\"caption\":\"Face \u00e0 l'\u00e9rosion c\u00f4ti\u00e8re, la Tunisie mise sur la coop\u00e9ration r\u00e9gionale\"},{\"@type\":\"BreadcrumbList\",\"@id\":\"https:\\\/\\\/www.webdo.tn\\\/fr\\\/actualite\\\/national\\\/face-a-l-erosion-cotiere-la-tunisie-mise-sur-la-cooperation-regionale\\\/222348\\\/#breadcrumb\",\"itemListElement\":[{\"@type\":\"ListItem\",\"position\":1,\"name\":\"Accueil\",\"item\":\"https:\\\/\\\/www.webdo.tn\\\/fr\\\/\"},{\"@type\":\"ListItem\",\"position\":2,\"name\":\"Face \u00e0 l&rsquo;\u00e9rosion c\u00f4ti\u00e8re, la Tunisie mise sur la coop\u00e9ration r\u00e9gionale\"}]},{\"@type\":\"WebSite\",\"@id\":\"https:\\\/\\\/www.webdo.tn\\\/fr\\\/#website\",\"url\":\"https:\\\/\\\/www.webdo.tn\\\/fr\\\/\",\"name\":\"webdo\",\"description\":\"Tunisie - News en Tunisie et \u00e0 l&#039;international sur Webdo.tn\",\"publisher\":{\"@id\":\"https:\\\/\\\/www.webdo.tn\\\/fr\\\/#organization\"},\"potentialAction\":[{\"@type\":\"SearchAction\",\"target\":{\"@type\":\"EntryPoint\",\"urlTemplate\":\"https:\\\/\\\/www.webdo.tn\\\/fr\\\/?s={search_term_string}\"},\"query-input\":{\"@type\":\"PropertyValueSpecification\",\"valueRequired\":true,\"valueName\":\"search_term_string\"}}],\"inLanguage\":\"fr-FR\"},{\"@type\":\"Organization\",\"@id\":\"https:\\\/\\\/www.webdo.tn\\\/fr\\\/#organization\",\"name\":\"Webdo\",\"alternateName\":\"Webdo.tn\",\"url\":\"https:\\\/\\\/www.webdo.tn\\\/fr\\\/\",\"logo\":{\"@type\":\"ImageObject\",\"inLanguage\":\"fr-FR\",\"@id\":\"https:\\\/\\\/www.webdo.tn\\\/fr\\\/#\\\/schema\\\/logo\\\/image\\\/\",\"url\":\"https:\\\/\\\/www.webdo.tn\\\/fr\\\/wp-content\\\/uploads\\\/2025\\\/06\\\/Webdo-Tunisie_168377.jpg\",\"contentUrl\":\"https:\\\/\\\/www.webdo.tn\\\/fr\\\/wp-content\\\/uploads\\\/2025\\\/06\\\/Webdo-Tunisie_168377.jpg\",\"width\":301,\"height\":301,\"caption\":\"Webdo\"},\"image\":{\"@id\":\"https:\\\/\\\/www.webdo.tn\\\/fr\\\/#\\\/schema\\\/logo\\\/image\\\/\"},\"sameAs\":[\"https:\\\/\\\/www.facebook.com\\\/webdotn\",\"https:\\\/\\\/x.com\\\/webdo_tn\"],\"description\":\"Webdo est un m\u00e9dia num\u00e9rique tunisien fond\u00e9 en 2010, sp\u00e9cialis\u00e9 dans l\u2019actualit\u00e9 nationale et internationale, l\u2019\u00e9conomie, la soci\u00e9t\u00e9 et les analyses politiques. Le site s\u2019adresse \u00e0 un large public francophone et couvre l\u2019information tunisienne en temps r\u00e9el.\",\"email\":\"redac@webdo.tn\",\"legalName\":\"YNJ SARL\",\"foundingDate\":\"2010-09-06\",\"numberOfEmployees\":{\"@type\":\"QuantitativeValue\",\"minValue\":\"11\",\"maxValue\":\"50\"}},{\"@type\":\"Person\",\"@id\":\"https:\\\/\\\/www.webdo.tn\\\/fr\\\/#\\\/schema\\\/person\\\/5663044c25eb36d8f88ba5b653f12f8c\",\"name\":\"Ramzi Haddad\",\"image\":{\"@type\":\"ImageObject\",\"inLanguage\":\"fr-FR\",\"@id\":\"https:\\\/\\\/www.webdo.tn\\\/fr\\\/wp-content\\\/uploads\\\/2026\\\/04\\\/ramzi-haddad_avatar-96x96.jpg\",\"url\":\"https:\\\/\\\/www.webdo.tn\\\/fr\\\/wp-content\\\/uploads\\\/2026\\\/04\\\/ramzi-haddad_avatar-96x96.jpg\",\"contentUrl\":\"https:\\\/\\\/www.webdo.tn\\\/fr\\\/wp-content\\\/uploads\\\/2026\\\/04\\\/ramzi-haddad_avatar-96x96.jpg\",\"caption\":\"Ramzi Haddad\"},\"description\":\"Signature \u00e9ditoriale de Walid Ben Youssef Ramzi Haddad est le pseudonyme \u00e9ditorial de Walid Ben Youssef, fondateur et g\u00e9rant de Webdo.tn. Cette signature est d\u00e9di\u00e9e \u00e0 la couverture de l'actualit\u00e9 nationale et internationale, ainsi qu'aux analyses des dynamiques num\u00e9riques. Ce profil b\u00e9n\u00e9ficie de l'expertise de Walid Ben Youssef, pionnier du web en Tunisie depuis 2000 et dipl\u00f4m\u00e9 en Math\u00e9matiques pures de l'Universit\u00e9 d'Oregon. \u00c0 travers cette signature, la r\u00e9daction de Webdo garantit une information structur\u00e9e et v\u00e9rifi\u00e9e, fid\u00e8le aux standards journalistiques du m\u00e9dia.\",\"url\":\"https:\\\/\\\/www.webdo.tn\\\/fr\\\/actualite\\\/author\\\/ramzi-haddad\\\/\"}]}<\/script>\n<!-- \/ Yoast SEO Premium plugin. -->","yoast_head_json":{"title":"Face \u00e0 l'\u00e9rosion c\u00f4ti\u00e8re, la Tunisie mise sur la coop\u00e9ration r\u00e9gionale","description":"La Tunisie propose une alliance m\u00e9diterran\u00e9enne pour prot\u00e9ger ses c\u00f4tes contre la mont\u00e9e des eaux, mobiliser des financements et coordonner les r\u00e9ponses r\u00e9giona...","canonical":"https:\/\/www.webdo.tn\/fr\/actualite\/national\/face-a-l-erosion-cotiere-la-tunisie-mise-sur-la-cooperation-regionale\/222348\/","og_locale":"fr_FR","og_type":"article","og_title":"Face \u00e0 l'\u00e9rosion c\u00f4ti\u00e8re, la Tunisie mise sur la coop\u00e9ration r\u00e9gionale","og_description":"La Tunisie propose une alliance m\u00e9diterran\u00e9enne pour prot\u00e9ger ses c\u00f4tes contre la mont\u00e9e des eaux, mobiliser des financements et coordonner les r\u00e9ponses r\u00e9giona...","og_url":"https:\/\/www.webdo.tn\/fr\/actualite\/national\/face-a-l-erosion-cotiere-la-tunisie-mise-sur-la-cooperation-regionale\/222348\/","og_site_name":"webdo","article_publisher":"https:\/\/www.facebook.com\/webdotn","article_published_time":"2025-06-02T19:03:00+00:00","article_modified_time":"2025-06-05T16:19:08+00:00","og_image":[{"width":750,"height":400,"url":"https:\/\/www.webdo.tn\/fr\/wp-content\/uploads\/2025\/06\/f993ad5c008cade907c0b5dcb4d73269.webp","type":"image\/webp"}],"author":"Ramzi Haddad","twitter_card":"summary_large_image","twitter_creator":"@webdo_tn","twitter_site":"@webdo_tn","twitter_misc":{"\u00c9crit par":"Ramzi Haddad","Dur\u00e9e de lecture estim\u00e9e":"2 minutes"},"schema":{"@context":"https:\/\/schema.org","@graph":[{"@type":"NewsArticle","@id":"https:\/\/www.webdo.tn\/fr\/actualite\/national\/face-a-l-erosion-cotiere-la-tunisie-mise-sur-la-cooperation-regionale\/222348\/#article","isPartOf":{"@id":"https:\/\/www.webdo.tn\/fr\/actualite\/national\/face-a-l-erosion-cotiere-la-tunisie-mise-sur-la-cooperation-regionale\/222348\/"},"author":{"name":"Ramzi Haddad","@id":"https:\/\/www.webdo.tn\/fr\/#\/schema\/person\/5663044c25eb36d8f88ba5b653f12f8c"},"headline":"Face \u00e0 l&rsquo;\u00e9rosion c\u00f4ti\u00e8re, la Tunisie mise sur la coop\u00e9ration r\u00e9gionale","datePublished":"2025-06-02T19:03:00+00:00","dateModified":"2025-06-05T16:19:08+00:00","mainEntityOfPage":{"@id":"https:\/\/www.webdo.tn\/fr\/actualite\/national\/face-a-l-erosion-cotiere-la-tunisie-mise-sur-la-cooperation-regionale\/222348\/"},"wordCount":417,"commentCount":0,"publisher":{"@id":"https:\/\/www.webdo.tn\/fr\/#organization"},"image":{"@id":"https:\/\/www.webdo.tn\/fr\/actualite\/national\/face-a-l-erosion-cotiere-la-tunisie-mise-sur-la-cooperation-regionale\/222348\/#primaryimage"},"thumbnailUrl":"https:\/\/www.webdo.tn\/fr\/wp-content\/uploads\/2025\/06\/f993ad5c008cade907c0b5dcb4d73269.webp","keywords":["alliance m\u00e9diterran\u00e9enne","climat","El\u00e9vation du niveau de la mer","Tunisie"],"articleSection":["National"],"inLanguage":"fr-FR"},{"@type":"WebPage","@id":"https:\/\/www.webdo.tn\/fr\/actualite\/national\/face-a-l-erosion-cotiere-la-tunisie-mise-sur-la-cooperation-regionale\/222348\/","url":"https:\/\/www.webdo.tn\/fr\/actualite\/national\/face-a-l-erosion-cotiere-la-tunisie-mise-sur-la-cooperation-regionale\/222348\/","name":"Face \u00e0 l'\u00e9rosion c\u00f4ti\u00e8re, la Tunisie mise sur la coop\u00e9ration r\u00e9gionale","isPartOf":{"@id":"https:\/\/www.webdo.tn\/fr\/#website"},"primaryImageOfPage":{"@id":"https:\/\/www.webdo.tn\/fr\/actualite\/national\/face-a-l-erosion-cotiere-la-tunisie-mise-sur-la-cooperation-regionale\/222348\/#primaryimage"},"image":{"@id":"https:\/\/www.webdo.tn\/fr\/actualite\/national\/face-a-l-erosion-cotiere-la-tunisie-mise-sur-la-cooperation-regionale\/222348\/#primaryimage"},"thumbnailUrl":"https:\/\/www.webdo.tn\/fr\/wp-content\/uploads\/2025\/06\/f993ad5c008cade907c0b5dcb4d73269.webp","datePublished":"2025-06-02T19:03:00+00:00","dateModified":"2025-06-05T16:19:08+00:00","description":"La Tunisie propose une alliance m\u00e9diterran\u00e9enne pour prot\u00e9ger ses c\u00f4tes contre la mont\u00e9e des eaux, mobiliser des financements et coordonner les r\u00e9ponses r\u00e9giona...","breadcrumb":{"@id":"https:\/\/www.webdo.tn\/fr\/actualite\/national\/face-a-l-erosion-cotiere-la-tunisie-mise-sur-la-cooperation-regionale\/222348\/#breadcrumb"},"inLanguage":"fr-FR","potentialAction":[{"@type":"ReadAction","target":["https:\/\/www.webdo.tn\/fr\/actualite\/national\/face-a-l-erosion-cotiere-la-tunisie-mise-sur-la-cooperation-regionale\/222348\/"]}]},{"@type":"ImageObject","inLanguage":"fr-FR","@id":"https:\/\/www.webdo.tn\/fr\/actualite\/national\/face-a-l-erosion-cotiere-la-tunisie-mise-sur-la-cooperation-regionale\/222348\/#primaryimage","url":"https:\/\/www.webdo.tn\/fr\/wp-content\/uploads\/2025\/06\/f993ad5c008cade907c0b5dcb4d73269.webp","contentUrl":"https:\/\/www.webdo.tn\/fr\/wp-content\/uploads\/2025\/06\/f993ad5c008cade907c0b5dcb4d73269.webp","width":750,"height":400,"caption":"Face \u00e0 l'\u00e9rosion c\u00f4ti\u00e8re, la Tunisie mise sur la coop\u00e9ration r\u00e9gionale"},{"@type":"BreadcrumbList","@id":"https:\/\/www.webdo.tn\/fr\/actualite\/national\/face-a-l-erosion-cotiere-la-tunisie-mise-sur-la-cooperation-regionale\/222348\/#breadcrumb","itemListElement":[{"@type":"ListItem","position":1,"name":"Accueil","item":"https:\/\/www.webdo.tn\/fr\/"},{"@type":"ListItem","position":2,"name":"Face \u00e0 l&rsquo;\u00e9rosion c\u00f4ti\u00e8re, la Tunisie mise sur la coop\u00e9ration r\u00e9gionale"}]},{"@type":"WebSite","@id":"https:\/\/www.webdo.tn\/fr\/#website","url":"https:\/\/www.webdo.tn\/fr\/","name":"webdo","description":"Tunisie - News en Tunisie et \u00e0 l&#039;international sur Webdo.tn","publisher":{"@id":"https:\/\/www.webdo.tn\/fr\/#organization"},"potentialAction":[{"@type":"SearchAction","target":{"@type":"EntryPoint","urlTemplate":"https:\/\/www.webdo.tn\/fr\/?s={search_term_string}"},"query-input":{"@type":"PropertyValueSpecification","valueRequired":true,"valueName":"search_term_string"}}],"inLanguage":"fr-FR"},{"@type":"Organization","@id":"https:\/\/www.webdo.tn\/fr\/#organization","name":"Webdo","alternateName":"Webdo.tn","url":"https:\/\/www.webdo.tn\/fr\/","logo":{"@type":"ImageObject","inLanguage":"fr-FR","@id":"https:\/\/www.webdo.tn\/fr\/#\/schema\/logo\/image\/","url":"https:\/\/www.webdo.tn\/fr\/wp-content\/uploads\/2025\/06\/Webdo-Tunisie_168377.jpg","contentUrl":"https:\/\/www.webdo.tn\/fr\/wp-content\/uploads\/2025\/06\/Webdo-Tunisie_168377.jpg","width":301,"height":301,"caption":"Webdo"},"image":{"@id":"https:\/\/www.webdo.tn\/fr\/#\/schema\/logo\/image\/"},"sameAs":["https:\/\/www.facebook.com\/webdotn","https:\/\/x.com\/webdo_tn"],"description":"Webdo est un m\u00e9dia num\u00e9rique tunisien fond\u00e9 en 2010, sp\u00e9cialis\u00e9 dans l\u2019actualit\u00e9 nationale et internationale, l\u2019\u00e9conomie, la soci\u00e9t\u00e9 et les analyses politiques. Le site s\u2019adresse \u00e0 un large public francophone et couvre l\u2019information tunisienne en temps r\u00e9el.","email":"redac@webdo.tn","legalName":"YNJ SARL","foundingDate":"2010-09-06","numberOfEmployees":{"@type":"QuantitativeValue","minValue":"11","maxValue":"50"}},{"@type":"Person","@id":"https:\/\/www.webdo.tn\/fr\/#\/schema\/person\/5663044c25eb36d8f88ba5b653f12f8c","name":"Ramzi Haddad","image":{"@type":"ImageObject","inLanguage":"fr-FR","@id":"https:\/\/www.webdo.tn\/fr\/wp-content\/uploads\/2026\/04\/ramzi-haddad_avatar-96x96.jpg","url":"https:\/\/www.webdo.tn\/fr\/wp-content\/uploads\/2026\/04\/ramzi-haddad_avatar-96x96.jpg","contentUrl":"https:\/\/www.webdo.tn\/fr\/wp-content\/uploads\/2026\/04\/ramzi-haddad_avatar-96x96.jpg","caption":"Ramzi Haddad"},"description":"Signature \u00e9ditoriale de Walid Ben Youssef Ramzi Haddad est le pseudonyme \u00e9ditorial de Walid Ben Youssef, fondateur et g\u00e9rant de Webdo.tn. Cette signature est d\u00e9di\u00e9e \u00e0 la couverture de l'actualit\u00e9 nationale et internationale, ainsi qu'aux analyses des dynamiques num\u00e9riques. Ce profil b\u00e9n\u00e9ficie de l'expertise de Walid Ben Youssef, pionnier du web en Tunisie depuis 2000 et dipl\u00f4m\u00e9 en Math\u00e9matiques pures de l'Universit\u00e9 d'Oregon. \u00c0 travers cette signature, la r\u00e9daction de Webdo garantit une information structur\u00e9e et v\u00e9rifi\u00e9e, fid\u00e8le aux standards journalistiques du m\u00e9dia.","url":"https:\/\/www.webdo.tn\/fr\/actualite\/author\/ramzi-haddad\/"}]}},"_links":{"self":[{"href":"https:\/\/www.webdo.tn\/fr\/wp-json\/wp\/v2\/posts\/222348","targetHints":{"allow":["GET"]}}],"collection":[{"href":"https:\/\/www.webdo.tn\/fr\/wp-json\/wp\/v2\/posts"}],"about":[{"href":"https:\/\/www.webdo.tn\/fr\/wp-json\/wp\/v2\/types\/post"}],"author":[{"embeddable":true,"href":"https:\/\/www.webdo.tn\/fr\/wp-json\/wp\/v2\/users\/3203"}],"replies":[{"embeddable":true,"href":"https:\/\/www.webdo.tn\/fr\/wp-json\/wp\/v2\/comments?post=222348"}],"version-history":[{"count":0,"href":"https:\/\/www.webdo.tn\/fr\/wp-json\/wp\/v2\/posts\/222348\/revisions"}],"wp:featuredmedia":[{"embeddable":true,"href":"https:\/\/www.webdo.tn\/fr\/wp-json\/wp\/v2\/media\/365959"}],"wp:attachment":[{"href":"https:\/\/www.webdo.tn\/fr\/wp-json\/wp\/v2\/media?parent=222348"}],"wp:term":[{"taxonomy":"category","embeddable":true,"href":"https:\/\/www.webdo.tn\/fr\/wp-json\/wp\/v2\/categories?post=222348"},{"taxonomy":"post_tag","embeddable":true,"href":"https:\/\/www.webdo.tn\/fr\/wp-json\/wp\/v2\/tags?post=222348"}],"curies":[{"name":"wp","href":"https:\/\/api.w.org\/{rel}","templated":true}]}}