{"id":222345,"date":"2025-06-02T15:42:00","date_gmt":"2025-06-02T15:42:00","guid":{"rendered":"https:\/\/www.webdo.tn\/fr\/actualite\/blog\/climat-la-mer-grignote-les-iles-tunisiennes\/222345\/"},"modified":"2025-06-05T16:19:11","modified_gmt":"2025-06-05T16:19:11","slug":"climat-la-mer-grignote-les-iles-tunisiennes","status":"publish","type":"post","link":"https:\/\/www.webdo.tn\/fr\/actualite\/national\/climat-la-mer-grignote-les-iles-tunisiennes\/222345\/","title":{"rendered":"Climat : La mer grignote les \u00eeles tunisiennes"},"content":{"rendered":"<p>Face \u00e0 l\u2019\u00e9l\u00e9vation du niveau de la mer, \u00e0 la perte de biodiversit\u00e9 et \u00e0 la d\u00e9gradation acc\u00e9l\u00e9r\u00e9e de l\u2019environnement, la Tunisie tire la sonnette d\u2019alarme. \u00c0 la veille de la conf\u00e9rence des Nations Unies sur l\u2019Oc\u00e9an \u00e0 Nice, le ministre de l\u2019Environnement Habib Abid appelle \u00e0 la cr\u00e9ation d\u2019un front commun entre les pays m\u00e9diterran\u00e9ens pour prot\u00e9ger la r\u00e9gion des cons\u00e9quences du changement climatique.<\/p>\n<p> Alors que les effets du changement climatique deviennent de plus en plus visibles en M\u00e9diterran\u00e9e, la Tunisie tire la sonnette d\u2019alarme. Le ministre de l\u2019Environnement, Habib Abid, a annonc\u00e9 que la Tunisie participera activement \u00e0 la conf\u00e9rence des Nations Unies sur l\u2019Oc\u00e9an, qui se tiendra \u00e0 Nice du 9 au 13 juin 2025, avec un objectif clair : construire une alliance m\u00e9diterran\u00e9enne pour faire front commun contre les menaces climatiques.<\/p>\n<p>Des pertes imminentes sur les \u00eeles tunisiennes<\/p>\n<p>Selon les derni\u00e8res donn\u00e9es, certaines des 60 \u00eeles tunisiennes risquent de perdre jusqu\u2019\u00e0 20% de leur superficie dans les ann\u00e9es \u00e0 venir \u00e0 cause de l\u2019\u00e9l\u00e9vation du niveau de la mer. Une \u00e9tude men\u00e9e avec la Banque mondiale classe d\u2019ailleurs la Tunisie comme le pays m\u00e9diterran\u00e9en le plus expos\u00e9 \u00e0 ce ph\u00e9nom\u00e8ne.<\/p>\n<p>\u00c0 cela s\u2019ajoutent 400 kilom\u00e8tres de c\u00f4tes menac\u00e9es, une biodiversit\u00e9 en recul et une d\u00e9sertification galopante. \u00ab Nous avons perdu 30 \u00e0 40 ans d\u2019efforts dans la reconstitution de notre patrimoine naturel \u00bb, a d\u00e9plor\u00e9 Habib Abid lors de la conf\u00e9rence nationale tenue le 2 juin \u00e0 Tunis, intitul\u00e9e \u00ab La Tunisie face \u00e0 la triple crise plan\u00e9taire \u00bb.<\/p>\n<p>Vers une diplomatie climatique plus offensive<\/p>\n<p>Pour le ministre, cette alliance r\u00e9gionale ne vise pas uniquement \u00e0 \u00e9changer les expertises et renforcer les coop\u00e9rations techniques, mais aussi \u00e0 acc\u00e9der \u00e0 des financements internationaux pour la mise en \u0153uvre de projets concrets, notamment pour la protection du littoral, la pr\u00e9vention des inondations et la lutte contre l\u2019\u00e9rosion.<\/p>\n<p>Habib Abid a \u00e9galement soulign\u00e9 l\u2019importance de mobiliser la diplomatie tunisienne, estimant que la crise climatique n\u2019est plus un sujet p\u00e9riph\u00e9rique, mais une priorit\u00e9 g\u00e9ostrat\u00e9gique. Il a appel\u00e9 les pays voisins \u00e0 s\u2019unir face \u00e0 une menace commune, dans un esprit de solidarit\u00e9 environnementale.<\/p>\n<p>La conf\u00e9rence de Nice pourrait marquer un tournant. La Tunisie y portera la voix des pays les plus vuln\u00e9rables en M\u00e9diterran\u00e9e, en appelant \u00e0 une coordination r\u00e9gionale renforc\u00e9e, mais aussi \u00e0 une reconnaissance accrue de l\u2019injustice climatique que subissent des pays qui, comme elle, contribuent peu aux \u00e9missions mondiales mais en subissent lourdement les cons\u00e9quences.<\/p>\n","protected":false},"excerpt":{"rendered":"<p>Le ministre de l\u2019Environnement Habib Abid alerte : la Tunisie risque de perdre 20 % de la superficie de certaines \u00eeles. \u00c0 la conf\u00e9rence de l\u2019ONU sur l\u2019Oc\u00e9an, la&#8230;<\/p>\n","protected":false},"author":3162,"featured_media":365957,"comment_status":"open","ping_status":"closed","sticky":false,"template":"","format":"standard","meta":{"footnotes":""},"categories":[44],"tags":[4923,2882,11638,11639,2608],"class_list":["post-222345","post","type-post","status-publish","format-standard","has-post-thumbnail","hentry","category-national","tag-climat","tag-environnement","tag-iles","tag-niveau-de-la-mer","tag-tunisie"],"yoast_head":"<!-- This site is optimized with the Yoast SEO Premium plugin v27.5 (Yoast SEO v27.5) - https:\/\/yoast.com\/product\/yoast-seo-premium-wordpress\/ -->\n<title>Climat : La mer grignote les \u00eeles tunisiennes<\/title>\n<meta name=\"description\" content=\"Le ministre de l\u2019Environnement Habib Abid alerte : la Tunisie risque de perdre 20 % de la superficie de certaines \u00eeles. \u00c0 la conf\u00e9rence de l\u2019ONU sur l\u2019Oc\u00e9an, la...\" \/>\n<link rel=\"canonical\" href=\"https:\/\/www.webdo.tn\/fr\/actualite\/national\/climat-la-mer-grignote-les-iles-tunisiennes\/222345\/\" \/>\n<meta property=\"og:locale\" content=\"fr_FR\" \/>\n<meta property=\"og:type\" content=\"article\" \/>\n<meta property=\"og:title\" content=\"Climat : La mer grignote les \u00eeles tunisiennes\" \/>\n<meta property=\"og:description\" content=\"Le ministre de l\u2019Environnement Habib Abid alerte : la Tunisie risque de perdre 20 % de la superficie de certaines \u00eeles. \u00c0 la conf\u00e9rence de l\u2019ONU sur l\u2019Oc\u00e9an, la...\" \/>\n<meta property=\"og:url\" content=\"https:\/\/www.webdo.tn\/fr\/actualite\/national\/climat-la-mer-grignote-les-iles-tunisiennes\/222345\/\" \/>\n<meta property=\"og:site_name\" content=\"webdo\" \/>\n<meta property=\"article:publisher\" content=\"https:\/\/www.facebook.com\/webdotn\" \/>\n<meta property=\"article:published_time\" content=\"2025-06-02T15:42:00+00:00\" \/>\n<meta property=\"article:modified_time\" content=\"2025-06-05T16:19:11+00:00\" \/>\n<meta property=\"og:image\" content=\"https:\/\/www.webdo.tn\/fr\/wp-content\/uploads\/2025\/06\/8e3f0ccc178a219ff50f7519c45f2a03.webp\" \/>\n\t<meta property=\"og:image:width\" content=\"750\" \/>\n\t<meta property=\"og:image:height\" content=\"400\" \/>\n\t<meta property=\"og:image:type\" content=\"image\/webp\" \/>\n<meta name=\"author\" content=\"MC\" \/>\n<meta name=\"twitter:card\" content=\"summary_large_image\" \/>\n<meta name=\"twitter:creator\" content=\"@webdo_tn\" \/>\n<meta name=\"twitter:site\" content=\"@webdo_tn\" \/>\n<meta name=\"twitter:label1\" content=\"\u00c9crit par\" \/>\n\t<meta name=\"twitter:data1\" content=\"MC\" \/>\n\t<meta name=\"twitter:label2\" content=\"Dur\u00e9e de lecture estim\u00e9e\" \/>\n\t<meta name=\"twitter:data2\" content=\"2 minutes\" \/>\n<script type=\"application\/ld+json\" class=\"yoast-schema-graph\">{\"@context\":\"https:\\\/\\\/schema.org\",\"@graph\":[{\"@type\":\"NewsArticle\",\"@id\":\"https:\\\/\\\/www.webdo.tn\\\/fr\\\/actualite\\\/national\\\/climat-la-mer-grignote-les-iles-tunisiennes\\\/222345\\\/#article\",\"isPartOf\":{\"@id\":\"https:\\\/\\\/www.webdo.tn\\\/fr\\\/actualite\\\/national\\\/climat-la-mer-grignote-les-iles-tunisiennes\\\/222345\\\/\"},\"author\":{\"name\":\"MC\",\"@id\":\"https:\\\/\\\/www.webdo.tn\\\/fr\\\/#\\\/schema\\\/person\\\/2c4929cbf5a809e3bd38617c6ce150f6\"},\"headline\":\"Climat : La mer grignote les \u00eeles tunisiennes\",\"datePublished\":\"2025-06-02T15:42:00+00:00\",\"dateModified\":\"2025-06-05T16:19:11+00:00\",\"mainEntityOfPage\":{\"@id\":\"https:\\\/\\\/www.webdo.tn\\\/fr\\\/actualite\\\/national\\\/climat-la-mer-grignote-les-iles-tunisiennes\\\/222345\\\/\"},\"wordCount\":448,\"commentCount\":0,\"publisher\":{\"@id\":\"https:\\\/\\\/www.webdo.tn\\\/fr\\\/#organization\"},\"image\":{\"@id\":\"https:\\\/\\\/www.webdo.tn\\\/fr\\\/actualite\\\/national\\\/climat-la-mer-grignote-les-iles-tunisiennes\\\/222345\\\/#primaryimage\"},\"thumbnailUrl\":\"https:\\\/\\\/www.webdo.tn\\\/fr\\\/wp-content\\\/uploads\\\/2025\\\/06\\\/8e3f0ccc178a219ff50f7519c45f2a03.webp\",\"keywords\":[\"climat\",\"environnement\",\"\u00eeles\",\"niveau de la mer\",\"Tunisie\"],\"articleSection\":[\"National\"],\"inLanguage\":\"fr-FR\"},{\"@type\":\"WebPage\",\"@id\":\"https:\\\/\\\/www.webdo.tn\\\/fr\\\/actualite\\\/national\\\/climat-la-mer-grignote-les-iles-tunisiennes\\\/222345\\\/\",\"url\":\"https:\\\/\\\/www.webdo.tn\\\/fr\\\/actualite\\\/national\\\/climat-la-mer-grignote-les-iles-tunisiennes\\\/222345\\\/\",\"name\":\"Climat : La mer grignote les \u00eeles tunisiennes\",\"isPartOf\":{\"@id\":\"https:\\\/\\\/www.webdo.tn\\\/fr\\\/#website\"},\"primaryImageOfPage\":{\"@id\":\"https:\\\/\\\/www.webdo.tn\\\/fr\\\/actualite\\\/national\\\/climat-la-mer-grignote-les-iles-tunisiennes\\\/222345\\\/#primaryimage\"},\"image\":{\"@id\":\"https:\\\/\\\/www.webdo.tn\\\/fr\\\/actualite\\\/national\\\/climat-la-mer-grignote-les-iles-tunisiennes\\\/222345\\\/#primaryimage\"},\"thumbnailUrl\":\"https:\\\/\\\/www.webdo.tn\\\/fr\\\/wp-content\\\/uploads\\\/2025\\\/06\\\/8e3f0ccc178a219ff50f7519c45f2a03.webp\",\"datePublished\":\"2025-06-02T15:42:00+00:00\",\"dateModified\":\"2025-06-05T16:19:11+00:00\",\"description\":\"Le ministre de l\u2019Environnement Habib Abid alerte : la Tunisie risque de perdre 20 % de la superficie de certaines \u00eeles. \u00c0 la conf\u00e9rence de l\u2019ONU sur l\u2019Oc\u00e9an, la...\",\"breadcrumb\":{\"@id\":\"https:\\\/\\\/www.webdo.tn\\\/fr\\\/actualite\\\/national\\\/climat-la-mer-grignote-les-iles-tunisiennes\\\/222345\\\/#breadcrumb\"},\"inLanguage\":\"fr-FR\",\"potentialAction\":[{\"@type\":\"ReadAction\",\"target\":[\"https:\\\/\\\/www.webdo.tn\\\/fr\\\/actualite\\\/national\\\/climat-la-mer-grignote-les-iles-tunisiennes\\\/222345\\\/\"]}]},{\"@type\":\"ImageObject\",\"inLanguage\":\"fr-FR\",\"@id\":\"https:\\\/\\\/www.webdo.tn\\\/fr\\\/actualite\\\/national\\\/climat-la-mer-grignote-les-iles-tunisiennes\\\/222345\\\/#primaryimage\",\"url\":\"https:\\\/\\\/www.webdo.tn\\\/fr\\\/wp-content\\\/uploads\\\/2025\\\/06\\\/8e3f0ccc178a219ff50f7519c45f2a03.webp\",\"contentUrl\":\"https:\\\/\\\/www.webdo.tn\\\/fr\\\/wp-content\\\/uploads\\\/2025\\\/06\\\/8e3f0ccc178a219ff50f7519c45f2a03.webp\",\"width\":750,\"height\":400,\"caption\":\"Climat : La mer grignote les \u00eeles tunisiennes\"},{\"@type\":\"BreadcrumbList\",\"@id\":\"https:\\\/\\\/www.webdo.tn\\\/fr\\\/actualite\\\/national\\\/climat-la-mer-grignote-les-iles-tunisiennes\\\/222345\\\/#breadcrumb\",\"itemListElement\":[{\"@type\":\"ListItem\",\"position\":1,\"name\":\"Accueil\",\"item\":\"https:\\\/\\\/www.webdo.tn\\\/fr\\\/\"},{\"@type\":\"ListItem\",\"position\":2,\"name\":\"Climat : La mer grignote les \u00eeles tunisiennes\"}]},{\"@type\":\"WebSite\",\"@id\":\"https:\\\/\\\/www.webdo.tn\\\/fr\\\/#website\",\"url\":\"https:\\\/\\\/www.webdo.tn\\\/fr\\\/\",\"name\":\"webdo\",\"description\":\"Tunisie - News en Tunisie et \u00e0 l&#039;international sur Webdo.tn\",\"publisher\":{\"@id\":\"https:\\\/\\\/www.webdo.tn\\\/fr\\\/#organization\"},\"potentialAction\":[{\"@type\":\"SearchAction\",\"target\":{\"@type\":\"EntryPoint\",\"urlTemplate\":\"https:\\\/\\\/www.webdo.tn\\\/fr\\\/?s={search_term_string}\"},\"query-input\":{\"@type\":\"PropertyValueSpecification\",\"valueRequired\":true,\"valueName\":\"search_term_string\"}}],\"inLanguage\":\"fr-FR\"},{\"@type\":\"Organization\",\"@id\":\"https:\\\/\\\/www.webdo.tn\\\/fr\\\/#organization\",\"name\":\"Webdo\",\"alternateName\":\"Webdo.tn\",\"url\":\"https:\\\/\\\/www.webdo.tn\\\/fr\\\/\",\"logo\":{\"@type\":\"ImageObject\",\"inLanguage\":\"fr-FR\",\"@id\":\"https:\\\/\\\/www.webdo.tn\\\/fr\\\/#\\\/schema\\\/logo\\\/image\\\/\",\"url\":\"https:\\\/\\\/www.webdo.tn\\\/fr\\\/wp-content\\\/uploads\\\/2025\\\/06\\\/Webdo-Tunisie_168377.jpg\",\"contentUrl\":\"https:\\\/\\\/www.webdo.tn\\\/fr\\\/wp-content\\\/uploads\\\/2025\\\/06\\\/Webdo-Tunisie_168377.jpg\",\"width\":301,\"height\":301,\"caption\":\"Webdo\"},\"image\":{\"@id\":\"https:\\\/\\\/www.webdo.tn\\\/fr\\\/#\\\/schema\\\/logo\\\/image\\\/\"},\"sameAs\":[\"https:\\\/\\\/www.facebook.com\\\/webdotn\",\"https:\\\/\\\/x.com\\\/webdo_tn\"],\"description\":\"Webdo est un m\u00e9dia num\u00e9rique tunisien fond\u00e9 en 2010, sp\u00e9cialis\u00e9 dans l\u2019actualit\u00e9 nationale et internationale, l\u2019\u00e9conomie, la soci\u00e9t\u00e9 et les analyses politiques. Le site s\u2019adresse \u00e0 un large public francophone et couvre l\u2019information tunisienne en temps r\u00e9el.\",\"email\":\"redac@webdo.tn\",\"legalName\":\"YNJ SARL\",\"foundingDate\":\"2010-09-06\",\"numberOfEmployees\":{\"@type\":\"QuantitativeValue\",\"minValue\":\"11\",\"maxValue\":\"50\"}},{\"@type\":\"Person\",\"@id\":\"https:\\\/\\\/www.webdo.tn\\\/fr\\\/#\\\/schema\\\/person\\\/2c4929cbf5a809e3bd38617c6ce150f6\",\"name\":\"MC\",\"image\":{\"@type\":\"ImageObject\",\"inLanguage\":\"fr-FR\",\"@id\":\"https:\\\/\\\/secure.gravatar.com\\\/avatar\\\/a545bbb6f84efdd5553dbbc2895e3ca8f1d12c5215e00a041c9670b54aa9b18a?s=96&d=mm&r=g\",\"url\":\"https:\\\/\\\/secure.gravatar.com\\\/avatar\\\/a545bbb6f84efdd5553dbbc2895e3ca8f1d12c5215e00a041c9670b54aa9b18a?s=96&d=mm&r=g\",\"contentUrl\":\"https:\\\/\\\/secure.gravatar.com\\\/avatar\\\/a545bbb6f84efdd5553dbbc2895e3ca8f1d12c5215e00a041c9670b54aa9b18a?s=96&d=mm&r=g\",\"caption\":\"MC\"},\"url\":\"https:\\\/\\\/www.webdo.tn\\\/fr\\\/actualite\\\/author\\\/mc\\\/\"}]}<\/script>\n<!-- \/ Yoast SEO Premium plugin. -->","yoast_head_json":{"title":"Climat : La mer grignote les \u00eeles tunisiennes","description":"Le ministre de l\u2019Environnement Habib Abid alerte : la Tunisie risque de perdre 20 % de la superficie de certaines \u00eeles. \u00c0 la conf\u00e9rence de l\u2019ONU sur l\u2019Oc\u00e9an, la...","canonical":"https:\/\/www.webdo.tn\/fr\/actualite\/national\/climat-la-mer-grignote-les-iles-tunisiennes\/222345\/","og_locale":"fr_FR","og_type":"article","og_title":"Climat : La mer grignote les \u00eeles tunisiennes","og_description":"Le ministre de l\u2019Environnement Habib Abid alerte : la Tunisie risque de perdre 20 % de la superficie de certaines \u00eeles. \u00c0 la conf\u00e9rence de l\u2019ONU sur l\u2019Oc\u00e9an, la...","og_url":"https:\/\/www.webdo.tn\/fr\/actualite\/national\/climat-la-mer-grignote-les-iles-tunisiennes\/222345\/","og_site_name":"webdo","article_publisher":"https:\/\/www.facebook.com\/webdotn","article_published_time":"2025-06-02T15:42:00+00:00","article_modified_time":"2025-06-05T16:19:11+00:00","og_image":[{"width":750,"height":400,"url":"https:\/\/www.webdo.tn\/fr\/wp-content\/uploads\/2025\/06\/8e3f0ccc178a219ff50f7519c45f2a03.webp","type":"image\/webp"}],"author":"MC","twitter_card":"summary_large_image","twitter_creator":"@webdo_tn","twitter_site":"@webdo_tn","twitter_misc":{"\u00c9crit par":"MC","Dur\u00e9e de lecture estim\u00e9e":"2 minutes"},"schema":{"@context":"https:\/\/schema.org","@graph":[{"@type":"NewsArticle","@id":"https:\/\/www.webdo.tn\/fr\/actualite\/national\/climat-la-mer-grignote-les-iles-tunisiennes\/222345\/#article","isPartOf":{"@id":"https:\/\/www.webdo.tn\/fr\/actualite\/national\/climat-la-mer-grignote-les-iles-tunisiennes\/222345\/"},"author":{"name":"MC","@id":"https:\/\/www.webdo.tn\/fr\/#\/schema\/person\/2c4929cbf5a809e3bd38617c6ce150f6"},"headline":"Climat : La mer grignote les \u00eeles tunisiennes","datePublished":"2025-06-02T15:42:00+00:00","dateModified":"2025-06-05T16:19:11+00:00","mainEntityOfPage":{"@id":"https:\/\/www.webdo.tn\/fr\/actualite\/national\/climat-la-mer-grignote-les-iles-tunisiennes\/222345\/"},"wordCount":448,"commentCount":0,"publisher":{"@id":"https:\/\/www.webdo.tn\/fr\/#organization"},"image":{"@id":"https:\/\/www.webdo.tn\/fr\/actualite\/national\/climat-la-mer-grignote-les-iles-tunisiennes\/222345\/#primaryimage"},"thumbnailUrl":"https:\/\/www.webdo.tn\/fr\/wp-content\/uploads\/2025\/06\/8e3f0ccc178a219ff50f7519c45f2a03.webp","keywords":["climat","environnement","\u00eeles","niveau de la mer","Tunisie"],"articleSection":["National"],"inLanguage":"fr-FR"},{"@type":"WebPage","@id":"https:\/\/www.webdo.tn\/fr\/actualite\/national\/climat-la-mer-grignote-les-iles-tunisiennes\/222345\/","url":"https:\/\/www.webdo.tn\/fr\/actualite\/national\/climat-la-mer-grignote-les-iles-tunisiennes\/222345\/","name":"Climat : La mer grignote les \u00eeles tunisiennes","isPartOf":{"@id":"https:\/\/www.webdo.tn\/fr\/#website"},"primaryImageOfPage":{"@id":"https:\/\/www.webdo.tn\/fr\/actualite\/national\/climat-la-mer-grignote-les-iles-tunisiennes\/222345\/#primaryimage"},"image":{"@id":"https:\/\/www.webdo.tn\/fr\/actualite\/national\/climat-la-mer-grignote-les-iles-tunisiennes\/222345\/#primaryimage"},"thumbnailUrl":"https:\/\/www.webdo.tn\/fr\/wp-content\/uploads\/2025\/06\/8e3f0ccc178a219ff50f7519c45f2a03.webp","datePublished":"2025-06-02T15:42:00+00:00","dateModified":"2025-06-05T16:19:11+00:00","description":"Le ministre de l\u2019Environnement Habib Abid alerte : la Tunisie risque de perdre 20 % de la superficie de certaines \u00eeles. \u00c0 la conf\u00e9rence de l\u2019ONU sur l\u2019Oc\u00e9an, la...","breadcrumb":{"@id":"https:\/\/www.webdo.tn\/fr\/actualite\/national\/climat-la-mer-grignote-les-iles-tunisiennes\/222345\/#breadcrumb"},"inLanguage":"fr-FR","potentialAction":[{"@type":"ReadAction","target":["https:\/\/www.webdo.tn\/fr\/actualite\/national\/climat-la-mer-grignote-les-iles-tunisiennes\/222345\/"]}]},{"@type":"ImageObject","inLanguage":"fr-FR","@id":"https:\/\/www.webdo.tn\/fr\/actualite\/national\/climat-la-mer-grignote-les-iles-tunisiennes\/222345\/#primaryimage","url":"https:\/\/www.webdo.tn\/fr\/wp-content\/uploads\/2025\/06\/8e3f0ccc178a219ff50f7519c45f2a03.webp","contentUrl":"https:\/\/www.webdo.tn\/fr\/wp-content\/uploads\/2025\/06\/8e3f0ccc178a219ff50f7519c45f2a03.webp","width":750,"height":400,"caption":"Climat : La mer grignote les \u00eeles tunisiennes"},{"@type":"BreadcrumbList","@id":"https:\/\/www.webdo.tn\/fr\/actualite\/national\/climat-la-mer-grignote-les-iles-tunisiennes\/222345\/#breadcrumb","itemListElement":[{"@type":"ListItem","position":1,"name":"Accueil","item":"https:\/\/www.webdo.tn\/fr\/"},{"@type":"ListItem","position":2,"name":"Climat : La mer grignote les \u00eeles tunisiennes"}]},{"@type":"WebSite","@id":"https:\/\/www.webdo.tn\/fr\/#website","url":"https:\/\/www.webdo.tn\/fr\/","name":"webdo","description":"Tunisie - News en Tunisie et \u00e0 l&#039;international sur Webdo.tn","publisher":{"@id":"https:\/\/www.webdo.tn\/fr\/#organization"},"potentialAction":[{"@type":"SearchAction","target":{"@type":"EntryPoint","urlTemplate":"https:\/\/www.webdo.tn\/fr\/?s={search_term_string}"},"query-input":{"@type":"PropertyValueSpecification","valueRequired":true,"valueName":"search_term_string"}}],"inLanguage":"fr-FR"},{"@type":"Organization","@id":"https:\/\/www.webdo.tn\/fr\/#organization","name":"Webdo","alternateName":"Webdo.tn","url":"https:\/\/www.webdo.tn\/fr\/","logo":{"@type":"ImageObject","inLanguage":"fr-FR","@id":"https:\/\/www.webdo.tn\/fr\/#\/schema\/logo\/image\/","url":"https:\/\/www.webdo.tn\/fr\/wp-content\/uploads\/2025\/06\/Webdo-Tunisie_168377.jpg","contentUrl":"https:\/\/www.webdo.tn\/fr\/wp-content\/uploads\/2025\/06\/Webdo-Tunisie_168377.jpg","width":301,"height":301,"caption":"Webdo"},"image":{"@id":"https:\/\/www.webdo.tn\/fr\/#\/schema\/logo\/image\/"},"sameAs":["https:\/\/www.facebook.com\/webdotn","https:\/\/x.com\/webdo_tn"],"description":"Webdo est un m\u00e9dia num\u00e9rique tunisien fond\u00e9 en 2010, sp\u00e9cialis\u00e9 dans l\u2019actualit\u00e9 nationale et internationale, l\u2019\u00e9conomie, la soci\u00e9t\u00e9 et les analyses politiques. Le site s\u2019adresse \u00e0 un large public francophone et couvre l\u2019information tunisienne en temps r\u00e9el.","email":"redac@webdo.tn","legalName":"YNJ SARL","foundingDate":"2010-09-06","numberOfEmployees":{"@type":"QuantitativeValue","minValue":"11","maxValue":"50"}},{"@type":"Person","@id":"https:\/\/www.webdo.tn\/fr\/#\/schema\/person\/2c4929cbf5a809e3bd38617c6ce150f6","name":"MC","image":{"@type":"ImageObject","inLanguage":"fr-FR","@id":"https:\/\/secure.gravatar.com\/avatar\/a545bbb6f84efdd5553dbbc2895e3ca8f1d12c5215e00a041c9670b54aa9b18a?s=96&d=mm&r=g","url":"https:\/\/secure.gravatar.com\/avatar\/a545bbb6f84efdd5553dbbc2895e3ca8f1d12c5215e00a041c9670b54aa9b18a?s=96&d=mm&r=g","contentUrl":"https:\/\/secure.gravatar.com\/avatar\/a545bbb6f84efdd5553dbbc2895e3ca8f1d12c5215e00a041c9670b54aa9b18a?s=96&d=mm&r=g","caption":"MC"},"url":"https:\/\/www.webdo.tn\/fr\/actualite\/author\/mc\/"}]}},"_links":{"self":[{"href":"https:\/\/www.webdo.tn\/fr\/wp-json\/wp\/v2\/posts\/222345","targetHints":{"allow":["GET"]}}],"collection":[{"href":"https:\/\/www.webdo.tn\/fr\/wp-json\/wp\/v2\/posts"}],"about":[{"href":"https:\/\/www.webdo.tn\/fr\/wp-json\/wp\/v2\/types\/post"}],"author":[{"embeddable":true,"href":"https:\/\/www.webdo.tn\/fr\/wp-json\/wp\/v2\/users\/3162"}],"replies":[{"embeddable":true,"href":"https:\/\/www.webdo.tn\/fr\/wp-json\/wp\/v2\/comments?post=222345"}],"version-history":[{"count":0,"href":"https:\/\/www.webdo.tn\/fr\/wp-json\/wp\/v2\/posts\/222345\/revisions"}],"wp:featuredmedia":[{"embeddable":true,"href":"https:\/\/www.webdo.tn\/fr\/wp-json\/wp\/v2\/media\/365957"}],"wp:attachment":[{"href":"https:\/\/www.webdo.tn\/fr\/wp-json\/wp\/v2\/media?parent=222345"}],"wp:term":[{"taxonomy":"category","embeddable":true,"href":"https:\/\/www.webdo.tn\/fr\/wp-json\/wp\/v2\/categories?post=222345"},{"taxonomy":"post_tag","embeddable":true,"href":"https:\/\/www.webdo.tn\/fr\/wp-json\/wp\/v2\/tags?post=222345"}],"curies":[{"name":"wp","href":"https:\/\/api.w.org\/{rel}","templated":true}]}}