{"id":222332,"date":"2025-06-02T09:26:00","date_gmt":"2025-06-02T09:26:00","guid":{"rendered":"https:\/\/www.webdo.tn\/fr\/actualite\/blog\/tunisie-show-de-4x4-et-drift-sur-les-salines-protegees-de-kerkennah\/222332\/"},"modified":"2025-06-02T09:26:00","modified_gmt":"2025-06-02T09:26:00","slug":"tunisie-show-de-4x4-et-drift-sur-les-salines-protegees-de-kerkennah","status":"publish","type":"post","link":"https:\/\/www.webdo.tn\/fr\/actualite\/national\/tunisie-show-de-4x4-et-drift-sur-les-salines-protegees-de-kerkennah\/222332\/","title":{"rendered":"Tunisie : Show de 4&#215;4 et drift sur les salines prot\u00e9g\u00e9es de Kerkennah !"},"content":{"rendered":"<p>Un ballet de v\u00e9hicules 4&#215;4 sur fond de drift et de poussi\u00e8re, au c\u0153ur des marais salants de Kerkennah. Ce spectacle organis\u00e9 r\u00e9cemment par Ford Tunisie, se d\u00e9roule pourtant dans l\u2019un des \u00e9cosyst\u00e8mes les plus fragiles et riches de Tunisie.<\/p>\n<p> Class\u00e9es zones humides prot\u00e9g\u00e9es par la Convention Ramsar depuis 2012, ces zones sont aujourd\u2019hui menac\u00e9es par des pratiques motoris\u00e9es qui vont \u00e0 l\u2019encontre des engagements \u00e9cologiques du pays.<\/p>\n<p>Le cri d\u2019alerte a \u00e9t\u00e9 lanc\u00e9 par de nombreux d\u00e9fenseurs de la cause \u00e9cologique en Tunisie, dont le tr\u00e8s connu The Dreamer.\u00a0 Les \u00eeles de Kerkennah ne sont pas de simples plages de sable ou pistes d\u2019aventure. Elles abritent des zones humides c\u00f4ti\u00e8res, sanctuaires pour de nombreuses esp\u00e8ces migratrices et habitats naturels sensibles. \u00c0 ce titre, elles sont reconnues au niveau international et soumises \u00e0 des r\u00e8gles strictes de protection.<\/p>\n<p>Faire passer des v\u00e9hicules tout-terrain dans ces milieux revient \u00e0 d\u00e9truire leur \u00e9quilibre biologique : compactage du sol, perturbation de la faune, destruction de la flore et pollution sonore s\u2019accumulent. Le drift, m\u00eame dans un cadre promotionnel, en milieu naturel n\u2019est pas un loisir anodin ; c\u2019est un facteur de stress environnemental, en particulier dans un archipel aussi vuln\u00e9rable que Kerkennah.<\/p>\n<p>Rappelons que le 5 avril 2025, un arr\u00eat\u00e9 conjoint des minist\u00e8res de l\u2019Int\u00e9rieur, de l\u2019Agriculture, de l\u2019Environnement et de la P\u00eache a interdit explicitement les activit\u00e9s motoris\u00e9es (4&#215;4, motos, quads) sur les plages, dunes et zones littorales. L\u2019objectif : pr\u00e9server ces espaces naturels contre les usages intensifs et destructeurs.<br \/>\nLa tenue de cette manifestation \u00e0 Kerkennah \u2014 sans autorisation apparente et en contradiction flagrante avec cet arr\u00eat\u00e9 \u2014 interroge : o\u00f9 sont pass\u00e9es les autorit\u00e9s ?<\/p>\n<p>C&rsquo;est quoi la Convention Ramsar ?\u00a0<\/p>\n<p>Certaines publications en ligne sugg\u00e8rent une pr\u00e9sence directe de Ford Tunisie, via l\u2019usage de v\u00e9hicules de la marque et la participation d&rsquo;influenceurs visibles sur les r\u00e9seaux. M\u00eame si l\u2019entreprise n\u2019a pas officiellement r\u00e9agi, elle s\u2019est content\u00e9e de supprimer les stories Instagram de l\u2019\u00e9v\u00e8nement.\u00a0<\/p>\n<p>La Convention Ramsar, adopt\u00e9e en 1971, vise \u00e0 pr\u00e9server les zones humides, essentielles \u00e0 l\u2019\u00e9quilibre \u00e9cologique de la plan\u00e8te. Ces milieux naturels \u2014 marais, lagunes, salines, deltas \u2014 jouent un r\u00f4le vital dans la r\u00e9gulation de l\u2019eau, l\u2019accueil des oiseaux migrateurs, la biodiversit\u00e9 et la lutte contre les effets du changement climatique. En adh\u00e9rant \u00e0 cette convention, la Tunisie s\u2019est engag\u00e9e \u00e0 prot\u00e9ger ces espaces fragiles, \u00e0 en assurer une gestion durable et \u00e0 \u00e9viter toute activit\u00e9 qui pourrait en compromettre l\u2019\u00e9quilibre.<\/p>\n<p>Les \u00eeles de Kerkennah abritent plusieurs zones humides c\u00f4ti\u00e8res d\u2019une grande valeur \u00e9cologique, notamment les salines et les plages vaseuses riches en biodiversit\u00e9. En 2012, tout l\u2019archipel a \u00e9t\u00e9 inscrit sur la liste Ramsar, ce qui leur conf\u00e8re un statut de protection internationale.\u00a0<\/p>\n<p>Ce classement reconna\u00eet l\u2019importance de Kerkennah comme refuge pour les oiseaux migrateurs, r\u00e9servoir de biodiversit\u00e9 marine et zone tampon contre l\u2019\u00e9rosion et les changements climatiques. \u00c0 ce titre, toute activit\u00e9 susceptible de perturber ces milieux \u2014 comme les courses de v\u00e9hicules motoris\u00e9s \u2014 est strictement d\u00e9conseill\u00e9e, voire interdite. La pr\u00e9servation de Kerkennah, d\u00e9j\u00e0 menac\u00e9e par la mont\u00e9e des eaux et l\u2019activit\u00e9 humaine, est donc une priorit\u00e9 environnementale pour la Tunisie.<\/p>\n","protected":false},"excerpt":{"rendered":"<p>manifestation de v\u00e9hicules 4&#215;4 dans les zones humides class\u00e9es de Kerkennah  suscite l\u2019indignation des d\u00e9fenseurs de l\u2019environnement, malgr\u00e9 l\u2019implication indir&#8230;<\/p>\n","protected":false},"author":3162,"featured_media":365979,"comment_status":"open","ping_status":"closed","sticky":false,"template":"","format":"standard","meta":{"footnotes":""},"categories":[44],"tags":[11662,3947,11661,6830,2608],"class_list":["post-222332","post","type-post","status-publish","format-standard","has-post-thumbnail","hentry","category-national","tag-ecologies","tag-kerkennah","tag-salines","tag-site","tag-tunisie"],"yoast_head":"<!-- This site is optimized with the Yoast SEO Premium plugin v27.5 (Yoast SEO v27.5) - https:\/\/yoast.com\/product\/yoast-seo-premium-wordpress\/ -->\n<title>Tunisie : Show de 4x4 et drift sur les salines prot\u00e9g\u00e9es de Kerkennah !<\/title>\n<meta name=\"description\" content=\"manifestation de v\u00e9hicules 4x4 dans les zones humides class\u00e9es de Kerkennah suscite l\u2019indignation des d\u00e9fenseurs de l\u2019environnement, malgr\u00e9 l\u2019implication indir...\" \/>\n<link rel=\"canonical\" href=\"https:\/\/www.webdo.tn\/fr\/actualite\/national\/tunisie-show-de-4x4-et-drift-sur-les-salines-protegees-de-kerkennah\/222332\/\" \/>\n<meta property=\"og:locale\" content=\"fr_FR\" \/>\n<meta property=\"og:type\" content=\"article\" \/>\n<meta property=\"og:title\" content=\"Tunisie : Show de 4x4 et drift sur les salines prot\u00e9g\u00e9es de Kerkennah !\" \/>\n<meta property=\"og:description\" content=\"manifestation de v\u00e9hicules 4x4 dans les zones humides class\u00e9es de Kerkennah suscite l\u2019indignation des d\u00e9fenseurs de l\u2019environnement, malgr\u00e9 l\u2019implication indir...\" \/>\n<meta property=\"og:url\" content=\"https:\/\/www.webdo.tn\/fr\/actualite\/national\/tunisie-show-de-4x4-et-drift-sur-les-salines-protegees-de-kerkennah\/222332\/\" \/>\n<meta property=\"og:site_name\" content=\"webdo\" \/>\n<meta property=\"article:publisher\" content=\"https:\/\/www.facebook.com\/webdotn\" \/>\n<meta property=\"article:published_time\" content=\"2025-06-02T09:26:00+00:00\" \/>\n<meta property=\"og:image\" content=\"https:\/\/www.webdo.tn\/fr\/wp-content\/uploads\/2025\/06\/31b8da91da9673def6e83c8f29bf4bb2.webp\" \/>\n\t<meta property=\"og:image:width\" content=\"750\" \/>\n\t<meta property=\"og:image:height\" content=\"400\" \/>\n\t<meta property=\"og:image:type\" content=\"image\/webp\" \/>\n<meta name=\"author\" content=\"MC\" \/>\n<meta name=\"twitter:card\" content=\"summary_large_image\" \/>\n<meta name=\"twitter:creator\" content=\"@webdo_tn\" \/>\n<meta name=\"twitter:site\" content=\"@webdo_tn\" \/>\n<meta name=\"twitter:label1\" content=\"\u00c9crit par\" \/>\n\t<meta name=\"twitter:data1\" content=\"MC\" \/>\n\t<meta name=\"twitter:label2\" content=\"Dur\u00e9e de lecture estim\u00e9e\" \/>\n\t<meta name=\"twitter:data2\" content=\"3 minutes\" \/>\n<script type=\"application\/ld+json\" class=\"yoast-schema-graph\">{\"@context\":\"https:\\\/\\\/schema.org\",\"@graph\":[{\"@type\":\"NewsArticle\",\"@id\":\"https:\\\/\\\/www.webdo.tn\\\/fr\\\/actualite\\\/national\\\/tunisie-show-de-4x4-et-drift-sur-les-salines-protegees-de-kerkennah\\\/222332\\\/#article\",\"isPartOf\":{\"@id\":\"https:\\\/\\\/www.webdo.tn\\\/fr\\\/actualite\\\/national\\\/tunisie-show-de-4x4-et-drift-sur-les-salines-protegees-de-kerkennah\\\/222332\\\/\"},\"author\":{\"name\":\"MC\",\"@id\":\"https:\\\/\\\/www.webdo.tn\\\/fr\\\/#\\\/schema\\\/person\\\/2c4929cbf5a809e3bd38617c6ce150f6\"},\"headline\":\"Tunisie : Show de 4&#215;4 et drift sur les salines prot\u00e9g\u00e9es de Kerkennah !\",\"datePublished\":\"2025-06-02T09:26:00+00:00\",\"mainEntityOfPage\":{\"@id\":\"https:\\\/\\\/www.webdo.tn\\\/fr\\\/actualite\\\/national\\\/tunisie-show-de-4x4-et-drift-sur-les-salines-protegees-de-kerkennah\\\/222332\\\/\"},\"wordCount\":593,\"commentCount\":0,\"publisher\":{\"@id\":\"https:\\\/\\\/www.webdo.tn\\\/fr\\\/#organization\"},\"image\":{\"@id\":\"https:\\\/\\\/www.webdo.tn\\\/fr\\\/actualite\\\/national\\\/tunisie-show-de-4x4-et-drift-sur-les-salines-protegees-de-kerkennah\\\/222332\\\/#primaryimage\"},\"thumbnailUrl\":\"https:\\\/\\\/www.webdo.tn\\\/fr\\\/wp-content\\\/uploads\\\/2025\\\/06\\\/31b8da91da9673def6e83c8f29bf4bb2.webp\",\"keywords\":[\"\u00e9cologies\",\"kerkennah\",\"Salines\",\"site\",\"Tunisie\"],\"articleSection\":[\"National\"],\"inLanguage\":\"fr-FR\"},{\"@type\":\"WebPage\",\"@id\":\"https:\\\/\\\/www.webdo.tn\\\/fr\\\/actualite\\\/national\\\/tunisie-show-de-4x4-et-drift-sur-les-salines-protegees-de-kerkennah\\\/222332\\\/\",\"url\":\"https:\\\/\\\/www.webdo.tn\\\/fr\\\/actualite\\\/national\\\/tunisie-show-de-4x4-et-drift-sur-les-salines-protegees-de-kerkennah\\\/222332\\\/\",\"name\":\"Tunisie : Show de 4x4 et drift sur les salines prot\u00e9g\u00e9es de Kerkennah !\",\"isPartOf\":{\"@id\":\"https:\\\/\\\/www.webdo.tn\\\/fr\\\/#website\"},\"primaryImageOfPage\":{\"@id\":\"https:\\\/\\\/www.webdo.tn\\\/fr\\\/actualite\\\/national\\\/tunisie-show-de-4x4-et-drift-sur-les-salines-protegees-de-kerkennah\\\/222332\\\/#primaryimage\"},\"image\":{\"@id\":\"https:\\\/\\\/www.webdo.tn\\\/fr\\\/actualite\\\/national\\\/tunisie-show-de-4x4-et-drift-sur-les-salines-protegees-de-kerkennah\\\/222332\\\/#primaryimage\"},\"thumbnailUrl\":\"https:\\\/\\\/www.webdo.tn\\\/fr\\\/wp-content\\\/uploads\\\/2025\\\/06\\\/31b8da91da9673def6e83c8f29bf4bb2.webp\",\"datePublished\":\"2025-06-02T09:26:00+00:00\",\"description\":\"manifestation de v\u00e9hicules 4x4 dans les zones humides class\u00e9es de Kerkennah suscite l\u2019indignation des d\u00e9fenseurs de l\u2019environnement, malgr\u00e9 l\u2019implication indir...\",\"breadcrumb\":{\"@id\":\"https:\\\/\\\/www.webdo.tn\\\/fr\\\/actualite\\\/national\\\/tunisie-show-de-4x4-et-drift-sur-les-salines-protegees-de-kerkennah\\\/222332\\\/#breadcrumb\"},\"inLanguage\":\"fr-FR\",\"potentialAction\":[{\"@type\":\"ReadAction\",\"target\":[\"https:\\\/\\\/www.webdo.tn\\\/fr\\\/actualite\\\/national\\\/tunisie-show-de-4x4-et-drift-sur-les-salines-protegees-de-kerkennah\\\/222332\\\/\"]}]},{\"@type\":\"ImageObject\",\"inLanguage\":\"fr-FR\",\"@id\":\"https:\\\/\\\/www.webdo.tn\\\/fr\\\/actualite\\\/national\\\/tunisie-show-de-4x4-et-drift-sur-les-salines-protegees-de-kerkennah\\\/222332\\\/#primaryimage\",\"url\":\"https:\\\/\\\/www.webdo.tn\\\/fr\\\/wp-content\\\/uploads\\\/2025\\\/06\\\/31b8da91da9673def6e83c8f29bf4bb2.webp\",\"contentUrl\":\"https:\\\/\\\/www.webdo.tn\\\/fr\\\/wp-content\\\/uploads\\\/2025\\\/06\\\/31b8da91da9673def6e83c8f29bf4bb2.webp\",\"width\":750,\"height\":400,\"caption\":\"Tunisie : Show de 4x4 et drift sur les salines prot\u00e9g\u00e9es de Kerkennah !\"},{\"@type\":\"BreadcrumbList\",\"@id\":\"https:\\\/\\\/www.webdo.tn\\\/fr\\\/actualite\\\/national\\\/tunisie-show-de-4x4-et-drift-sur-les-salines-protegees-de-kerkennah\\\/222332\\\/#breadcrumb\",\"itemListElement\":[{\"@type\":\"ListItem\",\"position\":1,\"name\":\"Accueil\",\"item\":\"https:\\\/\\\/www.webdo.tn\\\/fr\\\/\"},{\"@type\":\"ListItem\",\"position\":2,\"name\":\"Tunisie : Show de 4&#215;4 et drift sur les salines prot\u00e9g\u00e9es de Kerkennah !\"}]},{\"@type\":\"WebSite\",\"@id\":\"https:\\\/\\\/www.webdo.tn\\\/fr\\\/#website\",\"url\":\"https:\\\/\\\/www.webdo.tn\\\/fr\\\/\",\"name\":\"webdo\",\"description\":\"Tunisie - News en Tunisie et \u00e0 l&#039;international sur Webdo.tn\",\"publisher\":{\"@id\":\"https:\\\/\\\/www.webdo.tn\\\/fr\\\/#organization\"},\"potentialAction\":[{\"@type\":\"SearchAction\",\"target\":{\"@type\":\"EntryPoint\",\"urlTemplate\":\"https:\\\/\\\/www.webdo.tn\\\/fr\\\/?s={search_term_string}\"},\"query-input\":{\"@type\":\"PropertyValueSpecification\",\"valueRequired\":true,\"valueName\":\"search_term_string\"}}],\"inLanguage\":\"fr-FR\"},{\"@type\":\"Organization\",\"@id\":\"https:\\\/\\\/www.webdo.tn\\\/fr\\\/#organization\",\"name\":\"Webdo\",\"alternateName\":\"Webdo.tn\",\"url\":\"https:\\\/\\\/www.webdo.tn\\\/fr\\\/\",\"logo\":{\"@type\":\"ImageObject\",\"inLanguage\":\"fr-FR\",\"@id\":\"https:\\\/\\\/www.webdo.tn\\\/fr\\\/#\\\/schema\\\/logo\\\/image\\\/\",\"url\":\"https:\\\/\\\/www.webdo.tn\\\/fr\\\/wp-content\\\/uploads\\\/2025\\\/06\\\/Webdo-Tunisie_168377.jpg\",\"contentUrl\":\"https:\\\/\\\/www.webdo.tn\\\/fr\\\/wp-content\\\/uploads\\\/2025\\\/06\\\/Webdo-Tunisie_168377.jpg\",\"width\":301,\"height\":301,\"caption\":\"Webdo\"},\"image\":{\"@id\":\"https:\\\/\\\/www.webdo.tn\\\/fr\\\/#\\\/schema\\\/logo\\\/image\\\/\"},\"sameAs\":[\"https:\\\/\\\/www.facebook.com\\\/webdotn\",\"https:\\\/\\\/x.com\\\/webdo_tn\"],\"description\":\"Webdo est un m\u00e9dia num\u00e9rique tunisien fond\u00e9 en 2010, sp\u00e9cialis\u00e9 dans l\u2019actualit\u00e9 nationale et internationale, l\u2019\u00e9conomie, la soci\u00e9t\u00e9 et les analyses politiques. Le site s\u2019adresse \u00e0 un large public francophone et couvre l\u2019information tunisienne en temps r\u00e9el.\",\"email\":\"redac@webdo.tn\",\"legalName\":\"YNJ SARL\",\"foundingDate\":\"2010-09-06\",\"numberOfEmployees\":{\"@type\":\"QuantitativeValue\",\"minValue\":\"11\",\"maxValue\":\"50\"}},{\"@type\":\"Person\",\"@id\":\"https:\\\/\\\/www.webdo.tn\\\/fr\\\/#\\\/schema\\\/person\\\/2c4929cbf5a809e3bd38617c6ce150f6\",\"name\":\"MC\",\"image\":{\"@type\":\"ImageObject\",\"inLanguage\":\"fr-FR\",\"@id\":\"https:\\\/\\\/secure.gravatar.com\\\/avatar\\\/a545bbb6f84efdd5553dbbc2895e3ca8f1d12c5215e00a041c9670b54aa9b18a?s=96&d=mm&r=g\",\"url\":\"https:\\\/\\\/secure.gravatar.com\\\/avatar\\\/a545bbb6f84efdd5553dbbc2895e3ca8f1d12c5215e00a041c9670b54aa9b18a?s=96&d=mm&r=g\",\"contentUrl\":\"https:\\\/\\\/secure.gravatar.com\\\/avatar\\\/a545bbb6f84efdd5553dbbc2895e3ca8f1d12c5215e00a041c9670b54aa9b18a?s=96&d=mm&r=g\",\"caption\":\"MC\"},\"url\":\"https:\\\/\\\/www.webdo.tn\\\/fr\\\/actualite\\\/author\\\/mc\\\/\"}]}<\/script>\n<!-- \/ Yoast SEO Premium plugin. -->","yoast_head_json":{"title":"Tunisie : Show de 4x4 et drift sur les salines prot\u00e9g\u00e9es de Kerkennah !","description":"manifestation de v\u00e9hicules 4x4 dans les zones humides class\u00e9es de Kerkennah suscite l\u2019indignation des d\u00e9fenseurs de l\u2019environnement, malgr\u00e9 l\u2019implication indir...","canonical":"https:\/\/www.webdo.tn\/fr\/actualite\/national\/tunisie-show-de-4x4-et-drift-sur-les-salines-protegees-de-kerkennah\/222332\/","og_locale":"fr_FR","og_type":"article","og_title":"Tunisie : Show de 4x4 et drift sur les salines prot\u00e9g\u00e9es de Kerkennah !","og_description":"manifestation de v\u00e9hicules 4x4 dans les zones humides class\u00e9es de Kerkennah suscite l\u2019indignation des d\u00e9fenseurs de l\u2019environnement, malgr\u00e9 l\u2019implication indir...","og_url":"https:\/\/www.webdo.tn\/fr\/actualite\/national\/tunisie-show-de-4x4-et-drift-sur-les-salines-protegees-de-kerkennah\/222332\/","og_site_name":"webdo","article_publisher":"https:\/\/www.facebook.com\/webdotn","article_published_time":"2025-06-02T09:26:00+00:00","og_image":[{"width":750,"height":400,"url":"https:\/\/www.webdo.tn\/fr\/wp-content\/uploads\/2025\/06\/31b8da91da9673def6e83c8f29bf4bb2.webp","type":"image\/webp"}],"author":"MC","twitter_card":"summary_large_image","twitter_creator":"@webdo_tn","twitter_site":"@webdo_tn","twitter_misc":{"\u00c9crit par":"MC","Dur\u00e9e de lecture estim\u00e9e":"3 minutes"},"schema":{"@context":"https:\/\/schema.org","@graph":[{"@type":"NewsArticle","@id":"https:\/\/www.webdo.tn\/fr\/actualite\/national\/tunisie-show-de-4x4-et-drift-sur-les-salines-protegees-de-kerkennah\/222332\/#article","isPartOf":{"@id":"https:\/\/www.webdo.tn\/fr\/actualite\/national\/tunisie-show-de-4x4-et-drift-sur-les-salines-protegees-de-kerkennah\/222332\/"},"author":{"name":"MC","@id":"https:\/\/www.webdo.tn\/fr\/#\/schema\/person\/2c4929cbf5a809e3bd38617c6ce150f6"},"headline":"Tunisie : Show de 4&#215;4 et drift sur les salines prot\u00e9g\u00e9es de Kerkennah !","datePublished":"2025-06-02T09:26:00+00:00","mainEntityOfPage":{"@id":"https:\/\/www.webdo.tn\/fr\/actualite\/national\/tunisie-show-de-4x4-et-drift-sur-les-salines-protegees-de-kerkennah\/222332\/"},"wordCount":593,"commentCount":0,"publisher":{"@id":"https:\/\/www.webdo.tn\/fr\/#organization"},"image":{"@id":"https:\/\/www.webdo.tn\/fr\/actualite\/national\/tunisie-show-de-4x4-et-drift-sur-les-salines-protegees-de-kerkennah\/222332\/#primaryimage"},"thumbnailUrl":"https:\/\/www.webdo.tn\/fr\/wp-content\/uploads\/2025\/06\/31b8da91da9673def6e83c8f29bf4bb2.webp","keywords":["\u00e9cologies","kerkennah","Salines","site","Tunisie"],"articleSection":["National"],"inLanguage":"fr-FR"},{"@type":"WebPage","@id":"https:\/\/www.webdo.tn\/fr\/actualite\/national\/tunisie-show-de-4x4-et-drift-sur-les-salines-protegees-de-kerkennah\/222332\/","url":"https:\/\/www.webdo.tn\/fr\/actualite\/national\/tunisie-show-de-4x4-et-drift-sur-les-salines-protegees-de-kerkennah\/222332\/","name":"Tunisie : Show de 4x4 et drift sur les salines prot\u00e9g\u00e9es de Kerkennah !","isPartOf":{"@id":"https:\/\/www.webdo.tn\/fr\/#website"},"primaryImageOfPage":{"@id":"https:\/\/www.webdo.tn\/fr\/actualite\/national\/tunisie-show-de-4x4-et-drift-sur-les-salines-protegees-de-kerkennah\/222332\/#primaryimage"},"image":{"@id":"https:\/\/www.webdo.tn\/fr\/actualite\/national\/tunisie-show-de-4x4-et-drift-sur-les-salines-protegees-de-kerkennah\/222332\/#primaryimage"},"thumbnailUrl":"https:\/\/www.webdo.tn\/fr\/wp-content\/uploads\/2025\/06\/31b8da91da9673def6e83c8f29bf4bb2.webp","datePublished":"2025-06-02T09:26:00+00:00","description":"manifestation de v\u00e9hicules 4x4 dans les zones humides class\u00e9es de Kerkennah suscite l\u2019indignation des d\u00e9fenseurs de l\u2019environnement, malgr\u00e9 l\u2019implication indir...","breadcrumb":{"@id":"https:\/\/www.webdo.tn\/fr\/actualite\/national\/tunisie-show-de-4x4-et-drift-sur-les-salines-protegees-de-kerkennah\/222332\/#breadcrumb"},"inLanguage":"fr-FR","potentialAction":[{"@type":"ReadAction","target":["https:\/\/www.webdo.tn\/fr\/actualite\/national\/tunisie-show-de-4x4-et-drift-sur-les-salines-protegees-de-kerkennah\/222332\/"]}]},{"@type":"ImageObject","inLanguage":"fr-FR","@id":"https:\/\/www.webdo.tn\/fr\/actualite\/national\/tunisie-show-de-4x4-et-drift-sur-les-salines-protegees-de-kerkennah\/222332\/#primaryimage","url":"https:\/\/www.webdo.tn\/fr\/wp-content\/uploads\/2025\/06\/31b8da91da9673def6e83c8f29bf4bb2.webp","contentUrl":"https:\/\/www.webdo.tn\/fr\/wp-content\/uploads\/2025\/06\/31b8da91da9673def6e83c8f29bf4bb2.webp","width":750,"height":400,"caption":"Tunisie : Show de 4x4 et drift sur les salines prot\u00e9g\u00e9es de Kerkennah !"},{"@type":"BreadcrumbList","@id":"https:\/\/www.webdo.tn\/fr\/actualite\/national\/tunisie-show-de-4x4-et-drift-sur-les-salines-protegees-de-kerkennah\/222332\/#breadcrumb","itemListElement":[{"@type":"ListItem","position":1,"name":"Accueil","item":"https:\/\/www.webdo.tn\/fr\/"},{"@type":"ListItem","position":2,"name":"Tunisie : Show de 4&#215;4 et drift sur les salines prot\u00e9g\u00e9es de Kerkennah !"}]},{"@type":"WebSite","@id":"https:\/\/www.webdo.tn\/fr\/#website","url":"https:\/\/www.webdo.tn\/fr\/","name":"webdo","description":"Tunisie - News en Tunisie et \u00e0 l&#039;international sur Webdo.tn","publisher":{"@id":"https:\/\/www.webdo.tn\/fr\/#organization"},"potentialAction":[{"@type":"SearchAction","target":{"@type":"EntryPoint","urlTemplate":"https:\/\/www.webdo.tn\/fr\/?s={search_term_string}"},"query-input":{"@type":"PropertyValueSpecification","valueRequired":true,"valueName":"search_term_string"}}],"inLanguage":"fr-FR"},{"@type":"Organization","@id":"https:\/\/www.webdo.tn\/fr\/#organization","name":"Webdo","alternateName":"Webdo.tn","url":"https:\/\/www.webdo.tn\/fr\/","logo":{"@type":"ImageObject","inLanguage":"fr-FR","@id":"https:\/\/www.webdo.tn\/fr\/#\/schema\/logo\/image\/","url":"https:\/\/www.webdo.tn\/fr\/wp-content\/uploads\/2025\/06\/Webdo-Tunisie_168377.jpg","contentUrl":"https:\/\/www.webdo.tn\/fr\/wp-content\/uploads\/2025\/06\/Webdo-Tunisie_168377.jpg","width":301,"height":301,"caption":"Webdo"},"image":{"@id":"https:\/\/www.webdo.tn\/fr\/#\/schema\/logo\/image\/"},"sameAs":["https:\/\/www.facebook.com\/webdotn","https:\/\/x.com\/webdo_tn"],"description":"Webdo est un m\u00e9dia num\u00e9rique tunisien fond\u00e9 en 2010, sp\u00e9cialis\u00e9 dans l\u2019actualit\u00e9 nationale et internationale, l\u2019\u00e9conomie, la soci\u00e9t\u00e9 et les analyses politiques. Le site s\u2019adresse \u00e0 un large public francophone et couvre l\u2019information tunisienne en temps r\u00e9el.","email":"redac@webdo.tn","legalName":"YNJ SARL","foundingDate":"2010-09-06","numberOfEmployees":{"@type":"QuantitativeValue","minValue":"11","maxValue":"50"}},{"@type":"Person","@id":"https:\/\/www.webdo.tn\/fr\/#\/schema\/person\/2c4929cbf5a809e3bd38617c6ce150f6","name":"MC","image":{"@type":"ImageObject","inLanguage":"fr-FR","@id":"https:\/\/secure.gravatar.com\/avatar\/a545bbb6f84efdd5553dbbc2895e3ca8f1d12c5215e00a041c9670b54aa9b18a?s=96&d=mm&r=g","url":"https:\/\/secure.gravatar.com\/avatar\/a545bbb6f84efdd5553dbbc2895e3ca8f1d12c5215e00a041c9670b54aa9b18a?s=96&d=mm&r=g","contentUrl":"https:\/\/secure.gravatar.com\/avatar\/a545bbb6f84efdd5553dbbc2895e3ca8f1d12c5215e00a041c9670b54aa9b18a?s=96&d=mm&r=g","caption":"MC"},"url":"https:\/\/www.webdo.tn\/fr\/actualite\/author\/mc\/"}]}},"_links":{"self":[{"href":"https:\/\/www.webdo.tn\/fr\/wp-json\/wp\/v2\/posts\/222332","targetHints":{"allow":["GET"]}}],"collection":[{"href":"https:\/\/www.webdo.tn\/fr\/wp-json\/wp\/v2\/posts"}],"about":[{"href":"https:\/\/www.webdo.tn\/fr\/wp-json\/wp\/v2\/types\/post"}],"author":[{"embeddable":true,"href":"https:\/\/www.webdo.tn\/fr\/wp-json\/wp\/v2\/users\/3162"}],"replies":[{"embeddable":true,"href":"https:\/\/www.webdo.tn\/fr\/wp-json\/wp\/v2\/comments?post=222332"}],"version-history":[{"count":0,"href":"https:\/\/www.webdo.tn\/fr\/wp-json\/wp\/v2\/posts\/222332\/revisions"}],"wp:featuredmedia":[{"embeddable":true,"href":"https:\/\/www.webdo.tn\/fr\/wp-json\/wp\/v2\/media\/365979"}],"wp:attachment":[{"href":"https:\/\/www.webdo.tn\/fr\/wp-json\/wp\/v2\/media?parent=222332"}],"wp:term":[{"taxonomy":"category","embeddable":true,"href":"https:\/\/www.webdo.tn\/fr\/wp-json\/wp\/v2\/categories?post=222332"},{"taxonomy":"post_tag","embeddable":true,"href":"https:\/\/www.webdo.tn\/fr\/wp-json\/wp\/v2\/tags?post=222332"}],"curies":[{"name":"wp","href":"https:\/\/api.w.org\/{rel}","templated":true}]}}