{"id":222329,"date":"2025-06-02T07:16:00","date_gmt":"2025-06-02T07:16:00","guid":{"rendered":"https:\/\/www.webdo.tn\/fr\/actualite\/blog\/frappes-ukrainiennes-inedites-en-russie-des-pertes-colossales\/222329\/"},"modified":"2025-06-02T07:16:00","modified_gmt":"2025-06-02T07:16:00","slug":"frappes-ukrainiennes-inedites-en-russie-des-pertes-colossales","status":"publish","type":"post","link":"https:\/\/www.webdo.tn\/fr\/actualite\/international\/frappes-ukrainiennes-inedites-en-russie-des-pertes-colossales\/222329\/","title":{"rendered":"Frappes ukrainiennes in\u00e9dites en Russie, des pertes colossales"},"content":{"rendered":"<p>L\u2019Ukraine a revendiqu\u00e9 dimanche une attaque d\u2019une envergure in\u00e9dite, ciblant des a\u00e9rodromes militaires russes situ\u00e9s \u00e0 des milliers de kilom\u00e8tres de sa fronti\u00e8re.\u00a0<\/p>\n<p> Selon les services de s\u00e9curit\u00e9 ukrainiens (SBU), cette op\u00e9ration men\u00e9e \u00e0 l\u2019aide de drones furtivement introduits sur le territoire russe aurait endommag\u00e9 41 appareils, pour un pr\u00e9judice estim\u00e9 \u00e0 7 milliards de dollars.<\/p>\n<p>Parmi les cibles figureraient des bombardiers strat\u00e9giques Tu-95 et Tu-22, utilis\u00e9s pour frapper des villes ukrainiennes, ainsi que des avions de d\u00e9tection radar A-50. Les frappes ont vis\u00e9 notamment les bases d\u2019Olenia, dans la r\u00e9gion de Mourmansk (Arctique), \u00e0 environ 1.900 kilom\u00e8tres de l\u2019Ukraine, et de Bela\u00efa, en Sib\u00e9rie orientale, \u00e0 pr\u00e8s de 4.300 kilom\u00e8tres.<\/p>\n<p>Moscou a confirm\u00e9 des attaques de drones dans ces deux r\u00e9gions recul\u00e9es, \u00e9voquant plusieurs avions \u00ab\u202fpris feu\u202f\u00bb apr\u00e8s l\u2019impact d\u2019engins FPV \u2014 des drones pilot\u00e9s \u00e0 distance \u00e0 l\u2019aide de cam\u00e9ras embarqu\u00e9es. Le minist\u00e8re russe de la D\u00e9fense affirme avoir identifi\u00e9 et interpell\u00e9 des suspects li\u00e9s \u00e0 ces incursions.<\/p>\n<p>Il s\u2019agit de l\u2019une des attaques les plus audacieuses men\u00e9es par Kiev depuis le d\u00e9but du conflit, illustrant l\u2019allongement de son rayon d\u2019action et sa volont\u00e9 de frapper les infrastructures militaires strat\u00e9giques bien au-del\u00e0 de la ligne de front.<\/p>\n","protected":false},"excerpt":{"rendered":"<p>L\u2019Ukraine a men\u00e9 une attaque de drones sans pr\u00e9c\u00e9dent sur des bases a\u00e9riennes russes \u00e0 des milliers de kilom\u00e8tres, endommageant 41 avions et causant 7 milliards&#8230;<\/p>\n","protected":false},"author":3162,"featured_media":365973,"comment_status":"open","ping_status":"closed","sticky":false,"template":"","format":"standard","meta":{"footnotes":""},"categories":[2598],"tags":[4664,2600,11659,3299,3295],"class_list":["post-222329","post","type-post","status-publish","format-standard","has-post-thumbnail","hentry","category-international","tag-avion","tag-guerre","tag-perte","tag-russie","tag-ukraine"],"yoast_head":"<!-- This site is optimized with the Yoast SEO Premium plugin v27.5 (Yoast SEO v27.5) - https:\/\/yoast.com\/product\/yoast-seo-premium-wordpress\/ -->\n<title>Frappes ukrainiennes in\u00e9dites en Russie, des pertes colossales<\/title>\n<meta name=\"description\" content=\"L\u2019Ukraine a men\u00e9 une attaque de drones sans pr\u00e9c\u00e9dent sur des bases a\u00e9riennes russes \u00e0 des milliers de kilom\u00e8tres, endommageant 41 avions et causant 7 milliards...\" \/>\n<link rel=\"canonical\" href=\"https:\/\/www.webdo.tn\/fr\/actualite\/international\/frappes-ukrainiennes-inedites-en-russie-des-pertes-colossales\/222329\/\" \/>\n<meta property=\"og:locale\" content=\"fr_FR\" \/>\n<meta property=\"og:type\" content=\"article\" \/>\n<meta property=\"og:title\" content=\"Frappes ukrainiennes in\u00e9dites en Russie, des pertes colossales\" \/>\n<meta property=\"og:description\" content=\"L\u2019Ukraine a men\u00e9 une attaque de drones sans pr\u00e9c\u00e9dent sur des bases a\u00e9riennes russes \u00e0 des milliers de kilom\u00e8tres, endommageant 41 avions et causant 7 milliards...\" \/>\n<meta property=\"og:url\" content=\"https:\/\/www.webdo.tn\/fr\/actualite\/international\/frappes-ukrainiennes-inedites-en-russie-des-pertes-colossales\/222329\/\" \/>\n<meta property=\"og:site_name\" content=\"webdo\" \/>\n<meta property=\"article:publisher\" content=\"https:\/\/www.facebook.com\/webdotn\" \/>\n<meta property=\"article:published_time\" content=\"2025-06-02T07:16:00+00:00\" \/>\n<meta property=\"og:image\" content=\"https:\/\/www.webdo.tn\/fr\/wp-content\/uploads\/2025\/06\/bd21eb81f9b14eb15920a86f16b2a68f.webp\" \/>\n\t<meta property=\"og:image:width\" content=\"750\" \/>\n\t<meta property=\"og:image:height\" content=\"400\" \/>\n\t<meta property=\"og:image:type\" content=\"image\/webp\" \/>\n<meta name=\"author\" content=\"MC\" \/>\n<meta name=\"twitter:card\" content=\"summary_large_image\" \/>\n<meta name=\"twitter:creator\" content=\"@webdo_tn\" \/>\n<meta name=\"twitter:site\" content=\"@webdo_tn\" \/>\n<meta name=\"twitter:label1\" content=\"\u00c9crit par\" \/>\n\t<meta name=\"twitter:data1\" content=\"MC\" \/>\n\t<meta name=\"twitter:label2\" content=\"Dur\u00e9e de lecture estim\u00e9e\" \/>\n\t<meta name=\"twitter:data2\" content=\"1 minute\" \/>\n<script type=\"application\/ld+json\" class=\"yoast-schema-graph\">{\"@context\":\"https:\\\/\\\/schema.org\",\"@graph\":[{\"@type\":\"NewsArticle\",\"@id\":\"https:\\\/\\\/www.webdo.tn\\\/fr\\\/actualite\\\/international\\\/frappes-ukrainiennes-inedites-en-russie-des-pertes-colossales\\\/222329\\\/#article\",\"isPartOf\":{\"@id\":\"https:\\\/\\\/www.webdo.tn\\\/fr\\\/actualite\\\/international\\\/frappes-ukrainiennes-inedites-en-russie-des-pertes-colossales\\\/222329\\\/\"},\"author\":{\"name\":\"MC\",\"@id\":\"https:\\\/\\\/www.webdo.tn\\\/fr\\\/#\\\/schema\\\/person\\\/2c4929cbf5a809e3bd38617c6ce150f6\"},\"headline\":\"Frappes ukrainiennes in\u00e9dites en Russie, des pertes colossales\",\"datePublished\":\"2025-06-02T07:16:00+00:00\",\"mainEntityOfPage\":{\"@id\":\"https:\\\/\\\/www.webdo.tn\\\/fr\\\/actualite\\\/international\\\/frappes-ukrainiennes-inedites-en-russie-des-pertes-colossales\\\/222329\\\/\"},\"wordCount\":237,\"commentCount\":0,\"publisher\":{\"@id\":\"https:\\\/\\\/www.webdo.tn\\\/fr\\\/#organization\"},\"image\":{\"@id\":\"https:\\\/\\\/www.webdo.tn\\\/fr\\\/actualite\\\/international\\\/frappes-ukrainiennes-inedites-en-russie-des-pertes-colossales\\\/222329\\\/#primaryimage\"},\"thumbnailUrl\":\"https:\\\/\\\/www.webdo.tn\\\/fr\\\/wp-content\\\/uploads\\\/2025\\\/06\\\/bd21eb81f9b14eb15920a86f16b2a68f.webp\",\"keywords\":[\"Avion\",\"guerre\",\"perte\",\"Russie\",\"Ukraine\"],\"articleSection\":[\"International\"],\"inLanguage\":\"fr-FR\"},{\"@type\":\"WebPage\",\"@id\":\"https:\\\/\\\/www.webdo.tn\\\/fr\\\/actualite\\\/international\\\/frappes-ukrainiennes-inedites-en-russie-des-pertes-colossales\\\/222329\\\/\",\"url\":\"https:\\\/\\\/www.webdo.tn\\\/fr\\\/actualite\\\/international\\\/frappes-ukrainiennes-inedites-en-russie-des-pertes-colossales\\\/222329\\\/\",\"name\":\"Frappes ukrainiennes in\u00e9dites en Russie, des pertes colossales\",\"isPartOf\":{\"@id\":\"https:\\\/\\\/www.webdo.tn\\\/fr\\\/#website\"},\"primaryImageOfPage\":{\"@id\":\"https:\\\/\\\/www.webdo.tn\\\/fr\\\/actualite\\\/international\\\/frappes-ukrainiennes-inedites-en-russie-des-pertes-colossales\\\/222329\\\/#primaryimage\"},\"image\":{\"@id\":\"https:\\\/\\\/www.webdo.tn\\\/fr\\\/actualite\\\/international\\\/frappes-ukrainiennes-inedites-en-russie-des-pertes-colossales\\\/222329\\\/#primaryimage\"},\"thumbnailUrl\":\"https:\\\/\\\/www.webdo.tn\\\/fr\\\/wp-content\\\/uploads\\\/2025\\\/06\\\/bd21eb81f9b14eb15920a86f16b2a68f.webp\",\"datePublished\":\"2025-06-02T07:16:00+00:00\",\"description\":\"L\u2019Ukraine a men\u00e9 une attaque de drones sans pr\u00e9c\u00e9dent sur des bases a\u00e9riennes russes \u00e0 des milliers de kilom\u00e8tres, endommageant 41 avions et causant 7 milliards...\",\"breadcrumb\":{\"@id\":\"https:\\\/\\\/www.webdo.tn\\\/fr\\\/actualite\\\/international\\\/frappes-ukrainiennes-inedites-en-russie-des-pertes-colossales\\\/222329\\\/#breadcrumb\"},\"inLanguage\":\"fr-FR\",\"potentialAction\":[{\"@type\":\"ReadAction\",\"target\":[\"https:\\\/\\\/www.webdo.tn\\\/fr\\\/actualite\\\/international\\\/frappes-ukrainiennes-inedites-en-russie-des-pertes-colossales\\\/222329\\\/\"]}]},{\"@type\":\"ImageObject\",\"inLanguage\":\"fr-FR\",\"@id\":\"https:\\\/\\\/www.webdo.tn\\\/fr\\\/actualite\\\/international\\\/frappes-ukrainiennes-inedites-en-russie-des-pertes-colossales\\\/222329\\\/#primaryimage\",\"url\":\"https:\\\/\\\/www.webdo.tn\\\/fr\\\/wp-content\\\/uploads\\\/2025\\\/06\\\/bd21eb81f9b14eb15920a86f16b2a68f.webp\",\"contentUrl\":\"https:\\\/\\\/www.webdo.tn\\\/fr\\\/wp-content\\\/uploads\\\/2025\\\/06\\\/bd21eb81f9b14eb15920a86f16b2a68f.webp\",\"width\":750,\"height\":400,\"caption\":\"Frappes ukrainiennes in\u00e9dites en Russie, des pertes colossales\"},{\"@type\":\"BreadcrumbList\",\"@id\":\"https:\\\/\\\/www.webdo.tn\\\/fr\\\/actualite\\\/international\\\/frappes-ukrainiennes-inedites-en-russie-des-pertes-colossales\\\/222329\\\/#breadcrumb\",\"itemListElement\":[{\"@type\":\"ListItem\",\"position\":1,\"name\":\"Accueil\",\"item\":\"https:\\\/\\\/www.webdo.tn\\\/fr\\\/\"},{\"@type\":\"ListItem\",\"position\":2,\"name\":\"Frappes ukrainiennes in\u00e9dites en Russie, des pertes colossales\"}]},{\"@type\":\"WebSite\",\"@id\":\"https:\\\/\\\/www.webdo.tn\\\/fr\\\/#website\",\"url\":\"https:\\\/\\\/www.webdo.tn\\\/fr\\\/\",\"name\":\"webdo\",\"description\":\"Tunisie - News en Tunisie et \u00e0 l&#039;international sur Webdo.tn\",\"publisher\":{\"@id\":\"https:\\\/\\\/www.webdo.tn\\\/fr\\\/#organization\"},\"potentialAction\":[{\"@type\":\"SearchAction\",\"target\":{\"@type\":\"EntryPoint\",\"urlTemplate\":\"https:\\\/\\\/www.webdo.tn\\\/fr\\\/?s={search_term_string}\"},\"query-input\":{\"@type\":\"PropertyValueSpecification\",\"valueRequired\":true,\"valueName\":\"search_term_string\"}}],\"inLanguage\":\"fr-FR\"},{\"@type\":\"Organization\",\"@id\":\"https:\\\/\\\/www.webdo.tn\\\/fr\\\/#organization\",\"name\":\"Webdo\",\"alternateName\":\"Webdo.tn\",\"url\":\"https:\\\/\\\/www.webdo.tn\\\/fr\\\/\",\"logo\":{\"@type\":\"ImageObject\",\"inLanguage\":\"fr-FR\",\"@id\":\"https:\\\/\\\/www.webdo.tn\\\/fr\\\/#\\\/schema\\\/logo\\\/image\\\/\",\"url\":\"https:\\\/\\\/www.webdo.tn\\\/fr\\\/wp-content\\\/uploads\\\/2025\\\/06\\\/Webdo-Tunisie_168377.jpg\",\"contentUrl\":\"https:\\\/\\\/www.webdo.tn\\\/fr\\\/wp-content\\\/uploads\\\/2025\\\/06\\\/Webdo-Tunisie_168377.jpg\",\"width\":301,\"height\":301,\"caption\":\"Webdo\"},\"image\":{\"@id\":\"https:\\\/\\\/www.webdo.tn\\\/fr\\\/#\\\/schema\\\/logo\\\/image\\\/\"},\"sameAs\":[\"https:\\\/\\\/www.facebook.com\\\/webdotn\",\"https:\\\/\\\/x.com\\\/webdo_tn\"],\"description\":\"Webdo est un m\u00e9dia num\u00e9rique tunisien fond\u00e9 en 2010, sp\u00e9cialis\u00e9 dans l\u2019actualit\u00e9 nationale et internationale, l\u2019\u00e9conomie, la soci\u00e9t\u00e9 et les analyses politiques. Le site s\u2019adresse \u00e0 un large public francophone et couvre l\u2019information tunisienne en temps r\u00e9el.\",\"email\":\"redac@webdo.tn\",\"legalName\":\"YNJ SARL\",\"foundingDate\":\"2010-09-06\",\"numberOfEmployees\":{\"@type\":\"QuantitativeValue\",\"minValue\":\"11\",\"maxValue\":\"50\"}},{\"@type\":\"Person\",\"@id\":\"https:\\\/\\\/www.webdo.tn\\\/fr\\\/#\\\/schema\\\/person\\\/2c4929cbf5a809e3bd38617c6ce150f6\",\"name\":\"MC\",\"image\":{\"@type\":\"ImageObject\",\"inLanguage\":\"fr-FR\",\"@id\":\"https:\\\/\\\/secure.gravatar.com\\\/avatar\\\/a545bbb6f84efdd5553dbbc2895e3ca8f1d12c5215e00a041c9670b54aa9b18a?s=96&d=mm&r=g\",\"url\":\"https:\\\/\\\/secure.gravatar.com\\\/avatar\\\/a545bbb6f84efdd5553dbbc2895e3ca8f1d12c5215e00a041c9670b54aa9b18a?s=96&d=mm&r=g\",\"contentUrl\":\"https:\\\/\\\/secure.gravatar.com\\\/avatar\\\/a545bbb6f84efdd5553dbbc2895e3ca8f1d12c5215e00a041c9670b54aa9b18a?s=96&d=mm&r=g\",\"caption\":\"MC\"},\"url\":\"https:\\\/\\\/www.webdo.tn\\\/fr\\\/actualite\\\/author\\\/mc\\\/\"}]}<\/script>\n<!-- \/ Yoast SEO Premium plugin. -->","yoast_head_json":{"title":"Frappes ukrainiennes in\u00e9dites en Russie, des pertes colossales","description":"L\u2019Ukraine a men\u00e9 une attaque de drones sans pr\u00e9c\u00e9dent sur des bases a\u00e9riennes russes \u00e0 des milliers de kilom\u00e8tres, endommageant 41 avions et causant 7 milliards...","canonical":"https:\/\/www.webdo.tn\/fr\/actualite\/international\/frappes-ukrainiennes-inedites-en-russie-des-pertes-colossales\/222329\/","og_locale":"fr_FR","og_type":"article","og_title":"Frappes ukrainiennes in\u00e9dites en Russie, des pertes colossales","og_description":"L\u2019Ukraine a men\u00e9 une attaque de drones sans pr\u00e9c\u00e9dent sur des bases a\u00e9riennes russes \u00e0 des milliers de kilom\u00e8tres, endommageant 41 avions et causant 7 milliards...","og_url":"https:\/\/www.webdo.tn\/fr\/actualite\/international\/frappes-ukrainiennes-inedites-en-russie-des-pertes-colossales\/222329\/","og_site_name":"webdo","article_publisher":"https:\/\/www.facebook.com\/webdotn","article_published_time":"2025-06-02T07:16:00+00:00","og_image":[{"width":750,"height":400,"url":"https:\/\/www.webdo.tn\/fr\/wp-content\/uploads\/2025\/06\/bd21eb81f9b14eb15920a86f16b2a68f.webp","type":"image\/webp"}],"author":"MC","twitter_card":"summary_large_image","twitter_creator":"@webdo_tn","twitter_site":"@webdo_tn","twitter_misc":{"\u00c9crit par":"MC","Dur\u00e9e de lecture estim\u00e9e":"1 minute"},"schema":{"@context":"https:\/\/schema.org","@graph":[{"@type":"NewsArticle","@id":"https:\/\/www.webdo.tn\/fr\/actualite\/international\/frappes-ukrainiennes-inedites-en-russie-des-pertes-colossales\/222329\/#article","isPartOf":{"@id":"https:\/\/www.webdo.tn\/fr\/actualite\/international\/frappes-ukrainiennes-inedites-en-russie-des-pertes-colossales\/222329\/"},"author":{"name":"MC","@id":"https:\/\/www.webdo.tn\/fr\/#\/schema\/person\/2c4929cbf5a809e3bd38617c6ce150f6"},"headline":"Frappes ukrainiennes in\u00e9dites en Russie, des pertes colossales","datePublished":"2025-06-02T07:16:00+00:00","mainEntityOfPage":{"@id":"https:\/\/www.webdo.tn\/fr\/actualite\/international\/frappes-ukrainiennes-inedites-en-russie-des-pertes-colossales\/222329\/"},"wordCount":237,"commentCount":0,"publisher":{"@id":"https:\/\/www.webdo.tn\/fr\/#organization"},"image":{"@id":"https:\/\/www.webdo.tn\/fr\/actualite\/international\/frappes-ukrainiennes-inedites-en-russie-des-pertes-colossales\/222329\/#primaryimage"},"thumbnailUrl":"https:\/\/www.webdo.tn\/fr\/wp-content\/uploads\/2025\/06\/bd21eb81f9b14eb15920a86f16b2a68f.webp","keywords":["Avion","guerre","perte","Russie","Ukraine"],"articleSection":["International"],"inLanguage":"fr-FR"},{"@type":"WebPage","@id":"https:\/\/www.webdo.tn\/fr\/actualite\/international\/frappes-ukrainiennes-inedites-en-russie-des-pertes-colossales\/222329\/","url":"https:\/\/www.webdo.tn\/fr\/actualite\/international\/frappes-ukrainiennes-inedites-en-russie-des-pertes-colossales\/222329\/","name":"Frappes ukrainiennes in\u00e9dites en Russie, des pertes colossales","isPartOf":{"@id":"https:\/\/www.webdo.tn\/fr\/#website"},"primaryImageOfPage":{"@id":"https:\/\/www.webdo.tn\/fr\/actualite\/international\/frappes-ukrainiennes-inedites-en-russie-des-pertes-colossales\/222329\/#primaryimage"},"image":{"@id":"https:\/\/www.webdo.tn\/fr\/actualite\/international\/frappes-ukrainiennes-inedites-en-russie-des-pertes-colossales\/222329\/#primaryimage"},"thumbnailUrl":"https:\/\/www.webdo.tn\/fr\/wp-content\/uploads\/2025\/06\/bd21eb81f9b14eb15920a86f16b2a68f.webp","datePublished":"2025-06-02T07:16:00+00:00","description":"L\u2019Ukraine a men\u00e9 une attaque de drones sans pr\u00e9c\u00e9dent sur des bases a\u00e9riennes russes \u00e0 des milliers de kilom\u00e8tres, endommageant 41 avions et causant 7 milliards...","breadcrumb":{"@id":"https:\/\/www.webdo.tn\/fr\/actualite\/international\/frappes-ukrainiennes-inedites-en-russie-des-pertes-colossales\/222329\/#breadcrumb"},"inLanguage":"fr-FR","potentialAction":[{"@type":"ReadAction","target":["https:\/\/www.webdo.tn\/fr\/actualite\/international\/frappes-ukrainiennes-inedites-en-russie-des-pertes-colossales\/222329\/"]}]},{"@type":"ImageObject","inLanguage":"fr-FR","@id":"https:\/\/www.webdo.tn\/fr\/actualite\/international\/frappes-ukrainiennes-inedites-en-russie-des-pertes-colossales\/222329\/#primaryimage","url":"https:\/\/www.webdo.tn\/fr\/wp-content\/uploads\/2025\/06\/bd21eb81f9b14eb15920a86f16b2a68f.webp","contentUrl":"https:\/\/www.webdo.tn\/fr\/wp-content\/uploads\/2025\/06\/bd21eb81f9b14eb15920a86f16b2a68f.webp","width":750,"height":400,"caption":"Frappes ukrainiennes in\u00e9dites en Russie, des pertes colossales"},{"@type":"BreadcrumbList","@id":"https:\/\/www.webdo.tn\/fr\/actualite\/international\/frappes-ukrainiennes-inedites-en-russie-des-pertes-colossales\/222329\/#breadcrumb","itemListElement":[{"@type":"ListItem","position":1,"name":"Accueil","item":"https:\/\/www.webdo.tn\/fr\/"},{"@type":"ListItem","position":2,"name":"Frappes ukrainiennes in\u00e9dites en Russie, des pertes colossales"}]},{"@type":"WebSite","@id":"https:\/\/www.webdo.tn\/fr\/#website","url":"https:\/\/www.webdo.tn\/fr\/","name":"webdo","description":"Tunisie - News en Tunisie et \u00e0 l&#039;international sur Webdo.tn","publisher":{"@id":"https:\/\/www.webdo.tn\/fr\/#organization"},"potentialAction":[{"@type":"SearchAction","target":{"@type":"EntryPoint","urlTemplate":"https:\/\/www.webdo.tn\/fr\/?s={search_term_string}"},"query-input":{"@type":"PropertyValueSpecification","valueRequired":true,"valueName":"search_term_string"}}],"inLanguage":"fr-FR"},{"@type":"Organization","@id":"https:\/\/www.webdo.tn\/fr\/#organization","name":"Webdo","alternateName":"Webdo.tn","url":"https:\/\/www.webdo.tn\/fr\/","logo":{"@type":"ImageObject","inLanguage":"fr-FR","@id":"https:\/\/www.webdo.tn\/fr\/#\/schema\/logo\/image\/","url":"https:\/\/www.webdo.tn\/fr\/wp-content\/uploads\/2025\/06\/Webdo-Tunisie_168377.jpg","contentUrl":"https:\/\/www.webdo.tn\/fr\/wp-content\/uploads\/2025\/06\/Webdo-Tunisie_168377.jpg","width":301,"height":301,"caption":"Webdo"},"image":{"@id":"https:\/\/www.webdo.tn\/fr\/#\/schema\/logo\/image\/"},"sameAs":["https:\/\/www.facebook.com\/webdotn","https:\/\/x.com\/webdo_tn"],"description":"Webdo est un m\u00e9dia num\u00e9rique tunisien fond\u00e9 en 2010, sp\u00e9cialis\u00e9 dans l\u2019actualit\u00e9 nationale et internationale, l\u2019\u00e9conomie, la soci\u00e9t\u00e9 et les analyses politiques. Le site s\u2019adresse \u00e0 un large public francophone et couvre l\u2019information tunisienne en temps r\u00e9el.","email":"redac@webdo.tn","legalName":"YNJ SARL","foundingDate":"2010-09-06","numberOfEmployees":{"@type":"QuantitativeValue","minValue":"11","maxValue":"50"}},{"@type":"Person","@id":"https:\/\/www.webdo.tn\/fr\/#\/schema\/person\/2c4929cbf5a809e3bd38617c6ce150f6","name":"MC","image":{"@type":"ImageObject","inLanguage":"fr-FR","@id":"https:\/\/secure.gravatar.com\/avatar\/a545bbb6f84efdd5553dbbc2895e3ca8f1d12c5215e00a041c9670b54aa9b18a?s=96&d=mm&r=g","url":"https:\/\/secure.gravatar.com\/avatar\/a545bbb6f84efdd5553dbbc2895e3ca8f1d12c5215e00a041c9670b54aa9b18a?s=96&d=mm&r=g","contentUrl":"https:\/\/secure.gravatar.com\/avatar\/a545bbb6f84efdd5553dbbc2895e3ca8f1d12c5215e00a041c9670b54aa9b18a?s=96&d=mm&r=g","caption":"MC"},"url":"https:\/\/www.webdo.tn\/fr\/actualite\/author\/mc\/"}]}},"_links":{"self":[{"href":"https:\/\/www.webdo.tn\/fr\/wp-json\/wp\/v2\/posts\/222329","targetHints":{"allow":["GET"]}}],"collection":[{"href":"https:\/\/www.webdo.tn\/fr\/wp-json\/wp\/v2\/posts"}],"about":[{"href":"https:\/\/www.webdo.tn\/fr\/wp-json\/wp\/v2\/types\/post"}],"author":[{"embeddable":true,"href":"https:\/\/www.webdo.tn\/fr\/wp-json\/wp\/v2\/users\/3162"}],"replies":[{"embeddable":true,"href":"https:\/\/www.webdo.tn\/fr\/wp-json\/wp\/v2\/comments?post=222329"}],"version-history":[{"count":0,"href":"https:\/\/www.webdo.tn\/fr\/wp-json\/wp\/v2\/posts\/222329\/revisions"}],"wp:featuredmedia":[{"embeddable":true,"href":"https:\/\/www.webdo.tn\/fr\/wp-json\/wp\/v2\/media\/365973"}],"wp:attachment":[{"href":"https:\/\/www.webdo.tn\/fr\/wp-json\/wp\/v2\/media?parent=222329"}],"wp:term":[{"taxonomy":"category","embeddable":true,"href":"https:\/\/www.webdo.tn\/fr\/wp-json\/wp\/v2\/categories?post=222329"},{"taxonomy":"post_tag","embeddable":true,"href":"https:\/\/www.webdo.tn\/fr\/wp-json\/wp\/v2\/tags?post=222329"}],"curies":[{"name":"wp","href":"https:\/\/api.w.org\/{rel}","templated":true}]}}