{"id":222325,"date":"2025-06-01T13:19:00","date_gmt":"2025-06-01T13:19:00","guid":{"rendered":"https:\/\/www.webdo.tn\/fr\/actualite\/blog\/coupe-du-monde-des-clubs-2025-le-calendrier-de-l-esperance-devoile\/222325\/"},"modified":"2025-06-01T13:19:00","modified_gmt":"2025-06-01T13:19:00","slug":"coupe-du-monde-des-clubs-2025-le-calendrier-de-l-esperance-devoile","status":"publish","type":"post","link":"https:\/\/www.webdo.tn\/fr\/actualite\/sport\/coupe-du-monde-des-clubs-2025-le-calendrier-de-l-esperance-devoile\/222325\/","title":{"rendered":"Coupe du Monde des clubs 2025 : Le calendrier de l\u2019Esp\u00e9rance d\u00e9voil\u00e9"},"content":{"rendered":"<p>L\u2019Esp\u00e9rance Sportive de Tunis conna\u00eet d\u00e9sormais son programme pour le premier tour de la Coupe du Monde des clubs 2025. Vers\u00e9e dans le groupe D aux c\u00f4t\u00e9s de Chelsea, Flamengo et Los Angeles FC, la formation sang et or entamera la comp\u00e9tition face \u00e0 de redoutables adversaires sur le sol am\u00e9ricain.<\/p>\n<p> L\u2019EST d\u00e9butera son parcours dans la nuit du lundi 16 au mardi 17 juin, avec une premi\u00e8re affiche face aux Br\u00e9siliens de Flamengo, au Lincoln Financial Field de Philadelphie. Le coup d\u2019envoi est pr\u00e9vu \u00e0 02h00 (heure tunisienne).<\/p>\n<p>Pour sa deuxi\u00e8me sortie, l\u2019Esp\u00e9rance retrouvera les Am\u00e9ricains de Los Angeles FC, le vendredi 20 juin \u00e0 23h00, toujours \u00e0 Philadelphie.<\/p>\n<p>Enfin, les co\u00e9quipiers de Chiheb Jebali termineront ce premier tour par un choc face au club anglais de Chelsea, dans la nuit du mardi 24 au mercredi 25 juin, \u00e0 02h00, toujours au Lincoln Financial Field.<\/p>\n<p>Calendrier complet du groupe D<\/p>\n<p>* Lundi 16 juin &#8211; Mercedes-Benz Stadium (Atlanta)<br \/>\n20h00 : Chelsea &#8211; Los Angeles FC<\/p>\n<p>* Mardi 17 juin &#8211; Lincoln Financial Field (Philadelphie)<br \/>\n02h00 : Esp\u00e9rance ST &#8211; Flamengo<\/p>\n<p>* Vendredi 20 juin &#8211; Lincoln Financial Field<br \/>\n19h00 : Flamengo &#8211; Chelsea<\/p>\n<p>* Vendredi 20 juin &#8211; GEODIS Park (Nashville)<br \/>\n23h00 : Esp\u00e9rance ST &#8211; Los Angeles FC<\/p>\n<p>Mercredi 25 juin &#8211; Lincoln Financial Field<br \/>\n02h00 : Esp\u00e9rance ST &#8211; Chelsea<\/p>\n<p>Mercredi 25 juin &#8211; Camping World Stadium (Orlando)<br \/>\n02h00 : Flamengo &#8211; Los Angeles FC<\/p>\n","protected":false},"excerpt":{"rendered":"<p>D\u00e9couvrez le calendrier complet de l\u2019Esp\u00e9rance Sportive de Tunis au premier tour de la Coupe du Monde des clubs 2025. Dates, horaires et stades des matchs face&#8230;<\/p>\n","protected":false},"author":3162,"featured_media":365970,"comment_status":"open","ping_status":"closed","sticky":false,"template":"","format":"standard","meta":{"footnotes":""},"categories":[2593],"tags":[4507,5123,3102,2622],"class_list":["post-222325","post","type-post","status-publish","format-standard","has-post-thumbnail","hentry","category-sport","tag-calendrier","tag-coupe-du-monde-des-clubs","tag-esperance-st","tag-football"],"yoast_head":"<!-- This site is optimized with the Yoast SEO Premium plugin v27.4 (Yoast SEO v27.5) - https:\/\/yoast.com\/product\/yoast-seo-premium-wordpress\/ -->\n<title>Coupe du Monde des clubs 2025 : Le calendrier de l\u2019Esp\u00e9rance d\u00e9voil\u00e9<\/title>\n<meta name=\"description\" content=\"D\u00e9couvrez le calendrier complet de l\u2019Esp\u00e9rance Sportive de Tunis au premier tour de la Coupe du Monde des clubs 2025. Dates, horaires et stades des matchs face...\" \/>\n<link rel=\"canonical\" href=\"https:\/\/www.webdo.tn\/fr\/actualite\/sport\/coupe-du-monde-des-clubs-2025-le-calendrier-de-l-esperance-devoile\/222325\/\" \/>\n<meta property=\"og:locale\" content=\"fr_FR\" \/>\n<meta property=\"og:type\" content=\"article\" \/>\n<meta property=\"og:title\" content=\"Coupe du Monde des clubs 2025 : Le calendrier de l\u2019Esp\u00e9rance d\u00e9voil\u00e9\" \/>\n<meta property=\"og:description\" content=\"D\u00e9couvrez le calendrier complet de l\u2019Esp\u00e9rance Sportive de Tunis au premier tour de la Coupe du Monde des clubs 2025. Dates, horaires et stades des matchs face...\" \/>\n<meta property=\"og:url\" content=\"https:\/\/www.webdo.tn\/fr\/actualite\/sport\/coupe-du-monde-des-clubs-2025-le-calendrier-de-l-esperance-devoile\/222325\/\" \/>\n<meta property=\"og:site_name\" content=\"webdo\" \/>\n<meta property=\"article:publisher\" content=\"https:\/\/www.facebook.com\/webdotn\" \/>\n<meta property=\"article:published_time\" content=\"2025-06-01T13:19:00+00:00\" \/>\n<meta property=\"og:image\" content=\"https:\/\/www.webdo.tn\/fr\/wp-content\/uploads\/2025\/06\/8e9e9fc166212079fd8310babfc70ff8.webp\" \/>\n\t<meta property=\"og:image:width\" content=\"750\" \/>\n\t<meta property=\"og:image:height\" content=\"400\" \/>\n\t<meta property=\"og:image:type\" content=\"image\/webp\" \/>\n<meta name=\"author\" content=\"MC\" \/>\n<meta name=\"twitter:card\" content=\"summary_large_image\" \/>\n<meta name=\"twitter:creator\" content=\"@webdo_tn\" \/>\n<meta name=\"twitter:site\" content=\"@webdo_tn\" \/>\n<meta name=\"twitter:label1\" content=\"\u00c9crit par\" \/>\n\t<meta name=\"twitter:data1\" content=\"MC\" \/>\n\t<meta name=\"twitter:label2\" content=\"Dur\u00e9e de lecture estim\u00e9e\" \/>\n\t<meta name=\"twitter:data2\" content=\"1 minute\" \/>\n<script type=\"application\/ld+json\" class=\"yoast-schema-graph\">{\"@context\":\"https:\\\/\\\/schema.org\",\"@graph\":[{\"@type\":\"NewsArticle\",\"@id\":\"https:\\\/\\\/www.webdo.tn\\\/fr\\\/actualite\\\/sport\\\/coupe-du-monde-des-clubs-2025-le-calendrier-de-l-esperance-devoile\\\/222325\\\/#article\",\"isPartOf\":{\"@id\":\"https:\\\/\\\/www.webdo.tn\\\/fr\\\/actualite\\\/sport\\\/coupe-du-monde-des-clubs-2025-le-calendrier-de-l-esperance-devoile\\\/222325\\\/\"},\"author\":{\"name\":\"MC\",\"@id\":\"https:\\\/\\\/www.webdo.tn\\\/fr\\\/#\\\/schema\\\/person\\\/2c4929cbf5a809e3bd38617c6ce150f6\"},\"headline\":\"Coupe du Monde des clubs 2025 : Le calendrier de l\u2019Esp\u00e9rance d\u00e9voil\u00e9\",\"datePublished\":\"2025-06-01T13:19:00+00:00\",\"mainEntityOfPage\":{\"@id\":\"https:\\\/\\\/www.webdo.tn\\\/fr\\\/actualite\\\/sport\\\/coupe-du-monde-des-clubs-2025-le-calendrier-de-l-esperance-devoile\\\/222325\\\/\"},\"wordCount\":247,\"commentCount\":0,\"publisher\":{\"@id\":\"https:\\\/\\\/www.webdo.tn\\\/fr\\\/#organization\"},\"image\":{\"@id\":\"https:\\\/\\\/www.webdo.tn\\\/fr\\\/actualite\\\/sport\\\/coupe-du-monde-des-clubs-2025-le-calendrier-de-l-esperance-devoile\\\/222325\\\/#primaryimage\"},\"thumbnailUrl\":\"https:\\\/\\\/www.webdo.tn\\\/fr\\\/wp-content\\\/uploads\\\/2025\\\/06\\\/8e9e9fc166212079fd8310babfc70ff8.webp\",\"keywords\":[\"calendrier\",\"coupe du monde des clubs\",\"esp\u00e9rance st\",\"football\"],\"articleSection\":[\"Sport\"],\"inLanguage\":\"fr-FR\"},{\"@type\":\"WebPage\",\"@id\":\"https:\\\/\\\/www.webdo.tn\\\/fr\\\/actualite\\\/sport\\\/coupe-du-monde-des-clubs-2025-le-calendrier-de-l-esperance-devoile\\\/222325\\\/\",\"url\":\"https:\\\/\\\/www.webdo.tn\\\/fr\\\/actualite\\\/sport\\\/coupe-du-monde-des-clubs-2025-le-calendrier-de-l-esperance-devoile\\\/222325\\\/\",\"name\":\"Coupe du Monde des clubs 2025 : Le calendrier de l\u2019Esp\u00e9rance d\u00e9voil\u00e9\",\"isPartOf\":{\"@id\":\"https:\\\/\\\/www.webdo.tn\\\/fr\\\/#website\"},\"primaryImageOfPage\":{\"@id\":\"https:\\\/\\\/www.webdo.tn\\\/fr\\\/actualite\\\/sport\\\/coupe-du-monde-des-clubs-2025-le-calendrier-de-l-esperance-devoile\\\/222325\\\/#primaryimage\"},\"image\":{\"@id\":\"https:\\\/\\\/www.webdo.tn\\\/fr\\\/actualite\\\/sport\\\/coupe-du-monde-des-clubs-2025-le-calendrier-de-l-esperance-devoile\\\/222325\\\/#primaryimage\"},\"thumbnailUrl\":\"https:\\\/\\\/www.webdo.tn\\\/fr\\\/wp-content\\\/uploads\\\/2025\\\/06\\\/8e9e9fc166212079fd8310babfc70ff8.webp\",\"datePublished\":\"2025-06-01T13:19:00+00:00\",\"description\":\"D\u00e9couvrez le calendrier complet de l\u2019Esp\u00e9rance Sportive de Tunis au premier tour de la Coupe du Monde des clubs 2025. Dates, horaires et stades des matchs face...\",\"breadcrumb\":{\"@id\":\"https:\\\/\\\/www.webdo.tn\\\/fr\\\/actualite\\\/sport\\\/coupe-du-monde-des-clubs-2025-le-calendrier-de-l-esperance-devoile\\\/222325\\\/#breadcrumb\"},\"inLanguage\":\"fr-FR\",\"potentialAction\":[{\"@type\":\"ReadAction\",\"target\":[\"https:\\\/\\\/www.webdo.tn\\\/fr\\\/actualite\\\/sport\\\/coupe-du-monde-des-clubs-2025-le-calendrier-de-l-esperance-devoile\\\/222325\\\/\"]}]},{\"@type\":\"ImageObject\",\"inLanguage\":\"fr-FR\",\"@id\":\"https:\\\/\\\/www.webdo.tn\\\/fr\\\/actualite\\\/sport\\\/coupe-du-monde-des-clubs-2025-le-calendrier-de-l-esperance-devoile\\\/222325\\\/#primaryimage\",\"url\":\"https:\\\/\\\/www.webdo.tn\\\/fr\\\/wp-content\\\/uploads\\\/2025\\\/06\\\/8e9e9fc166212079fd8310babfc70ff8.webp\",\"contentUrl\":\"https:\\\/\\\/www.webdo.tn\\\/fr\\\/wp-content\\\/uploads\\\/2025\\\/06\\\/8e9e9fc166212079fd8310babfc70ff8.webp\",\"width\":750,\"height\":400,\"caption\":\"Coupe du Monde des clubs 2025 : Le calendrier de l\u2019Esp\u00e9rance d\u00e9voil\u00e9\"},{\"@type\":\"BreadcrumbList\",\"@id\":\"https:\\\/\\\/www.webdo.tn\\\/fr\\\/actualite\\\/sport\\\/coupe-du-monde-des-clubs-2025-le-calendrier-de-l-esperance-devoile\\\/222325\\\/#breadcrumb\",\"itemListElement\":[{\"@type\":\"ListItem\",\"position\":1,\"name\":\"Accueil\",\"item\":\"https:\\\/\\\/www.webdo.tn\\\/fr\\\/\"},{\"@type\":\"ListItem\",\"position\":2,\"name\":\"Coupe du Monde des clubs 2025 : Le calendrier de l\u2019Esp\u00e9rance d\u00e9voil\u00e9\"}]},{\"@type\":\"WebSite\",\"@id\":\"https:\\\/\\\/www.webdo.tn\\\/fr\\\/#website\",\"url\":\"https:\\\/\\\/www.webdo.tn\\\/fr\\\/\",\"name\":\"webdo\",\"description\":\"Tunisie - News en Tunisie et \u00e0 l&#039;international sur Webdo.tn\",\"publisher\":{\"@id\":\"https:\\\/\\\/www.webdo.tn\\\/fr\\\/#organization\"},\"potentialAction\":[{\"@type\":\"SearchAction\",\"target\":{\"@type\":\"EntryPoint\",\"urlTemplate\":\"https:\\\/\\\/www.webdo.tn\\\/fr\\\/?s={search_term_string}\"},\"query-input\":{\"@type\":\"PropertyValueSpecification\",\"valueRequired\":true,\"valueName\":\"search_term_string\"}}],\"inLanguage\":\"fr-FR\"},{\"@type\":\"Organization\",\"@id\":\"https:\\\/\\\/www.webdo.tn\\\/fr\\\/#organization\",\"name\":\"Webdo\",\"alternateName\":\"Webdo.tn\",\"url\":\"https:\\\/\\\/www.webdo.tn\\\/fr\\\/\",\"logo\":{\"@type\":\"ImageObject\",\"inLanguage\":\"fr-FR\",\"@id\":\"https:\\\/\\\/www.webdo.tn\\\/fr\\\/#\\\/schema\\\/logo\\\/image\\\/\",\"url\":\"https:\\\/\\\/www.webdo.tn\\\/fr\\\/wp-content\\\/uploads\\\/2025\\\/06\\\/Webdo-Tunisie_168377.jpg\",\"contentUrl\":\"https:\\\/\\\/www.webdo.tn\\\/fr\\\/wp-content\\\/uploads\\\/2025\\\/06\\\/Webdo-Tunisie_168377.jpg\",\"width\":301,\"height\":301,\"caption\":\"Webdo\"},\"image\":{\"@id\":\"https:\\\/\\\/www.webdo.tn\\\/fr\\\/#\\\/schema\\\/logo\\\/image\\\/\"},\"sameAs\":[\"https:\\\/\\\/www.facebook.com\\\/webdotn\",\"https:\\\/\\\/x.com\\\/webdo_tn\"],\"description\":\"Webdo est un m\u00e9dia num\u00e9rique tunisien fond\u00e9 en 2010, sp\u00e9cialis\u00e9 dans l\u2019actualit\u00e9 nationale et internationale, l\u2019\u00e9conomie, la soci\u00e9t\u00e9 et les analyses politiques. Le site s\u2019adresse \u00e0 un large public francophone et couvre l\u2019information tunisienne en temps r\u00e9el.\",\"email\":\"redac@webdo.tn\",\"legalName\":\"YNJ SARL\",\"foundingDate\":\"2010-09-06\",\"numberOfEmployees\":{\"@type\":\"QuantitativeValue\",\"minValue\":\"11\",\"maxValue\":\"50\"}},{\"@type\":\"Person\",\"@id\":\"https:\\\/\\\/www.webdo.tn\\\/fr\\\/#\\\/schema\\\/person\\\/2c4929cbf5a809e3bd38617c6ce150f6\",\"name\":\"MC\",\"image\":{\"@type\":\"ImageObject\",\"inLanguage\":\"fr-FR\",\"@id\":\"https:\\\/\\\/secure.gravatar.com\\\/avatar\\\/a545bbb6f84efdd5553dbbc2895e3ca8f1d12c5215e00a041c9670b54aa9b18a?s=96&d=mm&r=g\",\"url\":\"https:\\\/\\\/secure.gravatar.com\\\/avatar\\\/a545bbb6f84efdd5553dbbc2895e3ca8f1d12c5215e00a041c9670b54aa9b18a?s=96&d=mm&r=g\",\"contentUrl\":\"https:\\\/\\\/secure.gravatar.com\\\/avatar\\\/a545bbb6f84efdd5553dbbc2895e3ca8f1d12c5215e00a041c9670b54aa9b18a?s=96&d=mm&r=g\",\"caption\":\"MC\"},\"url\":\"https:\\\/\\\/www.webdo.tn\\\/fr\\\/actualite\\\/author\\\/mc\\\/\"}]}<\/script>\n<!-- \/ Yoast SEO Premium plugin. -->","yoast_head_json":{"title":"Coupe du Monde des clubs 2025 : Le calendrier de l\u2019Esp\u00e9rance d\u00e9voil\u00e9","description":"D\u00e9couvrez le calendrier complet de l\u2019Esp\u00e9rance Sportive de Tunis au premier tour de la Coupe du Monde des clubs 2025. Dates, horaires et stades des matchs face...","canonical":"https:\/\/www.webdo.tn\/fr\/actualite\/sport\/coupe-du-monde-des-clubs-2025-le-calendrier-de-l-esperance-devoile\/222325\/","og_locale":"fr_FR","og_type":"article","og_title":"Coupe du Monde des clubs 2025 : Le calendrier de l\u2019Esp\u00e9rance d\u00e9voil\u00e9","og_description":"D\u00e9couvrez le calendrier complet de l\u2019Esp\u00e9rance Sportive de Tunis au premier tour de la Coupe du Monde des clubs 2025. Dates, horaires et stades des matchs face...","og_url":"https:\/\/www.webdo.tn\/fr\/actualite\/sport\/coupe-du-monde-des-clubs-2025-le-calendrier-de-l-esperance-devoile\/222325\/","og_site_name":"webdo","article_publisher":"https:\/\/www.facebook.com\/webdotn","article_published_time":"2025-06-01T13:19:00+00:00","og_image":[{"width":750,"height":400,"url":"https:\/\/www.webdo.tn\/fr\/wp-content\/uploads\/2025\/06\/8e9e9fc166212079fd8310babfc70ff8.webp","type":"image\/webp"}],"author":"MC","twitter_card":"summary_large_image","twitter_creator":"@webdo_tn","twitter_site":"@webdo_tn","twitter_misc":{"\u00c9crit par":"MC","Dur\u00e9e de lecture estim\u00e9e":"1 minute"},"schema":{"@context":"https:\/\/schema.org","@graph":[{"@type":"NewsArticle","@id":"https:\/\/www.webdo.tn\/fr\/actualite\/sport\/coupe-du-monde-des-clubs-2025-le-calendrier-de-l-esperance-devoile\/222325\/#article","isPartOf":{"@id":"https:\/\/www.webdo.tn\/fr\/actualite\/sport\/coupe-du-monde-des-clubs-2025-le-calendrier-de-l-esperance-devoile\/222325\/"},"author":{"name":"MC","@id":"https:\/\/www.webdo.tn\/fr\/#\/schema\/person\/2c4929cbf5a809e3bd38617c6ce150f6"},"headline":"Coupe du Monde des clubs 2025 : Le calendrier de l\u2019Esp\u00e9rance d\u00e9voil\u00e9","datePublished":"2025-06-01T13:19:00+00:00","mainEntityOfPage":{"@id":"https:\/\/www.webdo.tn\/fr\/actualite\/sport\/coupe-du-monde-des-clubs-2025-le-calendrier-de-l-esperance-devoile\/222325\/"},"wordCount":247,"commentCount":0,"publisher":{"@id":"https:\/\/www.webdo.tn\/fr\/#organization"},"image":{"@id":"https:\/\/www.webdo.tn\/fr\/actualite\/sport\/coupe-du-monde-des-clubs-2025-le-calendrier-de-l-esperance-devoile\/222325\/#primaryimage"},"thumbnailUrl":"https:\/\/www.webdo.tn\/fr\/wp-content\/uploads\/2025\/06\/8e9e9fc166212079fd8310babfc70ff8.webp","keywords":["calendrier","coupe du monde des clubs","esp\u00e9rance st","football"],"articleSection":["Sport"],"inLanguage":"fr-FR"},{"@type":"WebPage","@id":"https:\/\/www.webdo.tn\/fr\/actualite\/sport\/coupe-du-monde-des-clubs-2025-le-calendrier-de-l-esperance-devoile\/222325\/","url":"https:\/\/www.webdo.tn\/fr\/actualite\/sport\/coupe-du-monde-des-clubs-2025-le-calendrier-de-l-esperance-devoile\/222325\/","name":"Coupe du Monde des clubs 2025 : Le calendrier de l\u2019Esp\u00e9rance d\u00e9voil\u00e9","isPartOf":{"@id":"https:\/\/www.webdo.tn\/fr\/#website"},"primaryImageOfPage":{"@id":"https:\/\/www.webdo.tn\/fr\/actualite\/sport\/coupe-du-monde-des-clubs-2025-le-calendrier-de-l-esperance-devoile\/222325\/#primaryimage"},"image":{"@id":"https:\/\/www.webdo.tn\/fr\/actualite\/sport\/coupe-du-monde-des-clubs-2025-le-calendrier-de-l-esperance-devoile\/222325\/#primaryimage"},"thumbnailUrl":"https:\/\/www.webdo.tn\/fr\/wp-content\/uploads\/2025\/06\/8e9e9fc166212079fd8310babfc70ff8.webp","datePublished":"2025-06-01T13:19:00+00:00","description":"D\u00e9couvrez le calendrier complet de l\u2019Esp\u00e9rance Sportive de Tunis au premier tour de la Coupe du Monde des clubs 2025. Dates, horaires et stades des matchs face...","breadcrumb":{"@id":"https:\/\/www.webdo.tn\/fr\/actualite\/sport\/coupe-du-monde-des-clubs-2025-le-calendrier-de-l-esperance-devoile\/222325\/#breadcrumb"},"inLanguage":"fr-FR","potentialAction":[{"@type":"ReadAction","target":["https:\/\/www.webdo.tn\/fr\/actualite\/sport\/coupe-du-monde-des-clubs-2025-le-calendrier-de-l-esperance-devoile\/222325\/"]}]},{"@type":"ImageObject","inLanguage":"fr-FR","@id":"https:\/\/www.webdo.tn\/fr\/actualite\/sport\/coupe-du-monde-des-clubs-2025-le-calendrier-de-l-esperance-devoile\/222325\/#primaryimage","url":"https:\/\/www.webdo.tn\/fr\/wp-content\/uploads\/2025\/06\/8e9e9fc166212079fd8310babfc70ff8.webp","contentUrl":"https:\/\/www.webdo.tn\/fr\/wp-content\/uploads\/2025\/06\/8e9e9fc166212079fd8310babfc70ff8.webp","width":750,"height":400,"caption":"Coupe du Monde des clubs 2025 : Le calendrier de l\u2019Esp\u00e9rance d\u00e9voil\u00e9"},{"@type":"BreadcrumbList","@id":"https:\/\/www.webdo.tn\/fr\/actualite\/sport\/coupe-du-monde-des-clubs-2025-le-calendrier-de-l-esperance-devoile\/222325\/#breadcrumb","itemListElement":[{"@type":"ListItem","position":1,"name":"Accueil","item":"https:\/\/www.webdo.tn\/fr\/"},{"@type":"ListItem","position":2,"name":"Coupe du Monde des clubs 2025 : Le calendrier de l\u2019Esp\u00e9rance d\u00e9voil\u00e9"}]},{"@type":"WebSite","@id":"https:\/\/www.webdo.tn\/fr\/#website","url":"https:\/\/www.webdo.tn\/fr\/","name":"webdo","description":"Tunisie - News en Tunisie et \u00e0 l&#039;international sur Webdo.tn","publisher":{"@id":"https:\/\/www.webdo.tn\/fr\/#organization"},"potentialAction":[{"@type":"SearchAction","target":{"@type":"EntryPoint","urlTemplate":"https:\/\/www.webdo.tn\/fr\/?s={search_term_string}"},"query-input":{"@type":"PropertyValueSpecification","valueRequired":true,"valueName":"search_term_string"}}],"inLanguage":"fr-FR"},{"@type":"Organization","@id":"https:\/\/www.webdo.tn\/fr\/#organization","name":"Webdo","alternateName":"Webdo.tn","url":"https:\/\/www.webdo.tn\/fr\/","logo":{"@type":"ImageObject","inLanguage":"fr-FR","@id":"https:\/\/www.webdo.tn\/fr\/#\/schema\/logo\/image\/","url":"https:\/\/www.webdo.tn\/fr\/wp-content\/uploads\/2025\/06\/Webdo-Tunisie_168377.jpg","contentUrl":"https:\/\/www.webdo.tn\/fr\/wp-content\/uploads\/2025\/06\/Webdo-Tunisie_168377.jpg","width":301,"height":301,"caption":"Webdo"},"image":{"@id":"https:\/\/www.webdo.tn\/fr\/#\/schema\/logo\/image\/"},"sameAs":["https:\/\/www.facebook.com\/webdotn","https:\/\/x.com\/webdo_tn"],"description":"Webdo est un m\u00e9dia num\u00e9rique tunisien fond\u00e9 en 2010, sp\u00e9cialis\u00e9 dans l\u2019actualit\u00e9 nationale et internationale, l\u2019\u00e9conomie, la soci\u00e9t\u00e9 et les analyses politiques. Le site s\u2019adresse \u00e0 un large public francophone et couvre l\u2019information tunisienne en temps r\u00e9el.","email":"redac@webdo.tn","legalName":"YNJ SARL","foundingDate":"2010-09-06","numberOfEmployees":{"@type":"QuantitativeValue","minValue":"11","maxValue":"50"}},{"@type":"Person","@id":"https:\/\/www.webdo.tn\/fr\/#\/schema\/person\/2c4929cbf5a809e3bd38617c6ce150f6","name":"MC","image":{"@type":"ImageObject","inLanguage":"fr-FR","@id":"https:\/\/secure.gravatar.com\/avatar\/a545bbb6f84efdd5553dbbc2895e3ca8f1d12c5215e00a041c9670b54aa9b18a?s=96&d=mm&r=g","url":"https:\/\/secure.gravatar.com\/avatar\/a545bbb6f84efdd5553dbbc2895e3ca8f1d12c5215e00a041c9670b54aa9b18a?s=96&d=mm&r=g","contentUrl":"https:\/\/secure.gravatar.com\/avatar\/a545bbb6f84efdd5553dbbc2895e3ca8f1d12c5215e00a041c9670b54aa9b18a?s=96&d=mm&r=g","caption":"MC"},"url":"https:\/\/www.webdo.tn\/fr\/actualite\/author\/mc\/"}]}},"_links":{"self":[{"href":"https:\/\/www.webdo.tn\/fr\/wp-json\/wp\/v2\/posts\/222325","targetHints":{"allow":["GET"]}}],"collection":[{"href":"https:\/\/www.webdo.tn\/fr\/wp-json\/wp\/v2\/posts"}],"about":[{"href":"https:\/\/www.webdo.tn\/fr\/wp-json\/wp\/v2\/types\/post"}],"author":[{"embeddable":true,"href":"https:\/\/www.webdo.tn\/fr\/wp-json\/wp\/v2\/users\/3162"}],"replies":[{"embeddable":true,"href":"https:\/\/www.webdo.tn\/fr\/wp-json\/wp\/v2\/comments?post=222325"}],"version-history":[{"count":0,"href":"https:\/\/www.webdo.tn\/fr\/wp-json\/wp\/v2\/posts\/222325\/revisions"}],"wp:featuredmedia":[{"embeddable":true,"href":"https:\/\/www.webdo.tn\/fr\/wp-json\/wp\/v2\/media\/365970"}],"wp:attachment":[{"href":"https:\/\/www.webdo.tn\/fr\/wp-json\/wp\/v2\/media?parent=222325"}],"wp:term":[{"taxonomy":"category","embeddable":true,"href":"https:\/\/www.webdo.tn\/fr\/wp-json\/wp\/v2\/categories?post=222325"},{"taxonomy":"post_tag","embeddable":true,"href":"https:\/\/www.webdo.tn\/fr\/wp-json\/wp\/v2\/tags?post=222325"}],"curies":[{"name":"wp","href":"https:\/\/api.w.org\/{rel}","templated":true}]}}