{"id":222309,"date":"2025-05-31T10:18:00","date_gmt":"2025-05-31T10:18:00","guid":{"rendered":"https:\/\/www.webdo.tn\/fr\/actualite\/blog\/tunisie-des-deputes-alertent-sur-les-derives-de-la-viande-avant-l-aid\/222309\/"},"modified":"2025-05-31T10:18:00","modified_gmt":"2025-05-31T10:18:00","slug":"tunisie-des-deputes-alertent-sur-les-derives-de-la-viande-avant-l-aid","status":"publish","type":"post","link":"https:\/\/www.webdo.tn\/fr\/actualite\/national\/tunisie-des-deputes-alertent-sur-les-derives-de-la-viande-avant-l-aid\/222309\/","title":{"rendered":"Tunisie : Des d\u00e9put\u00e9s alertent sur la gestion des viandes avant l\u2019A\u00efd"},"content":{"rendered":"<p>Les d\u00e9put\u00e9s alertent sur les failles de la Soci\u00e9t\u00e9 des Viandes avant l\u2019A\u00efd : dettes, gestion opaque, risques sanitaires et pr\u00e9carit\u00e9 du personnel.<\/p>\n<p> \u00c0 l\u2019approche de l\u2019A\u00efd el-Idha, une d\u00e9l\u00e9gation parlementaire a effectu\u00e9 une visite critique \u00e0 la Soci\u00e9t\u00e9 Ellouhoum. Les d\u00e9put\u00e9s de la commission Industrie, Commerce et \u00c9nergie ont voulu \u00e9valuer les pr\u00e9paratifs logistiques et sanitaires pour r\u00e9pondre \u00e0 la forte demande saisonni\u00e8re.<\/p>\n<p>Re\u00e7us par le directeur d\u00e9l\u00e9gu\u00e9 de l\u2019entreprise, ils ont assist\u00e9 \u00e0 une pr\u00e9sentation sur le r\u00f4le strat\u00e9gique de la soci\u00e9t\u00e9 : r\u00e9gulation du march\u00e9 des viandes rouges et gestion des abattoirs, rapporte la radio nationale. Ce dernier a \u00e9voqu\u00e9 la location d&rsquo;espaces commerciaux et de chambres froides pour am\u00e9liorer les revenus.<\/p>\n<p>Cependant, les parlementaires ont d\u00e9couvert de nombreuses failles. La soci\u00e9t\u00e9 croule sous les dettes contract\u00e9es aupr\u00e8s de la BNA depuis l\u2019\u00e9chec de l\u2019importation de moutons en 2012. En parall\u00e8le, des acteurs informels perturbent la cha\u00eene de distribution.<\/p>\n<p>La visite a mis en lumi\u00e8re des usages ill\u00e9gaux des locaux d&rsquo;\u00e9levage, utilis\u00e9es comme points de vente, ainsi qu\u2019une station d\u2019\u00e9puration \u00e0 l\u2019arr\u00eat depuis 2017, causant stagnation d\u2019eaux us\u00e9es et risques sanitaires pour les riverains.<\/p>\n<p>Des employ\u00e9s ont aussi exprim\u00e9 leur frustration face \u00e0 la pr\u00e9carit\u00e9 de leurs contrats et l\u2019instabilit\u00e9 administrative.<\/p>\n<p>Les d\u00e9put\u00e9s ont plaid\u00e9 pour une restructuration en profondeur, combinant aides fiscales (d\u00e9j\u00e0 pr\u00e9vues dans les LF 2024-2025), modernisation des abattoirs et valorisation des d\u00e9chets. Une r\u00e9forme intersectorielle incluant alimentation animale et production laiti\u00e8re est pr\u00e9conis\u00e9e.<\/p>\n","protected":false},"excerpt":{"rendered":"<p>Les d\u00e9put\u00e9s alertent sur les failles de la Soci\u00e9t\u00e9 des Viandes avant l\u2019A\u00efd : dettes, gestion opaque, risques sanitaires et pr\u00e9carit\u00e9 du personnel.<\/p>\n","protected":false},"author":4779,"featured_media":365988,"comment_status":"open","ping_status":"closed","sticky":false,"template":"","format":"standard","meta":{"footnotes":""},"categories":[44],"tags":[11670,11631,11669,2608],"class_list":["post-222309","post","type-post","status-publish","format-standard","has-post-thumbnail","hentry","category-national","tag-abattoirstunisie","tag-aidelidha2025","tag-societe-ellouhoum","tag-tunisie"],"yoast_head":"<!-- This site is optimized with the Yoast SEO Premium plugin v27.5 (Yoast SEO v27.5) - https:\/\/yoast.com\/product\/yoast-seo-premium-wordpress\/ -->\n<title>Tunisie : Des d\u00e9put\u00e9s alertent sur la gestion des viandes avant l\u2019A\u00efd<\/title>\n<meta name=\"description\" content=\"Les d\u00e9put\u00e9s alertent sur les failles de la Soci\u00e9t\u00e9 des Viandes avant l\u2019A\u00efd : dettes, gestion opaque, risques sanitaires et pr\u00e9carit\u00e9 du personnel.\" \/>\n<link rel=\"canonical\" href=\"https:\/\/www.webdo.tn\/fr\/actualite\/national\/tunisie-des-deputes-alertent-sur-les-derives-de-la-viande-avant-l-aid\/222309\/\" \/>\n<meta property=\"og:locale\" content=\"fr_FR\" \/>\n<meta property=\"og:type\" content=\"article\" \/>\n<meta property=\"og:title\" content=\"Tunisie : Des d\u00e9put\u00e9s alertent sur la gestion des viandes avant l\u2019A\u00efd\" \/>\n<meta property=\"og:description\" content=\"Les d\u00e9put\u00e9s alertent sur les failles de la Soci\u00e9t\u00e9 des Viandes avant l\u2019A\u00efd : dettes, gestion opaque, risques sanitaires et pr\u00e9carit\u00e9 du personnel.\" \/>\n<meta property=\"og:url\" content=\"https:\/\/www.webdo.tn\/fr\/actualite\/national\/tunisie-des-deputes-alertent-sur-les-derives-de-la-viande-avant-l-aid\/222309\/\" \/>\n<meta property=\"og:site_name\" content=\"webdo\" \/>\n<meta property=\"article:publisher\" content=\"https:\/\/www.facebook.com\/webdotn\" \/>\n<meta property=\"article:published_time\" content=\"2025-05-31T10:18:00+00:00\" \/>\n<meta property=\"og:image\" content=\"https:\/\/www.webdo.tn\/fr\/wp-content\/uploads\/2025\/05\/c5fcdb9a93a00c16fee79e132737cd4c.webp\" \/>\n\t<meta property=\"og:image:width\" content=\"750\" \/>\n\t<meta property=\"og:image:height\" content=\"400\" \/>\n\t<meta property=\"og:image:type\" content=\"image\/webp\" \/>\n<meta name=\"author\" content=\"Firas Ben Abdeltif\" \/>\n<meta name=\"twitter:card\" content=\"summary_large_image\" \/>\n<meta name=\"twitter:creator\" content=\"@webdo_tn\" \/>\n<meta name=\"twitter:site\" content=\"@webdo_tn\" \/>\n<meta name=\"twitter:label1\" content=\"\u00c9crit par\" \/>\n\t<meta name=\"twitter:data1\" content=\"Firas Ben Abdeltif\" \/>\n\t<meta name=\"twitter:label2\" content=\"Dur\u00e9e de lecture estim\u00e9e\" \/>\n\t<meta name=\"twitter:data2\" content=\"1 minute\" \/>\n<script type=\"application\/ld+json\" class=\"yoast-schema-graph\">{\"@context\":\"https:\\\/\\\/schema.org\",\"@graph\":[{\"@type\":\"NewsArticle\",\"@id\":\"https:\\\/\\\/www.webdo.tn\\\/fr\\\/actualite\\\/national\\\/tunisie-des-deputes-alertent-sur-les-derives-de-la-viande-avant-l-aid\\\/222309\\\/#article\",\"isPartOf\":{\"@id\":\"https:\\\/\\\/www.webdo.tn\\\/fr\\\/actualite\\\/national\\\/tunisie-des-deputes-alertent-sur-les-derives-de-la-viande-avant-l-aid\\\/222309\\\/\"},\"author\":{\"name\":\"Firas Ben Abdeltif\",\"@id\":\"https:\\\/\\\/www.webdo.tn\\\/fr\\\/#\\\/schema\\\/person\\\/19664196c9bfdcda126f3c27709f7d11\"},\"headline\":\"Tunisie : Des d\u00e9put\u00e9s alertent sur la gestion des viandes avant l\u2019A\u00efd\",\"datePublished\":\"2025-05-31T10:18:00+00:00\",\"mainEntityOfPage\":{\"@id\":\"https:\\\/\\\/www.webdo.tn\\\/fr\\\/actualite\\\/national\\\/tunisie-des-deputes-alertent-sur-les-derives-de-la-viande-avant-l-aid\\\/222309\\\/\"},\"wordCount\":303,\"commentCount\":0,\"publisher\":{\"@id\":\"https:\\\/\\\/www.webdo.tn\\\/fr\\\/#organization\"},\"image\":{\"@id\":\"https:\\\/\\\/www.webdo.tn\\\/fr\\\/actualite\\\/national\\\/tunisie-des-deputes-alertent-sur-les-derives-de-la-viande-avant-l-aid\\\/222309\\\/#primaryimage\"},\"thumbnailUrl\":\"https:\\\/\\\/www.webdo.tn\\\/fr\\\/wp-content\\\/uploads\\\/2025\\\/05\\\/c5fcdb9a93a00c16fee79e132737cd4c.webp\",\"keywords\":[\"AbattoirsTunisie\",\"A\u00efdElIdha2025\",\"Soci\u00e9t\u00e9 Ellouhoum\",\"Tunisie\"],\"articleSection\":[\"National\"],\"inLanguage\":\"fr-FR\"},{\"@type\":\"WebPage\",\"@id\":\"https:\\\/\\\/www.webdo.tn\\\/fr\\\/actualite\\\/national\\\/tunisie-des-deputes-alertent-sur-les-derives-de-la-viande-avant-l-aid\\\/222309\\\/\",\"url\":\"https:\\\/\\\/www.webdo.tn\\\/fr\\\/actualite\\\/national\\\/tunisie-des-deputes-alertent-sur-les-derives-de-la-viande-avant-l-aid\\\/222309\\\/\",\"name\":\"Tunisie : Des d\u00e9put\u00e9s alertent sur la gestion des viandes avant l\u2019A\u00efd\",\"isPartOf\":{\"@id\":\"https:\\\/\\\/www.webdo.tn\\\/fr\\\/#website\"},\"primaryImageOfPage\":{\"@id\":\"https:\\\/\\\/www.webdo.tn\\\/fr\\\/actualite\\\/national\\\/tunisie-des-deputes-alertent-sur-les-derives-de-la-viande-avant-l-aid\\\/222309\\\/#primaryimage\"},\"image\":{\"@id\":\"https:\\\/\\\/www.webdo.tn\\\/fr\\\/actualite\\\/national\\\/tunisie-des-deputes-alertent-sur-les-derives-de-la-viande-avant-l-aid\\\/222309\\\/#primaryimage\"},\"thumbnailUrl\":\"https:\\\/\\\/www.webdo.tn\\\/fr\\\/wp-content\\\/uploads\\\/2025\\\/05\\\/c5fcdb9a93a00c16fee79e132737cd4c.webp\",\"datePublished\":\"2025-05-31T10:18:00+00:00\",\"description\":\"Les d\u00e9put\u00e9s alertent sur les failles de la Soci\u00e9t\u00e9 des Viandes avant l\u2019A\u00efd : dettes, gestion opaque, risques sanitaires et pr\u00e9carit\u00e9 du personnel.\",\"breadcrumb\":{\"@id\":\"https:\\\/\\\/www.webdo.tn\\\/fr\\\/actualite\\\/national\\\/tunisie-des-deputes-alertent-sur-les-derives-de-la-viande-avant-l-aid\\\/222309\\\/#breadcrumb\"},\"inLanguage\":\"fr-FR\",\"potentialAction\":[{\"@type\":\"ReadAction\",\"target\":[\"https:\\\/\\\/www.webdo.tn\\\/fr\\\/actualite\\\/national\\\/tunisie-des-deputes-alertent-sur-les-derives-de-la-viande-avant-l-aid\\\/222309\\\/\"]}]},{\"@type\":\"ImageObject\",\"inLanguage\":\"fr-FR\",\"@id\":\"https:\\\/\\\/www.webdo.tn\\\/fr\\\/actualite\\\/national\\\/tunisie-des-deputes-alertent-sur-les-derives-de-la-viande-avant-l-aid\\\/222309\\\/#primaryimage\",\"url\":\"https:\\\/\\\/www.webdo.tn\\\/fr\\\/wp-content\\\/uploads\\\/2025\\\/05\\\/c5fcdb9a93a00c16fee79e132737cd4c.webp\",\"contentUrl\":\"https:\\\/\\\/www.webdo.tn\\\/fr\\\/wp-content\\\/uploads\\\/2025\\\/05\\\/c5fcdb9a93a00c16fee79e132737cd4c.webp\",\"width\":750,\"height\":400,\"caption\":\"Tunisie : Des d\u00e9put\u00e9s alertent sur la gestion des viandes avant l\u2019A\u00efd\"},{\"@type\":\"BreadcrumbList\",\"@id\":\"https:\\\/\\\/www.webdo.tn\\\/fr\\\/actualite\\\/national\\\/tunisie-des-deputes-alertent-sur-les-derives-de-la-viande-avant-l-aid\\\/222309\\\/#breadcrumb\",\"itemListElement\":[{\"@type\":\"ListItem\",\"position\":1,\"name\":\"Accueil\",\"item\":\"https:\\\/\\\/www.webdo.tn\\\/fr\\\/\"},{\"@type\":\"ListItem\",\"position\":2,\"name\":\"Tunisie : Des d\u00e9put\u00e9s alertent sur la gestion des viandes avant l\u2019A\u00efd\"}]},{\"@type\":\"WebSite\",\"@id\":\"https:\\\/\\\/www.webdo.tn\\\/fr\\\/#website\",\"url\":\"https:\\\/\\\/www.webdo.tn\\\/fr\\\/\",\"name\":\"webdo\",\"description\":\"Tunisie - News en Tunisie et \u00e0 l&#039;international sur Webdo.tn\",\"publisher\":{\"@id\":\"https:\\\/\\\/www.webdo.tn\\\/fr\\\/#organization\"},\"potentialAction\":[{\"@type\":\"SearchAction\",\"target\":{\"@type\":\"EntryPoint\",\"urlTemplate\":\"https:\\\/\\\/www.webdo.tn\\\/fr\\\/?s={search_term_string}\"},\"query-input\":{\"@type\":\"PropertyValueSpecification\",\"valueRequired\":true,\"valueName\":\"search_term_string\"}}],\"inLanguage\":\"fr-FR\"},{\"@type\":\"Organization\",\"@id\":\"https:\\\/\\\/www.webdo.tn\\\/fr\\\/#organization\",\"name\":\"Webdo\",\"alternateName\":\"Webdo.tn\",\"url\":\"https:\\\/\\\/www.webdo.tn\\\/fr\\\/\",\"logo\":{\"@type\":\"ImageObject\",\"inLanguage\":\"fr-FR\",\"@id\":\"https:\\\/\\\/www.webdo.tn\\\/fr\\\/#\\\/schema\\\/logo\\\/image\\\/\",\"url\":\"https:\\\/\\\/www.webdo.tn\\\/fr\\\/wp-content\\\/uploads\\\/2025\\\/06\\\/Webdo-Tunisie_168377.jpg\",\"contentUrl\":\"https:\\\/\\\/www.webdo.tn\\\/fr\\\/wp-content\\\/uploads\\\/2025\\\/06\\\/Webdo-Tunisie_168377.jpg\",\"width\":301,\"height\":301,\"caption\":\"Webdo\"},\"image\":{\"@id\":\"https:\\\/\\\/www.webdo.tn\\\/fr\\\/#\\\/schema\\\/logo\\\/image\\\/\"},\"sameAs\":[\"https:\\\/\\\/www.facebook.com\\\/webdotn\",\"https:\\\/\\\/x.com\\\/webdo_tn\"],\"description\":\"Webdo est un m\u00e9dia num\u00e9rique tunisien fond\u00e9 en 2010, sp\u00e9cialis\u00e9 dans l\u2019actualit\u00e9 nationale et internationale, l\u2019\u00e9conomie, la soci\u00e9t\u00e9 et les analyses politiques. Le site s\u2019adresse \u00e0 un large public francophone et couvre l\u2019information tunisienne en temps r\u00e9el.\",\"email\":\"redac@webdo.tn\",\"legalName\":\"YNJ SARL\",\"foundingDate\":\"2010-09-06\",\"numberOfEmployees\":{\"@type\":\"QuantitativeValue\",\"minValue\":\"11\",\"maxValue\":\"50\"}},{\"@type\":\"Person\",\"@id\":\"https:\\\/\\\/www.webdo.tn\\\/fr\\\/#\\\/schema\\\/person\\\/19664196c9bfdcda126f3c27709f7d11\",\"name\":\"Firas Ben Abdeltif\",\"image\":{\"@type\":\"ImageObject\",\"inLanguage\":\"fr-FR\",\"@id\":\"https:\\\/\\\/secure.gravatar.com\\\/avatar\\\/161a347d40df098a084778c52ed133dbd85f14df003867067c5948081241ec55?s=96&d=mm&r=g\",\"url\":\"https:\\\/\\\/secure.gravatar.com\\\/avatar\\\/161a347d40df098a084778c52ed133dbd85f14df003867067c5948081241ec55?s=96&d=mm&r=g\",\"contentUrl\":\"https:\\\/\\\/secure.gravatar.com\\\/avatar\\\/161a347d40df098a084778c52ed133dbd85f14df003867067c5948081241ec55?s=96&d=mm&r=g\",\"caption\":\"Firas Ben Abdeltif\"},\"url\":\"https:\\\/\\\/www.webdo.tn\\\/fr\\\/actualite\\\/author\\\/firas-ben-abdeltif\\\/\"}]}<\/script>\n<!-- \/ Yoast SEO Premium plugin. -->","yoast_head_json":{"title":"Tunisie : Des d\u00e9put\u00e9s alertent sur la gestion des viandes avant l\u2019A\u00efd","description":"Les d\u00e9put\u00e9s alertent sur les failles de la Soci\u00e9t\u00e9 des Viandes avant l\u2019A\u00efd : dettes, gestion opaque, risques sanitaires et pr\u00e9carit\u00e9 du personnel.","canonical":"https:\/\/www.webdo.tn\/fr\/actualite\/national\/tunisie-des-deputes-alertent-sur-les-derives-de-la-viande-avant-l-aid\/222309\/","og_locale":"fr_FR","og_type":"article","og_title":"Tunisie : Des d\u00e9put\u00e9s alertent sur la gestion des viandes avant l\u2019A\u00efd","og_description":"Les d\u00e9put\u00e9s alertent sur les failles de la Soci\u00e9t\u00e9 des Viandes avant l\u2019A\u00efd : dettes, gestion opaque, risques sanitaires et pr\u00e9carit\u00e9 du personnel.","og_url":"https:\/\/www.webdo.tn\/fr\/actualite\/national\/tunisie-des-deputes-alertent-sur-les-derives-de-la-viande-avant-l-aid\/222309\/","og_site_name":"webdo","article_publisher":"https:\/\/www.facebook.com\/webdotn","article_published_time":"2025-05-31T10:18:00+00:00","og_image":[{"width":750,"height":400,"url":"https:\/\/www.webdo.tn\/fr\/wp-content\/uploads\/2025\/05\/c5fcdb9a93a00c16fee79e132737cd4c.webp","type":"image\/webp"}],"author":"Firas Ben Abdeltif","twitter_card":"summary_large_image","twitter_creator":"@webdo_tn","twitter_site":"@webdo_tn","twitter_misc":{"\u00c9crit par":"Firas Ben Abdeltif","Dur\u00e9e de lecture estim\u00e9e":"1 minute"},"schema":{"@context":"https:\/\/schema.org","@graph":[{"@type":"NewsArticle","@id":"https:\/\/www.webdo.tn\/fr\/actualite\/national\/tunisie-des-deputes-alertent-sur-les-derives-de-la-viande-avant-l-aid\/222309\/#article","isPartOf":{"@id":"https:\/\/www.webdo.tn\/fr\/actualite\/national\/tunisie-des-deputes-alertent-sur-les-derives-de-la-viande-avant-l-aid\/222309\/"},"author":{"name":"Firas Ben Abdeltif","@id":"https:\/\/www.webdo.tn\/fr\/#\/schema\/person\/19664196c9bfdcda126f3c27709f7d11"},"headline":"Tunisie : Des d\u00e9put\u00e9s alertent sur la gestion des viandes avant l\u2019A\u00efd","datePublished":"2025-05-31T10:18:00+00:00","mainEntityOfPage":{"@id":"https:\/\/www.webdo.tn\/fr\/actualite\/national\/tunisie-des-deputes-alertent-sur-les-derives-de-la-viande-avant-l-aid\/222309\/"},"wordCount":303,"commentCount":0,"publisher":{"@id":"https:\/\/www.webdo.tn\/fr\/#organization"},"image":{"@id":"https:\/\/www.webdo.tn\/fr\/actualite\/national\/tunisie-des-deputes-alertent-sur-les-derives-de-la-viande-avant-l-aid\/222309\/#primaryimage"},"thumbnailUrl":"https:\/\/www.webdo.tn\/fr\/wp-content\/uploads\/2025\/05\/c5fcdb9a93a00c16fee79e132737cd4c.webp","keywords":["AbattoirsTunisie","A\u00efdElIdha2025","Soci\u00e9t\u00e9 Ellouhoum","Tunisie"],"articleSection":["National"],"inLanguage":"fr-FR"},{"@type":"WebPage","@id":"https:\/\/www.webdo.tn\/fr\/actualite\/national\/tunisie-des-deputes-alertent-sur-les-derives-de-la-viande-avant-l-aid\/222309\/","url":"https:\/\/www.webdo.tn\/fr\/actualite\/national\/tunisie-des-deputes-alertent-sur-les-derives-de-la-viande-avant-l-aid\/222309\/","name":"Tunisie : Des d\u00e9put\u00e9s alertent sur la gestion des viandes avant l\u2019A\u00efd","isPartOf":{"@id":"https:\/\/www.webdo.tn\/fr\/#website"},"primaryImageOfPage":{"@id":"https:\/\/www.webdo.tn\/fr\/actualite\/national\/tunisie-des-deputes-alertent-sur-les-derives-de-la-viande-avant-l-aid\/222309\/#primaryimage"},"image":{"@id":"https:\/\/www.webdo.tn\/fr\/actualite\/national\/tunisie-des-deputes-alertent-sur-les-derives-de-la-viande-avant-l-aid\/222309\/#primaryimage"},"thumbnailUrl":"https:\/\/www.webdo.tn\/fr\/wp-content\/uploads\/2025\/05\/c5fcdb9a93a00c16fee79e132737cd4c.webp","datePublished":"2025-05-31T10:18:00+00:00","description":"Les d\u00e9put\u00e9s alertent sur les failles de la Soci\u00e9t\u00e9 des Viandes avant l\u2019A\u00efd : dettes, gestion opaque, risques sanitaires et pr\u00e9carit\u00e9 du personnel.","breadcrumb":{"@id":"https:\/\/www.webdo.tn\/fr\/actualite\/national\/tunisie-des-deputes-alertent-sur-les-derives-de-la-viande-avant-l-aid\/222309\/#breadcrumb"},"inLanguage":"fr-FR","potentialAction":[{"@type":"ReadAction","target":["https:\/\/www.webdo.tn\/fr\/actualite\/national\/tunisie-des-deputes-alertent-sur-les-derives-de-la-viande-avant-l-aid\/222309\/"]}]},{"@type":"ImageObject","inLanguage":"fr-FR","@id":"https:\/\/www.webdo.tn\/fr\/actualite\/national\/tunisie-des-deputes-alertent-sur-les-derives-de-la-viande-avant-l-aid\/222309\/#primaryimage","url":"https:\/\/www.webdo.tn\/fr\/wp-content\/uploads\/2025\/05\/c5fcdb9a93a00c16fee79e132737cd4c.webp","contentUrl":"https:\/\/www.webdo.tn\/fr\/wp-content\/uploads\/2025\/05\/c5fcdb9a93a00c16fee79e132737cd4c.webp","width":750,"height":400,"caption":"Tunisie : Des d\u00e9put\u00e9s alertent sur la gestion des viandes avant l\u2019A\u00efd"},{"@type":"BreadcrumbList","@id":"https:\/\/www.webdo.tn\/fr\/actualite\/national\/tunisie-des-deputes-alertent-sur-les-derives-de-la-viande-avant-l-aid\/222309\/#breadcrumb","itemListElement":[{"@type":"ListItem","position":1,"name":"Accueil","item":"https:\/\/www.webdo.tn\/fr\/"},{"@type":"ListItem","position":2,"name":"Tunisie : Des d\u00e9put\u00e9s alertent sur la gestion des viandes avant l\u2019A\u00efd"}]},{"@type":"WebSite","@id":"https:\/\/www.webdo.tn\/fr\/#website","url":"https:\/\/www.webdo.tn\/fr\/","name":"webdo","description":"Tunisie - News en Tunisie et \u00e0 l&#039;international sur Webdo.tn","publisher":{"@id":"https:\/\/www.webdo.tn\/fr\/#organization"},"potentialAction":[{"@type":"SearchAction","target":{"@type":"EntryPoint","urlTemplate":"https:\/\/www.webdo.tn\/fr\/?s={search_term_string}"},"query-input":{"@type":"PropertyValueSpecification","valueRequired":true,"valueName":"search_term_string"}}],"inLanguage":"fr-FR"},{"@type":"Organization","@id":"https:\/\/www.webdo.tn\/fr\/#organization","name":"Webdo","alternateName":"Webdo.tn","url":"https:\/\/www.webdo.tn\/fr\/","logo":{"@type":"ImageObject","inLanguage":"fr-FR","@id":"https:\/\/www.webdo.tn\/fr\/#\/schema\/logo\/image\/","url":"https:\/\/www.webdo.tn\/fr\/wp-content\/uploads\/2025\/06\/Webdo-Tunisie_168377.jpg","contentUrl":"https:\/\/www.webdo.tn\/fr\/wp-content\/uploads\/2025\/06\/Webdo-Tunisie_168377.jpg","width":301,"height":301,"caption":"Webdo"},"image":{"@id":"https:\/\/www.webdo.tn\/fr\/#\/schema\/logo\/image\/"},"sameAs":["https:\/\/www.facebook.com\/webdotn","https:\/\/x.com\/webdo_tn"],"description":"Webdo est un m\u00e9dia num\u00e9rique tunisien fond\u00e9 en 2010, sp\u00e9cialis\u00e9 dans l\u2019actualit\u00e9 nationale et internationale, l\u2019\u00e9conomie, la soci\u00e9t\u00e9 et les analyses politiques. Le site s\u2019adresse \u00e0 un large public francophone et couvre l\u2019information tunisienne en temps r\u00e9el.","email":"redac@webdo.tn","legalName":"YNJ SARL","foundingDate":"2010-09-06","numberOfEmployees":{"@type":"QuantitativeValue","minValue":"11","maxValue":"50"}},{"@type":"Person","@id":"https:\/\/www.webdo.tn\/fr\/#\/schema\/person\/19664196c9bfdcda126f3c27709f7d11","name":"Firas Ben Abdeltif","image":{"@type":"ImageObject","inLanguage":"fr-FR","@id":"https:\/\/secure.gravatar.com\/avatar\/161a347d40df098a084778c52ed133dbd85f14df003867067c5948081241ec55?s=96&d=mm&r=g","url":"https:\/\/secure.gravatar.com\/avatar\/161a347d40df098a084778c52ed133dbd85f14df003867067c5948081241ec55?s=96&d=mm&r=g","contentUrl":"https:\/\/secure.gravatar.com\/avatar\/161a347d40df098a084778c52ed133dbd85f14df003867067c5948081241ec55?s=96&d=mm&r=g","caption":"Firas Ben Abdeltif"},"url":"https:\/\/www.webdo.tn\/fr\/actualite\/author\/firas-ben-abdeltif\/"}]}},"_links":{"self":[{"href":"https:\/\/www.webdo.tn\/fr\/wp-json\/wp\/v2\/posts\/222309","targetHints":{"allow":["GET"]}}],"collection":[{"href":"https:\/\/www.webdo.tn\/fr\/wp-json\/wp\/v2\/posts"}],"about":[{"href":"https:\/\/www.webdo.tn\/fr\/wp-json\/wp\/v2\/types\/post"}],"author":[{"embeddable":true,"href":"https:\/\/www.webdo.tn\/fr\/wp-json\/wp\/v2\/users\/4779"}],"replies":[{"embeddable":true,"href":"https:\/\/www.webdo.tn\/fr\/wp-json\/wp\/v2\/comments?post=222309"}],"version-history":[{"count":0,"href":"https:\/\/www.webdo.tn\/fr\/wp-json\/wp\/v2\/posts\/222309\/revisions"}],"wp:featuredmedia":[{"embeddable":true,"href":"https:\/\/www.webdo.tn\/fr\/wp-json\/wp\/v2\/media\/365988"}],"wp:attachment":[{"href":"https:\/\/www.webdo.tn\/fr\/wp-json\/wp\/v2\/media?parent=222309"}],"wp:term":[{"taxonomy":"category","embeddable":true,"href":"https:\/\/www.webdo.tn\/fr\/wp-json\/wp\/v2\/categories?post=222309"},{"taxonomy":"post_tag","embeddable":true,"href":"https:\/\/www.webdo.tn\/fr\/wp-json\/wp\/v2\/tags?post=222309"}],"curies":[{"name":"wp","href":"https:\/\/api.w.org\/{rel}","templated":true}]}}