{"id":222295,"date":"2025-05-30T11:56:00","date_gmt":"2025-05-30T11:56:00","guid":{"rendered":"https:\/\/www.webdo.tn\/fr\/actualite\/blog\/tunisie-attaque-de-l-ambassade-us-20-accuses-condamnes-a-8-ans-et-3-mois-de-prison\/222295\/"},"modified":"2025-05-30T11:56:00","modified_gmt":"2025-05-30T11:56:00","slug":"tunisie-attaque-de-l-ambassade-us-20-accuses-condamnes-a-8-ans-et-3-mois-de-prison","status":"publish","type":"post","link":"https:\/\/www.webdo.tn\/fr\/actualite\/national\/tunisie-attaque-de-l-ambassade-us-20-accuses-condamnes-a-8-ans-et-3-mois-de-prison\/222295\/","title":{"rendered":"Attaque de l\u2019ambassade US \u00e0 Tunis : 20 accus\u00e9s condamn\u00e9s \u00e0 8 ans et 3 mois de prison"},"content":{"rendered":"<p>La chambre criminelle de la Cour d\u2019appel de Tunis a alourdi, mardi 27 mai, les peines prononc\u00e9es \u00e0 l\u2019encontre de 20 accus\u00e9s dans l\u2019affaire dite de \u00ab\u00a0l\u2019attaque de l\u2019ambassade am\u00e9ricaine\u00a0\u00bb, portant la peine de prison \u00e0 8 ans et 3 mois et levant le sursis de l\u2019ex\u00e9cution de la peine pour l\u2019ensemble des condamn\u00e9s.<\/p>\n<p> C\u2019est ce qu\u2019a d\u00e9clar\u00e9, ce vendredi, le porte-parole de la Cour, Habib Torkhani, \u00e0 l\u2019Agence TAP. La m\u00eame source a rappel\u00e9 que le jugement en premi\u00e8re instance avait condamn\u00e9 les accus\u00e9s \u00e0 deux ans de prison avec sursis.<\/p>\n<p>Les faits remontent au 14 septembre 2012, lorsque des centaines de manifestants, appartenant pour la plupart au courant salafiste et protestant contre un film jug\u00e9 offensant envers la religion, se sont dirig\u00e9s vers l\u2019ambassade et l\u2019\u00e9cole am\u00e9ricaines, situ\u00e9 au Berges du Lac \u00e0 Tunis.\u00a0<\/p>\n<p>Une partie des b\u00e2timents a \u00e9t\u00e9 vandalis\u00e9e et plusieurs v\u00e9hicules appartenant \u00e0 des employ\u00e9s de l\u2019ambassade ont \u00e9t\u00e9 incendi\u00e9s. Quatre jeunes sont d\u00e9c\u00e9d\u00e9s lors de cette attaque de l\u2019enceinte diplomatique am\u00e9ricaine.<\/p>\n<p>A la suite de cette attaque, les \u00c9tats-Unis ont r\u00e9clam\u00e9 \u00e0 la Tunisie une indemnisation de 12.882.927 dollars pour les d\u00e9g\u00e2ts caus\u00e9s \u00e0 leur ambassade et 5.494.888 dollars pour les dommages subis par l\u2019\u00e9cole am\u00e9ricaine.<\/p>\n","protected":false},"excerpt":{"rendered":"<p>Tunisie : 20 accus\u00e9s condamn\u00e9s \u00e0 8 ans et 3 mois de prison dans l\u2019affaire de l\u2019attaque de l\u2019ambassade am\u00e9ricaine en 2012. La Cour d\u2019appel a lev\u00e9 le sursis initi&#8230;<\/p>\n","protected":false},"author":3162,"featured_media":366203,"comment_status":"open","ping_status":"closed","sticky":false,"template":"","format":"standard","meta":{"footnotes":""},"categories":[44],"tags":[10665,3918,2835,2619,2608],"class_list":["post-222295","post","type-post","status-publish","format-standard","has-post-thumbnail","hentry","category-national","tag-ambassade-americaine","tag-attaque","tag-condamnation","tag-justice","tag-tunisie"],"yoast_head":"<!-- This site is optimized with the Yoast SEO Premium plugin v27.4 (Yoast SEO v27.5) - https:\/\/yoast.com\/product\/yoast-seo-premium-wordpress\/ -->\n<title>Attaque de l\u2019ambassade US \u00e0 Tunis : 20 accus\u00e9s condamn\u00e9s \u00e0 8 ans et 3 mois de prison<\/title>\n<meta name=\"description\" content=\"Tunisie : 20 accus\u00e9s condamn\u00e9s \u00e0 8 ans et 3 mois de prison dans l\u2019affaire de l\u2019attaque de l\u2019ambassade am\u00e9ricaine en 2012. La Cour d\u2019appel a lev\u00e9 le sursis initi...\" \/>\n<link rel=\"canonical\" href=\"https:\/\/www.webdo.tn\/fr\/actualite\/national\/tunisie-attaque-de-l-ambassade-us-20-accuses-condamnes-a-8-ans-et-3-mois-de-prison\/222295\/\" \/>\n<meta property=\"og:locale\" content=\"fr_FR\" \/>\n<meta property=\"og:type\" content=\"article\" \/>\n<meta property=\"og:title\" content=\"Attaque de l\u2019ambassade US \u00e0 Tunis : 20 accus\u00e9s condamn\u00e9s \u00e0 8 ans et 3 mois de prison\" \/>\n<meta property=\"og:description\" content=\"Tunisie : 20 accus\u00e9s condamn\u00e9s \u00e0 8 ans et 3 mois de prison dans l\u2019affaire de l\u2019attaque de l\u2019ambassade am\u00e9ricaine en 2012. La Cour d\u2019appel a lev\u00e9 le sursis initi...\" \/>\n<meta property=\"og:url\" content=\"https:\/\/www.webdo.tn\/fr\/actualite\/national\/tunisie-attaque-de-l-ambassade-us-20-accuses-condamnes-a-8-ans-et-3-mois-de-prison\/222295\/\" \/>\n<meta property=\"og:site_name\" content=\"webdo\" \/>\n<meta property=\"article:publisher\" content=\"https:\/\/www.facebook.com\/webdotn\" \/>\n<meta property=\"article:published_time\" content=\"2025-05-30T11:56:00+00:00\" \/>\n<meta property=\"og:image\" content=\"https:\/\/www.webdo.tn\/fr\/wp-content\/uploads\/2025\/05\/443dc0eb0aed5428d0caeb98dd957621.webp\" \/>\n\t<meta property=\"og:image:width\" content=\"580\" \/>\n\t<meta property=\"og:image:height\" content=\"309\" \/>\n\t<meta property=\"og:image:type\" content=\"image\/webp\" \/>\n<meta name=\"author\" content=\"MC\" \/>\n<meta name=\"twitter:card\" content=\"summary_large_image\" \/>\n<meta name=\"twitter:creator\" content=\"@webdo_tn\" \/>\n<meta name=\"twitter:site\" content=\"@webdo_tn\" \/>\n<meta name=\"twitter:label1\" content=\"\u00c9crit par\" \/>\n\t<meta name=\"twitter:data1\" content=\"MC\" \/>\n\t<meta name=\"twitter:label2\" content=\"Dur\u00e9e de lecture estim\u00e9e\" \/>\n\t<meta name=\"twitter:data2\" content=\"1 minute\" \/>\n<script type=\"application\/ld+json\" class=\"yoast-schema-graph\">{\"@context\":\"https:\\\/\\\/schema.org\",\"@graph\":[{\"@type\":\"NewsArticle\",\"@id\":\"https:\\\/\\\/www.webdo.tn\\\/fr\\\/actualite\\\/national\\\/tunisie-attaque-de-l-ambassade-us-20-accuses-condamnes-a-8-ans-et-3-mois-de-prison\\\/222295\\\/#article\",\"isPartOf\":{\"@id\":\"https:\\\/\\\/www.webdo.tn\\\/fr\\\/actualite\\\/national\\\/tunisie-attaque-de-l-ambassade-us-20-accuses-condamnes-a-8-ans-et-3-mois-de-prison\\\/222295\\\/\"},\"author\":{\"name\":\"MC\",\"@id\":\"https:\\\/\\\/www.webdo.tn\\\/fr\\\/#\\\/schema\\\/person\\\/2c4929cbf5a809e3bd38617c6ce150f6\"},\"headline\":\"Attaque de l\u2019ambassade US \u00e0 Tunis : 20 accus\u00e9s condamn\u00e9s \u00e0 8 ans et 3 mois de prison\",\"datePublished\":\"2025-05-30T11:56:00+00:00\",\"mainEntityOfPage\":{\"@id\":\"https:\\\/\\\/www.webdo.tn\\\/fr\\\/actualite\\\/national\\\/tunisie-attaque-de-l-ambassade-us-20-accuses-condamnes-a-8-ans-et-3-mois-de-prison\\\/222295\\\/\"},\"wordCount\":241,\"commentCount\":0,\"publisher\":{\"@id\":\"https:\\\/\\\/www.webdo.tn\\\/fr\\\/#organization\"},\"image\":{\"@id\":\"https:\\\/\\\/www.webdo.tn\\\/fr\\\/actualite\\\/national\\\/tunisie-attaque-de-l-ambassade-us-20-accuses-condamnes-a-8-ans-et-3-mois-de-prison\\\/222295\\\/#primaryimage\"},\"thumbnailUrl\":\"https:\\\/\\\/www.webdo.tn\\\/fr\\\/wp-content\\\/uploads\\\/2025\\\/05\\\/443dc0eb0aed5428d0caeb98dd957621.webp\",\"keywords\":[\"'Ambassade am\u00e9ricaine'\",\"attaque\",\"condamnation\",\"justice\",\"Tunisie\"],\"articleSection\":[\"National\"],\"inLanguage\":\"fr-FR\"},{\"@type\":\"WebPage\",\"@id\":\"https:\\\/\\\/www.webdo.tn\\\/fr\\\/actualite\\\/national\\\/tunisie-attaque-de-l-ambassade-us-20-accuses-condamnes-a-8-ans-et-3-mois-de-prison\\\/222295\\\/\",\"url\":\"https:\\\/\\\/www.webdo.tn\\\/fr\\\/actualite\\\/national\\\/tunisie-attaque-de-l-ambassade-us-20-accuses-condamnes-a-8-ans-et-3-mois-de-prison\\\/222295\\\/\",\"name\":\"Attaque de l\u2019ambassade US \u00e0 Tunis : 20 accus\u00e9s condamn\u00e9s \u00e0 8 ans et 3 mois de prison\",\"isPartOf\":{\"@id\":\"https:\\\/\\\/www.webdo.tn\\\/fr\\\/#website\"},\"primaryImageOfPage\":{\"@id\":\"https:\\\/\\\/www.webdo.tn\\\/fr\\\/actualite\\\/national\\\/tunisie-attaque-de-l-ambassade-us-20-accuses-condamnes-a-8-ans-et-3-mois-de-prison\\\/222295\\\/#primaryimage\"},\"image\":{\"@id\":\"https:\\\/\\\/www.webdo.tn\\\/fr\\\/actualite\\\/national\\\/tunisie-attaque-de-l-ambassade-us-20-accuses-condamnes-a-8-ans-et-3-mois-de-prison\\\/222295\\\/#primaryimage\"},\"thumbnailUrl\":\"https:\\\/\\\/www.webdo.tn\\\/fr\\\/wp-content\\\/uploads\\\/2025\\\/05\\\/443dc0eb0aed5428d0caeb98dd957621.webp\",\"datePublished\":\"2025-05-30T11:56:00+00:00\",\"description\":\"Tunisie : 20 accus\u00e9s condamn\u00e9s \u00e0 8 ans et 3 mois de prison dans l\u2019affaire de l\u2019attaque de l\u2019ambassade am\u00e9ricaine en 2012. La Cour d\u2019appel a lev\u00e9 le sursis initi...\",\"breadcrumb\":{\"@id\":\"https:\\\/\\\/www.webdo.tn\\\/fr\\\/actualite\\\/national\\\/tunisie-attaque-de-l-ambassade-us-20-accuses-condamnes-a-8-ans-et-3-mois-de-prison\\\/222295\\\/#breadcrumb\"},\"inLanguage\":\"fr-FR\",\"potentialAction\":[{\"@type\":\"ReadAction\",\"target\":[\"https:\\\/\\\/www.webdo.tn\\\/fr\\\/actualite\\\/national\\\/tunisie-attaque-de-l-ambassade-us-20-accuses-condamnes-a-8-ans-et-3-mois-de-prison\\\/222295\\\/\"]}]},{\"@type\":\"ImageObject\",\"inLanguage\":\"fr-FR\",\"@id\":\"https:\\\/\\\/www.webdo.tn\\\/fr\\\/actualite\\\/national\\\/tunisie-attaque-de-l-ambassade-us-20-accuses-condamnes-a-8-ans-et-3-mois-de-prison\\\/222295\\\/#primaryimage\",\"url\":\"https:\\\/\\\/www.webdo.tn\\\/fr\\\/wp-content\\\/uploads\\\/2025\\\/05\\\/443dc0eb0aed5428d0caeb98dd957621.webp\",\"contentUrl\":\"https:\\\/\\\/www.webdo.tn\\\/fr\\\/wp-content\\\/uploads\\\/2025\\\/05\\\/443dc0eb0aed5428d0caeb98dd957621.webp\",\"width\":580,\"height\":309,\"caption\":\"Attaque de l\u2019ambassade US \u00e0 Tunis : 20 accus\u00e9s condamn\u00e9s \u00e0 8 ans et 3 mois de prison\"},{\"@type\":\"BreadcrumbList\",\"@id\":\"https:\\\/\\\/www.webdo.tn\\\/fr\\\/actualite\\\/national\\\/tunisie-attaque-de-l-ambassade-us-20-accuses-condamnes-a-8-ans-et-3-mois-de-prison\\\/222295\\\/#breadcrumb\",\"itemListElement\":[{\"@type\":\"ListItem\",\"position\":1,\"name\":\"Accueil\",\"item\":\"https:\\\/\\\/www.webdo.tn\\\/fr\\\/\"},{\"@type\":\"ListItem\",\"position\":2,\"name\":\"Attaque de l\u2019ambassade US \u00e0 Tunis : 20 accus\u00e9s condamn\u00e9s \u00e0 8 ans et 3 mois de prison\"}]},{\"@type\":\"WebSite\",\"@id\":\"https:\\\/\\\/www.webdo.tn\\\/fr\\\/#website\",\"url\":\"https:\\\/\\\/www.webdo.tn\\\/fr\\\/\",\"name\":\"webdo\",\"description\":\"Tunisie - News en Tunisie et \u00e0 l&#039;international sur Webdo.tn\",\"publisher\":{\"@id\":\"https:\\\/\\\/www.webdo.tn\\\/fr\\\/#organization\"},\"potentialAction\":[{\"@type\":\"SearchAction\",\"target\":{\"@type\":\"EntryPoint\",\"urlTemplate\":\"https:\\\/\\\/www.webdo.tn\\\/fr\\\/?s={search_term_string}\"},\"query-input\":{\"@type\":\"PropertyValueSpecification\",\"valueRequired\":true,\"valueName\":\"search_term_string\"}}],\"inLanguage\":\"fr-FR\"},{\"@type\":\"Organization\",\"@id\":\"https:\\\/\\\/www.webdo.tn\\\/fr\\\/#organization\",\"name\":\"Webdo\",\"alternateName\":\"Webdo.tn\",\"url\":\"https:\\\/\\\/www.webdo.tn\\\/fr\\\/\",\"logo\":{\"@type\":\"ImageObject\",\"inLanguage\":\"fr-FR\",\"@id\":\"https:\\\/\\\/www.webdo.tn\\\/fr\\\/#\\\/schema\\\/logo\\\/image\\\/\",\"url\":\"https:\\\/\\\/www.webdo.tn\\\/fr\\\/wp-content\\\/uploads\\\/2025\\\/06\\\/Webdo-Tunisie_168377.jpg\",\"contentUrl\":\"https:\\\/\\\/www.webdo.tn\\\/fr\\\/wp-content\\\/uploads\\\/2025\\\/06\\\/Webdo-Tunisie_168377.jpg\",\"width\":301,\"height\":301,\"caption\":\"Webdo\"},\"image\":{\"@id\":\"https:\\\/\\\/www.webdo.tn\\\/fr\\\/#\\\/schema\\\/logo\\\/image\\\/\"},\"sameAs\":[\"https:\\\/\\\/www.facebook.com\\\/webdotn\",\"https:\\\/\\\/x.com\\\/webdo_tn\"],\"description\":\"Webdo est un m\u00e9dia num\u00e9rique tunisien fond\u00e9 en 2010, sp\u00e9cialis\u00e9 dans l\u2019actualit\u00e9 nationale et internationale, l\u2019\u00e9conomie, la soci\u00e9t\u00e9 et les analyses politiques. Le site s\u2019adresse \u00e0 un large public francophone et couvre l\u2019information tunisienne en temps r\u00e9el.\",\"email\":\"redac@webdo.tn\",\"legalName\":\"YNJ SARL\",\"foundingDate\":\"2010-09-06\",\"numberOfEmployees\":{\"@type\":\"QuantitativeValue\",\"minValue\":\"11\",\"maxValue\":\"50\"}},{\"@type\":\"Person\",\"@id\":\"https:\\\/\\\/www.webdo.tn\\\/fr\\\/#\\\/schema\\\/person\\\/2c4929cbf5a809e3bd38617c6ce150f6\",\"name\":\"MC\",\"image\":{\"@type\":\"ImageObject\",\"inLanguage\":\"fr-FR\",\"@id\":\"https:\\\/\\\/secure.gravatar.com\\\/avatar\\\/a545bbb6f84efdd5553dbbc2895e3ca8f1d12c5215e00a041c9670b54aa9b18a?s=96&d=mm&r=g\",\"url\":\"https:\\\/\\\/secure.gravatar.com\\\/avatar\\\/a545bbb6f84efdd5553dbbc2895e3ca8f1d12c5215e00a041c9670b54aa9b18a?s=96&d=mm&r=g\",\"contentUrl\":\"https:\\\/\\\/secure.gravatar.com\\\/avatar\\\/a545bbb6f84efdd5553dbbc2895e3ca8f1d12c5215e00a041c9670b54aa9b18a?s=96&d=mm&r=g\",\"caption\":\"MC\"},\"url\":\"https:\\\/\\\/www.webdo.tn\\\/fr\\\/actualite\\\/author\\\/mc\\\/\"}]}<\/script>\n<!-- \/ Yoast SEO Premium plugin. -->","yoast_head_json":{"title":"Attaque de l\u2019ambassade US \u00e0 Tunis : 20 accus\u00e9s condamn\u00e9s \u00e0 8 ans et 3 mois de prison","description":"Tunisie : 20 accus\u00e9s condamn\u00e9s \u00e0 8 ans et 3 mois de prison dans l\u2019affaire de l\u2019attaque de l\u2019ambassade am\u00e9ricaine en 2012. La Cour d\u2019appel a lev\u00e9 le sursis initi...","canonical":"https:\/\/www.webdo.tn\/fr\/actualite\/national\/tunisie-attaque-de-l-ambassade-us-20-accuses-condamnes-a-8-ans-et-3-mois-de-prison\/222295\/","og_locale":"fr_FR","og_type":"article","og_title":"Attaque de l\u2019ambassade US \u00e0 Tunis : 20 accus\u00e9s condamn\u00e9s \u00e0 8 ans et 3 mois de prison","og_description":"Tunisie : 20 accus\u00e9s condamn\u00e9s \u00e0 8 ans et 3 mois de prison dans l\u2019affaire de l\u2019attaque de l\u2019ambassade am\u00e9ricaine en 2012. La Cour d\u2019appel a lev\u00e9 le sursis initi...","og_url":"https:\/\/www.webdo.tn\/fr\/actualite\/national\/tunisie-attaque-de-l-ambassade-us-20-accuses-condamnes-a-8-ans-et-3-mois-de-prison\/222295\/","og_site_name":"webdo","article_publisher":"https:\/\/www.facebook.com\/webdotn","article_published_time":"2025-05-30T11:56:00+00:00","og_image":[{"width":580,"height":309,"url":"https:\/\/www.webdo.tn\/fr\/wp-content\/uploads\/2025\/05\/443dc0eb0aed5428d0caeb98dd957621.webp","type":"image\/webp"}],"author":"MC","twitter_card":"summary_large_image","twitter_creator":"@webdo_tn","twitter_site":"@webdo_tn","twitter_misc":{"\u00c9crit par":"MC","Dur\u00e9e de lecture estim\u00e9e":"1 minute"},"schema":{"@context":"https:\/\/schema.org","@graph":[{"@type":"NewsArticle","@id":"https:\/\/www.webdo.tn\/fr\/actualite\/national\/tunisie-attaque-de-l-ambassade-us-20-accuses-condamnes-a-8-ans-et-3-mois-de-prison\/222295\/#article","isPartOf":{"@id":"https:\/\/www.webdo.tn\/fr\/actualite\/national\/tunisie-attaque-de-l-ambassade-us-20-accuses-condamnes-a-8-ans-et-3-mois-de-prison\/222295\/"},"author":{"name":"MC","@id":"https:\/\/www.webdo.tn\/fr\/#\/schema\/person\/2c4929cbf5a809e3bd38617c6ce150f6"},"headline":"Attaque de l\u2019ambassade US \u00e0 Tunis : 20 accus\u00e9s condamn\u00e9s \u00e0 8 ans et 3 mois de prison","datePublished":"2025-05-30T11:56:00+00:00","mainEntityOfPage":{"@id":"https:\/\/www.webdo.tn\/fr\/actualite\/national\/tunisie-attaque-de-l-ambassade-us-20-accuses-condamnes-a-8-ans-et-3-mois-de-prison\/222295\/"},"wordCount":241,"commentCount":0,"publisher":{"@id":"https:\/\/www.webdo.tn\/fr\/#organization"},"image":{"@id":"https:\/\/www.webdo.tn\/fr\/actualite\/national\/tunisie-attaque-de-l-ambassade-us-20-accuses-condamnes-a-8-ans-et-3-mois-de-prison\/222295\/#primaryimage"},"thumbnailUrl":"https:\/\/www.webdo.tn\/fr\/wp-content\/uploads\/2025\/05\/443dc0eb0aed5428d0caeb98dd957621.webp","keywords":["'Ambassade am\u00e9ricaine'","attaque","condamnation","justice","Tunisie"],"articleSection":["National"],"inLanguage":"fr-FR"},{"@type":"WebPage","@id":"https:\/\/www.webdo.tn\/fr\/actualite\/national\/tunisie-attaque-de-l-ambassade-us-20-accuses-condamnes-a-8-ans-et-3-mois-de-prison\/222295\/","url":"https:\/\/www.webdo.tn\/fr\/actualite\/national\/tunisie-attaque-de-l-ambassade-us-20-accuses-condamnes-a-8-ans-et-3-mois-de-prison\/222295\/","name":"Attaque de l\u2019ambassade US \u00e0 Tunis : 20 accus\u00e9s condamn\u00e9s \u00e0 8 ans et 3 mois de prison","isPartOf":{"@id":"https:\/\/www.webdo.tn\/fr\/#website"},"primaryImageOfPage":{"@id":"https:\/\/www.webdo.tn\/fr\/actualite\/national\/tunisie-attaque-de-l-ambassade-us-20-accuses-condamnes-a-8-ans-et-3-mois-de-prison\/222295\/#primaryimage"},"image":{"@id":"https:\/\/www.webdo.tn\/fr\/actualite\/national\/tunisie-attaque-de-l-ambassade-us-20-accuses-condamnes-a-8-ans-et-3-mois-de-prison\/222295\/#primaryimage"},"thumbnailUrl":"https:\/\/www.webdo.tn\/fr\/wp-content\/uploads\/2025\/05\/443dc0eb0aed5428d0caeb98dd957621.webp","datePublished":"2025-05-30T11:56:00+00:00","description":"Tunisie : 20 accus\u00e9s condamn\u00e9s \u00e0 8 ans et 3 mois de prison dans l\u2019affaire de l\u2019attaque de l\u2019ambassade am\u00e9ricaine en 2012. La Cour d\u2019appel a lev\u00e9 le sursis initi...","breadcrumb":{"@id":"https:\/\/www.webdo.tn\/fr\/actualite\/national\/tunisie-attaque-de-l-ambassade-us-20-accuses-condamnes-a-8-ans-et-3-mois-de-prison\/222295\/#breadcrumb"},"inLanguage":"fr-FR","potentialAction":[{"@type":"ReadAction","target":["https:\/\/www.webdo.tn\/fr\/actualite\/national\/tunisie-attaque-de-l-ambassade-us-20-accuses-condamnes-a-8-ans-et-3-mois-de-prison\/222295\/"]}]},{"@type":"ImageObject","inLanguage":"fr-FR","@id":"https:\/\/www.webdo.tn\/fr\/actualite\/national\/tunisie-attaque-de-l-ambassade-us-20-accuses-condamnes-a-8-ans-et-3-mois-de-prison\/222295\/#primaryimage","url":"https:\/\/www.webdo.tn\/fr\/wp-content\/uploads\/2025\/05\/443dc0eb0aed5428d0caeb98dd957621.webp","contentUrl":"https:\/\/www.webdo.tn\/fr\/wp-content\/uploads\/2025\/05\/443dc0eb0aed5428d0caeb98dd957621.webp","width":580,"height":309,"caption":"Attaque de l\u2019ambassade US \u00e0 Tunis : 20 accus\u00e9s condamn\u00e9s \u00e0 8 ans et 3 mois de prison"},{"@type":"BreadcrumbList","@id":"https:\/\/www.webdo.tn\/fr\/actualite\/national\/tunisie-attaque-de-l-ambassade-us-20-accuses-condamnes-a-8-ans-et-3-mois-de-prison\/222295\/#breadcrumb","itemListElement":[{"@type":"ListItem","position":1,"name":"Accueil","item":"https:\/\/www.webdo.tn\/fr\/"},{"@type":"ListItem","position":2,"name":"Attaque de l\u2019ambassade US \u00e0 Tunis : 20 accus\u00e9s condamn\u00e9s \u00e0 8 ans et 3 mois de prison"}]},{"@type":"WebSite","@id":"https:\/\/www.webdo.tn\/fr\/#website","url":"https:\/\/www.webdo.tn\/fr\/","name":"webdo","description":"Tunisie - News en Tunisie et \u00e0 l&#039;international sur Webdo.tn","publisher":{"@id":"https:\/\/www.webdo.tn\/fr\/#organization"},"potentialAction":[{"@type":"SearchAction","target":{"@type":"EntryPoint","urlTemplate":"https:\/\/www.webdo.tn\/fr\/?s={search_term_string}"},"query-input":{"@type":"PropertyValueSpecification","valueRequired":true,"valueName":"search_term_string"}}],"inLanguage":"fr-FR"},{"@type":"Organization","@id":"https:\/\/www.webdo.tn\/fr\/#organization","name":"Webdo","alternateName":"Webdo.tn","url":"https:\/\/www.webdo.tn\/fr\/","logo":{"@type":"ImageObject","inLanguage":"fr-FR","@id":"https:\/\/www.webdo.tn\/fr\/#\/schema\/logo\/image\/","url":"https:\/\/www.webdo.tn\/fr\/wp-content\/uploads\/2025\/06\/Webdo-Tunisie_168377.jpg","contentUrl":"https:\/\/www.webdo.tn\/fr\/wp-content\/uploads\/2025\/06\/Webdo-Tunisie_168377.jpg","width":301,"height":301,"caption":"Webdo"},"image":{"@id":"https:\/\/www.webdo.tn\/fr\/#\/schema\/logo\/image\/"},"sameAs":["https:\/\/www.facebook.com\/webdotn","https:\/\/x.com\/webdo_tn"],"description":"Webdo est un m\u00e9dia num\u00e9rique tunisien fond\u00e9 en 2010, sp\u00e9cialis\u00e9 dans l\u2019actualit\u00e9 nationale et internationale, l\u2019\u00e9conomie, la soci\u00e9t\u00e9 et les analyses politiques. Le site s\u2019adresse \u00e0 un large public francophone et couvre l\u2019information tunisienne en temps r\u00e9el.","email":"redac@webdo.tn","legalName":"YNJ SARL","foundingDate":"2010-09-06","numberOfEmployees":{"@type":"QuantitativeValue","minValue":"11","maxValue":"50"}},{"@type":"Person","@id":"https:\/\/www.webdo.tn\/fr\/#\/schema\/person\/2c4929cbf5a809e3bd38617c6ce150f6","name":"MC","image":{"@type":"ImageObject","inLanguage":"fr-FR","@id":"https:\/\/secure.gravatar.com\/avatar\/a545bbb6f84efdd5553dbbc2895e3ca8f1d12c5215e00a041c9670b54aa9b18a?s=96&d=mm&r=g","url":"https:\/\/secure.gravatar.com\/avatar\/a545bbb6f84efdd5553dbbc2895e3ca8f1d12c5215e00a041c9670b54aa9b18a?s=96&d=mm&r=g","contentUrl":"https:\/\/secure.gravatar.com\/avatar\/a545bbb6f84efdd5553dbbc2895e3ca8f1d12c5215e00a041c9670b54aa9b18a?s=96&d=mm&r=g","caption":"MC"},"url":"https:\/\/www.webdo.tn\/fr\/actualite\/author\/mc\/"}]}},"_links":{"self":[{"href":"https:\/\/www.webdo.tn\/fr\/wp-json\/wp\/v2\/posts\/222295","targetHints":{"allow":["GET"]}}],"collection":[{"href":"https:\/\/www.webdo.tn\/fr\/wp-json\/wp\/v2\/posts"}],"about":[{"href":"https:\/\/www.webdo.tn\/fr\/wp-json\/wp\/v2\/types\/post"}],"author":[{"embeddable":true,"href":"https:\/\/www.webdo.tn\/fr\/wp-json\/wp\/v2\/users\/3162"}],"replies":[{"embeddable":true,"href":"https:\/\/www.webdo.tn\/fr\/wp-json\/wp\/v2\/comments?post=222295"}],"version-history":[{"count":0,"href":"https:\/\/www.webdo.tn\/fr\/wp-json\/wp\/v2\/posts\/222295\/revisions"}],"wp:featuredmedia":[{"embeddable":true,"href":"https:\/\/www.webdo.tn\/fr\/wp-json\/wp\/v2\/media\/366203"}],"wp:attachment":[{"href":"https:\/\/www.webdo.tn\/fr\/wp-json\/wp\/v2\/media?parent=222295"}],"wp:term":[{"taxonomy":"category","embeddable":true,"href":"https:\/\/www.webdo.tn\/fr\/wp-json\/wp\/v2\/categories?post=222295"},{"taxonomy":"post_tag","embeddable":true,"href":"https:\/\/www.webdo.tn\/fr\/wp-json\/wp\/v2\/tags?post=222295"}],"curies":[{"name":"wp","href":"https:\/\/api.w.org\/{rel}","templated":true}]}}