{"id":222289,"date":"2025-05-30T10:39:00","date_gmt":"2025-05-30T10:39:00","guid":{"rendered":"https:\/\/www.webdo.tn\/fr\/actualite\/blog\/tunisie-huit-ans-de-prison-pour-huit-accuses-dans-l-affaire-de-la-chambre-noire\/222289\/"},"modified":"2025-05-30T10:39:00","modified_gmt":"2025-05-30T10:39:00","slug":"tunisie-huit-ans-de-prison-pour-huit-accuses-dans-l-affaire-de-la-chambre-noire","status":"publish","type":"post","link":"https:\/\/www.webdo.tn\/fr\/actualite\/national\/tunisie-huit-ans-de-prison-pour-huit-accuses-dans-l-affaire-de-la-chambre-noire\/222289\/","title":{"rendered":"Tunisie : Huit ans de prison pour huit accus\u00e9s dans l\u2019affaire de la \u00ab\u00a0Chambre noire\u00a0\u00bb"},"content":{"rendered":"<p>La chambre criminelle du tribunal de premi\u00e8re instance de l\u2019Ariana a rendu, tard dans la nuit de jeudi \u00e0 vendredi, son jugement dans l\u2019affaire dite de la \u00ab\u00a0Chambre noire\u00a0\u00bb du minist\u00e8re de l\u2019Int\u00e9rieur.<\/p>\n<p> Elle a condamn\u00e9 huit accus\u00e9s, dont d\u2019anciens hauts responsables s\u00e9curitaires, \u00e0 huit ans de prison chacun, avec ex\u00e9cution imm\u00e9diate des peines pour trois d\u2019entre eux actuellement en fuite, a indiqu\u00e9 une source judiciaire \u00e0 l\u2019Agence TAP.<\/p>\n<p>Yassine Ben Marzouk, premier substitut du procureur de la R\u00e9publique et porte-parole du tribunal, a pr\u00e9cis\u00e9 vendredi matin \u00e0 l\u2019agence TAP que les chefs d\u2019inculpation retenus portent sur : \u00ab D\u00e9tournement, destruction, dissimulation ou alt\u00e9ration de pi\u00e8ces \u00e0 conviction, de documents de proc\u00e9dure p\u00e9nale, de registres, ou d\u2019objets entrepos\u00e9s dans des d\u00e9p\u00f4ts publics ou confi\u00e9s \u00e0 des agents de l\u2019autorit\u00e9 publique par des personnes habilit\u00e9es. \u00bb<\/p>\n<p>Les huit personnes condamn\u00e9es sont : Atef Omrani, Boubaker Laabidi, Mohamed Friji, Kais Bessifi, Sami Waz, ainsi que trois autres en fuite : Mustapha Khedher, Abdelaziz Daghssni et Ridha Barouni. Parmi eux figurent d\u2019anciens cadres s\u00e9curitaires, dont un ancien directeur de l\u2019unit\u00e9 de lutte antiterroriste et un ancien directeur des services sp\u00e9cialis\u00e9s.<\/p>\n<p>L\u2019enqu\u00eate sur la \u00ab\u00a0Chambre noire\u00a0\u00bb avait \u00e9t\u00e9 ouverte par le premier juge d\u2019instruction du tribunal de l\u2019Ariana, apr\u00e8s la d\u00e9couverte d\u2019un grand nombre de documents dissimul\u00e9s dans un bureau ferm\u00e9 du minist\u00e8re de l\u2019Int\u00e9rieur.<\/p>\n<p>Le \u00ab\u00a0Comit\u00e9 de d\u00e9fense des deux martyrs Chokri Bela\u00efd et Mohamed Brahmi\u00a0\u00bb avait pr\u00e9sent\u00e9 des documents impliquant un certain Mustapha Khedher, affirmant qu\u2019il avait des liens avec le mouvement Ennahdha et menait des activit\u00e9s \u00e0 caract\u00e8re renseignement.<\/p>\n<p>Selon ce comit\u00e9, une partie de ces documents, retrouv\u00e9s en d\u00e9cembre 2013 au domicile de Khedher (d\u00e9j\u00e0 condamn\u00e9 \u00e0 huit ans de prison), seraient toujours conserv\u00e9s dans ce qu\u2019ils ont appel\u00e9 la \u00ab\u00a0Chambre noire\u00a0\u00bb du minist\u00e8re. Le comit\u00e9 r\u00e9clame l\u2019ouverture de cette pi\u00e8ce et l\u2019acc\u00e8s aux documents qu\u2019elle contient.<\/p>\n<p>Il insiste sur la n\u00e9cessit\u00e9 pour le minist\u00e8re de l\u2019Int\u00e9rieur de lever la confidentialit\u00e9 sur les documents de cette chambre, li\u00e9s selon lui aux assassinats de Bela\u00efd et Brahmi, et de cesser la protection du \u00ab\u00a0dispositif clandestin\u00a0\u00bb impliqu\u00e9 dans ces assassinats.<\/p>\n","protected":false},"excerpt":{"rendered":"<p>Tunisie \u2013 Huit anciens responsables, dont des cadres s\u00e9curitaires, condamn\u00e9s \u00e0 8 ans de prison dans l\u2019affaire de la  chambre noire  du minist\u00e8re de l\u2019Int\u00e9rieur,&#8230;<\/p>\n","protected":false},"author":3162,"featured_media":366011,"comment_status":"open","ping_status":"closed","sticky":false,"template":"","format":"standard","meta":{"footnotes":""},"categories":[44],"tags":[11392,8909,3262,2835,3076,4050,2608],"class_list":["post-222289","post","type-post","status-publish","format-standard","has-post-thumbnail","hentry","category-national","tag-assassinats-politiques","tag-chambre-noire","tag-chokri-belaid","tag-condamnation","tag-ministere-de-linterieur","tag-mohamed-brahmi","tag-tunisie"],"yoast_head":"<!-- This site is optimized with the Yoast SEO Premium plugin v27.4 (Yoast SEO v27.4) - https:\/\/yoast.com\/product\/yoast-seo-premium-wordpress\/ -->\n<title>Tunisie : Huit ans de prison pour huit accus\u00e9s dans l\u2019affaire de la Chambre noire<\/title>\n<meta name=\"description\" content=\"Tunisie \u2013 Huit anciens responsables, dont des cadres s\u00e9curitaires, condamn\u00e9s \u00e0 8 ans de prison dans l\u2019affaire de la chambre noire du minist\u00e8re de l\u2019Int\u00e9rieur,...\" \/>\n<link rel=\"canonical\" href=\"https:\/\/www.webdo.tn\/fr\/actualite\/national\/tunisie-huit-ans-de-prison-pour-huit-accuses-dans-l-affaire-de-la-chambre-noire\/222289\/\" \/>\n<meta property=\"og:locale\" content=\"fr_FR\" \/>\n<meta property=\"og:type\" content=\"article\" \/>\n<meta property=\"og:title\" content=\"Tunisie : Huit ans de prison pour huit accus\u00e9s dans l\u2019affaire de la &quot;Chambre noire&quot;\" \/>\n<meta property=\"og:description\" content=\"Tunisie \u2013 Huit anciens responsables, dont des cadres s\u00e9curitaires, condamn\u00e9s \u00e0 8 ans de prison dans l\u2019affaire de la chambre noire du minist\u00e8re de l\u2019Int\u00e9rieur,...\" \/>\n<meta property=\"og:url\" content=\"https:\/\/www.webdo.tn\/fr\/actualite\/national\/tunisie-huit-ans-de-prison-pour-huit-accuses-dans-l-affaire-de-la-chambre-noire\/222289\/\" \/>\n<meta property=\"og:site_name\" content=\"webdo\" \/>\n<meta property=\"article:publisher\" content=\"https:\/\/www.facebook.com\/webdotn\" \/>\n<meta property=\"article:published_time\" content=\"2025-05-30T10:39:00+00:00\" \/>\n<meta property=\"og:image\" content=\"https:\/\/www.webdo.tn\/fr\/wp-content\/uploads\/2025\/05\/7927bbf2a0af77ac22787be6dd91a95e.webp\" \/>\n\t<meta property=\"og:image:width\" content=\"650\" \/>\n\t<meta property=\"og:image:height\" content=\"347\" \/>\n\t<meta property=\"og:image:type\" content=\"image\/webp\" \/>\n<meta name=\"author\" content=\"MC\" \/>\n<meta name=\"twitter:card\" content=\"summary_large_image\" \/>\n<meta name=\"twitter:creator\" content=\"@webdo_tn\" \/>\n<meta name=\"twitter:site\" content=\"@webdo_tn\" \/>\n<meta name=\"twitter:label1\" content=\"\u00c9crit par\" \/>\n\t<meta name=\"twitter:data1\" content=\"MC\" \/>\n\t<meta name=\"twitter:label2\" content=\"Dur\u00e9e de lecture estim\u00e9e\" \/>\n\t<meta name=\"twitter:data2\" content=\"2 minutes\" \/>\n<script type=\"application\/ld+json\" class=\"yoast-schema-graph\">{\"@context\":\"https:\\\/\\\/schema.org\",\"@graph\":[{\"@type\":\"NewsArticle\",\"@id\":\"https:\\\/\\\/www.webdo.tn\\\/fr\\\/actualite\\\/national\\\/tunisie-huit-ans-de-prison-pour-huit-accuses-dans-l-affaire-de-la-chambre-noire\\\/222289\\\/#article\",\"isPartOf\":{\"@id\":\"https:\\\/\\\/www.webdo.tn\\\/fr\\\/actualite\\\/national\\\/tunisie-huit-ans-de-prison-pour-huit-accuses-dans-l-affaire-de-la-chambre-noire\\\/222289\\\/\"},\"author\":{\"name\":\"MC\",\"@id\":\"https:\\\/\\\/www.webdo.tn\\\/fr\\\/#\\\/schema\\\/person\\\/2c4929cbf5a809e3bd38617c6ce150f6\"},\"headline\":\"Tunisie : Huit ans de prison pour huit accus\u00e9s dans l\u2019affaire de la \u00ab\u00a0Chambre noire\u00a0\u00bb\",\"datePublished\":\"2025-05-30T10:39:00+00:00\",\"mainEntityOfPage\":{\"@id\":\"https:\\\/\\\/www.webdo.tn\\\/fr\\\/actualite\\\/national\\\/tunisie-huit-ans-de-prison-pour-huit-accuses-dans-l-affaire-de-la-chambre-noire\\\/222289\\\/\"},\"wordCount\":420,\"commentCount\":0,\"publisher\":{\"@id\":\"https:\\\/\\\/www.webdo.tn\\\/fr\\\/#organization\"},\"image\":{\"@id\":\"https:\\\/\\\/www.webdo.tn\\\/fr\\\/actualite\\\/national\\\/tunisie-huit-ans-de-prison-pour-huit-accuses-dans-l-affaire-de-la-chambre-noire\\\/222289\\\/#primaryimage\"},\"thumbnailUrl\":\"https:\\\/\\\/www.webdo.tn\\\/fr\\\/wp-content\\\/uploads\\\/2025\\\/05\\\/7927bbf2a0af77ac22787be6dd91a95e.webp\",\"keywords\":[\"assassinats politiques\",\"chambre noire\",\"chokri belaid\",\"condamnation\",\"minist\u00e8re de l'int\u00e9rieur\",\"mohamed brahmi\",\"Tunisie\"],\"articleSection\":[\"National\"],\"inLanguage\":\"fr-FR\"},{\"@type\":\"WebPage\",\"@id\":\"https:\\\/\\\/www.webdo.tn\\\/fr\\\/actualite\\\/national\\\/tunisie-huit-ans-de-prison-pour-huit-accuses-dans-l-affaire-de-la-chambre-noire\\\/222289\\\/\",\"url\":\"https:\\\/\\\/www.webdo.tn\\\/fr\\\/actualite\\\/national\\\/tunisie-huit-ans-de-prison-pour-huit-accuses-dans-l-affaire-de-la-chambre-noire\\\/222289\\\/\",\"name\":\"Tunisie : Huit ans de prison pour huit accus\u00e9s dans l\u2019affaire de la Chambre noire\",\"isPartOf\":{\"@id\":\"https:\\\/\\\/www.webdo.tn\\\/fr\\\/#website\"},\"primaryImageOfPage\":{\"@id\":\"https:\\\/\\\/www.webdo.tn\\\/fr\\\/actualite\\\/national\\\/tunisie-huit-ans-de-prison-pour-huit-accuses-dans-l-affaire-de-la-chambre-noire\\\/222289\\\/#primaryimage\"},\"image\":{\"@id\":\"https:\\\/\\\/www.webdo.tn\\\/fr\\\/actualite\\\/national\\\/tunisie-huit-ans-de-prison-pour-huit-accuses-dans-l-affaire-de-la-chambre-noire\\\/222289\\\/#primaryimage\"},\"thumbnailUrl\":\"https:\\\/\\\/www.webdo.tn\\\/fr\\\/wp-content\\\/uploads\\\/2025\\\/05\\\/7927bbf2a0af77ac22787be6dd91a95e.webp\",\"datePublished\":\"2025-05-30T10:39:00+00:00\",\"description\":\"Tunisie \u2013 Huit anciens responsables, dont des cadres s\u00e9curitaires, condamn\u00e9s \u00e0 8 ans de prison dans l\u2019affaire de la chambre noire du minist\u00e8re de l\u2019Int\u00e9rieur,...\",\"breadcrumb\":{\"@id\":\"https:\\\/\\\/www.webdo.tn\\\/fr\\\/actualite\\\/national\\\/tunisie-huit-ans-de-prison-pour-huit-accuses-dans-l-affaire-de-la-chambre-noire\\\/222289\\\/#breadcrumb\"},\"inLanguage\":\"fr-FR\",\"potentialAction\":[{\"@type\":\"ReadAction\",\"target\":[\"https:\\\/\\\/www.webdo.tn\\\/fr\\\/actualite\\\/national\\\/tunisie-huit-ans-de-prison-pour-huit-accuses-dans-l-affaire-de-la-chambre-noire\\\/222289\\\/\"]}]},{\"@type\":\"ImageObject\",\"inLanguage\":\"fr-FR\",\"@id\":\"https:\\\/\\\/www.webdo.tn\\\/fr\\\/actualite\\\/national\\\/tunisie-huit-ans-de-prison-pour-huit-accuses-dans-l-affaire-de-la-chambre-noire\\\/222289\\\/#primaryimage\",\"url\":\"https:\\\/\\\/www.webdo.tn\\\/fr\\\/wp-content\\\/uploads\\\/2025\\\/05\\\/7927bbf2a0af77ac22787be6dd91a95e.webp\",\"contentUrl\":\"https:\\\/\\\/www.webdo.tn\\\/fr\\\/wp-content\\\/uploads\\\/2025\\\/05\\\/7927bbf2a0af77ac22787be6dd91a95e.webp\",\"width\":650,\"height\":347,\"caption\":\"Tunisie : Huit ans de prison pour huit accus\u00e9s dans l\u2019affaire de la \\\"Chambre noire\\\"\"},{\"@type\":\"BreadcrumbList\",\"@id\":\"https:\\\/\\\/www.webdo.tn\\\/fr\\\/actualite\\\/national\\\/tunisie-huit-ans-de-prison-pour-huit-accuses-dans-l-affaire-de-la-chambre-noire\\\/222289\\\/#breadcrumb\",\"itemListElement\":[{\"@type\":\"ListItem\",\"position\":1,\"name\":\"Accueil\",\"item\":\"https:\\\/\\\/www.webdo.tn\\\/fr\\\/\"},{\"@type\":\"ListItem\",\"position\":2,\"name\":\"Tunisie : Huit ans de prison pour huit accus\u00e9s dans l\u2019affaire de la \u00ab\u00a0Chambre noire\u00a0\u00bb\"}]},{\"@type\":\"WebSite\",\"@id\":\"https:\\\/\\\/www.webdo.tn\\\/fr\\\/#website\",\"url\":\"https:\\\/\\\/www.webdo.tn\\\/fr\\\/\",\"name\":\"webdo\",\"description\":\"Tunisie - News en Tunisie et \u00e0 l&#039;international sur Webdo.tn\",\"publisher\":{\"@id\":\"https:\\\/\\\/www.webdo.tn\\\/fr\\\/#organization\"},\"potentialAction\":[{\"@type\":\"SearchAction\",\"target\":{\"@type\":\"EntryPoint\",\"urlTemplate\":\"https:\\\/\\\/www.webdo.tn\\\/fr\\\/?s={search_term_string}\"},\"query-input\":{\"@type\":\"PropertyValueSpecification\",\"valueRequired\":true,\"valueName\":\"search_term_string\"}}],\"inLanguage\":\"fr-FR\"},{\"@type\":\"Organization\",\"@id\":\"https:\\\/\\\/www.webdo.tn\\\/fr\\\/#organization\",\"name\":\"Webdo\",\"alternateName\":\"Webdo.tn\",\"url\":\"https:\\\/\\\/www.webdo.tn\\\/fr\\\/\",\"logo\":{\"@type\":\"ImageObject\",\"inLanguage\":\"fr-FR\",\"@id\":\"https:\\\/\\\/www.webdo.tn\\\/fr\\\/#\\\/schema\\\/logo\\\/image\\\/\",\"url\":\"https:\\\/\\\/www.webdo.tn\\\/fr\\\/wp-content\\\/uploads\\\/2025\\\/06\\\/Webdo-Tunisie_168377.jpg\",\"contentUrl\":\"https:\\\/\\\/www.webdo.tn\\\/fr\\\/wp-content\\\/uploads\\\/2025\\\/06\\\/Webdo-Tunisie_168377.jpg\",\"width\":301,\"height\":301,\"caption\":\"Webdo\"},\"image\":{\"@id\":\"https:\\\/\\\/www.webdo.tn\\\/fr\\\/#\\\/schema\\\/logo\\\/image\\\/\"},\"sameAs\":[\"https:\\\/\\\/www.facebook.com\\\/webdotn\",\"https:\\\/\\\/x.com\\\/webdo_tn\"],\"description\":\"Webdo est un m\u00e9dia num\u00e9rique tunisien fond\u00e9 en 2010, sp\u00e9cialis\u00e9 dans l\u2019actualit\u00e9 nationale et internationale, l\u2019\u00e9conomie, la soci\u00e9t\u00e9 et les analyses politiques. Le site s\u2019adresse \u00e0 un large public francophone et couvre l\u2019information tunisienne en temps r\u00e9el.\",\"email\":\"redac@webdo.tn\",\"legalName\":\"YNJ SARL\",\"foundingDate\":\"2010-09-06\",\"numberOfEmployees\":{\"@type\":\"QuantitativeValue\",\"minValue\":\"11\",\"maxValue\":\"50\"}},{\"@type\":\"Person\",\"@id\":\"https:\\\/\\\/www.webdo.tn\\\/fr\\\/#\\\/schema\\\/person\\\/2c4929cbf5a809e3bd38617c6ce150f6\",\"name\":\"MC\",\"image\":{\"@type\":\"ImageObject\",\"inLanguage\":\"fr-FR\",\"@id\":\"https:\\\/\\\/secure.gravatar.com\\\/avatar\\\/a545bbb6f84efdd5553dbbc2895e3ca8f1d12c5215e00a041c9670b54aa9b18a?s=96&d=mm&r=g\",\"url\":\"https:\\\/\\\/secure.gravatar.com\\\/avatar\\\/a545bbb6f84efdd5553dbbc2895e3ca8f1d12c5215e00a041c9670b54aa9b18a?s=96&d=mm&r=g\",\"contentUrl\":\"https:\\\/\\\/secure.gravatar.com\\\/avatar\\\/a545bbb6f84efdd5553dbbc2895e3ca8f1d12c5215e00a041c9670b54aa9b18a?s=96&d=mm&r=g\",\"caption\":\"MC\"},\"url\":\"https:\\\/\\\/www.webdo.tn\\\/fr\\\/actualite\\\/author\\\/mc\\\/\"}]}<\/script>\n<!-- \/ Yoast SEO Premium plugin. -->","yoast_head_json":{"title":"Tunisie : Huit ans de prison pour huit accus\u00e9s dans l\u2019affaire de la Chambre noire","description":"Tunisie \u2013 Huit anciens responsables, dont des cadres s\u00e9curitaires, condamn\u00e9s \u00e0 8 ans de prison dans l\u2019affaire de la chambre noire du minist\u00e8re de l\u2019Int\u00e9rieur,...","canonical":"https:\/\/www.webdo.tn\/fr\/actualite\/national\/tunisie-huit-ans-de-prison-pour-huit-accuses-dans-l-affaire-de-la-chambre-noire\/222289\/","og_locale":"fr_FR","og_type":"article","og_title":"Tunisie : Huit ans de prison pour huit accus\u00e9s dans l\u2019affaire de la \"Chambre noire\"","og_description":"Tunisie \u2013 Huit anciens responsables, dont des cadres s\u00e9curitaires, condamn\u00e9s \u00e0 8 ans de prison dans l\u2019affaire de la chambre noire du minist\u00e8re de l\u2019Int\u00e9rieur,...","og_url":"https:\/\/www.webdo.tn\/fr\/actualite\/national\/tunisie-huit-ans-de-prison-pour-huit-accuses-dans-l-affaire-de-la-chambre-noire\/222289\/","og_site_name":"webdo","article_publisher":"https:\/\/www.facebook.com\/webdotn","article_published_time":"2025-05-30T10:39:00+00:00","og_image":[{"width":650,"height":347,"url":"https:\/\/www.webdo.tn\/fr\/wp-content\/uploads\/2025\/05\/7927bbf2a0af77ac22787be6dd91a95e.webp","type":"image\/webp"}],"author":"MC","twitter_card":"summary_large_image","twitter_creator":"@webdo_tn","twitter_site":"@webdo_tn","twitter_misc":{"\u00c9crit par":"MC","Dur\u00e9e de lecture estim\u00e9e":"2 minutes"},"schema":{"@context":"https:\/\/schema.org","@graph":[{"@type":"NewsArticle","@id":"https:\/\/www.webdo.tn\/fr\/actualite\/national\/tunisie-huit-ans-de-prison-pour-huit-accuses-dans-l-affaire-de-la-chambre-noire\/222289\/#article","isPartOf":{"@id":"https:\/\/www.webdo.tn\/fr\/actualite\/national\/tunisie-huit-ans-de-prison-pour-huit-accuses-dans-l-affaire-de-la-chambre-noire\/222289\/"},"author":{"name":"MC","@id":"https:\/\/www.webdo.tn\/fr\/#\/schema\/person\/2c4929cbf5a809e3bd38617c6ce150f6"},"headline":"Tunisie : Huit ans de prison pour huit accus\u00e9s dans l\u2019affaire de la \u00ab\u00a0Chambre noire\u00a0\u00bb","datePublished":"2025-05-30T10:39:00+00:00","mainEntityOfPage":{"@id":"https:\/\/www.webdo.tn\/fr\/actualite\/national\/tunisie-huit-ans-de-prison-pour-huit-accuses-dans-l-affaire-de-la-chambre-noire\/222289\/"},"wordCount":420,"commentCount":0,"publisher":{"@id":"https:\/\/www.webdo.tn\/fr\/#organization"},"image":{"@id":"https:\/\/www.webdo.tn\/fr\/actualite\/national\/tunisie-huit-ans-de-prison-pour-huit-accuses-dans-l-affaire-de-la-chambre-noire\/222289\/#primaryimage"},"thumbnailUrl":"https:\/\/www.webdo.tn\/fr\/wp-content\/uploads\/2025\/05\/7927bbf2a0af77ac22787be6dd91a95e.webp","keywords":["assassinats politiques","chambre noire","chokri belaid","condamnation","minist\u00e8re de l'int\u00e9rieur","mohamed brahmi","Tunisie"],"articleSection":["National"],"inLanguage":"fr-FR"},{"@type":"WebPage","@id":"https:\/\/www.webdo.tn\/fr\/actualite\/national\/tunisie-huit-ans-de-prison-pour-huit-accuses-dans-l-affaire-de-la-chambre-noire\/222289\/","url":"https:\/\/www.webdo.tn\/fr\/actualite\/national\/tunisie-huit-ans-de-prison-pour-huit-accuses-dans-l-affaire-de-la-chambre-noire\/222289\/","name":"Tunisie : Huit ans de prison pour huit accus\u00e9s dans l\u2019affaire de la Chambre noire","isPartOf":{"@id":"https:\/\/www.webdo.tn\/fr\/#website"},"primaryImageOfPage":{"@id":"https:\/\/www.webdo.tn\/fr\/actualite\/national\/tunisie-huit-ans-de-prison-pour-huit-accuses-dans-l-affaire-de-la-chambre-noire\/222289\/#primaryimage"},"image":{"@id":"https:\/\/www.webdo.tn\/fr\/actualite\/national\/tunisie-huit-ans-de-prison-pour-huit-accuses-dans-l-affaire-de-la-chambre-noire\/222289\/#primaryimage"},"thumbnailUrl":"https:\/\/www.webdo.tn\/fr\/wp-content\/uploads\/2025\/05\/7927bbf2a0af77ac22787be6dd91a95e.webp","datePublished":"2025-05-30T10:39:00+00:00","description":"Tunisie \u2013 Huit anciens responsables, dont des cadres s\u00e9curitaires, condamn\u00e9s \u00e0 8 ans de prison dans l\u2019affaire de la chambre noire du minist\u00e8re de l\u2019Int\u00e9rieur,...","breadcrumb":{"@id":"https:\/\/www.webdo.tn\/fr\/actualite\/national\/tunisie-huit-ans-de-prison-pour-huit-accuses-dans-l-affaire-de-la-chambre-noire\/222289\/#breadcrumb"},"inLanguage":"fr-FR","potentialAction":[{"@type":"ReadAction","target":["https:\/\/www.webdo.tn\/fr\/actualite\/national\/tunisie-huit-ans-de-prison-pour-huit-accuses-dans-l-affaire-de-la-chambre-noire\/222289\/"]}]},{"@type":"ImageObject","inLanguage":"fr-FR","@id":"https:\/\/www.webdo.tn\/fr\/actualite\/national\/tunisie-huit-ans-de-prison-pour-huit-accuses-dans-l-affaire-de-la-chambre-noire\/222289\/#primaryimage","url":"https:\/\/www.webdo.tn\/fr\/wp-content\/uploads\/2025\/05\/7927bbf2a0af77ac22787be6dd91a95e.webp","contentUrl":"https:\/\/www.webdo.tn\/fr\/wp-content\/uploads\/2025\/05\/7927bbf2a0af77ac22787be6dd91a95e.webp","width":650,"height":347,"caption":"Tunisie : Huit ans de prison pour huit accus\u00e9s dans l\u2019affaire de la \"Chambre noire\""},{"@type":"BreadcrumbList","@id":"https:\/\/www.webdo.tn\/fr\/actualite\/national\/tunisie-huit-ans-de-prison-pour-huit-accuses-dans-l-affaire-de-la-chambre-noire\/222289\/#breadcrumb","itemListElement":[{"@type":"ListItem","position":1,"name":"Accueil","item":"https:\/\/www.webdo.tn\/fr\/"},{"@type":"ListItem","position":2,"name":"Tunisie : Huit ans de prison pour huit accus\u00e9s dans l\u2019affaire de la \u00ab\u00a0Chambre noire\u00a0\u00bb"}]},{"@type":"WebSite","@id":"https:\/\/www.webdo.tn\/fr\/#website","url":"https:\/\/www.webdo.tn\/fr\/","name":"webdo","description":"Tunisie - News en Tunisie et \u00e0 l&#039;international sur Webdo.tn","publisher":{"@id":"https:\/\/www.webdo.tn\/fr\/#organization"},"potentialAction":[{"@type":"SearchAction","target":{"@type":"EntryPoint","urlTemplate":"https:\/\/www.webdo.tn\/fr\/?s={search_term_string}"},"query-input":{"@type":"PropertyValueSpecification","valueRequired":true,"valueName":"search_term_string"}}],"inLanguage":"fr-FR"},{"@type":"Organization","@id":"https:\/\/www.webdo.tn\/fr\/#organization","name":"Webdo","alternateName":"Webdo.tn","url":"https:\/\/www.webdo.tn\/fr\/","logo":{"@type":"ImageObject","inLanguage":"fr-FR","@id":"https:\/\/www.webdo.tn\/fr\/#\/schema\/logo\/image\/","url":"https:\/\/www.webdo.tn\/fr\/wp-content\/uploads\/2025\/06\/Webdo-Tunisie_168377.jpg","contentUrl":"https:\/\/www.webdo.tn\/fr\/wp-content\/uploads\/2025\/06\/Webdo-Tunisie_168377.jpg","width":301,"height":301,"caption":"Webdo"},"image":{"@id":"https:\/\/www.webdo.tn\/fr\/#\/schema\/logo\/image\/"},"sameAs":["https:\/\/www.facebook.com\/webdotn","https:\/\/x.com\/webdo_tn"],"description":"Webdo est un m\u00e9dia num\u00e9rique tunisien fond\u00e9 en 2010, sp\u00e9cialis\u00e9 dans l\u2019actualit\u00e9 nationale et internationale, l\u2019\u00e9conomie, la soci\u00e9t\u00e9 et les analyses politiques. Le site s\u2019adresse \u00e0 un large public francophone et couvre l\u2019information tunisienne en temps r\u00e9el.","email":"redac@webdo.tn","legalName":"YNJ SARL","foundingDate":"2010-09-06","numberOfEmployees":{"@type":"QuantitativeValue","minValue":"11","maxValue":"50"}},{"@type":"Person","@id":"https:\/\/www.webdo.tn\/fr\/#\/schema\/person\/2c4929cbf5a809e3bd38617c6ce150f6","name":"MC","image":{"@type":"ImageObject","inLanguage":"fr-FR","@id":"https:\/\/secure.gravatar.com\/avatar\/a545bbb6f84efdd5553dbbc2895e3ca8f1d12c5215e00a041c9670b54aa9b18a?s=96&d=mm&r=g","url":"https:\/\/secure.gravatar.com\/avatar\/a545bbb6f84efdd5553dbbc2895e3ca8f1d12c5215e00a041c9670b54aa9b18a?s=96&d=mm&r=g","contentUrl":"https:\/\/secure.gravatar.com\/avatar\/a545bbb6f84efdd5553dbbc2895e3ca8f1d12c5215e00a041c9670b54aa9b18a?s=96&d=mm&r=g","caption":"MC"},"url":"https:\/\/www.webdo.tn\/fr\/actualite\/author\/mc\/"}]}},"_links":{"self":[{"href":"https:\/\/www.webdo.tn\/fr\/wp-json\/wp\/v2\/posts\/222289","targetHints":{"allow":["GET"]}}],"collection":[{"href":"https:\/\/www.webdo.tn\/fr\/wp-json\/wp\/v2\/posts"}],"about":[{"href":"https:\/\/www.webdo.tn\/fr\/wp-json\/wp\/v2\/types\/post"}],"author":[{"embeddable":true,"href":"https:\/\/www.webdo.tn\/fr\/wp-json\/wp\/v2\/users\/3162"}],"replies":[{"embeddable":true,"href":"https:\/\/www.webdo.tn\/fr\/wp-json\/wp\/v2\/comments?post=222289"}],"version-history":[{"count":0,"href":"https:\/\/www.webdo.tn\/fr\/wp-json\/wp\/v2\/posts\/222289\/revisions"}],"wp:featuredmedia":[{"embeddable":true,"href":"https:\/\/www.webdo.tn\/fr\/wp-json\/wp\/v2\/media\/366011"}],"wp:attachment":[{"href":"https:\/\/www.webdo.tn\/fr\/wp-json\/wp\/v2\/media?parent=222289"}],"wp:term":[{"taxonomy":"category","embeddable":true,"href":"https:\/\/www.webdo.tn\/fr\/wp-json\/wp\/v2\/categories?post=222289"},{"taxonomy":"post_tag","embeddable":true,"href":"https:\/\/www.webdo.tn\/fr\/wp-json\/wp\/v2\/tags?post=222289"}],"curies":[{"name":"wp","href":"https:\/\/api.w.org\/{rel}","templated":true}]}}