{"id":222286,"date":"2025-05-30T09:22:00","date_gmt":"2025-05-30T09:22:00","guid":{"rendered":"https:\/\/www.webdo.tn\/fr\/actualite\/blog\/tunisie-des-vagues-de-chaleur-exceptionnelles-prevues-en-juin\/222286\/"},"modified":"2025-06-05T16:17:43","modified_gmt":"2025-06-05T16:17:43","slug":"tunisie-des-vagues-de-chaleur-exceptionnelles-prevues-en-juin","status":"publish","type":"post","link":"https:\/\/www.webdo.tn\/fr\/actualite\/national\/tunisie-des-vagues-de-chaleur-exceptionnelles-prevues-en-juin\/222286\/","title":{"rendered":"Tunisie : Vagues de chaleur exceptionnelles pr\u00e9vues en juin\u00a0"},"content":{"rendered":"<p>Les pr\u00e9visions m\u00e9t\u00e9orologiques pour le mois de juin 2025 annoncent des temp\u00e9ratures sup\u00e9rieures aux normales saisonni\u00e8res en Tunisie.\u00a0<\/p>\n<p> Selon l&rsquo;Institut National de la M\u00e9t\u00e9orologie (INM), ces conditions sont attribu\u00e9es \u00e0 des ph\u00e9nom\u00e8nes m\u00e9t\u00e9orologiques tels que les d\u00f4mes de chaleur, caract\u00e9ris\u00e9s par des syst\u00e8mes de haute pression persistants qui emprisonnent l&rsquo;air chaud sur une r\u00e9gion donn\u00e9e .\u00a0<\/p>\n<p>Les donn\u00e9es climatiques indiquent que le mois de juin en Tunisie est g\u00e9n\u00e9ralement chaud et sec, avec des temp\u00e9ratures moyennes maximales autour de 33\u00b0C et peu de pr\u00e9cipitations .\u00a0<\/p>\n<p>Cependant, les mod\u00e8les de pr\u00e9vision saisonni\u00e8re de l&rsquo;INM sugg\u00e8rent une \u00e9l\u00e9vation des temp\u00e9ratures au-dessus des normales pour cette p\u00e9riode, ce qui pourrait intensifier les vagues de chaleur.\u00a0<\/p>\n<p>D\u2019ailleurs, dans une d\u00e9claration r\u00e9cente \u00e0 Diwan FM, Amar Bahaba, climatologue, a annonc\u00e9 que la Tunisie enregistrera des temp\u00e9ratures caniculaires d\u00e9passant les 40\u00b0C durant la deuxi\u00e8me semaine de juin 2025.<\/p>\n","protected":false},"excerpt":{"rendered":"<p>Une vague de chaleur exceptionnelle frappera la Tunisie d\u00e8s la deuxi\u00e8me semaine de juin 2025, avec des temp\u00e9ratures d\u00e9passant les 40\u00b0C, selon l\u2019INM. Sant\u00e9, agri&#8230;<\/p>\n","protected":false},"author":3163,"featured_media":365951,"comment_status":"open","ping_status":"closed","sticky":false,"template":"","format":"standard","meta":{"footnotes":""},"categories":[44],"tags":[3319,4923,2670,2608],"class_list":["post-222286","post","type-post","status-publish","format-standard","has-post-thumbnail","hentry","category-national","tag-chaleur","tag-climat","tag-meteo","tag-tunisie"],"yoast_head":"<!-- This site is optimized with the Yoast SEO Premium plugin v27.5 (Yoast SEO v27.5) - https:\/\/yoast.com\/product\/yoast-seo-premium-wordpress\/ -->\n<title>Tunisie : Vagues de chaleur exceptionnelles pr\u00e9vues en juin\u00a0<\/title>\n<meta name=\"description\" content=\"Une vague de chaleur exceptionnelle frappera la Tunisie d\u00e8s la deuxi\u00e8me semaine de juin 2025, avec des temp\u00e9ratures d\u00e9passant les 40\u00b0C, selon l\u2019INM. Sant\u00e9, agri...\" \/>\n<link rel=\"canonical\" href=\"https:\/\/www.webdo.tn\/fr\/actualite\/national\/tunisie-des-vagues-de-chaleur-exceptionnelles-prevues-en-juin\/222286\/\" \/>\n<meta property=\"og:locale\" content=\"fr_FR\" \/>\n<meta property=\"og:type\" content=\"article\" \/>\n<meta property=\"og:title\" content=\"Tunisie : Vagues de chaleur exceptionnelles pr\u00e9vues en juin\u00a0\" \/>\n<meta property=\"og:description\" content=\"Une vague de chaleur exceptionnelle frappera la Tunisie d\u00e8s la deuxi\u00e8me semaine de juin 2025, avec des temp\u00e9ratures d\u00e9passant les 40\u00b0C, selon l\u2019INM. Sant\u00e9, agri...\" \/>\n<meta property=\"og:url\" content=\"https:\/\/www.webdo.tn\/fr\/actualite\/national\/tunisie-des-vagues-de-chaleur-exceptionnelles-prevues-en-juin\/222286\/\" \/>\n<meta property=\"og:site_name\" content=\"webdo\" \/>\n<meta property=\"article:publisher\" content=\"https:\/\/www.facebook.com\/webdotn\" \/>\n<meta property=\"article:published_time\" content=\"2025-05-30T09:22:00+00:00\" \/>\n<meta property=\"article:modified_time\" content=\"2025-06-05T16:17:43+00:00\" \/>\n<meta property=\"og:image\" content=\"https:\/\/www.webdo.tn\/fr\/wp-content\/uploads\/2025\/05\/526805bc1a56f78ceff0371e55683e96.webp\" \/>\n\t<meta property=\"og:image:width\" content=\"750\" \/>\n\t<meta property=\"og:image:height\" content=\"400\" \/>\n\t<meta property=\"og:image:type\" content=\"image\/webp\" \/>\n<meta name=\"author\" content=\"KJ\" \/>\n<meta name=\"twitter:card\" content=\"summary_large_image\" \/>\n<meta name=\"twitter:creator\" content=\"@webdo_tn\" \/>\n<meta name=\"twitter:site\" content=\"@webdo_tn\" \/>\n<meta name=\"twitter:label1\" content=\"\u00c9crit par\" \/>\n\t<meta name=\"twitter:data1\" content=\"KJ\" \/>\n\t<meta name=\"twitter:label2\" content=\"Dur\u00e9e de lecture estim\u00e9e\" \/>\n\t<meta name=\"twitter:data2\" content=\"1 minute\" \/>\n<script type=\"application\/ld+json\" class=\"yoast-schema-graph\">{\"@context\":\"https:\\\/\\\/schema.org\",\"@graph\":[{\"@type\":\"NewsArticle\",\"@id\":\"https:\\\/\\\/www.webdo.tn\\\/fr\\\/actualite\\\/national\\\/tunisie-des-vagues-de-chaleur-exceptionnelles-prevues-en-juin\\\/222286\\\/#article\",\"isPartOf\":{\"@id\":\"https:\\\/\\\/www.webdo.tn\\\/fr\\\/actualite\\\/national\\\/tunisie-des-vagues-de-chaleur-exceptionnelles-prevues-en-juin\\\/222286\\\/\"},\"author\":{\"name\":\"KJ\",\"@id\":\"https:\\\/\\\/www.webdo.tn\\\/fr\\\/#\\\/schema\\\/person\\\/82ca085b22037d285e1a3c4b65ba5f71\"},\"headline\":\"Tunisie : Vagues de chaleur exceptionnelles pr\u00e9vues en juin\u00a0\",\"datePublished\":\"2025-05-30T09:22:00+00:00\",\"dateModified\":\"2025-06-05T16:17:43+00:00\",\"mainEntityOfPage\":{\"@id\":\"https:\\\/\\\/www.webdo.tn\\\/fr\\\/actualite\\\/national\\\/tunisie-des-vagues-de-chaleur-exceptionnelles-prevues-en-juin\\\/222286\\\/\"},\"wordCount\":185,\"commentCount\":0,\"publisher\":{\"@id\":\"https:\\\/\\\/www.webdo.tn\\\/fr\\\/#organization\"},\"image\":{\"@id\":\"https:\\\/\\\/www.webdo.tn\\\/fr\\\/actualite\\\/national\\\/tunisie-des-vagues-de-chaleur-exceptionnelles-prevues-en-juin\\\/222286\\\/#primaryimage\"},\"thumbnailUrl\":\"https:\\\/\\\/www.webdo.tn\\\/fr\\\/wp-content\\\/uploads\\\/2025\\\/05\\\/526805bc1a56f78ceff0371e55683e96.webp\",\"keywords\":[\"chaleur\",\"climat\",\"m\u00e9t\u00e9o\",\"Tunisie\"],\"articleSection\":[\"National\"],\"inLanguage\":\"fr-FR\"},{\"@type\":\"WebPage\",\"@id\":\"https:\\\/\\\/www.webdo.tn\\\/fr\\\/actualite\\\/national\\\/tunisie-des-vagues-de-chaleur-exceptionnelles-prevues-en-juin\\\/222286\\\/\",\"url\":\"https:\\\/\\\/www.webdo.tn\\\/fr\\\/actualite\\\/national\\\/tunisie-des-vagues-de-chaleur-exceptionnelles-prevues-en-juin\\\/222286\\\/\",\"name\":\"Tunisie : Vagues de chaleur exceptionnelles pr\u00e9vues en juin\u00a0\",\"isPartOf\":{\"@id\":\"https:\\\/\\\/www.webdo.tn\\\/fr\\\/#website\"},\"primaryImageOfPage\":{\"@id\":\"https:\\\/\\\/www.webdo.tn\\\/fr\\\/actualite\\\/national\\\/tunisie-des-vagues-de-chaleur-exceptionnelles-prevues-en-juin\\\/222286\\\/#primaryimage\"},\"image\":{\"@id\":\"https:\\\/\\\/www.webdo.tn\\\/fr\\\/actualite\\\/national\\\/tunisie-des-vagues-de-chaleur-exceptionnelles-prevues-en-juin\\\/222286\\\/#primaryimage\"},\"thumbnailUrl\":\"https:\\\/\\\/www.webdo.tn\\\/fr\\\/wp-content\\\/uploads\\\/2025\\\/05\\\/526805bc1a56f78ceff0371e55683e96.webp\",\"datePublished\":\"2025-05-30T09:22:00+00:00\",\"dateModified\":\"2025-06-05T16:17:43+00:00\",\"description\":\"Une vague de chaleur exceptionnelle frappera la Tunisie d\u00e8s la deuxi\u00e8me semaine de juin 2025, avec des temp\u00e9ratures d\u00e9passant les 40\u00b0C, selon l\u2019INM. Sant\u00e9, agri...\",\"breadcrumb\":{\"@id\":\"https:\\\/\\\/www.webdo.tn\\\/fr\\\/actualite\\\/national\\\/tunisie-des-vagues-de-chaleur-exceptionnelles-prevues-en-juin\\\/222286\\\/#breadcrumb\"},\"inLanguage\":\"fr-FR\",\"potentialAction\":[{\"@type\":\"ReadAction\",\"target\":[\"https:\\\/\\\/www.webdo.tn\\\/fr\\\/actualite\\\/national\\\/tunisie-des-vagues-de-chaleur-exceptionnelles-prevues-en-juin\\\/222286\\\/\"]}]},{\"@type\":\"ImageObject\",\"inLanguage\":\"fr-FR\",\"@id\":\"https:\\\/\\\/www.webdo.tn\\\/fr\\\/actualite\\\/national\\\/tunisie-des-vagues-de-chaleur-exceptionnelles-prevues-en-juin\\\/222286\\\/#primaryimage\",\"url\":\"https:\\\/\\\/www.webdo.tn\\\/fr\\\/wp-content\\\/uploads\\\/2025\\\/05\\\/526805bc1a56f78ceff0371e55683e96.webp\",\"contentUrl\":\"https:\\\/\\\/www.webdo.tn\\\/fr\\\/wp-content\\\/uploads\\\/2025\\\/05\\\/526805bc1a56f78ceff0371e55683e96.webp\",\"width\":750,\"height\":400,\"caption\":\"Tunisie : Vagues de chaleur exceptionnelles pr\u00e9vues en juin\u00a0\"},{\"@type\":\"BreadcrumbList\",\"@id\":\"https:\\\/\\\/www.webdo.tn\\\/fr\\\/actualite\\\/national\\\/tunisie-des-vagues-de-chaleur-exceptionnelles-prevues-en-juin\\\/222286\\\/#breadcrumb\",\"itemListElement\":[{\"@type\":\"ListItem\",\"position\":1,\"name\":\"Accueil\",\"item\":\"https:\\\/\\\/www.webdo.tn\\\/fr\\\/\"},{\"@type\":\"ListItem\",\"position\":2,\"name\":\"Tunisie : Vagues de chaleur exceptionnelles pr\u00e9vues en juin\u00a0\"}]},{\"@type\":\"WebSite\",\"@id\":\"https:\\\/\\\/www.webdo.tn\\\/fr\\\/#website\",\"url\":\"https:\\\/\\\/www.webdo.tn\\\/fr\\\/\",\"name\":\"webdo\",\"description\":\"Tunisie - News en Tunisie et \u00e0 l&#039;international sur Webdo.tn\",\"publisher\":{\"@id\":\"https:\\\/\\\/www.webdo.tn\\\/fr\\\/#organization\"},\"potentialAction\":[{\"@type\":\"SearchAction\",\"target\":{\"@type\":\"EntryPoint\",\"urlTemplate\":\"https:\\\/\\\/www.webdo.tn\\\/fr\\\/?s={search_term_string}\"},\"query-input\":{\"@type\":\"PropertyValueSpecification\",\"valueRequired\":true,\"valueName\":\"search_term_string\"}}],\"inLanguage\":\"fr-FR\"},{\"@type\":\"Organization\",\"@id\":\"https:\\\/\\\/www.webdo.tn\\\/fr\\\/#organization\",\"name\":\"Webdo\",\"alternateName\":\"Webdo.tn\",\"url\":\"https:\\\/\\\/www.webdo.tn\\\/fr\\\/\",\"logo\":{\"@type\":\"ImageObject\",\"inLanguage\":\"fr-FR\",\"@id\":\"https:\\\/\\\/www.webdo.tn\\\/fr\\\/#\\\/schema\\\/logo\\\/image\\\/\",\"url\":\"https:\\\/\\\/www.webdo.tn\\\/fr\\\/wp-content\\\/uploads\\\/2025\\\/06\\\/Webdo-Tunisie_168377.jpg\",\"contentUrl\":\"https:\\\/\\\/www.webdo.tn\\\/fr\\\/wp-content\\\/uploads\\\/2025\\\/06\\\/Webdo-Tunisie_168377.jpg\",\"width\":301,\"height\":301,\"caption\":\"Webdo\"},\"image\":{\"@id\":\"https:\\\/\\\/www.webdo.tn\\\/fr\\\/#\\\/schema\\\/logo\\\/image\\\/\"},\"sameAs\":[\"https:\\\/\\\/www.facebook.com\\\/webdotn\",\"https:\\\/\\\/x.com\\\/webdo_tn\"],\"description\":\"Webdo est un m\u00e9dia num\u00e9rique tunisien fond\u00e9 en 2010, sp\u00e9cialis\u00e9 dans l\u2019actualit\u00e9 nationale et internationale, l\u2019\u00e9conomie, la soci\u00e9t\u00e9 et les analyses politiques. Le site s\u2019adresse \u00e0 un large public francophone et couvre l\u2019information tunisienne en temps r\u00e9el.\",\"email\":\"redac@webdo.tn\",\"legalName\":\"YNJ SARL\",\"foundingDate\":\"2010-09-06\",\"numberOfEmployees\":{\"@type\":\"QuantitativeValue\",\"minValue\":\"11\",\"maxValue\":\"50\"}},{\"@type\":\"Person\",\"@id\":\"https:\\\/\\\/www.webdo.tn\\\/fr\\\/#\\\/schema\\\/person\\\/82ca085b22037d285e1a3c4b65ba5f71\",\"name\":\"KJ\",\"image\":{\"@type\":\"ImageObject\",\"inLanguage\":\"fr-FR\",\"@id\":\"https:\\\/\\\/secure.gravatar.com\\\/avatar\\\/1a1320de1c1971c893f00068f760b4113d69504aa21273da17ee95650c5944fd?s=96&d=mm&r=g\",\"url\":\"https:\\\/\\\/secure.gravatar.com\\\/avatar\\\/1a1320de1c1971c893f00068f760b4113d69504aa21273da17ee95650c5944fd?s=96&d=mm&r=g\",\"contentUrl\":\"https:\\\/\\\/secure.gravatar.com\\\/avatar\\\/1a1320de1c1971c893f00068f760b4113d69504aa21273da17ee95650c5944fd?s=96&d=mm&r=g\",\"caption\":\"KJ\"},\"url\":\"https:\\\/\\\/www.webdo.tn\\\/fr\\\/actualite\\\/author\\\/kj\\\/\"}]}<\/script>\n<!-- \/ Yoast SEO Premium plugin. -->","yoast_head_json":{"title":"Tunisie : Vagues de chaleur exceptionnelles pr\u00e9vues en juin\u00a0","description":"Une vague de chaleur exceptionnelle frappera la Tunisie d\u00e8s la deuxi\u00e8me semaine de juin 2025, avec des temp\u00e9ratures d\u00e9passant les 40\u00b0C, selon l\u2019INM. Sant\u00e9, agri...","canonical":"https:\/\/www.webdo.tn\/fr\/actualite\/national\/tunisie-des-vagues-de-chaleur-exceptionnelles-prevues-en-juin\/222286\/","og_locale":"fr_FR","og_type":"article","og_title":"Tunisie : Vagues de chaleur exceptionnelles pr\u00e9vues en juin\u00a0","og_description":"Une vague de chaleur exceptionnelle frappera la Tunisie d\u00e8s la deuxi\u00e8me semaine de juin 2025, avec des temp\u00e9ratures d\u00e9passant les 40\u00b0C, selon l\u2019INM. Sant\u00e9, agri...","og_url":"https:\/\/www.webdo.tn\/fr\/actualite\/national\/tunisie-des-vagues-de-chaleur-exceptionnelles-prevues-en-juin\/222286\/","og_site_name":"webdo","article_publisher":"https:\/\/www.facebook.com\/webdotn","article_published_time":"2025-05-30T09:22:00+00:00","article_modified_time":"2025-06-05T16:17:43+00:00","og_image":[{"width":750,"height":400,"url":"https:\/\/www.webdo.tn\/fr\/wp-content\/uploads\/2025\/05\/526805bc1a56f78ceff0371e55683e96.webp","type":"image\/webp"}],"author":"KJ","twitter_card":"summary_large_image","twitter_creator":"@webdo_tn","twitter_site":"@webdo_tn","twitter_misc":{"\u00c9crit par":"KJ","Dur\u00e9e de lecture estim\u00e9e":"1 minute"},"schema":{"@context":"https:\/\/schema.org","@graph":[{"@type":"NewsArticle","@id":"https:\/\/www.webdo.tn\/fr\/actualite\/national\/tunisie-des-vagues-de-chaleur-exceptionnelles-prevues-en-juin\/222286\/#article","isPartOf":{"@id":"https:\/\/www.webdo.tn\/fr\/actualite\/national\/tunisie-des-vagues-de-chaleur-exceptionnelles-prevues-en-juin\/222286\/"},"author":{"name":"KJ","@id":"https:\/\/www.webdo.tn\/fr\/#\/schema\/person\/82ca085b22037d285e1a3c4b65ba5f71"},"headline":"Tunisie : Vagues de chaleur exceptionnelles pr\u00e9vues en juin\u00a0","datePublished":"2025-05-30T09:22:00+00:00","dateModified":"2025-06-05T16:17:43+00:00","mainEntityOfPage":{"@id":"https:\/\/www.webdo.tn\/fr\/actualite\/national\/tunisie-des-vagues-de-chaleur-exceptionnelles-prevues-en-juin\/222286\/"},"wordCount":185,"commentCount":0,"publisher":{"@id":"https:\/\/www.webdo.tn\/fr\/#organization"},"image":{"@id":"https:\/\/www.webdo.tn\/fr\/actualite\/national\/tunisie-des-vagues-de-chaleur-exceptionnelles-prevues-en-juin\/222286\/#primaryimage"},"thumbnailUrl":"https:\/\/www.webdo.tn\/fr\/wp-content\/uploads\/2025\/05\/526805bc1a56f78ceff0371e55683e96.webp","keywords":["chaleur","climat","m\u00e9t\u00e9o","Tunisie"],"articleSection":["National"],"inLanguage":"fr-FR"},{"@type":"WebPage","@id":"https:\/\/www.webdo.tn\/fr\/actualite\/national\/tunisie-des-vagues-de-chaleur-exceptionnelles-prevues-en-juin\/222286\/","url":"https:\/\/www.webdo.tn\/fr\/actualite\/national\/tunisie-des-vagues-de-chaleur-exceptionnelles-prevues-en-juin\/222286\/","name":"Tunisie : Vagues de chaleur exceptionnelles pr\u00e9vues en juin\u00a0","isPartOf":{"@id":"https:\/\/www.webdo.tn\/fr\/#website"},"primaryImageOfPage":{"@id":"https:\/\/www.webdo.tn\/fr\/actualite\/national\/tunisie-des-vagues-de-chaleur-exceptionnelles-prevues-en-juin\/222286\/#primaryimage"},"image":{"@id":"https:\/\/www.webdo.tn\/fr\/actualite\/national\/tunisie-des-vagues-de-chaleur-exceptionnelles-prevues-en-juin\/222286\/#primaryimage"},"thumbnailUrl":"https:\/\/www.webdo.tn\/fr\/wp-content\/uploads\/2025\/05\/526805bc1a56f78ceff0371e55683e96.webp","datePublished":"2025-05-30T09:22:00+00:00","dateModified":"2025-06-05T16:17:43+00:00","description":"Une vague de chaleur exceptionnelle frappera la Tunisie d\u00e8s la deuxi\u00e8me semaine de juin 2025, avec des temp\u00e9ratures d\u00e9passant les 40\u00b0C, selon l\u2019INM. Sant\u00e9, agri...","breadcrumb":{"@id":"https:\/\/www.webdo.tn\/fr\/actualite\/national\/tunisie-des-vagues-de-chaleur-exceptionnelles-prevues-en-juin\/222286\/#breadcrumb"},"inLanguage":"fr-FR","potentialAction":[{"@type":"ReadAction","target":["https:\/\/www.webdo.tn\/fr\/actualite\/national\/tunisie-des-vagues-de-chaleur-exceptionnelles-prevues-en-juin\/222286\/"]}]},{"@type":"ImageObject","inLanguage":"fr-FR","@id":"https:\/\/www.webdo.tn\/fr\/actualite\/national\/tunisie-des-vagues-de-chaleur-exceptionnelles-prevues-en-juin\/222286\/#primaryimage","url":"https:\/\/www.webdo.tn\/fr\/wp-content\/uploads\/2025\/05\/526805bc1a56f78ceff0371e55683e96.webp","contentUrl":"https:\/\/www.webdo.tn\/fr\/wp-content\/uploads\/2025\/05\/526805bc1a56f78ceff0371e55683e96.webp","width":750,"height":400,"caption":"Tunisie : Vagues de chaleur exceptionnelles pr\u00e9vues en juin\u00a0"},{"@type":"BreadcrumbList","@id":"https:\/\/www.webdo.tn\/fr\/actualite\/national\/tunisie-des-vagues-de-chaleur-exceptionnelles-prevues-en-juin\/222286\/#breadcrumb","itemListElement":[{"@type":"ListItem","position":1,"name":"Accueil","item":"https:\/\/www.webdo.tn\/fr\/"},{"@type":"ListItem","position":2,"name":"Tunisie : Vagues de chaleur exceptionnelles pr\u00e9vues en juin\u00a0"}]},{"@type":"WebSite","@id":"https:\/\/www.webdo.tn\/fr\/#website","url":"https:\/\/www.webdo.tn\/fr\/","name":"webdo","description":"Tunisie - News en Tunisie et \u00e0 l&#039;international sur Webdo.tn","publisher":{"@id":"https:\/\/www.webdo.tn\/fr\/#organization"},"potentialAction":[{"@type":"SearchAction","target":{"@type":"EntryPoint","urlTemplate":"https:\/\/www.webdo.tn\/fr\/?s={search_term_string}"},"query-input":{"@type":"PropertyValueSpecification","valueRequired":true,"valueName":"search_term_string"}}],"inLanguage":"fr-FR"},{"@type":"Organization","@id":"https:\/\/www.webdo.tn\/fr\/#organization","name":"Webdo","alternateName":"Webdo.tn","url":"https:\/\/www.webdo.tn\/fr\/","logo":{"@type":"ImageObject","inLanguage":"fr-FR","@id":"https:\/\/www.webdo.tn\/fr\/#\/schema\/logo\/image\/","url":"https:\/\/www.webdo.tn\/fr\/wp-content\/uploads\/2025\/06\/Webdo-Tunisie_168377.jpg","contentUrl":"https:\/\/www.webdo.tn\/fr\/wp-content\/uploads\/2025\/06\/Webdo-Tunisie_168377.jpg","width":301,"height":301,"caption":"Webdo"},"image":{"@id":"https:\/\/www.webdo.tn\/fr\/#\/schema\/logo\/image\/"},"sameAs":["https:\/\/www.facebook.com\/webdotn","https:\/\/x.com\/webdo_tn"],"description":"Webdo est un m\u00e9dia num\u00e9rique tunisien fond\u00e9 en 2010, sp\u00e9cialis\u00e9 dans l\u2019actualit\u00e9 nationale et internationale, l\u2019\u00e9conomie, la soci\u00e9t\u00e9 et les analyses politiques. Le site s\u2019adresse \u00e0 un large public francophone et couvre l\u2019information tunisienne en temps r\u00e9el.","email":"redac@webdo.tn","legalName":"YNJ SARL","foundingDate":"2010-09-06","numberOfEmployees":{"@type":"QuantitativeValue","minValue":"11","maxValue":"50"}},{"@type":"Person","@id":"https:\/\/www.webdo.tn\/fr\/#\/schema\/person\/82ca085b22037d285e1a3c4b65ba5f71","name":"KJ","image":{"@type":"ImageObject","inLanguage":"fr-FR","@id":"https:\/\/secure.gravatar.com\/avatar\/1a1320de1c1971c893f00068f760b4113d69504aa21273da17ee95650c5944fd?s=96&d=mm&r=g","url":"https:\/\/secure.gravatar.com\/avatar\/1a1320de1c1971c893f00068f760b4113d69504aa21273da17ee95650c5944fd?s=96&d=mm&r=g","contentUrl":"https:\/\/secure.gravatar.com\/avatar\/1a1320de1c1971c893f00068f760b4113d69504aa21273da17ee95650c5944fd?s=96&d=mm&r=g","caption":"KJ"},"url":"https:\/\/www.webdo.tn\/fr\/actualite\/author\/kj\/"}]}},"_links":{"self":[{"href":"https:\/\/www.webdo.tn\/fr\/wp-json\/wp\/v2\/posts\/222286","targetHints":{"allow":["GET"]}}],"collection":[{"href":"https:\/\/www.webdo.tn\/fr\/wp-json\/wp\/v2\/posts"}],"about":[{"href":"https:\/\/www.webdo.tn\/fr\/wp-json\/wp\/v2\/types\/post"}],"author":[{"embeddable":true,"href":"https:\/\/www.webdo.tn\/fr\/wp-json\/wp\/v2\/users\/3163"}],"replies":[{"embeddable":true,"href":"https:\/\/www.webdo.tn\/fr\/wp-json\/wp\/v2\/comments?post=222286"}],"version-history":[{"count":0,"href":"https:\/\/www.webdo.tn\/fr\/wp-json\/wp\/v2\/posts\/222286\/revisions"}],"wp:featuredmedia":[{"embeddable":true,"href":"https:\/\/www.webdo.tn\/fr\/wp-json\/wp\/v2\/media\/365951"}],"wp:attachment":[{"href":"https:\/\/www.webdo.tn\/fr\/wp-json\/wp\/v2\/media?parent=222286"}],"wp:term":[{"taxonomy":"category","embeddable":true,"href":"https:\/\/www.webdo.tn\/fr\/wp-json\/wp\/v2\/categories?post=222286"},{"taxonomy":"post_tag","embeddable":true,"href":"https:\/\/www.webdo.tn\/fr\/wp-json\/wp\/v2\/tags?post=222286"}],"curies":[{"name":"wp","href":"https:\/\/api.w.org\/{rel}","templated":true}]}}