{"id":222284,"date":"2025-05-30T07:49:00","date_gmt":"2025-05-30T07:49:00","guid":{"rendered":"https:\/\/www.webdo.tn\/fr\/actualite\/blog\/tunisie-a-l-approche-de-l-aid-le-prix-du-mouton-continue-de-susciter-l-indignation\/222284\/"},"modified":"2025-05-30T07:49:00","modified_gmt":"2025-05-30T07:49:00","slug":"tunisie-a-l-approche-de-l-aid-le-prix-du-mouton-continue-de-susciter-l-indignation","status":"publish","type":"post","link":"https:\/\/www.webdo.tn\/fr\/actualite\/national\/tunisie-a-l-approche-de-l-aid-le-prix-du-mouton-continue-de-susciter-l-indignation\/222284\/","title":{"rendered":"Tunisie : \u00c0 l\u2019approche de l\u2019A\u00efd, le prix du mouton continue de susciter l\u2019indignation"},"content":{"rendered":"<p>\u00c0 quelques jours de l\u2019A\u00efd al-Adha, la flamb\u00e9e des prix des moutons soul\u00e8ve un m\u00e9contentement g\u00e9n\u00e9ralis\u00e9 chez les Tunisiens. Lors d\u2019une tourn\u00e9e r\u00e9alis\u00e9e par Mosaique FM dans plusieurs points de vente, notamment \u00e0 l\u2019Ariana et dans la r\u00e9gion des Mellasine, de nombreux citoyens ont exprim\u00e9 leur ras-le-bol face \u00e0 ce qu\u2019ils consid\u00e8rent comme des tarifs inaccessibles pour de larges couches de la population.\u00a0<\/p>\n<p> La hausse des prix ne semble pas \u00e9pargner les points de vente dits \u00ab organis\u00e9s \u00bb, o\u00f9 l&rsquo;\u00c9tat a pourtant fix\u00e9 le prix du kilogramme de mouton vivant \u00e0 21,900 dinars.<\/p>\n<p>Pour de nombreux acheteurs interrog\u00e9s, cette mesure n\u2019a pas produit l\u2019effet escompt\u00e9 : \u00ab \u00a0Il n\u2019y a aucune diff\u00e9rence entre les points de vente organis\u00e9s et les autres, les prix sont \u00e9lev\u00e9s partout \u00bb, s\u2019indigne un citoyen.\u00a0<\/p>\n<p>Face \u00e0 ces critiques, certains \u00e9leveurs et commer\u00e7ants se d\u00e9fendent. Selon eux, les prix pratiqu\u00e9s dans les march\u00e9s parall\u00e8les sont souvent inf\u00e9rieurs \u00e0 ceux des points de vente \u00e9tatiques, oscillant entre 1700 et 1800 dinars pour une b\u00eate.\u00a0<\/p>\n<p>Ils justifient ces tarifs par la hausse continue des prix de l\u2019aliment pour b\u00e9tail et les co\u00fbts de l\u2019\u00e9levage, qu\u2019ils supportent depuis plusieurs mois. \u00c0 leurs yeux, le prix reste \u00ab raisonnable \u00bb au vu du contexte \u00e9conomique.<\/p>\n","protected":false},"excerpt":{"rendered":"<p>\u00c0 l\u2019approche de l\u2019A\u00efd al-Adha, le prix \u00e9lev\u00e9 des moutons en Tunisie suscite col\u00e8re et r\u00e9signation. Malgr\u00e9 les points de vente organis\u00e9s, les citoyens d\u00e9noncent&#8230;<\/p>\n","protected":false},"author":3162,"featured_media":366008,"comment_status":"open","ping_status":"closed","sticky":false,"template":"","format":"standard","meta":{"footnotes":""},"categories":[44],"tags":[6741,8032,2609],"class_list":["post-222284","post","type-post","status-publish","format-standard","has-post-thumbnail","hentry","category-national","tag-aid","tag-mouton","tag-prix"],"yoast_head":"<!-- This site is optimized with the Yoast SEO Premium plugin v27.5 (Yoast SEO v27.5) - https:\/\/yoast.com\/product\/yoast-seo-premium-wordpress\/ -->\n<title>Tunisie : \u00c0 l\u2019approche de l\u2019A\u00efd, le prix du mouton continue de susciter l\u2019indignation<\/title>\n<meta name=\"description\" content=\"\u00c0 l\u2019approche de l\u2019A\u00efd al-Adha, le prix \u00e9lev\u00e9 des moutons en Tunisie suscite col\u00e8re et r\u00e9signation. Malgr\u00e9 les points de vente organis\u00e9s, les citoyens d\u00e9noncent...\" \/>\n<link rel=\"canonical\" href=\"https:\/\/www.webdo.tn\/fr\/actualite\/national\/tunisie-a-l-approche-de-l-aid-le-prix-du-mouton-continue-de-susciter-l-indignation\/222284\/\" \/>\n<meta property=\"og:locale\" content=\"fr_FR\" \/>\n<meta property=\"og:type\" content=\"article\" \/>\n<meta property=\"og:title\" content=\"Tunisie : \u00c0 l\u2019approche de l\u2019A\u00efd, le prix du mouton continue de susciter l\u2019indignation\" \/>\n<meta property=\"og:description\" content=\"\u00c0 l\u2019approche de l\u2019A\u00efd al-Adha, le prix \u00e9lev\u00e9 des moutons en Tunisie suscite col\u00e8re et r\u00e9signation. Malgr\u00e9 les points de vente organis\u00e9s, les citoyens d\u00e9noncent...\" \/>\n<meta property=\"og:url\" content=\"https:\/\/www.webdo.tn\/fr\/actualite\/national\/tunisie-a-l-approche-de-l-aid-le-prix-du-mouton-continue-de-susciter-l-indignation\/222284\/\" \/>\n<meta property=\"og:site_name\" content=\"webdo\" \/>\n<meta property=\"article:publisher\" content=\"https:\/\/www.facebook.com\/webdotn\" \/>\n<meta property=\"article:published_time\" content=\"2025-05-30T07:49:00+00:00\" \/>\n<meta property=\"og:image\" content=\"https:\/\/www.webdo.tn\/fr\/wp-content\/uploads\/2025\/05\/0a9ef5f61674bdfaf0e0dce24a21bf33.webp\" \/>\n\t<meta property=\"og:image:width\" content=\"664\" \/>\n\t<meta property=\"og:image:height\" content=\"354\" \/>\n\t<meta property=\"og:image:type\" content=\"image\/webp\" \/>\n<meta name=\"author\" content=\"MC\" \/>\n<meta name=\"twitter:card\" content=\"summary_large_image\" \/>\n<meta name=\"twitter:creator\" content=\"@webdo_tn\" \/>\n<meta name=\"twitter:site\" content=\"@webdo_tn\" \/>\n<meta name=\"twitter:label1\" content=\"\u00c9crit par\" \/>\n\t<meta name=\"twitter:data1\" content=\"MC\" \/>\n\t<meta name=\"twitter:label2\" content=\"Dur\u00e9e de lecture estim\u00e9e\" \/>\n\t<meta name=\"twitter:data2\" content=\"1 minute\" \/>\n<script type=\"application\/ld+json\" class=\"yoast-schema-graph\">{\"@context\":\"https:\\\/\\\/schema.org\",\"@graph\":[{\"@type\":\"NewsArticle\",\"@id\":\"https:\\\/\\\/www.webdo.tn\\\/fr\\\/actualite\\\/national\\\/tunisie-a-l-approche-de-l-aid-le-prix-du-mouton-continue-de-susciter-l-indignation\\\/222284\\\/#article\",\"isPartOf\":{\"@id\":\"https:\\\/\\\/www.webdo.tn\\\/fr\\\/actualite\\\/national\\\/tunisie-a-l-approche-de-l-aid-le-prix-du-mouton-continue-de-susciter-l-indignation\\\/222284\\\/\"},\"author\":{\"name\":\"MC\",\"@id\":\"https:\\\/\\\/www.webdo.tn\\\/fr\\\/#\\\/schema\\\/person\\\/2c4929cbf5a809e3bd38617c6ce150f6\"},\"headline\":\"Tunisie : \u00c0 l\u2019approche de l\u2019A\u00efd, le prix du mouton continue de susciter l\u2019indignation\",\"datePublished\":\"2025-05-30T07:49:00+00:00\",\"mainEntityOfPage\":{\"@id\":\"https:\\\/\\\/www.webdo.tn\\\/fr\\\/actualite\\\/national\\\/tunisie-a-l-approche-de-l-aid-le-prix-du-mouton-continue-de-susciter-l-indignation\\\/222284\\\/\"},\"wordCount\":243,\"commentCount\":0,\"publisher\":{\"@id\":\"https:\\\/\\\/www.webdo.tn\\\/fr\\\/#organization\"},\"image\":{\"@id\":\"https:\\\/\\\/www.webdo.tn\\\/fr\\\/actualite\\\/national\\\/tunisie-a-l-approche-de-l-aid-le-prix-du-mouton-continue-de-susciter-l-indignation\\\/222284\\\/#primaryimage\"},\"thumbnailUrl\":\"https:\\\/\\\/www.webdo.tn\\\/fr\\\/wp-content\\\/uploads\\\/2025\\\/05\\\/0a9ef5f61674bdfaf0e0dce24a21bf33.webp\",\"keywords\":[\"a\u00efd\",\"mouton\",\"prix\"],\"articleSection\":[\"National\"],\"inLanguage\":\"fr-FR\"},{\"@type\":\"WebPage\",\"@id\":\"https:\\\/\\\/www.webdo.tn\\\/fr\\\/actualite\\\/national\\\/tunisie-a-l-approche-de-l-aid-le-prix-du-mouton-continue-de-susciter-l-indignation\\\/222284\\\/\",\"url\":\"https:\\\/\\\/www.webdo.tn\\\/fr\\\/actualite\\\/national\\\/tunisie-a-l-approche-de-l-aid-le-prix-du-mouton-continue-de-susciter-l-indignation\\\/222284\\\/\",\"name\":\"Tunisie : \u00c0 l\u2019approche de l\u2019A\u00efd, le prix du mouton continue de susciter l\u2019indignation\",\"isPartOf\":{\"@id\":\"https:\\\/\\\/www.webdo.tn\\\/fr\\\/#website\"},\"primaryImageOfPage\":{\"@id\":\"https:\\\/\\\/www.webdo.tn\\\/fr\\\/actualite\\\/national\\\/tunisie-a-l-approche-de-l-aid-le-prix-du-mouton-continue-de-susciter-l-indignation\\\/222284\\\/#primaryimage\"},\"image\":{\"@id\":\"https:\\\/\\\/www.webdo.tn\\\/fr\\\/actualite\\\/national\\\/tunisie-a-l-approche-de-l-aid-le-prix-du-mouton-continue-de-susciter-l-indignation\\\/222284\\\/#primaryimage\"},\"thumbnailUrl\":\"https:\\\/\\\/www.webdo.tn\\\/fr\\\/wp-content\\\/uploads\\\/2025\\\/05\\\/0a9ef5f61674bdfaf0e0dce24a21bf33.webp\",\"datePublished\":\"2025-05-30T07:49:00+00:00\",\"description\":\"\u00c0 l\u2019approche de l\u2019A\u00efd al-Adha, le prix \u00e9lev\u00e9 des moutons en Tunisie suscite col\u00e8re et r\u00e9signation. Malgr\u00e9 les points de vente organis\u00e9s, les citoyens d\u00e9noncent...\",\"breadcrumb\":{\"@id\":\"https:\\\/\\\/www.webdo.tn\\\/fr\\\/actualite\\\/national\\\/tunisie-a-l-approche-de-l-aid-le-prix-du-mouton-continue-de-susciter-l-indignation\\\/222284\\\/#breadcrumb\"},\"inLanguage\":\"fr-FR\",\"potentialAction\":[{\"@type\":\"ReadAction\",\"target\":[\"https:\\\/\\\/www.webdo.tn\\\/fr\\\/actualite\\\/national\\\/tunisie-a-l-approche-de-l-aid-le-prix-du-mouton-continue-de-susciter-l-indignation\\\/222284\\\/\"]}]},{\"@type\":\"ImageObject\",\"inLanguage\":\"fr-FR\",\"@id\":\"https:\\\/\\\/www.webdo.tn\\\/fr\\\/actualite\\\/national\\\/tunisie-a-l-approche-de-l-aid-le-prix-du-mouton-continue-de-susciter-l-indignation\\\/222284\\\/#primaryimage\",\"url\":\"https:\\\/\\\/www.webdo.tn\\\/fr\\\/wp-content\\\/uploads\\\/2025\\\/05\\\/0a9ef5f61674bdfaf0e0dce24a21bf33.webp\",\"contentUrl\":\"https:\\\/\\\/www.webdo.tn\\\/fr\\\/wp-content\\\/uploads\\\/2025\\\/05\\\/0a9ef5f61674bdfaf0e0dce24a21bf33.webp\",\"width\":664,\"height\":354,\"caption\":\"Tunisie : \u00c0 l\u2019approche de l\u2019A\u00efd, le prix du mouton continue de susciter l\u2019indignation\"},{\"@type\":\"BreadcrumbList\",\"@id\":\"https:\\\/\\\/www.webdo.tn\\\/fr\\\/actualite\\\/national\\\/tunisie-a-l-approche-de-l-aid-le-prix-du-mouton-continue-de-susciter-l-indignation\\\/222284\\\/#breadcrumb\",\"itemListElement\":[{\"@type\":\"ListItem\",\"position\":1,\"name\":\"Accueil\",\"item\":\"https:\\\/\\\/www.webdo.tn\\\/fr\\\/\"},{\"@type\":\"ListItem\",\"position\":2,\"name\":\"Tunisie : \u00c0 l\u2019approche de l\u2019A\u00efd, le prix du mouton continue de susciter l\u2019indignation\"}]},{\"@type\":\"WebSite\",\"@id\":\"https:\\\/\\\/www.webdo.tn\\\/fr\\\/#website\",\"url\":\"https:\\\/\\\/www.webdo.tn\\\/fr\\\/\",\"name\":\"webdo\",\"description\":\"Tunisie - News en Tunisie et \u00e0 l&#039;international sur Webdo.tn\",\"publisher\":{\"@id\":\"https:\\\/\\\/www.webdo.tn\\\/fr\\\/#organization\"},\"potentialAction\":[{\"@type\":\"SearchAction\",\"target\":{\"@type\":\"EntryPoint\",\"urlTemplate\":\"https:\\\/\\\/www.webdo.tn\\\/fr\\\/?s={search_term_string}\"},\"query-input\":{\"@type\":\"PropertyValueSpecification\",\"valueRequired\":true,\"valueName\":\"search_term_string\"}}],\"inLanguage\":\"fr-FR\"},{\"@type\":\"Organization\",\"@id\":\"https:\\\/\\\/www.webdo.tn\\\/fr\\\/#organization\",\"name\":\"Webdo\",\"alternateName\":\"Webdo.tn\",\"url\":\"https:\\\/\\\/www.webdo.tn\\\/fr\\\/\",\"logo\":{\"@type\":\"ImageObject\",\"inLanguage\":\"fr-FR\",\"@id\":\"https:\\\/\\\/www.webdo.tn\\\/fr\\\/#\\\/schema\\\/logo\\\/image\\\/\",\"url\":\"https:\\\/\\\/www.webdo.tn\\\/fr\\\/wp-content\\\/uploads\\\/2025\\\/06\\\/Webdo-Tunisie_168377.jpg\",\"contentUrl\":\"https:\\\/\\\/www.webdo.tn\\\/fr\\\/wp-content\\\/uploads\\\/2025\\\/06\\\/Webdo-Tunisie_168377.jpg\",\"width\":301,\"height\":301,\"caption\":\"Webdo\"},\"image\":{\"@id\":\"https:\\\/\\\/www.webdo.tn\\\/fr\\\/#\\\/schema\\\/logo\\\/image\\\/\"},\"sameAs\":[\"https:\\\/\\\/www.facebook.com\\\/webdotn\",\"https:\\\/\\\/x.com\\\/webdo_tn\"],\"description\":\"Webdo est un m\u00e9dia num\u00e9rique tunisien fond\u00e9 en 2010, sp\u00e9cialis\u00e9 dans l\u2019actualit\u00e9 nationale et internationale, l\u2019\u00e9conomie, la soci\u00e9t\u00e9 et les analyses politiques. Le site s\u2019adresse \u00e0 un large public francophone et couvre l\u2019information tunisienne en temps r\u00e9el.\",\"email\":\"redac@webdo.tn\",\"legalName\":\"YNJ SARL\",\"foundingDate\":\"2010-09-06\",\"numberOfEmployees\":{\"@type\":\"QuantitativeValue\",\"minValue\":\"11\",\"maxValue\":\"50\"}},{\"@type\":\"Person\",\"@id\":\"https:\\\/\\\/www.webdo.tn\\\/fr\\\/#\\\/schema\\\/person\\\/2c4929cbf5a809e3bd38617c6ce150f6\",\"name\":\"MC\",\"image\":{\"@type\":\"ImageObject\",\"inLanguage\":\"fr-FR\",\"@id\":\"https:\\\/\\\/secure.gravatar.com\\\/avatar\\\/a545bbb6f84efdd5553dbbc2895e3ca8f1d12c5215e00a041c9670b54aa9b18a?s=96&d=mm&r=g\",\"url\":\"https:\\\/\\\/secure.gravatar.com\\\/avatar\\\/a545bbb6f84efdd5553dbbc2895e3ca8f1d12c5215e00a041c9670b54aa9b18a?s=96&d=mm&r=g\",\"contentUrl\":\"https:\\\/\\\/secure.gravatar.com\\\/avatar\\\/a545bbb6f84efdd5553dbbc2895e3ca8f1d12c5215e00a041c9670b54aa9b18a?s=96&d=mm&r=g\",\"caption\":\"MC\"},\"url\":\"https:\\\/\\\/www.webdo.tn\\\/fr\\\/actualite\\\/author\\\/mc\\\/\"}]}<\/script>\n<!-- \/ Yoast SEO Premium plugin. -->","yoast_head_json":{"title":"Tunisie : \u00c0 l\u2019approche de l\u2019A\u00efd, le prix du mouton continue de susciter l\u2019indignation","description":"\u00c0 l\u2019approche de l\u2019A\u00efd al-Adha, le prix \u00e9lev\u00e9 des moutons en Tunisie suscite col\u00e8re et r\u00e9signation. Malgr\u00e9 les points de vente organis\u00e9s, les citoyens d\u00e9noncent...","canonical":"https:\/\/www.webdo.tn\/fr\/actualite\/national\/tunisie-a-l-approche-de-l-aid-le-prix-du-mouton-continue-de-susciter-l-indignation\/222284\/","og_locale":"fr_FR","og_type":"article","og_title":"Tunisie : \u00c0 l\u2019approche de l\u2019A\u00efd, le prix du mouton continue de susciter l\u2019indignation","og_description":"\u00c0 l\u2019approche de l\u2019A\u00efd al-Adha, le prix \u00e9lev\u00e9 des moutons en Tunisie suscite col\u00e8re et r\u00e9signation. Malgr\u00e9 les points de vente organis\u00e9s, les citoyens d\u00e9noncent...","og_url":"https:\/\/www.webdo.tn\/fr\/actualite\/national\/tunisie-a-l-approche-de-l-aid-le-prix-du-mouton-continue-de-susciter-l-indignation\/222284\/","og_site_name":"webdo","article_publisher":"https:\/\/www.facebook.com\/webdotn","article_published_time":"2025-05-30T07:49:00+00:00","og_image":[{"width":664,"height":354,"url":"https:\/\/www.webdo.tn\/fr\/wp-content\/uploads\/2025\/05\/0a9ef5f61674bdfaf0e0dce24a21bf33.webp","type":"image\/webp"}],"author":"MC","twitter_card":"summary_large_image","twitter_creator":"@webdo_tn","twitter_site":"@webdo_tn","twitter_misc":{"\u00c9crit par":"MC","Dur\u00e9e de lecture estim\u00e9e":"1 minute"},"schema":{"@context":"https:\/\/schema.org","@graph":[{"@type":"NewsArticle","@id":"https:\/\/www.webdo.tn\/fr\/actualite\/national\/tunisie-a-l-approche-de-l-aid-le-prix-du-mouton-continue-de-susciter-l-indignation\/222284\/#article","isPartOf":{"@id":"https:\/\/www.webdo.tn\/fr\/actualite\/national\/tunisie-a-l-approche-de-l-aid-le-prix-du-mouton-continue-de-susciter-l-indignation\/222284\/"},"author":{"name":"MC","@id":"https:\/\/www.webdo.tn\/fr\/#\/schema\/person\/2c4929cbf5a809e3bd38617c6ce150f6"},"headline":"Tunisie : \u00c0 l\u2019approche de l\u2019A\u00efd, le prix du mouton continue de susciter l\u2019indignation","datePublished":"2025-05-30T07:49:00+00:00","mainEntityOfPage":{"@id":"https:\/\/www.webdo.tn\/fr\/actualite\/national\/tunisie-a-l-approche-de-l-aid-le-prix-du-mouton-continue-de-susciter-l-indignation\/222284\/"},"wordCount":243,"commentCount":0,"publisher":{"@id":"https:\/\/www.webdo.tn\/fr\/#organization"},"image":{"@id":"https:\/\/www.webdo.tn\/fr\/actualite\/national\/tunisie-a-l-approche-de-l-aid-le-prix-du-mouton-continue-de-susciter-l-indignation\/222284\/#primaryimage"},"thumbnailUrl":"https:\/\/www.webdo.tn\/fr\/wp-content\/uploads\/2025\/05\/0a9ef5f61674bdfaf0e0dce24a21bf33.webp","keywords":["a\u00efd","mouton","prix"],"articleSection":["National"],"inLanguage":"fr-FR"},{"@type":"WebPage","@id":"https:\/\/www.webdo.tn\/fr\/actualite\/national\/tunisie-a-l-approche-de-l-aid-le-prix-du-mouton-continue-de-susciter-l-indignation\/222284\/","url":"https:\/\/www.webdo.tn\/fr\/actualite\/national\/tunisie-a-l-approche-de-l-aid-le-prix-du-mouton-continue-de-susciter-l-indignation\/222284\/","name":"Tunisie : \u00c0 l\u2019approche de l\u2019A\u00efd, le prix du mouton continue de susciter l\u2019indignation","isPartOf":{"@id":"https:\/\/www.webdo.tn\/fr\/#website"},"primaryImageOfPage":{"@id":"https:\/\/www.webdo.tn\/fr\/actualite\/national\/tunisie-a-l-approche-de-l-aid-le-prix-du-mouton-continue-de-susciter-l-indignation\/222284\/#primaryimage"},"image":{"@id":"https:\/\/www.webdo.tn\/fr\/actualite\/national\/tunisie-a-l-approche-de-l-aid-le-prix-du-mouton-continue-de-susciter-l-indignation\/222284\/#primaryimage"},"thumbnailUrl":"https:\/\/www.webdo.tn\/fr\/wp-content\/uploads\/2025\/05\/0a9ef5f61674bdfaf0e0dce24a21bf33.webp","datePublished":"2025-05-30T07:49:00+00:00","description":"\u00c0 l\u2019approche de l\u2019A\u00efd al-Adha, le prix \u00e9lev\u00e9 des moutons en Tunisie suscite col\u00e8re et r\u00e9signation. Malgr\u00e9 les points de vente organis\u00e9s, les citoyens d\u00e9noncent...","breadcrumb":{"@id":"https:\/\/www.webdo.tn\/fr\/actualite\/national\/tunisie-a-l-approche-de-l-aid-le-prix-du-mouton-continue-de-susciter-l-indignation\/222284\/#breadcrumb"},"inLanguage":"fr-FR","potentialAction":[{"@type":"ReadAction","target":["https:\/\/www.webdo.tn\/fr\/actualite\/national\/tunisie-a-l-approche-de-l-aid-le-prix-du-mouton-continue-de-susciter-l-indignation\/222284\/"]}]},{"@type":"ImageObject","inLanguage":"fr-FR","@id":"https:\/\/www.webdo.tn\/fr\/actualite\/national\/tunisie-a-l-approche-de-l-aid-le-prix-du-mouton-continue-de-susciter-l-indignation\/222284\/#primaryimage","url":"https:\/\/www.webdo.tn\/fr\/wp-content\/uploads\/2025\/05\/0a9ef5f61674bdfaf0e0dce24a21bf33.webp","contentUrl":"https:\/\/www.webdo.tn\/fr\/wp-content\/uploads\/2025\/05\/0a9ef5f61674bdfaf0e0dce24a21bf33.webp","width":664,"height":354,"caption":"Tunisie : \u00c0 l\u2019approche de l\u2019A\u00efd, le prix du mouton continue de susciter l\u2019indignation"},{"@type":"BreadcrumbList","@id":"https:\/\/www.webdo.tn\/fr\/actualite\/national\/tunisie-a-l-approche-de-l-aid-le-prix-du-mouton-continue-de-susciter-l-indignation\/222284\/#breadcrumb","itemListElement":[{"@type":"ListItem","position":1,"name":"Accueil","item":"https:\/\/www.webdo.tn\/fr\/"},{"@type":"ListItem","position":2,"name":"Tunisie : \u00c0 l\u2019approche de l\u2019A\u00efd, le prix du mouton continue de susciter l\u2019indignation"}]},{"@type":"WebSite","@id":"https:\/\/www.webdo.tn\/fr\/#website","url":"https:\/\/www.webdo.tn\/fr\/","name":"webdo","description":"Tunisie - News en Tunisie et \u00e0 l&#039;international sur Webdo.tn","publisher":{"@id":"https:\/\/www.webdo.tn\/fr\/#organization"},"potentialAction":[{"@type":"SearchAction","target":{"@type":"EntryPoint","urlTemplate":"https:\/\/www.webdo.tn\/fr\/?s={search_term_string}"},"query-input":{"@type":"PropertyValueSpecification","valueRequired":true,"valueName":"search_term_string"}}],"inLanguage":"fr-FR"},{"@type":"Organization","@id":"https:\/\/www.webdo.tn\/fr\/#organization","name":"Webdo","alternateName":"Webdo.tn","url":"https:\/\/www.webdo.tn\/fr\/","logo":{"@type":"ImageObject","inLanguage":"fr-FR","@id":"https:\/\/www.webdo.tn\/fr\/#\/schema\/logo\/image\/","url":"https:\/\/www.webdo.tn\/fr\/wp-content\/uploads\/2025\/06\/Webdo-Tunisie_168377.jpg","contentUrl":"https:\/\/www.webdo.tn\/fr\/wp-content\/uploads\/2025\/06\/Webdo-Tunisie_168377.jpg","width":301,"height":301,"caption":"Webdo"},"image":{"@id":"https:\/\/www.webdo.tn\/fr\/#\/schema\/logo\/image\/"},"sameAs":["https:\/\/www.facebook.com\/webdotn","https:\/\/x.com\/webdo_tn"],"description":"Webdo est un m\u00e9dia num\u00e9rique tunisien fond\u00e9 en 2010, sp\u00e9cialis\u00e9 dans l\u2019actualit\u00e9 nationale et internationale, l\u2019\u00e9conomie, la soci\u00e9t\u00e9 et les analyses politiques. Le site s\u2019adresse \u00e0 un large public francophone et couvre l\u2019information tunisienne en temps r\u00e9el.","email":"redac@webdo.tn","legalName":"YNJ SARL","foundingDate":"2010-09-06","numberOfEmployees":{"@type":"QuantitativeValue","minValue":"11","maxValue":"50"}},{"@type":"Person","@id":"https:\/\/www.webdo.tn\/fr\/#\/schema\/person\/2c4929cbf5a809e3bd38617c6ce150f6","name":"MC","image":{"@type":"ImageObject","inLanguage":"fr-FR","@id":"https:\/\/secure.gravatar.com\/avatar\/a545bbb6f84efdd5553dbbc2895e3ca8f1d12c5215e00a041c9670b54aa9b18a?s=96&d=mm&r=g","url":"https:\/\/secure.gravatar.com\/avatar\/a545bbb6f84efdd5553dbbc2895e3ca8f1d12c5215e00a041c9670b54aa9b18a?s=96&d=mm&r=g","contentUrl":"https:\/\/secure.gravatar.com\/avatar\/a545bbb6f84efdd5553dbbc2895e3ca8f1d12c5215e00a041c9670b54aa9b18a?s=96&d=mm&r=g","caption":"MC"},"url":"https:\/\/www.webdo.tn\/fr\/actualite\/author\/mc\/"}]}},"_links":{"self":[{"href":"https:\/\/www.webdo.tn\/fr\/wp-json\/wp\/v2\/posts\/222284","targetHints":{"allow":["GET"]}}],"collection":[{"href":"https:\/\/www.webdo.tn\/fr\/wp-json\/wp\/v2\/posts"}],"about":[{"href":"https:\/\/www.webdo.tn\/fr\/wp-json\/wp\/v2\/types\/post"}],"author":[{"embeddable":true,"href":"https:\/\/www.webdo.tn\/fr\/wp-json\/wp\/v2\/users\/3162"}],"replies":[{"embeddable":true,"href":"https:\/\/www.webdo.tn\/fr\/wp-json\/wp\/v2\/comments?post=222284"}],"version-history":[{"count":0,"href":"https:\/\/www.webdo.tn\/fr\/wp-json\/wp\/v2\/posts\/222284\/revisions"}],"wp:featuredmedia":[{"embeddable":true,"href":"https:\/\/www.webdo.tn\/fr\/wp-json\/wp\/v2\/media\/366008"}],"wp:attachment":[{"href":"https:\/\/www.webdo.tn\/fr\/wp-json\/wp\/v2\/media?parent=222284"}],"wp:term":[{"taxonomy":"category","embeddable":true,"href":"https:\/\/www.webdo.tn\/fr\/wp-json\/wp\/v2\/categories?post=222284"},{"taxonomy":"post_tag","embeddable":true,"href":"https:\/\/www.webdo.tn\/fr\/wp-json\/wp\/v2\/tags?post=222284"}],"curies":[{"name":"wp","href":"https:\/\/api.w.org\/{rel}","templated":true}]}}