{"id":222283,"date":"2025-05-30T07:40:00","date_gmt":"2025-05-30T07:40:00","guid":{"rendered":"https:\/\/www.webdo.tn\/fr\/actualite\/blog\/tunisie-vers-une-acceleration-des-retours-volontaires-des-migrants\/222283\/"},"modified":"2025-05-30T07:40:00","modified_gmt":"2025-05-30T07:40:00","slug":"tunisie-vers-une-acceleration-des-retours-volontaires-des-migrants","status":"publish","type":"post","link":"https:\/\/www.webdo.tn\/fr\/actualite\/national\/tunisie-vers-une-acceleration-des-retours-volontaires-des-migrants\/222283\/","title":{"rendered":"Tunisie : Vers une acc\u00e9l\u00e9ration des retours volontaires des migrants"},"content":{"rendered":"<p>La Tunisie intensifie ses efforts pour organiser le retour volontaire des migrants subsahariens en situation irr\u00e9guli\u00e8re, notamment dans la r\u00e9gion de Sfax.\u00a0<\/p>\n<p> C\u2019est ce qu\u2019a affirm\u00e9 le porte-parole officiel de la Garde nationale, le g\u00e9n\u00e9ral Houssem Eddine Jebabli, en marge d\u2019une op\u00e9ration de d\u00e9mant\u00e8lement de camps de migrants \u00e0 la localit\u00e9 de El Amra (gouvernorat de Sfax). En coordination avec l\u2019Organisation internationale pour les migrations (OIM), les autorit\u00e9s tunisiennes s&rsquo;efforcent de multiplier les rotations a\u00e9riennes, avec d\u00e9j\u00e0 deux vols hebdomadaires organis\u00e9s \u00e0 destination des pays d\u2019origine.<\/p>\n<p>Ces retours s\u2019inscrivent dans un contexte de tension migratoire accrue dans le sud du pays, o\u00f9 des milliers de migrants vivent dans des campements de fortune, sans acc\u00e8s aux services de base.<\/p>\n<p>La Tunisie tente d\u2019allier fermet\u00e9 et approche humanitaire : certains migrants sont rentr\u00e9s de leur plein gr\u00e9, d\u2019autres ont \u00e9t\u00e9 expuls\u00e9s apr\u00e8s avoir commis des actes contraires \u00e0 l\u2019ordre public, selon les d\u00e9clarations officielles. En parall\u00e8le, des rapatriements ont aussi lieu via les vols commerciaux.<\/p>\n<p>L\u2019op\u00e9ration men\u00e9e jeudi 30 mai \u00e0 El Amra concerne environ 3 500 personnes install\u00e9es dans des camps informels au niveau du point kilom\u00e9trique 21. Encadr\u00e9e par les forces de s\u00e9curit\u00e9, l\u2019intervention a \u00e9t\u00e9 accompagn\u00e9e par les \u00e9quipes sanitaires, la Croix-Rouge tunisienne, les scouts et les autorit\u00e9s locales.<\/p>\n<p>L\u2019objectif : d\u00e9manteler les campements anarchiques, d\u00e9sinfecter les lieux, collecter et d\u00e9truire les d\u00e9chets, dans le respect apparent d\u2019un dispositif multisectoriel bien coordonn\u00e9.<\/p>\n","protected":false},"excerpt":{"rendered":"<p>La Tunisie intensifie les retours volontaires des migrants subsahariens en situation irr\u00e9guli\u00e8re, notamment \u00e0 Sfax, tout en d\u00e9mantelant les campements informels&#8230;<\/p>\n","protected":false},"author":3162,"featured_media":366010,"comment_status":"open","ping_status":"closed","sticky":false,"template":"","format":"standard","meta":{"footnotes":""},"categories":[44],"tags":[2894,3377,2608],"class_list":["post-222283","post","type-post","status-publish","format-standard","has-post-thumbnail","hentry","category-national","tag-migrants","tag-subsahariens","tag-tunisie"],"yoast_head":"<!-- This site is optimized with the Yoast SEO Premium plugin v27.4 (Yoast SEO v27.4) - https:\/\/yoast.com\/product\/yoast-seo-premium-wordpress\/ -->\n<title>Tunisie : Vers une acc\u00e9l\u00e9ration des retours volontaires des migrants<\/title>\n<meta name=\"description\" content=\"La Tunisie intensifie les retours volontaires des migrants subsahariens en situation irr\u00e9guli\u00e8re, notamment \u00e0 Sfax, tout en d\u00e9mantelant les campements informels...\" \/>\n<link rel=\"canonical\" href=\"https:\/\/www.webdo.tn\/fr\/actualite\/national\/tunisie-vers-une-acceleration-des-retours-volontaires-des-migrants\/222283\/\" \/>\n<meta property=\"og:locale\" content=\"fr_FR\" \/>\n<meta property=\"og:type\" content=\"article\" \/>\n<meta property=\"og:title\" content=\"Tunisie : Vers une acc\u00e9l\u00e9ration des retours volontaires des migrants\" \/>\n<meta property=\"og:description\" content=\"La Tunisie intensifie les retours volontaires des migrants subsahariens en situation irr\u00e9guli\u00e8re, notamment \u00e0 Sfax, tout en d\u00e9mantelant les campements informels...\" \/>\n<meta property=\"og:url\" content=\"https:\/\/www.webdo.tn\/fr\/actualite\/national\/tunisie-vers-une-acceleration-des-retours-volontaires-des-migrants\/222283\/\" \/>\n<meta property=\"og:site_name\" content=\"webdo\" \/>\n<meta property=\"article:publisher\" content=\"https:\/\/www.facebook.com\/webdotn\" \/>\n<meta property=\"article:published_time\" content=\"2025-05-30T07:40:00+00:00\" \/>\n<meta property=\"og:image\" content=\"https:\/\/www.webdo.tn\/fr\/wp-content\/uploads\/2025\/05\/246638d566f9c7adc611b37ddc3edcee.webp\" \/>\n\t<meta property=\"og:image:width\" content=\"740\" \/>\n\t<meta property=\"og:image:height\" content=\"395\" \/>\n\t<meta property=\"og:image:type\" content=\"image\/webp\" \/>\n<meta name=\"author\" content=\"MC\" \/>\n<meta name=\"twitter:card\" content=\"summary_large_image\" \/>\n<meta name=\"twitter:creator\" content=\"@webdo_tn\" \/>\n<meta name=\"twitter:site\" content=\"@webdo_tn\" \/>\n<meta name=\"twitter:label1\" content=\"\u00c9crit par\" \/>\n\t<meta name=\"twitter:data1\" content=\"MC\" \/>\n\t<meta name=\"twitter:label2\" content=\"Dur\u00e9e de lecture estim\u00e9e\" \/>\n\t<meta name=\"twitter:data2\" content=\"1 minute\" \/>\n<script type=\"application\/ld+json\" class=\"yoast-schema-graph\">{\"@context\":\"https:\\\/\\\/schema.org\",\"@graph\":[{\"@type\":\"NewsArticle\",\"@id\":\"https:\\\/\\\/www.webdo.tn\\\/fr\\\/actualite\\\/national\\\/tunisie-vers-une-acceleration-des-retours-volontaires-des-migrants\\\/222283\\\/#article\",\"isPartOf\":{\"@id\":\"https:\\\/\\\/www.webdo.tn\\\/fr\\\/actualite\\\/national\\\/tunisie-vers-une-acceleration-des-retours-volontaires-des-migrants\\\/222283\\\/\"},\"author\":{\"name\":\"MC\",\"@id\":\"https:\\\/\\\/www.webdo.tn\\\/fr\\\/#\\\/schema\\\/person\\\/2c4929cbf5a809e3bd38617c6ce150f6\"},\"headline\":\"Tunisie : Vers une acc\u00e9l\u00e9ration des retours volontaires des migrants\",\"datePublished\":\"2025-05-30T07:40:00+00:00\",\"mainEntityOfPage\":{\"@id\":\"https:\\\/\\\/www.webdo.tn\\\/fr\\\/actualite\\\/national\\\/tunisie-vers-une-acceleration-des-retours-volontaires-des-migrants\\\/222283\\\/\"},\"wordCount\":278,\"commentCount\":0,\"publisher\":{\"@id\":\"https:\\\/\\\/www.webdo.tn\\\/fr\\\/#organization\"},\"image\":{\"@id\":\"https:\\\/\\\/www.webdo.tn\\\/fr\\\/actualite\\\/national\\\/tunisie-vers-une-acceleration-des-retours-volontaires-des-migrants\\\/222283\\\/#primaryimage\"},\"thumbnailUrl\":\"https:\\\/\\\/www.webdo.tn\\\/fr\\\/wp-content\\\/uploads\\\/2025\\\/05\\\/246638d566f9c7adc611b37ddc3edcee.webp\",\"keywords\":[\"migrants\",\"Subsahariens\",\"Tunisie\"],\"articleSection\":[\"National\"],\"inLanguage\":\"fr-FR\"},{\"@type\":\"WebPage\",\"@id\":\"https:\\\/\\\/www.webdo.tn\\\/fr\\\/actualite\\\/national\\\/tunisie-vers-une-acceleration-des-retours-volontaires-des-migrants\\\/222283\\\/\",\"url\":\"https:\\\/\\\/www.webdo.tn\\\/fr\\\/actualite\\\/national\\\/tunisie-vers-une-acceleration-des-retours-volontaires-des-migrants\\\/222283\\\/\",\"name\":\"Tunisie : Vers une acc\u00e9l\u00e9ration des retours volontaires des migrants\",\"isPartOf\":{\"@id\":\"https:\\\/\\\/www.webdo.tn\\\/fr\\\/#website\"},\"primaryImageOfPage\":{\"@id\":\"https:\\\/\\\/www.webdo.tn\\\/fr\\\/actualite\\\/national\\\/tunisie-vers-une-acceleration-des-retours-volontaires-des-migrants\\\/222283\\\/#primaryimage\"},\"image\":{\"@id\":\"https:\\\/\\\/www.webdo.tn\\\/fr\\\/actualite\\\/national\\\/tunisie-vers-une-acceleration-des-retours-volontaires-des-migrants\\\/222283\\\/#primaryimage\"},\"thumbnailUrl\":\"https:\\\/\\\/www.webdo.tn\\\/fr\\\/wp-content\\\/uploads\\\/2025\\\/05\\\/246638d566f9c7adc611b37ddc3edcee.webp\",\"datePublished\":\"2025-05-30T07:40:00+00:00\",\"description\":\"La Tunisie intensifie les retours volontaires des migrants subsahariens en situation irr\u00e9guli\u00e8re, notamment \u00e0 Sfax, tout en d\u00e9mantelant les campements informels...\",\"breadcrumb\":{\"@id\":\"https:\\\/\\\/www.webdo.tn\\\/fr\\\/actualite\\\/national\\\/tunisie-vers-une-acceleration-des-retours-volontaires-des-migrants\\\/222283\\\/#breadcrumb\"},\"inLanguage\":\"fr-FR\",\"potentialAction\":[{\"@type\":\"ReadAction\",\"target\":[\"https:\\\/\\\/www.webdo.tn\\\/fr\\\/actualite\\\/national\\\/tunisie-vers-une-acceleration-des-retours-volontaires-des-migrants\\\/222283\\\/\"]}]},{\"@type\":\"ImageObject\",\"inLanguage\":\"fr-FR\",\"@id\":\"https:\\\/\\\/www.webdo.tn\\\/fr\\\/actualite\\\/national\\\/tunisie-vers-une-acceleration-des-retours-volontaires-des-migrants\\\/222283\\\/#primaryimage\",\"url\":\"https:\\\/\\\/www.webdo.tn\\\/fr\\\/wp-content\\\/uploads\\\/2025\\\/05\\\/246638d566f9c7adc611b37ddc3edcee.webp\",\"contentUrl\":\"https:\\\/\\\/www.webdo.tn\\\/fr\\\/wp-content\\\/uploads\\\/2025\\\/05\\\/246638d566f9c7adc611b37ddc3edcee.webp\",\"width\":740,\"height\":395,\"caption\":\"Tunisie : Vers une acc\u00e9l\u00e9ration des retours volontaires des migrants\"},{\"@type\":\"BreadcrumbList\",\"@id\":\"https:\\\/\\\/www.webdo.tn\\\/fr\\\/actualite\\\/national\\\/tunisie-vers-une-acceleration-des-retours-volontaires-des-migrants\\\/222283\\\/#breadcrumb\",\"itemListElement\":[{\"@type\":\"ListItem\",\"position\":1,\"name\":\"Accueil\",\"item\":\"https:\\\/\\\/www.webdo.tn\\\/fr\\\/\"},{\"@type\":\"ListItem\",\"position\":2,\"name\":\"Tunisie : Vers une acc\u00e9l\u00e9ration des retours volontaires des migrants\"}]},{\"@type\":\"WebSite\",\"@id\":\"https:\\\/\\\/www.webdo.tn\\\/fr\\\/#website\",\"url\":\"https:\\\/\\\/www.webdo.tn\\\/fr\\\/\",\"name\":\"webdo\",\"description\":\"Tunisie - News en Tunisie et \u00e0 l&#039;international sur Webdo.tn\",\"publisher\":{\"@id\":\"https:\\\/\\\/www.webdo.tn\\\/fr\\\/#organization\"},\"potentialAction\":[{\"@type\":\"SearchAction\",\"target\":{\"@type\":\"EntryPoint\",\"urlTemplate\":\"https:\\\/\\\/www.webdo.tn\\\/fr\\\/?s={search_term_string}\"},\"query-input\":{\"@type\":\"PropertyValueSpecification\",\"valueRequired\":true,\"valueName\":\"search_term_string\"}}],\"inLanguage\":\"fr-FR\"},{\"@type\":\"Organization\",\"@id\":\"https:\\\/\\\/www.webdo.tn\\\/fr\\\/#organization\",\"name\":\"Webdo\",\"alternateName\":\"Webdo.tn\",\"url\":\"https:\\\/\\\/www.webdo.tn\\\/fr\\\/\",\"logo\":{\"@type\":\"ImageObject\",\"inLanguage\":\"fr-FR\",\"@id\":\"https:\\\/\\\/www.webdo.tn\\\/fr\\\/#\\\/schema\\\/logo\\\/image\\\/\",\"url\":\"https:\\\/\\\/www.webdo.tn\\\/fr\\\/wp-content\\\/uploads\\\/2025\\\/06\\\/Webdo-Tunisie_168377.jpg\",\"contentUrl\":\"https:\\\/\\\/www.webdo.tn\\\/fr\\\/wp-content\\\/uploads\\\/2025\\\/06\\\/Webdo-Tunisie_168377.jpg\",\"width\":301,\"height\":301,\"caption\":\"Webdo\"},\"image\":{\"@id\":\"https:\\\/\\\/www.webdo.tn\\\/fr\\\/#\\\/schema\\\/logo\\\/image\\\/\"},\"sameAs\":[\"https:\\\/\\\/www.facebook.com\\\/webdotn\",\"https:\\\/\\\/x.com\\\/webdo_tn\"],\"description\":\"Webdo est un m\u00e9dia num\u00e9rique tunisien fond\u00e9 en 2010, sp\u00e9cialis\u00e9 dans l\u2019actualit\u00e9 nationale et internationale, l\u2019\u00e9conomie, la soci\u00e9t\u00e9 et les analyses politiques. Le site s\u2019adresse \u00e0 un large public francophone et couvre l\u2019information tunisienne en temps r\u00e9el.\",\"email\":\"redac@webdo.tn\",\"legalName\":\"YNJ SARL\",\"foundingDate\":\"2010-09-06\",\"numberOfEmployees\":{\"@type\":\"QuantitativeValue\",\"minValue\":\"11\",\"maxValue\":\"50\"}},{\"@type\":\"Person\",\"@id\":\"https:\\\/\\\/www.webdo.tn\\\/fr\\\/#\\\/schema\\\/person\\\/2c4929cbf5a809e3bd38617c6ce150f6\",\"name\":\"MC\",\"image\":{\"@type\":\"ImageObject\",\"inLanguage\":\"fr-FR\",\"@id\":\"https:\\\/\\\/secure.gravatar.com\\\/avatar\\\/a545bbb6f84efdd5553dbbc2895e3ca8f1d12c5215e00a041c9670b54aa9b18a?s=96&d=mm&r=g\",\"url\":\"https:\\\/\\\/secure.gravatar.com\\\/avatar\\\/a545bbb6f84efdd5553dbbc2895e3ca8f1d12c5215e00a041c9670b54aa9b18a?s=96&d=mm&r=g\",\"contentUrl\":\"https:\\\/\\\/secure.gravatar.com\\\/avatar\\\/a545bbb6f84efdd5553dbbc2895e3ca8f1d12c5215e00a041c9670b54aa9b18a?s=96&d=mm&r=g\",\"caption\":\"MC\"},\"url\":\"https:\\\/\\\/www.webdo.tn\\\/fr\\\/actualite\\\/author\\\/mc\\\/\"}]}<\/script>\n<!-- \/ Yoast SEO Premium plugin. -->","yoast_head_json":{"title":"Tunisie : Vers une acc\u00e9l\u00e9ration des retours volontaires des migrants","description":"La Tunisie intensifie les retours volontaires des migrants subsahariens en situation irr\u00e9guli\u00e8re, notamment \u00e0 Sfax, tout en d\u00e9mantelant les campements informels...","canonical":"https:\/\/www.webdo.tn\/fr\/actualite\/national\/tunisie-vers-une-acceleration-des-retours-volontaires-des-migrants\/222283\/","og_locale":"fr_FR","og_type":"article","og_title":"Tunisie : Vers une acc\u00e9l\u00e9ration des retours volontaires des migrants","og_description":"La Tunisie intensifie les retours volontaires des migrants subsahariens en situation irr\u00e9guli\u00e8re, notamment \u00e0 Sfax, tout en d\u00e9mantelant les campements informels...","og_url":"https:\/\/www.webdo.tn\/fr\/actualite\/national\/tunisie-vers-une-acceleration-des-retours-volontaires-des-migrants\/222283\/","og_site_name":"webdo","article_publisher":"https:\/\/www.facebook.com\/webdotn","article_published_time":"2025-05-30T07:40:00+00:00","og_image":[{"width":740,"height":395,"url":"https:\/\/www.webdo.tn\/fr\/wp-content\/uploads\/2025\/05\/246638d566f9c7adc611b37ddc3edcee.webp","type":"image\/webp"}],"author":"MC","twitter_card":"summary_large_image","twitter_creator":"@webdo_tn","twitter_site":"@webdo_tn","twitter_misc":{"\u00c9crit par":"MC","Dur\u00e9e de lecture estim\u00e9e":"1 minute"},"schema":{"@context":"https:\/\/schema.org","@graph":[{"@type":"NewsArticle","@id":"https:\/\/www.webdo.tn\/fr\/actualite\/national\/tunisie-vers-une-acceleration-des-retours-volontaires-des-migrants\/222283\/#article","isPartOf":{"@id":"https:\/\/www.webdo.tn\/fr\/actualite\/national\/tunisie-vers-une-acceleration-des-retours-volontaires-des-migrants\/222283\/"},"author":{"name":"MC","@id":"https:\/\/www.webdo.tn\/fr\/#\/schema\/person\/2c4929cbf5a809e3bd38617c6ce150f6"},"headline":"Tunisie : Vers une acc\u00e9l\u00e9ration des retours volontaires des migrants","datePublished":"2025-05-30T07:40:00+00:00","mainEntityOfPage":{"@id":"https:\/\/www.webdo.tn\/fr\/actualite\/national\/tunisie-vers-une-acceleration-des-retours-volontaires-des-migrants\/222283\/"},"wordCount":278,"commentCount":0,"publisher":{"@id":"https:\/\/www.webdo.tn\/fr\/#organization"},"image":{"@id":"https:\/\/www.webdo.tn\/fr\/actualite\/national\/tunisie-vers-une-acceleration-des-retours-volontaires-des-migrants\/222283\/#primaryimage"},"thumbnailUrl":"https:\/\/www.webdo.tn\/fr\/wp-content\/uploads\/2025\/05\/246638d566f9c7adc611b37ddc3edcee.webp","keywords":["migrants","Subsahariens","Tunisie"],"articleSection":["National"],"inLanguage":"fr-FR"},{"@type":"WebPage","@id":"https:\/\/www.webdo.tn\/fr\/actualite\/national\/tunisie-vers-une-acceleration-des-retours-volontaires-des-migrants\/222283\/","url":"https:\/\/www.webdo.tn\/fr\/actualite\/national\/tunisie-vers-une-acceleration-des-retours-volontaires-des-migrants\/222283\/","name":"Tunisie : Vers une acc\u00e9l\u00e9ration des retours volontaires des migrants","isPartOf":{"@id":"https:\/\/www.webdo.tn\/fr\/#website"},"primaryImageOfPage":{"@id":"https:\/\/www.webdo.tn\/fr\/actualite\/national\/tunisie-vers-une-acceleration-des-retours-volontaires-des-migrants\/222283\/#primaryimage"},"image":{"@id":"https:\/\/www.webdo.tn\/fr\/actualite\/national\/tunisie-vers-une-acceleration-des-retours-volontaires-des-migrants\/222283\/#primaryimage"},"thumbnailUrl":"https:\/\/www.webdo.tn\/fr\/wp-content\/uploads\/2025\/05\/246638d566f9c7adc611b37ddc3edcee.webp","datePublished":"2025-05-30T07:40:00+00:00","description":"La Tunisie intensifie les retours volontaires des migrants subsahariens en situation irr\u00e9guli\u00e8re, notamment \u00e0 Sfax, tout en d\u00e9mantelant les campements informels...","breadcrumb":{"@id":"https:\/\/www.webdo.tn\/fr\/actualite\/national\/tunisie-vers-une-acceleration-des-retours-volontaires-des-migrants\/222283\/#breadcrumb"},"inLanguage":"fr-FR","potentialAction":[{"@type":"ReadAction","target":["https:\/\/www.webdo.tn\/fr\/actualite\/national\/tunisie-vers-une-acceleration-des-retours-volontaires-des-migrants\/222283\/"]}]},{"@type":"ImageObject","inLanguage":"fr-FR","@id":"https:\/\/www.webdo.tn\/fr\/actualite\/national\/tunisie-vers-une-acceleration-des-retours-volontaires-des-migrants\/222283\/#primaryimage","url":"https:\/\/www.webdo.tn\/fr\/wp-content\/uploads\/2025\/05\/246638d566f9c7adc611b37ddc3edcee.webp","contentUrl":"https:\/\/www.webdo.tn\/fr\/wp-content\/uploads\/2025\/05\/246638d566f9c7adc611b37ddc3edcee.webp","width":740,"height":395,"caption":"Tunisie : Vers une acc\u00e9l\u00e9ration des retours volontaires des migrants"},{"@type":"BreadcrumbList","@id":"https:\/\/www.webdo.tn\/fr\/actualite\/national\/tunisie-vers-une-acceleration-des-retours-volontaires-des-migrants\/222283\/#breadcrumb","itemListElement":[{"@type":"ListItem","position":1,"name":"Accueil","item":"https:\/\/www.webdo.tn\/fr\/"},{"@type":"ListItem","position":2,"name":"Tunisie : Vers une acc\u00e9l\u00e9ration des retours volontaires des migrants"}]},{"@type":"WebSite","@id":"https:\/\/www.webdo.tn\/fr\/#website","url":"https:\/\/www.webdo.tn\/fr\/","name":"webdo","description":"Tunisie - News en Tunisie et \u00e0 l&#039;international sur Webdo.tn","publisher":{"@id":"https:\/\/www.webdo.tn\/fr\/#organization"},"potentialAction":[{"@type":"SearchAction","target":{"@type":"EntryPoint","urlTemplate":"https:\/\/www.webdo.tn\/fr\/?s={search_term_string}"},"query-input":{"@type":"PropertyValueSpecification","valueRequired":true,"valueName":"search_term_string"}}],"inLanguage":"fr-FR"},{"@type":"Organization","@id":"https:\/\/www.webdo.tn\/fr\/#organization","name":"Webdo","alternateName":"Webdo.tn","url":"https:\/\/www.webdo.tn\/fr\/","logo":{"@type":"ImageObject","inLanguage":"fr-FR","@id":"https:\/\/www.webdo.tn\/fr\/#\/schema\/logo\/image\/","url":"https:\/\/www.webdo.tn\/fr\/wp-content\/uploads\/2025\/06\/Webdo-Tunisie_168377.jpg","contentUrl":"https:\/\/www.webdo.tn\/fr\/wp-content\/uploads\/2025\/06\/Webdo-Tunisie_168377.jpg","width":301,"height":301,"caption":"Webdo"},"image":{"@id":"https:\/\/www.webdo.tn\/fr\/#\/schema\/logo\/image\/"},"sameAs":["https:\/\/www.facebook.com\/webdotn","https:\/\/x.com\/webdo_tn"],"description":"Webdo est un m\u00e9dia num\u00e9rique tunisien fond\u00e9 en 2010, sp\u00e9cialis\u00e9 dans l\u2019actualit\u00e9 nationale et internationale, l\u2019\u00e9conomie, la soci\u00e9t\u00e9 et les analyses politiques. Le site s\u2019adresse \u00e0 un large public francophone et couvre l\u2019information tunisienne en temps r\u00e9el.","email":"redac@webdo.tn","legalName":"YNJ SARL","foundingDate":"2010-09-06","numberOfEmployees":{"@type":"QuantitativeValue","minValue":"11","maxValue":"50"}},{"@type":"Person","@id":"https:\/\/www.webdo.tn\/fr\/#\/schema\/person\/2c4929cbf5a809e3bd38617c6ce150f6","name":"MC","image":{"@type":"ImageObject","inLanguage":"fr-FR","@id":"https:\/\/secure.gravatar.com\/avatar\/a545bbb6f84efdd5553dbbc2895e3ca8f1d12c5215e00a041c9670b54aa9b18a?s=96&d=mm&r=g","url":"https:\/\/secure.gravatar.com\/avatar\/a545bbb6f84efdd5553dbbc2895e3ca8f1d12c5215e00a041c9670b54aa9b18a?s=96&d=mm&r=g","contentUrl":"https:\/\/secure.gravatar.com\/avatar\/a545bbb6f84efdd5553dbbc2895e3ca8f1d12c5215e00a041c9670b54aa9b18a?s=96&d=mm&r=g","caption":"MC"},"url":"https:\/\/www.webdo.tn\/fr\/actualite\/author\/mc\/"}]}},"_links":{"self":[{"href":"https:\/\/www.webdo.tn\/fr\/wp-json\/wp\/v2\/posts\/222283","targetHints":{"allow":["GET"]}}],"collection":[{"href":"https:\/\/www.webdo.tn\/fr\/wp-json\/wp\/v2\/posts"}],"about":[{"href":"https:\/\/www.webdo.tn\/fr\/wp-json\/wp\/v2\/types\/post"}],"author":[{"embeddable":true,"href":"https:\/\/www.webdo.tn\/fr\/wp-json\/wp\/v2\/users\/3162"}],"replies":[{"embeddable":true,"href":"https:\/\/www.webdo.tn\/fr\/wp-json\/wp\/v2\/comments?post=222283"}],"version-history":[{"count":0,"href":"https:\/\/www.webdo.tn\/fr\/wp-json\/wp\/v2\/posts\/222283\/revisions"}],"wp:featuredmedia":[{"embeddable":true,"href":"https:\/\/www.webdo.tn\/fr\/wp-json\/wp\/v2\/media\/366010"}],"wp:attachment":[{"href":"https:\/\/www.webdo.tn\/fr\/wp-json\/wp\/v2\/media?parent=222283"}],"wp:term":[{"taxonomy":"category","embeddable":true,"href":"https:\/\/www.webdo.tn\/fr\/wp-json\/wp\/v2\/categories?post=222283"},{"taxonomy":"post_tag","embeddable":true,"href":"https:\/\/www.webdo.tn\/fr\/wp-json\/wp\/v2\/tags?post=222283"}],"curies":[{"name":"wp","href":"https:\/\/api.w.org\/{rel}","templated":true}]}}