{"id":222274,"date":"2025-05-29T18:21:00","date_gmt":"2025-05-29T18:21:00","guid":{"rendered":"https:\/\/www.webdo.tn\/fr\/actualite\/blog\/tunisie-agriculture-plan-ambitieux-pour-2035\/222274\/"},"modified":"2025-05-29T18:21:00","modified_gmt":"2025-05-29T18:21:00","slug":"tunisie-agriculture-plan-ambitieux-pour-2035","status":"publish","type":"post","link":"https:\/\/www.webdo.tn\/fr\/actualite\/national\/tunisie-agriculture-plan-ambitieux-pour-2035\/222274\/","title":{"rendered":"Tunisie &#8211; Agriculture :  Plan ambitieux pour 2035 ?"},"content":{"rendered":"<p>La Tunisie amorce un tournant strat\u00e9gique pour son agriculture. Jeudi, Heikel Hachlef, chef de cabinet du ministre de l\u2019Agriculture, des Ressources hydrauliques et de la P\u00eache, a annonc\u00e9 le lancement officiel de l\u2019\u00e9laboration du plan de d\u00e9veloppement agricole 2026-2030. Ce plan s\u2019inscrit dans une vision \u00e0 long terme \u00e0 l\u2019horizon 2035, centr\u00e9e sur une agriculture r\u00e9siliente, durable, inclusive et soutenue par la s\u00e9curit\u00e9 hydrique et alimentaire.<\/p>\n<p> Cette vision, d\u00e9voil\u00e9e lors de la r\u00e9union consacr\u00e9e \u00e0 la mise en place des comit\u00e9s de pilotage du plan, repose sur plusieurs axes structurants : am\u00e9liorer la production et la productivit\u00e9 tout en garantissant la qualit\u00e9, utiliser de mani\u00e8re durable les ressources naturelles, et s\u2019adapter activement aux changements climatiques. Il s\u2019agit \u00e9galement de mettre en place un \u00e9cosyst\u00e8me agricole globalement inclusif, encadr\u00e9 par un dispositif institutionnel adapt\u00e9.<\/p>\n<p>Selon le communiqu\u00e9 du minist\u00e8re, les futurs programmes et projets issus de cette vision viseront un progr\u00e8s qualitatif dans l\u2019efficacit\u00e9 des politiques agricoles publiques. Cela passe notamment par un diagnostic approfondi de la situation actuelle, afin d\u2019identifier les v\u00e9ritables d\u00e9fis de d\u00e9veloppement.<br \/>\nS\u00e9curit\u00e9 alimentaire et hydrique : priorit\u00e9 nationale<\/p>\n<p>Pour Hachlef, la qu\u00eate de s\u00e9curit\u00e9 alimentaire et hydrique est d\u00e9sormais un axe central des politiques \u00e9conomiques agricoles. Cela n\u00e9cessite des investissements massifs pour mobiliser aussi bien les ressources hydriques conventionnelles que non conventionnelles, moderniser les modes de production, int\u00e9grer les nouvelles technologies et appuyer les petits agriculteurs.<\/p>\n<p>Le chef de cabinet a soulign\u00e9 que ce plan constitue une occasion cruciale d\u2019\u00e9valuer les r\u00e9alisations pass\u00e9es, d&rsquo;ajuster les choix politiques, et d\u2019ouvrir la voie \u00e0 une nouvelle phase de d\u00e9veloppement fond\u00e9e sur l\u2019innovation et l&rsquo;efficacit\u00e9.<\/p>\n<p>Il a \u00e9galement insist\u00e9 sur l\u2019importance d\u2019une approche participative et ascendante dans le choix des programmes et projets. Cette m\u00e9thode vise \u00e0 instaurer une dynamique de d\u00e9veloppement juste et globale, en prenant en compte les sp\u00e9cificit\u00e9s r\u00e9gionales et les r\u00e9alit\u00e9s du terrain.<\/p>\n<p>Enfin, il a recommand\u00e9 une s\u00e9lection rigoureuse des projets, fond\u00e9e sur leur rentabilit\u00e9 \u00e9conomique, sociale et environnementale, en s\u2019appuyant sur les r\u00e9sultats des \u00e9tudes, strat\u00e9gies et recherches existantes, tout en respectant les \u00e9quilibres budg\u00e9taires de l\u2019\u00c9tat.<\/p>\n","protected":false},"excerpt":{"rendered":"<p>La Tunisie entame l\u2019\u00e9laboration de son plan de d\u00e9veloppement agricole 2026-2030, avec une vision ambitieuse pour 2035 ax\u00e9e sur la durabilit\u00e9, la r\u00e9silience et l&#8230;<\/p>\n","protected":false},"author":3162,"featured_media":366001,"comment_status":"open","ping_status":"closed","sticky":false,"template":"","format":"standard","meta":{"footnotes":""},"categories":[44],"tags":[3271,3406,2608],"class_list":["post-222274","post","type-post","status-publish","format-standard","has-post-thumbnail","hentry","category-national","tag-agriculture","tag-projet","tag-tunisie"],"yoast_head":"<!-- This site is optimized with the Yoast SEO Premium plugin v27.5 (Yoast SEO v27.5) - https:\/\/yoast.com\/product\/yoast-seo-premium-wordpress\/ -->\n<title>Tunisie - Agriculture : Plan ambitieux pour 2035 ?<\/title>\n<meta name=\"description\" content=\"La Tunisie entame l\u2019\u00e9laboration de son plan de d\u00e9veloppement agricole 2026-2030, avec une vision ambitieuse pour 2035 ax\u00e9e sur la durabilit\u00e9, la r\u00e9silience et l...\" \/>\n<link rel=\"canonical\" href=\"https:\/\/www.webdo.tn\/fr\/actualite\/national\/tunisie-agriculture-plan-ambitieux-pour-2035\/222274\/\" \/>\n<meta property=\"og:locale\" content=\"fr_FR\" \/>\n<meta property=\"og:type\" content=\"article\" \/>\n<meta property=\"og:title\" content=\"Tunisie - Agriculture : Plan ambitieux pour 2035 ?\" \/>\n<meta property=\"og:description\" content=\"La Tunisie entame l\u2019\u00e9laboration de son plan de d\u00e9veloppement agricole 2026-2030, avec une vision ambitieuse pour 2035 ax\u00e9e sur la durabilit\u00e9, la r\u00e9silience et l...\" \/>\n<meta property=\"og:url\" content=\"https:\/\/www.webdo.tn\/fr\/actualite\/national\/tunisie-agriculture-plan-ambitieux-pour-2035\/222274\/\" \/>\n<meta property=\"og:site_name\" content=\"webdo\" \/>\n<meta property=\"article:publisher\" content=\"https:\/\/www.facebook.com\/webdotn\" \/>\n<meta property=\"article:published_time\" content=\"2025-05-29T18:21:00+00:00\" \/>\n<meta property=\"og:image\" content=\"https:\/\/www.webdo.tn\/fr\/wp-content\/uploads\/2025\/05\/4c1bc8027192b8ba9cb523bb8924f89f.webp\" \/>\n\t<meta property=\"og:image:width\" content=\"600\" \/>\n\t<meta property=\"og:image:height\" content=\"320\" \/>\n\t<meta property=\"og:image:type\" content=\"image\/webp\" \/>\n<meta name=\"author\" content=\"MC\" \/>\n<meta name=\"twitter:card\" content=\"summary_large_image\" \/>\n<meta name=\"twitter:creator\" content=\"@webdo_tn\" \/>\n<meta name=\"twitter:site\" content=\"@webdo_tn\" \/>\n<meta name=\"twitter:label1\" content=\"\u00c9crit par\" \/>\n\t<meta name=\"twitter:data1\" content=\"MC\" \/>\n\t<meta name=\"twitter:label2\" content=\"Dur\u00e9e de lecture estim\u00e9e\" \/>\n\t<meta name=\"twitter:data2\" content=\"2 minutes\" \/>\n<script type=\"application\/ld+json\" class=\"yoast-schema-graph\">{\"@context\":\"https:\\\/\\\/schema.org\",\"@graph\":[{\"@type\":\"NewsArticle\",\"@id\":\"https:\\\/\\\/www.webdo.tn\\\/fr\\\/actualite\\\/national\\\/tunisie-agriculture-plan-ambitieux-pour-2035\\\/222274\\\/#article\",\"isPartOf\":{\"@id\":\"https:\\\/\\\/www.webdo.tn\\\/fr\\\/actualite\\\/national\\\/tunisie-agriculture-plan-ambitieux-pour-2035\\\/222274\\\/\"},\"author\":{\"name\":\"MC\",\"@id\":\"https:\\\/\\\/www.webdo.tn\\\/fr\\\/#\\\/schema\\\/person\\\/2c4929cbf5a809e3bd38617c6ce150f6\"},\"headline\":\"Tunisie &#8211; Agriculture : Plan ambitieux pour 2035 ?\",\"datePublished\":\"2025-05-29T18:21:00+00:00\",\"mainEntityOfPage\":{\"@id\":\"https:\\\/\\\/www.webdo.tn\\\/fr\\\/actualite\\\/national\\\/tunisie-agriculture-plan-ambitieux-pour-2035\\\/222274\\\/\"},\"wordCount\":400,\"commentCount\":0,\"publisher\":{\"@id\":\"https:\\\/\\\/www.webdo.tn\\\/fr\\\/#organization\"},\"image\":{\"@id\":\"https:\\\/\\\/www.webdo.tn\\\/fr\\\/actualite\\\/national\\\/tunisie-agriculture-plan-ambitieux-pour-2035\\\/222274\\\/#primaryimage\"},\"thumbnailUrl\":\"https:\\\/\\\/www.webdo.tn\\\/fr\\\/wp-content\\\/uploads\\\/2025\\\/05\\\/4c1bc8027192b8ba9cb523bb8924f89f.webp\",\"keywords\":[\"agriculture\",\"projet\",\"Tunisie\"],\"articleSection\":[\"National\"],\"inLanguage\":\"fr-FR\"},{\"@type\":\"WebPage\",\"@id\":\"https:\\\/\\\/www.webdo.tn\\\/fr\\\/actualite\\\/national\\\/tunisie-agriculture-plan-ambitieux-pour-2035\\\/222274\\\/\",\"url\":\"https:\\\/\\\/www.webdo.tn\\\/fr\\\/actualite\\\/national\\\/tunisie-agriculture-plan-ambitieux-pour-2035\\\/222274\\\/\",\"name\":\"Tunisie - Agriculture : Plan ambitieux pour 2035 ?\",\"isPartOf\":{\"@id\":\"https:\\\/\\\/www.webdo.tn\\\/fr\\\/#website\"},\"primaryImageOfPage\":{\"@id\":\"https:\\\/\\\/www.webdo.tn\\\/fr\\\/actualite\\\/national\\\/tunisie-agriculture-plan-ambitieux-pour-2035\\\/222274\\\/#primaryimage\"},\"image\":{\"@id\":\"https:\\\/\\\/www.webdo.tn\\\/fr\\\/actualite\\\/national\\\/tunisie-agriculture-plan-ambitieux-pour-2035\\\/222274\\\/#primaryimage\"},\"thumbnailUrl\":\"https:\\\/\\\/www.webdo.tn\\\/fr\\\/wp-content\\\/uploads\\\/2025\\\/05\\\/4c1bc8027192b8ba9cb523bb8924f89f.webp\",\"datePublished\":\"2025-05-29T18:21:00+00:00\",\"description\":\"La Tunisie entame l\u2019\u00e9laboration de son plan de d\u00e9veloppement agricole 2026-2030, avec une vision ambitieuse pour 2035 ax\u00e9e sur la durabilit\u00e9, la r\u00e9silience et l...\",\"breadcrumb\":{\"@id\":\"https:\\\/\\\/www.webdo.tn\\\/fr\\\/actualite\\\/national\\\/tunisie-agriculture-plan-ambitieux-pour-2035\\\/222274\\\/#breadcrumb\"},\"inLanguage\":\"fr-FR\",\"potentialAction\":[{\"@type\":\"ReadAction\",\"target\":[\"https:\\\/\\\/www.webdo.tn\\\/fr\\\/actualite\\\/national\\\/tunisie-agriculture-plan-ambitieux-pour-2035\\\/222274\\\/\"]}]},{\"@type\":\"ImageObject\",\"inLanguage\":\"fr-FR\",\"@id\":\"https:\\\/\\\/www.webdo.tn\\\/fr\\\/actualite\\\/national\\\/tunisie-agriculture-plan-ambitieux-pour-2035\\\/222274\\\/#primaryimage\",\"url\":\"https:\\\/\\\/www.webdo.tn\\\/fr\\\/wp-content\\\/uploads\\\/2025\\\/05\\\/4c1bc8027192b8ba9cb523bb8924f89f.webp\",\"contentUrl\":\"https:\\\/\\\/www.webdo.tn\\\/fr\\\/wp-content\\\/uploads\\\/2025\\\/05\\\/4c1bc8027192b8ba9cb523bb8924f89f.webp\",\"width\":600,\"height\":320,\"caption\":\"Tunisie - Agriculture : Plan ambitieux pour 2035 ?\"},{\"@type\":\"BreadcrumbList\",\"@id\":\"https:\\\/\\\/www.webdo.tn\\\/fr\\\/actualite\\\/national\\\/tunisie-agriculture-plan-ambitieux-pour-2035\\\/222274\\\/#breadcrumb\",\"itemListElement\":[{\"@type\":\"ListItem\",\"position\":1,\"name\":\"Accueil\",\"item\":\"https:\\\/\\\/www.webdo.tn\\\/fr\\\/\"},{\"@type\":\"ListItem\",\"position\":2,\"name\":\"Tunisie &#8211; Agriculture : Plan ambitieux pour 2035 ?\"}]},{\"@type\":\"WebSite\",\"@id\":\"https:\\\/\\\/www.webdo.tn\\\/fr\\\/#website\",\"url\":\"https:\\\/\\\/www.webdo.tn\\\/fr\\\/\",\"name\":\"webdo\",\"description\":\"Tunisie - News en Tunisie et \u00e0 l&#039;international sur Webdo.tn\",\"publisher\":{\"@id\":\"https:\\\/\\\/www.webdo.tn\\\/fr\\\/#organization\"},\"potentialAction\":[{\"@type\":\"SearchAction\",\"target\":{\"@type\":\"EntryPoint\",\"urlTemplate\":\"https:\\\/\\\/www.webdo.tn\\\/fr\\\/?s={search_term_string}\"},\"query-input\":{\"@type\":\"PropertyValueSpecification\",\"valueRequired\":true,\"valueName\":\"search_term_string\"}}],\"inLanguage\":\"fr-FR\"},{\"@type\":\"Organization\",\"@id\":\"https:\\\/\\\/www.webdo.tn\\\/fr\\\/#organization\",\"name\":\"Webdo\",\"alternateName\":\"Webdo.tn\",\"url\":\"https:\\\/\\\/www.webdo.tn\\\/fr\\\/\",\"logo\":{\"@type\":\"ImageObject\",\"inLanguage\":\"fr-FR\",\"@id\":\"https:\\\/\\\/www.webdo.tn\\\/fr\\\/#\\\/schema\\\/logo\\\/image\\\/\",\"url\":\"https:\\\/\\\/www.webdo.tn\\\/fr\\\/wp-content\\\/uploads\\\/2025\\\/06\\\/Webdo-Tunisie_168377.jpg\",\"contentUrl\":\"https:\\\/\\\/www.webdo.tn\\\/fr\\\/wp-content\\\/uploads\\\/2025\\\/06\\\/Webdo-Tunisie_168377.jpg\",\"width\":301,\"height\":301,\"caption\":\"Webdo\"},\"image\":{\"@id\":\"https:\\\/\\\/www.webdo.tn\\\/fr\\\/#\\\/schema\\\/logo\\\/image\\\/\"},\"sameAs\":[\"https:\\\/\\\/www.facebook.com\\\/webdotn\",\"https:\\\/\\\/x.com\\\/webdo_tn\"],\"description\":\"Webdo est un m\u00e9dia num\u00e9rique tunisien fond\u00e9 en 2010, sp\u00e9cialis\u00e9 dans l\u2019actualit\u00e9 nationale et internationale, l\u2019\u00e9conomie, la soci\u00e9t\u00e9 et les analyses politiques. Le site s\u2019adresse \u00e0 un large public francophone et couvre l\u2019information tunisienne en temps r\u00e9el.\",\"email\":\"redac@webdo.tn\",\"legalName\":\"YNJ SARL\",\"foundingDate\":\"2010-09-06\",\"numberOfEmployees\":{\"@type\":\"QuantitativeValue\",\"minValue\":\"11\",\"maxValue\":\"50\"}},{\"@type\":\"Person\",\"@id\":\"https:\\\/\\\/www.webdo.tn\\\/fr\\\/#\\\/schema\\\/person\\\/2c4929cbf5a809e3bd38617c6ce150f6\",\"name\":\"MC\",\"image\":{\"@type\":\"ImageObject\",\"inLanguage\":\"fr-FR\",\"@id\":\"https:\\\/\\\/secure.gravatar.com\\\/avatar\\\/a545bbb6f84efdd5553dbbc2895e3ca8f1d12c5215e00a041c9670b54aa9b18a?s=96&d=mm&r=g\",\"url\":\"https:\\\/\\\/secure.gravatar.com\\\/avatar\\\/a545bbb6f84efdd5553dbbc2895e3ca8f1d12c5215e00a041c9670b54aa9b18a?s=96&d=mm&r=g\",\"contentUrl\":\"https:\\\/\\\/secure.gravatar.com\\\/avatar\\\/a545bbb6f84efdd5553dbbc2895e3ca8f1d12c5215e00a041c9670b54aa9b18a?s=96&d=mm&r=g\",\"caption\":\"MC\"},\"url\":\"https:\\\/\\\/www.webdo.tn\\\/fr\\\/actualite\\\/author\\\/mc\\\/\"}]}<\/script>\n<!-- \/ Yoast SEO Premium plugin. -->","yoast_head_json":{"title":"Tunisie - Agriculture : Plan ambitieux pour 2035 ?","description":"La Tunisie entame l\u2019\u00e9laboration de son plan de d\u00e9veloppement agricole 2026-2030, avec une vision ambitieuse pour 2035 ax\u00e9e sur la durabilit\u00e9, la r\u00e9silience et l...","canonical":"https:\/\/www.webdo.tn\/fr\/actualite\/national\/tunisie-agriculture-plan-ambitieux-pour-2035\/222274\/","og_locale":"fr_FR","og_type":"article","og_title":"Tunisie - Agriculture : Plan ambitieux pour 2035 ?","og_description":"La Tunisie entame l\u2019\u00e9laboration de son plan de d\u00e9veloppement agricole 2026-2030, avec une vision ambitieuse pour 2035 ax\u00e9e sur la durabilit\u00e9, la r\u00e9silience et l...","og_url":"https:\/\/www.webdo.tn\/fr\/actualite\/national\/tunisie-agriculture-plan-ambitieux-pour-2035\/222274\/","og_site_name":"webdo","article_publisher":"https:\/\/www.facebook.com\/webdotn","article_published_time":"2025-05-29T18:21:00+00:00","og_image":[{"width":600,"height":320,"url":"https:\/\/www.webdo.tn\/fr\/wp-content\/uploads\/2025\/05\/4c1bc8027192b8ba9cb523bb8924f89f.webp","type":"image\/webp"}],"author":"MC","twitter_card":"summary_large_image","twitter_creator":"@webdo_tn","twitter_site":"@webdo_tn","twitter_misc":{"\u00c9crit par":"MC","Dur\u00e9e de lecture estim\u00e9e":"2 minutes"},"schema":{"@context":"https:\/\/schema.org","@graph":[{"@type":"NewsArticle","@id":"https:\/\/www.webdo.tn\/fr\/actualite\/national\/tunisie-agriculture-plan-ambitieux-pour-2035\/222274\/#article","isPartOf":{"@id":"https:\/\/www.webdo.tn\/fr\/actualite\/national\/tunisie-agriculture-plan-ambitieux-pour-2035\/222274\/"},"author":{"name":"MC","@id":"https:\/\/www.webdo.tn\/fr\/#\/schema\/person\/2c4929cbf5a809e3bd38617c6ce150f6"},"headline":"Tunisie &#8211; Agriculture : Plan ambitieux pour 2035 ?","datePublished":"2025-05-29T18:21:00+00:00","mainEntityOfPage":{"@id":"https:\/\/www.webdo.tn\/fr\/actualite\/national\/tunisie-agriculture-plan-ambitieux-pour-2035\/222274\/"},"wordCount":400,"commentCount":0,"publisher":{"@id":"https:\/\/www.webdo.tn\/fr\/#organization"},"image":{"@id":"https:\/\/www.webdo.tn\/fr\/actualite\/national\/tunisie-agriculture-plan-ambitieux-pour-2035\/222274\/#primaryimage"},"thumbnailUrl":"https:\/\/www.webdo.tn\/fr\/wp-content\/uploads\/2025\/05\/4c1bc8027192b8ba9cb523bb8924f89f.webp","keywords":["agriculture","projet","Tunisie"],"articleSection":["National"],"inLanguage":"fr-FR"},{"@type":"WebPage","@id":"https:\/\/www.webdo.tn\/fr\/actualite\/national\/tunisie-agriculture-plan-ambitieux-pour-2035\/222274\/","url":"https:\/\/www.webdo.tn\/fr\/actualite\/national\/tunisie-agriculture-plan-ambitieux-pour-2035\/222274\/","name":"Tunisie - Agriculture : Plan ambitieux pour 2035 ?","isPartOf":{"@id":"https:\/\/www.webdo.tn\/fr\/#website"},"primaryImageOfPage":{"@id":"https:\/\/www.webdo.tn\/fr\/actualite\/national\/tunisie-agriculture-plan-ambitieux-pour-2035\/222274\/#primaryimage"},"image":{"@id":"https:\/\/www.webdo.tn\/fr\/actualite\/national\/tunisie-agriculture-plan-ambitieux-pour-2035\/222274\/#primaryimage"},"thumbnailUrl":"https:\/\/www.webdo.tn\/fr\/wp-content\/uploads\/2025\/05\/4c1bc8027192b8ba9cb523bb8924f89f.webp","datePublished":"2025-05-29T18:21:00+00:00","description":"La Tunisie entame l\u2019\u00e9laboration de son plan de d\u00e9veloppement agricole 2026-2030, avec une vision ambitieuse pour 2035 ax\u00e9e sur la durabilit\u00e9, la r\u00e9silience et l...","breadcrumb":{"@id":"https:\/\/www.webdo.tn\/fr\/actualite\/national\/tunisie-agriculture-plan-ambitieux-pour-2035\/222274\/#breadcrumb"},"inLanguage":"fr-FR","potentialAction":[{"@type":"ReadAction","target":["https:\/\/www.webdo.tn\/fr\/actualite\/national\/tunisie-agriculture-plan-ambitieux-pour-2035\/222274\/"]}]},{"@type":"ImageObject","inLanguage":"fr-FR","@id":"https:\/\/www.webdo.tn\/fr\/actualite\/national\/tunisie-agriculture-plan-ambitieux-pour-2035\/222274\/#primaryimage","url":"https:\/\/www.webdo.tn\/fr\/wp-content\/uploads\/2025\/05\/4c1bc8027192b8ba9cb523bb8924f89f.webp","contentUrl":"https:\/\/www.webdo.tn\/fr\/wp-content\/uploads\/2025\/05\/4c1bc8027192b8ba9cb523bb8924f89f.webp","width":600,"height":320,"caption":"Tunisie - Agriculture : Plan ambitieux pour 2035 ?"},{"@type":"BreadcrumbList","@id":"https:\/\/www.webdo.tn\/fr\/actualite\/national\/tunisie-agriculture-plan-ambitieux-pour-2035\/222274\/#breadcrumb","itemListElement":[{"@type":"ListItem","position":1,"name":"Accueil","item":"https:\/\/www.webdo.tn\/fr\/"},{"@type":"ListItem","position":2,"name":"Tunisie &#8211; Agriculture : Plan ambitieux pour 2035 ?"}]},{"@type":"WebSite","@id":"https:\/\/www.webdo.tn\/fr\/#website","url":"https:\/\/www.webdo.tn\/fr\/","name":"webdo","description":"Tunisie - News en Tunisie et \u00e0 l&#039;international sur Webdo.tn","publisher":{"@id":"https:\/\/www.webdo.tn\/fr\/#organization"},"potentialAction":[{"@type":"SearchAction","target":{"@type":"EntryPoint","urlTemplate":"https:\/\/www.webdo.tn\/fr\/?s={search_term_string}"},"query-input":{"@type":"PropertyValueSpecification","valueRequired":true,"valueName":"search_term_string"}}],"inLanguage":"fr-FR"},{"@type":"Organization","@id":"https:\/\/www.webdo.tn\/fr\/#organization","name":"Webdo","alternateName":"Webdo.tn","url":"https:\/\/www.webdo.tn\/fr\/","logo":{"@type":"ImageObject","inLanguage":"fr-FR","@id":"https:\/\/www.webdo.tn\/fr\/#\/schema\/logo\/image\/","url":"https:\/\/www.webdo.tn\/fr\/wp-content\/uploads\/2025\/06\/Webdo-Tunisie_168377.jpg","contentUrl":"https:\/\/www.webdo.tn\/fr\/wp-content\/uploads\/2025\/06\/Webdo-Tunisie_168377.jpg","width":301,"height":301,"caption":"Webdo"},"image":{"@id":"https:\/\/www.webdo.tn\/fr\/#\/schema\/logo\/image\/"},"sameAs":["https:\/\/www.facebook.com\/webdotn","https:\/\/x.com\/webdo_tn"],"description":"Webdo est un m\u00e9dia num\u00e9rique tunisien fond\u00e9 en 2010, sp\u00e9cialis\u00e9 dans l\u2019actualit\u00e9 nationale et internationale, l\u2019\u00e9conomie, la soci\u00e9t\u00e9 et les analyses politiques. Le site s\u2019adresse \u00e0 un large public francophone et couvre l\u2019information tunisienne en temps r\u00e9el.","email":"redac@webdo.tn","legalName":"YNJ SARL","foundingDate":"2010-09-06","numberOfEmployees":{"@type":"QuantitativeValue","minValue":"11","maxValue":"50"}},{"@type":"Person","@id":"https:\/\/www.webdo.tn\/fr\/#\/schema\/person\/2c4929cbf5a809e3bd38617c6ce150f6","name":"MC","image":{"@type":"ImageObject","inLanguage":"fr-FR","@id":"https:\/\/secure.gravatar.com\/avatar\/a545bbb6f84efdd5553dbbc2895e3ca8f1d12c5215e00a041c9670b54aa9b18a?s=96&d=mm&r=g","url":"https:\/\/secure.gravatar.com\/avatar\/a545bbb6f84efdd5553dbbc2895e3ca8f1d12c5215e00a041c9670b54aa9b18a?s=96&d=mm&r=g","contentUrl":"https:\/\/secure.gravatar.com\/avatar\/a545bbb6f84efdd5553dbbc2895e3ca8f1d12c5215e00a041c9670b54aa9b18a?s=96&d=mm&r=g","caption":"MC"},"url":"https:\/\/www.webdo.tn\/fr\/actualite\/author\/mc\/"}]}},"_links":{"self":[{"href":"https:\/\/www.webdo.tn\/fr\/wp-json\/wp\/v2\/posts\/222274","targetHints":{"allow":["GET"]}}],"collection":[{"href":"https:\/\/www.webdo.tn\/fr\/wp-json\/wp\/v2\/posts"}],"about":[{"href":"https:\/\/www.webdo.tn\/fr\/wp-json\/wp\/v2\/types\/post"}],"author":[{"embeddable":true,"href":"https:\/\/www.webdo.tn\/fr\/wp-json\/wp\/v2\/users\/3162"}],"replies":[{"embeddable":true,"href":"https:\/\/www.webdo.tn\/fr\/wp-json\/wp\/v2\/comments?post=222274"}],"version-history":[{"count":0,"href":"https:\/\/www.webdo.tn\/fr\/wp-json\/wp\/v2\/posts\/222274\/revisions"}],"wp:featuredmedia":[{"embeddable":true,"href":"https:\/\/www.webdo.tn\/fr\/wp-json\/wp\/v2\/media\/366001"}],"wp:attachment":[{"href":"https:\/\/www.webdo.tn\/fr\/wp-json\/wp\/v2\/media?parent=222274"}],"wp:term":[{"taxonomy":"category","embeddable":true,"href":"https:\/\/www.webdo.tn\/fr\/wp-json\/wp\/v2\/categories?post=222274"},{"taxonomy":"post_tag","embeddable":true,"href":"https:\/\/www.webdo.tn\/fr\/wp-json\/wp\/v2\/tags?post=222274"}],"curies":[{"name":"wp","href":"https:\/\/api.w.org\/{rel}","templated":true}]}}