{"id":222271,"date":"2025-05-29T15:09:00","date_gmt":"2025-05-29T15:09:00","guid":{"rendered":"https:\/\/www.webdo.tn\/fr\/actualite\/blog\/accident-au-kef-une-ouvriere-agricole-decede-27-autres-blessees-dans-une-collision\/222271\/"},"modified":"2025-05-29T15:09:00","modified_gmt":"2025-05-29T15:09:00","slug":"accident-au-kef-une-ouvriere-agricole-decede-27-autres-blessees-dans-une-collision","status":"publish","type":"post","link":"https:\/\/www.webdo.tn\/fr\/actualite\/divers\/accident-au-kef-une-ouvriere-agricole-decede-27-autres-blessees-dans-une-collision\/222271\/","title":{"rendered":"Accident au Kef : Une ouvri\u00e8re agricole d\u00e9c\u00e8de, 27 autres bless\u00e9es dans une collision"},"content":{"rendered":"<p>Un tragique accident de la route a co\u00fbt\u00e9 la vie \u00e0 une ouvri\u00e8re agricole et fait 27 bless\u00e9es, ce jeudi matin, dans la localit\u00e9 de Dar Essalem, relevant de la d\u00e9l\u00e9gation de Kef-Est.<\/p>\n<p> Selon les premi\u00e8res informations fournies par Moncef Houani, directeur r\u00e9gional de la sant\u00e9 \u00e0 l&rsquo;agence TAP, l\u2019accident s\u2019est produit \u00e0 la suite d\u2019une collision entre une voiture l\u00e9g\u00e8re et une camionnette transportant un groupe de 28 ouvri\u00e8res agricoles se rendant aux champs.<\/p>\n<p>Les services de la protection civile, appuy\u00e9s par les \u00e9quipes m\u00e9dicales, sont rapidement intervenus pour porter assistance aux victimes. La majorit\u00e9 des bless\u00e9es ont \u00e9t\u00e9 transf\u00e9r\u00e9es vers l\u2019h\u00f4pital r\u00e9gional du Kef.<\/p>\n<p>Le directeur r\u00e9gional a pr\u00e9cis\u00e9 que l\u2019\u00e9tat de sant\u00e9 de la plupart des bless\u00e9es est jug\u00e9 stable, \u00e0 l\u2019exception de quatre d\u2019entre elles, qui n\u00e9cessiteront un suivi m\u00e9dical approfondi.<\/p>\n<p>Cet accident relance le d\u00e9bat r\u00e9current sur les conditions de transport des ouvri\u00e8res agricoles en Tunisie, souvent point\u00e9es du doigt pour leur pr\u00e9carit\u00e9 et leur dangerosit\u00e9.<\/p>\n","protected":false},"excerpt":{"rendered":"<p>Une ouvri\u00e8re agricole a perdu la vie et 27 autres ont \u00e9t\u00e9 bless\u00e9es dans un accident survenu \u00e0 Dar Essalem (Kef-Est), apr\u00e8s une collision entre une voiture et un&#8230;<\/p>\n","protected":false},"author":3162,"featured_media":365999,"comment_status":"open","ping_status":"closed","sticky":false,"template":"","format":"standard","meta":{"footnotes":""},"categories":[2839],"tags":[3915,3910,2803,3991,2608],"class_list":["post-222271","post","type-post","status-publish","format-standard","has-post-thumbnail","hentry","category-divers","tag-accident","tag-collision","tag-le-kef","tag-ouvrieres-agricoles","tag-tunisie"],"yoast_head":"<!-- This site is optimized with the Yoast SEO Premium plugin v27.5 (Yoast SEO v27.5) - https:\/\/yoast.com\/product\/yoast-seo-premium-wordpress\/ -->\n<title>Accident au Kef : Une ouvri\u00e8re agricole d\u00e9c\u00e8de, 27 autres bless\u00e9es dans une collision<\/title>\n<meta name=\"description\" content=\"Une ouvri\u00e8re agricole a perdu la vie et 27 autres ont \u00e9t\u00e9 bless\u00e9es dans un accident survenu \u00e0 Dar Essalem (Kef-Est), apr\u00e8s une collision entre une voiture et un...\" \/>\n<link rel=\"canonical\" href=\"https:\/\/www.webdo.tn\/fr\/actualite\/divers\/accident-au-kef-une-ouvriere-agricole-decede-27-autres-blessees-dans-une-collision\/222271\/\" \/>\n<meta property=\"og:locale\" content=\"fr_FR\" \/>\n<meta property=\"og:type\" content=\"article\" \/>\n<meta property=\"og:title\" content=\"Accident au Kef : Une ouvri\u00e8re agricole d\u00e9c\u00e8de, 27 autres bless\u00e9es dans une collision\" \/>\n<meta property=\"og:description\" content=\"Une ouvri\u00e8re agricole a perdu la vie et 27 autres ont \u00e9t\u00e9 bless\u00e9es dans un accident survenu \u00e0 Dar Essalem (Kef-Est), apr\u00e8s une collision entre une voiture et un...\" \/>\n<meta property=\"og:url\" content=\"https:\/\/www.webdo.tn\/fr\/actualite\/divers\/accident-au-kef-une-ouvriere-agricole-decede-27-autres-blessees-dans-une-collision\/222271\/\" \/>\n<meta property=\"og:site_name\" content=\"webdo\" \/>\n<meta property=\"article:publisher\" content=\"https:\/\/www.facebook.com\/webdotn\" \/>\n<meta property=\"article:published_time\" content=\"2025-05-29T15:09:00+00:00\" \/>\n<meta property=\"og:image\" content=\"https:\/\/www.webdo.tn\/fr\/wp-content\/uploads\/2025\/05\/03eb7af1dec35d2b4a47c7fb3d719313.webp\" \/>\n\t<meta property=\"og:image:width\" content=\"750\" \/>\n\t<meta property=\"og:image:height\" content=\"400\" \/>\n\t<meta property=\"og:image:type\" content=\"image\/webp\" \/>\n<meta name=\"author\" content=\"MC\" \/>\n<meta name=\"twitter:card\" content=\"summary_large_image\" \/>\n<meta name=\"twitter:creator\" content=\"@webdo_tn\" \/>\n<meta name=\"twitter:site\" content=\"@webdo_tn\" \/>\n<meta name=\"twitter:label1\" content=\"\u00c9crit par\" \/>\n\t<meta name=\"twitter:data1\" content=\"MC\" \/>\n\t<meta name=\"twitter:label2\" content=\"Dur\u00e9e de lecture estim\u00e9e\" \/>\n\t<meta name=\"twitter:data2\" content=\"1 minute\" \/>\n<script type=\"application\/ld+json\" class=\"yoast-schema-graph\">{\"@context\":\"https:\\\/\\\/schema.org\",\"@graph\":[{\"@type\":\"NewsArticle\",\"@id\":\"https:\\\/\\\/www.webdo.tn\\\/fr\\\/actualite\\\/divers\\\/accident-au-kef-une-ouvriere-agricole-decede-27-autres-blessees-dans-une-collision\\\/222271\\\/#article\",\"isPartOf\":{\"@id\":\"https:\\\/\\\/www.webdo.tn\\\/fr\\\/actualite\\\/divers\\\/accident-au-kef-une-ouvriere-agricole-decede-27-autres-blessees-dans-une-collision\\\/222271\\\/\"},\"author\":{\"name\":\"MC\",\"@id\":\"https:\\\/\\\/www.webdo.tn\\\/fr\\\/#\\\/schema\\\/person\\\/2c4929cbf5a809e3bd38617c6ce150f6\"},\"headline\":\"Accident au Kef : Une ouvri\u00e8re agricole d\u00e9c\u00e8de, 27 autres bless\u00e9es dans une collision\",\"datePublished\":\"2025-05-29T15:09:00+00:00\",\"mainEntityOfPage\":{\"@id\":\"https:\\\/\\\/www.webdo.tn\\\/fr\\\/actualite\\\/divers\\\/accident-au-kef-une-ouvriere-agricole-decede-27-autres-blessees-dans-une-collision\\\/222271\\\/\"},\"wordCount\":206,\"commentCount\":0,\"publisher\":{\"@id\":\"https:\\\/\\\/www.webdo.tn\\\/fr\\\/#organization\"},\"image\":{\"@id\":\"https:\\\/\\\/www.webdo.tn\\\/fr\\\/actualite\\\/divers\\\/accident-au-kef-une-ouvriere-agricole-decede-27-autres-blessees-dans-une-collision\\\/222271\\\/#primaryimage\"},\"thumbnailUrl\":\"https:\\\/\\\/www.webdo.tn\\\/fr\\\/wp-content\\\/uploads\\\/2025\\\/05\\\/03eb7af1dec35d2b4a47c7fb3d719313.webp\",\"keywords\":[\"accident\",\"collision\",\"le kef\",\"ouvri\u00e8res agricoles\",\"Tunisie\"],\"articleSection\":[\"Divers\"],\"inLanguage\":\"fr-FR\"},{\"@type\":\"WebPage\",\"@id\":\"https:\\\/\\\/www.webdo.tn\\\/fr\\\/actualite\\\/divers\\\/accident-au-kef-une-ouvriere-agricole-decede-27-autres-blessees-dans-une-collision\\\/222271\\\/\",\"url\":\"https:\\\/\\\/www.webdo.tn\\\/fr\\\/actualite\\\/divers\\\/accident-au-kef-une-ouvriere-agricole-decede-27-autres-blessees-dans-une-collision\\\/222271\\\/\",\"name\":\"Accident au Kef : Une ouvri\u00e8re agricole d\u00e9c\u00e8de, 27 autres bless\u00e9es dans une collision\",\"isPartOf\":{\"@id\":\"https:\\\/\\\/www.webdo.tn\\\/fr\\\/#website\"},\"primaryImageOfPage\":{\"@id\":\"https:\\\/\\\/www.webdo.tn\\\/fr\\\/actualite\\\/divers\\\/accident-au-kef-une-ouvriere-agricole-decede-27-autres-blessees-dans-une-collision\\\/222271\\\/#primaryimage\"},\"image\":{\"@id\":\"https:\\\/\\\/www.webdo.tn\\\/fr\\\/actualite\\\/divers\\\/accident-au-kef-une-ouvriere-agricole-decede-27-autres-blessees-dans-une-collision\\\/222271\\\/#primaryimage\"},\"thumbnailUrl\":\"https:\\\/\\\/www.webdo.tn\\\/fr\\\/wp-content\\\/uploads\\\/2025\\\/05\\\/03eb7af1dec35d2b4a47c7fb3d719313.webp\",\"datePublished\":\"2025-05-29T15:09:00+00:00\",\"description\":\"Une ouvri\u00e8re agricole a perdu la vie et 27 autres ont \u00e9t\u00e9 bless\u00e9es dans un accident survenu \u00e0 Dar Essalem (Kef-Est), apr\u00e8s une collision entre une voiture et un...\",\"breadcrumb\":{\"@id\":\"https:\\\/\\\/www.webdo.tn\\\/fr\\\/actualite\\\/divers\\\/accident-au-kef-une-ouvriere-agricole-decede-27-autres-blessees-dans-une-collision\\\/222271\\\/#breadcrumb\"},\"inLanguage\":\"fr-FR\",\"potentialAction\":[{\"@type\":\"ReadAction\",\"target\":[\"https:\\\/\\\/www.webdo.tn\\\/fr\\\/actualite\\\/divers\\\/accident-au-kef-une-ouvriere-agricole-decede-27-autres-blessees-dans-une-collision\\\/222271\\\/\"]}]},{\"@type\":\"ImageObject\",\"inLanguage\":\"fr-FR\",\"@id\":\"https:\\\/\\\/www.webdo.tn\\\/fr\\\/actualite\\\/divers\\\/accident-au-kef-une-ouvriere-agricole-decede-27-autres-blessees-dans-une-collision\\\/222271\\\/#primaryimage\",\"url\":\"https:\\\/\\\/www.webdo.tn\\\/fr\\\/wp-content\\\/uploads\\\/2025\\\/05\\\/03eb7af1dec35d2b4a47c7fb3d719313.webp\",\"contentUrl\":\"https:\\\/\\\/www.webdo.tn\\\/fr\\\/wp-content\\\/uploads\\\/2025\\\/05\\\/03eb7af1dec35d2b4a47c7fb3d719313.webp\",\"width\":750,\"height\":400,\"caption\":\"Accident au Kef : Une ouvri\u00e8re agricole d\u00e9c\u00e8de, 27 autres bless\u00e9es dans une collision\"},{\"@type\":\"BreadcrumbList\",\"@id\":\"https:\\\/\\\/www.webdo.tn\\\/fr\\\/actualite\\\/divers\\\/accident-au-kef-une-ouvriere-agricole-decede-27-autres-blessees-dans-une-collision\\\/222271\\\/#breadcrumb\",\"itemListElement\":[{\"@type\":\"ListItem\",\"position\":1,\"name\":\"Accueil\",\"item\":\"https:\\\/\\\/www.webdo.tn\\\/fr\\\/\"},{\"@type\":\"ListItem\",\"position\":2,\"name\":\"Accident au Kef : Une ouvri\u00e8re agricole d\u00e9c\u00e8de, 27 autres bless\u00e9es dans une collision\"}]},{\"@type\":\"WebSite\",\"@id\":\"https:\\\/\\\/www.webdo.tn\\\/fr\\\/#website\",\"url\":\"https:\\\/\\\/www.webdo.tn\\\/fr\\\/\",\"name\":\"webdo\",\"description\":\"Tunisie - News en Tunisie et \u00e0 l&#039;international sur Webdo.tn\",\"publisher\":{\"@id\":\"https:\\\/\\\/www.webdo.tn\\\/fr\\\/#organization\"},\"potentialAction\":[{\"@type\":\"SearchAction\",\"target\":{\"@type\":\"EntryPoint\",\"urlTemplate\":\"https:\\\/\\\/www.webdo.tn\\\/fr\\\/?s={search_term_string}\"},\"query-input\":{\"@type\":\"PropertyValueSpecification\",\"valueRequired\":true,\"valueName\":\"search_term_string\"}}],\"inLanguage\":\"fr-FR\"},{\"@type\":\"Organization\",\"@id\":\"https:\\\/\\\/www.webdo.tn\\\/fr\\\/#organization\",\"name\":\"Webdo\",\"alternateName\":\"Webdo.tn\",\"url\":\"https:\\\/\\\/www.webdo.tn\\\/fr\\\/\",\"logo\":{\"@type\":\"ImageObject\",\"inLanguage\":\"fr-FR\",\"@id\":\"https:\\\/\\\/www.webdo.tn\\\/fr\\\/#\\\/schema\\\/logo\\\/image\\\/\",\"url\":\"https:\\\/\\\/www.webdo.tn\\\/fr\\\/wp-content\\\/uploads\\\/2025\\\/06\\\/Webdo-Tunisie_168377.jpg\",\"contentUrl\":\"https:\\\/\\\/www.webdo.tn\\\/fr\\\/wp-content\\\/uploads\\\/2025\\\/06\\\/Webdo-Tunisie_168377.jpg\",\"width\":301,\"height\":301,\"caption\":\"Webdo\"},\"image\":{\"@id\":\"https:\\\/\\\/www.webdo.tn\\\/fr\\\/#\\\/schema\\\/logo\\\/image\\\/\"},\"sameAs\":[\"https:\\\/\\\/www.facebook.com\\\/webdotn\",\"https:\\\/\\\/x.com\\\/webdo_tn\"],\"description\":\"Webdo est un m\u00e9dia num\u00e9rique tunisien fond\u00e9 en 2010, sp\u00e9cialis\u00e9 dans l\u2019actualit\u00e9 nationale et internationale, l\u2019\u00e9conomie, la soci\u00e9t\u00e9 et les analyses politiques. Le site s\u2019adresse \u00e0 un large public francophone et couvre l\u2019information tunisienne en temps r\u00e9el.\",\"email\":\"redac@webdo.tn\",\"legalName\":\"YNJ SARL\",\"foundingDate\":\"2010-09-06\",\"numberOfEmployees\":{\"@type\":\"QuantitativeValue\",\"minValue\":\"11\",\"maxValue\":\"50\"}},{\"@type\":\"Person\",\"@id\":\"https:\\\/\\\/www.webdo.tn\\\/fr\\\/#\\\/schema\\\/person\\\/2c4929cbf5a809e3bd38617c6ce150f6\",\"name\":\"MC\",\"image\":{\"@type\":\"ImageObject\",\"inLanguage\":\"fr-FR\",\"@id\":\"https:\\\/\\\/secure.gravatar.com\\\/avatar\\\/a545bbb6f84efdd5553dbbc2895e3ca8f1d12c5215e00a041c9670b54aa9b18a?s=96&d=mm&r=g\",\"url\":\"https:\\\/\\\/secure.gravatar.com\\\/avatar\\\/a545bbb6f84efdd5553dbbc2895e3ca8f1d12c5215e00a041c9670b54aa9b18a?s=96&d=mm&r=g\",\"contentUrl\":\"https:\\\/\\\/secure.gravatar.com\\\/avatar\\\/a545bbb6f84efdd5553dbbc2895e3ca8f1d12c5215e00a041c9670b54aa9b18a?s=96&d=mm&r=g\",\"caption\":\"MC\"},\"url\":\"https:\\\/\\\/www.webdo.tn\\\/fr\\\/actualite\\\/author\\\/mc\\\/\"}]}<\/script>\n<!-- \/ Yoast SEO Premium plugin. -->","yoast_head_json":{"title":"Accident au Kef : Une ouvri\u00e8re agricole d\u00e9c\u00e8de, 27 autres bless\u00e9es dans une collision","description":"Une ouvri\u00e8re agricole a perdu la vie et 27 autres ont \u00e9t\u00e9 bless\u00e9es dans un accident survenu \u00e0 Dar Essalem (Kef-Est), apr\u00e8s une collision entre une voiture et un...","canonical":"https:\/\/www.webdo.tn\/fr\/actualite\/divers\/accident-au-kef-une-ouvriere-agricole-decede-27-autres-blessees-dans-une-collision\/222271\/","og_locale":"fr_FR","og_type":"article","og_title":"Accident au Kef : Une ouvri\u00e8re agricole d\u00e9c\u00e8de, 27 autres bless\u00e9es dans une collision","og_description":"Une ouvri\u00e8re agricole a perdu la vie et 27 autres ont \u00e9t\u00e9 bless\u00e9es dans un accident survenu \u00e0 Dar Essalem (Kef-Est), apr\u00e8s une collision entre une voiture et un...","og_url":"https:\/\/www.webdo.tn\/fr\/actualite\/divers\/accident-au-kef-une-ouvriere-agricole-decede-27-autres-blessees-dans-une-collision\/222271\/","og_site_name":"webdo","article_publisher":"https:\/\/www.facebook.com\/webdotn","article_published_time":"2025-05-29T15:09:00+00:00","og_image":[{"width":750,"height":400,"url":"https:\/\/www.webdo.tn\/fr\/wp-content\/uploads\/2025\/05\/03eb7af1dec35d2b4a47c7fb3d719313.webp","type":"image\/webp"}],"author":"MC","twitter_card":"summary_large_image","twitter_creator":"@webdo_tn","twitter_site":"@webdo_tn","twitter_misc":{"\u00c9crit par":"MC","Dur\u00e9e de lecture estim\u00e9e":"1 minute"},"schema":{"@context":"https:\/\/schema.org","@graph":[{"@type":"NewsArticle","@id":"https:\/\/www.webdo.tn\/fr\/actualite\/divers\/accident-au-kef-une-ouvriere-agricole-decede-27-autres-blessees-dans-une-collision\/222271\/#article","isPartOf":{"@id":"https:\/\/www.webdo.tn\/fr\/actualite\/divers\/accident-au-kef-une-ouvriere-agricole-decede-27-autres-blessees-dans-une-collision\/222271\/"},"author":{"name":"MC","@id":"https:\/\/www.webdo.tn\/fr\/#\/schema\/person\/2c4929cbf5a809e3bd38617c6ce150f6"},"headline":"Accident au Kef : Une ouvri\u00e8re agricole d\u00e9c\u00e8de, 27 autres bless\u00e9es dans une collision","datePublished":"2025-05-29T15:09:00+00:00","mainEntityOfPage":{"@id":"https:\/\/www.webdo.tn\/fr\/actualite\/divers\/accident-au-kef-une-ouvriere-agricole-decede-27-autres-blessees-dans-une-collision\/222271\/"},"wordCount":206,"commentCount":0,"publisher":{"@id":"https:\/\/www.webdo.tn\/fr\/#organization"},"image":{"@id":"https:\/\/www.webdo.tn\/fr\/actualite\/divers\/accident-au-kef-une-ouvriere-agricole-decede-27-autres-blessees-dans-une-collision\/222271\/#primaryimage"},"thumbnailUrl":"https:\/\/www.webdo.tn\/fr\/wp-content\/uploads\/2025\/05\/03eb7af1dec35d2b4a47c7fb3d719313.webp","keywords":["accident","collision","le kef","ouvri\u00e8res agricoles","Tunisie"],"articleSection":["Divers"],"inLanguage":"fr-FR"},{"@type":"WebPage","@id":"https:\/\/www.webdo.tn\/fr\/actualite\/divers\/accident-au-kef-une-ouvriere-agricole-decede-27-autres-blessees-dans-une-collision\/222271\/","url":"https:\/\/www.webdo.tn\/fr\/actualite\/divers\/accident-au-kef-une-ouvriere-agricole-decede-27-autres-blessees-dans-une-collision\/222271\/","name":"Accident au Kef : Une ouvri\u00e8re agricole d\u00e9c\u00e8de, 27 autres bless\u00e9es dans une collision","isPartOf":{"@id":"https:\/\/www.webdo.tn\/fr\/#website"},"primaryImageOfPage":{"@id":"https:\/\/www.webdo.tn\/fr\/actualite\/divers\/accident-au-kef-une-ouvriere-agricole-decede-27-autres-blessees-dans-une-collision\/222271\/#primaryimage"},"image":{"@id":"https:\/\/www.webdo.tn\/fr\/actualite\/divers\/accident-au-kef-une-ouvriere-agricole-decede-27-autres-blessees-dans-une-collision\/222271\/#primaryimage"},"thumbnailUrl":"https:\/\/www.webdo.tn\/fr\/wp-content\/uploads\/2025\/05\/03eb7af1dec35d2b4a47c7fb3d719313.webp","datePublished":"2025-05-29T15:09:00+00:00","description":"Une ouvri\u00e8re agricole a perdu la vie et 27 autres ont \u00e9t\u00e9 bless\u00e9es dans un accident survenu \u00e0 Dar Essalem (Kef-Est), apr\u00e8s une collision entre une voiture et un...","breadcrumb":{"@id":"https:\/\/www.webdo.tn\/fr\/actualite\/divers\/accident-au-kef-une-ouvriere-agricole-decede-27-autres-blessees-dans-une-collision\/222271\/#breadcrumb"},"inLanguage":"fr-FR","potentialAction":[{"@type":"ReadAction","target":["https:\/\/www.webdo.tn\/fr\/actualite\/divers\/accident-au-kef-une-ouvriere-agricole-decede-27-autres-blessees-dans-une-collision\/222271\/"]}]},{"@type":"ImageObject","inLanguage":"fr-FR","@id":"https:\/\/www.webdo.tn\/fr\/actualite\/divers\/accident-au-kef-une-ouvriere-agricole-decede-27-autres-blessees-dans-une-collision\/222271\/#primaryimage","url":"https:\/\/www.webdo.tn\/fr\/wp-content\/uploads\/2025\/05\/03eb7af1dec35d2b4a47c7fb3d719313.webp","contentUrl":"https:\/\/www.webdo.tn\/fr\/wp-content\/uploads\/2025\/05\/03eb7af1dec35d2b4a47c7fb3d719313.webp","width":750,"height":400,"caption":"Accident au Kef : Une ouvri\u00e8re agricole d\u00e9c\u00e8de, 27 autres bless\u00e9es dans une collision"},{"@type":"BreadcrumbList","@id":"https:\/\/www.webdo.tn\/fr\/actualite\/divers\/accident-au-kef-une-ouvriere-agricole-decede-27-autres-blessees-dans-une-collision\/222271\/#breadcrumb","itemListElement":[{"@type":"ListItem","position":1,"name":"Accueil","item":"https:\/\/www.webdo.tn\/fr\/"},{"@type":"ListItem","position":2,"name":"Accident au Kef : Une ouvri\u00e8re agricole d\u00e9c\u00e8de, 27 autres bless\u00e9es dans une collision"}]},{"@type":"WebSite","@id":"https:\/\/www.webdo.tn\/fr\/#website","url":"https:\/\/www.webdo.tn\/fr\/","name":"webdo","description":"Tunisie - News en Tunisie et \u00e0 l&#039;international sur Webdo.tn","publisher":{"@id":"https:\/\/www.webdo.tn\/fr\/#organization"},"potentialAction":[{"@type":"SearchAction","target":{"@type":"EntryPoint","urlTemplate":"https:\/\/www.webdo.tn\/fr\/?s={search_term_string}"},"query-input":{"@type":"PropertyValueSpecification","valueRequired":true,"valueName":"search_term_string"}}],"inLanguage":"fr-FR"},{"@type":"Organization","@id":"https:\/\/www.webdo.tn\/fr\/#organization","name":"Webdo","alternateName":"Webdo.tn","url":"https:\/\/www.webdo.tn\/fr\/","logo":{"@type":"ImageObject","inLanguage":"fr-FR","@id":"https:\/\/www.webdo.tn\/fr\/#\/schema\/logo\/image\/","url":"https:\/\/www.webdo.tn\/fr\/wp-content\/uploads\/2025\/06\/Webdo-Tunisie_168377.jpg","contentUrl":"https:\/\/www.webdo.tn\/fr\/wp-content\/uploads\/2025\/06\/Webdo-Tunisie_168377.jpg","width":301,"height":301,"caption":"Webdo"},"image":{"@id":"https:\/\/www.webdo.tn\/fr\/#\/schema\/logo\/image\/"},"sameAs":["https:\/\/www.facebook.com\/webdotn","https:\/\/x.com\/webdo_tn"],"description":"Webdo est un m\u00e9dia num\u00e9rique tunisien fond\u00e9 en 2010, sp\u00e9cialis\u00e9 dans l\u2019actualit\u00e9 nationale et internationale, l\u2019\u00e9conomie, la soci\u00e9t\u00e9 et les analyses politiques. Le site s\u2019adresse \u00e0 un large public francophone et couvre l\u2019information tunisienne en temps r\u00e9el.","email":"redac@webdo.tn","legalName":"YNJ SARL","foundingDate":"2010-09-06","numberOfEmployees":{"@type":"QuantitativeValue","minValue":"11","maxValue":"50"}},{"@type":"Person","@id":"https:\/\/www.webdo.tn\/fr\/#\/schema\/person\/2c4929cbf5a809e3bd38617c6ce150f6","name":"MC","image":{"@type":"ImageObject","inLanguage":"fr-FR","@id":"https:\/\/secure.gravatar.com\/avatar\/a545bbb6f84efdd5553dbbc2895e3ca8f1d12c5215e00a041c9670b54aa9b18a?s=96&d=mm&r=g","url":"https:\/\/secure.gravatar.com\/avatar\/a545bbb6f84efdd5553dbbc2895e3ca8f1d12c5215e00a041c9670b54aa9b18a?s=96&d=mm&r=g","contentUrl":"https:\/\/secure.gravatar.com\/avatar\/a545bbb6f84efdd5553dbbc2895e3ca8f1d12c5215e00a041c9670b54aa9b18a?s=96&d=mm&r=g","caption":"MC"},"url":"https:\/\/www.webdo.tn\/fr\/actualite\/author\/mc\/"}]}},"_links":{"self":[{"href":"https:\/\/www.webdo.tn\/fr\/wp-json\/wp\/v2\/posts\/222271","targetHints":{"allow":["GET"]}}],"collection":[{"href":"https:\/\/www.webdo.tn\/fr\/wp-json\/wp\/v2\/posts"}],"about":[{"href":"https:\/\/www.webdo.tn\/fr\/wp-json\/wp\/v2\/types\/post"}],"author":[{"embeddable":true,"href":"https:\/\/www.webdo.tn\/fr\/wp-json\/wp\/v2\/users\/3162"}],"replies":[{"embeddable":true,"href":"https:\/\/www.webdo.tn\/fr\/wp-json\/wp\/v2\/comments?post=222271"}],"version-history":[{"count":0,"href":"https:\/\/www.webdo.tn\/fr\/wp-json\/wp\/v2\/posts\/222271\/revisions"}],"wp:featuredmedia":[{"embeddable":true,"href":"https:\/\/www.webdo.tn\/fr\/wp-json\/wp\/v2\/media\/365999"}],"wp:attachment":[{"href":"https:\/\/www.webdo.tn\/fr\/wp-json\/wp\/v2\/media?parent=222271"}],"wp:term":[{"taxonomy":"category","embeddable":true,"href":"https:\/\/www.webdo.tn\/fr\/wp-json\/wp\/v2\/categories?post=222271"},{"taxonomy":"post_tag","embeddable":true,"href":"https:\/\/www.webdo.tn\/fr\/wp-json\/wp\/v2\/tags?post=222271"}],"curies":[{"name":"wp","href":"https:\/\/api.w.org\/{rel}","templated":true}]}}