{"id":222267,"date":"2025-05-29T13:09:00","date_gmt":"2025-05-29T13:09:00","guid":{"rendered":"https:\/\/www.webdo.tn\/fr\/actualite\/blog\/coupe-de-tunisie-oussama-ben-ishak-au-sifflet-pour-la-finale-st-est\/222267\/"},"modified":"2025-05-29T13:09:00","modified_gmt":"2025-05-29T13:09:00","slug":"coupe-de-tunisie-oussama-ben-ishak-au-sifflet-pour-la-finale-st-est","status":"publish","type":"post","link":"https:\/\/www.webdo.tn\/fr\/actualite\/sport\/coupe-de-tunisie-oussama-ben-ishak-au-sifflet-pour-la-finale-st-est\/222267\/","title":{"rendered":"Coupe de Tunisie : Oussama Ben Ishak au sifflet pour la finale ST\u2013EST"},"content":{"rendered":"<p>La Direction nationale de l&rsquo;arbitrage a annonc\u00e9 la d\u00e9signation d&rsquo;Oussama Ben Ishak pour officier la finale de la Coupe de Tunisie 2025. Le choc tant attendu opposera le Stade Tunisien \u00e0 l\u2019Esp\u00e9rance Sportive de Tunis, ce dimanche au stade de Rad\u00e8s, \u00e0 partir de 16h00.<\/p>\n<p>Il sera assist\u00e9 sur les lignes par Mohamed Trabelsi et Wissam Boughattass. Bassem Belaid officiera en tant que quatri\u00e8me arbitre, tandis que Bassem Abouda sera l\u2019assistant additionnel.<\/p>\n<p>A l\u2019assistance vid\u00e9o (VAR), Fraj Abdellaoui tiendra les commandes, \u00e9paul\u00e9 par Majdi Bellagha et Khaled Souayah.<\/p>\n","protected":false},"excerpt":{"rendered":"<p>Oussama Ben Ishak dirigera la finale de la Coupe de Tunisie 2025 entre le Stade Tunisien et l\u2019Esp\u00e9rance de Tunis, ce dimanche \u00e0 Rad\u00e8s. D\u00e9couvrez l\u2019\u00e9quipe arbitr&#8230;<\/p>\n","protected":false},"author":3162,"featured_media":366194,"comment_status":"open","ping_status":"closed","sticky":false,"template":"","format":"standard","meta":{"footnotes":""},"categories":[2593],"tags":[3168,3102,4676,2622,11761,4600,2608],"class_list":["post-222267","post","type-post","status-publish","format-standard","has-post-thumbnail","hentry","category-sport","tag-coupe-de-tunisie","tag-esperance-st","tag-finale","tag-football","tag-oussama-ben-ishak","tag-stade-tunisien","tag-tunisie"],"yoast_head":"<!-- This site is optimized with the Yoast SEO Premium plugin v27.4 (Yoast SEO v27.5) - https:\/\/yoast.com\/product\/yoast-seo-premium-wordpress\/ -->\n<title>Coupe de Tunisie : Oussama Ben Ishak au sifflet pour la finale ST\u2013EST<\/title>\n<meta name=\"description\" content=\"Oussama Ben Ishak dirigera la finale de la Coupe de Tunisie 2025 entre le Stade Tunisien et l\u2019Esp\u00e9rance de Tunis, ce dimanche \u00e0 Rad\u00e8s. D\u00e9couvrez l\u2019\u00e9quipe arbitr...\" \/>\n<link rel=\"canonical\" href=\"https:\/\/www.webdo.tn\/fr\/actualite\/sport\/coupe-de-tunisie-oussama-ben-ishak-au-sifflet-pour-la-finale-st-est\/222267\/\" \/>\n<meta property=\"og:locale\" content=\"fr_FR\" \/>\n<meta property=\"og:type\" content=\"article\" \/>\n<meta property=\"og:title\" content=\"Coupe de Tunisie : Oussama Ben Ishak au sifflet pour la finale ST\u2013EST\" \/>\n<meta property=\"og:description\" content=\"Oussama Ben Ishak dirigera la finale de la Coupe de Tunisie 2025 entre le Stade Tunisien et l\u2019Esp\u00e9rance de Tunis, ce dimanche \u00e0 Rad\u00e8s. D\u00e9couvrez l\u2019\u00e9quipe arbitr...\" \/>\n<meta property=\"og:url\" content=\"https:\/\/www.webdo.tn\/fr\/actualite\/sport\/coupe-de-tunisie-oussama-ben-ishak-au-sifflet-pour-la-finale-st-est\/222267\/\" \/>\n<meta property=\"og:site_name\" content=\"webdo\" \/>\n<meta property=\"article:publisher\" content=\"https:\/\/www.facebook.com\/webdotn\" \/>\n<meta property=\"article:published_time\" content=\"2025-05-29T13:09:00+00:00\" \/>\n<meta property=\"og:image\" content=\"https:\/\/www.webdo.tn\/fr\/wp-content\/uploads\/2025\/05\/9cf97cc119f1d96e98c06d2f6eda8b84.webp\" \/>\n\t<meta property=\"og:image:width\" content=\"650\" \/>\n\t<meta property=\"og:image:height\" content=\"347\" \/>\n\t<meta property=\"og:image:type\" content=\"image\/webp\" \/>\n<meta name=\"author\" content=\"MC\" \/>\n<meta name=\"twitter:card\" content=\"summary_large_image\" \/>\n<meta name=\"twitter:creator\" content=\"@webdo_tn\" \/>\n<meta name=\"twitter:site\" content=\"@webdo_tn\" \/>\n<meta name=\"twitter:label1\" content=\"\u00c9crit par\" \/>\n\t<meta name=\"twitter:data1\" content=\"MC\" \/>\n<script type=\"application\/ld+json\" class=\"yoast-schema-graph\">{\"@context\":\"https:\\\/\\\/schema.org\",\"@graph\":[{\"@type\":\"NewsArticle\",\"@id\":\"https:\\\/\\\/www.webdo.tn\\\/fr\\\/actualite\\\/sport\\\/coupe-de-tunisie-oussama-ben-ishak-au-sifflet-pour-la-finale-st-est\\\/222267\\\/#article\",\"isPartOf\":{\"@id\":\"https:\\\/\\\/www.webdo.tn\\\/fr\\\/actualite\\\/sport\\\/coupe-de-tunisie-oussama-ben-ishak-au-sifflet-pour-la-finale-st-est\\\/222267\\\/\"},\"author\":{\"name\":\"MC\",\"@id\":\"https:\\\/\\\/www.webdo.tn\\\/fr\\\/#\\\/schema\\\/person\\\/2c4929cbf5a809e3bd38617c6ce150f6\"},\"headline\":\"Coupe de Tunisie : Oussama Ben Ishak au sifflet pour la finale ST\u2013EST\",\"datePublished\":\"2025-05-29T13:09:00+00:00\",\"mainEntityOfPage\":{\"@id\":\"https:\\\/\\\/www.webdo.tn\\\/fr\\\/actualite\\\/sport\\\/coupe-de-tunisie-oussama-ben-ishak-au-sifflet-pour-la-finale-st-est\\\/222267\\\/\"},\"wordCount\":108,\"commentCount\":0,\"publisher\":{\"@id\":\"https:\\\/\\\/www.webdo.tn\\\/fr\\\/#organization\"},\"image\":{\"@id\":\"https:\\\/\\\/www.webdo.tn\\\/fr\\\/actualite\\\/sport\\\/coupe-de-tunisie-oussama-ben-ishak-au-sifflet-pour-la-finale-st-est\\\/222267\\\/#primaryimage\"},\"thumbnailUrl\":\"https:\\\/\\\/www.webdo.tn\\\/fr\\\/wp-content\\\/uploads\\\/2025\\\/05\\\/9cf97cc119f1d96e98c06d2f6eda8b84.webp\",\"keywords\":[\"coupe de tunisie\",\"esp\u00e9rance st\",\"finale\",\"football\",\"Oussama Ben Ishak\",\"stade tunisien\",\"Tunisie\"],\"articleSection\":[\"Sport\"],\"inLanguage\":\"fr-FR\"},{\"@type\":\"WebPage\",\"@id\":\"https:\\\/\\\/www.webdo.tn\\\/fr\\\/actualite\\\/sport\\\/coupe-de-tunisie-oussama-ben-ishak-au-sifflet-pour-la-finale-st-est\\\/222267\\\/\",\"url\":\"https:\\\/\\\/www.webdo.tn\\\/fr\\\/actualite\\\/sport\\\/coupe-de-tunisie-oussama-ben-ishak-au-sifflet-pour-la-finale-st-est\\\/222267\\\/\",\"name\":\"Coupe de Tunisie : Oussama Ben Ishak au sifflet pour la finale ST\u2013EST\",\"isPartOf\":{\"@id\":\"https:\\\/\\\/www.webdo.tn\\\/fr\\\/#website\"},\"primaryImageOfPage\":{\"@id\":\"https:\\\/\\\/www.webdo.tn\\\/fr\\\/actualite\\\/sport\\\/coupe-de-tunisie-oussama-ben-ishak-au-sifflet-pour-la-finale-st-est\\\/222267\\\/#primaryimage\"},\"image\":{\"@id\":\"https:\\\/\\\/www.webdo.tn\\\/fr\\\/actualite\\\/sport\\\/coupe-de-tunisie-oussama-ben-ishak-au-sifflet-pour-la-finale-st-est\\\/222267\\\/#primaryimage\"},\"thumbnailUrl\":\"https:\\\/\\\/www.webdo.tn\\\/fr\\\/wp-content\\\/uploads\\\/2025\\\/05\\\/9cf97cc119f1d96e98c06d2f6eda8b84.webp\",\"datePublished\":\"2025-05-29T13:09:00+00:00\",\"description\":\"Oussama Ben Ishak dirigera la finale de la Coupe de Tunisie 2025 entre le Stade Tunisien et l\u2019Esp\u00e9rance de Tunis, ce dimanche \u00e0 Rad\u00e8s. D\u00e9couvrez l\u2019\u00e9quipe arbitr...\",\"breadcrumb\":{\"@id\":\"https:\\\/\\\/www.webdo.tn\\\/fr\\\/actualite\\\/sport\\\/coupe-de-tunisie-oussama-ben-ishak-au-sifflet-pour-la-finale-st-est\\\/222267\\\/#breadcrumb\"},\"inLanguage\":\"fr-FR\",\"potentialAction\":[{\"@type\":\"ReadAction\",\"target\":[\"https:\\\/\\\/www.webdo.tn\\\/fr\\\/actualite\\\/sport\\\/coupe-de-tunisie-oussama-ben-ishak-au-sifflet-pour-la-finale-st-est\\\/222267\\\/\"]}]},{\"@type\":\"ImageObject\",\"inLanguage\":\"fr-FR\",\"@id\":\"https:\\\/\\\/www.webdo.tn\\\/fr\\\/actualite\\\/sport\\\/coupe-de-tunisie-oussama-ben-ishak-au-sifflet-pour-la-finale-st-est\\\/222267\\\/#primaryimage\",\"url\":\"https:\\\/\\\/www.webdo.tn\\\/fr\\\/wp-content\\\/uploads\\\/2025\\\/05\\\/9cf97cc119f1d96e98c06d2f6eda8b84.webp\",\"contentUrl\":\"https:\\\/\\\/www.webdo.tn\\\/fr\\\/wp-content\\\/uploads\\\/2025\\\/05\\\/9cf97cc119f1d96e98c06d2f6eda8b84.webp\",\"width\":650,\"height\":347,\"caption\":\"Coupe de Tunisie : Oussama Ben Ishak au sifflet pour la finale ST\u2013EST\"},{\"@type\":\"BreadcrumbList\",\"@id\":\"https:\\\/\\\/www.webdo.tn\\\/fr\\\/actualite\\\/sport\\\/coupe-de-tunisie-oussama-ben-ishak-au-sifflet-pour-la-finale-st-est\\\/222267\\\/#breadcrumb\",\"itemListElement\":[{\"@type\":\"ListItem\",\"position\":1,\"name\":\"Accueil\",\"item\":\"https:\\\/\\\/www.webdo.tn\\\/fr\\\/\"},{\"@type\":\"ListItem\",\"position\":2,\"name\":\"Coupe de Tunisie : Oussama Ben Ishak au sifflet pour la finale ST\u2013EST\"}]},{\"@type\":\"WebSite\",\"@id\":\"https:\\\/\\\/www.webdo.tn\\\/fr\\\/#website\",\"url\":\"https:\\\/\\\/www.webdo.tn\\\/fr\\\/\",\"name\":\"webdo\",\"description\":\"Tunisie - News en Tunisie et \u00e0 l&#039;international sur Webdo.tn\",\"publisher\":{\"@id\":\"https:\\\/\\\/www.webdo.tn\\\/fr\\\/#organization\"},\"potentialAction\":[{\"@type\":\"SearchAction\",\"target\":{\"@type\":\"EntryPoint\",\"urlTemplate\":\"https:\\\/\\\/www.webdo.tn\\\/fr\\\/?s={search_term_string}\"},\"query-input\":{\"@type\":\"PropertyValueSpecification\",\"valueRequired\":true,\"valueName\":\"search_term_string\"}}],\"inLanguage\":\"fr-FR\"},{\"@type\":\"Organization\",\"@id\":\"https:\\\/\\\/www.webdo.tn\\\/fr\\\/#organization\",\"name\":\"Webdo\",\"alternateName\":\"Webdo.tn\",\"url\":\"https:\\\/\\\/www.webdo.tn\\\/fr\\\/\",\"logo\":{\"@type\":\"ImageObject\",\"inLanguage\":\"fr-FR\",\"@id\":\"https:\\\/\\\/www.webdo.tn\\\/fr\\\/#\\\/schema\\\/logo\\\/image\\\/\",\"url\":\"https:\\\/\\\/www.webdo.tn\\\/fr\\\/wp-content\\\/uploads\\\/2025\\\/06\\\/Webdo-Tunisie_168377.jpg\",\"contentUrl\":\"https:\\\/\\\/www.webdo.tn\\\/fr\\\/wp-content\\\/uploads\\\/2025\\\/06\\\/Webdo-Tunisie_168377.jpg\",\"width\":301,\"height\":301,\"caption\":\"Webdo\"},\"image\":{\"@id\":\"https:\\\/\\\/www.webdo.tn\\\/fr\\\/#\\\/schema\\\/logo\\\/image\\\/\"},\"sameAs\":[\"https:\\\/\\\/www.facebook.com\\\/webdotn\",\"https:\\\/\\\/x.com\\\/webdo_tn\"],\"description\":\"Webdo est un m\u00e9dia num\u00e9rique tunisien fond\u00e9 en 2010, sp\u00e9cialis\u00e9 dans l\u2019actualit\u00e9 nationale et internationale, l\u2019\u00e9conomie, la soci\u00e9t\u00e9 et les analyses politiques. Le site s\u2019adresse \u00e0 un large public francophone et couvre l\u2019information tunisienne en temps r\u00e9el.\",\"email\":\"redac@webdo.tn\",\"legalName\":\"YNJ SARL\",\"foundingDate\":\"2010-09-06\",\"numberOfEmployees\":{\"@type\":\"QuantitativeValue\",\"minValue\":\"11\",\"maxValue\":\"50\"}},{\"@type\":\"Person\",\"@id\":\"https:\\\/\\\/www.webdo.tn\\\/fr\\\/#\\\/schema\\\/person\\\/2c4929cbf5a809e3bd38617c6ce150f6\",\"name\":\"MC\",\"image\":{\"@type\":\"ImageObject\",\"inLanguage\":\"fr-FR\",\"@id\":\"https:\\\/\\\/secure.gravatar.com\\\/avatar\\\/a545bbb6f84efdd5553dbbc2895e3ca8f1d12c5215e00a041c9670b54aa9b18a?s=96&d=mm&r=g\",\"url\":\"https:\\\/\\\/secure.gravatar.com\\\/avatar\\\/a545bbb6f84efdd5553dbbc2895e3ca8f1d12c5215e00a041c9670b54aa9b18a?s=96&d=mm&r=g\",\"contentUrl\":\"https:\\\/\\\/secure.gravatar.com\\\/avatar\\\/a545bbb6f84efdd5553dbbc2895e3ca8f1d12c5215e00a041c9670b54aa9b18a?s=96&d=mm&r=g\",\"caption\":\"MC\"},\"url\":\"https:\\\/\\\/www.webdo.tn\\\/fr\\\/actualite\\\/author\\\/mc\\\/\"}]}<\/script>\n<!-- \/ Yoast SEO Premium plugin. -->","yoast_head_json":{"title":"Coupe de Tunisie : Oussama Ben Ishak au sifflet pour la finale ST\u2013EST","description":"Oussama Ben Ishak dirigera la finale de la Coupe de Tunisie 2025 entre le Stade Tunisien et l\u2019Esp\u00e9rance de Tunis, ce dimanche \u00e0 Rad\u00e8s. D\u00e9couvrez l\u2019\u00e9quipe arbitr...","canonical":"https:\/\/www.webdo.tn\/fr\/actualite\/sport\/coupe-de-tunisie-oussama-ben-ishak-au-sifflet-pour-la-finale-st-est\/222267\/","og_locale":"fr_FR","og_type":"article","og_title":"Coupe de Tunisie : Oussama Ben Ishak au sifflet pour la finale ST\u2013EST","og_description":"Oussama Ben Ishak dirigera la finale de la Coupe de Tunisie 2025 entre le Stade Tunisien et l\u2019Esp\u00e9rance de Tunis, ce dimanche \u00e0 Rad\u00e8s. D\u00e9couvrez l\u2019\u00e9quipe arbitr...","og_url":"https:\/\/www.webdo.tn\/fr\/actualite\/sport\/coupe-de-tunisie-oussama-ben-ishak-au-sifflet-pour-la-finale-st-est\/222267\/","og_site_name":"webdo","article_publisher":"https:\/\/www.facebook.com\/webdotn","article_published_time":"2025-05-29T13:09:00+00:00","og_image":[{"width":650,"height":347,"url":"https:\/\/www.webdo.tn\/fr\/wp-content\/uploads\/2025\/05\/9cf97cc119f1d96e98c06d2f6eda8b84.webp","type":"image\/webp"}],"author":"MC","twitter_card":"summary_large_image","twitter_creator":"@webdo_tn","twitter_site":"@webdo_tn","twitter_misc":{"\u00c9crit par":"MC"},"schema":{"@context":"https:\/\/schema.org","@graph":[{"@type":"NewsArticle","@id":"https:\/\/www.webdo.tn\/fr\/actualite\/sport\/coupe-de-tunisie-oussama-ben-ishak-au-sifflet-pour-la-finale-st-est\/222267\/#article","isPartOf":{"@id":"https:\/\/www.webdo.tn\/fr\/actualite\/sport\/coupe-de-tunisie-oussama-ben-ishak-au-sifflet-pour-la-finale-st-est\/222267\/"},"author":{"name":"MC","@id":"https:\/\/www.webdo.tn\/fr\/#\/schema\/person\/2c4929cbf5a809e3bd38617c6ce150f6"},"headline":"Coupe de Tunisie : Oussama Ben Ishak au sifflet pour la finale ST\u2013EST","datePublished":"2025-05-29T13:09:00+00:00","mainEntityOfPage":{"@id":"https:\/\/www.webdo.tn\/fr\/actualite\/sport\/coupe-de-tunisie-oussama-ben-ishak-au-sifflet-pour-la-finale-st-est\/222267\/"},"wordCount":108,"commentCount":0,"publisher":{"@id":"https:\/\/www.webdo.tn\/fr\/#organization"},"image":{"@id":"https:\/\/www.webdo.tn\/fr\/actualite\/sport\/coupe-de-tunisie-oussama-ben-ishak-au-sifflet-pour-la-finale-st-est\/222267\/#primaryimage"},"thumbnailUrl":"https:\/\/www.webdo.tn\/fr\/wp-content\/uploads\/2025\/05\/9cf97cc119f1d96e98c06d2f6eda8b84.webp","keywords":["coupe de tunisie","esp\u00e9rance st","finale","football","Oussama Ben Ishak","stade tunisien","Tunisie"],"articleSection":["Sport"],"inLanguage":"fr-FR"},{"@type":"WebPage","@id":"https:\/\/www.webdo.tn\/fr\/actualite\/sport\/coupe-de-tunisie-oussama-ben-ishak-au-sifflet-pour-la-finale-st-est\/222267\/","url":"https:\/\/www.webdo.tn\/fr\/actualite\/sport\/coupe-de-tunisie-oussama-ben-ishak-au-sifflet-pour-la-finale-st-est\/222267\/","name":"Coupe de Tunisie : Oussama Ben Ishak au sifflet pour la finale ST\u2013EST","isPartOf":{"@id":"https:\/\/www.webdo.tn\/fr\/#website"},"primaryImageOfPage":{"@id":"https:\/\/www.webdo.tn\/fr\/actualite\/sport\/coupe-de-tunisie-oussama-ben-ishak-au-sifflet-pour-la-finale-st-est\/222267\/#primaryimage"},"image":{"@id":"https:\/\/www.webdo.tn\/fr\/actualite\/sport\/coupe-de-tunisie-oussama-ben-ishak-au-sifflet-pour-la-finale-st-est\/222267\/#primaryimage"},"thumbnailUrl":"https:\/\/www.webdo.tn\/fr\/wp-content\/uploads\/2025\/05\/9cf97cc119f1d96e98c06d2f6eda8b84.webp","datePublished":"2025-05-29T13:09:00+00:00","description":"Oussama Ben Ishak dirigera la finale de la Coupe de Tunisie 2025 entre le Stade Tunisien et l\u2019Esp\u00e9rance de Tunis, ce dimanche \u00e0 Rad\u00e8s. D\u00e9couvrez l\u2019\u00e9quipe arbitr...","breadcrumb":{"@id":"https:\/\/www.webdo.tn\/fr\/actualite\/sport\/coupe-de-tunisie-oussama-ben-ishak-au-sifflet-pour-la-finale-st-est\/222267\/#breadcrumb"},"inLanguage":"fr-FR","potentialAction":[{"@type":"ReadAction","target":["https:\/\/www.webdo.tn\/fr\/actualite\/sport\/coupe-de-tunisie-oussama-ben-ishak-au-sifflet-pour-la-finale-st-est\/222267\/"]}]},{"@type":"ImageObject","inLanguage":"fr-FR","@id":"https:\/\/www.webdo.tn\/fr\/actualite\/sport\/coupe-de-tunisie-oussama-ben-ishak-au-sifflet-pour-la-finale-st-est\/222267\/#primaryimage","url":"https:\/\/www.webdo.tn\/fr\/wp-content\/uploads\/2025\/05\/9cf97cc119f1d96e98c06d2f6eda8b84.webp","contentUrl":"https:\/\/www.webdo.tn\/fr\/wp-content\/uploads\/2025\/05\/9cf97cc119f1d96e98c06d2f6eda8b84.webp","width":650,"height":347,"caption":"Coupe de Tunisie : Oussama Ben Ishak au sifflet pour la finale ST\u2013EST"},{"@type":"BreadcrumbList","@id":"https:\/\/www.webdo.tn\/fr\/actualite\/sport\/coupe-de-tunisie-oussama-ben-ishak-au-sifflet-pour-la-finale-st-est\/222267\/#breadcrumb","itemListElement":[{"@type":"ListItem","position":1,"name":"Accueil","item":"https:\/\/www.webdo.tn\/fr\/"},{"@type":"ListItem","position":2,"name":"Coupe de Tunisie : Oussama Ben Ishak au sifflet pour la finale ST\u2013EST"}]},{"@type":"WebSite","@id":"https:\/\/www.webdo.tn\/fr\/#website","url":"https:\/\/www.webdo.tn\/fr\/","name":"webdo","description":"Tunisie - News en Tunisie et \u00e0 l&#039;international sur Webdo.tn","publisher":{"@id":"https:\/\/www.webdo.tn\/fr\/#organization"},"potentialAction":[{"@type":"SearchAction","target":{"@type":"EntryPoint","urlTemplate":"https:\/\/www.webdo.tn\/fr\/?s={search_term_string}"},"query-input":{"@type":"PropertyValueSpecification","valueRequired":true,"valueName":"search_term_string"}}],"inLanguage":"fr-FR"},{"@type":"Organization","@id":"https:\/\/www.webdo.tn\/fr\/#organization","name":"Webdo","alternateName":"Webdo.tn","url":"https:\/\/www.webdo.tn\/fr\/","logo":{"@type":"ImageObject","inLanguage":"fr-FR","@id":"https:\/\/www.webdo.tn\/fr\/#\/schema\/logo\/image\/","url":"https:\/\/www.webdo.tn\/fr\/wp-content\/uploads\/2025\/06\/Webdo-Tunisie_168377.jpg","contentUrl":"https:\/\/www.webdo.tn\/fr\/wp-content\/uploads\/2025\/06\/Webdo-Tunisie_168377.jpg","width":301,"height":301,"caption":"Webdo"},"image":{"@id":"https:\/\/www.webdo.tn\/fr\/#\/schema\/logo\/image\/"},"sameAs":["https:\/\/www.facebook.com\/webdotn","https:\/\/x.com\/webdo_tn"],"description":"Webdo est un m\u00e9dia num\u00e9rique tunisien fond\u00e9 en 2010, sp\u00e9cialis\u00e9 dans l\u2019actualit\u00e9 nationale et internationale, l\u2019\u00e9conomie, la soci\u00e9t\u00e9 et les analyses politiques. Le site s\u2019adresse \u00e0 un large public francophone et couvre l\u2019information tunisienne en temps r\u00e9el.","email":"redac@webdo.tn","legalName":"YNJ SARL","foundingDate":"2010-09-06","numberOfEmployees":{"@type":"QuantitativeValue","minValue":"11","maxValue":"50"}},{"@type":"Person","@id":"https:\/\/www.webdo.tn\/fr\/#\/schema\/person\/2c4929cbf5a809e3bd38617c6ce150f6","name":"MC","image":{"@type":"ImageObject","inLanguage":"fr-FR","@id":"https:\/\/secure.gravatar.com\/avatar\/a545bbb6f84efdd5553dbbc2895e3ca8f1d12c5215e00a041c9670b54aa9b18a?s=96&d=mm&r=g","url":"https:\/\/secure.gravatar.com\/avatar\/a545bbb6f84efdd5553dbbc2895e3ca8f1d12c5215e00a041c9670b54aa9b18a?s=96&d=mm&r=g","contentUrl":"https:\/\/secure.gravatar.com\/avatar\/a545bbb6f84efdd5553dbbc2895e3ca8f1d12c5215e00a041c9670b54aa9b18a?s=96&d=mm&r=g","caption":"MC"},"url":"https:\/\/www.webdo.tn\/fr\/actualite\/author\/mc\/"}]}},"_links":{"self":[{"href":"https:\/\/www.webdo.tn\/fr\/wp-json\/wp\/v2\/posts\/222267","targetHints":{"allow":["GET"]}}],"collection":[{"href":"https:\/\/www.webdo.tn\/fr\/wp-json\/wp\/v2\/posts"}],"about":[{"href":"https:\/\/www.webdo.tn\/fr\/wp-json\/wp\/v2\/types\/post"}],"author":[{"embeddable":true,"href":"https:\/\/www.webdo.tn\/fr\/wp-json\/wp\/v2\/users\/3162"}],"replies":[{"embeddable":true,"href":"https:\/\/www.webdo.tn\/fr\/wp-json\/wp\/v2\/comments?post=222267"}],"version-history":[{"count":0,"href":"https:\/\/www.webdo.tn\/fr\/wp-json\/wp\/v2\/posts\/222267\/revisions"}],"wp:featuredmedia":[{"embeddable":true,"href":"https:\/\/www.webdo.tn\/fr\/wp-json\/wp\/v2\/media\/366194"}],"wp:attachment":[{"href":"https:\/\/www.webdo.tn\/fr\/wp-json\/wp\/v2\/media?parent=222267"}],"wp:term":[{"taxonomy":"category","embeddable":true,"href":"https:\/\/www.webdo.tn\/fr\/wp-json\/wp\/v2\/categories?post=222267"},{"taxonomy":"post_tag","embeddable":true,"href":"https:\/\/www.webdo.tn\/fr\/wp-json\/wp\/v2\/tags?post=222267"}],"curies":[{"name":"wp","href":"https:\/\/api.w.org\/{rel}","templated":true}]}}