{"id":222264,"date":"2025-05-29T11:11:00","date_gmt":"2025-05-29T11:11:00","guid":{"rendered":"https:\/\/www.webdo.tn\/fr\/actualite\/blog\/tunisie-ridha-grira-renvoye-devant-la-chambre-criminelle\/222264\/"},"modified":"2025-05-29T11:11:00","modified_gmt":"2025-05-29T11:11:00","slug":"tunisie-ridha-grira-renvoye-devant-la-chambre-criminelle","status":"publish","type":"post","link":"https:\/\/www.webdo.tn\/fr\/actualite\/national\/tunisie-ridha-grira-renvoye-devant-la-chambre-criminelle\/222264\/","title":{"rendered":"Tunisie : Ridha Grira renvoy\u00e9 devant la chambre criminelle"},"content":{"rendered":"<p>Nouveau rebondissement judiciaire dans les affaires de corruption li\u00e9es \u00e0 l\u2019ancien r\u00e9gime : la chambre d\u2019accusation sp\u00e9cialis\u00e9e dans les dossiers de corruption financi\u00e8re aupr\u00e8s de la Cour d\u2019appel de Tunis a d\u00e9cid\u00e9, mardi, de renvoyer l\u2019ancien ministre des Domaines de l\u2019\u00c9tat et des Affaires fonci\u00e8res, Ridha Grira, ainsi qu\u2019un autre accus\u00e9, devant la chambre criminelle sp\u00e9cialis\u00e9e dans les affaires de corruption financi\u00e8re pr\u00e8s le tribunal de premi\u00e8re instance de Tunis.<\/p>\n<p> Ce renvoi fait suite \u00e0 une enqu\u00eate portant sur des irr\u00e9gularit\u00e9s pr\u00e9sum\u00e9es dans la cession d\u2019un terrain agricole appartenant \u00e0 l\u2019\u00c9tat, dans une affaire o\u00f9 l\u2019influence directe de l\u2019ancien pr\u00e9sident d\u00e9chu Zine El Abidine Ben Ali a \u00e9t\u00e9 mise en \u00e9vidence. La justice a, d\u2019ailleurs, prononc\u00e9 le classement de l\u2019accusation \u00e0 l\u2019encontre de Ben Ali en raison de son d\u00e9c\u00e8s, conform\u00e9ment aux dispositions du droit p\u00e9nal tunisien.<\/p>\n<p>Selon les premiers \u00e9l\u00e9ments de l\u2019instruction, la cession litigieuse aurait \u00e9t\u00e9 op\u00e9r\u00e9e en dehors des r\u00e8gles l\u00e9gales, au profit de parties priv\u00e9es, avec des soup\u00e7ons de favoritisme, d\u2019abus de pouvoir et de d\u00e9tournement d\u2019int\u00e9r\u00eat public. L\u2019instruction a notamment mis en lumi\u00e8re des pressions politiques exerc\u00e9es sur l\u2019administration fonci\u00e8re pour conclure l\u2019op\u00e9ration, \u00e0 l\u2019\u00e9poque o\u00f9 Ridha Grira occupait un poste strat\u00e9gique au sein du gouvernement.<\/p>\n<p>La chambre d\u2019accusation a estim\u00e9 que les \u00e9l\u00e9ments rassembl\u00e9s \u00e9taient suffisamment graves pour justifier un renvoi devant la juridiction criminelle, qui sera charg\u00e9e d\u2019instruire le fond de l\u2019affaire et de juger les responsabilit\u00e9s individuelles.<\/p>\n<p>Ridha Grira, d\u00e9j\u00e0 cit\u00e9 dans d&rsquo;autres dossiers li\u00e9s \u00e0 la p\u00e9riode Ben Ali, devra donc r\u00e9pondre devant la justice de faits pouvant \u00eatre qualifi\u00e9s de corruption financi\u00e8re et administrative. Le second accus\u00e9, dont l&rsquo;identit\u00e9 n\u2019a pas \u00e9t\u00e9 pr\u00e9cis\u00e9e, est lui aussi poursuivi dans ce dossier pour son r\u00f4le pr\u00e9sum\u00e9 dans l\u2019ex\u00e9cution de la cession.<\/p>\n","protected":false},"excerpt":{"rendered":"<p>L\u2019ancien ministre Ridha Grira sera jug\u00e9 par la chambre criminelle pour son implication pr\u00e9sum\u00e9e dans la cession ill\u00e9gale d\u2019un terrain agricole sous le r\u00e9gime Be&#8230;<\/p>\n","protected":false},"author":3162,"featured_media":366197,"comment_status":"open","ping_status":"closed","sticky":false,"template":"","format":"standard","meta":{"footnotes":""},"categories":[44],"tags":[11764,3196,11763,2608],"class_list":["post-222264","post","type-post","status-publish","format-standard","has-post-thumbnail","hentry","category-national","tag-cession-de-terrain","tag-corruption","tag-ridha-grira","tag-tunisie"],"yoast_head":"<!-- This site is optimized with the Yoast SEO Premium plugin v27.5 (Yoast SEO v27.5) - https:\/\/yoast.com\/product\/yoast-seo-premium-wordpress\/ -->\n<title>Tunisie : Ridha Grira renvoy\u00e9 devant la chambre criminelle<\/title>\n<meta name=\"description\" content=\"L\u2019ancien ministre Ridha Grira sera jug\u00e9 par la chambre criminelle pour son implication pr\u00e9sum\u00e9e dans la cession ill\u00e9gale d\u2019un terrain agricole sous le r\u00e9gime Be...\" \/>\n<link rel=\"canonical\" href=\"https:\/\/www.webdo.tn\/fr\/actualite\/national\/tunisie-ridha-grira-renvoye-devant-la-chambre-criminelle\/222264\/\" \/>\n<meta property=\"og:locale\" content=\"fr_FR\" \/>\n<meta property=\"og:type\" content=\"article\" \/>\n<meta property=\"og:title\" content=\"Tunisie : Ridha Grira renvoy\u00e9 devant la chambre criminelle\" \/>\n<meta property=\"og:description\" content=\"L\u2019ancien ministre Ridha Grira sera jug\u00e9 par la chambre criminelle pour son implication pr\u00e9sum\u00e9e dans la cession ill\u00e9gale d\u2019un terrain agricole sous le r\u00e9gime Be...\" \/>\n<meta property=\"og:url\" content=\"https:\/\/www.webdo.tn\/fr\/actualite\/national\/tunisie-ridha-grira-renvoye-devant-la-chambre-criminelle\/222264\/\" \/>\n<meta property=\"og:site_name\" content=\"webdo\" \/>\n<meta property=\"article:publisher\" content=\"https:\/\/www.facebook.com\/webdotn\" \/>\n<meta property=\"article:published_time\" content=\"2025-05-29T11:11:00+00:00\" \/>\n<meta property=\"og:image\" content=\"https:\/\/www.webdo.tn\/fr\/wp-content\/uploads\/2025\/05\/eeb8245b44d51d71e9ce471bb43adb6c.webp\" \/>\n\t<meta property=\"og:image:width\" content=\"668\" \/>\n\t<meta property=\"og:image:height\" content=\"356\" \/>\n\t<meta property=\"og:image:type\" content=\"image\/webp\" \/>\n<meta name=\"author\" content=\"MC\" \/>\n<meta name=\"twitter:card\" content=\"summary_large_image\" \/>\n<meta name=\"twitter:creator\" content=\"@webdo_tn\" \/>\n<meta name=\"twitter:site\" content=\"@webdo_tn\" \/>\n<meta name=\"twitter:label1\" content=\"\u00c9crit par\" \/>\n\t<meta name=\"twitter:data1\" content=\"MC\" \/>\n\t<meta name=\"twitter:label2\" content=\"Dur\u00e9e de lecture estim\u00e9e\" \/>\n\t<meta name=\"twitter:data2\" content=\"2 minutes\" \/>\n<script type=\"application\/ld+json\" class=\"yoast-schema-graph\">{\"@context\":\"https:\\\/\\\/schema.org\",\"@graph\":[{\"@type\":\"NewsArticle\",\"@id\":\"https:\\\/\\\/www.webdo.tn\\\/fr\\\/actualite\\\/national\\\/tunisie-ridha-grira-renvoye-devant-la-chambre-criminelle\\\/222264\\\/#article\",\"isPartOf\":{\"@id\":\"https:\\\/\\\/www.webdo.tn\\\/fr\\\/actualite\\\/national\\\/tunisie-ridha-grira-renvoye-devant-la-chambre-criminelle\\\/222264\\\/\"},\"author\":{\"name\":\"MC\",\"@id\":\"https:\\\/\\\/www.webdo.tn\\\/fr\\\/#\\\/schema\\\/person\\\/2c4929cbf5a809e3bd38617c6ce150f6\"},\"headline\":\"Tunisie : Ridha Grira renvoy\u00e9 devant la chambre criminelle\",\"datePublished\":\"2025-05-29T11:11:00+00:00\",\"mainEntityOfPage\":{\"@id\":\"https:\\\/\\\/www.webdo.tn\\\/fr\\\/actualite\\\/national\\\/tunisie-ridha-grira-renvoye-devant-la-chambre-criminelle\\\/222264\\\/\"},\"wordCount\":371,\"commentCount\":0,\"publisher\":{\"@id\":\"https:\\\/\\\/www.webdo.tn\\\/fr\\\/#organization\"},\"image\":{\"@id\":\"https:\\\/\\\/www.webdo.tn\\\/fr\\\/actualite\\\/national\\\/tunisie-ridha-grira-renvoye-devant-la-chambre-criminelle\\\/222264\\\/#primaryimage\"},\"thumbnailUrl\":\"https:\\\/\\\/www.webdo.tn\\\/fr\\\/wp-content\\\/uploads\\\/2025\\\/05\\\/eeb8245b44d51d71e9ce471bb43adb6c.webp\",\"keywords\":[\"cession de terrain\",\"corruption\",\"Ridha Grira\",\"Tunisie\"],\"articleSection\":[\"National\"],\"inLanguage\":\"fr-FR\"},{\"@type\":\"WebPage\",\"@id\":\"https:\\\/\\\/www.webdo.tn\\\/fr\\\/actualite\\\/national\\\/tunisie-ridha-grira-renvoye-devant-la-chambre-criminelle\\\/222264\\\/\",\"url\":\"https:\\\/\\\/www.webdo.tn\\\/fr\\\/actualite\\\/national\\\/tunisie-ridha-grira-renvoye-devant-la-chambre-criminelle\\\/222264\\\/\",\"name\":\"Tunisie : Ridha Grira renvoy\u00e9 devant la chambre criminelle\",\"isPartOf\":{\"@id\":\"https:\\\/\\\/www.webdo.tn\\\/fr\\\/#website\"},\"primaryImageOfPage\":{\"@id\":\"https:\\\/\\\/www.webdo.tn\\\/fr\\\/actualite\\\/national\\\/tunisie-ridha-grira-renvoye-devant-la-chambre-criminelle\\\/222264\\\/#primaryimage\"},\"image\":{\"@id\":\"https:\\\/\\\/www.webdo.tn\\\/fr\\\/actualite\\\/national\\\/tunisie-ridha-grira-renvoye-devant-la-chambre-criminelle\\\/222264\\\/#primaryimage\"},\"thumbnailUrl\":\"https:\\\/\\\/www.webdo.tn\\\/fr\\\/wp-content\\\/uploads\\\/2025\\\/05\\\/eeb8245b44d51d71e9ce471bb43adb6c.webp\",\"datePublished\":\"2025-05-29T11:11:00+00:00\",\"description\":\"L\u2019ancien ministre Ridha Grira sera jug\u00e9 par la chambre criminelle pour son implication pr\u00e9sum\u00e9e dans la cession ill\u00e9gale d\u2019un terrain agricole sous le r\u00e9gime Be...\",\"breadcrumb\":{\"@id\":\"https:\\\/\\\/www.webdo.tn\\\/fr\\\/actualite\\\/national\\\/tunisie-ridha-grira-renvoye-devant-la-chambre-criminelle\\\/222264\\\/#breadcrumb\"},\"inLanguage\":\"fr-FR\",\"potentialAction\":[{\"@type\":\"ReadAction\",\"target\":[\"https:\\\/\\\/www.webdo.tn\\\/fr\\\/actualite\\\/national\\\/tunisie-ridha-grira-renvoye-devant-la-chambre-criminelle\\\/222264\\\/\"]}]},{\"@type\":\"ImageObject\",\"inLanguage\":\"fr-FR\",\"@id\":\"https:\\\/\\\/www.webdo.tn\\\/fr\\\/actualite\\\/national\\\/tunisie-ridha-grira-renvoye-devant-la-chambre-criminelle\\\/222264\\\/#primaryimage\",\"url\":\"https:\\\/\\\/www.webdo.tn\\\/fr\\\/wp-content\\\/uploads\\\/2025\\\/05\\\/eeb8245b44d51d71e9ce471bb43adb6c.webp\",\"contentUrl\":\"https:\\\/\\\/www.webdo.tn\\\/fr\\\/wp-content\\\/uploads\\\/2025\\\/05\\\/eeb8245b44d51d71e9ce471bb43adb6c.webp\",\"width\":668,\"height\":356,\"caption\":\"Tunisie : Ridha Grira renvoy\u00e9 devant la chambre criminelle\"},{\"@type\":\"BreadcrumbList\",\"@id\":\"https:\\\/\\\/www.webdo.tn\\\/fr\\\/actualite\\\/national\\\/tunisie-ridha-grira-renvoye-devant-la-chambre-criminelle\\\/222264\\\/#breadcrumb\",\"itemListElement\":[{\"@type\":\"ListItem\",\"position\":1,\"name\":\"Accueil\",\"item\":\"https:\\\/\\\/www.webdo.tn\\\/fr\\\/\"},{\"@type\":\"ListItem\",\"position\":2,\"name\":\"Tunisie : Ridha Grira renvoy\u00e9 devant la chambre criminelle\"}]},{\"@type\":\"WebSite\",\"@id\":\"https:\\\/\\\/www.webdo.tn\\\/fr\\\/#website\",\"url\":\"https:\\\/\\\/www.webdo.tn\\\/fr\\\/\",\"name\":\"webdo\",\"description\":\"Tunisie - News en Tunisie et \u00e0 l&#039;international sur Webdo.tn\",\"publisher\":{\"@id\":\"https:\\\/\\\/www.webdo.tn\\\/fr\\\/#organization\"},\"potentialAction\":[{\"@type\":\"SearchAction\",\"target\":{\"@type\":\"EntryPoint\",\"urlTemplate\":\"https:\\\/\\\/www.webdo.tn\\\/fr\\\/?s={search_term_string}\"},\"query-input\":{\"@type\":\"PropertyValueSpecification\",\"valueRequired\":true,\"valueName\":\"search_term_string\"}}],\"inLanguage\":\"fr-FR\"},{\"@type\":\"Organization\",\"@id\":\"https:\\\/\\\/www.webdo.tn\\\/fr\\\/#organization\",\"name\":\"Webdo\",\"alternateName\":\"Webdo.tn\",\"url\":\"https:\\\/\\\/www.webdo.tn\\\/fr\\\/\",\"logo\":{\"@type\":\"ImageObject\",\"inLanguage\":\"fr-FR\",\"@id\":\"https:\\\/\\\/www.webdo.tn\\\/fr\\\/#\\\/schema\\\/logo\\\/image\\\/\",\"url\":\"https:\\\/\\\/www.webdo.tn\\\/fr\\\/wp-content\\\/uploads\\\/2025\\\/06\\\/Webdo-Tunisie_168377.jpg\",\"contentUrl\":\"https:\\\/\\\/www.webdo.tn\\\/fr\\\/wp-content\\\/uploads\\\/2025\\\/06\\\/Webdo-Tunisie_168377.jpg\",\"width\":301,\"height\":301,\"caption\":\"Webdo\"},\"image\":{\"@id\":\"https:\\\/\\\/www.webdo.tn\\\/fr\\\/#\\\/schema\\\/logo\\\/image\\\/\"},\"sameAs\":[\"https:\\\/\\\/www.facebook.com\\\/webdotn\",\"https:\\\/\\\/x.com\\\/webdo_tn\"],\"description\":\"Webdo est un m\u00e9dia num\u00e9rique tunisien fond\u00e9 en 2010, sp\u00e9cialis\u00e9 dans l\u2019actualit\u00e9 nationale et internationale, l\u2019\u00e9conomie, la soci\u00e9t\u00e9 et les analyses politiques. Le site s\u2019adresse \u00e0 un large public francophone et couvre l\u2019information tunisienne en temps r\u00e9el.\",\"email\":\"redac@webdo.tn\",\"legalName\":\"YNJ SARL\",\"foundingDate\":\"2010-09-06\",\"numberOfEmployees\":{\"@type\":\"QuantitativeValue\",\"minValue\":\"11\",\"maxValue\":\"50\"}},{\"@type\":\"Person\",\"@id\":\"https:\\\/\\\/www.webdo.tn\\\/fr\\\/#\\\/schema\\\/person\\\/2c4929cbf5a809e3bd38617c6ce150f6\",\"name\":\"MC\",\"image\":{\"@type\":\"ImageObject\",\"inLanguage\":\"fr-FR\",\"@id\":\"https:\\\/\\\/secure.gravatar.com\\\/avatar\\\/a545bbb6f84efdd5553dbbc2895e3ca8f1d12c5215e00a041c9670b54aa9b18a?s=96&d=mm&r=g\",\"url\":\"https:\\\/\\\/secure.gravatar.com\\\/avatar\\\/a545bbb6f84efdd5553dbbc2895e3ca8f1d12c5215e00a041c9670b54aa9b18a?s=96&d=mm&r=g\",\"contentUrl\":\"https:\\\/\\\/secure.gravatar.com\\\/avatar\\\/a545bbb6f84efdd5553dbbc2895e3ca8f1d12c5215e00a041c9670b54aa9b18a?s=96&d=mm&r=g\",\"caption\":\"MC\"},\"url\":\"https:\\\/\\\/www.webdo.tn\\\/fr\\\/actualite\\\/author\\\/mc\\\/\"}]}<\/script>\n<!-- \/ Yoast SEO Premium plugin. -->","yoast_head_json":{"title":"Tunisie : Ridha Grira renvoy\u00e9 devant la chambre criminelle","description":"L\u2019ancien ministre Ridha Grira sera jug\u00e9 par la chambre criminelle pour son implication pr\u00e9sum\u00e9e dans la cession ill\u00e9gale d\u2019un terrain agricole sous le r\u00e9gime Be...","canonical":"https:\/\/www.webdo.tn\/fr\/actualite\/national\/tunisie-ridha-grira-renvoye-devant-la-chambre-criminelle\/222264\/","og_locale":"fr_FR","og_type":"article","og_title":"Tunisie : Ridha Grira renvoy\u00e9 devant la chambre criminelle","og_description":"L\u2019ancien ministre Ridha Grira sera jug\u00e9 par la chambre criminelle pour son implication pr\u00e9sum\u00e9e dans la cession ill\u00e9gale d\u2019un terrain agricole sous le r\u00e9gime Be...","og_url":"https:\/\/www.webdo.tn\/fr\/actualite\/national\/tunisie-ridha-grira-renvoye-devant-la-chambre-criminelle\/222264\/","og_site_name":"webdo","article_publisher":"https:\/\/www.facebook.com\/webdotn","article_published_time":"2025-05-29T11:11:00+00:00","og_image":[{"width":668,"height":356,"url":"https:\/\/www.webdo.tn\/fr\/wp-content\/uploads\/2025\/05\/eeb8245b44d51d71e9ce471bb43adb6c.webp","type":"image\/webp"}],"author":"MC","twitter_card":"summary_large_image","twitter_creator":"@webdo_tn","twitter_site":"@webdo_tn","twitter_misc":{"\u00c9crit par":"MC","Dur\u00e9e de lecture estim\u00e9e":"2 minutes"},"schema":{"@context":"https:\/\/schema.org","@graph":[{"@type":"NewsArticle","@id":"https:\/\/www.webdo.tn\/fr\/actualite\/national\/tunisie-ridha-grira-renvoye-devant-la-chambre-criminelle\/222264\/#article","isPartOf":{"@id":"https:\/\/www.webdo.tn\/fr\/actualite\/national\/tunisie-ridha-grira-renvoye-devant-la-chambre-criminelle\/222264\/"},"author":{"name":"MC","@id":"https:\/\/www.webdo.tn\/fr\/#\/schema\/person\/2c4929cbf5a809e3bd38617c6ce150f6"},"headline":"Tunisie : Ridha Grira renvoy\u00e9 devant la chambre criminelle","datePublished":"2025-05-29T11:11:00+00:00","mainEntityOfPage":{"@id":"https:\/\/www.webdo.tn\/fr\/actualite\/national\/tunisie-ridha-grira-renvoye-devant-la-chambre-criminelle\/222264\/"},"wordCount":371,"commentCount":0,"publisher":{"@id":"https:\/\/www.webdo.tn\/fr\/#organization"},"image":{"@id":"https:\/\/www.webdo.tn\/fr\/actualite\/national\/tunisie-ridha-grira-renvoye-devant-la-chambre-criminelle\/222264\/#primaryimage"},"thumbnailUrl":"https:\/\/www.webdo.tn\/fr\/wp-content\/uploads\/2025\/05\/eeb8245b44d51d71e9ce471bb43adb6c.webp","keywords":["cession de terrain","corruption","Ridha Grira","Tunisie"],"articleSection":["National"],"inLanguage":"fr-FR"},{"@type":"WebPage","@id":"https:\/\/www.webdo.tn\/fr\/actualite\/national\/tunisie-ridha-grira-renvoye-devant-la-chambre-criminelle\/222264\/","url":"https:\/\/www.webdo.tn\/fr\/actualite\/national\/tunisie-ridha-grira-renvoye-devant-la-chambre-criminelle\/222264\/","name":"Tunisie : Ridha Grira renvoy\u00e9 devant la chambre criminelle","isPartOf":{"@id":"https:\/\/www.webdo.tn\/fr\/#website"},"primaryImageOfPage":{"@id":"https:\/\/www.webdo.tn\/fr\/actualite\/national\/tunisie-ridha-grira-renvoye-devant-la-chambre-criminelle\/222264\/#primaryimage"},"image":{"@id":"https:\/\/www.webdo.tn\/fr\/actualite\/national\/tunisie-ridha-grira-renvoye-devant-la-chambre-criminelle\/222264\/#primaryimage"},"thumbnailUrl":"https:\/\/www.webdo.tn\/fr\/wp-content\/uploads\/2025\/05\/eeb8245b44d51d71e9ce471bb43adb6c.webp","datePublished":"2025-05-29T11:11:00+00:00","description":"L\u2019ancien ministre Ridha Grira sera jug\u00e9 par la chambre criminelle pour son implication pr\u00e9sum\u00e9e dans la cession ill\u00e9gale d\u2019un terrain agricole sous le r\u00e9gime Be...","breadcrumb":{"@id":"https:\/\/www.webdo.tn\/fr\/actualite\/national\/tunisie-ridha-grira-renvoye-devant-la-chambre-criminelle\/222264\/#breadcrumb"},"inLanguage":"fr-FR","potentialAction":[{"@type":"ReadAction","target":["https:\/\/www.webdo.tn\/fr\/actualite\/national\/tunisie-ridha-grira-renvoye-devant-la-chambre-criminelle\/222264\/"]}]},{"@type":"ImageObject","inLanguage":"fr-FR","@id":"https:\/\/www.webdo.tn\/fr\/actualite\/national\/tunisie-ridha-grira-renvoye-devant-la-chambre-criminelle\/222264\/#primaryimage","url":"https:\/\/www.webdo.tn\/fr\/wp-content\/uploads\/2025\/05\/eeb8245b44d51d71e9ce471bb43adb6c.webp","contentUrl":"https:\/\/www.webdo.tn\/fr\/wp-content\/uploads\/2025\/05\/eeb8245b44d51d71e9ce471bb43adb6c.webp","width":668,"height":356,"caption":"Tunisie : Ridha Grira renvoy\u00e9 devant la chambre criminelle"},{"@type":"BreadcrumbList","@id":"https:\/\/www.webdo.tn\/fr\/actualite\/national\/tunisie-ridha-grira-renvoye-devant-la-chambre-criminelle\/222264\/#breadcrumb","itemListElement":[{"@type":"ListItem","position":1,"name":"Accueil","item":"https:\/\/www.webdo.tn\/fr\/"},{"@type":"ListItem","position":2,"name":"Tunisie : Ridha Grira renvoy\u00e9 devant la chambre criminelle"}]},{"@type":"WebSite","@id":"https:\/\/www.webdo.tn\/fr\/#website","url":"https:\/\/www.webdo.tn\/fr\/","name":"webdo","description":"Tunisie - News en Tunisie et \u00e0 l&#039;international sur Webdo.tn","publisher":{"@id":"https:\/\/www.webdo.tn\/fr\/#organization"},"potentialAction":[{"@type":"SearchAction","target":{"@type":"EntryPoint","urlTemplate":"https:\/\/www.webdo.tn\/fr\/?s={search_term_string}"},"query-input":{"@type":"PropertyValueSpecification","valueRequired":true,"valueName":"search_term_string"}}],"inLanguage":"fr-FR"},{"@type":"Organization","@id":"https:\/\/www.webdo.tn\/fr\/#organization","name":"Webdo","alternateName":"Webdo.tn","url":"https:\/\/www.webdo.tn\/fr\/","logo":{"@type":"ImageObject","inLanguage":"fr-FR","@id":"https:\/\/www.webdo.tn\/fr\/#\/schema\/logo\/image\/","url":"https:\/\/www.webdo.tn\/fr\/wp-content\/uploads\/2025\/06\/Webdo-Tunisie_168377.jpg","contentUrl":"https:\/\/www.webdo.tn\/fr\/wp-content\/uploads\/2025\/06\/Webdo-Tunisie_168377.jpg","width":301,"height":301,"caption":"Webdo"},"image":{"@id":"https:\/\/www.webdo.tn\/fr\/#\/schema\/logo\/image\/"},"sameAs":["https:\/\/www.facebook.com\/webdotn","https:\/\/x.com\/webdo_tn"],"description":"Webdo est un m\u00e9dia num\u00e9rique tunisien fond\u00e9 en 2010, sp\u00e9cialis\u00e9 dans l\u2019actualit\u00e9 nationale et internationale, l\u2019\u00e9conomie, la soci\u00e9t\u00e9 et les analyses politiques. Le site s\u2019adresse \u00e0 un large public francophone et couvre l\u2019information tunisienne en temps r\u00e9el.","email":"redac@webdo.tn","legalName":"YNJ SARL","foundingDate":"2010-09-06","numberOfEmployees":{"@type":"QuantitativeValue","minValue":"11","maxValue":"50"}},{"@type":"Person","@id":"https:\/\/www.webdo.tn\/fr\/#\/schema\/person\/2c4929cbf5a809e3bd38617c6ce150f6","name":"MC","image":{"@type":"ImageObject","inLanguage":"fr-FR","@id":"https:\/\/secure.gravatar.com\/avatar\/a545bbb6f84efdd5553dbbc2895e3ca8f1d12c5215e00a041c9670b54aa9b18a?s=96&d=mm&r=g","url":"https:\/\/secure.gravatar.com\/avatar\/a545bbb6f84efdd5553dbbc2895e3ca8f1d12c5215e00a041c9670b54aa9b18a?s=96&d=mm&r=g","contentUrl":"https:\/\/secure.gravatar.com\/avatar\/a545bbb6f84efdd5553dbbc2895e3ca8f1d12c5215e00a041c9670b54aa9b18a?s=96&d=mm&r=g","caption":"MC"},"url":"https:\/\/www.webdo.tn\/fr\/actualite\/author\/mc\/"}]}},"_links":{"self":[{"href":"https:\/\/www.webdo.tn\/fr\/wp-json\/wp\/v2\/posts\/222264","targetHints":{"allow":["GET"]}}],"collection":[{"href":"https:\/\/www.webdo.tn\/fr\/wp-json\/wp\/v2\/posts"}],"about":[{"href":"https:\/\/www.webdo.tn\/fr\/wp-json\/wp\/v2\/types\/post"}],"author":[{"embeddable":true,"href":"https:\/\/www.webdo.tn\/fr\/wp-json\/wp\/v2\/users\/3162"}],"replies":[{"embeddable":true,"href":"https:\/\/www.webdo.tn\/fr\/wp-json\/wp\/v2\/comments?post=222264"}],"version-history":[{"count":0,"href":"https:\/\/www.webdo.tn\/fr\/wp-json\/wp\/v2\/posts\/222264\/revisions"}],"wp:featuredmedia":[{"embeddable":true,"href":"https:\/\/www.webdo.tn\/fr\/wp-json\/wp\/v2\/media\/366197"}],"wp:attachment":[{"href":"https:\/\/www.webdo.tn\/fr\/wp-json\/wp\/v2\/media?parent=222264"}],"wp:term":[{"taxonomy":"category","embeddable":true,"href":"https:\/\/www.webdo.tn\/fr\/wp-json\/wp\/v2\/categories?post=222264"},{"taxonomy":"post_tag","embeddable":true,"href":"https:\/\/www.webdo.tn\/fr\/wp-json\/wp\/v2\/tags?post=222264"}],"curies":[{"name":"wp","href":"https:\/\/api.w.org\/{rel}","templated":true}]}}