{"id":222262,"date":"2025-05-29T10:10:00","date_gmt":"2025-05-29T10:10:00","guid":{"rendered":"https:\/\/www.webdo.tn\/fr\/actualite\/blog\/tunisie-l-etat-reprend-le-controle-de-la-centrale-laitiere-de-sidi-bou-ali-pour-relancer-la-production\/222262\/"},"modified":"2025-05-29T10:10:00","modified_gmt":"2025-05-29T10:10:00","slug":"tunisie-l-etat-reprend-le-controle-de-la-centrale-laitiere-de-sidi-bou-ali-pour-relancer-la-production","status":"publish","type":"post","link":"https:\/\/www.webdo.tn\/fr\/actualite\/national\/tunisie-l-etat-reprend-le-controle-de-la-centrale-laitiere-de-sidi-bou-ali-pour-relancer-la-production\/222262\/","title":{"rendered":"Tunisie : L\u2019\u00c9tat reprend le contr\u00f4le de la centrale laiti\u00e8re de Sidi Bou Ali pour relancer la production"},"content":{"rendered":"<p>Apr\u00e8s plusieurs ann\u00e9es d\u2019inactivit\u00e9, la centrale laiti\u00e8re de Sidi Bou Ali, ferm\u00e9e depuis 2018, s\u2019appr\u00eate \u00e0 reprendre du service. L\u2019annonce a \u00e9t\u00e9 faite mercredi 28 mai par l\u2019administrateur judiciaire de l\u2019entreprise, Sadok Arif, qui a confirm\u00e9 que la soci\u00e9t\u00e9 \u00ab Elbene Industrie \u00bb est d\u00e9sormais plac\u00e9e sous la tutelle de la Caisse des D\u00e9p\u00f4ts et Consignations (CDC), bras financier de l\u2019\u00c9tat.<\/p>\n<p> La CDC a officiellement d\u00e9pos\u00e9 une offre d\u2019acquisition aupr\u00e8s du tribunal de premi\u00e8re instance de Sousse, accompagn\u00e9e d\u2019un plan de redressement structur\u00e9 visant \u00e0 relancer durablement le site industriel. Cette initiative s\u2019inscrit dans une d\u00e9marche \u00e9tatique coordonn\u00e9e, impliquant sept minist\u00e8res et b\u00e9n\u00e9ficiant d\u2019un appui direct de la pr\u00e9sidence de la R\u00e9publique et de la cheffe du gouvernement.<\/p>\n<p>La relance de cette unit\u00e9 strat\u00e9gique, autrefois fleuron de la production laiti\u00e8re nationale, s\u2019inscrit dans une logique de souverainet\u00e9 alimentaire. L\u2019usine, qui avait \u00e9t\u00e9 privatis\u00e9e en 2005 apr\u00e8s avoir appartenu \u00e0 l\u2019\u00c9tat depuis 1978, avait cess\u00e9 ses activit\u00e9s en raison de difficult\u00e9s financi\u00e8res majeures et de soup\u00e7ons de corruption.<\/p>\n<p>\u00c0 son apog\u00e9e, la centrale traitait jusqu&rsquo;\u00e0 500 000 litres de lait par jour, contribuant de mani\u00e8re significative \u00e0 l\u2019approvisionnement du march\u00e9 national. Sa fermeture avait entra\u00een\u00e9 le licenciement d\u2019environ 200 salari\u00e9s, tandis que 154 autres sont rest\u00e9s sans revenus tout en demeurant administrativement rattach\u00e9s \u00e0 l\u2019entreprise.<\/p>\n<p>Le red\u00e9marrage effectif de l\u2019usine reste cependant suspendu \u00e0 l\u2019approbation judiciaire de l\u2019offre d\u00e9pos\u00e9e par la CDC, mais les signaux sont d\u00e9sormais clairement au r\u00e9tablissement progressif de l\u2019activit\u00e9.<\/p>\n","protected":false},"excerpt":{"rendered":"<p>Ferm\u00e9e depuis 2018, la centrale laiti\u00e8re de Sidi Bou Ali en Tunisie passera sous le contr\u00f4le de l\u2019\u00c9tat via la CDC. Un plan de redressement est en cours pour rel&#8230;<\/p>\n","protected":false},"author":3162,"featured_media":366196,"comment_status":"open","ping_status":"closed","sticky":false,"template":"","format":"standard","meta":{"footnotes":""},"categories":[44],"tags":[11762,5618,2976,11599,2608],"class_list":["post-222262","post","type-post","status-publish","format-standard","has-post-thumbnail","hentry","category-national","tag-centrale-laitiere","tag-lait","tag-production","tag-sidi-bou-ali","tag-tunisie"],"yoast_head":"<!-- This site is optimized with the Yoast SEO Premium plugin v27.4 (Yoast SEO v27.5) - https:\/\/yoast.com\/product\/yoast-seo-premium-wordpress\/ -->\n<title>Tunisie : L\u2019\u00c9tat reprend le contr\u00f4le de la centrale laiti\u00e8re de Sidi Bou Ali pour relancer la production<\/title>\n<meta name=\"description\" content=\"Ferm\u00e9e depuis 2018, la centrale laiti\u00e8re de Sidi Bou Ali en Tunisie passera sous le contr\u00f4le de l\u2019\u00c9tat via la CDC. Un plan de redressement est en cours pour rel...\" \/>\n<link rel=\"canonical\" href=\"https:\/\/www.webdo.tn\/fr\/actualite\/national\/tunisie-l-etat-reprend-le-controle-de-la-centrale-laitiere-de-sidi-bou-ali-pour-relancer-la-production\/222262\/\" \/>\n<meta property=\"og:locale\" content=\"fr_FR\" \/>\n<meta property=\"og:type\" content=\"article\" \/>\n<meta property=\"og:title\" content=\"Tunisie : L\u2019\u00c9tat reprend le contr\u00f4le de la centrale laiti\u00e8re de Sidi Bou Ali pour relancer la production\" \/>\n<meta property=\"og:description\" content=\"Ferm\u00e9e depuis 2018, la centrale laiti\u00e8re de Sidi Bou Ali en Tunisie passera sous le contr\u00f4le de l\u2019\u00c9tat via la CDC. Un plan de redressement est en cours pour rel...\" \/>\n<meta property=\"og:url\" content=\"https:\/\/www.webdo.tn\/fr\/actualite\/national\/tunisie-l-etat-reprend-le-controle-de-la-centrale-laitiere-de-sidi-bou-ali-pour-relancer-la-production\/222262\/\" \/>\n<meta property=\"og:site_name\" content=\"webdo\" \/>\n<meta property=\"article:publisher\" content=\"https:\/\/www.facebook.com\/webdotn\" \/>\n<meta property=\"article:published_time\" content=\"2025-05-29T10:10:00+00:00\" \/>\n<meta property=\"og:image\" content=\"https:\/\/www.webdo.tn\/fr\/wp-content\/uploads\/2025\/05\/0a1d3eeb57ea165452a694058793f9d9.webp\" \/>\n\t<meta property=\"og:image:width\" content=\"750\" \/>\n\t<meta property=\"og:image:height\" content=\"400\" \/>\n\t<meta property=\"og:image:type\" content=\"image\/webp\" \/>\n<meta name=\"author\" content=\"MC\" \/>\n<meta name=\"twitter:card\" content=\"summary_large_image\" \/>\n<meta name=\"twitter:creator\" content=\"@webdo_tn\" \/>\n<meta name=\"twitter:site\" content=\"@webdo_tn\" \/>\n<meta name=\"twitter:label1\" content=\"\u00c9crit par\" \/>\n\t<meta name=\"twitter:data1\" content=\"MC\" \/>\n\t<meta name=\"twitter:label2\" content=\"Dur\u00e9e de lecture estim\u00e9e\" \/>\n\t<meta name=\"twitter:data2\" content=\"1 minute\" \/>\n<script type=\"application\/ld+json\" class=\"yoast-schema-graph\">{\"@context\":\"https:\\\/\\\/schema.org\",\"@graph\":[{\"@type\":\"NewsArticle\",\"@id\":\"https:\\\/\\\/www.webdo.tn\\\/fr\\\/actualite\\\/national\\\/tunisie-l-etat-reprend-le-controle-de-la-centrale-laitiere-de-sidi-bou-ali-pour-relancer-la-production\\\/222262\\\/#article\",\"isPartOf\":{\"@id\":\"https:\\\/\\\/www.webdo.tn\\\/fr\\\/actualite\\\/national\\\/tunisie-l-etat-reprend-le-controle-de-la-centrale-laitiere-de-sidi-bou-ali-pour-relancer-la-production\\\/222262\\\/\"},\"author\":{\"name\":\"MC\",\"@id\":\"https:\\\/\\\/www.webdo.tn\\\/fr\\\/#\\\/schema\\\/person\\\/2c4929cbf5a809e3bd38617c6ce150f6\"},\"headline\":\"Tunisie : L\u2019\u00c9tat reprend le contr\u00f4le de la centrale laiti\u00e8re de Sidi Bou Ali pour relancer la production\",\"datePublished\":\"2025-05-29T10:10:00+00:00\",\"mainEntityOfPage\":{\"@id\":\"https:\\\/\\\/www.webdo.tn\\\/fr\\\/actualite\\\/national\\\/tunisie-l-etat-reprend-le-controle-de-la-centrale-laitiere-de-sidi-bou-ali-pour-relancer-la-production\\\/222262\\\/\"},\"wordCount\":305,\"commentCount\":0,\"publisher\":{\"@id\":\"https:\\\/\\\/www.webdo.tn\\\/fr\\\/#organization\"},\"image\":{\"@id\":\"https:\\\/\\\/www.webdo.tn\\\/fr\\\/actualite\\\/national\\\/tunisie-l-etat-reprend-le-controle-de-la-centrale-laitiere-de-sidi-bou-ali-pour-relancer-la-production\\\/222262\\\/#primaryimage\"},\"thumbnailUrl\":\"https:\\\/\\\/www.webdo.tn\\\/fr\\\/wp-content\\\/uploads\\\/2025\\\/05\\\/0a1d3eeb57ea165452a694058793f9d9.webp\",\"keywords\":[\"centrale laiti\u00e8re\",\"Lait\",\"production\",\"Sidi Bou Ali\",\"Tunisie\"],\"articleSection\":[\"National\"],\"inLanguage\":\"fr-FR\"},{\"@type\":\"WebPage\",\"@id\":\"https:\\\/\\\/www.webdo.tn\\\/fr\\\/actualite\\\/national\\\/tunisie-l-etat-reprend-le-controle-de-la-centrale-laitiere-de-sidi-bou-ali-pour-relancer-la-production\\\/222262\\\/\",\"url\":\"https:\\\/\\\/www.webdo.tn\\\/fr\\\/actualite\\\/national\\\/tunisie-l-etat-reprend-le-controle-de-la-centrale-laitiere-de-sidi-bou-ali-pour-relancer-la-production\\\/222262\\\/\",\"name\":\"Tunisie : L\u2019\u00c9tat reprend le contr\u00f4le de la centrale laiti\u00e8re de Sidi Bou Ali pour relancer la production\",\"isPartOf\":{\"@id\":\"https:\\\/\\\/www.webdo.tn\\\/fr\\\/#website\"},\"primaryImageOfPage\":{\"@id\":\"https:\\\/\\\/www.webdo.tn\\\/fr\\\/actualite\\\/national\\\/tunisie-l-etat-reprend-le-controle-de-la-centrale-laitiere-de-sidi-bou-ali-pour-relancer-la-production\\\/222262\\\/#primaryimage\"},\"image\":{\"@id\":\"https:\\\/\\\/www.webdo.tn\\\/fr\\\/actualite\\\/national\\\/tunisie-l-etat-reprend-le-controle-de-la-centrale-laitiere-de-sidi-bou-ali-pour-relancer-la-production\\\/222262\\\/#primaryimage\"},\"thumbnailUrl\":\"https:\\\/\\\/www.webdo.tn\\\/fr\\\/wp-content\\\/uploads\\\/2025\\\/05\\\/0a1d3eeb57ea165452a694058793f9d9.webp\",\"datePublished\":\"2025-05-29T10:10:00+00:00\",\"description\":\"Ferm\u00e9e depuis 2018, la centrale laiti\u00e8re de Sidi Bou Ali en Tunisie passera sous le contr\u00f4le de l\u2019\u00c9tat via la CDC. Un plan de redressement est en cours pour rel...\",\"breadcrumb\":{\"@id\":\"https:\\\/\\\/www.webdo.tn\\\/fr\\\/actualite\\\/national\\\/tunisie-l-etat-reprend-le-controle-de-la-centrale-laitiere-de-sidi-bou-ali-pour-relancer-la-production\\\/222262\\\/#breadcrumb\"},\"inLanguage\":\"fr-FR\",\"potentialAction\":[{\"@type\":\"ReadAction\",\"target\":[\"https:\\\/\\\/www.webdo.tn\\\/fr\\\/actualite\\\/national\\\/tunisie-l-etat-reprend-le-controle-de-la-centrale-laitiere-de-sidi-bou-ali-pour-relancer-la-production\\\/222262\\\/\"]}]},{\"@type\":\"ImageObject\",\"inLanguage\":\"fr-FR\",\"@id\":\"https:\\\/\\\/www.webdo.tn\\\/fr\\\/actualite\\\/national\\\/tunisie-l-etat-reprend-le-controle-de-la-centrale-laitiere-de-sidi-bou-ali-pour-relancer-la-production\\\/222262\\\/#primaryimage\",\"url\":\"https:\\\/\\\/www.webdo.tn\\\/fr\\\/wp-content\\\/uploads\\\/2025\\\/05\\\/0a1d3eeb57ea165452a694058793f9d9.webp\",\"contentUrl\":\"https:\\\/\\\/www.webdo.tn\\\/fr\\\/wp-content\\\/uploads\\\/2025\\\/05\\\/0a1d3eeb57ea165452a694058793f9d9.webp\",\"width\":750,\"height\":400,\"caption\":\"Tunisie : L\u2019\u00c9tat reprend le contr\u00f4le de la centrale laiti\u00e8re de Sidi Bou Ali pour relancer la production\"},{\"@type\":\"BreadcrumbList\",\"@id\":\"https:\\\/\\\/www.webdo.tn\\\/fr\\\/actualite\\\/national\\\/tunisie-l-etat-reprend-le-controle-de-la-centrale-laitiere-de-sidi-bou-ali-pour-relancer-la-production\\\/222262\\\/#breadcrumb\",\"itemListElement\":[{\"@type\":\"ListItem\",\"position\":1,\"name\":\"Accueil\",\"item\":\"https:\\\/\\\/www.webdo.tn\\\/fr\\\/\"},{\"@type\":\"ListItem\",\"position\":2,\"name\":\"Tunisie : L\u2019\u00c9tat reprend le contr\u00f4le de la centrale laiti\u00e8re de Sidi Bou Ali pour relancer la production\"}]},{\"@type\":\"WebSite\",\"@id\":\"https:\\\/\\\/www.webdo.tn\\\/fr\\\/#website\",\"url\":\"https:\\\/\\\/www.webdo.tn\\\/fr\\\/\",\"name\":\"webdo\",\"description\":\"Tunisie - News en Tunisie et \u00e0 l&#039;international sur Webdo.tn\",\"publisher\":{\"@id\":\"https:\\\/\\\/www.webdo.tn\\\/fr\\\/#organization\"},\"potentialAction\":[{\"@type\":\"SearchAction\",\"target\":{\"@type\":\"EntryPoint\",\"urlTemplate\":\"https:\\\/\\\/www.webdo.tn\\\/fr\\\/?s={search_term_string}\"},\"query-input\":{\"@type\":\"PropertyValueSpecification\",\"valueRequired\":true,\"valueName\":\"search_term_string\"}}],\"inLanguage\":\"fr-FR\"},{\"@type\":\"Organization\",\"@id\":\"https:\\\/\\\/www.webdo.tn\\\/fr\\\/#organization\",\"name\":\"Webdo\",\"alternateName\":\"Webdo.tn\",\"url\":\"https:\\\/\\\/www.webdo.tn\\\/fr\\\/\",\"logo\":{\"@type\":\"ImageObject\",\"inLanguage\":\"fr-FR\",\"@id\":\"https:\\\/\\\/www.webdo.tn\\\/fr\\\/#\\\/schema\\\/logo\\\/image\\\/\",\"url\":\"https:\\\/\\\/www.webdo.tn\\\/fr\\\/wp-content\\\/uploads\\\/2025\\\/06\\\/Webdo-Tunisie_168377.jpg\",\"contentUrl\":\"https:\\\/\\\/www.webdo.tn\\\/fr\\\/wp-content\\\/uploads\\\/2025\\\/06\\\/Webdo-Tunisie_168377.jpg\",\"width\":301,\"height\":301,\"caption\":\"Webdo\"},\"image\":{\"@id\":\"https:\\\/\\\/www.webdo.tn\\\/fr\\\/#\\\/schema\\\/logo\\\/image\\\/\"},\"sameAs\":[\"https:\\\/\\\/www.facebook.com\\\/webdotn\",\"https:\\\/\\\/x.com\\\/webdo_tn\"],\"description\":\"Webdo est un m\u00e9dia num\u00e9rique tunisien fond\u00e9 en 2010, sp\u00e9cialis\u00e9 dans l\u2019actualit\u00e9 nationale et internationale, l\u2019\u00e9conomie, la soci\u00e9t\u00e9 et les analyses politiques. Le site s\u2019adresse \u00e0 un large public francophone et couvre l\u2019information tunisienne en temps r\u00e9el.\",\"email\":\"redac@webdo.tn\",\"legalName\":\"YNJ SARL\",\"foundingDate\":\"2010-09-06\",\"numberOfEmployees\":{\"@type\":\"QuantitativeValue\",\"minValue\":\"11\",\"maxValue\":\"50\"}},{\"@type\":\"Person\",\"@id\":\"https:\\\/\\\/www.webdo.tn\\\/fr\\\/#\\\/schema\\\/person\\\/2c4929cbf5a809e3bd38617c6ce150f6\",\"name\":\"MC\",\"image\":{\"@type\":\"ImageObject\",\"inLanguage\":\"fr-FR\",\"@id\":\"https:\\\/\\\/secure.gravatar.com\\\/avatar\\\/a545bbb6f84efdd5553dbbc2895e3ca8f1d12c5215e00a041c9670b54aa9b18a?s=96&d=mm&r=g\",\"url\":\"https:\\\/\\\/secure.gravatar.com\\\/avatar\\\/a545bbb6f84efdd5553dbbc2895e3ca8f1d12c5215e00a041c9670b54aa9b18a?s=96&d=mm&r=g\",\"contentUrl\":\"https:\\\/\\\/secure.gravatar.com\\\/avatar\\\/a545bbb6f84efdd5553dbbc2895e3ca8f1d12c5215e00a041c9670b54aa9b18a?s=96&d=mm&r=g\",\"caption\":\"MC\"},\"url\":\"https:\\\/\\\/www.webdo.tn\\\/fr\\\/actualite\\\/author\\\/mc\\\/\"}]}<\/script>\n<!-- \/ Yoast SEO Premium plugin. -->","yoast_head_json":{"title":"Tunisie : L\u2019\u00c9tat reprend le contr\u00f4le de la centrale laiti\u00e8re de Sidi Bou Ali pour relancer la production","description":"Ferm\u00e9e depuis 2018, la centrale laiti\u00e8re de Sidi Bou Ali en Tunisie passera sous le contr\u00f4le de l\u2019\u00c9tat via la CDC. Un plan de redressement est en cours pour rel...","canonical":"https:\/\/www.webdo.tn\/fr\/actualite\/national\/tunisie-l-etat-reprend-le-controle-de-la-centrale-laitiere-de-sidi-bou-ali-pour-relancer-la-production\/222262\/","og_locale":"fr_FR","og_type":"article","og_title":"Tunisie : L\u2019\u00c9tat reprend le contr\u00f4le de la centrale laiti\u00e8re de Sidi Bou Ali pour relancer la production","og_description":"Ferm\u00e9e depuis 2018, la centrale laiti\u00e8re de Sidi Bou Ali en Tunisie passera sous le contr\u00f4le de l\u2019\u00c9tat via la CDC. Un plan de redressement est en cours pour rel...","og_url":"https:\/\/www.webdo.tn\/fr\/actualite\/national\/tunisie-l-etat-reprend-le-controle-de-la-centrale-laitiere-de-sidi-bou-ali-pour-relancer-la-production\/222262\/","og_site_name":"webdo","article_publisher":"https:\/\/www.facebook.com\/webdotn","article_published_time":"2025-05-29T10:10:00+00:00","og_image":[{"width":750,"height":400,"url":"https:\/\/www.webdo.tn\/fr\/wp-content\/uploads\/2025\/05\/0a1d3eeb57ea165452a694058793f9d9.webp","type":"image\/webp"}],"author":"MC","twitter_card":"summary_large_image","twitter_creator":"@webdo_tn","twitter_site":"@webdo_tn","twitter_misc":{"\u00c9crit par":"MC","Dur\u00e9e de lecture estim\u00e9e":"1 minute"},"schema":{"@context":"https:\/\/schema.org","@graph":[{"@type":"NewsArticle","@id":"https:\/\/www.webdo.tn\/fr\/actualite\/national\/tunisie-l-etat-reprend-le-controle-de-la-centrale-laitiere-de-sidi-bou-ali-pour-relancer-la-production\/222262\/#article","isPartOf":{"@id":"https:\/\/www.webdo.tn\/fr\/actualite\/national\/tunisie-l-etat-reprend-le-controle-de-la-centrale-laitiere-de-sidi-bou-ali-pour-relancer-la-production\/222262\/"},"author":{"name":"MC","@id":"https:\/\/www.webdo.tn\/fr\/#\/schema\/person\/2c4929cbf5a809e3bd38617c6ce150f6"},"headline":"Tunisie : L\u2019\u00c9tat reprend le contr\u00f4le de la centrale laiti\u00e8re de Sidi Bou Ali pour relancer la production","datePublished":"2025-05-29T10:10:00+00:00","mainEntityOfPage":{"@id":"https:\/\/www.webdo.tn\/fr\/actualite\/national\/tunisie-l-etat-reprend-le-controle-de-la-centrale-laitiere-de-sidi-bou-ali-pour-relancer-la-production\/222262\/"},"wordCount":305,"commentCount":0,"publisher":{"@id":"https:\/\/www.webdo.tn\/fr\/#organization"},"image":{"@id":"https:\/\/www.webdo.tn\/fr\/actualite\/national\/tunisie-l-etat-reprend-le-controle-de-la-centrale-laitiere-de-sidi-bou-ali-pour-relancer-la-production\/222262\/#primaryimage"},"thumbnailUrl":"https:\/\/www.webdo.tn\/fr\/wp-content\/uploads\/2025\/05\/0a1d3eeb57ea165452a694058793f9d9.webp","keywords":["centrale laiti\u00e8re","Lait","production","Sidi Bou Ali","Tunisie"],"articleSection":["National"],"inLanguage":"fr-FR"},{"@type":"WebPage","@id":"https:\/\/www.webdo.tn\/fr\/actualite\/national\/tunisie-l-etat-reprend-le-controle-de-la-centrale-laitiere-de-sidi-bou-ali-pour-relancer-la-production\/222262\/","url":"https:\/\/www.webdo.tn\/fr\/actualite\/national\/tunisie-l-etat-reprend-le-controle-de-la-centrale-laitiere-de-sidi-bou-ali-pour-relancer-la-production\/222262\/","name":"Tunisie : L\u2019\u00c9tat reprend le contr\u00f4le de la centrale laiti\u00e8re de Sidi Bou Ali pour relancer la production","isPartOf":{"@id":"https:\/\/www.webdo.tn\/fr\/#website"},"primaryImageOfPage":{"@id":"https:\/\/www.webdo.tn\/fr\/actualite\/national\/tunisie-l-etat-reprend-le-controle-de-la-centrale-laitiere-de-sidi-bou-ali-pour-relancer-la-production\/222262\/#primaryimage"},"image":{"@id":"https:\/\/www.webdo.tn\/fr\/actualite\/national\/tunisie-l-etat-reprend-le-controle-de-la-centrale-laitiere-de-sidi-bou-ali-pour-relancer-la-production\/222262\/#primaryimage"},"thumbnailUrl":"https:\/\/www.webdo.tn\/fr\/wp-content\/uploads\/2025\/05\/0a1d3eeb57ea165452a694058793f9d9.webp","datePublished":"2025-05-29T10:10:00+00:00","description":"Ferm\u00e9e depuis 2018, la centrale laiti\u00e8re de Sidi Bou Ali en Tunisie passera sous le contr\u00f4le de l\u2019\u00c9tat via la CDC. Un plan de redressement est en cours pour rel...","breadcrumb":{"@id":"https:\/\/www.webdo.tn\/fr\/actualite\/national\/tunisie-l-etat-reprend-le-controle-de-la-centrale-laitiere-de-sidi-bou-ali-pour-relancer-la-production\/222262\/#breadcrumb"},"inLanguage":"fr-FR","potentialAction":[{"@type":"ReadAction","target":["https:\/\/www.webdo.tn\/fr\/actualite\/national\/tunisie-l-etat-reprend-le-controle-de-la-centrale-laitiere-de-sidi-bou-ali-pour-relancer-la-production\/222262\/"]}]},{"@type":"ImageObject","inLanguage":"fr-FR","@id":"https:\/\/www.webdo.tn\/fr\/actualite\/national\/tunisie-l-etat-reprend-le-controle-de-la-centrale-laitiere-de-sidi-bou-ali-pour-relancer-la-production\/222262\/#primaryimage","url":"https:\/\/www.webdo.tn\/fr\/wp-content\/uploads\/2025\/05\/0a1d3eeb57ea165452a694058793f9d9.webp","contentUrl":"https:\/\/www.webdo.tn\/fr\/wp-content\/uploads\/2025\/05\/0a1d3eeb57ea165452a694058793f9d9.webp","width":750,"height":400,"caption":"Tunisie : L\u2019\u00c9tat reprend le contr\u00f4le de la centrale laiti\u00e8re de Sidi Bou Ali pour relancer la production"},{"@type":"BreadcrumbList","@id":"https:\/\/www.webdo.tn\/fr\/actualite\/national\/tunisie-l-etat-reprend-le-controle-de-la-centrale-laitiere-de-sidi-bou-ali-pour-relancer-la-production\/222262\/#breadcrumb","itemListElement":[{"@type":"ListItem","position":1,"name":"Accueil","item":"https:\/\/www.webdo.tn\/fr\/"},{"@type":"ListItem","position":2,"name":"Tunisie : L\u2019\u00c9tat reprend le contr\u00f4le de la centrale laiti\u00e8re de Sidi Bou Ali pour relancer la production"}]},{"@type":"WebSite","@id":"https:\/\/www.webdo.tn\/fr\/#website","url":"https:\/\/www.webdo.tn\/fr\/","name":"webdo","description":"Tunisie - News en Tunisie et \u00e0 l&#039;international sur Webdo.tn","publisher":{"@id":"https:\/\/www.webdo.tn\/fr\/#organization"},"potentialAction":[{"@type":"SearchAction","target":{"@type":"EntryPoint","urlTemplate":"https:\/\/www.webdo.tn\/fr\/?s={search_term_string}"},"query-input":{"@type":"PropertyValueSpecification","valueRequired":true,"valueName":"search_term_string"}}],"inLanguage":"fr-FR"},{"@type":"Organization","@id":"https:\/\/www.webdo.tn\/fr\/#organization","name":"Webdo","alternateName":"Webdo.tn","url":"https:\/\/www.webdo.tn\/fr\/","logo":{"@type":"ImageObject","inLanguage":"fr-FR","@id":"https:\/\/www.webdo.tn\/fr\/#\/schema\/logo\/image\/","url":"https:\/\/www.webdo.tn\/fr\/wp-content\/uploads\/2025\/06\/Webdo-Tunisie_168377.jpg","contentUrl":"https:\/\/www.webdo.tn\/fr\/wp-content\/uploads\/2025\/06\/Webdo-Tunisie_168377.jpg","width":301,"height":301,"caption":"Webdo"},"image":{"@id":"https:\/\/www.webdo.tn\/fr\/#\/schema\/logo\/image\/"},"sameAs":["https:\/\/www.facebook.com\/webdotn","https:\/\/x.com\/webdo_tn"],"description":"Webdo est un m\u00e9dia num\u00e9rique tunisien fond\u00e9 en 2010, sp\u00e9cialis\u00e9 dans l\u2019actualit\u00e9 nationale et internationale, l\u2019\u00e9conomie, la soci\u00e9t\u00e9 et les analyses politiques. Le site s\u2019adresse \u00e0 un large public francophone et couvre l\u2019information tunisienne en temps r\u00e9el.","email":"redac@webdo.tn","legalName":"YNJ SARL","foundingDate":"2010-09-06","numberOfEmployees":{"@type":"QuantitativeValue","minValue":"11","maxValue":"50"}},{"@type":"Person","@id":"https:\/\/www.webdo.tn\/fr\/#\/schema\/person\/2c4929cbf5a809e3bd38617c6ce150f6","name":"MC","image":{"@type":"ImageObject","inLanguage":"fr-FR","@id":"https:\/\/secure.gravatar.com\/avatar\/a545bbb6f84efdd5553dbbc2895e3ca8f1d12c5215e00a041c9670b54aa9b18a?s=96&d=mm&r=g","url":"https:\/\/secure.gravatar.com\/avatar\/a545bbb6f84efdd5553dbbc2895e3ca8f1d12c5215e00a041c9670b54aa9b18a?s=96&d=mm&r=g","contentUrl":"https:\/\/secure.gravatar.com\/avatar\/a545bbb6f84efdd5553dbbc2895e3ca8f1d12c5215e00a041c9670b54aa9b18a?s=96&d=mm&r=g","caption":"MC"},"url":"https:\/\/www.webdo.tn\/fr\/actualite\/author\/mc\/"}]}},"_links":{"self":[{"href":"https:\/\/www.webdo.tn\/fr\/wp-json\/wp\/v2\/posts\/222262","targetHints":{"allow":["GET"]}}],"collection":[{"href":"https:\/\/www.webdo.tn\/fr\/wp-json\/wp\/v2\/posts"}],"about":[{"href":"https:\/\/www.webdo.tn\/fr\/wp-json\/wp\/v2\/types\/post"}],"author":[{"embeddable":true,"href":"https:\/\/www.webdo.tn\/fr\/wp-json\/wp\/v2\/users\/3162"}],"replies":[{"embeddable":true,"href":"https:\/\/www.webdo.tn\/fr\/wp-json\/wp\/v2\/comments?post=222262"}],"version-history":[{"count":0,"href":"https:\/\/www.webdo.tn\/fr\/wp-json\/wp\/v2\/posts\/222262\/revisions"}],"wp:featuredmedia":[{"embeddable":true,"href":"https:\/\/www.webdo.tn\/fr\/wp-json\/wp\/v2\/media\/366196"}],"wp:attachment":[{"href":"https:\/\/www.webdo.tn\/fr\/wp-json\/wp\/v2\/media?parent=222262"}],"wp:term":[{"taxonomy":"category","embeddable":true,"href":"https:\/\/www.webdo.tn\/fr\/wp-json\/wp\/v2\/categories?post=222262"},{"taxonomy":"post_tag","embeddable":true,"href":"https:\/\/www.webdo.tn\/fr\/wp-json\/wp\/v2\/tags?post=222262"}],"curies":[{"name":"wp","href":"https:\/\/api.w.org\/{rel}","templated":true}]}}