{"id":222253,"date":"2025-05-28T19:46:00","date_gmt":"2025-05-28T19:46:00","guid":{"rendered":"https:\/\/www.webdo.tn\/fr\/actualite\/blog\/sousse-tentative-d-evasion-a-la-verticale-depuis-le-bureau-du-juge\/222253\/"},"modified":"2025-05-28T19:46:00","modified_gmt":"2025-05-28T19:46:00","slug":"sousse-tentative-d-evasion-a-la-verticale-depuis-le-bureau-du-juge","status":"publish","type":"post","link":"https:\/\/www.webdo.tn\/fr\/actualite\/divers\/sousse-tentative-d-evasion-a-la-verticale-depuis-le-bureau-du-juge\/222253\/","title":{"rendered":"Sousse : tentative d\u2019\u00e9vasion \u00e0 la verticale, depuis le bureau du juge"},"content":{"rendered":"<p>La sc\u00e8ne s\u2019est jou\u00e9e en plein jour, \u00e0 Sousse, dans l\u2019antre feutr\u00e9 d\u2019une justice engorg\u00e9e : un homme, menott\u00e9 par ses dossiers plus que par ses poignets, a choisi de se jeter dans le vide. Par la fen\u00eatre du juge d\u2019instruction, rien que \u00e7a. Deuxi\u00e8me \u00e9tage, altitude modeste mais symbole fort.<\/p>\n<p>Selon Mosa\u00efque FM, ce geste spectaculaire s\u2019est produit ce mercredi 28 mai, dans les locaux du tribunal de premi\u00e8re instance. Le d\u00e9tenu, qu\u2019on dit impliqu\u00e9 dans une n\u00e9buleuse affaire de concorde malhonn\u00eate \u2013 comprendre : un \u00ab\u00a0r\u00e9seau\u00a0\u00bb de plus \u2013, n\u2019a pas attendu le verdict pour prononcer le sien. Franchir le verre, d\u00e9fier le b\u00e9ton, fuir l\u2019\u00c9tat\u2026 ou soi-m\u00eame.<\/p>\n<p>La tentative d\u2019\u00e9vasion n\u2019aura dur\u00e9 que la chute. Secouru, ramass\u00e9, soign\u00e9, il g\u00eet d\u00e9sormais \u00e0 l&rsquo;h\u00f4pital\u00a0Sahloul, dans un \u00e9tat qu\u2019on dit \u00ab\u00a0stable\u00a0\u00bb, contrairement \u00e0 son avenir.<\/p>\n<p>Quand les couloirs de la justice deviennent le th\u00e9\u00e2tre d\u2019actes extr\u00eames, il y a souvent plus qu\u2019un dossier derri\u00e8re.<\/p>\n<p>Reste \u00e0 savoir si ce saut \u00e9tait une fuite&#8230; ou un appel \u00e0 l\u2019aide.<\/p>\n","protected":false},"excerpt":{"rendered":"<p>Un d\u00e9tenu a tent\u00e9 de s&rsquo;\u00e9vader du tribunal de Sousse en sautant par la fen\u00eatre du 2e \u00e9tage. Il a \u00e9t\u00e9 hospitalis\u00e9 dans un \u00e9tat stable.<\/p>\n","protected":false},"author":3203,"featured_media":366014,"comment_status":"open","ping_status":"closed","sticky":false,"template":"","format":"standard","meta":{"footnotes":""},"categories":[2839],"tags":[6091,2619,2699,2608],"class_list":["post-222253","post","type-post","status-publish","format-standard","has-post-thumbnail","hentry","category-divers","tag-evasion","tag-justice","tag-sousse","tag-tunisie"],"yoast_head":"<!-- This site is optimized with the Yoast SEO Premium plugin v27.5 (Yoast SEO v27.5) - https:\/\/yoast.com\/product\/yoast-seo-premium-wordpress\/ -->\n<title>Sousse : tentative d\u2019\u00e9vasion \u00e0 la verticale, depuis le bureau du juge<\/title>\n<meta name=\"description\" content=\"Un d\u00e9tenu a tent\u00e9 de s&#039;\u00e9vader du tribunal de Sousse en sautant par la fen\u00eatre du 2e \u00e9tage. Il a \u00e9t\u00e9 hospitalis\u00e9 dans un \u00e9tat stable.\" \/>\n<link rel=\"canonical\" href=\"https:\/\/www.webdo.tn\/fr\/actualite\/divers\/sousse-tentative-d-evasion-a-la-verticale-depuis-le-bureau-du-juge\/222253\/\" \/>\n<meta property=\"og:locale\" content=\"fr_FR\" \/>\n<meta property=\"og:type\" content=\"article\" \/>\n<meta property=\"og:title\" content=\"Sousse : tentative d\u2019\u00e9vasion \u00e0 la verticale, depuis le bureau du juge\" \/>\n<meta property=\"og:description\" content=\"Un d\u00e9tenu a tent\u00e9 de s&#039;\u00e9vader du tribunal de Sousse en sautant par la fen\u00eatre du 2e \u00e9tage. Il a \u00e9t\u00e9 hospitalis\u00e9 dans un \u00e9tat stable.\" \/>\n<meta property=\"og:url\" content=\"https:\/\/www.webdo.tn\/fr\/actualite\/divers\/sousse-tentative-d-evasion-a-la-verticale-depuis-le-bureau-du-juge\/222253\/\" \/>\n<meta property=\"og:site_name\" content=\"webdo\" \/>\n<meta property=\"article:publisher\" content=\"https:\/\/www.facebook.com\/webdotn\" \/>\n<meta property=\"article:published_time\" content=\"2025-05-28T19:46:00+00:00\" \/>\n<meta property=\"og:image\" content=\"https:\/\/www.webdo.tn\/fr\/wp-content\/uploads\/2025\/05\/fc5359713a135d6093fa4439705486b7.webp\" \/>\n\t<meta property=\"og:image:width\" content=\"750\" \/>\n\t<meta property=\"og:image:height\" content=\"400\" \/>\n\t<meta property=\"og:image:type\" content=\"image\/webp\" \/>\n<meta name=\"author\" content=\"Ramzi Haddad\" \/>\n<meta name=\"twitter:card\" content=\"summary_large_image\" \/>\n<meta name=\"twitter:creator\" content=\"@webdo_tn\" \/>\n<meta name=\"twitter:site\" content=\"@webdo_tn\" \/>\n<meta name=\"twitter:label1\" content=\"\u00c9crit par\" \/>\n\t<meta name=\"twitter:data1\" content=\"Ramzi Haddad\" \/>\n\t<meta name=\"twitter:label2\" content=\"Dur\u00e9e de lecture estim\u00e9e\" \/>\n\t<meta name=\"twitter:data2\" content=\"1 minute\" \/>\n<script type=\"application\/ld+json\" class=\"yoast-schema-graph\">{\"@context\":\"https:\\\/\\\/schema.org\",\"@graph\":[{\"@type\":\"NewsArticle\",\"@id\":\"https:\\\/\\\/www.webdo.tn\\\/fr\\\/actualite\\\/divers\\\/sousse-tentative-d-evasion-a-la-verticale-depuis-le-bureau-du-juge\\\/222253\\\/#article\",\"isPartOf\":{\"@id\":\"https:\\\/\\\/www.webdo.tn\\\/fr\\\/actualite\\\/divers\\\/sousse-tentative-d-evasion-a-la-verticale-depuis-le-bureau-du-juge\\\/222253\\\/\"},\"author\":{\"name\":\"Ramzi Haddad\",\"@id\":\"https:\\\/\\\/www.webdo.tn\\\/fr\\\/#\\\/schema\\\/person\\\/5663044c25eb36d8f88ba5b653f12f8c\"},\"headline\":\"Sousse : tentative d\u2019\u00e9vasion \u00e0 la verticale, depuis le bureau du juge\",\"datePublished\":\"2025-05-28T19:46:00+00:00\",\"mainEntityOfPage\":{\"@id\":\"https:\\\/\\\/www.webdo.tn\\\/fr\\\/actualite\\\/divers\\\/sousse-tentative-d-evasion-a-la-verticale-depuis-le-bureau-du-juge\\\/222253\\\/\"},\"wordCount\":206,\"commentCount\":0,\"publisher\":{\"@id\":\"https:\\\/\\\/www.webdo.tn\\\/fr\\\/#organization\"},\"image\":{\"@id\":\"https:\\\/\\\/www.webdo.tn\\\/fr\\\/actualite\\\/divers\\\/sousse-tentative-d-evasion-a-la-verticale-depuis-le-bureau-du-juge\\\/222253\\\/#primaryimage\"},\"thumbnailUrl\":\"https:\\\/\\\/www.webdo.tn\\\/fr\\\/wp-content\\\/uploads\\\/2025\\\/05\\\/fc5359713a135d6093fa4439705486b7.webp\",\"keywords\":[\"\u00e9vasion\",\"justice\",\"Sousse\",\"Tunisie\"],\"articleSection\":[\"Divers\"],\"inLanguage\":\"fr-FR\"},{\"@type\":\"WebPage\",\"@id\":\"https:\\\/\\\/www.webdo.tn\\\/fr\\\/actualite\\\/divers\\\/sousse-tentative-d-evasion-a-la-verticale-depuis-le-bureau-du-juge\\\/222253\\\/\",\"url\":\"https:\\\/\\\/www.webdo.tn\\\/fr\\\/actualite\\\/divers\\\/sousse-tentative-d-evasion-a-la-verticale-depuis-le-bureau-du-juge\\\/222253\\\/\",\"name\":\"Sousse : tentative d\u2019\u00e9vasion \u00e0 la verticale, depuis le bureau du juge\",\"isPartOf\":{\"@id\":\"https:\\\/\\\/www.webdo.tn\\\/fr\\\/#website\"},\"primaryImageOfPage\":{\"@id\":\"https:\\\/\\\/www.webdo.tn\\\/fr\\\/actualite\\\/divers\\\/sousse-tentative-d-evasion-a-la-verticale-depuis-le-bureau-du-juge\\\/222253\\\/#primaryimage\"},\"image\":{\"@id\":\"https:\\\/\\\/www.webdo.tn\\\/fr\\\/actualite\\\/divers\\\/sousse-tentative-d-evasion-a-la-verticale-depuis-le-bureau-du-juge\\\/222253\\\/#primaryimage\"},\"thumbnailUrl\":\"https:\\\/\\\/www.webdo.tn\\\/fr\\\/wp-content\\\/uploads\\\/2025\\\/05\\\/fc5359713a135d6093fa4439705486b7.webp\",\"datePublished\":\"2025-05-28T19:46:00+00:00\",\"description\":\"Un d\u00e9tenu a tent\u00e9 de s'\u00e9vader du tribunal de Sousse en sautant par la fen\u00eatre du 2e \u00e9tage. Il a \u00e9t\u00e9 hospitalis\u00e9 dans un \u00e9tat stable.\",\"breadcrumb\":{\"@id\":\"https:\\\/\\\/www.webdo.tn\\\/fr\\\/actualite\\\/divers\\\/sousse-tentative-d-evasion-a-la-verticale-depuis-le-bureau-du-juge\\\/222253\\\/#breadcrumb\"},\"inLanguage\":\"fr-FR\",\"potentialAction\":[{\"@type\":\"ReadAction\",\"target\":[\"https:\\\/\\\/www.webdo.tn\\\/fr\\\/actualite\\\/divers\\\/sousse-tentative-d-evasion-a-la-verticale-depuis-le-bureau-du-juge\\\/222253\\\/\"]}]},{\"@type\":\"ImageObject\",\"inLanguage\":\"fr-FR\",\"@id\":\"https:\\\/\\\/www.webdo.tn\\\/fr\\\/actualite\\\/divers\\\/sousse-tentative-d-evasion-a-la-verticale-depuis-le-bureau-du-juge\\\/222253\\\/#primaryimage\",\"url\":\"https:\\\/\\\/www.webdo.tn\\\/fr\\\/wp-content\\\/uploads\\\/2025\\\/05\\\/fc5359713a135d6093fa4439705486b7.webp\",\"contentUrl\":\"https:\\\/\\\/www.webdo.tn\\\/fr\\\/wp-content\\\/uploads\\\/2025\\\/05\\\/fc5359713a135d6093fa4439705486b7.webp\",\"width\":750,\"height\":400,\"caption\":\"Sousse : tentative d\u2019\u00e9vasion \u00e0 la verticale, depuis le bureau du juge\"},{\"@type\":\"BreadcrumbList\",\"@id\":\"https:\\\/\\\/www.webdo.tn\\\/fr\\\/actualite\\\/divers\\\/sousse-tentative-d-evasion-a-la-verticale-depuis-le-bureau-du-juge\\\/222253\\\/#breadcrumb\",\"itemListElement\":[{\"@type\":\"ListItem\",\"position\":1,\"name\":\"Accueil\",\"item\":\"https:\\\/\\\/www.webdo.tn\\\/fr\\\/\"},{\"@type\":\"ListItem\",\"position\":2,\"name\":\"Sousse : tentative d\u2019\u00e9vasion \u00e0 la verticale, depuis le bureau du juge\"}]},{\"@type\":\"WebSite\",\"@id\":\"https:\\\/\\\/www.webdo.tn\\\/fr\\\/#website\",\"url\":\"https:\\\/\\\/www.webdo.tn\\\/fr\\\/\",\"name\":\"webdo\",\"description\":\"Tunisie - News en Tunisie et \u00e0 l&#039;international sur Webdo.tn\",\"publisher\":{\"@id\":\"https:\\\/\\\/www.webdo.tn\\\/fr\\\/#organization\"},\"potentialAction\":[{\"@type\":\"SearchAction\",\"target\":{\"@type\":\"EntryPoint\",\"urlTemplate\":\"https:\\\/\\\/www.webdo.tn\\\/fr\\\/?s={search_term_string}\"},\"query-input\":{\"@type\":\"PropertyValueSpecification\",\"valueRequired\":true,\"valueName\":\"search_term_string\"}}],\"inLanguage\":\"fr-FR\"},{\"@type\":\"Organization\",\"@id\":\"https:\\\/\\\/www.webdo.tn\\\/fr\\\/#organization\",\"name\":\"Webdo\",\"alternateName\":\"Webdo.tn\",\"url\":\"https:\\\/\\\/www.webdo.tn\\\/fr\\\/\",\"logo\":{\"@type\":\"ImageObject\",\"inLanguage\":\"fr-FR\",\"@id\":\"https:\\\/\\\/www.webdo.tn\\\/fr\\\/#\\\/schema\\\/logo\\\/image\\\/\",\"url\":\"https:\\\/\\\/www.webdo.tn\\\/fr\\\/wp-content\\\/uploads\\\/2025\\\/06\\\/Webdo-Tunisie_168377.jpg\",\"contentUrl\":\"https:\\\/\\\/www.webdo.tn\\\/fr\\\/wp-content\\\/uploads\\\/2025\\\/06\\\/Webdo-Tunisie_168377.jpg\",\"width\":301,\"height\":301,\"caption\":\"Webdo\"},\"image\":{\"@id\":\"https:\\\/\\\/www.webdo.tn\\\/fr\\\/#\\\/schema\\\/logo\\\/image\\\/\"},\"sameAs\":[\"https:\\\/\\\/www.facebook.com\\\/webdotn\",\"https:\\\/\\\/x.com\\\/webdo_tn\"],\"description\":\"Webdo est un m\u00e9dia num\u00e9rique tunisien fond\u00e9 en 2010, sp\u00e9cialis\u00e9 dans l\u2019actualit\u00e9 nationale et internationale, l\u2019\u00e9conomie, la soci\u00e9t\u00e9 et les analyses politiques. Le site s\u2019adresse \u00e0 un large public francophone et couvre l\u2019information tunisienne en temps r\u00e9el.\",\"email\":\"redac@webdo.tn\",\"legalName\":\"YNJ SARL\",\"foundingDate\":\"2010-09-06\",\"numberOfEmployees\":{\"@type\":\"QuantitativeValue\",\"minValue\":\"11\",\"maxValue\":\"50\"}},{\"@type\":\"Person\",\"@id\":\"https:\\\/\\\/www.webdo.tn\\\/fr\\\/#\\\/schema\\\/person\\\/5663044c25eb36d8f88ba5b653f12f8c\",\"name\":\"Ramzi Haddad\",\"image\":{\"@type\":\"ImageObject\",\"inLanguage\":\"fr-FR\",\"@id\":\"https:\\\/\\\/www.webdo.tn\\\/fr\\\/wp-content\\\/uploads\\\/2026\\\/04\\\/ramzi-haddad_avatar-96x96.jpg\",\"url\":\"https:\\\/\\\/www.webdo.tn\\\/fr\\\/wp-content\\\/uploads\\\/2026\\\/04\\\/ramzi-haddad_avatar-96x96.jpg\",\"contentUrl\":\"https:\\\/\\\/www.webdo.tn\\\/fr\\\/wp-content\\\/uploads\\\/2026\\\/04\\\/ramzi-haddad_avatar-96x96.jpg\",\"caption\":\"Ramzi Haddad\"},\"description\":\"Signature \u00e9ditoriale de Walid Ben Youssef Ramzi Haddad est le pseudonyme \u00e9ditorial de Walid Ben Youssef, fondateur et g\u00e9rant de Webdo.tn. Cette signature est d\u00e9di\u00e9e \u00e0 la couverture de l'actualit\u00e9 nationale et internationale, ainsi qu'aux analyses des dynamiques num\u00e9riques. Ce profil b\u00e9n\u00e9ficie de l'expertise de Walid Ben Youssef, pionnier du web en Tunisie depuis 2000 et dipl\u00f4m\u00e9 en Math\u00e9matiques pures de l'Universit\u00e9 d'Oregon. \u00c0 travers cette signature, la r\u00e9daction de Webdo garantit une information structur\u00e9e et v\u00e9rifi\u00e9e, fid\u00e8le aux standards journalistiques du m\u00e9dia.\",\"url\":\"https:\\\/\\\/www.webdo.tn\\\/fr\\\/actualite\\\/author\\\/ramzi-haddad\\\/\"}]}<\/script>\n<!-- \/ Yoast SEO Premium plugin. -->","yoast_head_json":{"title":"Sousse : tentative d\u2019\u00e9vasion \u00e0 la verticale, depuis le bureau du juge","description":"Un d\u00e9tenu a tent\u00e9 de s'\u00e9vader du tribunal de Sousse en sautant par la fen\u00eatre du 2e \u00e9tage. Il a \u00e9t\u00e9 hospitalis\u00e9 dans un \u00e9tat stable.","canonical":"https:\/\/www.webdo.tn\/fr\/actualite\/divers\/sousse-tentative-d-evasion-a-la-verticale-depuis-le-bureau-du-juge\/222253\/","og_locale":"fr_FR","og_type":"article","og_title":"Sousse : tentative d\u2019\u00e9vasion \u00e0 la verticale, depuis le bureau du juge","og_description":"Un d\u00e9tenu a tent\u00e9 de s'\u00e9vader du tribunal de Sousse en sautant par la fen\u00eatre du 2e \u00e9tage. Il a \u00e9t\u00e9 hospitalis\u00e9 dans un \u00e9tat stable.","og_url":"https:\/\/www.webdo.tn\/fr\/actualite\/divers\/sousse-tentative-d-evasion-a-la-verticale-depuis-le-bureau-du-juge\/222253\/","og_site_name":"webdo","article_publisher":"https:\/\/www.facebook.com\/webdotn","article_published_time":"2025-05-28T19:46:00+00:00","og_image":[{"width":750,"height":400,"url":"https:\/\/www.webdo.tn\/fr\/wp-content\/uploads\/2025\/05\/fc5359713a135d6093fa4439705486b7.webp","type":"image\/webp"}],"author":"Ramzi Haddad","twitter_card":"summary_large_image","twitter_creator":"@webdo_tn","twitter_site":"@webdo_tn","twitter_misc":{"\u00c9crit par":"Ramzi Haddad","Dur\u00e9e de lecture estim\u00e9e":"1 minute"},"schema":{"@context":"https:\/\/schema.org","@graph":[{"@type":"NewsArticle","@id":"https:\/\/www.webdo.tn\/fr\/actualite\/divers\/sousse-tentative-d-evasion-a-la-verticale-depuis-le-bureau-du-juge\/222253\/#article","isPartOf":{"@id":"https:\/\/www.webdo.tn\/fr\/actualite\/divers\/sousse-tentative-d-evasion-a-la-verticale-depuis-le-bureau-du-juge\/222253\/"},"author":{"name":"Ramzi Haddad","@id":"https:\/\/www.webdo.tn\/fr\/#\/schema\/person\/5663044c25eb36d8f88ba5b653f12f8c"},"headline":"Sousse : tentative d\u2019\u00e9vasion \u00e0 la verticale, depuis le bureau du juge","datePublished":"2025-05-28T19:46:00+00:00","mainEntityOfPage":{"@id":"https:\/\/www.webdo.tn\/fr\/actualite\/divers\/sousse-tentative-d-evasion-a-la-verticale-depuis-le-bureau-du-juge\/222253\/"},"wordCount":206,"commentCount":0,"publisher":{"@id":"https:\/\/www.webdo.tn\/fr\/#organization"},"image":{"@id":"https:\/\/www.webdo.tn\/fr\/actualite\/divers\/sousse-tentative-d-evasion-a-la-verticale-depuis-le-bureau-du-juge\/222253\/#primaryimage"},"thumbnailUrl":"https:\/\/www.webdo.tn\/fr\/wp-content\/uploads\/2025\/05\/fc5359713a135d6093fa4439705486b7.webp","keywords":["\u00e9vasion","justice","Sousse","Tunisie"],"articleSection":["Divers"],"inLanguage":"fr-FR"},{"@type":"WebPage","@id":"https:\/\/www.webdo.tn\/fr\/actualite\/divers\/sousse-tentative-d-evasion-a-la-verticale-depuis-le-bureau-du-juge\/222253\/","url":"https:\/\/www.webdo.tn\/fr\/actualite\/divers\/sousse-tentative-d-evasion-a-la-verticale-depuis-le-bureau-du-juge\/222253\/","name":"Sousse : tentative d\u2019\u00e9vasion \u00e0 la verticale, depuis le bureau du juge","isPartOf":{"@id":"https:\/\/www.webdo.tn\/fr\/#website"},"primaryImageOfPage":{"@id":"https:\/\/www.webdo.tn\/fr\/actualite\/divers\/sousse-tentative-d-evasion-a-la-verticale-depuis-le-bureau-du-juge\/222253\/#primaryimage"},"image":{"@id":"https:\/\/www.webdo.tn\/fr\/actualite\/divers\/sousse-tentative-d-evasion-a-la-verticale-depuis-le-bureau-du-juge\/222253\/#primaryimage"},"thumbnailUrl":"https:\/\/www.webdo.tn\/fr\/wp-content\/uploads\/2025\/05\/fc5359713a135d6093fa4439705486b7.webp","datePublished":"2025-05-28T19:46:00+00:00","description":"Un d\u00e9tenu a tent\u00e9 de s'\u00e9vader du tribunal de Sousse en sautant par la fen\u00eatre du 2e \u00e9tage. Il a \u00e9t\u00e9 hospitalis\u00e9 dans un \u00e9tat stable.","breadcrumb":{"@id":"https:\/\/www.webdo.tn\/fr\/actualite\/divers\/sousse-tentative-d-evasion-a-la-verticale-depuis-le-bureau-du-juge\/222253\/#breadcrumb"},"inLanguage":"fr-FR","potentialAction":[{"@type":"ReadAction","target":["https:\/\/www.webdo.tn\/fr\/actualite\/divers\/sousse-tentative-d-evasion-a-la-verticale-depuis-le-bureau-du-juge\/222253\/"]}]},{"@type":"ImageObject","inLanguage":"fr-FR","@id":"https:\/\/www.webdo.tn\/fr\/actualite\/divers\/sousse-tentative-d-evasion-a-la-verticale-depuis-le-bureau-du-juge\/222253\/#primaryimage","url":"https:\/\/www.webdo.tn\/fr\/wp-content\/uploads\/2025\/05\/fc5359713a135d6093fa4439705486b7.webp","contentUrl":"https:\/\/www.webdo.tn\/fr\/wp-content\/uploads\/2025\/05\/fc5359713a135d6093fa4439705486b7.webp","width":750,"height":400,"caption":"Sousse : tentative d\u2019\u00e9vasion \u00e0 la verticale, depuis le bureau du juge"},{"@type":"BreadcrumbList","@id":"https:\/\/www.webdo.tn\/fr\/actualite\/divers\/sousse-tentative-d-evasion-a-la-verticale-depuis-le-bureau-du-juge\/222253\/#breadcrumb","itemListElement":[{"@type":"ListItem","position":1,"name":"Accueil","item":"https:\/\/www.webdo.tn\/fr\/"},{"@type":"ListItem","position":2,"name":"Sousse : tentative d\u2019\u00e9vasion \u00e0 la verticale, depuis le bureau du juge"}]},{"@type":"WebSite","@id":"https:\/\/www.webdo.tn\/fr\/#website","url":"https:\/\/www.webdo.tn\/fr\/","name":"webdo","description":"Tunisie - News en Tunisie et \u00e0 l&#039;international sur Webdo.tn","publisher":{"@id":"https:\/\/www.webdo.tn\/fr\/#organization"},"potentialAction":[{"@type":"SearchAction","target":{"@type":"EntryPoint","urlTemplate":"https:\/\/www.webdo.tn\/fr\/?s={search_term_string}"},"query-input":{"@type":"PropertyValueSpecification","valueRequired":true,"valueName":"search_term_string"}}],"inLanguage":"fr-FR"},{"@type":"Organization","@id":"https:\/\/www.webdo.tn\/fr\/#organization","name":"Webdo","alternateName":"Webdo.tn","url":"https:\/\/www.webdo.tn\/fr\/","logo":{"@type":"ImageObject","inLanguage":"fr-FR","@id":"https:\/\/www.webdo.tn\/fr\/#\/schema\/logo\/image\/","url":"https:\/\/www.webdo.tn\/fr\/wp-content\/uploads\/2025\/06\/Webdo-Tunisie_168377.jpg","contentUrl":"https:\/\/www.webdo.tn\/fr\/wp-content\/uploads\/2025\/06\/Webdo-Tunisie_168377.jpg","width":301,"height":301,"caption":"Webdo"},"image":{"@id":"https:\/\/www.webdo.tn\/fr\/#\/schema\/logo\/image\/"},"sameAs":["https:\/\/www.facebook.com\/webdotn","https:\/\/x.com\/webdo_tn"],"description":"Webdo est un m\u00e9dia num\u00e9rique tunisien fond\u00e9 en 2010, sp\u00e9cialis\u00e9 dans l\u2019actualit\u00e9 nationale et internationale, l\u2019\u00e9conomie, la soci\u00e9t\u00e9 et les analyses politiques. Le site s\u2019adresse \u00e0 un large public francophone et couvre l\u2019information tunisienne en temps r\u00e9el.","email":"redac@webdo.tn","legalName":"YNJ SARL","foundingDate":"2010-09-06","numberOfEmployees":{"@type":"QuantitativeValue","minValue":"11","maxValue":"50"}},{"@type":"Person","@id":"https:\/\/www.webdo.tn\/fr\/#\/schema\/person\/5663044c25eb36d8f88ba5b653f12f8c","name":"Ramzi Haddad","image":{"@type":"ImageObject","inLanguage":"fr-FR","@id":"https:\/\/www.webdo.tn\/fr\/wp-content\/uploads\/2026\/04\/ramzi-haddad_avatar-96x96.jpg","url":"https:\/\/www.webdo.tn\/fr\/wp-content\/uploads\/2026\/04\/ramzi-haddad_avatar-96x96.jpg","contentUrl":"https:\/\/www.webdo.tn\/fr\/wp-content\/uploads\/2026\/04\/ramzi-haddad_avatar-96x96.jpg","caption":"Ramzi Haddad"},"description":"Signature \u00e9ditoriale de Walid Ben Youssef Ramzi Haddad est le pseudonyme \u00e9ditorial de Walid Ben Youssef, fondateur et g\u00e9rant de Webdo.tn. Cette signature est d\u00e9di\u00e9e \u00e0 la couverture de l'actualit\u00e9 nationale et internationale, ainsi qu'aux analyses des dynamiques num\u00e9riques. Ce profil b\u00e9n\u00e9ficie de l'expertise de Walid Ben Youssef, pionnier du web en Tunisie depuis 2000 et dipl\u00f4m\u00e9 en Math\u00e9matiques pures de l'Universit\u00e9 d'Oregon. \u00c0 travers cette signature, la r\u00e9daction de Webdo garantit une information structur\u00e9e et v\u00e9rifi\u00e9e, fid\u00e8le aux standards journalistiques du m\u00e9dia.","url":"https:\/\/www.webdo.tn\/fr\/actualite\/author\/ramzi-haddad\/"}]}},"_links":{"self":[{"href":"https:\/\/www.webdo.tn\/fr\/wp-json\/wp\/v2\/posts\/222253","targetHints":{"allow":["GET"]}}],"collection":[{"href":"https:\/\/www.webdo.tn\/fr\/wp-json\/wp\/v2\/posts"}],"about":[{"href":"https:\/\/www.webdo.tn\/fr\/wp-json\/wp\/v2\/types\/post"}],"author":[{"embeddable":true,"href":"https:\/\/www.webdo.tn\/fr\/wp-json\/wp\/v2\/users\/3203"}],"replies":[{"embeddable":true,"href":"https:\/\/www.webdo.tn\/fr\/wp-json\/wp\/v2\/comments?post=222253"}],"version-history":[{"count":0,"href":"https:\/\/www.webdo.tn\/fr\/wp-json\/wp\/v2\/posts\/222253\/revisions"}],"wp:featuredmedia":[{"embeddable":true,"href":"https:\/\/www.webdo.tn\/fr\/wp-json\/wp\/v2\/media\/366014"}],"wp:attachment":[{"href":"https:\/\/www.webdo.tn\/fr\/wp-json\/wp\/v2\/media?parent=222253"}],"wp:term":[{"taxonomy":"category","embeddable":true,"href":"https:\/\/www.webdo.tn\/fr\/wp-json\/wp\/v2\/categories?post=222253"},{"taxonomy":"post_tag","embeddable":true,"href":"https:\/\/www.webdo.tn\/fr\/wp-json\/wp\/v2\/tags?post=222253"}],"curies":[{"name":"wp","href":"https:\/\/api.w.org\/{rel}","templated":true}]}}