{"id":222248,"date":"2025-05-28T13:14:00","date_gmt":"2025-05-28T13:14:00","guid":{"rendered":"https:\/\/www.webdo.tn\/fr\/actualite\/blog\/appel-au-rapatriement-d-un-tunisien-tue-en-belgique-en-tentant-de-sauver-une-femme\/222248\/"},"modified":"2025-06-04T21:56:53","modified_gmt":"2025-06-04T21:56:53","slug":"appel-au-rapatriement-d-un-tunisien-tue-en-belgique-en-tentant-de-sauver-une-femme","status":"publish","type":"post","link":"https:\/\/www.webdo.tn\/fr\/actualite\/national\/appel-au-rapatriement-d-un-tunisien-tue-en-belgique-en-tentant-de-sauver-une-femme\/222248\/","title":{"rendered":"Un Tunisien tu\u00e9 en Belgique en tentant de sauver une femme"},"content":{"rendered":"<p>Un drame poignant a r\u00e9cemment \u00e9mu la communaut\u00e9 tunisienne en Belgique et en Tunisie. Un jeune homme tunisien de 34 ans, originaire de la r\u00e9gion de Kairouan et r\u00e9sidant en Belgique, a perdu la vie il y a deux ans apr\u00e8s avoir \u00e9t\u00e9 poignard\u00e9 alors qu&rsquo;il tentait de porter secours \u00e0 une m\u00e8re et sa fille victimes d&rsquo;une tentative de braquage.<\/p>\n<p>Ce geste h\u00e9ro\u00efque, bien que survenu il y a quelque temps, continue de susciter une vive \u00e9motion. La m\u00e8re du d\u00e9funt a r\u00e9cemment lanc\u00e9 un appel \u00e9mouvant aux autorit\u00e9s tunisiennes, sollicitant leur aide pour faciliter le rapatriement du corps de son fils afin qu&rsquo;il puisse \u00eatre inhum\u00e9 dans sa terre natale.<\/p>\n<p>Dans une d\u00e9claration \u00e0 la radio Mosa\u00efque FM ce mercredi, elle a exprim\u00e9 son souhait de voir son fils reposer parmi les siens, soulignant l&rsquo;importance de cette d\u00e9marche pour le deuil de la famille.\u00a0<\/p>\n<p>Cet acte de bravoure rappelle d&rsquo;autres incidents similaires o\u00f9 des individus ont risqu\u00e9 leur vie pour en sauver d&rsquo;autres. Par exemple, en 2020 \u00e0 Mellassine, un quartier de Tunis, un jeune homme de 23 ans a \u00e9t\u00e9 mortellement poignard\u00e9 en tentant de d\u00e9fendre une femme enceinte lors d&rsquo;un braquage. Son courage a \u00e9t\u00e9 salu\u00e9, et une rue a \u00e9t\u00e9 nomm\u00e9e en son honneur pour comm\u00e9morer son sacrifice.\u00a0<\/p>\n<p>Ces histoires mettent en lumi\u00e8re le courage et l&rsquo;altruisme de ceux qui n&rsquo;h\u00e9sitent pas \u00e0 intervenir face au danger pour prot\u00e9ger autrui. Elles soulignent \u00e9galement l&rsquo;importance de reconna\u00eetre et d&rsquo;honorer ces actes h\u00e9ro\u00efques, tout en mettant en \u00e9vidence les d\u00e9fis auxquels sont confront\u00e9es les familles endeuill\u00e9es, notamment en ce qui concerne les proc\u00e9dures de rapatriement.<\/p>\n","protected":false},"excerpt":{"rendered":"<p>Un jeune Tunisien de 34 ans, originaire de Kairouan et r\u00e9sidant en Belgique, est d\u00e9c\u00e9d\u00e9 apr\u00e8s avoir tent\u00e9 de sauver une m\u00e8re et sa fille d\u2019un braquage. Sa famil&#8230;<\/p>\n","protected":false},"author":3162,"featured_media":362924,"comment_status":"open","ping_status":"closed","sticky":false,"template":"","format":"standard","meta":{"footnotes":""},"categories":[44],"tags":[6831,2830,7321,2608],"class_list":["post-222248","post","type-post","status-publish","format-standard","has-post-thumbnail","hentry","category-national","tag-belgique","tag-deces","tag-jeune","tag-tunisie"],"yoast_head":"<!-- This site is optimized with the Yoast SEO Premium plugin v27.4 (Yoast SEO v27.5) - https:\/\/yoast.com\/product\/yoast-seo-premium-wordpress\/ -->\n<title>Un Tunisien tu\u00e9 en Belgique en tentant de sauver une femme<\/title>\n<meta name=\"description\" content=\"Un jeune Tunisien de 34 ans, originaire de Kairouan et r\u00e9sidant en Belgique, est d\u00e9c\u00e9d\u00e9 apr\u00e8s avoir tent\u00e9 de sauver une m\u00e8re et sa fille d\u2019un braquage. Sa famil...\" \/>\n<link rel=\"canonical\" href=\"https:\/\/www.webdo.tn\/fr\/actualite\/national\/appel-au-rapatriement-d-un-tunisien-tue-en-belgique-en-tentant-de-sauver-une-femme\/222248\/\" \/>\n<meta property=\"og:locale\" content=\"fr_FR\" \/>\n<meta property=\"og:type\" content=\"article\" \/>\n<meta property=\"og:title\" content=\"Un Tunisien tu\u00e9 en Belgique en tentant de sauver une femme\" \/>\n<meta property=\"og:description\" content=\"Un jeune Tunisien de 34 ans, originaire de Kairouan et r\u00e9sidant en Belgique, est d\u00e9c\u00e9d\u00e9 apr\u00e8s avoir tent\u00e9 de sauver une m\u00e8re et sa fille d\u2019un braquage. Sa famil...\" \/>\n<meta property=\"og:url\" content=\"https:\/\/www.webdo.tn\/fr\/actualite\/national\/appel-au-rapatriement-d-un-tunisien-tue-en-belgique-en-tentant-de-sauver-une-femme\/222248\/\" \/>\n<meta property=\"og:site_name\" content=\"webdo\" \/>\n<meta property=\"article:publisher\" content=\"https:\/\/www.facebook.com\/webdotn\" \/>\n<meta property=\"article:published_time\" content=\"2025-05-28T13:14:00+00:00\" \/>\n<meta property=\"article:modified_time\" content=\"2025-06-04T21:56:53+00:00\" \/>\n<meta property=\"og:image\" content=\"https:\/\/www.webdo.tn\/fr\/wp-content\/uploads\/2025\/05\/6094ebd00ec90fef8d34e15f50270365.webp\" \/>\n\t<meta property=\"og:image:width\" content=\"750\" \/>\n\t<meta property=\"og:image:height\" content=\"400\" \/>\n\t<meta property=\"og:image:type\" content=\"image\/webp\" \/>\n<meta name=\"author\" content=\"MC\" \/>\n<meta name=\"twitter:card\" content=\"summary_large_image\" \/>\n<meta name=\"twitter:creator\" content=\"@webdo_tn\" \/>\n<meta name=\"twitter:site\" content=\"@webdo_tn\" \/>\n<meta name=\"twitter:label1\" content=\"\u00c9crit par\" \/>\n\t<meta name=\"twitter:data1\" content=\"MC\" \/>\n\t<meta name=\"twitter:label2\" content=\"Dur\u00e9e de lecture estim\u00e9e\" \/>\n\t<meta name=\"twitter:data2\" content=\"1 minute\" \/>\n<script type=\"application\/ld+json\" class=\"yoast-schema-graph\">{\"@context\":\"https:\\\/\\\/schema.org\",\"@graph\":[{\"@type\":\"NewsArticle\",\"@id\":\"https:\\\/\\\/www.webdo.tn\\\/fr\\\/actualite\\\/national\\\/appel-au-rapatriement-d-un-tunisien-tue-en-belgique-en-tentant-de-sauver-une-femme\\\/222248\\\/#article\",\"isPartOf\":{\"@id\":\"https:\\\/\\\/www.webdo.tn\\\/fr\\\/actualite\\\/national\\\/appel-au-rapatriement-d-un-tunisien-tue-en-belgique-en-tentant-de-sauver-une-femme\\\/222248\\\/\"},\"author\":{\"name\":\"MC\",\"@id\":\"https:\\\/\\\/www.webdo.tn\\\/fr\\\/#\\\/schema\\\/person\\\/2c4929cbf5a809e3bd38617c6ce150f6\"},\"headline\":\"Un Tunisien tu\u00e9 en Belgique en tentant de sauver une femme\",\"datePublished\":\"2025-05-28T13:14:00+00:00\",\"dateModified\":\"2025-06-04T21:56:53+00:00\",\"mainEntityOfPage\":{\"@id\":\"https:\\\/\\\/www.webdo.tn\\\/fr\\\/actualite\\\/national\\\/appel-au-rapatriement-d-un-tunisien-tue-en-belgique-en-tentant-de-sauver-une-femme\\\/222248\\\/\"},\"wordCount\":310,\"commentCount\":0,\"publisher\":{\"@id\":\"https:\\\/\\\/www.webdo.tn\\\/fr\\\/#organization\"},\"image\":{\"@id\":\"https:\\\/\\\/www.webdo.tn\\\/fr\\\/actualite\\\/national\\\/appel-au-rapatriement-d-un-tunisien-tue-en-belgique-en-tentant-de-sauver-une-femme\\\/222248\\\/#primaryimage\"},\"thumbnailUrl\":\"https:\\\/\\\/www.webdo.tn\\\/fr\\\/wp-content\\\/uploads\\\/2025\\\/05\\\/6094ebd00ec90fef8d34e15f50270365.webp\",\"keywords\":[\"belgique\",\"D\u00e9c\u00e8s\",\"Jeune\",\"Tunisie\"],\"articleSection\":[\"National\"],\"inLanguage\":\"fr-FR\"},{\"@type\":\"WebPage\",\"@id\":\"https:\\\/\\\/www.webdo.tn\\\/fr\\\/actualite\\\/national\\\/appel-au-rapatriement-d-un-tunisien-tue-en-belgique-en-tentant-de-sauver-une-femme\\\/222248\\\/\",\"url\":\"https:\\\/\\\/www.webdo.tn\\\/fr\\\/actualite\\\/national\\\/appel-au-rapatriement-d-un-tunisien-tue-en-belgique-en-tentant-de-sauver-une-femme\\\/222248\\\/\",\"name\":\"Un Tunisien tu\u00e9 en Belgique en tentant de sauver une femme\",\"isPartOf\":{\"@id\":\"https:\\\/\\\/www.webdo.tn\\\/fr\\\/#website\"},\"primaryImageOfPage\":{\"@id\":\"https:\\\/\\\/www.webdo.tn\\\/fr\\\/actualite\\\/national\\\/appel-au-rapatriement-d-un-tunisien-tue-en-belgique-en-tentant-de-sauver-une-femme\\\/222248\\\/#primaryimage\"},\"image\":{\"@id\":\"https:\\\/\\\/www.webdo.tn\\\/fr\\\/actualite\\\/national\\\/appel-au-rapatriement-d-un-tunisien-tue-en-belgique-en-tentant-de-sauver-une-femme\\\/222248\\\/#primaryimage\"},\"thumbnailUrl\":\"https:\\\/\\\/www.webdo.tn\\\/fr\\\/wp-content\\\/uploads\\\/2025\\\/05\\\/6094ebd00ec90fef8d34e15f50270365.webp\",\"datePublished\":\"2025-05-28T13:14:00+00:00\",\"dateModified\":\"2025-06-04T21:56:53+00:00\",\"description\":\"Un jeune Tunisien de 34 ans, originaire de Kairouan et r\u00e9sidant en Belgique, est d\u00e9c\u00e9d\u00e9 apr\u00e8s avoir tent\u00e9 de sauver une m\u00e8re et sa fille d\u2019un braquage. Sa famil...\",\"breadcrumb\":{\"@id\":\"https:\\\/\\\/www.webdo.tn\\\/fr\\\/actualite\\\/national\\\/appel-au-rapatriement-d-un-tunisien-tue-en-belgique-en-tentant-de-sauver-une-femme\\\/222248\\\/#breadcrumb\"},\"inLanguage\":\"fr-FR\",\"potentialAction\":[{\"@type\":\"ReadAction\",\"target\":[\"https:\\\/\\\/www.webdo.tn\\\/fr\\\/actualite\\\/national\\\/appel-au-rapatriement-d-un-tunisien-tue-en-belgique-en-tentant-de-sauver-une-femme\\\/222248\\\/\"]}]},{\"@type\":\"ImageObject\",\"inLanguage\":\"fr-FR\",\"@id\":\"https:\\\/\\\/www.webdo.tn\\\/fr\\\/actualite\\\/national\\\/appel-au-rapatriement-d-un-tunisien-tue-en-belgique-en-tentant-de-sauver-une-femme\\\/222248\\\/#primaryimage\",\"url\":\"https:\\\/\\\/www.webdo.tn\\\/fr\\\/wp-content\\\/uploads\\\/2025\\\/05\\\/6094ebd00ec90fef8d34e15f50270365.webp\",\"contentUrl\":\"https:\\\/\\\/www.webdo.tn\\\/fr\\\/wp-content\\\/uploads\\\/2025\\\/05\\\/6094ebd00ec90fef8d34e15f50270365.webp\",\"width\":750,\"height\":400,\"caption\":\"Un Tunisien tu\u00e9 en Belgique en tentant de sauver une femme\"},{\"@type\":\"BreadcrumbList\",\"@id\":\"https:\\\/\\\/www.webdo.tn\\\/fr\\\/actualite\\\/national\\\/appel-au-rapatriement-d-un-tunisien-tue-en-belgique-en-tentant-de-sauver-une-femme\\\/222248\\\/#breadcrumb\",\"itemListElement\":[{\"@type\":\"ListItem\",\"position\":1,\"name\":\"Accueil\",\"item\":\"https:\\\/\\\/www.webdo.tn\\\/fr\\\/\"},{\"@type\":\"ListItem\",\"position\":2,\"name\":\"Un Tunisien tu\u00e9 en Belgique en tentant de sauver une femme\"}]},{\"@type\":\"WebSite\",\"@id\":\"https:\\\/\\\/www.webdo.tn\\\/fr\\\/#website\",\"url\":\"https:\\\/\\\/www.webdo.tn\\\/fr\\\/\",\"name\":\"webdo\",\"description\":\"Tunisie - News en Tunisie et \u00e0 l&#039;international sur Webdo.tn\",\"publisher\":{\"@id\":\"https:\\\/\\\/www.webdo.tn\\\/fr\\\/#organization\"},\"potentialAction\":[{\"@type\":\"SearchAction\",\"target\":{\"@type\":\"EntryPoint\",\"urlTemplate\":\"https:\\\/\\\/www.webdo.tn\\\/fr\\\/?s={search_term_string}\"},\"query-input\":{\"@type\":\"PropertyValueSpecification\",\"valueRequired\":true,\"valueName\":\"search_term_string\"}}],\"inLanguage\":\"fr-FR\"},{\"@type\":\"Organization\",\"@id\":\"https:\\\/\\\/www.webdo.tn\\\/fr\\\/#organization\",\"name\":\"Webdo\",\"alternateName\":\"Webdo.tn\",\"url\":\"https:\\\/\\\/www.webdo.tn\\\/fr\\\/\",\"logo\":{\"@type\":\"ImageObject\",\"inLanguage\":\"fr-FR\",\"@id\":\"https:\\\/\\\/www.webdo.tn\\\/fr\\\/#\\\/schema\\\/logo\\\/image\\\/\",\"url\":\"https:\\\/\\\/www.webdo.tn\\\/fr\\\/wp-content\\\/uploads\\\/2025\\\/06\\\/Webdo-Tunisie_168377.jpg\",\"contentUrl\":\"https:\\\/\\\/www.webdo.tn\\\/fr\\\/wp-content\\\/uploads\\\/2025\\\/06\\\/Webdo-Tunisie_168377.jpg\",\"width\":301,\"height\":301,\"caption\":\"Webdo\"},\"image\":{\"@id\":\"https:\\\/\\\/www.webdo.tn\\\/fr\\\/#\\\/schema\\\/logo\\\/image\\\/\"},\"sameAs\":[\"https:\\\/\\\/www.facebook.com\\\/webdotn\",\"https:\\\/\\\/x.com\\\/webdo_tn\"],\"description\":\"Webdo est un m\u00e9dia num\u00e9rique tunisien fond\u00e9 en 2010, sp\u00e9cialis\u00e9 dans l\u2019actualit\u00e9 nationale et internationale, l\u2019\u00e9conomie, la soci\u00e9t\u00e9 et les analyses politiques. Le site s\u2019adresse \u00e0 un large public francophone et couvre l\u2019information tunisienne en temps r\u00e9el.\",\"email\":\"redac@webdo.tn\",\"legalName\":\"YNJ SARL\",\"foundingDate\":\"2010-09-06\",\"numberOfEmployees\":{\"@type\":\"QuantitativeValue\",\"minValue\":\"11\",\"maxValue\":\"50\"}},{\"@type\":\"Person\",\"@id\":\"https:\\\/\\\/www.webdo.tn\\\/fr\\\/#\\\/schema\\\/person\\\/2c4929cbf5a809e3bd38617c6ce150f6\",\"name\":\"MC\",\"image\":{\"@type\":\"ImageObject\",\"inLanguage\":\"fr-FR\",\"@id\":\"https:\\\/\\\/secure.gravatar.com\\\/avatar\\\/a545bbb6f84efdd5553dbbc2895e3ca8f1d12c5215e00a041c9670b54aa9b18a?s=96&d=mm&r=g\",\"url\":\"https:\\\/\\\/secure.gravatar.com\\\/avatar\\\/a545bbb6f84efdd5553dbbc2895e3ca8f1d12c5215e00a041c9670b54aa9b18a?s=96&d=mm&r=g\",\"contentUrl\":\"https:\\\/\\\/secure.gravatar.com\\\/avatar\\\/a545bbb6f84efdd5553dbbc2895e3ca8f1d12c5215e00a041c9670b54aa9b18a?s=96&d=mm&r=g\",\"caption\":\"MC\"},\"url\":\"https:\\\/\\\/www.webdo.tn\\\/fr\\\/actualite\\\/author\\\/mc\\\/\"}]}<\/script>\n<!-- \/ Yoast SEO Premium plugin. -->","yoast_head_json":{"title":"Un Tunisien tu\u00e9 en Belgique en tentant de sauver une femme","description":"Un jeune Tunisien de 34 ans, originaire de Kairouan et r\u00e9sidant en Belgique, est d\u00e9c\u00e9d\u00e9 apr\u00e8s avoir tent\u00e9 de sauver une m\u00e8re et sa fille d\u2019un braquage. Sa famil...","canonical":"https:\/\/www.webdo.tn\/fr\/actualite\/national\/appel-au-rapatriement-d-un-tunisien-tue-en-belgique-en-tentant-de-sauver-une-femme\/222248\/","og_locale":"fr_FR","og_type":"article","og_title":"Un Tunisien tu\u00e9 en Belgique en tentant de sauver une femme","og_description":"Un jeune Tunisien de 34 ans, originaire de Kairouan et r\u00e9sidant en Belgique, est d\u00e9c\u00e9d\u00e9 apr\u00e8s avoir tent\u00e9 de sauver une m\u00e8re et sa fille d\u2019un braquage. Sa famil...","og_url":"https:\/\/www.webdo.tn\/fr\/actualite\/national\/appel-au-rapatriement-d-un-tunisien-tue-en-belgique-en-tentant-de-sauver-une-femme\/222248\/","og_site_name":"webdo","article_publisher":"https:\/\/www.facebook.com\/webdotn","article_published_time":"2025-05-28T13:14:00+00:00","article_modified_time":"2025-06-04T21:56:53+00:00","og_image":[{"width":750,"height":400,"url":"https:\/\/www.webdo.tn\/fr\/wp-content\/uploads\/2025\/05\/6094ebd00ec90fef8d34e15f50270365.webp","type":"image\/webp"}],"author":"MC","twitter_card":"summary_large_image","twitter_creator":"@webdo_tn","twitter_site":"@webdo_tn","twitter_misc":{"\u00c9crit par":"MC","Dur\u00e9e de lecture estim\u00e9e":"1 minute"},"schema":{"@context":"https:\/\/schema.org","@graph":[{"@type":"NewsArticle","@id":"https:\/\/www.webdo.tn\/fr\/actualite\/national\/appel-au-rapatriement-d-un-tunisien-tue-en-belgique-en-tentant-de-sauver-une-femme\/222248\/#article","isPartOf":{"@id":"https:\/\/www.webdo.tn\/fr\/actualite\/national\/appel-au-rapatriement-d-un-tunisien-tue-en-belgique-en-tentant-de-sauver-une-femme\/222248\/"},"author":{"name":"MC","@id":"https:\/\/www.webdo.tn\/fr\/#\/schema\/person\/2c4929cbf5a809e3bd38617c6ce150f6"},"headline":"Un Tunisien tu\u00e9 en Belgique en tentant de sauver une femme","datePublished":"2025-05-28T13:14:00+00:00","dateModified":"2025-06-04T21:56:53+00:00","mainEntityOfPage":{"@id":"https:\/\/www.webdo.tn\/fr\/actualite\/national\/appel-au-rapatriement-d-un-tunisien-tue-en-belgique-en-tentant-de-sauver-une-femme\/222248\/"},"wordCount":310,"commentCount":0,"publisher":{"@id":"https:\/\/www.webdo.tn\/fr\/#organization"},"image":{"@id":"https:\/\/www.webdo.tn\/fr\/actualite\/national\/appel-au-rapatriement-d-un-tunisien-tue-en-belgique-en-tentant-de-sauver-une-femme\/222248\/#primaryimage"},"thumbnailUrl":"https:\/\/www.webdo.tn\/fr\/wp-content\/uploads\/2025\/05\/6094ebd00ec90fef8d34e15f50270365.webp","keywords":["belgique","D\u00e9c\u00e8s","Jeune","Tunisie"],"articleSection":["National"],"inLanguage":"fr-FR"},{"@type":"WebPage","@id":"https:\/\/www.webdo.tn\/fr\/actualite\/national\/appel-au-rapatriement-d-un-tunisien-tue-en-belgique-en-tentant-de-sauver-une-femme\/222248\/","url":"https:\/\/www.webdo.tn\/fr\/actualite\/national\/appel-au-rapatriement-d-un-tunisien-tue-en-belgique-en-tentant-de-sauver-une-femme\/222248\/","name":"Un Tunisien tu\u00e9 en Belgique en tentant de sauver une femme","isPartOf":{"@id":"https:\/\/www.webdo.tn\/fr\/#website"},"primaryImageOfPage":{"@id":"https:\/\/www.webdo.tn\/fr\/actualite\/national\/appel-au-rapatriement-d-un-tunisien-tue-en-belgique-en-tentant-de-sauver-une-femme\/222248\/#primaryimage"},"image":{"@id":"https:\/\/www.webdo.tn\/fr\/actualite\/national\/appel-au-rapatriement-d-un-tunisien-tue-en-belgique-en-tentant-de-sauver-une-femme\/222248\/#primaryimage"},"thumbnailUrl":"https:\/\/www.webdo.tn\/fr\/wp-content\/uploads\/2025\/05\/6094ebd00ec90fef8d34e15f50270365.webp","datePublished":"2025-05-28T13:14:00+00:00","dateModified":"2025-06-04T21:56:53+00:00","description":"Un jeune Tunisien de 34 ans, originaire de Kairouan et r\u00e9sidant en Belgique, est d\u00e9c\u00e9d\u00e9 apr\u00e8s avoir tent\u00e9 de sauver une m\u00e8re et sa fille d\u2019un braquage. Sa famil...","breadcrumb":{"@id":"https:\/\/www.webdo.tn\/fr\/actualite\/national\/appel-au-rapatriement-d-un-tunisien-tue-en-belgique-en-tentant-de-sauver-une-femme\/222248\/#breadcrumb"},"inLanguage":"fr-FR","potentialAction":[{"@type":"ReadAction","target":["https:\/\/www.webdo.tn\/fr\/actualite\/national\/appel-au-rapatriement-d-un-tunisien-tue-en-belgique-en-tentant-de-sauver-une-femme\/222248\/"]}]},{"@type":"ImageObject","inLanguage":"fr-FR","@id":"https:\/\/www.webdo.tn\/fr\/actualite\/national\/appel-au-rapatriement-d-un-tunisien-tue-en-belgique-en-tentant-de-sauver-une-femme\/222248\/#primaryimage","url":"https:\/\/www.webdo.tn\/fr\/wp-content\/uploads\/2025\/05\/6094ebd00ec90fef8d34e15f50270365.webp","contentUrl":"https:\/\/www.webdo.tn\/fr\/wp-content\/uploads\/2025\/05\/6094ebd00ec90fef8d34e15f50270365.webp","width":750,"height":400,"caption":"Un Tunisien tu\u00e9 en Belgique en tentant de sauver une femme"},{"@type":"BreadcrumbList","@id":"https:\/\/www.webdo.tn\/fr\/actualite\/national\/appel-au-rapatriement-d-un-tunisien-tue-en-belgique-en-tentant-de-sauver-une-femme\/222248\/#breadcrumb","itemListElement":[{"@type":"ListItem","position":1,"name":"Accueil","item":"https:\/\/www.webdo.tn\/fr\/"},{"@type":"ListItem","position":2,"name":"Un Tunisien tu\u00e9 en Belgique en tentant de sauver une femme"}]},{"@type":"WebSite","@id":"https:\/\/www.webdo.tn\/fr\/#website","url":"https:\/\/www.webdo.tn\/fr\/","name":"webdo","description":"Tunisie - News en Tunisie et \u00e0 l&#039;international sur Webdo.tn","publisher":{"@id":"https:\/\/www.webdo.tn\/fr\/#organization"},"potentialAction":[{"@type":"SearchAction","target":{"@type":"EntryPoint","urlTemplate":"https:\/\/www.webdo.tn\/fr\/?s={search_term_string}"},"query-input":{"@type":"PropertyValueSpecification","valueRequired":true,"valueName":"search_term_string"}}],"inLanguage":"fr-FR"},{"@type":"Organization","@id":"https:\/\/www.webdo.tn\/fr\/#organization","name":"Webdo","alternateName":"Webdo.tn","url":"https:\/\/www.webdo.tn\/fr\/","logo":{"@type":"ImageObject","inLanguage":"fr-FR","@id":"https:\/\/www.webdo.tn\/fr\/#\/schema\/logo\/image\/","url":"https:\/\/www.webdo.tn\/fr\/wp-content\/uploads\/2025\/06\/Webdo-Tunisie_168377.jpg","contentUrl":"https:\/\/www.webdo.tn\/fr\/wp-content\/uploads\/2025\/06\/Webdo-Tunisie_168377.jpg","width":301,"height":301,"caption":"Webdo"},"image":{"@id":"https:\/\/www.webdo.tn\/fr\/#\/schema\/logo\/image\/"},"sameAs":["https:\/\/www.facebook.com\/webdotn","https:\/\/x.com\/webdo_tn"],"description":"Webdo est un m\u00e9dia num\u00e9rique tunisien fond\u00e9 en 2010, sp\u00e9cialis\u00e9 dans l\u2019actualit\u00e9 nationale et internationale, l\u2019\u00e9conomie, la soci\u00e9t\u00e9 et les analyses politiques. Le site s\u2019adresse \u00e0 un large public francophone et couvre l\u2019information tunisienne en temps r\u00e9el.","email":"redac@webdo.tn","legalName":"YNJ SARL","foundingDate":"2010-09-06","numberOfEmployees":{"@type":"QuantitativeValue","minValue":"11","maxValue":"50"}},{"@type":"Person","@id":"https:\/\/www.webdo.tn\/fr\/#\/schema\/person\/2c4929cbf5a809e3bd38617c6ce150f6","name":"MC","image":{"@type":"ImageObject","inLanguage":"fr-FR","@id":"https:\/\/secure.gravatar.com\/avatar\/a545bbb6f84efdd5553dbbc2895e3ca8f1d12c5215e00a041c9670b54aa9b18a?s=96&d=mm&r=g","url":"https:\/\/secure.gravatar.com\/avatar\/a545bbb6f84efdd5553dbbc2895e3ca8f1d12c5215e00a041c9670b54aa9b18a?s=96&d=mm&r=g","contentUrl":"https:\/\/secure.gravatar.com\/avatar\/a545bbb6f84efdd5553dbbc2895e3ca8f1d12c5215e00a041c9670b54aa9b18a?s=96&d=mm&r=g","caption":"MC"},"url":"https:\/\/www.webdo.tn\/fr\/actualite\/author\/mc\/"}]}},"_links":{"self":[{"href":"https:\/\/www.webdo.tn\/fr\/wp-json\/wp\/v2\/posts\/222248","targetHints":{"allow":["GET"]}}],"collection":[{"href":"https:\/\/www.webdo.tn\/fr\/wp-json\/wp\/v2\/posts"}],"about":[{"href":"https:\/\/www.webdo.tn\/fr\/wp-json\/wp\/v2\/types\/post"}],"author":[{"embeddable":true,"href":"https:\/\/www.webdo.tn\/fr\/wp-json\/wp\/v2\/users\/3162"}],"replies":[{"embeddable":true,"href":"https:\/\/www.webdo.tn\/fr\/wp-json\/wp\/v2\/comments?post=222248"}],"version-history":[{"count":0,"href":"https:\/\/www.webdo.tn\/fr\/wp-json\/wp\/v2\/posts\/222248\/revisions"}],"wp:featuredmedia":[{"embeddable":true,"href":"https:\/\/www.webdo.tn\/fr\/wp-json\/wp\/v2\/media\/362924"}],"wp:attachment":[{"href":"https:\/\/www.webdo.tn\/fr\/wp-json\/wp\/v2\/media?parent=222248"}],"wp:term":[{"taxonomy":"category","embeddable":true,"href":"https:\/\/www.webdo.tn\/fr\/wp-json\/wp\/v2\/categories?post=222248"},{"taxonomy":"post_tag","embeddable":true,"href":"https:\/\/www.webdo.tn\/fr\/wp-json\/wp\/v2\/tags?post=222248"}],"curies":[{"name":"wp","href":"https:\/\/api.w.org\/{rel}","templated":true}]}}