{"id":222241,"date":"2025-05-28T10:20:00","date_gmt":"2025-05-28T10:20:00","guid":{"rendered":"https:\/\/www.webdo.tn\/fr\/actualite\/blog\/polemique-en-tunisie-des-portraits-d-otages-israeliens-affiches-a-la-ghriba\/222241\/"},"modified":"2025-05-28T10:20:00","modified_gmt":"2025-05-28T10:20:00","slug":"polemique-en-tunisie-des-portraits-d-otages-israeliens-affiches-a-la-ghriba","status":"publish","type":"post","link":"https:\/\/www.webdo.tn\/fr\/actualite\/national\/polemique-en-tunisie-des-portraits-d-otages-israeliens-affiches-a-la-ghriba\/222241\/","title":{"rendered":"Pol\u00e9mique en Tunisie : Des portraits d\u2019otages isra\u00e9liens affich\u00e9s \u00e0 la Ghriba"},"content":{"rendered":"<p>Chaque ann\u00e9e, la synagogue de la Ghriba, sur l&rsquo;\u00eele de Djerba, accueille des centaines de p\u00e8lerins juifs, venus c\u00e9l\u00e9brer dans un esprit de paix et de spiritualit\u00e9. Mais cette ann\u00e9e, un d\u00e9tail a cristallis\u00e9 l\u2019attention bien au-del\u00e0 des rituels religieux : l\u2019affichage de photos d\u2019otages isra\u00e9liens d\u00e9tenus par le Hamas, accompagn\u00e9es du slogan \u00ab\u00a0Bring Them Home Now\u00a0\u00bb, a provoqu\u00e9 une vive controverse en Tunisie.<\/p>\n<p> Des images de p\u00e8lerins tenant des portraits d\u2019otages \u2013 civils ou membres des forces isra\u00e9liennes \u2013 ont circul\u00e9 sur les r\u00e9seaux sociaux et dans la presse internationale, cr\u00e9ant un malaise dans une soci\u00e9t\u00e9 tunisienne d\u00e9j\u00e0 sensible \u00e0 la question palestinienne.<\/p>\n<p>Pour de nombreux observateurs, ce geste a introduit un \u00e9l\u00e9ment politique dans un lieu de culte cens\u00e9 rester neutre. Le slogan \u00ab\u00a0Bring Them Home Now\u00a0\u00bb, cr\u00e9\u00e9 par des familles d\u2019otages isra\u00e9liens, va au-del\u00e0 d\u2019un simple appel humanitaire : son site officiel qualifie le Hamas de \u00ab\u00a0mouvement terroriste\u00a0\u00bb et affirme vouloir \u00ab\u00a0poursuivre ses membres pour crimes de guerre et crimes contre l\u2019humanit\u00e9\u00a0\u00bb.<\/p>\n<p>Un message per\u00e7u comme probl\u00e9matique, notamment dans un pays o\u00f9 la cause palestinienne b\u00e9n\u00e9ficie d\u2019un fort soutien populaire et o\u00f9 l\u2019opinion publique reste tr\u00e8s critique envers les actions militaires d\u2019Isra\u00ebl.<\/p>\n<p>Dans une publication remarqu\u00e9e sur les r\u00e9seaux sociaux, le journaliste tunisien Bassem Bounani a exprim\u00e9 son indignation :<\/p>\n<p>\u00ab\u00a0Les Juifs de Tunisie ont pleinement le droit de pratiquer leur culte en toute libert\u00e9, avec la protection des autorit\u00e9s si n\u00e9cessaire. Mais j\u2019ai aussi le droit, en tant que citoyen, de savoir qui a autoris\u00e9 l\u2019exposition de photos d\u2019un policier de l\u2019arm\u00e9e d\u2019occupation tu\u00e9 le 7 octobre 2023, ainsi que d\u2019otages sionistes d\u00e9tenus par le Hamas, lors du p\u00e8lerinage \u00e0 la Ghriba. Cette prise de position n\u2019a rien \u00e0 voir ni avec la position officielle de l\u2019\u00c9tat, ni avec celle du peuple, ni avec la synagogue en tant que lieu de culte.\u00a0\u00bb<\/p>\n<p>Une confusion des espaces<\/p>\n<p>La controverse repose sur une distinction fondamentale : celle entre la pratique religieuse, qui doit \u00eatre prot\u00e9g\u00e9e et respect\u00e9e, et l\u2019expression politique, qui, dans un contexte aussi sensible, peut provoquer des tensions. Le risque est grand de voir la Ghriba devenir malgr\u00e9 elle un espace instrumentalis\u00e9 pour des causes \u00e9trang\u00e8res au culte, exposant ainsi la communaut\u00e9 juive de Tunisie \u00e0 des pol\u00e9miques ind\u00e9sirables.<\/p>\n<p>Pour l\u2019\u00c9tat, garantir la s\u00e9curit\u00e9 du p\u00e8lerinage tout en \u00e9vitant les d\u00e9bordements d\u2019ordre politique devient un exercice d\u2019\u00e9quilibrisme. Il s\u2019agit de respecter les engagements de protection des minorit\u00e9s religieuses tout en tenant compte de la sensibilit\u00e9 populaire au conflit isra\u00e9lo-palestinien.<\/p>\n<p>La pol\u00e9mique actuelle autour des photos des otages isra\u00e9liens met en lumi\u00e8re une tension persistante entre libert\u00e9 religieuse, neutralit\u00e9 des lieux de culte et perception politique des symboles affich\u00e9s. Elle interroge aussi sur la responsabilit\u00e9 des organisateurs et des autorit\u00e9s en mati\u00e8re de cadrage des manifestations religieuses accueillies sur le sol tunisien.<\/p>\n","protected":false},"excerpt":{"rendered":"<p>En Tunisie, l&rsquo;affichage de photos d&rsquo;otages isra\u00e9liens pendant le p\u00e8lerinage juif \u00e0 la Ghriba soul\u00e8ve une vive controverse. Entre libert\u00e9 de culte et instrumenta&#8230;<\/p>\n","protected":false},"author":3162,"featured_media":366193,"comment_status":"open","ping_status":"closed","sticky":false,"template":"","format":"standard","meta":{"footnotes":""},"categories":[44],"tags":[3696,8449,4031,2608],"class_list":["post-222241","post","type-post","status-publish","format-standard","has-post-thumbnail","hentry","category-national","tag-djerba","tag-ghriba","tag-pelerinage","tag-tunisie"],"yoast_head":"<!-- This site is optimized with the Yoast SEO Premium plugin v27.5 (Yoast SEO v27.5) - https:\/\/yoast.com\/product\/yoast-seo-premium-wordpress\/ -->\n<title>Pol\u00e9mique en Tunisie : Des portraits d\u2019otages isra\u00e9liens affich\u00e9s \u00e0 la Ghriba<\/title>\n<meta name=\"description\" content=\"En Tunisie, l&#039;affichage de photos d&#039;otages isra\u00e9liens pendant le p\u00e8lerinage juif \u00e0 la Ghriba soul\u00e8ve une vive controverse. Entre libert\u00e9 de culte et instrumenta...\" \/>\n<link rel=\"canonical\" href=\"https:\/\/www.webdo.tn\/fr\/actualite\/national\/polemique-en-tunisie-des-portraits-d-otages-israeliens-affiches-a-la-ghriba\/222241\/\" \/>\n<meta property=\"og:locale\" content=\"fr_FR\" \/>\n<meta property=\"og:type\" content=\"article\" \/>\n<meta property=\"og:title\" content=\"Pol\u00e9mique en Tunisie : Des portraits d\u2019otages isra\u00e9liens affich\u00e9s \u00e0 la Ghriba\" \/>\n<meta property=\"og:description\" content=\"En Tunisie, l&#039;affichage de photos d&#039;otages isra\u00e9liens pendant le p\u00e8lerinage juif \u00e0 la Ghriba soul\u00e8ve une vive controverse. Entre libert\u00e9 de culte et instrumenta...\" \/>\n<meta property=\"og:url\" content=\"https:\/\/www.webdo.tn\/fr\/actualite\/national\/polemique-en-tunisie-des-portraits-d-otages-israeliens-affiches-a-la-ghriba\/222241\/\" \/>\n<meta property=\"og:site_name\" content=\"webdo\" \/>\n<meta property=\"article:publisher\" content=\"https:\/\/www.facebook.com\/webdotn\" \/>\n<meta property=\"article:published_time\" content=\"2025-05-28T10:20:00+00:00\" \/>\n<meta property=\"og:image\" content=\"https:\/\/www.webdo.tn\/fr\/wp-content\/uploads\/2025\/05\/f1feda543d3ca9088b6e58bbf8da5dd0.webp\" \/>\n\t<meta property=\"og:image:width\" content=\"750\" \/>\n\t<meta property=\"og:image:height\" content=\"400\" \/>\n\t<meta property=\"og:image:type\" content=\"image\/webp\" \/>\n<meta name=\"author\" content=\"MC\" \/>\n<meta name=\"twitter:card\" content=\"summary_large_image\" \/>\n<meta name=\"twitter:creator\" content=\"@webdo_tn\" \/>\n<meta name=\"twitter:site\" content=\"@webdo_tn\" \/>\n<meta name=\"twitter:label1\" content=\"\u00c9crit par\" \/>\n\t<meta name=\"twitter:data1\" content=\"MC\" \/>\n\t<meta name=\"twitter:label2\" content=\"Dur\u00e9e de lecture estim\u00e9e\" \/>\n\t<meta name=\"twitter:data2\" content=\"3 minutes\" \/>\n<script type=\"application\/ld+json\" class=\"yoast-schema-graph\">{\"@context\":\"https:\\\/\\\/schema.org\",\"@graph\":[{\"@type\":\"NewsArticle\",\"@id\":\"https:\\\/\\\/www.webdo.tn\\\/fr\\\/actualite\\\/national\\\/polemique-en-tunisie-des-portraits-d-otages-israeliens-affiches-a-la-ghriba\\\/222241\\\/#article\",\"isPartOf\":{\"@id\":\"https:\\\/\\\/www.webdo.tn\\\/fr\\\/actualite\\\/national\\\/polemique-en-tunisie-des-portraits-d-otages-israeliens-affiches-a-la-ghriba\\\/222241\\\/\"},\"author\":{\"name\":\"MC\",\"@id\":\"https:\\\/\\\/www.webdo.tn\\\/fr\\\/#\\\/schema\\\/person\\\/2c4929cbf5a809e3bd38617c6ce150f6\"},\"headline\":\"Pol\u00e9mique en Tunisie : Des portraits d\u2019otages isra\u00e9liens affich\u00e9s \u00e0 la Ghriba\",\"datePublished\":\"2025-05-28T10:20:00+00:00\",\"mainEntityOfPage\":{\"@id\":\"https:\\\/\\\/www.webdo.tn\\\/fr\\\/actualite\\\/national\\\/polemique-en-tunisie-des-portraits-d-otages-israeliens-affiches-a-la-ghriba\\\/222241\\\/\"},\"wordCount\":538,\"commentCount\":0,\"publisher\":{\"@id\":\"https:\\\/\\\/www.webdo.tn\\\/fr\\\/#organization\"},\"image\":{\"@id\":\"https:\\\/\\\/www.webdo.tn\\\/fr\\\/actualite\\\/national\\\/polemique-en-tunisie-des-portraits-d-otages-israeliens-affiches-a-la-ghriba\\\/222241\\\/#primaryimage\"},\"thumbnailUrl\":\"https:\\\/\\\/www.webdo.tn\\\/fr\\\/wp-content\\\/uploads\\\/2025\\\/05\\\/f1feda543d3ca9088b6e58bbf8da5dd0.webp\",\"keywords\":[\"djerba\",\"Ghriba\",\"p\u00e8lerinage\",\"Tunisie\"],\"articleSection\":[\"National\"],\"inLanguage\":\"fr-FR\"},{\"@type\":\"WebPage\",\"@id\":\"https:\\\/\\\/www.webdo.tn\\\/fr\\\/actualite\\\/national\\\/polemique-en-tunisie-des-portraits-d-otages-israeliens-affiches-a-la-ghriba\\\/222241\\\/\",\"url\":\"https:\\\/\\\/www.webdo.tn\\\/fr\\\/actualite\\\/national\\\/polemique-en-tunisie-des-portraits-d-otages-israeliens-affiches-a-la-ghriba\\\/222241\\\/\",\"name\":\"Pol\u00e9mique en Tunisie : Des portraits d\u2019otages isra\u00e9liens affich\u00e9s \u00e0 la Ghriba\",\"isPartOf\":{\"@id\":\"https:\\\/\\\/www.webdo.tn\\\/fr\\\/#website\"},\"primaryImageOfPage\":{\"@id\":\"https:\\\/\\\/www.webdo.tn\\\/fr\\\/actualite\\\/national\\\/polemique-en-tunisie-des-portraits-d-otages-israeliens-affiches-a-la-ghriba\\\/222241\\\/#primaryimage\"},\"image\":{\"@id\":\"https:\\\/\\\/www.webdo.tn\\\/fr\\\/actualite\\\/national\\\/polemique-en-tunisie-des-portraits-d-otages-israeliens-affiches-a-la-ghriba\\\/222241\\\/#primaryimage\"},\"thumbnailUrl\":\"https:\\\/\\\/www.webdo.tn\\\/fr\\\/wp-content\\\/uploads\\\/2025\\\/05\\\/f1feda543d3ca9088b6e58bbf8da5dd0.webp\",\"datePublished\":\"2025-05-28T10:20:00+00:00\",\"description\":\"En Tunisie, l'affichage de photos d'otages isra\u00e9liens pendant le p\u00e8lerinage juif \u00e0 la Ghriba soul\u00e8ve une vive controverse. Entre libert\u00e9 de culte et instrumenta...\",\"breadcrumb\":{\"@id\":\"https:\\\/\\\/www.webdo.tn\\\/fr\\\/actualite\\\/national\\\/polemique-en-tunisie-des-portraits-d-otages-israeliens-affiches-a-la-ghriba\\\/222241\\\/#breadcrumb\"},\"inLanguage\":\"fr-FR\",\"potentialAction\":[{\"@type\":\"ReadAction\",\"target\":[\"https:\\\/\\\/www.webdo.tn\\\/fr\\\/actualite\\\/national\\\/polemique-en-tunisie-des-portraits-d-otages-israeliens-affiches-a-la-ghriba\\\/222241\\\/\"]}]},{\"@type\":\"ImageObject\",\"inLanguage\":\"fr-FR\",\"@id\":\"https:\\\/\\\/www.webdo.tn\\\/fr\\\/actualite\\\/national\\\/polemique-en-tunisie-des-portraits-d-otages-israeliens-affiches-a-la-ghriba\\\/222241\\\/#primaryimage\",\"url\":\"https:\\\/\\\/www.webdo.tn\\\/fr\\\/wp-content\\\/uploads\\\/2025\\\/05\\\/f1feda543d3ca9088b6e58bbf8da5dd0.webp\",\"contentUrl\":\"https:\\\/\\\/www.webdo.tn\\\/fr\\\/wp-content\\\/uploads\\\/2025\\\/05\\\/f1feda543d3ca9088b6e58bbf8da5dd0.webp\",\"width\":750,\"height\":400,\"caption\":\"Pol\u00e9mique en Tunisie : Des portraits d\u2019otages isra\u00e9liens affich\u00e9s \u00e0 la Ghriba\"},{\"@type\":\"BreadcrumbList\",\"@id\":\"https:\\\/\\\/www.webdo.tn\\\/fr\\\/actualite\\\/national\\\/polemique-en-tunisie-des-portraits-d-otages-israeliens-affiches-a-la-ghriba\\\/222241\\\/#breadcrumb\",\"itemListElement\":[{\"@type\":\"ListItem\",\"position\":1,\"name\":\"Accueil\",\"item\":\"https:\\\/\\\/www.webdo.tn\\\/fr\\\/\"},{\"@type\":\"ListItem\",\"position\":2,\"name\":\"Pol\u00e9mique en Tunisie : Des portraits d\u2019otages isra\u00e9liens affich\u00e9s \u00e0 la Ghriba\"}]},{\"@type\":\"WebSite\",\"@id\":\"https:\\\/\\\/www.webdo.tn\\\/fr\\\/#website\",\"url\":\"https:\\\/\\\/www.webdo.tn\\\/fr\\\/\",\"name\":\"webdo\",\"description\":\"Tunisie - News en Tunisie et \u00e0 l&#039;international sur Webdo.tn\",\"publisher\":{\"@id\":\"https:\\\/\\\/www.webdo.tn\\\/fr\\\/#organization\"},\"potentialAction\":[{\"@type\":\"SearchAction\",\"target\":{\"@type\":\"EntryPoint\",\"urlTemplate\":\"https:\\\/\\\/www.webdo.tn\\\/fr\\\/?s={search_term_string}\"},\"query-input\":{\"@type\":\"PropertyValueSpecification\",\"valueRequired\":true,\"valueName\":\"search_term_string\"}}],\"inLanguage\":\"fr-FR\"},{\"@type\":\"Organization\",\"@id\":\"https:\\\/\\\/www.webdo.tn\\\/fr\\\/#organization\",\"name\":\"Webdo\",\"alternateName\":\"Webdo.tn\",\"url\":\"https:\\\/\\\/www.webdo.tn\\\/fr\\\/\",\"logo\":{\"@type\":\"ImageObject\",\"inLanguage\":\"fr-FR\",\"@id\":\"https:\\\/\\\/www.webdo.tn\\\/fr\\\/#\\\/schema\\\/logo\\\/image\\\/\",\"url\":\"https:\\\/\\\/www.webdo.tn\\\/fr\\\/wp-content\\\/uploads\\\/2025\\\/06\\\/Webdo-Tunisie_168377.jpg\",\"contentUrl\":\"https:\\\/\\\/www.webdo.tn\\\/fr\\\/wp-content\\\/uploads\\\/2025\\\/06\\\/Webdo-Tunisie_168377.jpg\",\"width\":301,\"height\":301,\"caption\":\"Webdo\"},\"image\":{\"@id\":\"https:\\\/\\\/www.webdo.tn\\\/fr\\\/#\\\/schema\\\/logo\\\/image\\\/\"},\"sameAs\":[\"https:\\\/\\\/www.facebook.com\\\/webdotn\",\"https:\\\/\\\/x.com\\\/webdo_tn\"],\"description\":\"Webdo est un m\u00e9dia num\u00e9rique tunisien fond\u00e9 en 2010, sp\u00e9cialis\u00e9 dans l\u2019actualit\u00e9 nationale et internationale, l\u2019\u00e9conomie, la soci\u00e9t\u00e9 et les analyses politiques. Le site s\u2019adresse \u00e0 un large public francophone et couvre l\u2019information tunisienne en temps r\u00e9el.\",\"email\":\"redac@webdo.tn\",\"legalName\":\"YNJ SARL\",\"foundingDate\":\"2010-09-06\",\"numberOfEmployees\":{\"@type\":\"QuantitativeValue\",\"minValue\":\"11\",\"maxValue\":\"50\"}},{\"@type\":\"Person\",\"@id\":\"https:\\\/\\\/www.webdo.tn\\\/fr\\\/#\\\/schema\\\/person\\\/2c4929cbf5a809e3bd38617c6ce150f6\",\"name\":\"MC\",\"image\":{\"@type\":\"ImageObject\",\"inLanguage\":\"fr-FR\",\"@id\":\"https:\\\/\\\/secure.gravatar.com\\\/avatar\\\/a545bbb6f84efdd5553dbbc2895e3ca8f1d12c5215e00a041c9670b54aa9b18a?s=96&d=mm&r=g\",\"url\":\"https:\\\/\\\/secure.gravatar.com\\\/avatar\\\/a545bbb6f84efdd5553dbbc2895e3ca8f1d12c5215e00a041c9670b54aa9b18a?s=96&d=mm&r=g\",\"contentUrl\":\"https:\\\/\\\/secure.gravatar.com\\\/avatar\\\/a545bbb6f84efdd5553dbbc2895e3ca8f1d12c5215e00a041c9670b54aa9b18a?s=96&d=mm&r=g\",\"caption\":\"MC\"},\"url\":\"https:\\\/\\\/www.webdo.tn\\\/fr\\\/actualite\\\/author\\\/mc\\\/\"}]}<\/script>\n<!-- \/ Yoast SEO Premium plugin. -->","yoast_head_json":{"title":"Pol\u00e9mique en Tunisie : Des portraits d\u2019otages isra\u00e9liens affich\u00e9s \u00e0 la Ghriba","description":"En Tunisie, l'affichage de photos d'otages isra\u00e9liens pendant le p\u00e8lerinage juif \u00e0 la Ghriba soul\u00e8ve une vive controverse. Entre libert\u00e9 de culte et instrumenta...","canonical":"https:\/\/www.webdo.tn\/fr\/actualite\/national\/polemique-en-tunisie-des-portraits-d-otages-israeliens-affiches-a-la-ghriba\/222241\/","og_locale":"fr_FR","og_type":"article","og_title":"Pol\u00e9mique en Tunisie : Des portraits d\u2019otages isra\u00e9liens affich\u00e9s \u00e0 la Ghriba","og_description":"En Tunisie, l'affichage de photos d'otages isra\u00e9liens pendant le p\u00e8lerinage juif \u00e0 la Ghriba soul\u00e8ve une vive controverse. Entre libert\u00e9 de culte et instrumenta...","og_url":"https:\/\/www.webdo.tn\/fr\/actualite\/national\/polemique-en-tunisie-des-portraits-d-otages-israeliens-affiches-a-la-ghriba\/222241\/","og_site_name":"webdo","article_publisher":"https:\/\/www.facebook.com\/webdotn","article_published_time":"2025-05-28T10:20:00+00:00","og_image":[{"width":750,"height":400,"url":"https:\/\/www.webdo.tn\/fr\/wp-content\/uploads\/2025\/05\/f1feda543d3ca9088b6e58bbf8da5dd0.webp","type":"image\/webp"}],"author":"MC","twitter_card":"summary_large_image","twitter_creator":"@webdo_tn","twitter_site":"@webdo_tn","twitter_misc":{"\u00c9crit par":"MC","Dur\u00e9e de lecture estim\u00e9e":"3 minutes"},"schema":{"@context":"https:\/\/schema.org","@graph":[{"@type":"NewsArticle","@id":"https:\/\/www.webdo.tn\/fr\/actualite\/national\/polemique-en-tunisie-des-portraits-d-otages-israeliens-affiches-a-la-ghriba\/222241\/#article","isPartOf":{"@id":"https:\/\/www.webdo.tn\/fr\/actualite\/national\/polemique-en-tunisie-des-portraits-d-otages-israeliens-affiches-a-la-ghriba\/222241\/"},"author":{"name":"MC","@id":"https:\/\/www.webdo.tn\/fr\/#\/schema\/person\/2c4929cbf5a809e3bd38617c6ce150f6"},"headline":"Pol\u00e9mique en Tunisie : Des portraits d\u2019otages isra\u00e9liens affich\u00e9s \u00e0 la Ghriba","datePublished":"2025-05-28T10:20:00+00:00","mainEntityOfPage":{"@id":"https:\/\/www.webdo.tn\/fr\/actualite\/national\/polemique-en-tunisie-des-portraits-d-otages-israeliens-affiches-a-la-ghriba\/222241\/"},"wordCount":538,"commentCount":0,"publisher":{"@id":"https:\/\/www.webdo.tn\/fr\/#organization"},"image":{"@id":"https:\/\/www.webdo.tn\/fr\/actualite\/national\/polemique-en-tunisie-des-portraits-d-otages-israeliens-affiches-a-la-ghriba\/222241\/#primaryimage"},"thumbnailUrl":"https:\/\/www.webdo.tn\/fr\/wp-content\/uploads\/2025\/05\/f1feda543d3ca9088b6e58bbf8da5dd0.webp","keywords":["djerba","Ghriba","p\u00e8lerinage","Tunisie"],"articleSection":["National"],"inLanguage":"fr-FR"},{"@type":"WebPage","@id":"https:\/\/www.webdo.tn\/fr\/actualite\/national\/polemique-en-tunisie-des-portraits-d-otages-israeliens-affiches-a-la-ghriba\/222241\/","url":"https:\/\/www.webdo.tn\/fr\/actualite\/national\/polemique-en-tunisie-des-portraits-d-otages-israeliens-affiches-a-la-ghriba\/222241\/","name":"Pol\u00e9mique en Tunisie : Des portraits d\u2019otages isra\u00e9liens affich\u00e9s \u00e0 la Ghriba","isPartOf":{"@id":"https:\/\/www.webdo.tn\/fr\/#website"},"primaryImageOfPage":{"@id":"https:\/\/www.webdo.tn\/fr\/actualite\/national\/polemique-en-tunisie-des-portraits-d-otages-israeliens-affiches-a-la-ghriba\/222241\/#primaryimage"},"image":{"@id":"https:\/\/www.webdo.tn\/fr\/actualite\/national\/polemique-en-tunisie-des-portraits-d-otages-israeliens-affiches-a-la-ghriba\/222241\/#primaryimage"},"thumbnailUrl":"https:\/\/www.webdo.tn\/fr\/wp-content\/uploads\/2025\/05\/f1feda543d3ca9088b6e58bbf8da5dd0.webp","datePublished":"2025-05-28T10:20:00+00:00","description":"En Tunisie, l'affichage de photos d'otages isra\u00e9liens pendant le p\u00e8lerinage juif \u00e0 la Ghriba soul\u00e8ve une vive controverse. Entre libert\u00e9 de culte et instrumenta...","breadcrumb":{"@id":"https:\/\/www.webdo.tn\/fr\/actualite\/national\/polemique-en-tunisie-des-portraits-d-otages-israeliens-affiches-a-la-ghriba\/222241\/#breadcrumb"},"inLanguage":"fr-FR","potentialAction":[{"@type":"ReadAction","target":["https:\/\/www.webdo.tn\/fr\/actualite\/national\/polemique-en-tunisie-des-portraits-d-otages-israeliens-affiches-a-la-ghriba\/222241\/"]}]},{"@type":"ImageObject","inLanguage":"fr-FR","@id":"https:\/\/www.webdo.tn\/fr\/actualite\/national\/polemique-en-tunisie-des-portraits-d-otages-israeliens-affiches-a-la-ghriba\/222241\/#primaryimage","url":"https:\/\/www.webdo.tn\/fr\/wp-content\/uploads\/2025\/05\/f1feda543d3ca9088b6e58bbf8da5dd0.webp","contentUrl":"https:\/\/www.webdo.tn\/fr\/wp-content\/uploads\/2025\/05\/f1feda543d3ca9088b6e58bbf8da5dd0.webp","width":750,"height":400,"caption":"Pol\u00e9mique en Tunisie : Des portraits d\u2019otages isra\u00e9liens affich\u00e9s \u00e0 la Ghriba"},{"@type":"BreadcrumbList","@id":"https:\/\/www.webdo.tn\/fr\/actualite\/national\/polemique-en-tunisie-des-portraits-d-otages-israeliens-affiches-a-la-ghriba\/222241\/#breadcrumb","itemListElement":[{"@type":"ListItem","position":1,"name":"Accueil","item":"https:\/\/www.webdo.tn\/fr\/"},{"@type":"ListItem","position":2,"name":"Pol\u00e9mique en Tunisie : Des portraits d\u2019otages isra\u00e9liens affich\u00e9s \u00e0 la Ghriba"}]},{"@type":"WebSite","@id":"https:\/\/www.webdo.tn\/fr\/#website","url":"https:\/\/www.webdo.tn\/fr\/","name":"webdo","description":"Tunisie - News en Tunisie et \u00e0 l&#039;international sur Webdo.tn","publisher":{"@id":"https:\/\/www.webdo.tn\/fr\/#organization"},"potentialAction":[{"@type":"SearchAction","target":{"@type":"EntryPoint","urlTemplate":"https:\/\/www.webdo.tn\/fr\/?s={search_term_string}"},"query-input":{"@type":"PropertyValueSpecification","valueRequired":true,"valueName":"search_term_string"}}],"inLanguage":"fr-FR"},{"@type":"Organization","@id":"https:\/\/www.webdo.tn\/fr\/#organization","name":"Webdo","alternateName":"Webdo.tn","url":"https:\/\/www.webdo.tn\/fr\/","logo":{"@type":"ImageObject","inLanguage":"fr-FR","@id":"https:\/\/www.webdo.tn\/fr\/#\/schema\/logo\/image\/","url":"https:\/\/www.webdo.tn\/fr\/wp-content\/uploads\/2025\/06\/Webdo-Tunisie_168377.jpg","contentUrl":"https:\/\/www.webdo.tn\/fr\/wp-content\/uploads\/2025\/06\/Webdo-Tunisie_168377.jpg","width":301,"height":301,"caption":"Webdo"},"image":{"@id":"https:\/\/www.webdo.tn\/fr\/#\/schema\/logo\/image\/"},"sameAs":["https:\/\/www.facebook.com\/webdotn","https:\/\/x.com\/webdo_tn"],"description":"Webdo est un m\u00e9dia num\u00e9rique tunisien fond\u00e9 en 2010, sp\u00e9cialis\u00e9 dans l\u2019actualit\u00e9 nationale et internationale, l\u2019\u00e9conomie, la soci\u00e9t\u00e9 et les analyses politiques. Le site s\u2019adresse \u00e0 un large public francophone et couvre l\u2019information tunisienne en temps r\u00e9el.","email":"redac@webdo.tn","legalName":"YNJ SARL","foundingDate":"2010-09-06","numberOfEmployees":{"@type":"QuantitativeValue","minValue":"11","maxValue":"50"}},{"@type":"Person","@id":"https:\/\/www.webdo.tn\/fr\/#\/schema\/person\/2c4929cbf5a809e3bd38617c6ce150f6","name":"MC","image":{"@type":"ImageObject","inLanguage":"fr-FR","@id":"https:\/\/secure.gravatar.com\/avatar\/a545bbb6f84efdd5553dbbc2895e3ca8f1d12c5215e00a041c9670b54aa9b18a?s=96&d=mm&r=g","url":"https:\/\/secure.gravatar.com\/avatar\/a545bbb6f84efdd5553dbbc2895e3ca8f1d12c5215e00a041c9670b54aa9b18a?s=96&d=mm&r=g","contentUrl":"https:\/\/secure.gravatar.com\/avatar\/a545bbb6f84efdd5553dbbc2895e3ca8f1d12c5215e00a041c9670b54aa9b18a?s=96&d=mm&r=g","caption":"MC"},"url":"https:\/\/www.webdo.tn\/fr\/actualite\/author\/mc\/"}]}},"_links":{"self":[{"href":"https:\/\/www.webdo.tn\/fr\/wp-json\/wp\/v2\/posts\/222241","targetHints":{"allow":["GET"]}}],"collection":[{"href":"https:\/\/www.webdo.tn\/fr\/wp-json\/wp\/v2\/posts"}],"about":[{"href":"https:\/\/www.webdo.tn\/fr\/wp-json\/wp\/v2\/types\/post"}],"author":[{"embeddable":true,"href":"https:\/\/www.webdo.tn\/fr\/wp-json\/wp\/v2\/users\/3162"}],"replies":[{"embeddable":true,"href":"https:\/\/www.webdo.tn\/fr\/wp-json\/wp\/v2\/comments?post=222241"}],"version-history":[{"count":0,"href":"https:\/\/www.webdo.tn\/fr\/wp-json\/wp\/v2\/posts\/222241\/revisions"}],"wp:featuredmedia":[{"embeddable":true,"href":"https:\/\/www.webdo.tn\/fr\/wp-json\/wp\/v2\/media\/366193"}],"wp:attachment":[{"href":"https:\/\/www.webdo.tn\/fr\/wp-json\/wp\/v2\/media?parent=222241"}],"wp:term":[{"taxonomy":"category","embeddable":true,"href":"https:\/\/www.webdo.tn\/fr\/wp-json\/wp\/v2\/categories?post=222241"},{"taxonomy":"post_tag","embeddable":true,"href":"https:\/\/www.webdo.tn\/fr\/wp-json\/wp\/v2\/tags?post=222241"}],"curies":[{"name":"wp","href":"https:\/\/api.w.org\/{rel}","templated":true}]}}