{"id":222239,"date":"2025-05-28T09:54:00","date_gmt":"2025-05-28T09:54:00","guid":{"rendered":"https:\/\/www.webdo.tn\/fr\/actualite\/blog\/les-etats-unis-suspendent-les-visas-pour-les-etudiants-etrangers\/222239\/"},"modified":"2025-05-28T09:54:00","modified_gmt":"2025-05-28T09:54:00","slug":"les-etats-unis-suspendent-les-visas-pour-les-etudiants-etrangers","status":"publish","type":"post","link":"https:\/\/www.webdo.tn\/fr\/actualite\/international\/les-etats-unis-suspendent-les-visas-pour-les-etudiants-etrangers\/222239\/","title":{"rendered":"Les \u00c9tats-Unis suspendent les visas pour les \u00e9tudiants \u00e9trangers"},"content":{"rendered":"<p>Dans une d\u00e9cision aux r\u00e9percussions mondiales, l\u2019administration am\u00e9ricaine a ordonn\u00e9 la suspension imm\u00e9diate du traitement des visas pour les \u00e9tudiants \u00e9trangers. Cette mesure s\u2019inscrit dans une politique de durcissement migratoire relanc\u00e9e depuis le retour de Donald Trump \u00e0 la Maison Blanche, et s\u2019accompagne d\u2019un contr\u00f4le renforc\u00e9 sur les r\u00e9seaux sociaux des demandeurs.<\/p>\n<p> Le d\u00e9partement d\u2019\u00c9tat am\u00e9ricain a transmis des instructions claires aux ambassades et consulats : plus aucun rendez-vous ne sera accord\u00e9 pour les demandes de visas \u00e9tudiants ou d\u2019\u00e9change, en attendant de nouvelles directives imposant un examen syst\u00e9matique de l\u2019activit\u00e9 num\u00e9rique des candidats.<\/p>\n<p>Une offensive qui cible directement Harvard<\/p>\n<p>Au c\u0153ur de cette d\u00e9cision : l\u2019universit\u00e9 Harvard, accus\u00e9e par la Maison Blanche d\u2019alimenter des discours jug\u00e9s trop radicaux et de faire preuve de complaisance \u00e0 l\u2019\u00e9gard de l\u2019antis\u00e9mitisme. Washington l\u2019accuse \u00e9galement d\u2019entretenir des liens suppos\u00e9s avec le Parti communiste chinois. R\u00e9sultat : l&rsquo;administration Trump a annonc\u00e9 vouloir rompre tous les contrats f\u00e9d\u00e9raux avec l\u2019universit\u00e9 et interdire \u00e0 l\u2019\u00e9tablissement d&rsquo;accueillir de nouveaux \u00e9tudiants \u00e9trangers.<\/p>\n<p>Cette d\u00e9cision intervient alors qu\u2019une manifestation a r\u00e9cemment rassembl\u00e9 plusieurs centaines d\u2019\u00e9tudiants sur le campus de l\u2019universit\u00e9 de Cambridge, pour d\u00e9fendre la libert\u00e9 acad\u00e9mique et d\u00e9noncer l\u2019instrumentalisation politique des universit\u00e9s.<\/p>\n<p>Des \u00e9tudiants \u00e9trangers d\u00e9j\u00e0 cibl\u00e9s<\/p>\n<p>Selon plusieurs sources, des centaines de visas ont d\u00e9j\u00e0 \u00e9t\u00e9 annul\u00e9s depuis d\u00e9but 2025, notamment \u00e0 l\u2019encontre d\u2019\u00e9tudiants ayant particip\u00e9 \u00e0 des manifestations en soutien \u00e0 la cause palestinienne. Certains ont \u00e9t\u00e9 arr\u00eat\u00e9s, d\u2019autres menac\u00e9s d\u2019expulsion, malgr\u00e9 leur s\u00e9jour r\u00e9gulier sur le sol am\u00e9ricain.<\/p>\n<p>La mesure inqui\u00e8te particuli\u00e8rement les \u00e9tudiants maghr\u00e9bins, dont un grand nombre aspirent chaque ann\u00e9e \u00e0 poursuivre leurs \u00e9tudes aux \u00c9tats-Unis. Plusieurs \u00e9tudiants tunisiens en cours de proc\u00e9dure de visa se retrouvent d\u00e9sormais dans une impasse.<\/p>\n<p>Suspension temporaire par la justice<\/p>\n<p>Un juge f\u00e9d\u00e9ral a cependant ordonn\u00e9 une suspension provisoire de la d\u00e9cision visant \u00e0 retirer \u00e0 Harvard sa certification SEVIS (Student and Exchange Visitor Information System), indispensable pour accueillir des \u00e9tudiants \u00e9trangers. Une audience cruciale est pr\u00e9vue ce jeudi 29 mai, jour de la c\u00e9r\u00e9monie de remise des dipl\u00f4mes, et pourrait influer sur le maintien de la mesure ou son annulation.<\/p>\n<p>R\u00e9action internationale<\/p>\n<p>La Chine a vivement critiqu\u00e9 cette offensive am\u00e9ricaine, la qualifiant \u00ab d\u2019acte discriminatoire \u00bb et de \u00ab manipulation politique \u00bb. P\u00e9kin d\u00e9nonce une campagne qui vise \u00e0 affaiblir les \u00e9tablissements d\u2019enseignement influents et \u00e0 restreindre l\u2019acc\u00e8s des \u00e9tudiants \u00e9trangers \u00e0 l\u2019enseignement sup\u00e9rieur am\u00e9ricain.<\/p>\n<p>Pour de nombreux \u00e9tudiants tunisiens en qu\u00eate d\u2019excellence acad\u00e9mique, les \u00c9tats-Unis restent une destination privil\u00e9gi\u00e9e. Mais cette suspension remet en cause des ann\u00e9es d\u2019efforts personnels et de pr\u00e9paration, dans un contexte mondial d\u00e9j\u00e0 fragilis\u00e9 par les tensions g\u00e9opolitiques.<\/p>\n","protected":false},"excerpt":{"rendered":"<p>Les \u00c9tats-Unis suspendent les visas pour \u00e9tudiants \u00e9trangers, impactant notamment les Tunisiens. Une d\u00e9cision controvers\u00e9e qui vise Harvard et soul\u00e8ve des inqui&#8230;<\/p>\n","protected":false},"author":3162,"featured_media":366186,"comment_status":"open","ping_status":"closed","sticky":false,"template":"","format":"standard","meta":{"footnotes":""},"categories":[2598],"tags":[3035,6397,11757,3121,4003],"class_list":["post-222239","post","type-post","status-publish","format-standard","has-post-thumbnail","hentry","category-international","tag-etats-unis","tag-etudiants-etrangers","tag-harvard","tag-suspension","tag-visas"],"yoast_head":"<!-- This site is optimized with the Yoast SEO Premium plugin v27.5 (Yoast SEO v27.5) - https:\/\/yoast.com\/product\/yoast-seo-premium-wordpress\/ -->\n<title>Les \u00c9tats-Unis suspendent les visas pour les \u00e9tudiants \u00e9trangers<\/title>\n<meta name=\"description\" content=\"Les \u00c9tats-Unis suspendent les visas pour \u00e9tudiants \u00e9trangers, impactant notamment les Tunisiens. Une d\u00e9cision controvers\u00e9e qui vise Harvard et soul\u00e8ve des inqui...\" \/>\n<link rel=\"canonical\" href=\"https:\/\/www.webdo.tn\/fr\/actualite\/international\/les-etats-unis-suspendent-les-visas-pour-les-etudiants-etrangers\/222239\/\" \/>\n<meta property=\"og:locale\" content=\"fr_FR\" \/>\n<meta property=\"og:type\" content=\"article\" \/>\n<meta property=\"og:title\" content=\"Les \u00c9tats-Unis suspendent les visas pour les \u00e9tudiants \u00e9trangers\" \/>\n<meta property=\"og:description\" content=\"Les \u00c9tats-Unis suspendent les visas pour \u00e9tudiants \u00e9trangers, impactant notamment les Tunisiens. Une d\u00e9cision controvers\u00e9e qui vise Harvard et soul\u00e8ve des inqui...\" \/>\n<meta property=\"og:url\" content=\"https:\/\/www.webdo.tn\/fr\/actualite\/international\/les-etats-unis-suspendent-les-visas-pour-les-etudiants-etrangers\/222239\/\" \/>\n<meta property=\"og:site_name\" content=\"webdo\" \/>\n<meta property=\"article:publisher\" content=\"https:\/\/www.facebook.com\/webdotn\" \/>\n<meta property=\"article:published_time\" content=\"2025-05-28T09:54:00+00:00\" \/>\n<meta property=\"og:image\" content=\"https:\/\/www.webdo.tn\/fr\/wp-content\/uploads\/2025\/05\/9cc4ede8e9b5c544737e0ccdb29f6510.webp\" \/>\n\t<meta property=\"og:image:width\" content=\"750\" \/>\n\t<meta property=\"og:image:height\" content=\"400\" \/>\n\t<meta property=\"og:image:type\" content=\"image\/webp\" \/>\n<meta name=\"author\" content=\"MC\" \/>\n<meta name=\"twitter:card\" content=\"summary_large_image\" \/>\n<meta name=\"twitter:creator\" content=\"@webdo_tn\" \/>\n<meta name=\"twitter:site\" content=\"@webdo_tn\" \/>\n<meta name=\"twitter:label1\" content=\"\u00c9crit par\" \/>\n\t<meta name=\"twitter:data1\" content=\"MC\" \/>\n\t<meta name=\"twitter:label2\" content=\"Dur\u00e9e de lecture estim\u00e9e\" \/>\n\t<meta name=\"twitter:data2\" content=\"3 minutes\" \/>\n<script type=\"application\/ld+json\" class=\"yoast-schema-graph\">{\"@context\":\"https:\\\/\\\/schema.org\",\"@graph\":[{\"@type\":\"NewsArticle\",\"@id\":\"https:\\\/\\\/www.webdo.tn\\\/fr\\\/actualite\\\/international\\\/les-etats-unis-suspendent-les-visas-pour-les-etudiants-etrangers\\\/222239\\\/#article\",\"isPartOf\":{\"@id\":\"https:\\\/\\\/www.webdo.tn\\\/fr\\\/actualite\\\/international\\\/les-etats-unis-suspendent-les-visas-pour-les-etudiants-etrangers\\\/222239\\\/\"},\"author\":{\"name\":\"MC\",\"@id\":\"https:\\\/\\\/www.webdo.tn\\\/fr\\\/#\\\/schema\\\/person\\\/2c4929cbf5a809e3bd38617c6ce150f6\"},\"headline\":\"Les \u00c9tats-Unis suspendent les visas pour les \u00e9tudiants \u00e9trangers\",\"datePublished\":\"2025-05-28T09:54:00+00:00\",\"mainEntityOfPage\":{\"@id\":\"https:\\\/\\\/www.webdo.tn\\\/fr\\\/actualite\\\/international\\\/les-etats-unis-suspendent-les-visas-pour-les-etudiants-etrangers\\\/222239\\\/\"},\"wordCount\":511,\"commentCount\":0,\"publisher\":{\"@id\":\"https:\\\/\\\/www.webdo.tn\\\/fr\\\/#organization\"},\"image\":{\"@id\":\"https:\\\/\\\/www.webdo.tn\\\/fr\\\/actualite\\\/international\\\/les-etats-unis-suspendent-les-visas-pour-les-etudiants-etrangers\\\/222239\\\/#primaryimage\"},\"thumbnailUrl\":\"https:\\\/\\\/www.webdo.tn\\\/fr\\\/wp-content\\\/uploads\\\/2025\\\/05\\\/9cc4ede8e9b5c544737e0ccdb29f6510.webp\",\"keywords\":[\"Etats-Unis\",\"\u00e9tudiants \u00e9trangers\",\"Harvard\",\"suspension\",\"visas\"],\"articleSection\":[\"International\"],\"inLanguage\":\"fr-FR\"},{\"@type\":\"WebPage\",\"@id\":\"https:\\\/\\\/www.webdo.tn\\\/fr\\\/actualite\\\/international\\\/les-etats-unis-suspendent-les-visas-pour-les-etudiants-etrangers\\\/222239\\\/\",\"url\":\"https:\\\/\\\/www.webdo.tn\\\/fr\\\/actualite\\\/international\\\/les-etats-unis-suspendent-les-visas-pour-les-etudiants-etrangers\\\/222239\\\/\",\"name\":\"Les \u00c9tats-Unis suspendent les visas pour les \u00e9tudiants \u00e9trangers\",\"isPartOf\":{\"@id\":\"https:\\\/\\\/www.webdo.tn\\\/fr\\\/#website\"},\"primaryImageOfPage\":{\"@id\":\"https:\\\/\\\/www.webdo.tn\\\/fr\\\/actualite\\\/international\\\/les-etats-unis-suspendent-les-visas-pour-les-etudiants-etrangers\\\/222239\\\/#primaryimage\"},\"image\":{\"@id\":\"https:\\\/\\\/www.webdo.tn\\\/fr\\\/actualite\\\/international\\\/les-etats-unis-suspendent-les-visas-pour-les-etudiants-etrangers\\\/222239\\\/#primaryimage\"},\"thumbnailUrl\":\"https:\\\/\\\/www.webdo.tn\\\/fr\\\/wp-content\\\/uploads\\\/2025\\\/05\\\/9cc4ede8e9b5c544737e0ccdb29f6510.webp\",\"datePublished\":\"2025-05-28T09:54:00+00:00\",\"description\":\"Les \u00c9tats-Unis suspendent les visas pour \u00e9tudiants \u00e9trangers, impactant notamment les Tunisiens. Une d\u00e9cision controvers\u00e9e qui vise Harvard et soul\u00e8ve des inqui...\",\"breadcrumb\":{\"@id\":\"https:\\\/\\\/www.webdo.tn\\\/fr\\\/actualite\\\/international\\\/les-etats-unis-suspendent-les-visas-pour-les-etudiants-etrangers\\\/222239\\\/#breadcrumb\"},\"inLanguage\":\"fr-FR\",\"potentialAction\":[{\"@type\":\"ReadAction\",\"target\":[\"https:\\\/\\\/www.webdo.tn\\\/fr\\\/actualite\\\/international\\\/les-etats-unis-suspendent-les-visas-pour-les-etudiants-etrangers\\\/222239\\\/\"]}]},{\"@type\":\"ImageObject\",\"inLanguage\":\"fr-FR\",\"@id\":\"https:\\\/\\\/www.webdo.tn\\\/fr\\\/actualite\\\/international\\\/les-etats-unis-suspendent-les-visas-pour-les-etudiants-etrangers\\\/222239\\\/#primaryimage\",\"url\":\"https:\\\/\\\/www.webdo.tn\\\/fr\\\/wp-content\\\/uploads\\\/2025\\\/05\\\/9cc4ede8e9b5c544737e0ccdb29f6510.webp\",\"contentUrl\":\"https:\\\/\\\/www.webdo.tn\\\/fr\\\/wp-content\\\/uploads\\\/2025\\\/05\\\/9cc4ede8e9b5c544737e0ccdb29f6510.webp\",\"width\":750,\"height\":400,\"caption\":\"Les \u00c9tats-Unis suspendent les visas pour les \u00e9tudiants \u00e9trangers\"},{\"@type\":\"BreadcrumbList\",\"@id\":\"https:\\\/\\\/www.webdo.tn\\\/fr\\\/actualite\\\/international\\\/les-etats-unis-suspendent-les-visas-pour-les-etudiants-etrangers\\\/222239\\\/#breadcrumb\",\"itemListElement\":[{\"@type\":\"ListItem\",\"position\":1,\"name\":\"Accueil\",\"item\":\"https:\\\/\\\/www.webdo.tn\\\/fr\\\/\"},{\"@type\":\"ListItem\",\"position\":2,\"name\":\"Les \u00c9tats-Unis suspendent les visas pour les \u00e9tudiants \u00e9trangers\"}]},{\"@type\":\"WebSite\",\"@id\":\"https:\\\/\\\/www.webdo.tn\\\/fr\\\/#website\",\"url\":\"https:\\\/\\\/www.webdo.tn\\\/fr\\\/\",\"name\":\"webdo\",\"description\":\"Tunisie - News en Tunisie et \u00e0 l&#039;international sur Webdo.tn\",\"publisher\":{\"@id\":\"https:\\\/\\\/www.webdo.tn\\\/fr\\\/#organization\"},\"potentialAction\":[{\"@type\":\"SearchAction\",\"target\":{\"@type\":\"EntryPoint\",\"urlTemplate\":\"https:\\\/\\\/www.webdo.tn\\\/fr\\\/?s={search_term_string}\"},\"query-input\":{\"@type\":\"PropertyValueSpecification\",\"valueRequired\":true,\"valueName\":\"search_term_string\"}}],\"inLanguage\":\"fr-FR\"},{\"@type\":\"Organization\",\"@id\":\"https:\\\/\\\/www.webdo.tn\\\/fr\\\/#organization\",\"name\":\"Webdo\",\"alternateName\":\"Webdo.tn\",\"url\":\"https:\\\/\\\/www.webdo.tn\\\/fr\\\/\",\"logo\":{\"@type\":\"ImageObject\",\"inLanguage\":\"fr-FR\",\"@id\":\"https:\\\/\\\/www.webdo.tn\\\/fr\\\/#\\\/schema\\\/logo\\\/image\\\/\",\"url\":\"https:\\\/\\\/www.webdo.tn\\\/fr\\\/wp-content\\\/uploads\\\/2025\\\/06\\\/Webdo-Tunisie_168377.jpg\",\"contentUrl\":\"https:\\\/\\\/www.webdo.tn\\\/fr\\\/wp-content\\\/uploads\\\/2025\\\/06\\\/Webdo-Tunisie_168377.jpg\",\"width\":301,\"height\":301,\"caption\":\"Webdo\"},\"image\":{\"@id\":\"https:\\\/\\\/www.webdo.tn\\\/fr\\\/#\\\/schema\\\/logo\\\/image\\\/\"},\"sameAs\":[\"https:\\\/\\\/www.facebook.com\\\/webdotn\",\"https:\\\/\\\/x.com\\\/webdo_tn\"],\"description\":\"Webdo est un m\u00e9dia num\u00e9rique tunisien fond\u00e9 en 2010, sp\u00e9cialis\u00e9 dans l\u2019actualit\u00e9 nationale et internationale, l\u2019\u00e9conomie, la soci\u00e9t\u00e9 et les analyses politiques. Le site s\u2019adresse \u00e0 un large public francophone et couvre l\u2019information tunisienne en temps r\u00e9el.\",\"email\":\"redac@webdo.tn\",\"legalName\":\"YNJ SARL\",\"foundingDate\":\"2010-09-06\",\"numberOfEmployees\":{\"@type\":\"QuantitativeValue\",\"minValue\":\"11\",\"maxValue\":\"50\"}},{\"@type\":\"Person\",\"@id\":\"https:\\\/\\\/www.webdo.tn\\\/fr\\\/#\\\/schema\\\/person\\\/2c4929cbf5a809e3bd38617c6ce150f6\",\"name\":\"MC\",\"image\":{\"@type\":\"ImageObject\",\"inLanguage\":\"fr-FR\",\"@id\":\"https:\\\/\\\/secure.gravatar.com\\\/avatar\\\/a545bbb6f84efdd5553dbbc2895e3ca8f1d12c5215e00a041c9670b54aa9b18a?s=96&d=mm&r=g\",\"url\":\"https:\\\/\\\/secure.gravatar.com\\\/avatar\\\/a545bbb6f84efdd5553dbbc2895e3ca8f1d12c5215e00a041c9670b54aa9b18a?s=96&d=mm&r=g\",\"contentUrl\":\"https:\\\/\\\/secure.gravatar.com\\\/avatar\\\/a545bbb6f84efdd5553dbbc2895e3ca8f1d12c5215e00a041c9670b54aa9b18a?s=96&d=mm&r=g\",\"caption\":\"MC\"},\"url\":\"https:\\\/\\\/www.webdo.tn\\\/fr\\\/actualite\\\/author\\\/mc\\\/\"}]}<\/script>\n<!-- \/ Yoast SEO Premium plugin. -->","yoast_head_json":{"title":"Les \u00c9tats-Unis suspendent les visas pour les \u00e9tudiants \u00e9trangers","description":"Les \u00c9tats-Unis suspendent les visas pour \u00e9tudiants \u00e9trangers, impactant notamment les Tunisiens. Une d\u00e9cision controvers\u00e9e qui vise Harvard et soul\u00e8ve des inqui...","canonical":"https:\/\/www.webdo.tn\/fr\/actualite\/international\/les-etats-unis-suspendent-les-visas-pour-les-etudiants-etrangers\/222239\/","og_locale":"fr_FR","og_type":"article","og_title":"Les \u00c9tats-Unis suspendent les visas pour les \u00e9tudiants \u00e9trangers","og_description":"Les \u00c9tats-Unis suspendent les visas pour \u00e9tudiants \u00e9trangers, impactant notamment les Tunisiens. Une d\u00e9cision controvers\u00e9e qui vise Harvard et soul\u00e8ve des inqui...","og_url":"https:\/\/www.webdo.tn\/fr\/actualite\/international\/les-etats-unis-suspendent-les-visas-pour-les-etudiants-etrangers\/222239\/","og_site_name":"webdo","article_publisher":"https:\/\/www.facebook.com\/webdotn","article_published_time":"2025-05-28T09:54:00+00:00","og_image":[{"width":750,"height":400,"url":"https:\/\/www.webdo.tn\/fr\/wp-content\/uploads\/2025\/05\/9cc4ede8e9b5c544737e0ccdb29f6510.webp","type":"image\/webp"}],"author":"MC","twitter_card":"summary_large_image","twitter_creator":"@webdo_tn","twitter_site":"@webdo_tn","twitter_misc":{"\u00c9crit par":"MC","Dur\u00e9e de lecture estim\u00e9e":"3 minutes"},"schema":{"@context":"https:\/\/schema.org","@graph":[{"@type":"NewsArticle","@id":"https:\/\/www.webdo.tn\/fr\/actualite\/international\/les-etats-unis-suspendent-les-visas-pour-les-etudiants-etrangers\/222239\/#article","isPartOf":{"@id":"https:\/\/www.webdo.tn\/fr\/actualite\/international\/les-etats-unis-suspendent-les-visas-pour-les-etudiants-etrangers\/222239\/"},"author":{"name":"MC","@id":"https:\/\/www.webdo.tn\/fr\/#\/schema\/person\/2c4929cbf5a809e3bd38617c6ce150f6"},"headline":"Les \u00c9tats-Unis suspendent les visas pour les \u00e9tudiants \u00e9trangers","datePublished":"2025-05-28T09:54:00+00:00","mainEntityOfPage":{"@id":"https:\/\/www.webdo.tn\/fr\/actualite\/international\/les-etats-unis-suspendent-les-visas-pour-les-etudiants-etrangers\/222239\/"},"wordCount":511,"commentCount":0,"publisher":{"@id":"https:\/\/www.webdo.tn\/fr\/#organization"},"image":{"@id":"https:\/\/www.webdo.tn\/fr\/actualite\/international\/les-etats-unis-suspendent-les-visas-pour-les-etudiants-etrangers\/222239\/#primaryimage"},"thumbnailUrl":"https:\/\/www.webdo.tn\/fr\/wp-content\/uploads\/2025\/05\/9cc4ede8e9b5c544737e0ccdb29f6510.webp","keywords":["Etats-Unis","\u00e9tudiants \u00e9trangers","Harvard","suspension","visas"],"articleSection":["International"],"inLanguage":"fr-FR"},{"@type":"WebPage","@id":"https:\/\/www.webdo.tn\/fr\/actualite\/international\/les-etats-unis-suspendent-les-visas-pour-les-etudiants-etrangers\/222239\/","url":"https:\/\/www.webdo.tn\/fr\/actualite\/international\/les-etats-unis-suspendent-les-visas-pour-les-etudiants-etrangers\/222239\/","name":"Les \u00c9tats-Unis suspendent les visas pour les \u00e9tudiants \u00e9trangers","isPartOf":{"@id":"https:\/\/www.webdo.tn\/fr\/#website"},"primaryImageOfPage":{"@id":"https:\/\/www.webdo.tn\/fr\/actualite\/international\/les-etats-unis-suspendent-les-visas-pour-les-etudiants-etrangers\/222239\/#primaryimage"},"image":{"@id":"https:\/\/www.webdo.tn\/fr\/actualite\/international\/les-etats-unis-suspendent-les-visas-pour-les-etudiants-etrangers\/222239\/#primaryimage"},"thumbnailUrl":"https:\/\/www.webdo.tn\/fr\/wp-content\/uploads\/2025\/05\/9cc4ede8e9b5c544737e0ccdb29f6510.webp","datePublished":"2025-05-28T09:54:00+00:00","description":"Les \u00c9tats-Unis suspendent les visas pour \u00e9tudiants \u00e9trangers, impactant notamment les Tunisiens. Une d\u00e9cision controvers\u00e9e qui vise Harvard et soul\u00e8ve des inqui...","breadcrumb":{"@id":"https:\/\/www.webdo.tn\/fr\/actualite\/international\/les-etats-unis-suspendent-les-visas-pour-les-etudiants-etrangers\/222239\/#breadcrumb"},"inLanguage":"fr-FR","potentialAction":[{"@type":"ReadAction","target":["https:\/\/www.webdo.tn\/fr\/actualite\/international\/les-etats-unis-suspendent-les-visas-pour-les-etudiants-etrangers\/222239\/"]}]},{"@type":"ImageObject","inLanguage":"fr-FR","@id":"https:\/\/www.webdo.tn\/fr\/actualite\/international\/les-etats-unis-suspendent-les-visas-pour-les-etudiants-etrangers\/222239\/#primaryimage","url":"https:\/\/www.webdo.tn\/fr\/wp-content\/uploads\/2025\/05\/9cc4ede8e9b5c544737e0ccdb29f6510.webp","contentUrl":"https:\/\/www.webdo.tn\/fr\/wp-content\/uploads\/2025\/05\/9cc4ede8e9b5c544737e0ccdb29f6510.webp","width":750,"height":400,"caption":"Les \u00c9tats-Unis suspendent les visas pour les \u00e9tudiants \u00e9trangers"},{"@type":"BreadcrumbList","@id":"https:\/\/www.webdo.tn\/fr\/actualite\/international\/les-etats-unis-suspendent-les-visas-pour-les-etudiants-etrangers\/222239\/#breadcrumb","itemListElement":[{"@type":"ListItem","position":1,"name":"Accueil","item":"https:\/\/www.webdo.tn\/fr\/"},{"@type":"ListItem","position":2,"name":"Les \u00c9tats-Unis suspendent les visas pour les \u00e9tudiants \u00e9trangers"}]},{"@type":"WebSite","@id":"https:\/\/www.webdo.tn\/fr\/#website","url":"https:\/\/www.webdo.tn\/fr\/","name":"webdo","description":"Tunisie - News en Tunisie et \u00e0 l&#039;international sur Webdo.tn","publisher":{"@id":"https:\/\/www.webdo.tn\/fr\/#organization"},"potentialAction":[{"@type":"SearchAction","target":{"@type":"EntryPoint","urlTemplate":"https:\/\/www.webdo.tn\/fr\/?s={search_term_string}"},"query-input":{"@type":"PropertyValueSpecification","valueRequired":true,"valueName":"search_term_string"}}],"inLanguage":"fr-FR"},{"@type":"Organization","@id":"https:\/\/www.webdo.tn\/fr\/#organization","name":"Webdo","alternateName":"Webdo.tn","url":"https:\/\/www.webdo.tn\/fr\/","logo":{"@type":"ImageObject","inLanguage":"fr-FR","@id":"https:\/\/www.webdo.tn\/fr\/#\/schema\/logo\/image\/","url":"https:\/\/www.webdo.tn\/fr\/wp-content\/uploads\/2025\/06\/Webdo-Tunisie_168377.jpg","contentUrl":"https:\/\/www.webdo.tn\/fr\/wp-content\/uploads\/2025\/06\/Webdo-Tunisie_168377.jpg","width":301,"height":301,"caption":"Webdo"},"image":{"@id":"https:\/\/www.webdo.tn\/fr\/#\/schema\/logo\/image\/"},"sameAs":["https:\/\/www.facebook.com\/webdotn","https:\/\/x.com\/webdo_tn"],"description":"Webdo est un m\u00e9dia num\u00e9rique tunisien fond\u00e9 en 2010, sp\u00e9cialis\u00e9 dans l\u2019actualit\u00e9 nationale et internationale, l\u2019\u00e9conomie, la soci\u00e9t\u00e9 et les analyses politiques. Le site s\u2019adresse \u00e0 un large public francophone et couvre l\u2019information tunisienne en temps r\u00e9el.","email":"redac@webdo.tn","legalName":"YNJ SARL","foundingDate":"2010-09-06","numberOfEmployees":{"@type":"QuantitativeValue","minValue":"11","maxValue":"50"}},{"@type":"Person","@id":"https:\/\/www.webdo.tn\/fr\/#\/schema\/person\/2c4929cbf5a809e3bd38617c6ce150f6","name":"MC","image":{"@type":"ImageObject","inLanguage":"fr-FR","@id":"https:\/\/secure.gravatar.com\/avatar\/a545bbb6f84efdd5553dbbc2895e3ca8f1d12c5215e00a041c9670b54aa9b18a?s=96&d=mm&r=g","url":"https:\/\/secure.gravatar.com\/avatar\/a545bbb6f84efdd5553dbbc2895e3ca8f1d12c5215e00a041c9670b54aa9b18a?s=96&d=mm&r=g","contentUrl":"https:\/\/secure.gravatar.com\/avatar\/a545bbb6f84efdd5553dbbc2895e3ca8f1d12c5215e00a041c9670b54aa9b18a?s=96&d=mm&r=g","caption":"MC"},"url":"https:\/\/www.webdo.tn\/fr\/actualite\/author\/mc\/"}]}},"_links":{"self":[{"href":"https:\/\/www.webdo.tn\/fr\/wp-json\/wp\/v2\/posts\/222239","targetHints":{"allow":["GET"]}}],"collection":[{"href":"https:\/\/www.webdo.tn\/fr\/wp-json\/wp\/v2\/posts"}],"about":[{"href":"https:\/\/www.webdo.tn\/fr\/wp-json\/wp\/v2\/types\/post"}],"author":[{"embeddable":true,"href":"https:\/\/www.webdo.tn\/fr\/wp-json\/wp\/v2\/users\/3162"}],"replies":[{"embeddable":true,"href":"https:\/\/www.webdo.tn\/fr\/wp-json\/wp\/v2\/comments?post=222239"}],"version-history":[{"count":0,"href":"https:\/\/www.webdo.tn\/fr\/wp-json\/wp\/v2\/posts\/222239\/revisions"}],"wp:featuredmedia":[{"embeddable":true,"href":"https:\/\/www.webdo.tn\/fr\/wp-json\/wp\/v2\/media\/366186"}],"wp:attachment":[{"href":"https:\/\/www.webdo.tn\/fr\/wp-json\/wp\/v2\/media?parent=222239"}],"wp:term":[{"taxonomy":"category","embeddable":true,"href":"https:\/\/www.webdo.tn\/fr\/wp-json\/wp\/v2\/categories?post=222239"},{"taxonomy":"post_tag","embeddable":true,"href":"https:\/\/www.webdo.tn\/fr\/wp-json\/wp\/v2\/tags?post=222239"}],"curies":[{"name":"wp","href":"https:\/\/api.w.org\/{rel}","templated":true}]}}