{"id":222236,"date":"2025-05-28T08:00:00","date_gmt":"2025-05-28T08:00:00","guid":{"rendered":"https:\/\/www.webdo.tn\/fr\/actualite\/blog\/caravane-humanitaire-les-medecins-tunisiens-appeles-a-se-mobiliser-pour-gaza\/222236\/"},"modified":"2025-05-28T08:00:00","modified_gmt":"2025-05-28T08:00:00","slug":"caravane-humanitaire-les-medecins-tunisiens-appeles-a-se-mobiliser-pour-gaza","status":"publish","type":"post","link":"https:\/\/www.webdo.tn\/fr\/actualite\/national\/caravane-humanitaire-les-medecins-tunisiens-appeles-a-se-mobiliser-pour-gaza\/222236\/","title":{"rendered":"Caravane humanitaire : Les m\u00e9decins tunisiens appel\u00e9s \u00e0 se mobiliser pour Gaza"},"content":{"rendered":"<p>Dans un contexte de d\u00e9tresse humanitaire aigu\u00eb dans la bande de Gaza, le Conseil National de l&rsquo;Ordre des M\u00e9decins de Tunisie, par la voix de sa pr\u00e9sidente Dr Rym Ghachem Attia, a lanc\u00e9 un appel pressant \u00e0 la mobilisation des professionnels de sant\u00e9 pour participer \u00e0 un convoi terrestre humanitaire pr\u00e9vu pour le 9 juin 2025. Intitul\u00e9e \u00ab \u0642\u0627\u0641\u0644\u0629 \u0627\u0644\u0635\u0645\u0648\u062f \u2013 Caravane de la R\u00e9silience \u00bb.<\/p>\n<p> Titre : Une caravane m\u00e9dicale vers Gaza : appel urgent \u00e0 b\u00e9n\u00e9voles lanc\u00e9 en Tunisie<\/p>\n<p>Cette mission vise \u00e0 apporter une aide sanitaire et un soutien psychosocial aux populations gravement affect\u00e9es par les conflits en cours.<\/p>\n<p>La caravane, organis\u00e9e en coordination avec la plateforme \u00ab Coordination of joint action for Palestine \/ \u062a\u0646\u0633\u064a\u0642\u064a\u0629 \u0627\u0644\u0639\u0645\u0644 \u0627\u0644\u0645\u0634\u062a\u0631\u0643 \u0645\u0646 \u0623\u062c\u0644 \u0641\u0644\u0633\u0637\u064a\u0646 \u00bb, recherche un large \u00e9ventail de professionnels de sant\u00e9, notamment :<\/p>\n<p>M\u00e9decins sp\u00e9cialis\u00e9s : urgentistes, g\u00e9n\u00e9ralistes, chirurgiens (orthop\u00e9dique, visc\u00e9ral, plastique et r\u00e9paratrice, maxillo-facial), anesth\u00e9sistes-r\u00e9animateurs, psychiatres, p\u00e9dopsychiatres, gyn\u00e9cologues et neurochirurgiens. Personnel param\u00e9dical : infirmiers d\u2019urgence, infirmiers de bloc op\u00e9ratoire, techniciens en anesth\u00e9sie.<\/p>\n<p>L\u2019objectif est de constituer une \u00e9quipe m\u00e9dicale solide, capable de r\u00e9pondre aux besoins urgents d\u2019une population \u00e9prouv\u00e9e, en manque cruel de soins, d\u2019interventions chirurgicales sp\u00e9cialis\u00e9es et d\u2019accompagnement psychologique.<\/p>\n<p>Les volontaires int\u00e9ress\u00e9s sont invit\u00e9s \u00e0 manifester leur interet t le 2 juin 2025.<\/p>\n","protected":false},"excerpt":{"rendered":"<p>Le Conseil National de l&rsquo;Ordre des M\u00e9decins de Tunisie lance un appel \u00e0 b\u00e9n\u00e9voles pour une caravane humanitaire m\u00e9dicale \u00e0 destination de Gaza, pr\u00e9vue le 9 juin&#8230;<\/p>\n","protected":false},"author":3162,"featured_media":366040,"comment_status":"open","ping_status":"closed","sticky":false,"template":"","format":"standard","meta":{"footnotes":""},"categories":[44],"tags":[2689,2701,2608],"class_list":["post-222236","post","type-post","status-publish","format-standard","has-post-thumbnail","hentry","category-national","tag-gaza","tag-medecins","tag-tunisie"],"yoast_head":"<!-- This site is optimized with the Yoast SEO Premium plugin v27.5 (Yoast SEO v27.5) - https:\/\/yoast.com\/product\/yoast-seo-premium-wordpress\/ -->\n<title>Caravane humanitaire : Les m\u00e9decins tunisiens appel\u00e9s \u00e0 se mobiliser pour Gaza<\/title>\n<meta name=\"description\" content=\"Le Conseil National de l&#039;Ordre des M\u00e9decins de Tunisie lance un appel \u00e0 b\u00e9n\u00e9voles pour une caravane humanitaire m\u00e9dicale \u00e0 destination de Gaza, pr\u00e9vue le 9 juin...\" \/>\n<link rel=\"canonical\" href=\"https:\/\/www.webdo.tn\/fr\/actualite\/national\/caravane-humanitaire-les-medecins-tunisiens-appeles-a-se-mobiliser-pour-gaza\/222236\/\" \/>\n<meta property=\"og:locale\" content=\"fr_FR\" \/>\n<meta property=\"og:type\" content=\"article\" \/>\n<meta property=\"og:title\" content=\"Caravane humanitaire : Les m\u00e9decins tunisiens appel\u00e9s \u00e0 se mobiliser pour Gaza\" \/>\n<meta property=\"og:description\" content=\"Le Conseil National de l&#039;Ordre des M\u00e9decins de Tunisie lance un appel \u00e0 b\u00e9n\u00e9voles pour une caravane humanitaire m\u00e9dicale \u00e0 destination de Gaza, pr\u00e9vue le 9 juin...\" \/>\n<meta property=\"og:url\" content=\"https:\/\/www.webdo.tn\/fr\/actualite\/national\/caravane-humanitaire-les-medecins-tunisiens-appeles-a-se-mobiliser-pour-gaza\/222236\/\" \/>\n<meta property=\"og:site_name\" content=\"webdo\" \/>\n<meta property=\"article:publisher\" content=\"https:\/\/www.facebook.com\/webdotn\" \/>\n<meta property=\"article:published_time\" content=\"2025-05-28T08:00:00+00:00\" \/>\n<meta property=\"og:image\" content=\"https:\/\/www.webdo.tn\/fr\/wp-content\/uploads\/2025\/05\/936ac85caa0243a826a9907bb0f1378d.webp\" \/>\n\t<meta property=\"og:image:width\" content=\"670\" \/>\n\t<meta property=\"og:image:height\" content=\"357\" \/>\n\t<meta property=\"og:image:type\" content=\"image\/webp\" \/>\n<meta name=\"author\" content=\"MC\" \/>\n<meta name=\"twitter:card\" content=\"summary_large_image\" \/>\n<meta name=\"twitter:creator\" content=\"@webdo_tn\" \/>\n<meta name=\"twitter:site\" content=\"@webdo_tn\" \/>\n<meta name=\"twitter:label1\" content=\"\u00c9crit par\" \/>\n\t<meta name=\"twitter:data1\" content=\"MC\" \/>\n\t<meta name=\"twitter:label2\" content=\"Dur\u00e9e de lecture estim\u00e9e\" \/>\n\t<meta name=\"twitter:data2\" content=\"1 minute\" \/>\n<script type=\"application\/ld+json\" class=\"yoast-schema-graph\">{\"@context\":\"https:\\\/\\\/schema.org\",\"@graph\":[{\"@type\":\"NewsArticle\",\"@id\":\"https:\\\/\\\/www.webdo.tn\\\/fr\\\/actualite\\\/national\\\/caravane-humanitaire-les-medecins-tunisiens-appeles-a-se-mobiliser-pour-gaza\\\/222236\\\/#article\",\"isPartOf\":{\"@id\":\"https:\\\/\\\/www.webdo.tn\\\/fr\\\/actualite\\\/national\\\/caravane-humanitaire-les-medecins-tunisiens-appeles-a-se-mobiliser-pour-gaza\\\/222236\\\/\"},\"author\":{\"name\":\"MC\",\"@id\":\"https:\\\/\\\/www.webdo.tn\\\/fr\\\/#\\\/schema\\\/person\\\/2c4929cbf5a809e3bd38617c6ce150f6\"},\"headline\":\"Caravane humanitaire : Les m\u00e9decins tunisiens appel\u00e9s \u00e0 se mobiliser pour Gaza\",\"datePublished\":\"2025-05-28T08:00:00+00:00\",\"mainEntityOfPage\":{\"@id\":\"https:\\\/\\\/www.webdo.tn\\\/fr\\\/actualite\\\/national\\\/caravane-humanitaire-les-medecins-tunisiens-appeles-a-se-mobiliser-pour-gaza\\\/222236\\\/\"},\"wordCount\":231,\"commentCount\":0,\"publisher\":{\"@id\":\"https:\\\/\\\/www.webdo.tn\\\/fr\\\/#organization\"},\"image\":{\"@id\":\"https:\\\/\\\/www.webdo.tn\\\/fr\\\/actualite\\\/national\\\/caravane-humanitaire-les-medecins-tunisiens-appeles-a-se-mobiliser-pour-gaza\\\/222236\\\/#primaryimage\"},\"thumbnailUrl\":\"https:\\\/\\\/www.webdo.tn\\\/fr\\\/wp-content\\\/uploads\\\/2025\\\/05\\\/936ac85caa0243a826a9907bb0f1378d.webp\",\"keywords\":[\"Gaza\",\"m\u00e9decins\",\"Tunisie\"],\"articleSection\":[\"National\"],\"inLanguage\":\"fr-FR\"},{\"@type\":\"WebPage\",\"@id\":\"https:\\\/\\\/www.webdo.tn\\\/fr\\\/actualite\\\/national\\\/caravane-humanitaire-les-medecins-tunisiens-appeles-a-se-mobiliser-pour-gaza\\\/222236\\\/\",\"url\":\"https:\\\/\\\/www.webdo.tn\\\/fr\\\/actualite\\\/national\\\/caravane-humanitaire-les-medecins-tunisiens-appeles-a-se-mobiliser-pour-gaza\\\/222236\\\/\",\"name\":\"Caravane humanitaire : Les m\u00e9decins tunisiens appel\u00e9s \u00e0 se mobiliser pour Gaza\",\"isPartOf\":{\"@id\":\"https:\\\/\\\/www.webdo.tn\\\/fr\\\/#website\"},\"primaryImageOfPage\":{\"@id\":\"https:\\\/\\\/www.webdo.tn\\\/fr\\\/actualite\\\/national\\\/caravane-humanitaire-les-medecins-tunisiens-appeles-a-se-mobiliser-pour-gaza\\\/222236\\\/#primaryimage\"},\"image\":{\"@id\":\"https:\\\/\\\/www.webdo.tn\\\/fr\\\/actualite\\\/national\\\/caravane-humanitaire-les-medecins-tunisiens-appeles-a-se-mobiliser-pour-gaza\\\/222236\\\/#primaryimage\"},\"thumbnailUrl\":\"https:\\\/\\\/www.webdo.tn\\\/fr\\\/wp-content\\\/uploads\\\/2025\\\/05\\\/936ac85caa0243a826a9907bb0f1378d.webp\",\"datePublished\":\"2025-05-28T08:00:00+00:00\",\"description\":\"Le Conseil National de l'Ordre des M\u00e9decins de Tunisie lance un appel \u00e0 b\u00e9n\u00e9voles pour une caravane humanitaire m\u00e9dicale \u00e0 destination de Gaza, pr\u00e9vue le 9 juin...\",\"breadcrumb\":{\"@id\":\"https:\\\/\\\/www.webdo.tn\\\/fr\\\/actualite\\\/national\\\/caravane-humanitaire-les-medecins-tunisiens-appeles-a-se-mobiliser-pour-gaza\\\/222236\\\/#breadcrumb\"},\"inLanguage\":\"fr-FR\",\"potentialAction\":[{\"@type\":\"ReadAction\",\"target\":[\"https:\\\/\\\/www.webdo.tn\\\/fr\\\/actualite\\\/national\\\/caravane-humanitaire-les-medecins-tunisiens-appeles-a-se-mobiliser-pour-gaza\\\/222236\\\/\"]}]},{\"@type\":\"ImageObject\",\"inLanguage\":\"fr-FR\",\"@id\":\"https:\\\/\\\/www.webdo.tn\\\/fr\\\/actualite\\\/national\\\/caravane-humanitaire-les-medecins-tunisiens-appeles-a-se-mobiliser-pour-gaza\\\/222236\\\/#primaryimage\",\"url\":\"https:\\\/\\\/www.webdo.tn\\\/fr\\\/wp-content\\\/uploads\\\/2025\\\/05\\\/936ac85caa0243a826a9907bb0f1378d.webp\",\"contentUrl\":\"https:\\\/\\\/www.webdo.tn\\\/fr\\\/wp-content\\\/uploads\\\/2025\\\/05\\\/936ac85caa0243a826a9907bb0f1378d.webp\",\"width\":670,\"height\":357,\"caption\":\"Caravane humanitaire : Les m\u00e9decins tunisiens appel\u00e9s \u00e0 se mobiliser pour Gaza\"},{\"@type\":\"BreadcrumbList\",\"@id\":\"https:\\\/\\\/www.webdo.tn\\\/fr\\\/actualite\\\/national\\\/caravane-humanitaire-les-medecins-tunisiens-appeles-a-se-mobiliser-pour-gaza\\\/222236\\\/#breadcrumb\",\"itemListElement\":[{\"@type\":\"ListItem\",\"position\":1,\"name\":\"Accueil\",\"item\":\"https:\\\/\\\/www.webdo.tn\\\/fr\\\/\"},{\"@type\":\"ListItem\",\"position\":2,\"name\":\"Caravane humanitaire : Les m\u00e9decins tunisiens appel\u00e9s \u00e0 se mobiliser pour Gaza\"}]},{\"@type\":\"WebSite\",\"@id\":\"https:\\\/\\\/www.webdo.tn\\\/fr\\\/#website\",\"url\":\"https:\\\/\\\/www.webdo.tn\\\/fr\\\/\",\"name\":\"webdo\",\"description\":\"Tunisie - News en Tunisie et \u00e0 l&#039;international sur Webdo.tn\",\"publisher\":{\"@id\":\"https:\\\/\\\/www.webdo.tn\\\/fr\\\/#organization\"},\"potentialAction\":[{\"@type\":\"SearchAction\",\"target\":{\"@type\":\"EntryPoint\",\"urlTemplate\":\"https:\\\/\\\/www.webdo.tn\\\/fr\\\/?s={search_term_string}\"},\"query-input\":{\"@type\":\"PropertyValueSpecification\",\"valueRequired\":true,\"valueName\":\"search_term_string\"}}],\"inLanguage\":\"fr-FR\"},{\"@type\":\"Organization\",\"@id\":\"https:\\\/\\\/www.webdo.tn\\\/fr\\\/#organization\",\"name\":\"Webdo\",\"alternateName\":\"Webdo.tn\",\"url\":\"https:\\\/\\\/www.webdo.tn\\\/fr\\\/\",\"logo\":{\"@type\":\"ImageObject\",\"inLanguage\":\"fr-FR\",\"@id\":\"https:\\\/\\\/www.webdo.tn\\\/fr\\\/#\\\/schema\\\/logo\\\/image\\\/\",\"url\":\"https:\\\/\\\/www.webdo.tn\\\/fr\\\/wp-content\\\/uploads\\\/2025\\\/06\\\/Webdo-Tunisie_168377.jpg\",\"contentUrl\":\"https:\\\/\\\/www.webdo.tn\\\/fr\\\/wp-content\\\/uploads\\\/2025\\\/06\\\/Webdo-Tunisie_168377.jpg\",\"width\":301,\"height\":301,\"caption\":\"Webdo\"},\"image\":{\"@id\":\"https:\\\/\\\/www.webdo.tn\\\/fr\\\/#\\\/schema\\\/logo\\\/image\\\/\"},\"sameAs\":[\"https:\\\/\\\/www.facebook.com\\\/webdotn\",\"https:\\\/\\\/x.com\\\/webdo_tn\"],\"description\":\"Webdo est un m\u00e9dia num\u00e9rique tunisien fond\u00e9 en 2010, sp\u00e9cialis\u00e9 dans l\u2019actualit\u00e9 nationale et internationale, l\u2019\u00e9conomie, la soci\u00e9t\u00e9 et les analyses politiques. Le site s\u2019adresse \u00e0 un large public francophone et couvre l\u2019information tunisienne en temps r\u00e9el.\",\"email\":\"redac@webdo.tn\",\"legalName\":\"YNJ SARL\",\"foundingDate\":\"2010-09-06\",\"numberOfEmployees\":{\"@type\":\"QuantitativeValue\",\"minValue\":\"11\",\"maxValue\":\"50\"}},{\"@type\":\"Person\",\"@id\":\"https:\\\/\\\/www.webdo.tn\\\/fr\\\/#\\\/schema\\\/person\\\/2c4929cbf5a809e3bd38617c6ce150f6\",\"name\":\"MC\",\"image\":{\"@type\":\"ImageObject\",\"inLanguage\":\"fr-FR\",\"@id\":\"https:\\\/\\\/secure.gravatar.com\\\/avatar\\\/a545bbb6f84efdd5553dbbc2895e3ca8f1d12c5215e00a041c9670b54aa9b18a?s=96&d=mm&r=g\",\"url\":\"https:\\\/\\\/secure.gravatar.com\\\/avatar\\\/a545bbb6f84efdd5553dbbc2895e3ca8f1d12c5215e00a041c9670b54aa9b18a?s=96&d=mm&r=g\",\"contentUrl\":\"https:\\\/\\\/secure.gravatar.com\\\/avatar\\\/a545bbb6f84efdd5553dbbc2895e3ca8f1d12c5215e00a041c9670b54aa9b18a?s=96&d=mm&r=g\",\"caption\":\"MC\"},\"url\":\"https:\\\/\\\/www.webdo.tn\\\/fr\\\/actualite\\\/author\\\/mc\\\/\"}]}<\/script>\n<!-- \/ Yoast SEO Premium plugin. -->","yoast_head_json":{"title":"Caravane humanitaire : Les m\u00e9decins tunisiens appel\u00e9s \u00e0 se mobiliser pour Gaza","description":"Le Conseil National de l'Ordre des M\u00e9decins de Tunisie lance un appel \u00e0 b\u00e9n\u00e9voles pour une caravane humanitaire m\u00e9dicale \u00e0 destination de Gaza, pr\u00e9vue le 9 juin...","canonical":"https:\/\/www.webdo.tn\/fr\/actualite\/national\/caravane-humanitaire-les-medecins-tunisiens-appeles-a-se-mobiliser-pour-gaza\/222236\/","og_locale":"fr_FR","og_type":"article","og_title":"Caravane humanitaire : Les m\u00e9decins tunisiens appel\u00e9s \u00e0 se mobiliser pour Gaza","og_description":"Le Conseil National de l'Ordre des M\u00e9decins de Tunisie lance un appel \u00e0 b\u00e9n\u00e9voles pour une caravane humanitaire m\u00e9dicale \u00e0 destination de Gaza, pr\u00e9vue le 9 juin...","og_url":"https:\/\/www.webdo.tn\/fr\/actualite\/national\/caravane-humanitaire-les-medecins-tunisiens-appeles-a-se-mobiliser-pour-gaza\/222236\/","og_site_name":"webdo","article_publisher":"https:\/\/www.facebook.com\/webdotn","article_published_time":"2025-05-28T08:00:00+00:00","og_image":[{"width":670,"height":357,"url":"https:\/\/www.webdo.tn\/fr\/wp-content\/uploads\/2025\/05\/936ac85caa0243a826a9907bb0f1378d.webp","type":"image\/webp"}],"author":"MC","twitter_card":"summary_large_image","twitter_creator":"@webdo_tn","twitter_site":"@webdo_tn","twitter_misc":{"\u00c9crit par":"MC","Dur\u00e9e de lecture estim\u00e9e":"1 minute"},"schema":{"@context":"https:\/\/schema.org","@graph":[{"@type":"NewsArticle","@id":"https:\/\/www.webdo.tn\/fr\/actualite\/national\/caravane-humanitaire-les-medecins-tunisiens-appeles-a-se-mobiliser-pour-gaza\/222236\/#article","isPartOf":{"@id":"https:\/\/www.webdo.tn\/fr\/actualite\/national\/caravane-humanitaire-les-medecins-tunisiens-appeles-a-se-mobiliser-pour-gaza\/222236\/"},"author":{"name":"MC","@id":"https:\/\/www.webdo.tn\/fr\/#\/schema\/person\/2c4929cbf5a809e3bd38617c6ce150f6"},"headline":"Caravane humanitaire : Les m\u00e9decins tunisiens appel\u00e9s \u00e0 se mobiliser pour Gaza","datePublished":"2025-05-28T08:00:00+00:00","mainEntityOfPage":{"@id":"https:\/\/www.webdo.tn\/fr\/actualite\/national\/caravane-humanitaire-les-medecins-tunisiens-appeles-a-se-mobiliser-pour-gaza\/222236\/"},"wordCount":231,"commentCount":0,"publisher":{"@id":"https:\/\/www.webdo.tn\/fr\/#organization"},"image":{"@id":"https:\/\/www.webdo.tn\/fr\/actualite\/national\/caravane-humanitaire-les-medecins-tunisiens-appeles-a-se-mobiliser-pour-gaza\/222236\/#primaryimage"},"thumbnailUrl":"https:\/\/www.webdo.tn\/fr\/wp-content\/uploads\/2025\/05\/936ac85caa0243a826a9907bb0f1378d.webp","keywords":["Gaza","m\u00e9decins","Tunisie"],"articleSection":["National"],"inLanguage":"fr-FR"},{"@type":"WebPage","@id":"https:\/\/www.webdo.tn\/fr\/actualite\/national\/caravane-humanitaire-les-medecins-tunisiens-appeles-a-se-mobiliser-pour-gaza\/222236\/","url":"https:\/\/www.webdo.tn\/fr\/actualite\/national\/caravane-humanitaire-les-medecins-tunisiens-appeles-a-se-mobiliser-pour-gaza\/222236\/","name":"Caravane humanitaire : Les m\u00e9decins tunisiens appel\u00e9s \u00e0 se mobiliser pour Gaza","isPartOf":{"@id":"https:\/\/www.webdo.tn\/fr\/#website"},"primaryImageOfPage":{"@id":"https:\/\/www.webdo.tn\/fr\/actualite\/national\/caravane-humanitaire-les-medecins-tunisiens-appeles-a-se-mobiliser-pour-gaza\/222236\/#primaryimage"},"image":{"@id":"https:\/\/www.webdo.tn\/fr\/actualite\/national\/caravane-humanitaire-les-medecins-tunisiens-appeles-a-se-mobiliser-pour-gaza\/222236\/#primaryimage"},"thumbnailUrl":"https:\/\/www.webdo.tn\/fr\/wp-content\/uploads\/2025\/05\/936ac85caa0243a826a9907bb0f1378d.webp","datePublished":"2025-05-28T08:00:00+00:00","description":"Le Conseil National de l'Ordre des M\u00e9decins de Tunisie lance un appel \u00e0 b\u00e9n\u00e9voles pour une caravane humanitaire m\u00e9dicale \u00e0 destination de Gaza, pr\u00e9vue le 9 juin...","breadcrumb":{"@id":"https:\/\/www.webdo.tn\/fr\/actualite\/national\/caravane-humanitaire-les-medecins-tunisiens-appeles-a-se-mobiliser-pour-gaza\/222236\/#breadcrumb"},"inLanguage":"fr-FR","potentialAction":[{"@type":"ReadAction","target":["https:\/\/www.webdo.tn\/fr\/actualite\/national\/caravane-humanitaire-les-medecins-tunisiens-appeles-a-se-mobiliser-pour-gaza\/222236\/"]}]},{"@type":"ImageObject","inLanguage":"fr-FR","@id":"https:\/\/www.webdo.tn\/fr\/actualite\/national\/caravane-humanitaire-les-medecins-tunisiens-appeles-a-se-mobiliser-pour-gaza\/222236\/#primaryimage","url":"https:\/\/www.webdo.tn\/fr\/wp-content\/uploads\/2025\/05\/936ac85caa0243a826a9907bb0f1378d.webp","contentUrl":"https:\/\/www.webdo.tn\/fr\/wp-content\/uploads\/2025\/05\/936ac85caa0243a826a9907bb0f1378d.webp","width":670,"height":357,"caption":"Caravane humanitaire : Les m\u00e9decins tunisiens appel\u00e9s \u00e0 se mobiliser pour Gaza"},{"@type":"BreadcrumbList","@id":"https:\/\/www.webdo.tn\/fr\/actualite\/national\/caravane-humanitaire-les-medecins-tunisiens-appeles-a-se-mobiliser-pour-gaza\/222236\/#breadcrumb","itemListElement":[{"@type":"ListItem","position":1,"name":"Accueil","item":"https:\/\/www.webdo.tn\/fr\/"},{"@type":"ListItem","position":2,"name":"Caravane humanitaire : Les m\u00e9decins tunisiens appel\u00e9s \u00e0 se mobiliser pour Gaza"}]},{"@type":"WebSite","@id":"https:\/\/www.webdo.tn\/fr\/#website","url":"https:\/\/www.webdo.tn\/fr\/","name":"webdo","description":"Tunisie - News en Tunisie et \u00e0 l&#039;international sur Webdo.tn","publisher":{"@id":"https:\/\/www.webdo.tn\/fr\/#organization"},"potentialAction":[{"@type":"SearchAction","target":{"@type":"EntryPoint","urlTemplate":"https:\/\/www.webdo.tn\/fr\/?s={search_term_string}"},"query-input":{"@type":"PropertyValueSpecification","valueRequired":true,"valueName":"search_term_string"}}],"inLanguage":"fr-FR"},{"@type":"Organization","@id":"https:\/\/www.webdo.tn\/fr\/#organization","name":"Webdo","alternateName":"Webdo.tn","url":"https:\/\/www.webdo.tn\/fr\/","logo":{"@type":"ImageObject","inLanguage":"fr-FR","@id":"https:\/\/www.webdo.tn\/fr\/#\/schema\/logo\/image\/","url":"https:\/\/www.webdo.tn\/fr\/wp-content\/uploads\/2025\/06\/Webdo-Tunisie_168377.jpg","contentUrl":"https:\/\/www.webdo.tn\/fr\/wp-content\/uploads\/2025\/06\/Webdo-Tunisie_168377.jpg","width":301,"height":301,"caption":"Webdo"},"image":{"@id":"https:\/\/www.webdo.tn\/fr\/#\/schema\/logo\/image\/"},"sameAs":["https:\/\/www.facebook.com\/webdotn","https:\/\/x.com\/webdo_tn"],"description":"Webdo est un m\u00e9dia num\u00e9rique tunisien fond\u00e9 en 2010, sp\u00e9cialis\u00e9 dans l\u2019actualit\u00e9 nationale et internationale, l\u2019\u00e9conomie, la soci\u00e9t\u00e9 et les analyses politiques. Le site s\u2019adresse \u00e0 un large public francophone et couvre l\u2019information tunisienne en temps r\u00e9el.","email":"redac@webdo.tn","legalName":"YNJ SARL","foundingDate":"2010-09-06","numberOfEmployees":{"@type":"QuantitativeValue","minValue":"11","maxValue":"50"}},{"@type":"Person","@id":"https:\/\/www.webdo.tn\/fr\/#\/schema\/person\/2c4929cbf5a809e3bd38617c6ce150f6","name":"MC","image":{"@type":"ImageObject","inLanguage":"fr-FR","@id":"https:\/\/secure.gravatar.com\/avatar\/a545bbb6f84efdd5553dbbc2895e3ca8f1d12c5215e00a041c9670b54aa9b18a?s=96&d=mm&r=g","url":"https:\/\/secure.gravatar.com\/avatar\/a545bbb6f84efdd5553dbbc2895e3ca8f1d12c5215e00a041c9670b54aa9b18a?s=96&d=mm&r=g","contentUrl":"https:\/\/secure.gravatar.com\/avatar\/a545bbb6f84efdd5553dbbc2895e3ca8f1d12c5215e00a041c9670b54aa9b18a?s=96&d=mm&r=g","caption":"MC"},"url":"https:\/\/www.webdo.tn\/fr\/actualite\/author\/mc\/"}]}},"_links":{"self":[{"href":"https:\/\/www.webdo.tn\/fr\/wp-json\/wp\/v2\/posts\/222236","targetHints":{"allow":["GET"]}}],"collection":[{"href":"https:\/\/www.webdo.tn\/fr\/wp-json\/wp\/v2\/posts"}],"about":[{"href":"https:\/\/www.webdo.tn\/fr\/wp-json\/wp\/v2\/types\/post"}],"author":[{"embeddable":true,"href":"https:\/\/www.webdo.tn\/fr\/wp-json\/wp\/v2\/users\/3162"}],"replies":[{"embeddable":true,"href":"https:\/\/www.webdo.tn\/fr\/wp-json\/wp\/v2\/comments?post=222236"}],"version-history":[{"count":0,"href":"https:\/\/www.webdo.tn\/fr\/wp-json\/wp\/v2\/posts\/222236\/revisions"}],"wp:featuredmedia":[{"embeddable":true,"href":"https:\/\/www.webdo.tn\/fr\/wp-json\/wp\/v2\/media\/366040"}],"wp:attachment":[{"href":"https:\/\/www.webdo.tn\/fr\/wp-json\/wp\/v2\/media?parent=222236"}],"wp:term":[{"taxonomy":"category","embeddable":true,"href":"https:\/\/www.webdo.tn\/fr\/wp-json\/wp\/v2\/categories?post=222236"},{"taxonomy":"post_tag","embeddable":true,"href":"https:\/\/www.webdo.tn\/fr\/wp-json\/wp\/v2\/tags?post=222236"}],"curies":[{"name":"wp","href":"https:\/\/api.w.org\/{rel}","templated":true}]}}