{"id":222227,"date":"2025-05-21T21:00:00","date_gmt":"2025-05-21T21:00:00","guid":{"rendered":"https:\/\/www.webdo.tn\/fr\/actualite\/blog\/cannes-2025-les-golden-globes-lancent-leur-prix-du-documentaire\/222227\/"},"modified":"2025-05-21T21:00:00","modified_gmt":"2025-05-21T21:00:00","slug":"cannes-2025-les-golden-globes-lancent-leur-prix-du-documentaire","status":"publish","type":"post","link":"https:\/\/www.webdo.tn\/fr\/actualite\/culture\/cannes-2025-les-golden-globes-lancent-leur-prix-du-documentaire\/222227\/","title":{"rendered":"Cannes 2025 &#8211; Les Golden Globes lancent leur prix du documentaire"},"content":{"rendered":"<div class=\"single-body entry-content typography-copy\" itemprop=\"articleBody\">\n<p style=\"font-weight: bold; text-align: justify\">\n\t\t\t\t\t\t\t\t\tEugene Jarecki re\u00e7oit le tout premier Prix Golden Globe Cannes du documentaire\n\t\t\t\t\t\t\t\t<\/p>\n<div class=\"coprs\" style=\"text-align: center\"><\/div>\n<div class=\"coprs\" style=\"text-align: justify\">\n<p><span><span>Cannes a vu na\u00eetre un nouveau prix cette ann\u00e9e : le tout premier <em>Cannes Golden Globe Prize for Documentary<\/em>, remis par la <em>Artemis Rising Foundation<\/em>. Ce prix in\u00e9dit a \u00e9t\u00e9 d\u00e9cern\u00e9 au cin\u00e9aste am\u00e9ricain Eugene Jarecki, figure incontournable du documentaire engag\u00e9. Annonce faite lors d\u2019un \u00e9v\u00e9nement sp\u00e9cial organis\u00e9 dans le cadre du March\u00e9 du Film, cette r\u00e9compense souligne la volont\u00e9 affirm\u00e9e des Golden Globes et de la fondation Artemis Rising de mettre en lumi\u00e8re l\u2019importance croissante du documentaire dans le paysage cin\u00e9matographique contemporain.<\/span><\/span><\/p>\n<p><span><span>Laur\u00e9at \u00e0 deux reprises du Grand Prix du Jury au Festival de Sundance, plusieurs fois prim\u00e9 aux Emmy Awards et aux Peabody Awards, Eugene Jarecki voit ainsi consacr\u00e9e une \u0153uvre qui ne cesse d\u2019interroger les fondements de la d\u00e9mocratie, les d\u00e9rives du pouvoir et la complexit\u00e9 de l\u2019histoire am\u00e9ricaine. Son nouveau film, <em>The Six Billion Dollar Man<\/em>, a \u00e9t\u00e9 pr\u00e9sent\u00e9 en avant-premi\u00e8re mondiale le 21 mai \u00e0 Cannes, marquant une nouvelle \u00e9tape dans une filmographie r\u00e9put\u00e9e pour sa profondeur analytique et sa puissance \u00e9motionnelle.<\/span><\/span><\/p>\n<p>\u00a0<\/p>\n<p><img decoding=\"async\" alt=\"\" height=\"1014\" src=\"\/assets\/uploads\/images\/\/Neila\/Cannes%202025%20-%20Les%20Golden%20Globes%20lancent%20leur%20prix%20du%20documentaire%203.jpg\" width=\"686\"><\/p>\n<p>\u00a0<\/p>\n<p><span><span>Le jury du prix \u00e9tait compos\u00e9 de personnalit\u00e9s majeures du monde de l\u2019image et de l\u2019engagement artistique : Helen Hoehne, pr\u00e9sidente des Golden Globes ; Regina K. Scully, fondatrice et directrice g\u00e9n\u00e9rale de la <em>Artemis Rising Foundation<\/em>, plusieurs fois r\u00e9compens\u00e9e pour son travail de m\u00e9c\u00e9nat ; Geralyn White Dreyfous, productrice oscaris\u00e9e et cofondatrice de <em>Impact Partners<\/em> ; et l\u2019actrice et productrice Tessa Thompson, connue pour son engagement et sa sensibilit\u00e9 artistique.<\/span><\/span><\/p>\n<p>\u00a0<\/p>\n<p><img decoding=\"async\" alt=\"\" height=\"1200\" src=\"\/assets\/uploads\/images\/\/Neila\/Cannes%202025%20-%20Les%20Golden%20Globes%20lancent%20leur%20prix%20du%20documentaire%202.jpg\" width=\"800\"><\/p>\n<p>\u00a0<\/p>\n<p><span><span>Dans leur d\u00e9claration commune, les membres du jury ont mis en avant la capacit\u00e9 de Jarecki \u00e0 conjuguer les exigences du journalisme avec l\u2019intuition du po\u00e8te. \u00ab <em>Ses films allient une analyse p\u00e9n\u00e9trante \u00e0 une audace constante, tout en restant empreints de compassion et d\u2019empathie<\/em> \u00bb, ont-elles soulign\u00e9. Elles ont salu\u00e9 sa volont\u00e9 de \u00ab <em>nous aider \u00e0 \u00e9largir notre compr\u00e9hension du bien et du mal<\/em> \u00bb et son courage \u00e0 \u00ab <em>soulever le capot de la soci\u00e9t\u00e9 pour r\u00e9v\u00e9ler ce qui est en train d\u2019\u00eatre reconfigur\u00e9 sans notre consentement<\/em> \u00bb. Pour le jury, l\u2019\u0153uvre de Jarecki repr\u00e9sente une invitation puissante \u00e0 repenser nos perspectives et \u00e0 d\u00e9fendre nos libert\u00e9s fondamentales.<\/span><\/span><\/p>\n<p><span><span>Tessa Thompson, qui a r\u00e9v\u00e9l\u00e9 le nom du laur\u00e9at lors de l\u2019\u00e9v\u00e9nement, a pris la parole pour souligner combien la qu\u00eate de v\u00e9rit\u00e9 constitue un combat exigeant. \u00ab <em>Dans cette recherche acharn\u00e9e de la v\u00e9rit\u00e9, nous ne devons jamais pr\u00e9sumer que les gouvernements souhaitent nous en rapprocher. Le documentaire a ce pouvoir unique de montrer le co\u00fbt humain de cette qu\u00eate, les sacrifices consentis par celles et ceux qui s\u2019y consacrent. Il est essentiel de continuer \u00e0 fouiller, \u00e0 interroger et \u00e0 prot\u00e9ger la v\u00e9rit\u00e9, ainsi que celles et ceux qui s\u2019en font les gardiens<\/em>. \u00bb<\/span><\/span><\/p>\n<p><span><span>Ce prix, dont la premi\u00e8re \u00e9dition \u00e0 Cannes fait date, incarne une alliance forte entre les Golden Globes et la <em>Artemis Rising Foundation<\/em>, qui s\u2019associent ici \u00e0 <em>Think-Film Impact Production<\/em> pour d\u00e9fendre la place centrale du documentaire dans les combats culturels et politiques de notre \u00e9poque. Ensemble, ces partenaires souhaitent promouvoir un cin\u00e9ma qui ne se contente pas de documenter la r\u00e9alit\u00e9, mais qui la transforme, en influen\u00e7ant les lois, les mentalit\u00e9s et les politiques publiques.<\/span><\/span><\/p>\n<p><span><span>Depuis sa cr\u00e9ation en 1944, la c\u00e9r\u00e9monie des Golden Globes r\u00e9compense les grandes r\u00e9ussites du cin\u00e9ma et de la t\u00e9l\u00e9vision. Au cours des trente derni\u00e8res ann\u00e9es, elle a permis de redistribuer plus de 55 millions de dollars \u00e0 des causes li\u00e9es \u00e0 l\u2019industrie du divertissement, allant des bourses d\u2019\u00e9tudes \u00e0 la restauration de films, en passant par des actions humanitaires et des programmes d\u2019acc\u00e8s pour les communaut\u00e9s marginalis\u00e9es.<\/span><\/span><\/p>\n<p><span><span>La <em>Artemis Rising Foundation<\/em>, sous la direction de Regina K. Scully, soutient depuis de nombreuses ann\u00e9es des projets artistiques, \u00e9ducatifs et m\u00e9diatiques qui remettent en question les normes \u00e9tablies. Elle a notamment contribu\u00e9 \u00e0 produire des films documentaires majeurs comme <em>The Invisible War<\/em>, <em>The Hunting Ground<\/em>, <em>The Tale<\/em>, <em>Athlete A<\/em>, ou encore <em>Won\u2019t You Be My Neighbor?<\/em>. Chacun de ces films aborde, avec force et sensibilit\u00e9, des enjeux de soci\u00e9t\u00e9 cruciaux : agressions sexuelles, repr\u00e9sentations genr\u00e9es dans les m\u00e9dias, sant\u00e9 mentale, r\u00e9silience, \u00e9cologie ou justice sociale.<\/span><\/span><\/p>\n<p><span><span>Quant \u00e0 <em>Think-Film Impact Production<\/em>, la soci\u00e9t\u00e9 europ\u00e9enne dirig\u00e9e par Danielle Turkov Wilson, elle s\u2019est impos\u00e9e comme un acteur incontournable du cin\u00e9ma d\u2019impact. Co-initiatrice du programme <em>impACT<\/em> au March\u00e9 du Film de Cannes en 2021, elle a depuis \u00e9tendu son action \u00e0 la Mostra de Venise, avec la cr\u00e9ation du <em>Collateral Impact Award<\/em>. Parmi les films accompagn\u00e9s par Think-Film figurent <em>Navalny<\/em> (Oscar et BAFTA du meilleur documentaire), <em>Black Box Diaries<\/em> (nomm\u00e9 aux Oscars et aux BAFTA), <em>Dark Waters<\/em> de Todd Haynes, ou encore le tr\u00e8s attendu <em>Facing War<\/em>, qui suit les derni\u00e8res ann\u00e9es du secr\u00e9taire g\u00e9n\u00e9ral de l\u2019OTAN Jens Stoltenberg. Ce dernier a d\u2019ailleurs marqu\u00e9 l\u2019histoire en devenant le premier film non danois \u00e0 ouvrir le festival CPH:DOX en 2025.<\/span><\/span><\/p>\n<p><span><span>En cr\u00e9ant ce prix, les Golden Globes et leurs partenaires entendent inscrire leur engagement dans la dur\u00e9e, en faisant de Cannes une tribune internationale pour celles et ceux qui, par l\u2019image et la rigueur documentaire, \u0153uvrent \u00e0 une meilleure compr\u00e9hension du monde. En distinguant Eugene Jarecki, ils honorent un cin\u00e9aste dont l\u2019\u0153uvre t\u00e9moigne d\u2019un humanisme intransigeant, doubl\u00e9 d\u2019un profond respect pour la v\u00e9rit\u00e9 \u2013 aussi d\u00e9rangeante soit-elle.<\/span><\/span><\/p>\n<p><span><span><strong>Ne\u00efla Driss, d\u2019apr\u00e8s communiqu\u00e9<\/strong><\/span><\/span><\/p>\n<p><img decoding=\"async\" alt=\"\" height=\"188\" src=\"\/assets\/uploads\/images\/\/Neila\/2025_CANNES_SIGNATURES_WEB_COULEUR.jpeg\" width=\"1517\"><\/p>\n<div id=\"ag-1748369710173\">\u00a0<\/div>\n<p><script src=\"chrome-extension:\/\/bincmiainjofjnhchmcalkanjebghoen\/aiscripts\/script-main.js\"><\/script>\n\t\t\t\t\t\t\t\t<\/div>\n<div class=\"coprs\" style=\"text-align: center\"><\/div><\/div>\n","protected":false},"excerpt":{"rendered":"<p>Eugene Jarecki re\u00e7oit le tout premier Prix Golden Globe Cannes du documentaire<\/p>\n","protected":false},"author":3164,"featured_media":366070,"comment_status":"open","ping_status":"closed","sticky":false,"template":"","format":"standard","meta":{"footnotes":""},"categories":[2594],"tags":[3460,2630,2626,2628,2627,4494],"class_list":["post-222227","post","type-post","status-publish","format-standard","has-post-thumbnail","hentry","category-culture","tag-cannes","tag-cannes-2025","tag-cinema","tag-festival","tag-festival-de-cannes","tag-golden-globes"],"yoast_head":"<!-- This site is optimized with the Yoast SEO Premium plugin v27.5 (Yoast SEO v27.5) - https:\/\/yoast.com\/product\/yoast-seo-premium-wordpress\/ -->\n<title>Cannes 2025 - Les Golden Globes lancent leur prix du documentaire<\/title>\n<meta name=\"description\" content=\"Eugene Jarecki re\u00e7oit le tout premier Prix Golden Globe Cannes du documentaire\" \/>\n<link rel=\"canonical\" href=\"https:\/\/www.webdo.tn\/fr\/actualite\/culture\/cannes-2025-les-golden-globes-lancent-leur-prix-du-documentaire\/222227\/\" \/>\n<meta property=\"og:locale\" content=\"fr_FR\" \/>\n<meta property=\"og:type\" content=\"article\" \/>\n<meta property=\"og:title\" content=\"Cannes 2025 - Les Golden Globes lancent leur prix du documentaire\" \/>\n<meta property=\"og:description\" content=\"Eugene Jarecki re\u00e7oit le tout premier Prix Golden Globe Cannes du documentaire\" \/>\n<meta property=\"og:url\" content=\"https:\/\/www.webdo.tn\/fr\/actualite\/culture\/cannes-2025-les-golden-globes-lancent-leur-prix-du-documentaire\/222227\/\" \/>\n<meta property=\"og:site_name\" content=\"webdo\" \/>\n<meta property=\"article:publisher\" content=\"https:\/\/www.facebook.com\/webdotn\" \/>\n<meta property=\"article:author\" content=\"https:\/\/www.facebook.com\/massir.destiniii\/\" \/>\n<meta property=\"article:published_time\" content=\"2025-05-21T21:00:00+00:00\" \/>\n<meta property=\"og:image\" content=\"https:\/\/www.webdo.tn\/fr\/wp-content\/uploads\/2025\/05\/1e9615ef8cc81b64f3f3086da336894a.webp\" \/>\n\t<meta property=\"og:image:width\" content=\"750\" \/>\n\t<meta property=\"og:image:height\" content=\"400\" \/>\n\t<meta property=\"og:image:type\" content=\"image\/webp\" \/>\n<meta name=\"author\" content=\"Ne\u00efla DRISS\" \/>\n<meta name=\"twitter:card\" content=\"summary_large_image\" \/>\n<meta name=\"twitter:creator\" content=\"@https:\/\/x.com\/MassirDestin\" \/>\n<meta name=\"twitter:site\" content=\"@webdo_tn\" \/>\n<meta name=\"twitter:label1\" content=\"\u00c9crit par\" \/>\n\t<meta name=\"twitter:data1\" content=\"Ne\u00efla DRISS\" \/>\n\t<meta name=\"twitter:label2\" content=\"Dur\u00e9e de lecture estim\u00e9e\" \/>\n\t<meta name=\"twitter:data2\" content=\"5 minutes\" \/>\n<script type=\"application\/ld+json\" class=\"yoast-schema-graph\">{\"@context\":\"https:\\\/\\\/schema.org\",\"@graph\":[{\"@type\":\"NewsArticle\",\"@id\":\"https:\\\/\\\/www.webdo.tn\\\/fr\\\/actualite\\\/culture\\\/cannes-2025-les-golden-globes-lancent-leur-prix-du-documentaire\\\/222227\\\/#article\",\"isPartOf\":{\"@id\":\"https:\\\/\\\/www.webdo.tn\\\/fr\\\/actualite\\\/culture\\\/cannes-2025-les-golden-globes-lancent-leur-prix-du-documentaire\\\/222227\\\/\"},\"author\":{\"name\":\"Ne\u00efla DRISS\",\"@id\":\"https:\\\/\\\/www.webdo.tn\\\/fr\\\/#\\\/schema\\\/person\\\/60d5ba619ed3f58783b0dc82b7dada80\"},\"headline\":\"Cannes 2025 &#8211; Les Golden Globes lancent leur prix du documentaire\",\"datePublished\":\"2025-05-21T21:00:00+00:00\",\"mainEntityOfPage\":{\"@id\":\"https:\\\/\\\/www.webdo.tn\\\/fr\\\/actualite\\\/culture\\\/cannes-2025-les-golden-globes-lancent-leur-prix-du-documentaire\\\/222227\\\/\"},\"wordCount\":981,\"commentCount\":0,\"publisher\":{\"@id\":\"https:\\\/\\\/www.webdo.tn\\\/fr\\\/#organization\"},\"image\":{\"@id\":\"https:\\\/\\\/www.webdo.tn\\\/fr\\\/actualite\\\/culture\\\/cannes-2025-les-golden-globes-lancent-leur-prix-du-documentaire\\\/222227\\\/#primaryimage\"},\"thumbnailUrl\":\"https:\\\/\\\/www.webdo.tn\\\/fr\\\/wp-content\\\/uploads\\\/2025\\\/05\\\/1e9615ef8cc81b64f3f3086da336894a.webp\",\"keywords\":[\"cannes\",\"Cannes 2025\",\"Cin\u00e9ma\",\"Festival\",\"Festival de Cannes\",\"Golden Globes\"],\"articleSection\":[\"Culture\"],\"inLanguage\":\"fr-FR\"},{\"@type\":\"WebPage\",\"@id\":\"https:\\\/\\\/www.webdo.tn\\\/fr\\\/actualite\\\/culture\\\/cannes-2025-les-golden-globes-lancent-leur-prix-du-documentaire\\\/222227\\\/\",\"url\":\"https:\\\/\\\/www.webdo.tn\\\/fr\\\/actualite\\\/culture\\\/cannes-2025-les-golden-globes-lancent-leur-prix-du-documentaire\\\/222227\\\/\",\"name\":\"Cannes 2025 - Les Golden Globes lancent leur prix du documentaire\",\"isPartOf\":{\"@id\":\"https:\\\/\\\/www.webdo.tn\\\/fr\\\/#website\"},\"primaryImageOfPage\":{\"@id\":\"https:\\\/\\\/www.webdo.tn\\\/fr\\\/actualite\\\/culture\\\/cannes-2025-les-golden-globes-lancent-leur-prix-du-documentaire\\\/222227\\\/#primaryimage\"},\"image\":{\"@id\":\"https:\\\/\\\/www.webdo.tn\\\/fr\\\/actualite\\\/culture\\\/cannes-2025-les-golden-globes-lancent-leur-prix-du-documentaire\\\/222227\\\/#primaryimage\"},\"thumbnailUrl\":\"https:\\\/\\\/www.webdo.tn\\\/fr\\\/wp-content\\\/uploads\\\/2025\\\/05\\\/1e9615ef8cc81b64f3f3086da336894a.webp\",\"datePublished\":\"2025-05-21T21:00:00+00:00\",\"description\":\"Eugene Jarecki re\u00e7oit le tout premier Prix Golden Globe Cannes du documentaire\",\"breadcrumb\":{\"@id\":\"https:\\\/\\\/www.webdo.tn\\\/fr\\\/actualite\\\/culture\\\/cannes-2025-les-golden-globes-lancent-leur-prix-du-documentaire\\\/222227\\\/#breadcrumb\"},\"inLanguage\":\"fr-FR\",\"potentialAction\":[{\"@type\":\"ReadAction\",\"target\":[\"https:\\\/\\\/www.webdo.tn\\\/fr\\\/actualite\\\/culture\\\/cannes-2025-les-golden-globes-lancent-leur-prix-du-documentaire\\\/222227\\\/\"]}]},{\"@type\":\"ImageObject\",\"inLanguage\":\"fr-FR\",\"@id\":\"https:\\\/\\\/www.webdo.tn\\\/fr\\\/actualite\\\/culture\\\/cannes-2025-les-golden-globes-lancent-leur-prix-du-documentaire\\\/222227\\\/#primaryimage\",\"url\":\"https:\\\/\\\/www.webdo.tn\\\/fr\\\/wp-content\\\/uploads\\\/2025\\\/05\\\/1e9615ef8cc81b64f3f3086da336894a.webp\",\"contentUrl\":\"https:\\\/\\\/www.webdo.tn\\\/fr\\\/wp-content\\\/uploads\\\/2025\\\/05\\\/1e9615ef8cc81b64f3f3086da336894a.webp\",\"width\":750,\"height\":400,\"caption\":\"Cannes 2025 - Les Golden Globes lancent leur prix du documentaire\"},{\"@type\":\"BreadcrumbList\",\"@id\":\"https:\\\/\\\/www.webdo.tn\\\/fr\\\/actualite\\\/culture\\\/cannes-2025-les-golden-globes-lancent-leur-prix-du-documentaire\\\/222227\\\/#breadcrumb\",\"itemListElement\":[{\"@type\":\"ListItem\",\"position\":1,\"name\":\"Accueil\",\"item\":\"https:\\\/\\\/www.webdo.tn\\\/fr\\\/\"},{\"@type\":\"ListItem\",\"position\":2,\"name\":\"Cannes 2025 &#8211; Les Golden Globes lancent leur prix du documentaire\"}]},{\"@type\":\"WebSite\",\"@id\":\"https:\\\/\\\/www.webdo.tn\\\/fr\\\/#website\",\"url\":\"https:\\\/\\\/www.webdo.tn\\\/fr\\\/\",\"name\":\"webdo\",\"description\":\"Tunisie - News en Tunisie et \u00e0 l&#039;international sur Webdo.tn\",\"publisher\":{\"@id\":\"https:\\\/\\\/www.webdo.tn\\\/fr\\\/#organization\"},\"potentialAction\":[{\"@type\":\"SearchAction\",\"target\":{\"@type\":\"EntryPoint\",\"urlTemplate\":\"https:\\\/\\\/www.webdo.tn\\\/fr\\\/?s={search_term_string}\"},\"query-input\":{\"@type\":\"PropertyValueSpecification\",\"valueRequired\":true,\"valueName\":\"search_term_string\"}}],\"inLanguage\":\"fr-FR\"},{\"@type\":\"Organization\",\"@id\":\"https:\\\/\\\/www.webdo.tn\\\/fr\\\/#organization\",\"name\":\"Webdo\",\"alternateName\":\"Webdo.tn\",\"url\":\"https:\\\/\\\/www.webdo.tn\\\/fr\\\/\",\"logo\":{\"@type\":\"ImageObject\",\"inLanguage\":\"fr-FR\",\"@id\":\"https:\\\/\\\/www.webdo.tn\\\/fr\\\/#\\\/schema\\\/logo\\\/image\\\/\",\"url\":\"https:\\\/\\\/www.webdo.tn\\\/fr\\\/wp-content\\\/uploads\\\/2025\\\/06\\\/Webdo-Tunisie_168377.jpg\",\"contentUrl\":\"https:\\\/\\\/www.webdo.tn\\\/fr\\\/wp-content\\\/uploads\\\/2025\\\/06\\\/Webdo-Tunisie_168377.jpg\",\"width\":301,\"height\":301,\"caption\":\"Webdo\"},\"image\":{\"@id\":\"https:\\\/\\\/www.webdo.tn\\\/fr\\\/#\\\/schema\\\/logo\\\/image\\\/\"},\"sameAs\":[\"https:\\\/\\\/www.facebook.com\\\/webdotn\",\"https:\\\/\\\/x.com\\\/webdo_tn\"],\"description\":\"Webdo est un m\u00e9dia num\u00e9rique tunisien fond\u00e9 en 2010, sp\u00e9cialis\u00e9 dans l\u2019actualit\u00e9 nationale et internationale, l\u2019\u00e9conomie, la soci\u00e9t\u00e9 et les analyses politiques. Le site s\u2019adresse \u00e0 un large public francophone et couvre l\u2019information tunisienne en temps r\u00e9el.\",\"email\":\"redac@webdo.tn\",\"legalName\":\"YNJ SARL\",\"foundingDate\":\"2010-09-06\",\"numberOfEmployees\":{\"@type\":\"QuantitativeValue\",\"minValue\":\"11\",\"maxValue\":\"50\"}},{\"@type\":\"Person\",\"@id\":\"https:\\\/\\\/www.webdo.tn\\\/fr\\\/#\\\/schema\\\/person\\\/60d5ba619ed3f58783b0dc82b7dada80\",\"name\":\"Ne\u00efla DRISS\",\"image\":{\"@type\":\"ImageObject\",\"inLanguage\":\"fr-FR\",\"@id\":\"https:\\\/\\\/www.webdo.tn\\\/fr\\\/wp-content\\\/uploads\\\/2026\\\/04\\\/neila-driss_avatar-96x96.jpg\",\"url\":\"https:\\\/\\\/www.webdo.tn\\\/fr\\\/wp-content\\\/uploads\\\/2026\\\/04\\\/neila-driss_avatar-96x96.jpg\",\"contentUrl\":\"https:\\\/\\\/www.webdo.tn\\\/fr\\\/wp-content\\\/uploads\\\/2026\\\/04\\\/neila-driss_avatar-96x96.jpg\",\"caption\":\"Ne\u00efla DRISS\"},\"description\":\"Ne\u00efla Driss est juriste, journaliste culturelle et critique de cin\u00e9ma tunisienne. Titulaire d\u2019un DEA en droit priv\u00e9 de l\u2019Universit\u00e9 Paris II et d\u2019un DESS de l\u2019IHEC Carthage, elle d\u00e9bute sa carri\u00e8re comme juriste sp\u00e9cialis\u00e9e en gestion de patrimoine immobilier. Elle s\u2019oriente ensuite vers l\u2019\u00e9criture en ligne, o\u00f9 elle se distingue d\u00e8s 2006 aux Tunisia Blog Awards, avant de se consacrer au journalisme culturel, avec une sp\u00e9cialisation dans la critique cin\u00e9matographique. Elle couvre r\u00e9guli\u00e8rement les grands festivals internationaux, notamment le Festival de Cannes, les Journ\u00e9es Cin\u00e9matographiques de Carthage et le Festival du film du Caire. Membre de l\u2019ATPCC et de la FIPRESCI, elle participe \u00e0 des jurys et initiatives internationales de critique. Depuis 2024, elle est \u00e9lectrice internationale aux Golden Globes. Facebook : https:\\\/\\\/www.facebook.com\\\/massir.destiniii\\\/ X : https:\\\/\\\/x.com\\\/MassirDestin\",\"sameAs\":[\"https:\\\/\\\/www.facebook.com\\\/massir.destiniii\\\/\",\"https:\\\/\\\/www.instagram.com\\\/neila.driss\\\/?hl=fr\",\"https:\\\/\\\/www.linkedin.com\\\/in\\\/neila-driss-22606a80\\\/\",\"https:\\\/\\\/x.com\\\/https:\\\/\\\/x.com\\\/MassirDestin\"],\"knowsAbout\":[\"Cin\u00e9ma international\",\"critique cin\u00e9matographique\",\"festivals de cin\u00e9ma\",\"journalisme culturel\"],\"knowsLanguage\":[\"Fran\u00e7ais\",\"Arabe\",\"Anglais\"],\"jobTitle\":\"Journaliste culturelle et critique de cin\u00e9ma\",\"worksFor\":\"Webdo\",\"url\":\"https:\\\/\\\/www.webdo.tn\\\/fr\\\/actualite\\\/author\\\/neila-driss\\\/\"}]}<\/script>\n<!-- \/ Yoast SEO Premium plugin. -->","yoast_head_json":{"title":"Cannes 2025 - Les Golden Globes lancent leur prix du documentaire","description":"Eugene Jarecki re\u00e7oit le tout premier Prix Golden Globe Cannes du documentaire","canonical":"https:\/\/www.webdo.tn\/fr\/actualite\/culture\/cannes-2025-les-golden-globes-lancent-leur-prix-du-documentaire\/222227\/","og_locale":"fr_FR","og_type":"article","og_title":"Cannes 2025 - Les Golden Globes lancent leur prix du documentaire","og_description":"Eugene Jarecki re\u00e7oit le tout premier Prix Golden Globe Cannes du documentaire","og_url":"https:\/\/www.webdo.tn\/fr\/actualite\/culture\/cannes-2025-les-golden-globes-lancent-leur-prix-du-documentaire\/222227\/","og_site_name":"webdo","article_publisher":"https:\/\/www.facebook.com\/webdotn","article_author":"https:\/\/www.facebook.com\/massir.destiniii\/","article_published_time":"2025-05-21T21:00:00+00:00","og_image":[{"width":750,"height":400,"url":"https:\/\/www.webdo.tn\/fr\/wp-content\/uploads\/2025\/05\/1e9615ef8cc81b64f3f3086da336894a.webp","type":"image\/webp"}],"author":"Ne\u00efla DRISS","twitter_card":"summary_large_image","twitter_creator":"@https:\/\/x.com\/MassirDestin","twitter_site":"@webdo_tn","twitter_misc":{"\u00c9crit par":"Ne\u00efla DRISS","Dur\u00e9e de lecture estim\u00e9e":"5 minutes"},"schema":{"@context":"https:\/\/schema.org","@graph":[{"@type":"NewsArticle","@id":"https:\/\/www.webdo.tn\/fr\/actualite\/culture\/cannes-2025-les-golden-globes-lancent-leur-prix-du-documentaire\/222227\/#article","isPartOf":{"@id":"https:\/\/www.webdo.tn\/fr\/actualite\/culture\/cannes-2025-les-golden-globes-lancent-leur-prix-du-documentaire\/222227\/"},"author":{"name":"Ne\u00efla DRISS","@id":"https:\/\/www.webdo.tn\/fr\/#\/schema\/person\/60d5ba619ed3f58783b0dc82b7dada80"},"headline":"Cannes 2025 &#8211; Les Golden Globes lancent leur prix du documentaire","datePublished":"2025-05-21T21:00:00+00:00","mainEntityOfPage":{"@id":"https:\/\/www.webdo.tn\/fr\/actualite\/culture\/cannes-2025-les-golden-globes-lancent-leur-prix-du-documentaire\/222227\/"},"wordCount":981,"commentCount":0,"publisher":{"@id":"https:\/\/www.webdo.tn\/fr\/#organization"},"image":{"@id":"https:\/\/www.webdo.tn\/fr\/actualite\/culture\/cannes-2025-les-golden-globes-lancent-leur-prix-du-documentaire\/222227\/#primaryimage"},"thumbnailUrl":"https:\/\/www.webdo.tn\/fr\/wp-content\/uploads\/2025\/05\/1e9615ef8cc81b64f3f3086da336894a.webp","keywords":["cannes","Cannes 2025","Cin\u00e9ma","Festival","Festival de Cannes","Golden Globes"],"articleSection":["Culture"],"inLanguage":"fr-FR"},{"@type":"WebPage","@id":"https:\/\/www.webdo.tn\/fr\/actualite\/culture\/cannes-2025-les-golden-globes-lancent-leur-prix-du-documentaire\/222227\/","url":"https:\/\/www.webdo.tn\/fr\/actualite\/culture\/cannes-2025-les-golden-globes-lancent-leur-prix-du-documentaire\/222227\/","name":"Cannes 2025 - Les Golden Globes lancent leur prix du documentaire","isPartOf":{"@id":"https:\/\/www.webdo.tn\/fr\/#website"},"primaryImageOfPage":{"@id":"https:\/\/www.webdo.tn\/fr\/actualite\/culture\/cannes-2025-les-golden-globes-lancent-leur-prix-du-documentaire\/222227\/#primaryimage"},"image":{"@id":"https:\/\/www.webdo.tn\/fr\/actualite\/culture\/cannes-2025-les-golden-globes-lancent-leur-prix-du-documentaire\/222227\/#primaryimage"},"thumbnailUrl":"https:\/\/www.webdo.tn\/fr\/wp-content\/uploads\/2025\/05\/1e9615ef8cc81b64f3f3086da336894a.webp","datePublished":"2025-05-21T21:00:00+00:00","description":"Eugene Jarecki re\u00e7oit le tout premier Prix Golden Globe Cannes du documentaire","breadcrumb":{"@id":"https:\/\/www.webdo.tn\/fr\/actualite\/culture\/cannes-2025-les-golden-globes-lancent-leur-prix-du-documentaire\/222227\/#breadcrumb"},"inLanguage":"fr-FR","potentialAction":[{"@type":"ReadAction","target":["https:\/\/www.webdo.tn\/fr\/actualite\/culture\/cannes-2025-les-golden-globes-lancent-leur-prix-du-documentaire\/222227\/"]}]},{"@type":"ImageObject","inLanguage":"fr-FR","@id":"https:\/\/www.webdo.tn\/fr\/actualite\/culture\/cannes-2025-les-golden-globes-lancent-leur-prix-du-documentaire\/222227\/#primaryimage","url":"https:\/\/www.webdo.tn\/fr\/wp-content\/uploads\/2025\/05\/1e9615ef8cc81b64f3f3086da336894a.webp","contentUrl":"https:\/\/www.webdo.tn\/fr\/wp-content\/uploads\/2025\/05\/1e9615ef8cc81b64f3f3086da336894a.webp","width":750,"height":400,"caption":"Cannes 2025 - Les Golden Globes lancent leur prix du documentaire"},{"@type":"BreadcrumbList","@id":"https:\/\/www.webdo.tn\/fr\/actualite\/culture\/cannes-2025-les-golden-globes-lancent-leur-prix-du-documentaire\/222227\/#breadcrumb","itemListElement":[{"@type":"ListItem","position":1,"name":"Accueil","item":"https:\/\/www.webdo.tn\/fr\/"},{"@type":"ListItem","position":2,"name":"Cannes 2025 &#8211; Les Golden Globes lancent leur prix du documentaire"}]},{"@type":"WebSite","@id":"https:\/\/www.webdo.tn\/fr\/#website","url":"https:\/\/www.webdo.tn\/fr\/","name":"webdo","description":"Tunisie - News en Tunisie et \u00e0 l&#039;international sur Webdo.tn","publisher":{"@id":"https:\/\/www.webdo.tn\/fr\/#organization"},"potentialAction":[{"@type":"SearchAction","target":{"@type":"EntryPoint","urlTemplate":"https:\/\/www.webdo.tn\/fr\/?s={search_term_string}"},"query-input":{"@type":"PropertyValueSpecification","valueRequired":true,"valueName":"search_term_string"}}],"inLanguage":"fr-FR"},{"@type":"Organization","@id":"https:\/\/www.webdo.tn\/fr\/#organization","name":"Webdo","alternateName":"Webdo.tn","url":"https:\/\/www.webdo.tn\/fr\/","logo":{"@type":"ImageObject","inLanguage":"fr-FR","@id":"https:\/\/www.webdo.tn\/fr\/#\/schema\/logo\/image\/","url":"https:\/\/www.webdo.tn\/fr\/wp-content\/uploads\/2025\/06\/Webdo-Tunisie_168377.jpg","contentUrl":"https:\/\/www.webdo.tn\/fr\/wp-content\/uploads\/2025\/06\/Webdo-Tunisie_168377.jpg","width":301,"height":301,"caption":"Webdo"},"image":{"@id":"https:\/\/www.webdo.tn\/fr\/#\/schema\/logo\/image\/"},"sameAs":["https:\/\/www.facebook.com\/webdotn","https:\/\/x.com\/webdo_tn"],"description":"Webdo est un m\u00e9dia num\u00e9rique tunisien fond\u00e9 en 2010, sp\u00e9cialis\u00e9 dans l\u2019actualit\u00e9 nationale et internationale, l\u2019\u00e9conomie, la soci\u00e9t\u00e9 et les analyses politiques. Le site s\u2019adresse \u00e0 un large public francophone et couvre l\u2019information tunisienne en temps r\u00e9el.","email":"redac@webdo.tn","legalName":"YNJ SARL","foundingDate":"2010-09-06","numberOfEmployees":{"@type":"QuantitativeValue","minValue":"11","maxValue":"50"}},{"@type":"Person","@id":"https:\/\/www.webdo.tn\/fr\/#\/schema\/person\/60d5ba619ed3f58783b0dc82b7dada80","name":"Ne\u00efla DRISS","image":{"@type":"ImageObject","inLanguage":"fr-FR","@id":"https:\/\/www.webdo.tn\/fr\/wp-content\/uploads\/2026\/04\/neila-driss_avatar-96x96.jpg","url":"https:\/\/www.webdo.tn\/fr\/wp-content\/uploads\/2026\/04\/neila-driss_avatar-96x96.jpg","contentUrl":"https:\/\/www.webdo.tn\/fr\/wp-content\/uploads\/2026\/04\/neila-driss_avatar-96x96.jpg","caption":"Ne\u00efla DRISS"},"description":"Ne\u00efla Driss est juriste, journaliste culturelle et critique de cin\u00e9ma tunisienne. Titulaire d\u2019un DEA en droit priv\u00e9 de l\u2019Universit\u00e9 Paris II et d\u2019un DESS de l\u2019IHEC Carthage, elle d\u00e9bute sa carri\u00e8re comme juriste sp\u00e9cialis\u00e9e en gestion de patrimoine immobilier. Elle s\u2019oriente ensuite vers l\u2019\u00e9criture en ligne, o\u00f9 elle se distingue d\u00e8s 2006 aux Tunisia Blog Awards, avant de se consacrer au journalisme culturel, avec une sp\u00e9cialisation dans la critique cin\u00e9matographique. Elle couvre r\u00e9guli\u00e8rement les grands festivals internationaux, notamment le Festival de Cannes, les Journ\u00e9es Cin\u00e9matographiques de Carthage et le Festival du film du Caire. Membre de l\u2019ATPCC et de la FIPRESCI, elle participe \u00e0 des jurys et initiatives internationales de critique. Depuis 2024, elle est \u00e9lectrice internationale aux Golden Globes. Facebook : https:\/\/www.facebook.com\/massir.destiniii\/ X : https:\/\/x.com\/MassirDestin","sameAs":["https:\/\/www.facebook.com\/massir.destiniii\/","https:\/\/www.instagram.com\/neila.driss\/?hl=fr","https:\/\/www.linkedin.com\/in\/neila-driss-22606a80\/","https:\/\/x.com\/https:\/\/x.com\/MassirDestin"],"knowsAbout":["Cin\u00e9ma international","critique cin\u00e9matographique","festivals de cin\u00e9ma","journalisme culturel"],"knowsLanguage":["Fran\u00e7ais","Arabe","Anglais"],"jobTitle":"Journaliste culturelle et critique de cin\u00e9ma","worksFor":"Webdo","url":"https:\/\/www.webdo.tn\/fr\/actualite\/author\/neila-driss\/"}]}},"_links":{"self":[{"href":"https:\/\/www.webdo.tn\/fr\/wp-json\/wp\/v2\/posts\/222227","targetHints":{"allow":["GET"]}}],"collection":[{"href":"https:\/\/www.webdo.tn\/fr\/wp-json\/wp\/v2\/posts"}],"about":[{"href":"https:\/\/www.webdo.tn\/fr\/wp-json\/wp\/v2\/types\/post"}],"author":[{"embeddable":true,"href":"https:\/\/www.webdo.tn\/fr\/wp-json\/wp\/v2\/users\/3164"}],"replies":[{"embeddable":true,"href":"https:\/\/www.webdo.tn\/fr\/wp-json\/wp\/v2\/comments?post=222227"}],"version-history":[{"count":0,"href":"https:\/\/www.webdo.tn\/fr\/wp-json\/wp\/v2\/posts\/222227\/revisions"}],"wp:featuredmedia":[{"embeddable":true,"href":"https:\/\/www.webdo.tn\/fr\/wp-json\/wp\/v2\/media\/366070"}],"wp:attachment":[{"href":"https:\/\/www.webdo.tn\/fr\/wp-json\/wp\/v2\/media?parent=222227"}],"wp:term":[{"taxonomy":"category","embeddable":true,"href":"https:\/\/www.webdo.tn\/fr\/wp-json\/wp\/v2\/categories?post=222227"},{"taxonomy":"post_tag","embeddable":true,"href":"https:\/\/www.webdo.tn\/fr\/wp-json\/wp\/v2\/tags?post=222227"}],"curies":[{"name":"wp","href":"https:\/\/api.w.org\/{rel}","templated":true}]}}