{"id":222225,"date":"2025-05-27T19:01:00","date_gmt":"2025-05-27T19:01:00","guid":{"rendered":"https:\/\/www.webdo.tn\/fr\/actualite\/blog\/tunisie-italie-un-futur-accord-pour-former-et-inserer-des-tunisiens-dans-le-secteur-touristique-italien\/222225\/"},"modified":"2025-05-27T19:01:00","modified_gmt":"2025-05-27T19:01:00","slug":"tunisie-italie-un-futur-accord-pour-former-et-inserer-des-tunisiens-dans-le-secteur-touristique-italien","status":"publish","type":"post","link":"https:\/\/www.webdo.tn\/fr\/actualite\/national\/tunisie-italie-un-futur-accord-pour-former-et-inserer-des-tunisiens-dans-le-secteur-touristique-italien\/222225\/","title":{"rendered":"Tunisie &#8211; Italie : Un futur accord pour former et ins\u00e9rer des Tunisiens dans le secteur touristique italien"},"content":{"rendered":"<p>La Tunisie et l\u2019Italie renforcent leur coop\u00e9ration dans le secteur du tourisme et de l\u2019h\u00f4tellerie. Un programme conjoint est en cours d\u2019\u00e9laboration pour former et ins\u00e9rer des jeunes Tunisiens dans les entreprises italiennes du secteur, en r\u00e9ponse \u00e0 une demande croissante en comp\u00e9tences sp\u00e9cialis\u00e9es.<\/p>\n<p> La Tunisie et l\u2019Italie s\u2019acheminent vers un nouveau partenariat dans le domaine de l\u2019emploi et de la formation professionnelle, avec pour objectif de r\u00e9pondre aux besoins du march\u00e9 italien du tourisme, de l\u2019h\u00f4tellerie et de la restauration en comp\u00e9tences sp\u00e9cialis\u00e9es tunisiennes.<\/p>\n<p>C\u2019est ce qui ressort d\u2019une rencontre tenue, mardi \u00e0 Tunis, entre le ministre de l\u2019Emploi et de la Formation professionnelle, Riadh Chaoued, et une d\u00e9l\u00e9gation de la F\u00e9d\u00e9ration italienne du tourisme et de l\u2019h\u00f4tellerie, conduite par son directeur g\u00e9n\u00e9ral Roberto Calogi, en pr\u00e9sence de l\u2019ambassadeur d\u2019Italie \u00e0 Tunis, Alessandro Prunas.<\/p>\n<p>\u00c0 l\u2019issue de la r\u00e9union, les deux parties ont convenu de l\u2019\u00e9laboration d\u2019un programme de coop\u00e9ration tuniso-italien pour la formation de jeunes Tunisiens aux m\u00e9tiers du tourisme, de l\u2019h\u00f4tellerie et de la restauration, en ad\u00e9quation avec les besoins exprim\u00e9s par les entreprises italiennes.<\/p>\n<p>Un accord a \u00e9galement \u00e9t\u00e9 conclu pour poser les bases d\u2019un futur accord-cadre de coop\u00e9ration. Celui-ci visera \u00e0 d\u00e9finir les comp\u00e9tences recherch\u00e9es par les professionnels italiens, ainsi que les m\u00e9canismes de formation, d\u2019\u00e9valuation et d\u2019insertion des profils tunisiens sur le march\u00e9 italien.<\/p>\n<p>Le ministre Riadh Chaoued a salu\u00e9 cette d\u00e9marche comme une nouvelle opportunit\u00e9 pour valoriser les ressources humaines tunisiennes et renforcer la mobilit\u00e9 l\u00e9gale et encadr\u00e9e vers l\u2019Europe. Il a insist\u00e9 sur l\u2019importance de capitaliser sur les acquis des pr\u00e9c\u00e9dents programmes conjoints pour b\u00e2tir un cadre de coop\u00e9ration durable.<\/p>\n<p>De son c\u00f4t\u00e9, Roberto Calogi a pr\u00e9sent\u00e9 une cartographie des besoins du tissu \u00e9conomique italien, mettant en lumi\u00e8re une forte demande en personnel qualifi\u00e9 dans les secteurs de l\u2019accueil, du service, de la cuisine et de la gestion h\u00f4teli\u00e8re.<\/p>\n<p>L\u2019ambassadeur italien a, pour sa part, exprim\u00e9 son attachement \u00e0 cette coop\u00e9ration \u00ab exemplaire \u00bb qui b\u00e9n\u00e9ficie \u00e0 la fois \u00e0 l\u2019\u00e9conomie italienne et aux jeunes Tunisiens d\u00e9sireux de se former et de travailler dans des conditions encadr\u00e9es.<\/p>\n","protected":false},"excerpt":{"rendered":"<p>Tunisie et Italie pr\u00e9parent un partenariat pour former et ins\u00e9rer des comp\u00e9tences tunisiennes dans le tourisme et l\u2019h\u00f4tellerie italiens, via un programme de coo&#8230;<\/p>\n","protected":false},"author":3162,"featured_media":366024,"comment_status":"open","ping_status":"closed","sticky":false,"template":"","format":"standard","meta":{"footnotes":""},"categories":[44],"tags":[3049,3966,2660,3300,2798,2608],"class_list":["post-222225","post","type-post","status-publish","format-standard","has-post-thumbnail","hentry","category-national","tag-emploi","tag-hotellerie","tag-italie","tag-partenariat","tag-tourisme","tag-tunisie"],"yoast_head":"<!-- This site is optimized with the Yoast SEO Premium plugin v27.4 (Yoast SEO v27.4) - https:\/\/yoast.com\/product\/yoast-seo-premium-wordpress\/ -->\n<title>Tunisie - Italie : Un futur accord pour former et ins\u00e9rer des Tunisiens dans le secteur touristique italien<\/title>\n<meta name=\"description\" content=\"Tunisie et Italie pr\u00e9parent un partenariat pour former et ins\u00e9rer des comp\u00e9tences tunisiennes dans le tourisme et l\u2019h\u00f4tellerie italiens, via un programme de coo...\" \/>\n<link rel=\"canonical\" href=\"https:\/\/www.webdo.tn\/fr\/actualite\/national\/tunisie-italie-un-futur-accord-pour-former-et-inserer-des-tunisiens-dans-le-secteur-touristique-italien\/222225\/\" \/>\n<meta property=\"og:locale\" content=\"fr_FR\" \/>\n<meta property=\"og:type\" content=\"article\" \/>\n<meta property=\"og:title\" content=\"Tunisie - Italie : Un futur accord pour former et ins\u00e9rer des Tunisiens dans le secteur touristique italien\" \/>\n<meta property=\"og:description\" content=\"Tunisie et Italie pr\u00e9parent un partenariat pour former et ins\u00e9rer des comp\u00e9tences tunisiennes dans le tourisme et l\u2019h\u00f4tellerie italiens, via un programme de coo...\" \/>\n<meta property=\"og:url\" content=\"https:\/\/www.webdo.tn\/fr\/actualite\/national\/tunisie-italie-un-futur-accord-pour-former-et-inserer-des-tunisiens-dans-le-secteur-touristique-italien\/222225\/\" \/>\n<meta property=\"og:site_name\" content=\"webdo\" \/>\n<meta property=\"article:publisher\" content=\"https:\/\/www.facebook.com\/webdotn\" \/>\n<meta property=\"article:published_time\" content=\"2025-05-27T19:01:00+00:00\" \/>\n<meta property=\"og:image\" content=\"https:\/\/www.webdo.tn\/fr\/wp-content\/uploads\/2025\/05\/982cd9e85b820deb47db75ee55c8f04e.webp\" \/>\n\t<meta property=\"og:image:width\" content=\"750\" \/>\n\t<meta property=\"og:image:height\" content=\"400\" \/>\n\t<meta property=\"og:image:type\" content=\"image\/webp\" \/>\n<meta name=\"author\" content=\"MC\" \/>\n<meta name=\"twitter:card\" content=\"summary_large_image\" \/>\n<meta name=\"twitter:creator\" content=\"@webdo_tn\" \/>\n<meta name=\"twitter:site\" content=\"@webdo_tn\" \/>\n<meta name=\"twitter:label1\" content=\"\u00c9crit par\" \/>\n\t<meta name=\"twitter:data1\" content=\"MC\" \/>\n\t<meta name=\"twitter:label2\" content=\"Dur\u00e9e de lecture estim\u00e9e\" \/>\n\t<meta name=\"twitter:data2\" content=\"2 minutes\" \/>\n<script type=\"application\/ld+json\" class=\"yoast-schema-graph\">{\"@context\":\"https:\\\/\\\/schema.org\",\"@graph\":[{\"@type\":\"NewsArticle\",\"@id\":\"https:\\\/\\\/www.webdo.tn\\\/fr\\\/actualite\\\/national\\\/tunisie-italie-un-futur-accord-pour-former-et-inserer-des-tunisiens-dans-le-secteur-touristique-italien\\\/222225\\\/#article\",\"isPartOf\":{\"@id\":\"https:\\\/\\\/www.webdo.tn\\\/fr\\\/actualite\\\/national\\\/tunisie-italie-un-futur-accord-pour-former-et-inserer-des-tunisiens-dans-le-secteur-touristique-italien\\\/222225\\\/\"},\"author\":{\"name\":\"MC\",\"@id\":\"https:\\\/\\\/www.webdo.tn\\\/fr\\\/#\\\/schema\\\/person\\\/2c4929cbf5a809e3bd38617c6ce150f6\"},\"headline\":\"Tunisie &#8211; Italie : Un futur accord pour former et ins\u00e9rer des Tunisiens dans le secteur touristique italien\",\"datePublished\":\"2025-05-27T19:01:00+00:00\",\"mainEntityOfPage\":{\"@id\":\"https:\\\/\\\/www.webdo.tn\\\/fr\\\/actualite\\\/national\\\/tunisie-italie-un-futur-accord-pour-former-et-inserer-des-tunisiens-dans-le-secteur-touristique-italien\\\/222225\\\/\"},\"wordCount\":426,\"commentCount\":0,\"publisher\":{\"@id\":\"https:\\\/\\\/www.webdo.tn\\\/fr\\\/#organization\"},\"image\":{\"@id\":\"https:\\\/\\\/www.webdo.tn\\\/fr\\\/actualite\\\/national\\\/tunisie-italie-un-futur-accord-pour-former-et-inserer-des-tunisiens-dans-le-secteur-touristique-italien\\\/222225\\\/#primaryimage\"},\"thumbnailUrl\":\"https:\\\/\\\/www.webdo.tn\\\/fr\\\/wp-content\\\/uploads\\\/2025\\\/05\\\/982cd9e85b820deb47db75ee55c8f04e.webp\",\"keywords\":[\"emploi\",\"h\u00f4tellerie\",\"Italie\",\"partenariat\",\"Tourisme\",\"Tunisie\"],\"articleSection\":[\"National\"],\"inLanguage\":\"fr-FR\"},{\"@type\":\"WebPage\",\"@id\":\"https:\\\/\\\/www.webdo.tn\\\/fr\\\/actualite\\\/national\\\/tunisie-italie-un-futur-accord-pour-former-et-inserer-des-tunisiens-dans-le-secteur-touristique-italien\\\/222225\\\/\",\"url\":\"https:\\\/\\\/www.webdo.tn\\\/fr\\\/actualite\\\/national\\\/tunisie-italie-un-futur-accord-pour-former-et-inserer-des-tunisiens-dans-le-secteur-touristique-italien\\\/222225\\\/\",\"name\":\"Tunisie - Italie : Un futur accord pour former et ins\u00e9rer des Tunisiens dans le secteur touristique italien\",\"isPartOf\":{\"@id\":\"https:\\\/\\\/www.webdo.tn\\\/fr\\\/#website\"},\"primaryImageOfPage\":{\"@id\":\"https:\\\/\\\/www.webdo.tn\\\/fr\\\/actualite\\\/national\\\/tunisie-italie-un-futur-accord-pour-former-et-inserer-des-tunisiens-dans-le-secteur-touristique-italien\\\/222225\\\/#primaryimage\"},\"image\":{\"@id\":\"https:\\\/\\\/www.webdo.tn\\\/fr\\\/actualite\\\/national\\\/tunisie-italie-un-futur-accord-pour-former-et-inserer-des-tunisiens-dans-le-secteur-touristique-italien\\\/222225\\\/#primaryimage\"},\"thumbnailUrl\":\"https:\\\/\\\/www.webdo.tn\\\/fr\\\/wp-content\\\/uploads\\\/2025\\\/05\\\/982cd9e85b820deb47db75ee55c8f04e.webp\",\"datePublished\":\"2025-05-27T19:01:00+00:00\",\"description\":\"Tunisie et Italie pr\u00e9parent un partenariat pour former et ins\u00e9rer des comp\u00e9tences tunisiennes dans le tourisme et l\u2019h\u00f4tellerie italiens, via un programme de coo...\",\"breadcrumb\":{\"@id\":\"https:\\\/\\\/www.webdo.tn\\\/fr\\\/actualite\\\/national\\\/tunisie-italie-un-futur-accord-pour-former-et-inserer-des-tunisiens-dans-le-secteur-touristique-italien\\\/222225\\\/#breadcrumb\"},\"inLanguage\":\"fr-FR\",\"potentialAction\":[{\"@type\":\"ReadAction\",\"target\":[\"https:\\\/\\\/www.webdo.tn\\\/fr\\\/actualite\\\/national\\\/tunisie-italie-un-futur-accord-pour-former-et-inserer-des-tunisiens-dans-le-secteur-touristique-italien\\\/222225\\\/\"]}]},{\"@type\":\"ImageObject\",\"inLanguage\":\"fr-FR\",\"@id\":\"https:\\\/\\\/www.webdo.tn\\\/fr\\\/actualite\\\/national\\\/tunisie-italie-un-futur-accord-pour-former-et-inserer-des-tunisiens-dans-le-secteur-touristique-italien\\\/222225\\\/#primaryimage\",\"url\":\"https:\\\/\\\/www.webdo.tn\\\/fr\\\/wp-content\\\/uploads\\\/2025\\\/05\\\/982cd9e85b820deb47db75ee55c8f04e.webp\",\"contentUrl\":\"https:\\\/\\\/www.webdo.tn\\\/fr\\\/wp-content\\\/uploads\\\/2025\\\/05\\\/982cd9e85b820deb47db75ee55c8f04e.webp\",\"width\":750,\"height\":400,\"caption\":\"Tunisie - Italie : Un futur accord pour former et ins\u00e9rer des Tunisiens dans le secteur touristique italien\"},{\"@type\":\"BreadcrumbList\",\"@id\":\"https:\\\/\\\/www.webdo.tn\\\/fr\\\/actualite\\\/national\\\/tunisie-italie-un-futur-accord-pour-former-et-inserer-des-tunisiens-dans-le-secteur-touristique-italien\\\/222225\\\/#breadcrumb\",\"itemListElement\":[{\"@type\":\"ListItem\",\"position\":1,\"name\":\"Accueil\",\"item\":\"https:\\\/\\\/www.webdo.tn\\\/fr\\\/\"},{\"@type\":\"ListItem\",\"position\":2,\"name\":\"Tunisie &#8211; Italie : Un futur accord pour former et ins\u00e9rer des Tunisiens dans le secteur touristique italien\"}]},{\"@type\":\"WebSite\",\"@id\":\"https:\\\/\\\/www.webdo.tn\\\/fr\\\/#website\",\"url\":\"https:\\\/\\\/www.webdo.tn\\\/fr\\\/\",\"name\":\"webdo\",\"description\":\"Tunisie - News en Tunisie et \u00e0 l&#039;international sur Webdo.tn\",\"publisher\":{\"@id\":\"https:\\\/\\\/www.webdo.tn\\\/fr\\\/#organization\"},\"potentialAction\":[{\"@type\":\"SearchAction\",\"target\":{\"@type\":\"EntryPoint\",\"urlTemplate\":\"https:\\\/\\\/www.webdo.tn\\\/fr\\\/?s={search_term_string}\"},\"query-input\":{\"@type\":\"PropertyValueSpecification\",\"valueRequired\":true,\"valueName\":\"search_term_string\"}}],\"inLanguage\":\"fr-FR\"},{\"@type\":\"Organization\",\"@id\":\"https:\\\/\\\/www.webdo.tn\\\/fr\\\/#organization\",\"name\":\"Webdo\",\"alternateName\":\"Webdo.tn\",\"url\":\"https:\\\/\\\/www.webdo.tn\\\/fr\\\/\",\"logo\":{\"@type\":\"ImageObject\",\"inLanguage\":\"fr-FR\",\"@id\":\"https:\\\/\\\/www.webdo.tn\\\/fr\\\/#\\\/schema\\\/logo\\\/image\\\/\",\"url\":\"https:\\\/\\\/www.webdo.tn\\\/fr\\\/wp-content\\\/uploads\\\/2025\\\/06\\\/Webdo-Tunisie_168377.jpg\",\"contentUrl\":\"https:\\\/\\\/www.webdo.tn\\\/fr\\\/wp-content\\\/uploads\\\/2025\\\/06\\\/Webdo-Tunisie_168377.jpg\",\"width\":301,\"height\":301,\"caption\":\"Webdo\"},\"image\":{\"@id\":\"https:\\\/\\\/www.webdo.tn\\\/fr\\\/#\\\/schema\\\/logo\\\/image\\\/\"},\"sameAs\":[\"https:\\\/\\\/www.facebook.com\\\/webdotn\",\"https:\\\/\\\/x.com\\\/webdo_tn\"],\"description\":\"Webdo est un m\u00e9dia num\u00e9rique tunisien fond\u00e9 en 2010, sp\u00e9cialis\u00e9 dans l\u2019actualit\u00e9 nationale et internationale, l\u2019\u00e9conomie, la soci\u00e9t\u00e9 et les analyses politiques. Le site s\u2019adresse \u00e0 un large public francophone et couvre l\u2019information tunisienne en temps r\u00e9el.\",\"email\":\"redac@webdo.tn\",\"legalName\":\"YNJ SARL\",\"foundingDate\":\"2010-09-06\",\"numberOfEmployees\":{\"@type\":\"QuantitativeValue\",\"minValue\":\"11\",\"maxValue\":\"50\"}},{\"@type\":\"Person\",\"@id\":\"https:\\\/\\\/www.webdo.tn\\\/fr\\\/#\\\/schema\\\/person\\\/2c4929cbf5a809e3bd38617c6ce150f6\",\"name\":\"MC\",\"image\":{\"@type\":\"ImageObject\",\"inLanguage\":\"fr-FR\",\"@id\":\"https:\\\/\\\/secure.gravatar.com\\\/avatar\\\/a545bbb6f84efdd5553dbbc2895e3ca8f1d12c5215e00a041c9670b54aa9b18a?s=96&d=mm&r=g\",\"url\":\"https:\\\/\\\/secure.gravatar.com\\\/avatar\\\/a545bbb6f84efdd5553dbbc2895e3ca8f1d12c5215e00a041c9670b54aa9b18a?s=96&d=mm&r=g\",\"contentUrl\":\"https:\\\/\\\/secure.gravatar.com\\\/avatar\\\/a545bbb6f84efdd5553dbbc2895e3ca8f1d12c5215e00a041c9670b54aa9b18a?s=96&d=mm&r=g\",\"caption\":\"MC\"},\"url\":\"https:\\\/\\\/www.webdo.tn\\\/fr\\\/actualite\\\/author\\\/mc\\\/\"}]}<\/script>\n<!-- \/ Yoast SEO Premium plugin. -->","yoast_head_json":{"title":"Tunisie - Italie : Un futur accord pour former et ins\u00e9rer des Tunisiens dans le secteur touristique italien","description":"Tunisie et Italie pr\u00e9parent un partenariat pour former et ins\u00e9rer des comp\u00e9tences tunisiennes dans le tourisme et l\u2019h\u00f4tellerie italiens, via un programme de coo...","canonical":"https:\/\/www.webdo.tn\/fr\/actualite\/national\/tunisie-italie-un-futur-accord-pour-former-et-inserer-des-tunisiens-dans-le-secteur-touristique-italien\/222225\/","og_locale":"fr_FR","og_type":"article","og_title":"Tunisie - Italie : Un futur accord pour former et ins\u00e9rer des Tunisiens dans le secteur touristique italien","og_description":"Tunisie et Italie pr\u00e9parent un partenariat pour former et ins\u00e9rer des comp\u00e9tences tunisiennes dans le tourisme et l\u2019h\u00f4tellerie italiens, via un programme de coo...","og_url":"https:\/\/www.webdo.tn\/fr\/actualite\/national\/tunisie-italie-un-futur-accord-pour-former-et-inserer-des-tunisiens-dans-le-secteur-touristique-italien\/222225\/","og_site_name":"webdo","article_publisher":"https:\/\/www.facebook.com\/webdotn","article_published_time":"2025-05-27T19:01:00+00:00","og_image":[{"width":750,"height":400,"url":"https:\/\/www.webdo.tn\/fr\/wp-content\/uploads\/2025\/05\/982cd9e85b820deb47db75ee55c8f04e.webp","type":"image\/webp"}],"author":"MC","twitter_card":"summary_large_image","twitter_creator":"@webdo_tn","twitter_site":"@webdo_tn","twitter_misc":{"\u00c9crit par":"MC","Dur\u00e9e de lecture estim\u00e9e":"2 minutes"},"schema":{"@context":"https:\/\/schema.org","@graph":[{"@type":"NewsArticle","@id":"https:\/\/www.webdo.tn\/fr\/actualite\/national\/tunisie-italie-un-futur-accord-pour-former-et-inserer-des-tunisiens-dans-le-secteur-touristique-italien\/222225\/#article","isPartOf":{"@id":"https:\/\/www.webdo.tn\/fr\/actualite\/national\/tunisie-italie-un-futur-accord-pour-former-et-inserer-des-tunisiens-dans-le-secteur-touristique-italien\/222225\/"},"author":{"name":"MC","@id":"https:\/\/www.webdo.tn\/fr\/#\/schema\/person\/2c4929cbf5a809e3bd38617c6ce150f6"},"headline":"Tunisie &#8211; Italie : Un futur accord pour former et ins\u00e9rer des Tunisiens dans le secteur touristique italien","datePublished":"2025-05-27T19:01:00+00:00","mainEntityOfPage":{"@id":"https:\/\/www.webdo.tn\/fr\/actualite\/national\/tunisie-italie-un-futur-accord-pour-former-et-inserer-des-tunisiens-dans-le-secteur-touristique-italien\/222225\/"},"wordCount":426,"commentCount":0,"publisher":{"@id":"https:\/\/www.webdo.tn\/fr\/#organization"},"image":{"@id":"https:\/\/www.webdo.tn\/fr\/actualite\/national\/tunisie-italie-un-futur-accord-pour-former-et-inserer-des-tunisiens-dans-le-secteur-touristique-italien\/222225\/#primaryimage"},"thumbnailUrl":"https:\/\/www.webdo.tn\/fr\/wp-content\/uploads\/2025\/05\/982cd9e85b820deb47db75ee55c8f04e.webp","keywords":["emploi","h\u00f4tellerie","Italie","partenariat","Tourisme","Tunisie"],"articleSection":["National"],"inLanguage":"fr-FR"},{"@type":"WebPage","@id":"https:\/\/www.webdo.tn\/fr\/actualite\/national\/tunisie-italie-un-futur-accord-pour-former-et-inserer-des-tunisiens-dans-le-secteur-touristique-italien\/222225\/","url":"https:\/\/www.webdo.tn\/fr\/actualite\/national\/tunisie-italie-un-futur-accord-pour-former-et-inserer-des-tunisiens-dans-le-secteur-touristique-italien\/222225\/","name":"Tunisie - Italie : Un futur accord pour former et ins\u00e9rer des Tunisiens dans le secteur touristique italien","isPartOf":{"@id":"https:\/\/www.webdo.tn\/fr\/#website"},"primaryImageOfPage":{"@id":"https:\/\/www.webdo.tn\/fr\/actualite\/national\/tunisie-italie-un-futur-accord-pour-former-et-inserer-des-tunisiens-dans-le-secteur-touristique-italien\/222225\/#primaryimage"},"image":{"@id":"https:\/\/www.webdo.tn\/fr\/actualite\/national\/tunisie-italie-un-futur-accord-pour-former-et-inserer-des-tunisiens-dans-le-secteur-touristique-italien\/222225\/#primaryimage"},"thumbnailUrl":"https:\/\/www.webdo.tn\/fr\/wp-content\/uploads\/2025\/05\/982cd9e85b820deb47db75ee55c8f04e.webp","datePublished":"2025-05-27T19:01:00+00:00","description":"Tunisie et Italie pr\u00e9parent un partenariat pour former et ins\u00e9rer des comp\u00e9tences tunisiennes dans le tourisme et l\u2019h\u00f4tellerie italiens, via un programme de coo...","breadcrumb":{"@id":"https:\/\/www.webdo.tn\/fr\/actualite\/national\/tunisie-italie-un-futur-accord-pour-former-et-inserer-des-tunisiens-dans-le-secteur-touristique-italien\/222225\/#breadcrumb"},"inLanguage":"fr-FR","potentialAction":[{"@type":"ReadAction","target":["https:\/\/www.webdo.tn\/fr\/actualite\/national\/tunisie-italie-un-futur-accord-pour-former-et-inserer-des-tunisiens-dans-le-secteur-touristique-italien\/222225\/"]}]},{"@type":"ImageObject","inLanguage":"fr-FR","@id":"https:\/\/www.webdo.tn\/fr\/actualite\/national\/tunisie-italie-un-futur-accord-pour-former-et-inserer-des-tunisiens-dans-le-secteur-touristique-italien\/222225\/#primaryimage","url":"https:\/\/www.webdo.tn\/fr\/wp-content\/uploads\/2025\/05\/982cd9e85b820deb47db75ee55c8f04e.webp","contentUrl":"https:\/\/www.webdo.tn\/fr\/wp-content\/uploads\/2025\/05\/982cd9e85b820deb47db75ee55c8f04e.webp","width":750,"height":400,"caption":"Tunisie - Italie : Un futur accord pour former et ins\u00e9rer des Tunisiens dans le secteur touristique italien"},{"@type":"BreadcrumbList","@id":"https:\/\/www.webdo.tn\/fr\/actualite\/national\/tunisie-italie-un-futur-accord-pour-former-et-inserer-des-tunisiens-dans-le-secteur-touristique-italien\/222225\/#breadcrumb","itemListElement":[{"@type":"ListItem","position":1,"name":"Accueil","item":"https:\/\/www.webdo.tn\/fr\/"},{"@type":"ListItem","position":2,"name":"Tunisie &#8211; Italie : Un futur accord pour former et ins\u00e9rer des Tunisiens dans le secteur touristique italien"}]},{"@type":"WebSite","@id":"https:\/\/www.webdo.tn\/fr\/#website","url":"https:\/\/www.webdo.tn\/fr\/","name":"webdo","description":"Tunisie - News en Tunisie et \u00e0 l&#039;international sur Webdo.tn","publisher":{"@id":"https:\/\/www.webdo.tn\/fr\/#organization"},"potentialAction":[{"@type":"SearchAction","target":{"@type":"EntryPoint","urlTemplate":"https:\/\/www.webdo.tn\/fr\/?s={search_term_string}"},"query-input":{"@type":"PropertyValueSpecification","valueRequired":true,"valueName":"search_term_string"}}],"inLanguage":"fr-FR"},{"@type":"Organization","@id":"https:\/\/www.webdo.tn\/fr\/#organization","name":"Webdo","alternateName":"Webdo.tn","url":"https:\/\/www.webdo.tn\/fr\/","logo":{"@type":"ImageObject","inLanguage":"fr-FR","@id":"https:\/\/www.webdo.tn\/fr\/#\/schema\/logo\/image\/","url":"https:\/\/www.webdo.tn\/fr\/wp-content\/uploads\/2025\/06\/Webdo-Tunisie_168377.jpg","contentUrl":"https:\/\/www.webdo.tn\/fr\/wp-content\/uploads\/2025\/06\/Webdo-Tunisie_168377.jpg","width":301,"height":301,"caption":"Webdo"},"image":{"@id":"https:\/\/www.webdo.tn\/fr\/#\/schema\/logo\/image\/"},"sameAs":["https:\/\/www.facebook.com\/webdotn","https:\/\/x.com\/webdo_tn"],"description":"Webdo est un m\u00e9dia num\u00e9rique tunisien fond\u00e9 en 2010, sp\u00e9cialis\u00e9 dans l\u2019actualit\u00e9 nationale et internationale, l\u2019\u00e9conomie, la soci\u00e9t\u00e9 et les analyses politiques. Le site s\u2019adresse \u00e0 un large public francophone et couvre l\u2019information tunisienne en temps r\u00e9el.","email":"redac@webdo.tn","legalName":"YNJ SARL","foundingDate":"2010-09-06","numberOfEmployees":{"@type":"QuantitativeValue","minValue":"11","maxValue":"50"}},{"@type":"Person","@id":"https:\/\/www.webdo.tn\/fr\/#\/schema\/person\/2c4929cbf5a809e3bd38617c6ce150f6","name":"MC","image":{"@type":"ImageObject","inLanguage":"fr-FR","@id":"https:\/\/secure.gravatar.com\/avatar\/a545bbb6f84efdd5553dbbc2895e3ca8f1d12c5215e00a041c9670b54aa9b18a?s=96&d=mm&r=g","url":"https:\/\/secure.gravatar.com\/avatar\/a545bbb6f84efdd5553dbbc2895e3ca8f1d12c5215e00a041c9670b54aa9b18a?s=96&d=mm&r=g","contentUrl":"https:\/\/secure.gravatar.com\/avatar\/a545bbb6f84efdd5553dbbc2895e3ca8f1d12c5215e00a041c9670b54aa9b18a?s=96&d=mm&r=g","caption":"MC"},"url":"https:\/\/www.webdo.tn\/fr\/actualite\/author\/mc\/"}]}},"_links":{"self":[{"href":"https:\/\/www.webdo.tn\/fr\/wp-json\/wp\/v2\/posts\/222225","targetHints":{"allow":["GET"]}}],"collection":[{"href":"https:\/\/www.webdo.tn\/fr\/wp-json\/wp\/v2\/posts"}],"about":[{"href":"https:\/\/www.webdo.tn\/fr\/wp-json\/wp\/v2\/types\/post"}],"author":[{"embeddable":true,"href":"https:\/\/www.webdo.tn\/fr\/wp-json\/wp\/v2\/users\/3162"}],"replies":[{"embeddable":true,"href":"https:\/\/www.webdo.tn\/fr\/wp-json\/wp\/v2\/comments?post=222225"}],"version-history":[{"count":0,"href":"https:\/\/www.webdo.tn\/fr\/wp-json\/wp\/v2\/posts\/222225\/revisions"}],"wp:featuredmedia":[{"embeddable":true,"href":"https:\/\/www.webdo.tn\/fr\/wp-json\/wp\/v2\/media\/366024"}],"wp:attachment":[{"href":"https:\/\/www.webdo.tn\/fr\/wp-json\/wp\/v2\/media?parent=222225"}],"wp:term":[{"taxonomy":"category","embeddable":true,"href":"https:\/\/www.webdo.tn\/fr\/wp-json\/wp\/v2\/categories?post=222225"},{"taxonomy":"post_tag","embeddable":true,"href":"https:\/\/www.webdo.tn\/fr\/wp-json\/wp\/v2\/tags?post=222225"}],"curies":[{"name":"wp","href":"https:\/\/api.w.org\/{rel}","templated":true}]}}