{"id":222222,"date":"2025-05-27T18:32:00","date_gmt":"2025-05-27T18:32:00","guid":{"rendered":"https:\/\/www.webdo.tn\/fr\/actualite\/blog\/roland-garros-2025-ons-jabeur-eliminee-d-entree\/222222\/"},"modified":"2025-06-04T21:57:34","modified_gmt":"2025-06-04T21:57:34","slug":"roland-garros-2025-ons-jabeur-eliminee-d-entree","status":"publish","type":"post","link":"https:\/\/www.webdo.tn\/fr\/actualite\/sport\/roland-garros-2025-ons-jabeur-eliminee-d-entree\/222222\/","title":{"rendered":"Roland Garros 2025 : Ons Jabeur \u00e9limin\u00e9e d\u2019entr\u00e9e"},"content":{"rendered":"<p>La Tunisienne Ons Jabeur (36e WTA) a \u00e9t\u00e9 \u00e9limin\u00e9e d\u00e8s son entr\u00e9e en lice \u00e0 Roland Garros. Elle s\u2019est inclin\u00e9e en deux sets (6-7, 0-6) face \u00e0 la Polonaise Magdalena Fr\u0119ch (26e), ce mardi \u00e0 Paris.<\/p>\n<p>Malgr\u00e9 un historique favorable contre Fr\u0119ch &#8211; qu\u2019elle avait battue deux fois en 2023 \u00e0 Wimbledon et Indian Wells &#8211; Jabeur n\u2019a pas r\u00e9ussi \u00e0 imposer son jeu sur la terre battue parisienne.<\/p>\n<p>Accroch\u00e9e dans un premier set tr\u00e8s disput\u00e9, qu\u2019elle a perdu au tie-break, la Tunisienne a ensuite compl\u00e8tement c\u00e9d\u00e9 dans la seconde manche, encaissant un s\u00e9v\u00e8re 6-0.<\/p>\n<p>Apr\u00e8s un d\u00e9but de saison en dents de scie, cette d\u00e9faite confirme les difficult\u00e9s que rencontre la num\u00e9ro un arabe du tennis f\u00e9minin.<\/p>\n<p>L\u2019espoir d\u2019un nouveau d\u00e9part \u00e0 Paris s\u2019\u00e9teint donc pr\u00e9matur\u00e9ment, tandis que Fr\u0119ch file au deuxi\u00e8me tour, o\u00f9 elle pourrait croiser la route de la Tch\u00e8que Marketa Vondrousova.<\/p>\n","protected":false},"excerpt":{"rendered":"<p>Ons Jabeur \u00e9limin\u00e9e d\u00e8s le premier tour de Roland-Garros 2025 apr\u00e8s une d\u00e9faite en deux sets (6-7, 0-6) face \u00e0 la Polonaise Magdalena Fr\u0119ch.<\/p>\n","protected":false},"author":3162,"featured_media":362944,"comment_status":"open","ping_status":"closed","sticky":false,"template":"","format":"standard","meta":{"footnotes":""},"categories":[2593],"tags":[7138,2604,6366,2605],"class_list":["post-222222","post","type-post","status-publish","format-standard","has-post-thumbnail","hentry","category-sport","tag-elimination","tag-ons-jabeur","tag-roland-garros","tag-tennis"],"yoast_head":"<!-- This site is optimized with the Yoast SEO Premium plugin v27.4 (Yoast SEO v27.5) - https:\/\/yoast.com\/product\/yoast-seo-premium-wordpress\/ -->\n<title>Roland Garros 2025 : Ons Jabeur \u00e9limin\u00e9e d\u2019entr\u00e9e<\/title>\n<meta name=\"description\" content=\"Ons Jabeur \u00e9limin\u00e9e d\u00e8s le premier tour de Roland-Garros 2025 apr\u00e8s une d\u00e9faite en deux sets (6-7, 0-6) face \u00e0 la Polonaise Magdalena Fr\u0119ch.\" \/>\n<link rel=\"canonical\" href=\"https:\/\/www.webdo.tn\/fr\/actualite\/sport\/roland-garros-2025-ons-jabeur-eliminee-d-entree\/222222\/\" \/>\n<meta property=\"og:locale\" content=\"fr_FR\" \/>\n<meta property=\"og:type\" content=\"article\" \/>\n<meta property=\"og:title\" content=\"Roland Garros 2025 : Ons Jabeur \u00e9limin\u00e9e d\u2019entr\u00e9e\" \/>\n<meta property=\"og:description\" content=\"Ons Jabeur \u00e9limin\u00e9e d\u00e8s le premier tour de Roland-Garros 2025 apr\u00e8s une d\u00e9faite en deux sets (6-7, 0-6) face \u00e0 la Polonaise Magdalena Fr\u0119ch.\" \/>\n<meta property=\"og:url\" content=\"https:\/\/www.webdo.tn\/fr\/actualite\/sport\/roland-garros-2025-ons-jabeur-eliminee-d-entree\/222222\/\" \/>\n<meta property=\"og:site_name\" content=\"webdo\" \/>\n<meta property=\"article:publisher\" content=\"https:\/\/www.facebook.com\/webdotn\" \/>\n<meta property=\"article:published_time\" content=\"2025-05-27T18:32:00+00:00\" \/>\n<meta property=\"article:modified_time\" content=\"2025-06-04T21:57:34+00:00\" \/>\n<meta property=\"og:image\" content=\"https:\/\/www.webdo.tn\/fr\/wp-content\/uploads\/2025\/05\/a02474305e48032cbf891746abccd786.webp\" \/>\n\t<meta property=\"og:image:width\" content=\"750\" \/>\n\t<meta property=\"og:image:height\" content=\"400\" \/>\n\t<meta property=\"og:image:type\" content=\"image\/webp\" \/>\n<meta name=\"author\" content=\"MC\" \/>\n<meta name=\"twitter:card\" content=\"summary_large_image\" \/>\n<meta name=\"twitter:creator\" content=\"@webdo_tn\" \/>\n<meta name=\"twitter:site\" content=\"@webdo_tn\" \/>\n<meta name=\"twitter:label1\" content=\"\u00c9crit par\" \/>\n\t<meta name=\"twitter:data1\" content=\"MC\" \/>\n\t<meta name=\"twitter:label2\" content=\"Dur\u00e9e de lecture estim\u00e9e\" \/>\n\t<meta name=\"twitter:data2\" content=\"1 minute\" \/>\n<script type=\"application\/ld+json\" class=\"yoast-schema-graph\">{\"@context\":\"https:\\\/\\\/schema.org\",\"@graph\":[{\"@type\":\"NewsArticle\",\"@id\":\"https:\\\/\\\/www.webdo.tn\\\/fr\\\/actualite\\\/sport\\\/roland-garros-2025-ons-jabeur-eliminee-d-entree\\\/222222\\\/#article\",\"isPartOf\":{\"@id\":\"https:\\\/\\\/www.webdo.tn\\\/fr\\\/actualite\\\/sport\\\/roland-garros-2025-ons-jabeur-eliminee-d-entree\\\/222222\\\/\"},\"author\":{\"name\":\"MC\",\"@id\":\"https:\\\/\\\/www.webdo.tn\\\/fr\\\/#\\\/schema\\\/person\\\/2c4929cbf5a809e3bd38617c6ce150f6\"},\"headline\":\"Roland Garros 2025 : Ons Jabeur \u00e9limin\u00e9e d\u2019entr\u00e9e\",\"datePublished\":\"2025-05-27T18:32:00+00:00\",\"dateModified\":\"2025-06-04T21:57:34+00:00\",\"mainEntityOfPage\":{\"@id\":\"https:\\\/\\\/www.webdo.tn\\\/fr\\\/actualite\\\/sport\\\/roland-garros-2025-ons-jabeur-eliminee-d-entree\\\/222222\\\/\"},\"wordCount\":179,\"commentCount\":0,\"publisher\":{\"@id\":\"https:\\\/\\\/www.webdo.tn\\\/fr\\\/#organization\"},\"image\":{\"@id\":\"https:\\\/\\\/www.webdo.tn\\\/fr\\\/actualite\\\/sport\\\/roland-garros-2025-ons-jabeur-eliminee-d-entree\\\/222222\\\/#primaryimage\"},\"thumbnailUrl\":\"https:\\\/\\\/www.webdo.tn\\\/fr\\\/wp-content\\\/uploads\\\/2025\\\/05\\\/a02474305e48032cbf891746abccd786.webp\",\"keywords\":[\"\u00e9limination\",\"Ons Jabeur\",\"roland garros\",\"tennis\"],\"articleSection\":[\"Sport\"],\"inLanguage\":\"fr-FR\"},{\"@type\":\"WebPage\",\"@id\":\"https:\\\/\\\/www.webdo.tn\\\/fr\\\/actualite\\\/sport\\\/roland-garros-2025-ons-jabeur-eliminee-d-entree\\\/222222\\\/\",\"url\":\"https:\\\/\\\/www.webdo.tn\\\/fr\\\/actualite\\\/sport\\\/roland-garros-2025-ons-jabeur-eliminee-d-entree\\\/222222\\\/\",\"name\":\"Roland Garros 2025 : Ons Jabeur \u00e9limin\u00e9e d\u2019entr\u00e9e\",\"isPartOf\":{\"@id\":\"https:\\\/\\\/www.webdo.tn\\\/fr\\\/#website\"},\"primaryImageOfPage\":{\"@id\":\"https:\\\/\\\/www.webdo.tn\\\/fr\\\/actualite\\\/sport\\\/roland-garros-2025-ons-jabeur-eliminee-d-entree\\\/222222\\\/#primaryimage\"},\"image\":{\"@id\":\"https:\\\/\\\/www.webdo.tn\\\/fr\\\/actualite\\\/sport\\\/roland-garros-2025-ons-jabeur-eliminee-d-entree\\\/222222\\\/#primaryimage\"},\"thumbnailUrl\":\"https:\\\/\\\/www.webdo.tn\\\/fr\\\/wp-content\\\/uploads\\\/2025\\\/05\\\/a02474305e48032cbf891746abccd786.webp\",\"datePublished\":\"2025-05-27T18:32:00+00:00\",\"dateModified\":\"2025-06-04T21:57:34+00:00\",\"description\":\"Ons Jabeur \u00e9limin\u00e9e d\u00e8s le premier tour de Roland-Garros 2025 apr\u00e8s une d\u00e9faite en deux sets (6-7, 0-6) face \u00e0 la Polonaise Magdalena Fr\u0119ch.\",\"breadcrumb\":{\"@id\":\"https:\\\/\\\/www.webdo.tn\\\/fr\\\/actualite\\\/sport\\\/roland-garros-2025-ons-jabeur-eliminee-d-entree\\\/222222\\\/#breadcrumb\"},\"inLanguage\":\"fr-FR\",\"potentialAction\":[{\"@type\":\"ReadAction\",\"target\":[\"https:\\\/\\\/www.webdo.tn\\\/fr\\\/actualite\\\/sport\\\/roland-garros-2025-ons-jabeur-eliminee-d-entree\\\/222222\\\/\"]}]},{\"@type\":\"ImageObject\",\"inLanguage\":\"fr-FR\",\"@id\":\"https:\\\/\\\/www.webdo.tn\\\/fr\\\/actualite\\\/sport\\\/roland-garros-2025-ons-jabeur-eliminee-d-entree\\\/222222\\\/#primaryimage\",\"url\":\"https:\\\/\\\/www.webdo.tn\\\/fr\\\/wp-content\\\/uploads\\\/2025\\\/05\\\/a02474305e48032cbf891746abccd786.webp\",\"contentUrl\":\"https:\\\/\\\/www.webdo.tn\\\/fr\\\/wp-content\\\/uploads\\\/2025\\\/05\\\/a02474305e48032cbf891746abccd786.webp\",\"width\":750,\"height\":400,\"caption\":\"Roland Garros 2025 : Ons Jabeur \u00e9limin\u00e9e d\u2019entr\u00e9e\"},{\"@type\":\"BreadcrumbList\",\"@id\":\"https:\\\/\\\/www.webdo.tn\\\/fr\\\/actualite\\\/sport\\\/roland-garros-2025-ons-jabeur-eliminee-d-entree\\\/222222\\\/#breadcrumb\",\"itemListElement\":[{\"@type\":\"ListItem\",\"position\":1,\"name\":\"Accueil\",\"item\":\"https:\\\/\\\/www.webdo.tn\\\/fr\\\/\"},{\"@type\":\"ListItem\",\"position\":2,\"name\":\"Roland Garros 2025 : Ons Jabeur \u00e9limin\u00e9e d\u2019entr\u00e9e\"}]},{\"@type\":\"WebSite\",\"@id\":\"https:\\\/\\\/www.webdo.tn\\\/fr\\\/#website\",\"url\":\"https:\\\/\\\/www.webdo.tn\\\/fr\\\/\",\"name\":\"webdo\",\"description\":\"Tunisie - News en Tunisie et \u00e0 l&#039;international sur Webdo.tn\",\"publisher\":{\"@id\":\"https:\\\/\\\/www.webdo.tn\\\/fr\\\/#organization\"},\"potentialAction\":[{\"@type\":\"SearchAction\",\"target\":{\"@type\":\"EntryPoint\",\"urlTemplate\":\"https:\\\/\\\/www.webdo.tn\\\/fr\\\/?s={search_term_string}\"},\"query-input\":{\"@type\":\"PropertyValueSpecification\",\"valueRequired\":true,\"valueName\":\"search_term_string\"}}],\"inLanguage\":\"fr-FR\"},{\"@type\":\"Organization\",\"@id\":\"https:\\\/\\\/www.webdo.tn\\\/fr\\\/#organization\",\"name\":\"Webdo\",\"alternateName\":\"Webdo.tn\",\"url\":\"https:\\\/\\\/www.webdo.tn\\\/fr\\\/\",\"logo\":{\"@type\":\"ImageObject\",\"inLanguage\":\"fr-FR\",\"@id\":\"https:\\\/\\\/www.webdo.tn\\\/fr\\\/#\\\/schema\\\/logo\\\/image\\\/\",\"url\":\"https:\\\/\\\/www.webdo.tn\\\/fr\\\/wp-content\\\/uploads\\\/2025\\\/06\\\/Webdo-Tunisie_168377.jpg\",\"contentUrl\":\"https:\\\/\\\/www.webdo.tn\\\/fr\\\/wp-content\\\/uploads\\\/2025\\\/06\\\/Webdo-Tunisie_168377.jpg\",\"width\":301,\"height\":301,\"caption\":\"Webdo\"},\"image\":{\"@id\":\"https:\\\/\\\/www.webdo.tn\\\/fr\\\/#\\\/schema\\\/logo\\\/image\\\/\"},\"sameAs\":[\"https:\\\/\\\/www.facebook.com\\\/webdotn\",\"https:\\\/\\\/x.com\\\/webdo_tn\"],\"description\":\"Webdo est un m\u00e9dia num\u00e9rique tunisien fond\u00e9 en 2010, sp\u00e9cialis\u00e9 dans l\u2019actualit\u00e9 nationale et internationale, l\u2019\u00e9conomie, la soci\u00e9t\u00e9 et les analyses politiques. Le site s\u2019adresse \u00e0 un large public francophone et couvre l\u2019information tunisienne en temps r\u00e9el.\",\"email\":\"redac@webdo.tn\",\"legalName\":\"YNJ SARL\",\"foundingDate\":\"2010-09-06\",\"numberOfEmployees\":{\"@type\":\"QuantitativeValue\",\"minValue\":\"11\",\"maxValue\":\"50\"}},{\"@type\":\"Person\",\"@id\":\"https:\\\/\\\/www.webdo.tn\\\/fr\\\/#\\\/schema\\\/person\\\/2c4929cbf5a809e3bd38617c6ce150f6\",\"name\":\"MC\",\"image\":{\"@type\":\"ImageObject\",\"inLanguage\":\"fr-FR\",\"@id\":\"https:\\\/\\\/secure.gravatar.com\\\/avatar\\\/a545bbb6f84efdd5553dbbc2895e3ca8f1d12c5215e00a041c9670b54aa9b18a?s=96&d=mm&r=g\",\"url\":\"https:\\\/\\\/secure.gravatar.com\\\/avatar\\\/a545bbb6f84efdd5553dbbc2895e3ca8f1d12c5215e00a041c9670b54aa9b18a?s=96&d=mm&r=g\",\"contentUrl\":\"https:\\\/\\\/secure.gravatar.com\\\/avatar\\\/a545bbb6f84efdd5553dbbc2895e3ca8f1d12c5215e00a041c9670b54aa9b18a?s=96&d=mm&r=g\",\"caption\":\"MC\"},\"url\":\"https:\\\/\\\/www.webdo.tn\\\/fr\\\/actualite\\\/author\\\/mc\\\/\"}]}<\/script>\n<!-- \/ Yoast SEO Premium plugin. -->","yoast_head_json":{"title":"Roland Garros 2025 : Ons Jabeur \u00e9limin\u00e9e d\u2019entr\u00e9e","description":"Ons Jabeur \u00e9limin\u00e9e d\u00e8s le premier tour de Roland-Garros 2025 apr\u00e8s une d\u00e9faite en deux sets (6-7, 0-6) face \u00e0 la Polonaise Magdalena Fr\u0119ch.","canonical":"https:\/\/www.webdo.tn\/fr\/actualite\/sport\/roland-garros-2025-ons-jabeur-eliminee-d-entree\/222222\/","og_locale":"fr_FR","og_type":"article","og_title":"Roland Garros 2025 : Ons Jabeur \u00e9limin\u00e9e d\u2019entr\u00e9e","og_description":"Ons Jabeur \u00e9limin\u00e9e d\u00e8s le premier tour de Roland-Garros 2025 apr\u00e8s une d\u00e9faite en deux sets (6-7, 0-6) face \u00e0 la Polonaise Magdalena Fr\u0119ch.","og_url":"https:\/\/www.webdo.tn\/fr\/actualite\/sport\/roland-garros-2025-ons-jabeur-eliminee-d-entree\/222222\/","og_site_name":"webdo","article_publisher":"https:\/\/www.facebook.com\/webdotn","article_published_time":"2025-05-27T18:32:00+00:00","article_modified_time":"2025-06-04T21:57:34+00:00","og_image":[{"width":750,"height":400,"url":"https:\/\/www.webdo.tn\/fr\/wp-content\/uploads\/2025\/05\/a02474305e48032cbf891746abccd786.webp","type":"image\/webp"}],"author":"MC","twitter_card":"summary_large_image","twitter_creator":"@webdo_tn","twitter_site":"@webdo_tn","twitter_misc":{"\u00c9crit par":"MC","Dur\u00e9e de lecture estim\u00e9e":"1 minute"},"schema":{"@context":"https:\/\/schema.org","@graph":[{"@type":"NewsArticle","@id":"https:\/\/www.webdo.tn\/fr\/actualite\/sport\/roland-garros-2025-ons-jabeur-eliminee-d-entree\/222222\/#article","isPartOf":{"@id":"https:\/\/www.webdo.tn\/fr\/actualite\/sport\/roland-garros-2025-ons-jabeur-eliminee-d-entree\/222222\/"},"author":{"name":"MC","@id":"https:\/\/www.webdo.tn\/fr\/#\/schema\/person\/2c4929cbf5a809e3bd38617c6ce150f6"},"headline":"Roland Garros 2025 : Ons Jabeur \u00e9limin\u00e9e d\u2019entr\u00e9e","datePublished":"2025-05-27T18:32:00+00:00","dateModified":"2025-06-04T21:57:34+00:00","mainEntityOfPage":{"@id":"https:\/\/www.webdo.tn\/fr\/actualite\/sport\/roland-garros-2025-ons-jabeur-eliminee-d-entree\/222222\/"},"wordCount":179,"commentCount":0,"publisher":{"@id":"https:\/\/www.webdo.tn\/fr\/#organization"},"image":{"@id":"https:\/\/www.webdo.tn\/fr\/actualite\/sport\/roland-garros-2025-ons-jabeur-eliminee-d-entree\/222222\/#primaryimage"},"thumbnailUrl":"https:\/\/www.webdo.tn\/fr\/wp-content\/uploads\/2025\/05\/a02474305e48032cbf891746abccd786.webp","keywords":["\u00e9limination","Ons Jabeur","roland garros","tennis"],"articleSection":["Sport"],"inLanguage":"fr-FR"},{"@type":"WebPage","@id":"https:\/\/www.webdo.tn\/fr\/actualite\/sport\/roland-garros-2025-ons-jabeur-eliminee-d-entree\/222222\/","url":"https:\/\/www.webdo.tn\/fr\/actualite\/sport\/roland-garros-2025-ons-jabeur-eliminee-d-entree\/222222\/","name":"Roland Garros 2025 : Ons Jabeur \u00e9limin\u00e9e d\u2019entr\u00e9e","isPartOf":{"@id":"https:\/\/www.webdo.tn\/fr\/#website"},"primaryImageOfPage":{"@id":"https:\/\/www.webdo.tn\/fr\/actualite\/sport\/roland-garros-2025-ons-jabeur-eliminee-d-entree\/222222\/#primaryimage"},"image":{"@id":"https:\/\/www.webdo.tn\/fr\/actualite\/sport\/roland-garros-2025-ons-jabeur-eliminee-d-entree\/222222\/#primaryimage"},"thumbnailUrl":"https:\/\/www.webdo.tn\/fr\/wp-content\/uploads\/2025\/05\/a02474305e48032cbf891746abccd786.webp","datePublished":"2025-05-27T18:32:00+00:00","dateModified":"2025-06-04T21:57:34+00:00","description":"Ons Jabeur \u00e9limin\u00e9e d\u00e8s le premier tour de Roland-Garros 2025 apr\u00e8s une d\u00e9faite en deux sets (6-7, 0-6) face \u00e0 la Polonaise Magdalena Fr\u0119ch.","breadcrumb":{"@id":"https:\/\/www.webdo.tn\/fr\/actualite\/sport\/roland-garros-2025-ons-jabeur-eliminee-d-entree\/222222\/#breadcrumb"},"inLanguage":"fr-FR","potentialAction":[{"@type":"ReadAction","target":["https:\/\/www.webdo.tn\/fr\/actualite\/sport\/roland-garros-2025-ons-jabeur-eliminee-d-entree\/222222\/"]}]},{"@type":"ImageObject","inLanguage":"fr-FR","@id":"https:\/\/www.webdo.tn\/fr\/actualite\/sport\/roland-garros-2025-ons-jabeur-eliminee-d-entree\/222222\/#primaryimage","url":"https:\/\/www.webdo.tn\/fr\/wp-content\/uploads\/2025\/05\/a02474305e48032cbf891746abccd786.webp","contentUrl":"https:\/\/www.webdo.tn\/fr\/wp-content\/uploads\/2025\/05\/a02474305e48032cbf891746abccd786.webp","width":750,"height":400,"caption":"Roland Garros 2025 : Ons Jabeur \u00e9limin\u00e9e d\u2019entr\u00e9e"},{"@type":"BreadcrumbList","@id":"https:\/\/www.webdo.tn\/fr\/actualite\/sport\/roland-garros-2025-ons-jabeur-eliminee-d-entree\/222222\/#breadcrumb","itemListElement":[{"@type":"ListItem","position":1,"name":"Accueil","item":"https:\/\/www.webdo.tn\/fr\/"},{"@type":"ListItem","position":2,"name":"Roland Garros 2025 : Ons Jabeur \u00e9limin\u00e9e d\u2019entr\u00e9e"}]},{"@type":"WebSite","@id":"https:\/\/www.webdo.tn\/fr\/#website","url":"https:\/\/www.webdo.tn\/fr\/","name":"webdo","description":"Tunisie - News en Tunisie et \u00e0 l&#039;international sur Webdo.tn","publisher":{"@id":"https:\/\/www.webdo.tn\/fr\/#organization"},"potentialAction":[{"@type":"SearchAction","target":{"@type":"EntryPoint","urlTemplate":"https:\/\/www.webdo.tn\/fr\/?s={search_term_string}"},"query-input":{"@type":"PropertyValueSpecification","valueRequired":true,"valueName":"search_term_string"}}],"inLanguage":"fr-FR"},{"@type":"Organization","@id":"https:\/\/www.webdo.tn\/fr\/#organization","name":"Webdo","alternateName":"Webdo.tn","url":"https:\/\/www.webdo.tn\/fr\/","logo":{"@type":"ImageObject","inLanguage":"fr-FR","@id":"https:\/\/www.webdo.tn\/fr\/#\/schema\/logo\/image\/","url":"https:\/\/www.webdo.tn\/fr\/wp-content\/uploads\/2025\/06\/Webdo-Tunisie_168377.jpg","contentUrl":"https:\/\/www.webdo.tn\/fr\/wp-content\/uploads\/2025\/06\/Webdo-Tunisie_168377.jpg","width":301,"height":301,"caption":"Webdo"},"image":{"@id":"https:\/\/www.webdo.tn\/fr\/#\/schema\/logo\/image\/"},"sameAs":["https:\/\/www.facebook.com\/webdotn","https:\/\/x.com\/webdo_tn"],"description":"Webdo est un m\u00e9dia num\u00e9rique tunisien fond\u00e9 en 2010, sp\u00e9cialis\u00e9 dans l\u2019actualit\u00e9 nationale et internationale, l\u2019\u00e9conomie, la soci\u00e9t\u00e9 et les analyses politiques. Le site s\u2019adresse \u00e0 un large public francophone et couvre l\u2019information tunisienne en temps r\u00e9el.","email":"redac@webdo.tn","legalName":"YNJ SARL","foundingDate":"2010-09-06","numberOfEmployees":{"@type":"QuantitativeValue","minValue":"11","maxValue":"50"}},{"@type":"Person","@id":"https:\/\/www.webdo.tn\/fr\/#\/schema\/person\/2c4929cbf5a809e3bd38617c6ce150f6","name":"MC","image":{"@type":"ImageObject","inLanguage":"fr-FR","@id":"https:\/\/secure.gravatar.com\/avatar\/a545bbb6f84efdd5553dbbc2895e3ca8f1d12c5215e00a041c9670b54aa9b18a?s=96&d=mm&r=g","url":"https:\/\/secure.gravatar.com\/avatar\/a545bbb6f84efdd5553dbbc2895e3ca8f1d12c5215e00a041c9670b54aa9b18a?s=96&d=mm&r=g","contentUrl":"https:\/\/secure.gravatar.com\/avatar\/a545bbb6f84efdd5553dbbc2895e3ca8f1d12c5215e00a041c9670b54aa9b18a?s=96&d=mm&r=g","caption":"MC"},"url":"https:\/\/www.webdo.tn\/fr\/actualite\/author\/mc\/"}]}},"_links":{"self":[{"href":"https:\/\/www.webdo.tn\/fr\/wp-json\/wp\/v2\/posts\/222222","targetHints":{"allow":["GET"]}}],"collection":[{"href":"https:\/\/www.webdo.tn\/fr\/wp-json\/wp\/v2\/posts"}],"about":[{"href":"https:\/\/www.webdo.tn\/fr\/wp-json\/wp\/v2\/types\/post"}],"author":[{"embeddable":true,"href":"https:\/\/www.webdo.tn\/fr\/wp-json\/wp\/v2\/users\/3162"}],"replies":[{"embeddable":true,"href":"https:\/\/www.webdo.tn\/fr\/wp-json\/wp\/v2\/comments?post=222222"}],"version-history":[{"count":0,"href":"https:\/\/www.webdo.tn\/fr\/wp-json\/wp\/v2\/posts\/222222\/revisions"}],"wp:featuredmedia":[{"embeddable":true,"href":"https:\/\/www.webdo.tn\/fr\/wp-json\/wp\/v2\/media\/362944"}],"wp:attachment":[{"href":"https:\/\/www.webdo.tn\/fr\/wp-json\/wp\/v2\/media?parent=222222"}],"wp:term":[{"taxonomy":"category","embeddable":true,"href":"https:\/\/www.webdo.tn\/fr\/wp-json\/wp\/v2\/categories?post=222222"},{"taxonomy":"post_tag","embeddable":true,"href":"https:\/\/www.webdo.tn\/fr\/wp-json\/wp\/v2\/tags?post=222222"}],"curies":[{"name":"wp","href":"https:\/\/api.w.org\/{rel}","templated":true}]}}