{"id":222216,"date":"2025-05-27T11:45:00","date_gmt":"2025-05-27T11:45:00","guid":{"rendered":"https:\/\/www.webdo.tn\/fr\/actualite\/blog\/roland-garros-2025-ons-jabeur-entre-en-lice-face-a-magdalena-frech\/222216\/"},"modified":"2025-06-04T21:57:20","modified_gmt":"2025-06-04T21:57:20","slug":"roland-garros-2025-ons-jabeur-entre-en-lice-face-a-magdalena-frech","status":"publish","type":"post","link":"https:\/\/www.webdo.tn\/fr\/actualite\/sport\/roland-garros-2025-ons-jabeur-entre-en-lice-face-a-magdalena-frech\/222216\/","title":{"rendered":"Roland Garros 2025 : Ons Jabeur entre en lice face \u00e0 Magdalena Fr\u0119ch"},"content":{"rendered":"<p>La Tunisienne Ons Jabeur (36e WTA) entame aujourd\u2019hui sa campagne \u00e0 Roland Garros face \u00e0 la Polonaise Magdalena Fr\u0119ch (26e).<\/p>\n<p>Pour son entr\u00e9e en mati\u00e8re \u00e0 Paris, la num\u00e9ro un arabe du tennis f\u00e9minin esp\u00e8re capitaliser sur son historique favorable contre Fr\u0119ch, qu\u2019elle a battue deux fois en 2023, \u00e0 Wimbledon et Indian Wells.<\/p>\n<p>Apr\u00e8s un d\u00e9but de saison irr\u00e9gulier, ce premier tour est crucial pour Jabeur, qui cherche \u00e0 retrouver constance et confiance sur la terre battue parisienne.<\/p>\n<p>En cas de qualification, elle pourrait affronter d\u00e8s le deuxi\u00e8me tour la Tch\u00e8que Marketa Vondrousova.<\/p>\n<p>Le duel d\u2019aujourd\u2019hui devrait commencer \u00e0 13h00, heure tunisienne.<\/p>\n","protected":false},"excerpt":{"rendered":"<p>Roland-Garros 2025 : Ons Jabeur affronte Magdalena Fr\u0119ch ce lundi \u00e0 13h00. Un premier tour d\u00e9cisif pour la Tunisienne, en qu\u00eate de confiance sur la terre battue&#8230;<\/p>\n","protected":false},"author":3162,"featured_media":362938,"comment_status":"open","ping_status":"closed","sticky":false,"template":"","format":"standard","meta":{"footnotes":""},"categories":[2593],"tags":[2604,6366,2605],"class_list":["post-222216","post","type-post","status-publish","format-standard","has-post-thumbnail","hentry","category-sport","tag-ons-jabeur","tag-roland-garros","tag-tennis"],"yoast_head":"<!-- This site is optimized with the Yoast SEO Premium plugin v27.4 (Yoast SEO v27.5) - https:\/\/yoast.com\/product\/yoast-seo-premium-wordpress\/ -->\n<title>Roland Garros 2025 : Ons Jabeur entre en lice face \u00e0 Magdalena Fr\u0119ch<\/title>\n<meta name=\"description\" content=\"Roland-Garros 2025 : Ons Jabeur affronte Magdalena Fr\u0119ch ce lundi \u00e0 13h00. Un premier tour d\u00e9cisif pour la Tunisienne, en qu\u00eate de confiance sur la terre battue...\" \/>\n<link rel=\"canonical\" href=\"https:\/\/www.webdo.tn\/fr\/actualite\/sport\/roland-garros-2025-ons-jabeur-entre-en-lice-face-a-magdalena-frech\/222216\/\" \/>\n<meta property=\"og:locale\" content=\"fr_FR\" \/>\n<meta property=\"og:type\" content=\"article\" \/>\n<meta property=\"og:title\" content=\"Roland Garros 2025 : Ons Jabeur entre en lice face \u00e0 Magdalena Fr\u0119ch\" \/>\n<meta property=\"og:description\" content=\"Roland-Garros 2025 : Ons Jabeur affronte Magdalena Fr\u0119ch ce lundi \u00e0 13h00. Un premier tour d\u00e9cisif pour la Tunisienne, en qu\u00eate de confiance sur la terre battue...\" \/>\n<meta property=\"og:url\" content=\"https:\/\/www.webdo.tn\/fr\/actualite\/sport\/roland-garros-2025-ons-jabeur-entre-en-lice-face-a-magdalena-frech\/222216\/\" \/>\n<meta property=\"og:site_name\" content=\"webdo\" \/>\n<meta property=\"article:publisher\" content=\"https:\/\/www.facebook.com\/webdotn\" \/>\n<meta property=\"article:published_time\" content=\"2025-05-27T11:45:00+00:00\" \/>\n<meta property=\"article:modified_time\" content=\"2025-06-04T21:57:20+00:00\" \/>\n<meta property=\"og:image\" content=\"https:\/\/www.webdo.tn\/fr\/wp-content\/uploads\/2025\/05\/5f9446aa41ef42cb01999fb63c717a9f.webp\" \/>\n\t<meta property=\"og:image:width\" content=\"750\" \/>\n\t<meta property=\"og:image:height\" content=\"400\" \/>\n\t<meta property=\"og:image:type\" content=\"image\/webp\" \/>\n<meta name=\"author\" content=\"MC\" \/>\n<meta name=\"twitter:card\" content=\"summary_large_image\" \/>\n<meta name=\"twitter:creator\" content=\"@webdo_tn\" \/>\n<meta name=\"twitter:site\" content=\"@webdo_tn\" \/>\n<meta name=\"twitter:label1\" content=\"\u00c9crit par\" \/>\n\t<meta name=\"twitter:data1\" content=\"MC\" \/>\n\t<meta name=\"twitter:label2\" content=\"Dur\u00e9e de lecture estim\u00e9e\" \/>\n\t<meta name=\"twitter:data2\" content=\"1 minute\" \/>\n<script type=\"application\/ld+json\" class=\"yoast-schema-graph\">{\"@context\":\"https:\\\/\\\/schema.org\",\"@graph\":[{\"@type\":\"NewsArticle\",\"@id\":\"https:\\\/\\\/www.webdo.tn\\\/fr\\\/actualite\\\/sport\\\/roland-garros-2025-ons-jabeur-entre-en-lice-face-a-magdalena-frech\\\/222216\\\/#article\",\"isPartOf\":{\"@id\":\"https:\\\/\\\/www.webdo.tn\\\/fr\\\/actualite\\\/sport\\\/roland-garros-2025-ons-jabeur-entre-en-lice-face-a-magdalena-frech\\\/222216\\\/\"},\"author\":{\"name\":\"MC\",\"@id\":\"https:\\\/\\\/www.webdo.tn\\\/fr\\\/#\\\/schema\\\/person\\\/2c4929cbf5a809e3bd38617c6ce150f6\"},\"headline\":\"Roland Garros 2025 : Ons Jabeur entre en lice face \u00e0 Magdalena Fr\u0119ch\",\"datePublished\":\"2025-05-27T11:45:00+00:00\",\"dateModified\":\"2025-06-04T21:57:20+00:00\",\"mainEntityOfPage\":{\"@id\":\"https:\\\/\\\/www.webdo.tn\\\/fr\\\/actualite\\\/sport\\\/roland-garros-2025-ons-jabeur-entre-en-lice-face-a-magdalena-frech\\\/222216\\\/\"},\"wordCount\":124,\"commentCount\":0,\"publisher\":{\"@id\":\"https:\\\/\\\/www.webdo.tn\\\/fr\\\/#organization\"},\"image\":{\"@id\":\"https:\\\/\\\/www.webdo.tn\\\/fr\\\/actualite\\\/sport\\\/roland-garros-2025-ons-jabeur-entre-en-lice-face-a-magdalena-frech\\\/222216\\\/#primaryimage\"},\"thumbnailUrl\":\"https:\\\/\\\/www.webdo.tn\\\/fr\\\/wp-content\\\/uploads\\\/2025\\\/05\\\/5f9446aa41ef42cb01999fb63c717a9f.webp\",\"keywords\":[\"Ons Jabeur\",\"roland garros\",\"tennis\"],\"articleSection\":[\"Sport\"],\"inLanguage\":\"fr-FR\"},{\"@type\":\"WebPage\",\"@id\":\"https:\\\/\\\/www.webdo.tn\\\/fr\\\/actualite\\\/sport\\\/roland-garros-2025-ons-jabeur-entre-en-lice-face-a-magdalena-frech\\\/222216\\\/\",\"url\":\"https:\\\/\\\/www.webdo.tn\\\/fr\\\/actualite\\\/sport\\\/roland-garros-2025-ons-jabeur-entre-en-lice-face-a-magdalena-frech\\\/222216\\\/\",\"name\":\"Roland Garros 2025 : Ons Jabeur entre en lice face \u00e0 Magdalena Fr\u0119ch\",\"isPartOf\":{\"@id\":\"https:\\\/\\\/www.webdo.tn\\\/fr\\\/#website\"},\"primaryImageOfPage\":{\"@id\":\"https:\\\/\\\/www.webdo.tn\\\/fr\\\/actualite\\\/sport\\\/roland-garros-2025-ons-jabeur-entre-en-lice-face-a-magdalena-frech\\\/222216\\\/#primaryimage\"},\"image\":{\"@id\":\"https:\\\/\\\/www.webdo.tn\\\/fr\\\/actualite\\\/sport\\\/roland-garros-2025-ons-jabeur-entre-en-lice-face-a-magdalena-frech\\\/222216\\\/#primaryimage\"},\"thumbnailUrl\":\"https:\\\/\\\/www.webdo.tn\\\/fr\\\/wp-content\\\/uploads\\\/2025\\\/05\\\/5f9446aa41ef42cb01999fb63c717a9f.webp\",\"datePublished\":\"2025-05-27T11:45:00+00:00\",\"dateModified\":\"2025-06-04T21:57:20+00:00\",\"description\":\"Roland-Garros 2025 : Ons Jabeur affronte Magdalena Fr\u0119ch ce lundi \u00e0 13h00. Un premier tour d\u00e9cisif pour la Tunisienne, en qu\u00eate de confiance sur la terre battue...\",\"breadcrumb\":{\"@id\":\"https:\\\/\\\/www.webdo.tn\\\/fr\\\/actualite\\\/sport\\\/roland-garros-2025-ons-jabeur-entre-en-lice-face-a-magdalena-frech\\\/222216\\\/#breadcrumb\"},\"inLanguage\":\"fr-FR\",\"potentialAction\":[{\"@type\":\"ReadAction\",\"target\":[\"https:\\\/\\\/www.webdo.tn\\\/fr\\\/actualite\\\/sport\\\/roland-garros-2025-ons-jabeur-entre-en-lice-face-a-magdalena-frech\\\/222216\\\/\"]}]},{\"@type\":\"ImageObject\",\"inLanguage\":\"fr-FR\",\"@id\":\"https:\\\/\\\/www.webdo.tn\\\/fr\\\/actualite\\\/sport\\\/roland-garros-2025-ons-jabeur-entre-en-lice-face-a-magdalena-frech\\\/222216\\\/#primaryimage\",\"url\":\"https:\\\/\\\/www.webdo.tn\\\/fr\\\/wp-content\\\/uploads\\\/2025\\\/05\\\/5f9446aa41ef42cb01999fb63c717a9f.webp\",\"contentUrl\":\"https:\\\/\\\/www.webdo.tn\\\/fr\\\/wp-content\\\/uploads\\\/2025\\\/05\\\/5f9446aa41ef42cb01999fb63c717a9f.webp\",\"width\":750,\"height\":400,\"caption\":\"Roland Garros 2025 : Ons Jabeur entre en lice face \u00e0 Magdalena Fr\u0119ch\"},{\"@type\":\"BreadcrumbList\",\"@id\":\"https:\\\/\\\/www.webdo.tn\\\/fr\\\/actualite\\\/sport\\\/roland-garros-2025-ons-jabeur-entre-en-lice-face-a-magdalena-frech\\\/222216\\\/#breadcrumb\",\"itemListElement\":[{\"@type\":\"ListItem\",\"position\":1,\"name\":\"Accueil\",\"item\":\"https:\\\/\\\/www.webdo.tn\\\/fr\\\/\"},{\"@type\":\"ListItem\",\"position\":2,\"name\":\"Roland Garros 2025 : Ons Jabeur entre en lice face \u00e0 Magdalena Fr\u0119ch\"}]},{\"@type\":\"WebSite\",\"@id\":\"https:\\\/\\\/www.webdo.tn\\\/fr\\\/#website\",\"url\":\"https:\\\/\\\/www.webdo.tn\\\/fr\\\/\",\"name\":\"webdo\",\"description\":\"Tunisie - News en Tunisie et \u00e0 l&#039;international sur Webdo.tn\",\"publisher\":{\"@id\":\"https:\\\/\\\/www.webdo.tn\\\/fr\\\/#organization\"},\"potentialAction\":[{\"@type\":\"SearchAction\",\"target\":{\"@type\":\"EntryPoint\",\"urlTemplate\":\"https:\\\/\\\/www.webdo.tn\\\/fr\\\/?s={search_term_string}\"},\"query-input\":{\"@type\":\"PropertyValueSpecification\",\"valueRequired\":true,\"valueName\":\"search_term_string\"}}],\"inLanguage\":\"fr-FR\"},{\"@type\":\"Organization\",\"@id\":\"https:\\\/\\\/www.webdo.tn\\\/fr\\\/#organization\",\"name\":\"Webdo\",\"alternateName\":\"Webdo.tn\",\"url\":\"https:\\\/\\\/www.webdo.tn\\\/fr\\\/\",\"logo\":{\"@type\":\"ImageObject\",\"inLanguage\":\"fr-FR\",\"@id\":\"https:\\\/\\\/www.webdo.tn\\\/fr\\\/#\\\/schema\\\/logo\\\/image\\\/\",\"url\":\"https:\\\/\\\/www.webdo.tn\\\/fr\\\/wp-content\\\/uploads\\\/2025\\\/06\\\/Webdo-Tunisie_168377.jpg\",\"contentUrl\":\"https:\\\/\\\/www.webdo.tn\\\/fr\\\/wp-content\\\/uploads\\\/2025\\\/06\\\/Webdo-Tunisie_168377.jpg\",\"width\":301,\"height\":301,\"caption\":\"Webdo\"},\"image\":{\"@id\":\"https:\\\/\\\/www.webdo.tn\\\/fr\\\/#\\\/schema\\\/logo\\\/image\\\/\"},\"sameAs\":[\"https:\\\/\\\/www.facebook.com\\\/webdotn\",\"https:\\\/\\\/x.com\\\/webdo_tn\"],\"description\":\"Webdo est un m\u00e9dia num\u00e9rique tunisien fond\u00e9 en 2010, sp\u00e9cialis\u00e9 dans l\u2019actualit\u00e9 nationale et internationale, l\u2019\u00e9conomie, la soci\u00e9t\u00e9 et les analyses politiques. Le site s\u2019adresse \u00e0 un large public francophone et couvre l\u2019information tunisienne en temps r\u00e9el.\",\"email\":\"redac@webdo.tn\",\"legalName\":\"YNJ SARL\",\"foundingDate\":\"2010-09-06\",\"numberOfEmployees\":{\"@type\":\"QuantitativeValue\",\"minValue\":\"11\",\"maxValue\":\"50\"}},{\"@type\":\"Person\",\"@id\":\"https:\\\/\\\/www.webdo.tn\\\/fr\\\/#\\\/schema\\\/person\\\/2c4929cbf5a809e3bd38617c6ce150f6\",\"name\":\"MC\",\"image\":{\"@type\":\"ImageObject\",\"inLanguage\":\"fr-FR\",\"@id\":\"https:\\\/\\\/secure.gravatar.com\\\/avatar\\\/a545bbb6f84efdd5553dbbc2895e3ca8f1d12c5215e00a041c9670b54aa9b18a?s=96&d=mm&r=g\",\"url\":\"https:\\\/\\\/secure.gravatar.com\\\/avatar\\\/a545bbb6f84efdd5553dbbc2895e3ca8f1d12c5215e00a041c9670b54aa9b18a?s=96&d=mm&r=g\",\"contentUrl\":\"https:\\\/\\\/secure.gravatar.com\\\/avatar\\\/a545bbb6f84efdd5553dbbc2895e3ca8f1d12c5215e00a041c9670b54aa9b18a?s=96&d=mm&r=g\",\"caption\":\"MC\"},\"url\":\"https:\\\/\\\/www.webdo.tn\\\/fr\\\/actualite\\\/author\\\/mc\\\/\"}]}<\/script>\n<!-- \/ Yoast SEO Premium plugin. -->","yoast_head_json":{"title":"Roland Garros 2025 : Ons Jabeur entre en lice face \u00e0 Magdalena Fr\u0119ch","description":"Roland-Garros 2025 : Ons Jabeur affronte Magdalena Fr\u0119ch ce lundi \u00e0 13h00. Un premier tour d\u00e9cisif pour la Tunisienne, en qu\u00eate de confiance sur la terre battue...","canonical":"https:\/\/www.webdo.tn\/fr\/actualite\/sport\/roland-garros-2025-ons-jabeur-entre-en-lice-face-a-magdalena-frech\/222216\/","og_locale":"fr_FR","og_type":"article","og_title":"Roland Garros 2025 : Ons Jabeur entre en lice face \u00e0 Magdalena Fr\u0119ch","og_description":"Roland-Garros 2025 : Ons Jabeur affronte Magdalena Fr\u0119ch ce lundi \u00e0 13h00. Un premier tour d\u00e9cisif pour la Tunisienne, en qu\u00eate de confiance sur la terre battue...","og_url":"https:\/\/www.webdo.tn\/fr\/actualite\/sport\/roland-garros-2025-ons-jabeur-entre-en-lice-face-a-magdalena-frech\/222216\/","og_site_name":"webdo","article_publisher":"https:\/\/www.facebook.com\/webdotn","article_published_time":"2025-05-27T11:45:00+00:00","article_modified_time":"2025-06-04T21:57:20+00:00","og_image":[{"width":750,"height":400,"url":"https:\/\/www.webdo.tn\/fr\/wp-content\/uploads\/2025\/05\/5f9446aa41ef42cb01999fb63c717a9f.webp","type":"image\/webp"}],"author":"MC","twitter_card":"summary_large_image","twitter_creator":"@webdo_tn","twitter_site":"@webdo_tn","twitter_misc":{"\u00c9crit par":"MC","Dur\u00e9e de lecture estim\u00e9e":"1 minute"},"schema":{"@context":"https:\/\/schema.org","@graph":[{"@type":"NewsArticle","@id":"https:\/\/www.webdo.tn\/fr\/actualite\/sport\/roland-garros-2025-ons-jabeur-entre-en-lice-face-a-magdalena-frech\/222216\/#article","isPartOf":{"@id":"https:\/\/www.webdo.tn\/fr\/actualite\/sport\/roland-garros-2025-ons-jabeur-entre-en-lice-face-a-magdalena-frech\/222216\/"},"author":{"name":"MC","@id":"https:\/\/www.webdo.tn\/fr\/#\/schema\/person\/2c4929cbf5a809e3bd38617c6ce150f6"},"headline":"Roland Garros 2025 : Ons Jabeur entre en lice face \u00e0 Magdalena Fr\u0119ch","datePublished":"2025-05-27T11:45:00+00:00","dateModified":"2025-06-04T21:57:20+00:00","mainEntityOfPage":{"@id":"https:\/\/www.webdo.tn\/fr\/actualite\/sport\/roland-garros-2025-ons-jabeur-entre-en-lice-face-a-magdalena-frech\/222216\/"},"wordCount":124,"commentCount":0,"publisher":{"@id":"https:\/\/www.webdo.tn\/fr\/#organization"},"image":{"@id":"https:\/\/www.webdo.tn\/fr\/actualite\/sport\/roland-garros-2025-ons-jabeur-entre-en-lice-face-a-magdalena-frech\/222216\/#primaryimage"},"thumbnailUrl":"https:\/\/www.webdo.tn\/fr\/wp-content\/uploads\/2025\/05\/5f9446aa41ef42cb01999fb63c717a9f.webp","keywords":["Ons Jabeur","roland garros","tennis"],"articleSection":["Sport"],"inLanguage":"fr-FR"},{"@type":"WebPage","@id":"https:\/\/www.webdo.tn\/fr\/actualite\/sport\/roland-garros-2025-ons-jabeur-entre-en-lice-face-a-magdalena-frech\/222216\/","url":"https:\/\/www.webdo.tn\/fr\/actualite\/sport\/roland-garros-2025-ons-jabeur-entre-en-lice-face-a-magdalena-frech\/222216\/","name":"Roland Garros 2025 : Ons Jabeur entre en lice face \u00e0 Magdalena Fr\u0119ch","isPartOf":{"@id":"https:\/\/www.webdo.tn\/fr\/#website"},"primaryImageOfPage":{"@id":"https:\/\/www.webdo.tn\/fr\/actualite\/sport\/roland-garros-2025-ons-jabeur-entre-en-lice-face-a-magdalena-frech\/222216\/#primaryimage"},"image":{"@id":"https:\/\/www.webdo.tn\/fr\/actualite\/sport\/roland-garros-2025-ons-jabeur-entre-en-lice-face-a-magdalena-frech\/222216\/#primaryimage"},"thumbnailUrl":"https:\/\/www.webdo.tn\/fr\/wp-content\/uploads\/2025\/05\/5f9446aa41ef42cb01999fb63c717a9f.webp","datePublished":"2025-05-27T11:45:00+00:00","dateModified":"2025-06-04T21:57:20+00:00","description":"Roland-Garros 2025 : Ons Jabeur affronte Magdalena Fr\u0119ch ce lundi \u00e0 13h00. Un premier tour d\u00e9cisif pour la Tunisienne, en qu\u00eate de confiance sur la terre battue...","breadcrumb":{"@id":"https:\/\/www.webdo.tn\/fr\/actualite\/sport\/roland-garros-2025-ons-jabeur-entre-en-lice-face-a-magdalena-frech\/222216\/#breadcrumb"},"inLanguage":"fr-FR","potentialAction":[{"@type":"ReadAction","target":["https:\/\/www.webdo.tn\/fr\/actualite\/sport\/roland-garros-2025-ons-jabeur-entre-en-lice-face-a-magdalena-frech\/222216\/"]}]},{"@type":"ImageObject","inLanguage":"fr-FR","@id":"https:\/\/www.webdo.tn\/fr\/actualite\/sport\/roland-garros-2025-ons-jabeur-entre-en-lice-face-a-magdalena-frech\/222216\/#primaryimage","url":"https:\/\/www.webdo.tn\/fr\/wp-content\/uploads\/2025\/05\/5f9446aa41ef42cb01999fb63c717a9f.webp","contentUrl":"https:\/\/www.webdo.tn\/fr\/wp-content\/uploads\/2025\/05\/5f9446aa41ef42cb01999fb63c717a9f.webp","width":750,"height":400,"caption":"Roland Garros 2025 : Ons Jabeur entre en lice face \u00e0 Magdalena Fr\u0119ch"},{"@type":"BreadcrumbList","@id":"https:\/\/www.webdo.tn\/fr\/actualite\/sport\/roland-garros-2025-ons-jabeur-entre-en-lice-face-a-magdalena-frech\/222216\/#breadcrumb","itemListElement":[{"@type":"ListItem","position":1,"name":"Accueil","item":"https:\/\/www.webdo.tn\/fr\/"},{"@type":"ListItem","position":2,"name":"Roland Garros 2025 : Ons Jabeur entre en lice face \u00e0 Magdalena Fr\u0119ch"}]},{"@type":"WebSite","@id":"https:\/\/www.webdo.tn\/fr\/#website","url":"https:\/\/www.webdo.tn\/fr\/","name":"webdo","description":"Tunisie - News en Tunisie et \u00e0 l&#039;international sur Webdo.tn","publisher":{"@id":"https:\/\/www.webdo.tn\/fr\/#organization"},"potentialAction":[{"@type":"SearchAction","target":{"@type":"EntryPoint","urlTemplate":"https:\/\/www.webdo.tn\/fr\/?s={search_term_string}"},"query-input":{"@type":"PropertyValueSpecification","valueRequired":true,"valueName":"search_term_string"}}],"inLanguage":"fr-FR"},{"@type":"Organization","@id":"https:\/\/www.webdo.tn\/fr\/#organization","name":"Webdo","alternateName":"Webdo.tn","url":"https:\/\/www.webdo.tn\/fr\/","logo":{"@type":"ImageObject","inLanguage":"fr-FR","@id":"https:\/\/www.webdo.tn\/fr\/#\/schema\/logo\/image\/","url":"https:\/\/www.webdo.tn\/fr\/wp-content\/uploads\/2025\/06\/Webdo-Tunisie_168377.jpg","contentUrl":"https:\/\/www.webdo.tn\/fr\/wp-content\/uploads\/2025\/06\/Webdo-Tunisie_168377.jpg","width":301,"height":301,"caption":"Webdo"},"image":{"@id":"https:\/\/www.webdo.tn\/fr\/#\/schema\/logo\/image\/"},"sameAs":["https:\/\/www.facebook.com\/webdotn","https:\/\/x.com\/webdo_tn"],"description":"Webdo est un m\u00e9dia num\u00e9rique tunisien fond\u00e9 en 2010, sp\u00e9cialis\u00e9 dans l\u2019actualit\u00e9 nationale et internationale, l\u2019\u00e9conomie, la soci\u00e9t\u00e9 et les analyses politiques. Le site s\u2019adresse \u00e0 un large public francophone et couvre l\u2019information tunisienne en temps r\u00e9el.","email":"redac@webdo.tn","legalName":"YNJ SARL","foundingDate":"2010-09-06","numberOfEmployees":{"@type":"QuantitativeValue","minValue":"11","maxValue":"50"}},{"@type":"Person","@id":"https:\/\/www.webdo.tn\/fr\/#\/schema\/person\/2c4929cbf5a809e3bd38617c6ce150f6","name":"MC","image":{"@type":"ImageObject","inLanguage":"fr-FR","@id":"https:\/\/secure.gravatar.com\/avatar\/a545bbb6f84efdd5553dbbc2895e3ca8f1d12c5215e00a041c9670b54aa9b18a?s=96&d=mm&r=g","url":"https:\/\/secure.gravatar.com\/avatar\/a545bbb6f84efdd5553dbbc2895e3ca8f1d12c5215e00a041c9670b54aa9b18a?s=96&d=mm&r=g","contentUrl":"https:\/\/secure.gravatar.com\/avatar\/a545bbb6f84efdd5553dbbc2895e3ca8f1d12c5215e00a041c9670b54aa9b18a?s=96&d=mm&r=g","caption":"MC"},"url":"https:\/\/www.webdo.tn\/fr\/actualite\/author\/mc\/"}]}},"_links":{"self":[{"href":"https:\/\/www.webdo.tn\/fr\/wp-json\/wp\/v2\/posts\/222216","targetHints":{"allow":["GET"]}}],"collection":[{"href":"https:\/\/www.webdo.tn\/fr\/wp-json\/wp\/v2\/posts"}],"about":[{"href":"https:\/\/www.webdo.tn\/fr\/wp-json\/wp\/v2\/types\/post"}],"author":[{"embeddable":true,"href":"https:\/\/www.webdo.tn\/fr\/wp-json\/wp\/v2\/users\/3162"}],"replies":[{"embeddable":true,"href":"https:\/\/www.webdo.tn\/fr\/wp-json\/wp\/v2\/comments?post=222216"}],"version-history":[{"count":0,"href":"https:\/\/www.webdo.tn\/fr\/wp-json\/wp\/v2\/posts\/222216\/revisions"}],"wp:featuredmedia":[{"embeddable":true,"href":"https:\/\/www.webdo.tn\/fr\/wp-json\/wp\/v2\/media\/362938"}],"wp:attachment":[{"href":"https:\/\/www.webdo.tn\/fr\/wp-json\/wp\/v2\/media?parent=222216"}],"wp:term":[{"taxonomy":"category","embeddable":true,"href":"https:\/\/www.webdo.tn\/fr\/wp-json\/wp\/v2\/categories?post=222216"},{"taxonomy":"post_tag","embeddable":true,"href":"https:\/\/www.webdo.tn\/fr\/wp-json\/wp\/v2\/tags?post=222216"}],"curies":[{"name":"wp","href":"https:\/\/api.w.org\/{rel}","templated":true}]}}