{"id":222202,"date":"2025-05-26T18:31:00","date_gmt":"2025-05-26T18:31:00","guid":{"rendered":"https:\/\/www.webdo.tn\/fr\/actualite\/blog\/tunisie-affaire-bft-six-ans-de-prison-contre-slim-ben-hmidane\/222202\/"},"modified":"2025-05-26T18:31:00","modified_gmt":"2025-05-26T18:31:00","slug":"tunisie-affaire-bft-six-ans-de-prison-contre-slim-ben-hmidane","status":"publish","type":"post","link":"https:\/\/www.webdo.tn\/fr\/actualite\/national\/tunisie-affaire-bft-six-ans-de-prison-contre-slim-ben-hmidane\/222202\/","title":{"rendered":"Tunisie &#8211; Affaire BFT : Six ans de prison contre Slim Ben Hmidane"},"content":{"rendered":"<p>La chambre criminelle sp\u00e9cialis\u00e9e dans les affaires de corruption financi\u00e8re au tribunal de premi\u00e8re instance de Tunis a condamn\u00e9, ce lundi, par contumace, l\u2019ancien ministre des Domaines de l\u2019\u00c9tat, Slim\u00a0Ben Hmidane, \u00e0 six ans de prison ferme.<\/p>\n<p> Il est poursuivi dans une affaire li\u00e9e au litige opposant l\u2019\u00c9tat tunisien \u00e0 un homme d\u2019affaires tunisien r\u00e9sidant \u00e0 l\u2019\u00e9tranger, en lien avec le dossier de la\u00a0Banque franco-tunisienne. Ce dernier a \u00e9galement \u00e9cop\u00e9 de six ans de prison par contumace.<\/p>\n<p>Dans la m\u00eame affaire, la justice a prononc\u00e9 une peine de six ans de prison ferme contre un ancien conseiller au minist\u00e8re des Domaines de l\u2019\u00c9tat, cette fois en sa pr\u00e9sence. Une ancienne charg\u00e9e des contentieux de l\u2019\u00c9tat a, quant \u00e0 elle, \u00e9t\u00e9 condamn\u00e9e \u00e0 trois ans de prison.<\/p>\n<p>La chambre sp\u00e9cialis\u00e9e a par ailleurs d\u00e9cid\u00e9 d\u2019infliger des amendes financi\u00e8res \u00e0 l\u2019encontre de tous les pr\u00e9venus poursuivis en \u00e9tat de libert\u00e9 dans cette affaire complexe m\u00ealant hautes fonctions publiques et int\u00e9r\u00eats priv\u00e9s autour de la BFT.<\/p>\n","protected":false},"excerpt":{"rendered":"<p>La justice tunisienne condamne l\u2019ex-ministre Slim Ben Hmidane \u00e0 six ans de prison dans une affaire de corruption li\u00e9e au litige entre l\u2019\u00c9tat et un homme d\u2019affai&#8230;<\/p>\n","protected":false},"author":3162,"featured_media":366047,"comment_status":"open","ping_status":"closed","sticky":false,"template":"","format":"standard","meta":{"footnotes":""},"categories":[44],"tags":[2619,11701,2608],"class_list":["post-222202","post","type-post","status-publish","format-standard","has-post-thumbnail","hentry","category-national","tag-justice","tag-slim-ben-hmidane","tag-tunisie"],"yoast_head":"<!-- This site is optimized with the Yoast SEO Premium plugin v27.5 (Yoast SEO v27.5) - https:\/\/yoast.com\/product\/yoast-seo-premium-wordpress\/ -->\n<title>Tunisie - Affaire BFT : Six ans de prison contre Slim Ben Hmidane<\/title>\n<meta name=\"description\" content=\"La justice tunisienne condamne l\u2019ex-ministre Slim Ben Hmidane \u00e0 six ans de prison dans une affaire de corruption li\u00e9e au litige entre l\u2019\u00c9tat et un homme d\u2019affai...\" \/>\n<link rel=\"canonical\" href=\"https:\/\/www.webdo.tn\/fr\/actualite\/national\/tunisie-affaire-bft-six-ans-de-prison-contre-slim-ben-hmidane\/222202\/\" \/>\n<meta property=\"og:locale\" content=\"fr_FR\" \/>\n<meta property=\"og:type\" content=\"article\" \/>\n<meta property=\"og:title\" content=\"Tunisie - Affaire BFT : Six ans de prison contre Slim Ben Hmidane\" \/>\n<meta property=\"og:description\" content=\"La justice tunisienne condamne l\u2019ex-ministre Slim Ben Hmidane \u00e0 six ans de prison dans une affaire de corruption li\u00e9e au litige entre l\u2019\u00c9tat et un homme d\u2019affai...\" \/>\n<meta property=\"og:url\" content=\"https:\/\/www.webdo.tn\/fr\/actualite\/national\/tunisie-affaire-bft-six-ans-de-prison-contre-slim-ben-hmidane\/222202\/\" \/>\n<meta property=\"og:site_name\" content=\"webdo\" \/>\n<meta property=\"article:publisher\" content=\"https:\/\/www.facebook.com\/webdotn\" \/>\n<meta property=\"article:published_time\" content=\"2025-05-26T18:31:00+00:00\" \/>\n<meta property=\"og:image\" content=\"https:\/\/www.webdo.tn\/fr\/wp-content\/uploads\/2025\/05\/97f54a1496589be888c8dc44071eff49.webp\" \/>\n\t<meta property=\"og:image:width\" content=\"630\" \/>\n\t<meta property=\"og:image:height\" content=\"336\" \/>\n\t<meta property=\"og:image:type\" content=\"image\/webp\" \/>\n<meta name=\"author\" content=\"MC\" \/>\n<meta name=\"twitter:card\" content=\"summary_large_image\" \/>\n<meta name=\"twitter:creator\" content=\"@webdo_tn\" \/>\n<meta name=\"twitter:site\" content=\"@webdo_tn\" \/>\n<meta name=\"twitter:label1\" content=\"\u00c9crit par\" \/>\n\t<meta name=\"twitter:data1\" content=\"MC\" \/>\n\t<meta name=\"twitter:label2\" content=\"Dur\u00e9e de lecture estim\u00e9e\" \/>\n\t<meta name=\"twitter:data2\" content=\"1 minute\" \/>\n<script type=\"application\/ld+json\" class=\"yoast-schema-graph\">{\"@context\":\"https:\\\/\\\/schema.org\",\"@graph\":[{\"@type\":\"NewsArticle\",\"@id\":\"https:\\\/\\\/www.webdo.tn\\\/fr\\\/actualite\\\/national\\\/tunisie-affaire-bft-six-ans-de-prison-contre-slim-ben-hmidane\\\/222202\\\/#article\",\"isPartOf\":{\"@id\":\"https:\\\/\\\/www.webdo.tn\\\/fr\\\/actualite\\\/national\\\/tunisie-affaire-bft-six-ans-de-prison-contre-slim-ben-hmidane\\\/222202\\\/\"},\"author\":{\"name\":\"MC\",\"@id\":\"https:\\\/\\\/www.webdo.tn\\\/fr\\\/#\\\/schema\\\/person\\\/2c4929cbf5a809e3bd38617c6ce150f6\"},\"headline\":\"Tunisie &#8211; Affaire BFT : Six ans de prison contre Slim Ben Hmidane\",\"datePublished\":\"2025-05-26T18:31:00+00:00\",\"mainEntityOfPage\":{\"@id\":\"https:\\\/\\\/www.webdo.tn\\\/fr\\\/actualite\\\/national\\\/tunisie-affaire-bft-six-ans-de-prison-contre-slim-ben-hmidane\\\/222202\\\/\"},\"wordCount\":200,\"commentCount\":0,\"publisher\":{\"@id\":\"https:\\\/\\\/www.webdo.tn\\\/fr\\\/#organization\"},\"image\":{\"@id\":\"https:\\\/\\\/www.webdo.tn\\\/fr\\\/actualite\\\/national\\\/tunisie-affaire-bft-six-ans-de-prison-contre-slim-ben-hmidane\\\/222202\\\/#primaryimage\"},\"thumbnailUrl\":\"https:\\\/\\\/www.webdo.tn\\\/fr\\\/wp-content\\\/uploads\\\/2025\\\/05\\\/97f54a1496589be888c8dc44071eff49.webp\",\"keywords\":[\"justice\",\"Slim Ben Hmidane\",\"Tunisie\"],\"articleSection\":[\"National\"],\"inLanguage\":\"fr-FR\"},{\"@type\":\"WebPage\",\"@id\":\"https:\\\/\\\/www.webdo.tn\\\/fr\\\/actualite\\\/national\\\/tunisie-affaire-bft-six-ans-de-prison-contre-slim-ben-hmidane\\\/222202\\\/\",\"url\":\"https:\\\/\\\/www.webdo.tn\\\/fr\\\/actualite\\\/national\\\/tunisie-affaire-bft-six-ans-de-prison-contre-slim-ben-hmidane\\\/222202\\\/\",\"name\":\"Tunisie - Affaire BFT : Six ans de prison contre Slim Ben Hmidane\",\"isPartOf\":{\"@id\":\"https:\\\/\\\/www.webdo.tn\\\/fr\\\/#website\"},\"primaryImageOfPage\":{\"@id\":\"https:\\\/\\\/www.webdo.tn\\\/fr\\\/actualite\\\/national\\\/tunisie-affaire-bft-six-ans-de-prison-contre-slim-ben-hmidane\\\/222202\\\/#primaryimage\"},\"image\":{\"@id\":\"https:\\\/\\\/www.webdo.tn\\\/fr\\\/actualite\\\/national\\\/tunisie-affaire-bft-six-ans-de-prison-contre-slim-ben-hmidane\\\/222202\\\/#primaryimage\"},\"thumbnailUrl\":\"https:\\\/\\\/www.webdo.tn\\\/fr\\\/wp-content\\\/uploads\\\/2025\\\/05\\\/97f54a1496589be888c8dc44071eff49.webp\",\"datePublished\":\"2025-05-26T18:31:00+00:00\",\"description\":\"La justice tunisienne condamne l\u2019ex-ministre Slim Ben Hmidane \u00e0 six ans de prison dans une affaire de corruption li\u00e9e au litige entre l\u2019\u00c9tat et un homme d\u2019affai...\",\"breadcrumb\":{\"@id\":\"https:\\\/\\\/www.webdo.tn\\\/fr\\\/actualite\\\/national\\\/tunisie-affaire-bft-six-ans-de-prison-contre-slim-ben-hmidane\\\/222202\\\/#breadcrumb\"},\"inLanguage\":\"fr-FR\",\"potentialAction\":[{\"@type\":\"ReadAction\",\"target\":[\"https:\\\/\\\/www.webdo.tn\\\/fr\\\/actualite\\\/national\\\/tunisie-affaire-bft-six-ans-de-prison-contre-slim-ben-hmidane\\\/222202\\\/\"]}]},{\"@type\":\"ImageObject\",\"inLanguage\":\"fr-FR\",\"@id\":\"https:\\\/\\\/www.webdo.tn\\\/fr\\\/actualite\\\/national\\\/tunisie-affaire-bft-six-ans-de-prison-contre-slim-ben-hmidane\\\/222202\\\/#primaryimage\",\"url\":\"https:\\\/\\\/www.webdo.tn\\\/fr\\\/wp-content\\\/uploads\\\/2025\\\/05\\\/97f54a1496589be888c8dc44071eff49.webp\",\"contentUrl\":\"https:\\\/\\\/www.webdo.tn\\\/fr\\\/wp-content\\\/uploads\\\/2025\\\/05\\\/97f54a1496589be888c8dc44071eff49.webp\",\"width\":630,\"height\":336,\"caption\":\"Tunisie - Affaire BFT : Six ans de prison contre Slim Ben Hmidane\"},{\"@type\":\"BreadcrumbList\",\"@id\":\"https:\\\/\\\/www.webdo.tn\\\/fr\\\/actualite\\\/national\\\/tunisie-affaire-bft-six-ans-de-prison-contre-slim-ben-hmidane\\\/222202\\\/#breadcrumb\",\"itemListElement\":[{\"@type\":\"ListItem\",\"position\":1,\"name\":\"Accueil\",\"item\":\"https:\\\/\\\/www.webdo.tn\\\/fr\\\/\"},{\"@type\":\"ListItem\",\"position\":2,\"name\":\"Tunisie &#8211; Affaire BFT : Six ans de prison contre Slim Ben Hmidane\"}]},{\"@type\":\"WebSite\",\"@id\":\"https:\\\/\\\/www.webdo.tn\\\/fr\\\/#website\",\"url\":\"https:\\\/\\\/www.webdo.tn\\\/fr\\\/\",\"name\":\"webdo\",\"description\":\"Tunisie - News en Tunisie et \u00e0 l&#039;international sur Webdo.tn\",\"publisher\":{\"@id\":\"https:\\\/\\\/www.webdo.tn\\\/fr\\\/#organization\"},\"potentialAction\":[{\"@type\":\"SearchAction\",\"target\":{\"@type\":\"EntryPoint\",\"urlTemplate\":\"https:\\\/\\\/www.webdo.tn\\\/fr\\\/?s={search_term_string}\"},\"query-input\":{\"@type\":\"PropertyValueSpecification\",\"valueRequired\":true,\"valueName\":\"search_term_string\"}}],\"inLanguage\":\"fr-FR\"},{\"@type\":\"Organization\",\"@id\":\"https:\\\/\\\/www.webdo.tn\\\/fr\\\/#organization\",\"name\":\"Webdo\",\"alternateName\":\"Webdo.tn\",\"url\":\"https:\\\/\\\/www.webdo.tn\\\/fr\\\/\",\"logo\":{\"@type\":\"ImageObject\",\"inLanguage\":\"fr-FR\",\"@id\":\"https:\\\/\\\/www.webdo.tn\\\/fr\\\/#\\\/schema\\\/logo\\\/image\\\/\",\"url\":\"https:\\\/\\\/www.webdo.tn\\\/fr\\\/wp-content\\\/uploads\\\/2025\\\/06\\\/Webdo-Tunisie_168377.jpg\",\"contentUrl\":\"https:\\\/\\\/www.webdo.tn\\\/fr\\\/wp-content\\\/uploads\\\/2025\\\/06\\\/Webdo-Tunisie_168377.jpg\",\"width\":301,\"height\":301,\"caption\":\"Webdo\"},\"image\":{\"@id\":\"https:\\\/\\\/www.webdo.tn\\\/fr\\\/#\\\/schema\\\/logo\\\/image\\\/\"},\"sameAs\":[\"https:\\\/\\\/www.facebook.com\\\/webdotn\",\"https:\\\/\\\/x.com\\\/webdo_tn\"],\"description\":\"Webdo est un m\u00e9dia num\u00e9rique tunisien fond\u00e9 en 2010, sp\u00e9cialis\u00e9 dans l\u2019actualit\u00e9 nationale et internationale, l\u2019\u00e9conomie, la soci\u00e9t\u00e9 et les analyses politiques. Le site s\u2019adresse \u00e0 un large public francophone et couvre l\u2019information tunisienne en temps r\u00e9el.\",\"email\":\"redac@webdo.tn\",\"legalName\":\"YNJ SARL\",\"foundingDate\":\"2010-09-06\",\"numberOfEmployees\":{\"@type\":\"QuantitativeValue\",\"minValue\":\"11\",\"maxValue\":\"50\"}},{\"@type\":\"Person\",\"@id\":\"https:\\\/\\\/www.webdo.tn\\\/fr\\\/#\\\/schema\\\/person\\\/2c4929cbf5a809e3bd38617c6ce150f6\",\"name\":\"MC\",\"image\":{\"@type\":\"ImageObject\",\"inLanguage\":\"fr-FR\",\"@id\":\"https:\\\/\\\/secure.gravatar.com\\\/avatar\\\/a545bbb6f84efdd5553dbbc2895e3ca8f1d12c5215e00a041c9670b54aa9b18a?s=96&d=mm&r=g\",\"url\":\"https:\\\/\\\/secure.gravatar.com\\\/avatar\\\/a545bbb6f84efdd5553dbbc2895e3ca8f1d12c5215e00a041c9670b54aa9b18a?s=96&d=mm&r=g\",\"contentUrl\":\"https:\\\/\\\/secure.gravatar.com\\\/avatar\\\/a545bbb6f84efdd5553dbbc2895e3ca8f1d12c5215e00a041c9670b54aa9b18a?s=96&d=mm&r=g\",\"caption\":\"MC\"},\"url\":\"https:\\\/\\\/www.webdo.tn\\\/fr\\\/actualite\\\/author\\\/mc\\\/\"}]}<\/script>\n<!-- \/ Yoast SEO Premium plugin. -->","yoast_head_json":{"title":"Tunisie - Affaire BFT : Six ans de prison contre Slim Ben Hmidane","description":"La justice tunisienne condamne l\u2019ex-ministre Slim Ben Hmidane \u00e0 six ans de prison dans une affaire de corruption li\u00e9e au litige entre l\u2019\u00c9tat et un homme d\u2019affai...","canonical":"https:\/\/www.webdo.tn\/fr\/actualite\/national\/tunisie-affaire-bft-six-ans-de-prison-contre-slim-ben-hmidane\/222202\/","og_locale":"fr_FR","og_type":"article","og_title":"Tunisie - Affaire BFT : Six ans de prison contre Slim Ben Hmidane","og_description":"La justice tunisienne condamne l\u2019ex-ministre Slim Ben Hmidane \u00e0 six ans de prison dans une affaire de corruption li\u00e9e au litige entre l\u2019\u00c9tat et un homme d\u2019affai...","og_url":"https:\/\/www.webdo.tn\/fr\/actualite\/national\/tunisie-affaire-bft-six-ans-de-prison-contre-slim-ben-hmidane\/222202\/","og_site_name":"webdo","article_publisher":"https:\/\/www.facebook.com\/webdotn","article_published_time":"2025-05-26T18:31:00+00:00","og_image":[{"width":630,"height":336,"url":"https:\/\/www.webdo.tn\/fr\/wp-content\/uploads\/2025\/05\/97f54a1496589be888c8dc44071eff49.webp","type":"image\/webp"}],"author":"MC","twitter_card":"summary_large_image","twitter_creator":"@webdo_tn","twitter_site":"@webdo_tn","twitter_misc":{"\u00c9crit par":"MC","Dur\u00e9e de lecture estim\u00e9e":"1 minute"},"schema":{"@context":"https:\/\/schema.org","@graph":[{"@type":"NewsArticle","@id":"https:\/\/www.webdo.tn\/fr\/actualite\/national\/tunisie-affaire-bft-six-ans-de-prison-contre-slim-ben-hmidane\/222202\/#article","isPartOf":{"@id":"https:\/\/www.webdo.tn\/fr\/actualite\/national\/tunisie-affaire-bft-six-ans-de-prison-contre-slim-ben-hmidane\/222202\/"},"author":{"name":"MC","@id":"https:\/\/www.webdo.tn\/fr\/#\/schema\/person\/2c4929cbf5a809e3bd38617c6ce150f6"},"headline":"Tunisie &#8211; Affaire BFT : Six ans de prison contre Slim Ben Hmidane","datePublished":"2025-05-26T18:31:00+00:00","mainEntityOfPage":{"@id":"https:\/\/www.webdo.tn\/fr\/actualite\/national\/tunisie-affaire-bft-six-ans-de-prison-contre-slim-ben-hmidane\/222202\/"},"wordCount":200,"commentCount":0,"publisher":{"@id":"https:\/\/www.webdo.tn\/fr\/#organization"},"image":{"@id":"https:\/\/www.webdo.tn\/fr\/actualite\/national\/tunisie-affaire-bft-six-ans-de-prison-contre-slim-ben-hmidane\/222202\/#primaryimage"},"thumbnailUrl":"https:\/\/www.webdo.tn\/fr\/wp-content\/uploads\/2025\/05\/97f54a1496589be888c8dc44071eff49.webp","keywords":["justice","Slim Ben Hmidane","Tunisie"],"articleSection":["National"],"inLanguage":"fr-FR"},{"@type":"WebPage","@id":"https:\/\/www.webdo.tn\/fr\/actualite\/national\/tunisie-affaire-bft-six-ans-de-prison-contre-slim-ben-hmidane\/222202\/","url":"https:\/\/www.webdo.tn\/fr\/actualite\/national\/tunisie-affaire-bft-six-ans-de-prison-contre-slim-ben-hmidane\/222202\/","name":"Tunisie - Affaire BFT : Six ans de prison contre Slim Ben Hmidane","isPartOf":{"@id":"https:\/\/www.webdo.tn\/fr\/#website"},"primaryImageOfPage":{"@id":"https:\/\/www.webdo.tn\/fr\/actualite\/national\/tunisie-affaire-bft-six-ans-de-prison-contre-slim-ben-hmidane\/222202\/#primaryimage"},"image":{"@id":"https:\/\/www.webdo.tn\/fr\/actualite\/national\/tunisie-affaire-bft-six-ans-de-prison-contre-slim-ben-hmidane\/222202\/#primaryimage"},"thumbnailUrl":"https:\/\/www.webdo.tn\/fr\/wp-content\/uploads\/2025\/05\/97f54a1496589be888c8dc44071eff49.webp","datePublished":"2025-05-26T18:31:00+00:00","description":"La justice tunisienne condamne l\u2019ex-ministre Slim Ben Hmidane \u00e0 six ans de prison dans une affaire de corruption li\u00e9e au litige entre l\u2019\u00c9tat et un homme d\u2019affai...","breadcrumb":{"@id":"https:\/\/www.webdo.tn\/fr\/actualite\/national\/tunisie-affaire-bft-six-ans-de-prison-contre-slim-ben-hmidane\/222202\/#breadcrumb"},"inLanguage":"fr-FR","potentialAction":[{"@type":"ReadAction","target":["https:\/\/www.webdo.tn\/fr\/actualite\/national\/tunisie-affaire-bft-six-ans-de-prison-contre-slim-ben-hmidane\/222202\/"]}]},{"@type":"ImageObject","inLanguage":"fr-FR","@id":"https:\/\/www.webdo.tn\/fr\/actualite\/national\/tunisie-affaire-bft-six-ans-de-prison-contre-slim-ben-hmidane\/222202\/#primaryimage","url":"https:\/\/www.webdo.tn\/fr\/wp-content\/uploads\/2025\/05\/97f54a1496589be888c8dc44071eff49.webp","contentUrl":"https:\/\/www.webdo.tn\/fr\/wp-content\/uploads\/2025\/05\/97f54a1496589be888c8dc44071eff49.webp","width":630,"height":336,"caption":"Tunisie - Affaire BFT : Six ans de prison contre Slim Ben Hmidane"},{"@type":"BreadcrumbList","@id":"https:\/\/www.webdo.tn\/fr\/actualite\/national\/tunisie-affaire-bft-six-ans-de-prison-contre-slim-ben-hmidane\/222202\/#breadcrumb","itemListElement":[{"@type":"ListItem","position":1,"name":"Accueil","item":"https:\/\/www.webdo.tn\/fr\/"},{"@type":"ListItem","position":2,"name":"Tunisie &#8211; Affaire BFT : Six ans de prison contre Slim Ben Hmidane"}]},{"@type":"WebSite","@id":"https:\/\/www.webdo.tn\/fr\/#website","url":"https:\/\/www.webdo.tn\/fr\/","name":"webdo","description":"Tunisie - News en Tunisie et \u00e0 l&#039;international sur Webdo.tn","publisher":{"@id":"https:\/\/www.webdo.tn\/fr\/#organization"},"potentialAction":[{"@type":"SearchAction","target":{"@type":"EntryPoint","urlTemplate":"https:\/\/www.webdo.tn\/fr\/?s={search_term_string}"},"query-input":{"@type":"PropertyValueSpecification","valueRequired":true,"valueName":"search_term_string"}}],"inLanguage":"fr-FR"},{"@type":"Organization","@id":"https:\/\/www.webdo.tn\/fr\/#organization","name":"Webdo","alternateName":"Webdo.tn","url":"https:\/\/www.webdo.tn\/fr\/","logo":{"@type":"ImageObject","inLanguage":"fr-FR","@id":"https:\/\/www.webdo.tn\/fr\/#\/schema\/logo\/image\/","url":"https:\/\/www.webdo.tn\/fr\/wp-content\/uploads\/2025\/06\/Webdo-Tunisie_168377.jpg","contentUrl":"https:\/\/www.webdo.tn\/fr\/wp-content\/uploads\/2025\/06\/Webdo-Tunisie_168377.jpg","width":301,"height":301,"caption":"Webdo"},"image":{"@id":"https:\/\/www.webdo.tn\/fr\/#\/schema\/logo\/image\/"},"sameAs":["https:\/\/www.facebook.com\/webdotn","https:\/\/x.com\/webdo_tn"],"description":"Webdo est un m\u00e9dia num\u00e9rique tunisien fond\u00e9 en 2010, sp\u00e9cialis\u00e9 dans l\u2019actualit\u00e9 nationale et internationale, l\u2019\u00e9conomie, la soci\u00e9t\u00e9 et les analyses politiques. Le site s\u2019adresse \u00e0 un large public francophone et couvre l\u2019information tunisienne en temps r\u00e9el.","email":"redac@webdo.tn","legalName":"YNJ SARL","foundingDate":"2010-09-06","numberOfEmployees":{"@type":"QuantitativeValue","minValue":"11","maxValue":"50"}},{"@type":"Person","@id":"https:\/\/www.webdo.tn\/fr\/#\/schema\/person\/2c4929cbf5a809e3bd38617c6ce150f6","name":"MC","image":{"@type":"ImageObject","inLanguage":"fr-FR","@id":"https:\/\/secure.gravatar.com\/avatar\/a545bbb6f84efdd5553dbbc2895e3ca8f1d12c5215e00a041c9670b54aa9b18a?s=96&d=mm&r=g","url":"https:\/\/secure.gravatar.com\/avatar\/a545bbb6f84efdd5553dbbc2895e3ca8f1d12c5215e00a041c9670b54aa9b18a?s=96&d=mm&r=g","contentUrl":"https:\/\/secure.gravatar.com\/avatar\/a545bbb6f84efdd5553dbbc2895e3ca8f1d12c5215e00a041c9670b54aa9b18a?s=96&d=mm&r=g","caption":"MC"},"url":"https:\/\/www.webdo.tn\/fr\/actualite\/author\/mc\/"}]}},"_links":{"self":[{"href":"https:\/\/www.webdo.tn\/fr\/wp-json\/wp\/v2\/posts\/222202","targetHints":{"allow":["GET"]}}],"collection":[{"href":"https:\/\/www.webdo.tn\/fr\/wp-json\/wp\/v2\/posts"}],"about":[{"href":"https:\/\/www.webdo.tn\/fr\/wp-json\/wp\/v2\/types\/post"}],"author":[{"embeddable":true,"href":"https:\/\/www.webdo.tn\/fr\/wp-json\/wp\/v2\/users\/3162"}],"replies":[{"embeddable":true,"href":"https:\/\/www.webdo.tn\/fr\/wp-json\/wp\/v2\/comments?post=222202"}],"version-history":[{"count":0,"href":"https:\/\/www.webdo.tn\/fr\/wp-json\/wp\/v2\/posts\/222202\/revisions"}],"wp:featuredmedia":[{"embeddable":true,"href":"https:\/\/www.webdo.tn\/fr\/wp-json\/wp\/v2\/media\/366047"}],"wp:attachment":[{"href":"https:\/\/www.webdo.tn\/fr\/wp-json\/wp\/v2\/media?parent=222202"}],"wp:term":[{"taxonomy":"category","embeddable":true,"href":"https:\/\/www.webdo.tn\/fr\/wp-json\/wp\/v2\/categories?post=222202"},{"taxonomy":"post_tag","embeddable":true,"href":"https:\/\/www.webdo.tn\/fr\/wp-json\/wp\/v2\/tags?post=222202"}],"curies":[{"name":"wp","href":"https:\/\/api.w.org\/{rel}","templated":true}]}}