{"id":222201,"date":"2025-05-26T18:59:00","date_gmt":"2025-05-26T18:59:00","guid":{"rendered":"https:\/\/www.webdo.tn\/fr\/actualite\/blog\/tunisie-le-ministre-de-l-economie-juge-insuffisant-le-taux-de-croissance\/222201\/"},"modified":"2025-05-26T18:59:00","modified_gmt":"2025-05-26T18:59:00","slug":"tunisie-le-ministre-de-l-economie-juge-insuffisant-le-taux-de-croissance","status":"publish","type":"post","link":"https:\/\/www.webdo.tn\/fr\/actualite\/national\/tunisie-le-ministre-de-l-economie-juge-insuffisant-le-taux-de-croissance\/222201\/","title":{"rendered":"Tunisie : Le ministre de l\u2019Economie juge insuffisant le taux de croissance"},"content":{"rendered":"<p>Le ministre de l\u2019\u00c9conomie et de la Planification, Samir Abdelhafidh, a qualifi\u00e9 de \u00ab positive \u00bb la croissance \u00e9conomique enregistr\u00e9e par la Tunisie durant le premier trimestre de l\u2019ann\u00e9e 2025, estim\u00e9e \u00e0 1,6 % par l\u2019Institut national de la statistique (INS).\u00a0<\/p>\n<p> Toutefois, il a soulign\u00e9 que ce taux reste \u00ab insuffisant \u00bb au regard des ambitions affich\u00e9es dans la loi de finances, qui table sur une croissance annuelle de 3,2 %.<\/p>\n<p>Lors de son intervention en s\u00e9ance pl\u00e9ni\u00e8re \u00e0 l\u2019Assembl\u00e9e des repr\u00e9sentants du peuple, Abdelhafidh a indiqu\u00e9 que la croissance enregistr\u00e9e repose principalement sur le dynamisme de la demande int\u00e9rieure, englobant \u00e0 la fois la consommation et l\u2019investissement.<\/p>\n<p>D\u2019apr\u00e8s les donn\u00e9es de l\u2019INS, cette croissance de 1,6 % est attribuable \u00e0 plusieurs facteurs internes, notamment une l\u00e9g\u00e8re reprise des investissements priv\u00e9s et publics ainsi qu\u2019un maintien relatif de la consommation des m\u00e9nages, malgr\u00e9 un contexte \u00e9conomique marqu\u00e9 par l\u2019inflation et la baisse du pouvoir d\u2019achat.<\/p>\n<p>Des \u00e9conomistes tunisiens, \u00e0 l\u2019instar de Moez Joudi, estiment que cette progression est le signe d\u2019un red\u00e9marrage graduel de l\u2019\u00e9conomie, mais qu\u2019elle demeure fragile face aux d\u00e9s\u00e9quilibres budg\u00e9taires, \u00e0 l\u2019endettement croissant et \u00e0 la lenteur des r\u00e9formes structurelles.<\/p>\n","protected":false},"excerpt":{"rendered":"<p>Le ministre de l\u2019\u00c9conomie Samir Abdelhafidh salue une croissance de 1,6 % au premier trimestre 2025, mais la juge encore \u00e9loign\u00e9e de l\u2019objectif de 3,2 % fix\u00e9 da&#8230;<\/p>\n","protected":false},"author":3162,"featured_media":366048,"comment_status":"open","ping_status":"closed","sticky":false,"template":"","format":"standard","meta":{"footnotes":""},"categories":[44],"tags":[3154,3855,2608],"class_list":["post-222201","post","type-post","status-publish","format-standard","has-post-thumbnail","hentry","category-national","tag-economie","tag-taux-de-croissance","tag-tunisie"],"yoast_head":"<!-- This site is optimized with the Yoast SEO Premium plugin v27.4 (Yoast SEO v27.4) - https:\/\/yoast.com\/product\/yoast-seo-premium-wordpress\/ -->\n<title>Tunisie : Le ministre de l\u2019Economie juge insuffisant le taux de croissance<\/title>\n<meta name=\"description\" content=\"Le ministre de l\u2019\u00c9conomie Samir Abdelhafidh salue une croissance de 1,6 % au premier trimestre 2025, mais la juge encore \u00e9loign\u00e9e de l\u2019objectif de 3,2 % fix\u00e9 da...\" \/>\n<link rel=\"canonical\" href=\"https:\/\/www.webdo.tn\/fr\/actualite\/national\/tunisie-le-ministre-de-l-economie-juge-insuffisant-le-taux-de-croissance\/222201\/\" \/>\n<meta property=\"og:locale\" content=\"fr_FR\" \/>\n<meta property=\"og:type\" content=\"article\" \/>\n<meta property=\"og:title\" content=\"Tunisie : Le ministre de l\u2019Economie juge insuffisant le taux de croissance\" \/>\n<meta property=\"og:description\" content=\"Le ministre de l\u2019\u00c9conomie Samir Abdelhafidh salue une croissance de 1,6 % au premier trimestre 2025, mais la juge encore \u00e9loign\u00e9e de l\u2019objectif de 3,2 % fix\u00e9 da...\" \/>\n<meta property=\"og:url\" content=\"https:\/\/www.webdo.tn\/fr\/actualite\/national\/tunisie-le-ministre-de-l-economie-juge-insuffisant-le-taux-de-croissance\/222201\/\" \/>\n<meta property=\"og:site_name\" content=\"webdo\" \/>\n<meta property=\"article:publisher\" content=\"https:\/\/www.facebook.com\/webdotn\" \/>\n<meta property=\"article:published_time\" content=\"2025-05-26T18:59:00+00:00\" \/>\n<meta property=\"og:image\" content=\"https:\/\/www.webdo.tn\/fr\/wp-content\/uploads\/2025\/05\/bc0e459963f0a9d2b205846e481eb6ef.webp\" \/>\n\t<meta property=\"og:image:width\" content=\"750\" \/>\n\t<meta property=\"og:image:height\" content=\"400\" \/>\n\t<meta property=\"og:image:type\" content=\"image\/webp\" \/>\n<meta name=\"author\" content=\"MC\" \/>\n<meta name=\"twitter:card\" content=\"summary_large_image\" \/>\n<meta name=\"twitter:creator\" content=\"@webdo_tn\" \/>\n<meta name=\"twitter:site\" content=\"@webdo_tn\" \/>\n<meta name=\"twitter:label1\" content=\"\u00c9crit par\" \/>\n\t<meta name=\"twitter:data1\" content=\"MC\" \/>\n\t<meta name=\"twitter:label2\" content=\"Dur\u00e9e de lecture estim\u00e9e\" \/>\n\t<meta name=\"twitter:data2\" content=\"1 minute\" \/>\n<script type=\"application\/ld+json\" class=\"yoast-schema-graph\">{\"@context\":\"https:\\\/\\\/schema.org\",\"@graph\":[{\"@type\":\"NewsArticle\",\"@id\":\"https:\\\/\\\/www.webdo.tn\\\/fr\\\/actualite\\\/national\\\/tunisie-le-ministre-de-l-economie-juge-insuffisant-le-taux-de-croissance\\\/222201\\\/#article\",\"isPartOf\":{\"@id\":\"https:\\\/\\\/www.webdo.tn\\\/fr\\\/actualite\\\/national\\\/tunisie-le-ministre-de-l-economie-juge-insuffisant-le-taux-de-croissance\\\/222201\\\/\"},\"author\":{\"name\":\"MC\",\"@id\":\"https:\\\/\\\/www.webdo.tn\\\/fr\\\/#\\\/schema\\\/person\\\/2c4929cbf5a809e3bd38617c6ce150f6\"},\"headline\":\"Tunisie : Le ministre de l\u2019Economie juge insuffisant le taux de croissance\",\"datePublished\":\"2025-05-26T18:59:00+00:00\",\"mainEntityOfPage\":{\"@id\":\"https:\\\/\\\/www.webdo.tn\\\/fr\\\/actualite\\\/national\\\/tunisie-le-ministre-de-l-economie-juge-insuffisant-le-taux-de-croissance\\\/222201\\\/\"},\"wordCount\":224,\"commentCount\":0,\"publisher\":{\"@id\":\"https:\\\/\\\/www.webdo.tn\\\/fr\\\/#organization\"},\"image\":{\"@id\":\"https:\\\/\\\/www.webdo.tn\\\/fr\\\/actualite\\\/national\\\/tunisie-le-ministre-de-l-economie-juge-insuffisant-le-taux-de-croissance\\\/222201\\\/#primaryimage\"},\"thumbnailUrl\":\"https:\\\/\\\/www.webdo.tn\\\/fr\\\/wp-content\\\/uploads\\\/2025\\\/05\\\/bc0e459963f0a9d2b205846e481eb6ef.webp\",\"keywords\":[\"\u00e9conomie\",\"taux de croissance\",\"Tunisie\"],\"articleSection\":[\"National\"],\"inLanguage\":\"fr-FR\"},{\"@type\":\"WebPage\",\"@id\":\"https:\\\/\\\/www.webdo.tn\\\/fr\\\/actualite\\\/national\\\/tunisie-le-ministre-de-l-economie-juge-insuffisant-le-taux-de-croissance\\\/222201\\\/\",\"url\":\"https:\\\/\\\/www.webdo.tn\\\/fr\\\/actualite\\\/national\\\/tunisie-le-ministre-de-l-economie-juge-insuffisant-le-taux-de-croissance\\\/222201\\\/\",\"name\":\"Tunisie : Le ministre de l\u2019Economie juge insuffisant le taux de croissance\",\"isPartOf\":{\"@id\":\"https:\\\/\\\/www.webdo.tn\\\/fr\\\/#website\"},\"primaryImageOfPage\":{\"@id\":\"https:\\\/\\\/www.webdo.tn\\\/fr\\\/actualite\\\/national\\\/tunisie-le-ministre-de-l-economie-juge-insuffisant-le-taux-de-croissance\\\/222201\\\/#primaryimage\"},\"image\":{\"@id\":\"https:\\\/\\\/www.webdo.tn\\\/fr\\\/actualite\\\/national\\\/tunisie-le-ministre-de-l-economie-juge-insuffisant-le-taux-de-croissance\\\/222201\\\/#primaryimage\"},\"thumbnailUrl\":\"https:\\\/\\\/www.webdo.tn\\\/fr\\\/wp-content\\\/uploads\\\/2025\\\/05\\\/bc0e459963f0a9d2b205846e481eb6ef.webp\",\"datePublished\":\"2025-05-26T18:59:00+00:00\",\"description\":\"Le ministre de l\u2019\u00c9conomie Samir Abdelhafidh salue une croissance de 1,6 % au premier trimestre 2025, mais la juge encore \u00e9loign\u00e9e de l\u2019objectif de 3,2 % fix\u00e9 da...\",\"breadcrumb\":{\"@id\":\"https:\\\/\\\/www.webdo.tn\\\/fr\\\/actualite\\\/national\\\/tunisie-le-ministre-de-l-economie-juge-insuffisant-le-taux-de-croissance\\\/222201\\\/#breadcrumb\"},\"inLanguage\":\"fr-FR\",\"potentialAction\":[{\"@type\":\"ReadAction\",\"target\":[\"https:\\\/\\\/www.webdo.tn\\\/fr\\\/actualite\\\/national\\\/tunisie-le-ministre-de-l-economie-juge-insuffisant-le-taux-de-croissance\\\/222201\\\/\"]}]},{\"@type\":\"ImageObject\",\"inLanguage\":\"fr-FR\",\"@id\":\"https:\\\/\\\/www.webdo.tn\\\/fr\\\/actualite\\\/national\\\/tunisie-le-ministre-de-l-economie-juge-insuffisant-le-taux-de-croissance\\\/222201\\\/#primaryimage\",\"url\":\"https:\\\/\\\/www.webdo.tn\\\/fr\\\/wp-content\\\/uploads\\\/2025\\\/05\\\/bc0e459963f0a9d2b205846e481eb6ef.webp\",\"contentUrl\":\"https:\\\/\\\/www.webdo.tn\\\/fr\\\/wp-content\\\/uploads\\\/2025\\\/05\\\/bc0e459963f0a9d2b205846e481eb6ef.webp\",\"width\":750,\"height\":400,\"caption\":\"Tunisie : Le ministre de l\u2019Economie juge insuffisant le taux de croissance\"},{\"@type\":\"BreadcrumbList\",\"@id\":\"https:\\\/\\\/www.webdo.tn\\\/fr\\\/actualite\\\/national\\\/tunisie-le-ministre-de-l-economie-juge-insuffisant-le-taux-de-croissance\\\/222201\\\/#breadcrumb\",\"itemListElement\":[{\"@type\":\"ListItem\",\"position\":1,\"name\":\"Accueil\",\"item\":\"https:\\\/\\\/www.webdo.tn\\\/fr\\\/\"},{\"@type\":\"ListItem\",\"position\":2,\"name\":\"Tunisie : Le ministre de l\u2019Economie juge insuffisant le taux de croissance\"}]},{\"@type\":\"WebSite\",\"@id\":\"https:\\\/\\\/www.webdo.tn\\\/fr\\\/#website\",\"url\":\"https:\\\/\\\/www.webdo.tn\\\/fr\\\/\",\"name\":\"webdo\",\"description\":\"Tunisie - News en Tunisie et \u00e0 l&#039;international sur Webdo.tn\",\"publisher\":{\"@id\":\"https:\\\/\\\/www.webdo.tn\\\/fr\\\/#organization\"},\"potentialAction\":[{\"@type\":\"SearchAction\",\"target\":{\"@type\":\"EntryPoint\",\"urlTemplate\":\"https:\\\/\\\/www.webdo.tn\\\/fr\\\/?s={search_term_string}\"},\"query-input\":{\"@type\":\"PropertyValueSpecification\",\"valueRequired\":true,\"valueName\":\"search_term_string\"}}],\"inLanguage\":\"fr-FR\"},{\"@type\":\"Organization\",\"@id\":\"https:\\\/\\\/www.webdo.tn\\\/fr\\\/#organization\",\"name\":\"Webdo\",\"alternateName\":\"Webdo.tn\",\"url\":\"https:\\\/\\\/www.webdo.tn\\\/fr\\\/\",\"logo\":{\"@type\":\"ImageObject\",\"inLanguage\":\"fr-FR\",\"@id\":\"https:\\\/\\\/www.webdo.tn\\\/fr\\\/#\\\/schema\\\/logo\\\/image\\\/\",\"url\":\"https:\\\/\\\/www.webdo.tn\\\/fr\\\/wp-content\\\/uploads\\\/2025\\\/06\\\/Webdo-Tunisie_168377.jpg\",\"contentUrl\":\"https:\\\/\\\/www.webdo.tn\\\/fr\\\/wp-content\\\/uploads\\\/2025\\\/06\\\/Webdo-Tunisie_168377.jpg\",\"width\":301,\"height\":301,\"caption\":\"Webdo\"},\"image\":{\"@id\":\"https:\\\/\\\/www.webdo.tn\\\/fr\\\/#\\\/schema\\\/logo\\\/image\\\/\"},\"sameAs\":[\"https:\\\/\\\/www.facebook.com\\\/webdotn\",\"https:\\\/\\\/x.com\\\/webdo_tn\"],\"description\":\"Webdo est un m\u00e9dia num\u00e9rique tunisien fond\u00e9 en 2010, sp\u00e9cialis\u00e9 dans l\u2019actualit\u00e9 nationale et internationale, l\u2019\u00e9conomie, la soci\u00e9t\u00e9 et les analyses politiques. Le site s\u2019adresse \u00e0 un large public francophone et couvre l\u2019information tunisienne en temps r\u00e9el.\",\"email\":\"redac@webdo.tn\",\"legalName\":\"YNJ SARL\",\"foundingDate\":\"2010-09-06\",\"numberOfEmployees\":{\"@type\":\"QuantitativeValue\",\"minValue\":\"11\",\"maxValue\":\"50\"}},{\"@type\":\"Person\",\"@id\":\"https:\\\/\\\/www.webdo.tn\\\/fr\\\/#\\\/schema\\\/person\\\/2c4929cbf5a809e3bd38617c6ce150f6\",\"name\":\"MC\",\"image\":{\"@type\":\"ImageObject\",\"inLanguage\":\"fr-FR\",\"@id\":\"https:\\\/\\\/secure.gravatar.com\\\/avatar\\\/a545bbb6f84efdd5553dbbc2895e3ca8f1d12c5215e00a041c9670b54aa9b18a?s=96&d=mm&r=g\",\"url\":\"https:\\\/\\\/secure.gravatar.com\\\/avatar\\\/a545bbb6f84efdd5553dbbc2895e3ca8f1d12c5215e00a041c9670b54aa9b18a?s=96&d=mm&r=g\",\"contentUrl\":\"https:\\\/\\\/secure.gravatar.com\\\/avatar\\\/a545bbb6f84efdd5553dbbc2895e3ca8f1d12c5215e00a041c9670b54aa9b18a?s=96&d=mm&r=g\",\"caption\":\"MC\"},\"url\":\"https:\\\/\\\/www.webdo.tn\\\/fr\\\/actualite\\\/author\\\/mc\\\/\"}]}<\/script>\n<!-- \/ Yoast SEO Premium plugin. -->","yoast_head_json":{"title":"Tunisie : Le ministre de l\u2019Economie juge insuffisant le taux de croissance","description":"Le ministre de l\u2019\u00c9conomie Samir Abdelhafidh salue une croissance de 1,6 % au premier trimestre 2025, mais la juge encore \u00e9loign\u00e9e de l\u2019objectif de 3,2 % fix\u00e9 da...","canonical":"https:\/\/www.webdo.tn\/fr\/actualite\/national\/tunisie-le-ministre-de-l-economie-juge-insuffisant-le-taux-de-croissance\/222201\/","og_locale":"fr_FR","og_type":"article","og_title":"Tunisie : Le ministre de l\u2019Economie juge insuffisant le taux de croissance","og_description":"Le ministre de l\u2019\u00c9conomie Samir Abdelhafidh salue une croissance de 1,6 % au premier trimestre 2025, mais la juge encore \u00e9loign\u00e9e de l\u2019objectif de 3,2 % fix\u00e9 da...","og_url":"https:\/\/www.webdo.tn\/fr\/actualite\/national\/tunisie-le-ministre-de-l-economie-juge-insuffisant-le-taux-de-croissance\/222201\/","og_site_name":"webdo","article_publisher":"https:\/\/www.facebook.com\/webdotn","article_published_time":"2025-05-26T18:59:00+00:00","og_image":[{"width":750,"height":400,"url":"https:\/\/www.webdo.tn\/fr\/wp-content\/uploads\/2025\/05\/bc0e459963f0a9d2b205846e481eb6ef.webp","type":"image\/webp"}],"author":"MC","twitter_card":"summary_large_image","twitter_creator":"@webdo_tn","twitter_site":"@webdo_tn","twitter_misc":{"\u00c9crit par":"MC","Dur\u00e9e de lecture estim\u00e9e":"1 minute"},"schema":{"@context":"https:\/\/schema.org","@graph":[{"@type":"NewsArticle","@id":"https:\/\/www.webdo.tn\/fr\/actualite\/national\/tunisie-le-ministre-de-l-economie-juge-insuffisant-le-taux-de-croissance\/222201\/#article","isPartOf":{"@id":"https:\/\/www.webdo.tn\/fr\/actualite\/national\/tunisie-le-ministre-de-l-economie-juge-insuffisant-le-taux-de-croissance\/222201\/"},"author":{"name":"MC","@id":"https:\/\/www.webdo.tn\/fr\/#\/schema\/person\/2c4929cbf5a809e3bd38617c6ce150f6"},"headline":"Tunisie : Le ministre de l\u2019Economie juge insuffisant le taux de croissance","datePublished":"2025-05-26T18:59:00+00:00","mainEntityOfPage":{"@id":"https:\/\/www.webdo.tn\/fr\/actualite\/national\/tunisie-le-ministre-de-l-economie-juge-insuffisant-le-taux-de-croissance\/222201\/"},"wordCount":224,"commentCount":0,"publisher":{"@id":"https:\/\/www.webdo.tn\/fr\/#organization"},"image":{"@id":"https:\/\/www.webdo.tn\/fr\/actualite\/national\/tunisie-le-ministre-de-l-economie-juge-insuffisant-le-taux-de-croissance\/222201\/#primaryimage"},"thumbnailUrl":"https:\/\/www.webdo.tn\/fr\/wp-content\/uploads\/2025\/05\/bc0e459963f0a9d2b205846e481eb6ef.webp","keywords":["\u00e9conomie","taux de croissance","Tunisie"],"articleSection":["National"],"inLanguage":"fr-FR"},{"@type":"WebPage","@id":"https:\/\/www.webdo.tn\/fr\/actualite\/national\/tunisie-le-ministre-de-l-economie-juge-insuffisant-le-taux-de-croissance\/222201\/","url":"https:\/\/www.webdo.tn\/fr\/actualite\/national\/tunisie-le-ministre-de-l-economie-juge-insuffisant-le-taux-de-croissance\/222201\/","name":"Tunisie : Le ministre de l\u2019Economie juge insuffisant le taux de croissance","isPartOf":{"@id":"https:\/\/www.webdo.tn\/fr\/#website"},"primaryImageOfPage":{"@id":"https:\/\/www.webdo.tn\/fr\/actualite\/national\/tunisie-le-ministre-de-l-economie-juge-insuffisant-le-taux-de-croissance\/222201\/#primaryimage"},"image":{"@id":"https:\/\/www.webdo.tn\/fr\/actualite\/national\/tunisie-le-ministre-de-l-economie-juge-insuffisant-le-taux-de-croissance\/222201\/#primaryimage"},"thumbnailUrl":"https:\/\/www.webdo.tn\/fr\/wp-content\/uploads\/2025\/05\/bc0e459963f0a9d2b205846e481eb6ef.webp","datePublished":"2025-05-26T18:59:00+00:00","description":"Le ministre de l\u2019\u00c9conomie Samir Abdelhafidh salue une croissance de 1,6 % au premier trimestre 2025, mais la juge encore \u00e9loign\u00e9e de l\u2019objectif de 3,2 % fix\u00e9 da...","breadcrumb":{"@id":"https:\/\/www.webdo.tn\/fr\/actualite\/national\/tunisie-le-ministre-de-l-economie-juge-insuffisant-le-taux-de-croissance\/222201\/#breadcrumb"},"inLanguage":"fr-FR","potentialAction":[{"@type":"ReadAction","target":["https:\/\/www.webdo.tn\/fr\/actualite\/national\/tunisie-le-ministre-de-l-economie-juge-insuffisant-le-taux-de-croissance\/222201\/"]}]},{"@type":"ImageObject","inLanguage":"fr-FR","@id":"https:\/\/www.webdo.tn\/fr\/actualite\/national\/tunisie-le-ministre-de-l-economie-juge-insuffisant-le-taux-de-croissance\/222201\/#primaryimage","url":"https:\/\/www.webdo.tn\/fr\/wp-content\/uploads\/2025\/05\/bc0e459963f0a9d2b205846e481eb6ef.webp","contentUrl":"https:\/\/www.webdo.tn\/fr\/wp-content\/uploads\/2025\/05\/bc0e459963f0a9d2b205846e481eb6ef.webp","width":750,"height":400,"caption":"Tunisie : Le ministre de l\u2019Economie juge insuffisant le taux de croissance"},{"@type":"BreadcrumbList","@id":"https:\/\/www.webdo.tn\/fr\/actualite\/national\/tunisie-le-ministre-de-l-economie-juge-insuffisant-le-taux-de-croissance\/222201\/#breadcrumb","itemListElement":[{"@type":"ListItem","position":1,"name":"Accueil","item":"https:\/\/www.webdo.tn\/fr\/"},{"@type":"ListItem","position":2,"name":"Tunisie : Le ministre de l\u2019Economie juge insuffisant le taux de croissance"}]},{"@type":"WebSite","@id":"https:\/\/www.webdo.tn\/fr\/#website","url":"https:\/\/www.webdo.tn\/fr\/","name":"webdo","description":"Tunisie - News en Tunisie et \u00e0 l&#039;international sur Webdo.tn","publisher":{"@id":"https:\/\/www.webdo.tn\/fr\/#organization"},"potentialAction":[{"@type":"SearchAction","target":{"@type":"EntryPoint","urlTemplate":"https:\/\/www.webdo.tn\/fr\/?s={search_term_string}"},"query-input":{"@type":"PropertyValueSpecification","valueRequired":true,"valueName":"search_term_string"}}],"inLanguage":"fr-FR"},{"@type":"Organization","@id":"https:\/\/www.webdo.tn\/fr\/#organization","name":"Webdo","alternateName":"Webdo.tn","url":"https:\/\/www.webdo.tn\/fr\/","logo":{"@type":"ImageObject","inLanguage":"fr-FR","@id":"https:\/\/www.webdo.tn\/fr\/#\/schema\/logo\/image\/","url":"https:\/\/www.webdo.tn\/fr\/wp-content\/uploads\/2025\/06\/Webdo-Tunisie_168377.jpg","contentUrl":"https:\/\/www.webdo.tn\/fr\/wp-content\/uploads\/2025\/06\/Webdo-Tunisie_168377.jpg","width":301,"height":301,"caption":"Webdo"},"image":{"@id":"https:\/\/www.webdo.tn\/fr\/#\/schema\/logo\/image\/"},"sameAs":["https:\/\/www.facebook.com\/webdotn","https:\/\/x.com\/webdo_tn"],"description":"Webdo est un m\u00e9dia num\u00e9rique tunisien fond\u00e9 en 2010, sp\u00e9cialis\u00e9 dans l\u2019actualit\u00e9 nationale et internationale, l\u2019\u00e9conomie, la soci\u00e9t\u00e9 et les analyses politiques. Le site s\u2019adresse \u00e0 un large public francophone et couvre l\u2019information tunisienne en temps r\u00e9el.","email":"redac@webdo.tn","legalName":"YNJ SARL","foundingDate":"2010-09-06","numberOfEmployees":{"@type":"QuantitativeValue","minValue":"11","maxValue":"50"}},{"@type":"Person","@id":"https:\/\/www.webdo.tn\/fr\/#\/schema\/person\/2c4929cbf5a809e3bd38617c6ce150f6","name":"MC","image":{"@type":"ImageObject","inLanguage":"fr-FR","@id":"https:\/\/secure.gravatar.com\/avatar\/a545bbb6f84efdd5553dbbc2895e3ca8f1d12c5215e00a041c9670b54aa9b18a?s=96&d=mm&r=g","url":"https:\/\/secure.gravatar.com\/avatar\/a545bbb6f84efdd5553dbbc2895e3ca8f1d12c5215e00a041c9670b54aa9b18a?s=96&d=mm&r=g","contentUrl":"https:\/\/secure.gravatar.com\/avatar\/a545bbb6f84efdd5553dbbc2895e3ca8f1d12c5215e00a041c9670b54aa9b18a?s=96&d=mm&r=g","caption":"MC"},"url":"https:\/\/www.webdo.tn\/fr\/actualite\/author\/mc\/"}]}},"_links":{"self":[{"href":"https:\/\/www.webdo.tn\/fr\/wp-json\/wp\/v2\/posts\/222201","targetHints":{"allow":["GET"]}}],"collection":[{"href":"https:\/\/www.webdo.tn\/fr\/wp-json\/wp\/v2\/posts"}],"about":[{"href":"https:\/\/www.webdo.tn\/fr\/wp-json\/wp\/v2\/types\/post"}],"author":[{"embeddable":true,"href":"https:\/\/www.webdo.tn\/fr\/wp-json\/wp\/v2\/users\/3162"}],"replies":[{"embeddable":true,"href":"https:\/\/www.webdo.tn\/fr\/wp-json\/wp\/v2\/comments?post=222201"}],"version-history":[{"count":0,"href":"https:\/\/www.webdo.tn\/fr\/wp-json\/wp\/v2\/posts\/222201\/revisions"}],"wp:featuredmedia":[{"embeddable":true,"href":"https:\/\/www.webdo.tn\/fr\/wp-json\/wp\/v2\/media\/366048"}],"wp:attachment":[{"href":"https:\/\/www.webdo.tn\/fr\/wp-json\/wp\/v2\/media?parent=222201"}],"wp:term":[{"taxonomy":"category","embeddable":true,"href":"https:\/\/www.webdo.tn\/fr\/wp-json\/wp\/v2\/categories?post=222201"},{"taxonomy":"post_tag","embeddable":true,"href":"https:\/\/www.webdo.tn\/fr\/wp-json\/wp\/v2\/tags?post=222201"}],"curies":[{"name":"wp","href":"https:\/\/api.w.org\/{rel}","templated":true}]}}