{"id":222194,"date":"2025-05-26T11:48:00","date_gmt":"2025-05-26T11:48:00","guid":{"rendered":"https:\/\/www.webdo.tn\/fr\/actualite\/blog\/tunisie-japon-un-nouveau-programme-pilote-pour-la-gestion-durable-des-dechets-lance-a-beja\/222194\/"},"modified":"2025-05-26T11:48:00","modified_gmt":"2025-05-26T11:48:00","slug":"tunisie-japon-un-nouveau-programme-pilote-pour-la-gestion-durable-des-dechets-lance-a-beja","status":"publish","type":"post","link":"https:\/\/www.webdo.tn\/fr\/actualite\/regions\/tunisie-japon-un-nouveau-programme-pilote-pour-la-gestion-durable-des-dechets-lance-a-beja\/222194\/","title":{"rendered":"Un programme pilote tuniso-japonais pour la gestion durable des d\u00e9chets lanc\u00e9 \u00e0 B\u00e9ja"},"content":{"rendered":"<p>Un nouveau programme de coop\u00e9ration environnementale tuniso-japonais a \u00e9t\u00e9 officiellement lanc\u00e9 ce lundi \u00e0 B\u00e9ja, avec pour objectif d\u2019am\u00e9liorer la gestion des d\u00e9chets dans cette r\u00e9gion du nord-ouest de la Tunisie.<\/p>\n<p> Annonc\u00e9 par l\u2019ambassade du Japon en Tunisie, ce projet s\u2019inscrit dans la continuit\u00e9 d\u2019initiatives similaires men\u00e9es pr\u00e9c\u00e9demment \u00e0 Sousse et \u00e0 Djerba. Il est mis en \u0153uvre en partenariat avec l\u2019Organisation des Nations unies pour le d\u00e9veloppement industriel (ONUDI) et l\u2019entreprise japonaise EX Research Institute.<\/p>\n<p>Ce troisi\u00e8me projet dans le secteur des d\u00e9chets s\u2019int\u00e8gre au M\u00e9canisme Conjoint d\u2019\u00e9change des Cr\u00e9dits carbone (MCC), sign\u00e9 lors de la Conf\u00e9rence internationale de Tokyo sur le d\u00e9veloppement de l\u2019Afrique (TICAD 8), organis\u00e9e \u00e0 Tunis en 2022. Il s\u2019agit du quatri\u00e8me projet soutenu par ce m\u00e9canisme bilat\u00e9ral, apr\u00e8s la mise en place de trois centrales photovolta\u00efques \u00e0 Sidi Bouzid et Tozeur, totalisant une capacit\u00e9 de 200 MW.<\/p>\n<p>Le programme repose sur la \u00ab\u00a0M\u00e9thode Fukuoka\u00a0\u00bb, une technologie japonaise innovante con\u00e7ue pour limiter les \u00e9missions de m\u00e9thane et r\u00e9duire la pollution des eaux lixivi\u00e9es issues des d\u00e9charges. Pour assurer la bonne application de cette m\u00e9thode, des ing\u00e9nieurs tunisiens de l\u2019Agence nationale de gestion des d\u00e9chets (ANGED) participent actuellement \u00e0 une formation sp\u00e9cialis\u00e9e dans la ville de Fukuoka, au sud-ouest du Japon.<\/p>\n<p>Avec cette nouvelle initiative \u00e0 B\u00e9ja, le Japon et la Tunisie renforcent leur coop\u00e9ration en mati\u00e8re d\u2019environnement et r\u00e9affirment leur volont\u00e9 commune de favoriser un mod\u00e8le de d\u00e9veloppement plus durable, plus propre et plus respectueux des ressources naturelles.<\/p>\n","protected":false},"excerpt":{"rendered":"<p>La Tunisie et le Japon lancent un nouveau projet \u00e0 B\u00e9ja pour une gestion durable des d\u00e9chets, bas\u00e9 sur la m\u00e9thode Fukuoka. Un partenariat soutenu par l\u2019ONUDI et&#8230;<\/p>\n","protected":false},"author":3162,"featured_media":366044,"comment_status":"open","ping_status":"closed","sticky":false,"template":"","format":"standard","meta":{"footnotes":""},"categories":[2595],"tags":[3170,11696,2961,2608],"class_list":["post-222194","post","type-post","status-publish","format-standard","has-post-thumbnail","hentry","category-regions","tag-beja","tag-gestion-des-dechets","tag-japon","tag-tunisie"],"yoast_head":"<!-- This site is optimized with the Yoast SEO Premium plugin v27.5 (Yoast SEO v27.5) - https:\/\/yoast.com\/product\/yoast-seo-premium-wordpress\/ -->\n<title>Un programme pilote tuniso-japonais pour la gestion durable des d\u00e9chets lanc\u00e9 \u00e0 B\u00e9ja<\/title>\n<meta name=\"description\" content=\"La Tunisie et le Japon lancent un nouveau projet \u00e0 B\u00e9ja pour une gestion durable des d\u00e9chets, bas\u00e9 sur la m\u00e9thode Fukuoka. Un partenariat soutenu par l\u2019ONUDI et...\" \/>\n<link rel=\"canonical\" href=\"https:\/\/www.webdo.tn\/fr\/actualite\/regions\/tunisie-japon-un-nouveau-programme-pilote-pour-la-gestion-durable-des-dechets-lance-a-beja\/222194\/\" \/>\n<meta property=\"og:locale\" content=\"fr_FR\" \/>\n<meta property=\"og:type\" content=\"article\" \/>\n<meta property=\"og:title\" content=\"Un programme pilote tuniso-japonais pour la gestion durable des d\u00e9chets lanc\u00e9 \u00e0 B\u00e9ja\" \/>\n<meta property=\"og:description\" content=\"La Tunisie et le Japon lancent un nouveau projet \u00e0 B\u00e9ja pour une gestion durable des d\u00e9chets, bas\u00e9 sur la m\u00e9thode Fukuoka. Un partenariat soutenu par l\u2019ONUDI et...\" \/>\n<meta property=\"og:url\" content=\"https:\/\/www.webdo.tn\/fr\/actualite\/regions\/tunisie-japon-un-nouveau-programme-pilote-pour-la-gestion-durable-des-dechets-lance-a-beja\/222194\/\" \/>\n<meta property=\"og:site_name\" content=\"webdo\" \/>\n<meta property=\"article:publisher\" content=\"https:\/\/www.facebook.com\/webdotn\" \/>\n<meta property=\"article:published_time\" content=\"2025-05-26T11:48:00+00:00\" \/>\n<meta property=\"og:image\" content=\"https:\/\/www.webdo.tn\/fr\/wp-content\/uploads\/2025\/05\/c7b984ffdfe498ab632fb702e6411fcc.webp\" \/>\n\t<meta property=\"og:image:width\" content=\"750\" \/>\n\t<meta property=\"og:image:height\" content=\"400\" \/>\n\t<meta property=\"og:image:type\" content=\"image\/webp\" \/>\n<meta name=\"author\" content=\"MC\" \/>\n<meta name=\"twitter:card\" content=\"summary_large_image\" \/>\n<meta name=\"twitter:creator\" content=\"@webdo_tn\" \/>\n<meta name=\"twitter:site\" content=\"@webdo_tn\" \/>\n<meta name=\"twitter:label1\" content=\"\u00c9crit par\" \/>\n\t<meta name=\"twitter:data1\" content=\"MC\" \/>\n\t<meta name=\"twitter:label2\" content=\"Dur\u00e9e de lecture estim\u00e9e\" \/>\n\t<meta name=\"twitter:data2\" content=\"1 minute\" \/>\n<script type=\"application\/ld+json\" class=\"yoast-schema-graph\">{\"@context\":\"https:\\\/\\\/schema.org\",\"@graph\":[{\"@type\":\"NewsArticle\",\"@id\":\"https:\\\/\\\/www.webdo.tn\\\/fr\\\/actualite\\\/regions\\\/tunisie-japon-un-nouveau-programme-pilote-pour-la-gestion-durable-des-dechets-lance-a-beja\\\/222194\\\/#article\",\"isPartOf\":{\"@id\":\"https:\\\/\\\/www.webdo.tn\\\/fr\\\/actualite\\\/regions\\\/tunisie-japon-un-nouveau-programme-pilote-pour-la-gestion-durable-des-dechets-lance-a-beja\\\/222194\\\/\"},\"author\":{\"name\":\"MC\",\"@id\":\"https:\\\/\\\/www.webdo.tn\\\/fr\\\/#\\\/schema\\\/person\\\/2c4929cbf5a809e3bd38617c6ce150f6\"},\"headline\":\"Un programme pilote tuniso-japonais pour la gestion durable des d\u00e9chets lanc\u00e9 \u00e0 B\u00e9ja\",\"datePublished\":\"2025-05-26T11:48:00+00:00\",\"mainEntityOfPage\":{\"@id\":\"https:\\\/\\\/www.webdo.tn\\\/fr\\\/actualite\\\/regions\\\/tunisie-japon-un-nouveau-programme-pilote-pour-la-gestion-durable-des-dechets-lance-a-beja\\\/222194\\\/\"},\"wordCount\":298,\"commentCount\":0,\"publisher\":{\"@id\":\"https:\\\/\\\/www.webdo.tn\\\/fr\\\/#organization\"},\"image\":{\"@id\":\"https:\\\/\\\/www.webdo.tn\\\/fr\\\/actualite\\\/regions\\\/tunisie-japon-un-nouveau-programme-pilote-pour-la-gestion-durable-des-dechets-lance-a-beja\\\/222194\\\/#primaryimage\"},\"thumbnailUrl\":\"https:\\\/\\\/www.webdo.tn\\\/fr\\\/wp-content\\\/uploads\\\/2025\\\/05\\\/c7b984ffdfe498ab632fb702e6411fcc.webp\",\"keywords\":[\"b\u00e9ja\",\"gestion des d\u00e9chets\",\"Japon\",\"Tunisie\"],\"articleSection\":[\"regions\"],\"inLanguage\":\"fr-FR\"},{\"@type\":\"WebPage\",\"@id\":\"https:\\\/\\\/www.webdo.tn\\\/fr\\\/actualite\\\/regions\\\/tunisie-japon-un-nouveau-programme-pilote-pour-la-gestion-durable-des-dechets-lance-a-beja\\\/222194\\\/\",\"url\":\"https:\\\/\\\/www.webdo.tn\\\/fr\\\/actualite\\\/regions\\\/tunisie-japon-un-nouveau-programme-pilote-pour-la-gestion-durable-des-dechets-lance-a-beja\\\/222194\\\/\",\"name\":\"Un programme pilote tuniso-japonais pour la gestion durable des d\u00e9chets lanc\u00e9 \u00e0 B\u00e9ja\",\"isPartOf\":{\"@id\":\"https:\\\/\\\/www.webdo.tn\\\/fr\\\/#website\"},\"primaryImageOfPage\":{\"@id\":\"https:\\\/\\\/www.webdo.tn\\\/fr\\\/actualite\\\/regions\\\/tunisie-japon-un-nouveau-programme-pilote-pour-la-gestion-durable-des-dechets-lance-a-beja\\\/222194\\\/#primaryimage\"},\"image\":{\"@id\":\"https:\\\/\\\/www.webdo.tn\\\/fr\\\/actualite\\\/regions\\\/tunisie-japon-un-nouveau-programme-pilote-pour-la-gestion-durable-des-dechets-lance-a-beja\\\/222194\\\/#primaryimage\"},\"thumbnailUrl\":\"https:\\\/\\\/www.webdo.tn\\\/fr\\\/wp-content\\\/uploads\\\/2025\\\/05\\\/c7b984ffdfe498ab632fb702e6411fcc.webp\",\"datePublished\":\"2025-05-26T11:48:00+00:00\",\"description\":\"La Tunisie et le Japon lancent un nouveau projet \u00e0 B\u00e9ja pour une gestion durable des d\u00e9chets, bas\u00e9 sur la m\u00e9thode Fukuoka. Un partenariat soutenu par l\u2019ONUDI et...\",\"breadcrumb\":{\"@id\":\"https:\\\/\\\/www.webdo.tn\\\/fr\\\/actualite\\\/regions\\\/tunisie-japon-un-nouveau-programme-pilote-pour-la-gestion-durable-des-dechets-lance-a-beja\\\/222194\\\/#breadcrumb\"},\"inLanguage\":\"fr-FR\",\"potentialAction\":[{\"@type\":\"ReadAction\",\"target\":[\"https:\\\/\\\/www.webdo.tn\\\/fr\\\/actualite\\\/regions\\\/tunisie-japon-un-nouveau-programme-pilote-pour-la-gestion-durable-des-dechets-lance-a-beja\\\/222194\\\/\"]}]},{\"@type\":\"ImageObject\",\"inLanguage\":\"fr-FR\",\"@id\":\"https:\\\/\\\/www.webdo.tn\\\/fr\\\/actualite\\\/regions\\\/tunisie-japon-un-nouveau-programme-pilote-pour-la-gestion-durable-des-dechets-lance-a-beja\\\/222194\\\/#primaryimage\",\"url\":\"https:\\\/\\\/www.webdo.tn\\\/fr\\\/wp-content\\\/uploads\\\/2025\\\/05\\\/c7b984ffdfe498ab632fb702e6411fcc.webp\",\"contentUrl\":\"https:\\\/\\\/www.webdo.tn\\\/fr\\\/wp-content\\\/uploads\\\/2025\\\/05\\\/c7b984ffdfe498ab632fb702e6411fcc.webp\",\"width\":750,\"height\":400,\"caption\":\"Un programme pilote tuniso-japonais pour la gestion durable des d\u00e9chets lanc\u00e9 \u00e0 B\u00e9ja\"},{\"@type\":\"BreadcrumbList\",\"@id\":\"https:\\\/\\\/www.webdo.tn\\\/fr\\\/actualite\\\/regions\\\/tunisie-japon-un-nouveau-programme-pilote-pour-la-gestion-durable-des-dechets-lance-a-beja\\\/222194\\\/#breadcrumb\",\"itemListElement\":[{\"@type\":\"ListItem\",\"position\":1,\"name\":\"Accueil\",\"item\":\"https:\\\/\\\/www.webdo.tn\\\/fr\\\/\"},{\"@type\":\"ListItem\",\"position\":2,\"name\":\"Un programme pilote tuniso-japonais pour la gestion durable des d\u00e9chets lanc\u00e9 \u00e0 B\u00e9ja\"}]},{\"@type\":\"WebSite\",\"@id\":\"https:\\\/\\\/www.webdo.tn\\\/fr\\\/#website\",\"url\":\"https:\\\/\\\/www.webdo.tn\\\/fr\\\/\",\"name\":\"webdo\",\"description\":\"Tunisie - News en Tunisie et \u00e0 l&#039;international sur Webdo.tn\",\"publisher\":{\"@id\":\"https:\\\/\\\/www.webdo.tn\\\/fr\\\/#organization\"},\"potentialAction\":[{\"@type\":\"SearchAction\",\"target\":{\"@type\":\"EntryPoint\",\"urlTemplate\":\"https:\\\/\\\/www.webdo.tn\\\/fr\\\/?s={search_term_string}\"},\"query-input\":{\"@type\":\"PropertyValueSpecification\",\"valueRequired\":true,\"valueName\":\"search_term_string\"}}],\"inLanguage\":\"fr-FR\"},{\"@type\":\"Organization\",\"@id\":\"https:\\\/\\\/www.webdo.tn\\\/fr\\\/#organization\",\"name\":\"Webdo\",\"alternateName\":\"Webdo.tn\",\"url\":\"https:\\\/\\\/www.webdo.tn\\\/fr\\\/\",\"logo\":{\"@type\":\"ImageObject\",\"inLanguage\":\"fr-FR\",\"@id\":\"https:\\\/\\\/www.webdo.tn\\\/fr\\\/#\\\/schema\\\/logo\\\/image\\\/\",\"url\":\"https:\\\/\\\/www.webdo.tn\\\/fr\\\/wp-content\\\/uploads\\\/2025\\\/06\\\/Webdo-Tunisie_168377.jpg\",\"contentUrl\":\"https:\\\/\\\/www.webdo.tn\\\/fr\\\/wp-content\\\/uploads\\\/2025\\\/06\\\/Webdo-Tunisie_168377.jpg\",\"width\":301,\"height\":301,\"caption\":\"Webdo\"},\"image\":{\"@id\":\"https:\\\/\\\/www.webdo.tn\\\/fr\\\/#\\\/schema\\\/logo\\\/image\\\/\"},\"sameAs\":[\"https:\\\/\\\/www.facebook.com\\\/webdotn\",\"https:\\\/\\\/x.com\\\/webdo_tn\"],\"description\":\"Webdo est un m\u00e9dia num\u00e9rique tunisien fond\u00e9 en 2010, sp\u00e9cialis\u00e9 dans l\u2019actualit\u00e9 nationale et internationale, l\u2019\u00e9conomie, la soci\u00e9t\u00e9 et les analyses politiques. Le site s\u2019adresse \u00e0 un large public francophone et couvre l\u2019information tunisienne en temps r\u00e9el.\",\"email\":\"redac@webdo.tn\",\"legalName\":\"YNJ SARL\",\"foundingDate\":\"2010-09-06\",\"numberOfEmployees\":{\"@type\":\"QuantitativeValue\",\"minValue\":\"11\",\"maxValue\":\"50\"}},{\"@type\":\"Person\",\"@id\":\"https:\\\/\\\/www.webdo.tn\\\/fr\\\/#\\\/schema\\\/person\\\/2c4929cbf5a809e3bd38617c6ce150f6\",\"name\":\"MC\",\"image\":{\"@type\":\"ImageObject\",\"inLanguage\":\"fr-FR\",\"@id\":\"https:\\\/\\\/secure.gravatar.com\\\/avatar\\\/a545bbb6f84efdd5553dbbc2895e3ca8f1d12c5215e00a041c9670b54aa9b18a?s=96&d=mm&r=g\",\"url\":\"https:\\\/\\\/secure.gravatar.com\\\/avatar\\\/a545bbb6f84efdd5553dbbc2895e3ca8f1d12c5215e00a041c9670b54aa9b18a?s=96&d=mm&r=g\",\"contentUrl\":\"https:\\\/\\\/secure.gravatar.com\\\/avatar\\\/a545bbb6f84efdd5553dbbc2895e3ca8f1d12c5215e00a041c9670b54aa9b18a?s=96&d=mm&r=g\",\"caption\":\"MC\"},\"url\":\"https:\\\/\\\/www.webdo.tn\\\/fr\\\/actualite\\\/author\\\/mc\\\/\"}]}<\/script>\n<!-- \/ Yoast SEO Premium plugin. -->","yoast_head_json":{"title":"Un programme pilote tuniso-japonais pour la gestion durable des d\u00e9chets lanc\u00e9 \u00e0 B\u00e9ja","description":"La Tunisie et le Japon lancent un nouveau projet \u00e0 B\u00e9ja pour une gestion durable des d\u00e9chets, bas\u00e9 sur la m\u00e9thode Fukuoka. Un partenariat soutenu par l\u2019ONUDI et...","canonical":"https:\/\/www.webdo.tn\/fr\/actualite\/regions\/tunisie-japon-un-nouveau-programme-pilote-pour-la-gestion-durable-des-dechets-lance-a-beja\/222194\/","og_locale":"fr_FR","og_type":"article","og_title":"Un programme pilote tuniso-japonais pour la gestion durable des d\u00e9chets lanc\u00e9 \u00e0 B\u00e9ja","og_description":"La Tunisie et le Japon lancent un nouveau projet \u00e0 B\u00e9ja pour une gestion durable des d\u00e9chets, bas\u00e9 sur la m\u00e9thode Fukuoka. Un partenariat soutenu par l\u2019ONUDI et...","og_url":"https:\/\/www.webdo.tn\/fr\/actualite\/regions\/tunisie-japon-un-nouveau-programme-pilote-pour-la-gestion-durable-des-dechets-lance-a-beja\/222194\/","og_site_name":"webdo","article_publisher":"https:\/\/www.facebook.com\/webdotn","article_published_time":"2025-05-26T11:48:00+00:00","og_image":[{"width":750,"height":400,"url":"https:\/\/www.webdo.tn\/fr\/wp-content\/uploads\/2025\/05\/c7b984ffdfe498ab632fb702e6411fcc.webp","type":"image\/webp"}],"author":"MC","twitter_card":"summary_large_image","twitter_creator":"@webdo_tn","twitter_site":"@webdo_tn","twitter_misc":{"\u00c9crit par":"MC","Dur\u00e9e de lecture estim\u00e9e":"1 minute"},"schema":{"@context":"https:\/\/schema.org","@graph":[{"@type":"NewsArticle","@id":"https:\/\/www.webdo.tn\/fr\/actualite\/regions\/tunisie-japon-un-nouveau-programme-pilote-pour-la-gestion-durable-des-dechets-lance-a-beja\/222194\/#article","isPartOf":{"@id":"https:\/\/www.webdo.tn\/fr\/actualite\/regions\/tunisie-japon-un-nouveau-programme-pilote-pour-la-gestion-durable-des-dechets-lance-a-beja\/222194\/"},"author":{"name":"MC","@id":"https:\/\/www.webdo.tn\/fr\/#\/schema\/person\/2c4929cbf5a809e3bd38617c6ce150f6"},"headline":"Un programme pilote tuniso-japonais pour la gestion durable des d\u00e9chets lanc\u00e9 \u00e0 B\u00e9ja","datePublished":"2025-05-26T11:48:00+00:00","mainEntityOfPage":{"@id":"https:\/\/www.webdo.tn\/fr\/actualite\/regions\/tunisie-japon-un-nouveau-programme-pilote-pour-la-gestion-durable-des-dechets-lance-a-beja\/222194\/"},"wordCount":298,"commentCount":0,"publisher":{"@id":"https:\/\/www.webdo.tn\/fr\/#organization"},"image":{"@id":"https:\/\/www.webdo.tn\/fr\/actualite\/regions\/tunisie-japon-un-nouveau-programme-pilote-pour-la-gestion-durable-des-dechets-lance-a-beja\/222194\/#primaryimage"},"thumbnailUrl":"https:\/\/www.webdo.tn\/fr\/wp-content\/uploads\/2025\/05\/c7b984ffdfe498ab632fb702e6411fcc.webp","keywords":["b\u00e9ja","gestion des d\u00e9chets","Japon","Tunisie"],"articleSection":["regions"],"inLanguage":"fr-FR"},{"@type":"WebPage","@id":"https:\/\/www.webdo.tn\/fr\/actualite\/regions\/tunisie-japon-un-nouveau-programme-pilote-pour-la-gestion-durable-des-dechets-lance-a-beja\/222194\/","url":"https:\/\/www.webdo.tn\/fr\/actualite\/regions\/tunisie-japon-un-nouveau-programme-pilote-pour-la-gestion-durable-des-dechets-lance-a-beja\/222194\/","name":"Un programme pilote tuniso-japonais pour la gestion durable des d\u00e9chets lanc\u00e9 \u00e0 B\u00e9ja","isPartOf":{"@id":"https:\/\/www.webdo.tn\/fr\/#website"},"primaryImageOfPage":{"@id":"https:\/\/www.webdo.tn\/fr\/actualite\/regions\/tunisie-japon-un-nouveau-programme-pilote-pour-la-gestion-durable-des-dechets-lance-a-beja\/222194\/#primaryimage"},"image":{"@id":"https:\/\/www.webdo.tn\/fr\/actualite\/regions\/tunisie-japon-un-nouveau-programme-pilote-pour-la-gestion-durable-des-dechets-lance-a-beja\/222194\/#primaryimage"},"thumbnailUrl":"https:\/\/www.webdo.tn\/fr\/wp-content\/uploads\/2025\/05\/c7b984ffdfe498ab632fb702e6411fcc.webp","datePublished":"2025-05-26T11:48:00+00:00","description":"La Tunisie et le Japon lancent un nouveau projet \u00e0 B\u00e9ja pour une gestion durable des d\u00e9chets, bas\u00e9 sur la m\u00e9thode Fukuoka. Un partenariat soutenu par l\u2019ONUDI et...","breadcrumb":{"@id":"https:\/\/www.webdo.tn\/fr\/actualite\/regions\/tunisie-japon-un-nouveau-programme-pilote-pour-la-gestion-durable-des-dechets-lance-a-beja\/222194\/#breadcrumb"},"inLanguage":"fr-FR","potentialAction":[{"@type":"ReadAction","target":["https:\/\/www.webdo.tn\/fr\/actualite\/regions\/tunisie-japon-un-nouveau-programme-pilote-pour-la-gestion-durable-des-dechets-lance-a-beja\/222194\/"]}]},{"@type":"ImageObject","inLanguage":"fr-FR","@id":"https:\/\/www.webdo.tn\/fr\/actualite\/regions\/tunisie-japon-un-nouveau-programme-pilote-pour-la-gestion-durable-des-dechets-lance-a-beja\/222194\/#primaryimage","url":"https:\/\/www.webdo.tn\/fr\/wp-content\/uploads\/2025\/05\/c7b984ffdfe498ab632fb702e6411fcc.webp","contentUrl":"https:\/\/www.webdo.tn\/fr\/wp-content\/uploads\/2025\/05\/c7b984ffdfe498ab632fb702e6411fcc.webp","width":750,"height":400,"caption":"Un programme pilote tuniso-japonais pour la gestion durable des d\u00e9chets lanc\u00e9 \u00e0 B\u00e9ja"},{"@type":"BreadcrumbList","@id":"https:\/\/www.webdo.tn\/fr\/actualite\/regions\/tunisie-japon-un-nouveau-programme-pilote-pour-la-gestion-durable-des-dechets-lance-a-beja\/222194\/#breadcrumb","itemListElement":[{"@type":"ListItem","position":1,"name":"Accueil","item":"https:\/\/www.webdo.tn\/fr\/"},{"@type":"ListItem","position":2,"name":"Un programme pilote tuniso-japonais pour la gestion durable des d\u00e9chets lanc\u00e9 \u00e0 B\u00e9ja"}]},{"@type":"WebSite","@id":"https:\/\/www.webdo.tn\/fr\/#website","url":"https:\/\/www.webdo.tn\/fr\/","name":"webdo","description":"Tunisie - News en Tunisie et \u00e0 l&#039;international sur Webdo.tn","publisher":{"@id":"https:\/\/www.webdo.tn\/fr\/#organization"},"potentialAction":[{"@type":"SearchAction","target":{"@type":"EntryPoint","urlTemplate":"https:\/\/www.webdo.tn\/fr\/?s={search_term_string}"},"query-input":{"@type":"PropertyValueSpecification","valueRequired":true,"valueName":"search_term_string"}}],"inLanguage":"fr-FR"},{"@type":"Organization","@id":"https:\/\/www.webdo.tn\/fr\/#organization","name":"Webdo","alternateName":"Webdo.tn","url":"https:\/\/www.webdo.tn\/fr\/","logo":{"@type":"ImageObject","inLanguage":"fr-FR","@id":"https:\/\/www.webdo.tn\/fr\/#\/schema\/logo\/image\/","url":"https:\/\/www.webdo.tn\/fr\/wp-content\/uploads\/2025\/06\/Webdo-Tunisie_168377.jpg","contentUrl":"https:\/\/www.webdo.tn\/fr\/wp-content\/uploads\/2025\/06\/Webdo-Tunisie_168377.jpg","width":301,"height":301,"caption":"Webdo"},"image":{"@id":"https:\/\/www.webdo.tn\/fr\/#\/schema\/logo\/image\/"},"sameAs":["https:\/\/www.facebook.com\/webdotn","https:\/\/x.com\/webdo_tn"],"description":"Webdo est un m\u00e9dia num\u00e9rique tunisien fond\u00e9 en 2010, sp\u00e9cialis\u00e9 dans l\u2019actualit\u00e9 nationale et internationale, l\u2019\u00e9conomie, la soci\u00e9t\u00e9 et les analyses politiques. Le site s\u2019adresse \u00e0 un large public francophone et couvre l\u2019information tunisienne en temps r\u00e9el.","email":"redac@webdo.tn","legalName":"YNJ SARL","foundingDate":"2010-09-06","numberOfEmployees":{"@type":"QuantitativeValue","minValue":"11","maxValue":"50"}},{"@type":"Person","@id":"https:\/\/www.webdo.tn\/fr\/#\/schema\/person\/2c4929cbf5a809e3bd38617c6ce150f6","name":"MC","image":{"@type":"ImageObject","inLanguage":"fr-FR","@id":"https:\/\/secure.gravatar.com\/avatar\/a545bbb6f84efdd5553dbbc2895e3ca8f1d12c5215e00a041c9670b54aa9b18a?s=96&d=mm&r=g","url":"https:\/\/secure.gravatar.com\/avatar\/a545bbb6f84efdd5553dbbc2895e3ca8f1d12c5215e00a041c9670b54aa9b18a?s=96&d=mm&r=g","contentUrl":"https:\/\/secure.gravatar.com\/avatar\/a545bbb6f84efdd5553dbbc2895e3ca8f1d12c5215e00a041c9670b54aa9b18a?s=96&d=mm&r=g","caption":"MC"},"url":"https:\/\/www.webdo.tn\/fr\/actualite\/author\/mc\/"}]}},"_links":{"self":[{"href":"https:\/\/www.webdo.tn\/fr\/wp-json\/wp\/v2\/posts\/222194","targetHints":{"allow":["GET"]}}],"collection":[{"href":"https:\/\/www.webdo.tn\/fr\/wp-json\/wp\/v2\/posts"}],"about":[{"href":"https:\/\/www.webdo.tn\/fr\/wp-json\/wp\/v2\/types\/post"}],"author":[{"embeddable":true,"href":"https:\/\/www.webdo.tn\/fr\/wp-json\/wp\/v2\/users\/3162"}],"replies":[{"embeddable":true,"href":"https:\/\/www.webdo.tn\/fr\/wp-json\/wp\/v2\/comments?post=222194"}],"version-history":[{"count":0,"href":"https:\/\/www.webdo.tn\/fr\/wp-json\/wp\/v2\/posts\/222194\/revisions"}],"wp:featuredmedia":[{"embeddable":true,"href":"https:\/\/www.webdo.tn\/fr\/wp-json\/wp\/v2\/media\/366044"}],"wp:attachment":[{"href":"https:\/\/www.webdo.tn\/fr\/wp-json\/wp\/v2\/media?parent=222194"}],"wp:term":[{"taxonomy":"category","embeddable":true,"href":"https:\/\/www.webdo.tn\/fr\/wp-json\/wp\/v2\/categories?post=222194"},{"taxonomy":"post_tag","embeddable":true,"href":"https:\/\/www.webdo.tn\/fr\/wp-json\/wp\/v2\/tags?post=222194"}],"curies":[{"name":"wp","href":"https:\/\/api.w.org\/{rel}","templated":true}]}}