{"id":222193,"date":"2025-05-26T10:26:00","date_gmt":"2025-05-26T10:26:00","guid":{"rendered":"https:\/\/www.webdo.tn\/fr\/actualite\/blog\/tunis-un-bus-de-la-transtu-prend-feu-au-centre-urbain-nord\/222193\/"},"modified":"2025-05-26T10:26:00","modified_gmt":"2025-05-26T10:26:00","slug":"tunis-un-bus-de-la-transtu-prend-feu-au-centre-urbain-nord","status":"publish","type":"post","link":"https:\/\/www.webdo.tn\/fr\/actualite\/regions\/tunis-un-bus-de-la-transtu-prend-feu-au-centre-urbain-nord\/222193\/","title":{"rendered":"Tunis : Un bus de la Transtu prend feu au Centre Urbain Nord"},"content":{"rendered":"<p>Un incendie s\u2019est d\u00e9clar\u00e9 ce lundi 26 mai 2025 \u00e0 8h40 dans un bus vide de la Soci\u00e9t\u00e9 des Transports de Tunis (Transtu), alors qu\u2019il circulait sur l\u2019Avenue de l\u2019Union du Maghreb Arabe, au Centre Urbain Nord, en direction du d\u00e9p\u00f4t de Charguia.<\/p>\n<p>Le v\u00e9hicule a \u00e9t\u00e9 enti\u00e8rement ravag\u00e9 par les flammes, sans faire de victime, a indiqu\u00e9 \u00e0 l\u2019agence TAP Moez Tria\u00e2, porte-parole de l\u2019Office national de la Protection civile.<\/p>\n<p>Selon la m\u00eame source, le trafic a \u00e9t\u00e9 temporairement perturb\u00e9 dans la zone en raison de l\u2019incident. Les pompiers sont intervenus rapidement, mobilisant un camion-citerne, une ambulance et un v\u00e9hicule de secours routier.<\/p>\n<p>Dans un communiqu\u00e9 publi\u00e9 peu apr\u00e8s les faits, la Transtu a pr\u00e9cis\u00e9 que le feu s\u2019est d\u00e9clench\u00e9 \u00e0 8h35 au niveau du moteur d\u2019un bus articul\u00e9 vide, alors qu\u2019il rejoignait le d\u00e9p\u00f4t. Le conducteur a tent\u00e9 de ma\u00eetriser les flammes \u00e0 l\u2019aide de l\u2019extincteur embarqu\u00e9, en vain. La vitesse de propagation de l\u2019incendie, notamment au niveau des pneus, a n\u00e9cessit\u00e9 l\u2019intervention des secours.<\/p>\n<p>Une enqu\u00eate a \u00e9t\u00e9 ouverte par la soci\u00e9t\u00e9 en pr\u00e9sence de sa commission sp\u00e9cialis\u00e9e afin de d\u00e9terminer les causes exactes de l\u2019incident. Les \u00e9quipes techniques de la Transtu ont \u00e9t\u00e9 d\u00e9p\u00each\u00e9es sur place pour \u00e9vacuer le bus endommag\u00e9 vers le d\u00e9p\u00f4t de Charguia.<\/p>\n","protected":false},"excerpt":{"rendered":"<p>Un bus de la Transtu a pris feu ce lundi 26 mai 2025 au Centre Urbain Nord de Tunis. L\u2019incendie n\u2019a fait aucun bless\u00e9, le v\u00e9hicule \u00e9tant vide. Les secours sont&#8230;<\/p>\n","protected":false},"author":3162,"featured_media":366043,"comment_status":"open","ping_status":"closed","sticky":false,"template":"","format":"standard","meta":{"footnotes":""},"categories":[2595],"tags":[3403,3089,4045,2640],"class_list":["post-222193","post","type-post","status-publish","format-standard","has-post-thumbnail","hentry","category-regions","tag-bus","tag-incendie","tag-transtu","tag-tunis"],"yoast_head":"<!-- This site is optimized with the Yoast SEO Premium plugin v27.4 (Yoast SEO v27.4) - https:\/\/yoast.com\/product\/yoast-seo-premium-wordpress\/ -->\n<title>Tunis : Un bus de la Transtu prend feu au Centre Urbain Nord<\/title>\n<meta name=\"description\" content=\"Un bus de la Transtu a pris feu ce lundi 26 mai 2025 au Centre Urbain Nord de Tunis. L\u2019incendie n\u2019a fait aucun bless\u00e9, le v\u00e9hicule \u00e9tant vide. Les secours sont...\" \/>\n<link rel=\"canonical\" href=\"https:\/\/www.webdo.tn\/fr\/actualite\/regions\/tunis-un-bus-de-la-transtu-prend-feu-au-centre-urbain-nord\/222193\/\" \/>\n<meta property=\"og:locale\" content=\"fr_FR\" \/>\n<meta property=\"og:type\" content=\"article\" \/>\n<meta property=\"og:title\" content=\"Tunis : Un bus de la Transtu prend feu au Centre Urbain Nord\" \/>\n<meta property=\"og:description\" content=\"Un bus de la Transtu a pris feu ce lundi 26 mai 2025 au Centre Urbain Nord de Tunis. L\u2019incendie n\u2019a fait aucun bless\u00e9, le v\u00e9hicule \u00e9tant vide. Les secours sont...\" \/>\n<meta property=\"og:url\" content=\"https:\/\/www.webdo.tn\/fr\/actualite\/regions\/tunis-un-bus-de-la-transtu-prend-feu-au-centre-urbain-nord\/222193\/\" \/>\n<meta property=\"og:site_name\" content=\"webdo\" \/>\n<meta property=\"article:publisher\" content=\"https:\/\/www.facebook.com\/webdotn\" \/>\n<meta property=\"article:published_time\" content=\"2025-05-26T10:26:00+00:00\" \/>\n<meta property=\"og:image\" content=\"https:\/\/www.webdo.tn\/fr\/wp-content\/uploads\/2025\/05\/1aea112cb7b678aa1fc2902a46de17d0.webp\" \/>\n\t<meta property=\"og:image:width\" content=\"750\" \/>\n\t<meta property=\"og:image:height\" content=\"400\" \/>\n\t<meta property=\"og:image:type\" content=\"image\/webp\" \/>\n<meta name=\"author\" content=\"MC\" \/>\n<meta name=\"twitter:card\" content=\"summary_large_image\" \/>\n<meta name=\"twitter:creator\" content=\"@webdo_tn\" \/>\n<meta name=\"twitter:site\" content=\"@webdo_tn\" \/>\n<meta name=\"twitter:label1\" content=\"\u00c9crit par\" \/>\n\t<meta name=\"twitter:data1\" content=\"MC\" \/>\n\t<meta name=\"twitter:label2\" content=\"Dur\u00e9e de lecture estim\u00e9e\" \/>\n\t<meta name=\"twitter:data2\" content=\"1 minute\" \/>\n<script type=\"application\/ld+json\" class=\"yoast-schema-graph\">{\"@context\":\"https:\\\/\\\/schema.org\",\"@graph\":[{\"@type\":\"NewsArticle\",\"@id\":\"https:\\\/\\\/www.webdo.tn\\\/fr\\\/actualite\\\/regions\\\/tunis-un-bus-de-la-transtu-prend-feu-au-centre-urbain-nord\\\/222193\\\/#article\",\"isPartOf\":{\"@id\":\"https:\\\/\\\/www.webdo.tn\\\/fr\\\/actualite\\\/regions\\\/tunis-un-bus-de-la-transtu-prend-feu-au-centre-urbain-nord\\\/222193\\\/\"},\"author\":{\"name\":\"MC\",\"@id\":\"https:\\\/\\\/www.webdo.tn\\\/fr\\\/#\\\/schema\\\/person\\\/2c4929cbf5a809e3bd38617c6ce150f6\"},\"headline\":\"Tunis : Un bus de la Transtu prend feu au Centre Urbain Nord\",\"datePublished\":\"2025-05-26T10:26:00+00:00\",\"mainEntityOfPage\":{\"@id\":\"https:\\\/\\\/www.webdo.tn\\\/fr\\\/actualite\\\/regions\\\/tunis-un-bus-de-la-transtu-prend-feu-au-centre-urbain-nord\\\/222193\\\/\"},\"wordCount\":257,\"commentCount\":0,\"publisher\":{\"@id\":\"https:\\\/\\\/www.webdo.tn\\\/fr\\\/#organization\"},\"image\":{\"@id\":\"https:\\\/\\\/www.webdo.tn\\\/fr\\\/actualite\\\/regions\\\/tunis-un-bus-de-la-transtu-prend-feu-au-centre-urbain-nord\\\/222193\\\/#primaryimage\"},\"thumbnailUrl\":\"https:\\\/\\\/www.webdo.tn\\\/fr\\\/wp-content\\\/uploads\\\/2025\\\/05\\\/1aea112cb7b678aa1fc2902a46de17d0.webp\",\"keywords\":[\"Bus\",\"incendie\",\"TRANSTU\",\"Tunis\"],\"articleSection\":[\"regions\"],\"inLanguage\":\"fr-FR\"},{\"@type\":\"WebPage\",\"@id\":\"https:\\\/\\\/www.webdo.tn\\\/fr\\\/actualite\\\/regions\\\/tunis-un-bus-de-la-transtu-prend-feu-au-centre-urbain-nord\\\/222193\\\/\",\"url\":\"https:\\\/\\\/www.webdo.tn\\\/fr\\\/actualite\\\/regions\\\/tunis-un-bus-de-la-transtu-prend-feu-au-centre-urbain-nord\\\/222193\\\/\",\"name\":\"Tunis : Un bus de la Transtu prend feu au Centre Urbain Nord\",\"isPartOf\":{\"@id\":\"https:\\\/\\\/www.webdo.tn\\\/fr\\\/#website\"},\"primaryImageOfPage\":{\"@id\":\"https:\\\/\\\/www.webdo.tn\\\/fr\\\/actualite\\\/regions\\\/tunis-un-bus-de-la-transtu-prend-feu-au-centre-urbain-nord\\\/222193\\\/#primaryimage\"},\"image\":{\"@id\":\"https:\\\/\\\/www.webdo.tn\\\/fr\\\/actualite\\\/regions\\\/tunis-un-bus-de-la-transtu-prend-feu-au-centre-urbain-nord\\\/222193\\\/#primaryimage\"},\"thumbnailUrl\":\"https:\\\/\\\/www.webdo.tn\\\/fr\\\/wp-content\\\/uploads\\\/2025\\\/05\\\/1aea112cb7b678aa1fc2902a46de17d0.webp\",\"datePublished\":\"2025-05-26T10:26:00+00:00\",\"description\":\"Un bus de la Transtu a pris feu ce lundi 26 mai 2025 au Centre Urbain Nord de Tunis. L\u2019incendie n\u2019a fait aucun bless\u00e9, le v\u00e9hicule \u00e9tant vide. Les secours sont...\",\"breadcrumb\":{\"@id\":\"https:\\\/\\\/www.webdo.tn\\\/fr\\\/actualite\\\/regions\\\/tunis-un-bus-de-la-transtu-prend-feu-au-centre-urbain-nord\\\/222193\\\/#breadcrumb\"},\"inLanguage\":\"fr-FR\",\"potentialAction\":[{\"@type\":\"ReadAction\",\"target\":[\"https:\\\/\\\/www.webdo.tn\\\/fr\\\/actualite\\\/regions\\\/tunis-un-bus-de-la-transtu-prend-feu-au-centre-urbain-nord\\\/222193\\\/\"]}]},{\"@type\":\"ImageObject\",\"inLanguage\":\"fr-FR\",\"@id\":\"https:\\\/\\\/www.webdo.tn\\\/fr\\\/actualite\\\/regions\\\/tunis-un-bus-de-la-transtu-prend-feu-au-centre-urbain-nord\\\/222193\\\/#primaryimage\",\"url\":\"https:\\\/\\\/www.webdo.tn\\\/fr\\\/wp-content\\\/uploads\\\/2025\\\/05\\\/1aea112cb7b678aa1fc2902a46de17d0.webp\",\"contentUrl\":\"https:\\\/\\\/www.webdo.tn\\\/fr\\\/wp-content\\\/uploads\\\/2025\\\/05\\\/1aea112cb7b678aa1fc2902a46de17d0.webp\",\"width\":750,\"height\":400,\"caption\":\"Tunis : Un bus de la Transtu prend feu au Centre Urbain Nord\"},{\"@type\":\"BreadcrumbList\",\"@id\":\"https:\\\/\\\/www.webdo.tn\\\/fr\\\/actualite\\\/regions\\\/tunis-un-bus-de-la-transtu-prend-feu-au-centre-urbain-nord\\\/222193\\\/#breadcrumb\",\"itemListElement\":[{\"@type\":\"ListItem\",\"position\":1,\"name\":\"Accueil\",\"item\":\"https:\\\/\\\/www.webdo.tn\\\/fr\\\/\"},{\"@type\":\"ListItem\",\"position\":2,\"name\":\"Tunis : Un bus de la Transtu prend feu au Centre Urbain Nord\"}]},{\"@type\":\"WebSite\",\"@id\":\"https:\\\/\\\/www.webdo.tn\\\/fr\\\/#website\",\"url\":\"https:\\\/\\\/www.webdo.tn\\\/fr\\\/\",\"name\":\"webdo\",\"description\":\"Tunisie - News en Tunisie et \u00e0 l&#039;international sur Webdo.tn\",\"publisher\":{\"@id\":\"https:\\\/\\\/www.webdo.tn\\\/fr\\\/#organization\"},\"potentialAction\":[{\"@type\":\"SearchAction\",\"target\":{\"@type\":\"EntryPoint\",\"urlTemplate\":\"https:\\\/\\\/www.webdo.tn\\\/fr\\\/?s={search_term_string}\"},\"query-input\":{\"@type\":\"PropertyValueSpecification\",\"valueRequired\":true,\"valueName\":\"search_term_string\"}}],\"inLanguage\":\"fr-FR\"},{\"@type\":\"Organization\",\"@id\":\"https:\\\/\\\/www.webdo.tn\\\/fr\\\/#organization\",\"name\":\"Webdo\",\"alternateName\":\"Webdo.tn\",\"url\":\"https:\\\/\\\/www.webdo.tn\\\/fr\\\/\",\"logo\":{\"@type\":\"ImageObject\",\"inLanguage\":\"fr-FR\",\"@id\":\"https:\\\/\\\/www.webdo.tn\\\/fr\\\/#\\\/schema\\\/logo\\\/image\\\/\",\"url\":\"https:\\\/\\\/www.webdo.tn\\\/fr\\\/wp-content\\\/uploads\\\/2025\\\/06\\\/Webdo-Tunisie_168377.jpg\",\"contentUrl\":\"https:\\\/\\\/www.webdo.tn\\\/fr\\\/wp-content\\\/uploads\\\/2025\\\/06\\\/Webdo-Tunisie_168377.jpg\",\"width\":301,\"height\":301,\"caption\":\"Webdo\"},\"image\":{\"@id\":\"https:\\\/\\\/www.webdo.tn\\\/fr\\\/#\\\/schema\\\/logo\\\/image\\\/\"},\"sameAs\":[\"https:\\\/\\\/www.facebook.com\\\/webdotn\",\"https:\\\/\\\/x.com\\\/webdo_tn\"],\"description\":\"Webdo est un m\u00e9dia num\u00e9rique tunisien fond\u00e9 en 2010, sp\u00e9cialis\u00e9 dans l\u2019actualit\u00e9 nationale et internationale, l\u2019\u00e9conomie, la soci\u00e9t\u00e9 et les analyses politiques. Le site s\u2019adresse \u00e0 un large public francophone et couvre l\u2019information tunisienne en temps r\u00e9el.\",\"email\":\"redac@webdo.tn\",\"legalName\":\"YNJ SARL\",\"foundingDate\":\"2010-09-06\",\"numberOfEmployees\":{\"@type\":\"QuantitativeValue\",\"minValue\":\"11\",\"maxValue\":\"50\"}},{\"@type\":\"Person\",\"@id\":\"https:\\\/\\\/www.webdo.tn\\\/fr\\\/#\\\/schema\\\/person\\\/2c4929cbf5a809e3bd38617c6ce150f6\",\"name\":\"MC\",\"image\":{\"@type\":\"ImageObject\",\"inLanguage\":\"fr-FR\",\"@id\":\"https:\\\/\\\/secure.gravatar.com\\\/avatar\\\/a545bbb6f84efdd5553dbbc2895e3ca8f1d12c5215e00a041c9670b54aa9b18a?s=96&d=mm&r=g\",\"url\":\"https:\\\/\\\/secure.gravatar.com\\\/avatar\\\/a545bbb6f84efdd5553dbbc2895e3ca8f1d12c5215e00a041c9670b54aa9b18a?s=96&d=mm&r=g\",\"contentUrl\":\"https:\\\/\\\/secure.gravatar.com\\\/avatar\\\/a545bbb6f84efdd5553dbbc2895e3ca8f1d12c5215e00a041c9670b54aa9b18a?s=96&d=mm&r=g\",\"caption\":\"MC\"},\"url\":\"https:\\\/\\\/www.webdo.tn\\\/fr\\\/actualite\\\/author\\\/mc\\\/\"}]}<\/script>\n<!-- \/ Yoast SEO Premium plugin. -->","yoast_head_json":{"title":"Tunis : Un bus de la Transtu prend feu au Centre Urbain Nord","description":"Un bus de la Transtu a pris feu ce lundi 26 mai 2025 au Centre Urbain Nord de Tunis. L\u2019incendie n\u2019a fait aucun bless\u00e9, le v\u00e9hicule \u00e9tant vide. Les secours sont...","canonical":"https:\/\/www.webdo.tn\/fr\/actualite\/regions\/tunis-un-bus-de-la-transtu-prend-feu-au-centre-urbain-nord\/222193\/","og_locale":"fr_FR","og_type":"article","og_title":"Tunis : Un bus de la Transtu prend feu au Centre Urbain Nord","og_description":"Un bus de la Transtu a pris feu ce lundi 26 mai 2025 au Centre Urbain Nord de Tunis. L\u2019incendie n\u2019a fait aucun bless\u00e9, le v\u00e9hicule \u00e9tant vide. Les secours sont...","og_url":"https:\/\/www.webdo.tn\/fr\/actualite\/regions\/tunis-un-bus-de-la-transtu-prend-feu-au-centre-urbain-nord\/222193\/","og_site_name":"webdo","article_publisher":"https:\/\/www.facebook.com\/webdotn","article_published_time":"2025-05-26T10:26:00+00:00","og_image":[{"width":750,"height":400,"url":"https:\/\/www.webdo.tn\/fr\/wp-content\/uploads\/2025\/05\/1aea112cb7b678aa1fc2902a46de17d0.webp","type":"image\/webp"}],"author":"MC","twitter_card":"summary_large_image","twitter_creator":"@webdo_tn","twitter_site":"@webdo_tn","twitter_misc":{"\u00c9crit par":"MC","Dur\u00e9e de lecture estim\u00e9e":"1 minute"},"schema":{"@context":"https:\/\/schema.org","@graph":[{"@type":"NewsArticle","@id":"https:\/\/www.webdo.tn\/fr\/actualite\/regions\/tunis-un-bus-de-la-transtu-prend-feu-au-centre-urbain-nord\/222193\/#article","isPartOf":{"@id":"https:\/\/www.webdo.tn\/fr\/actualite\/regions\/tunis-un-bus-de-la-transtu-prend-feu-au-centre-urbain-nord\/222193\/"},"author":{"name":"MC","@id":"https:\/\/www.webdo.tn\/fr\/#\/schema\/person\/2c4929cbf5a809e3bd38617c6ce150f6"},"headline":"Tunis : Un bus de la Transtu prend feu au Centre Urbain Nord","datePublished":"2025-05-26T10:26:00+00:00","mainEntityOfPage":{"@id":"https:\/\/www.webdo.tn\/fr\/actualite\/regions\/tunis-un-bus-de-la-transtu-prend-feu-au-centre-urbain-nord\/222193\/"},"wordCount":257,"commentCount":0,"publisher":{"@id":"https:\/\/www.webdo.tn\/fr\/#organization"},"image":{"@id":"https:\/\/www.webdo.tn\/fr\/actualite\/regions\/tunis-un-bus-de-la-transtu-prend-feu-au-centre-urbain-nord\/222193\/#primaryimage"},"thumbnailUrl":"https:\/\/www.webdo.tn\/fr\/wp-content\/uploads\/2025\/05\/1aea112cb7b678aa1fc2902a46de17d0.webp","keywords":["Bus","incendie","TRANSTU","Tunis"],"articleSection":["regions"],"inLanguage":"fr-FR"},{"@type":"WebPage","@id":"https:\/\/www.webdo.tn\/fr\/actualite\/regions\/tunis-un-bus-de-la-transtu-prend-feu-au-centre-urbain-nord\/222193\/","url":"https:\/\/www.webdo.tn\/fr\/actualite\/regions\/tunis-un-bus-de-la-transtu-prend-feu-au-centre-urbain-nord\/222193\/","name":"Tunis : Un bus de la Transtu prend feu au Centre Urbain Nord","isPartOf":{"@id":"https:\/\/www.webdo.tn\/fr\/#website"},"primaryImageOfPage":{"@id":"https:\/\/www.webdo.tn\/fr\/actualite\/regions\/tunis-un-bus-de-la-transtu-prend-feu-au-centre-urbain-nord\/222193\/#primaryimage"},"image":{"@id":"https:\/\/www.webdo.tn\/fr\/actualite\/regions\/tunis-un-bus-de-la-transtu-prend-feu-au-centre-urbain-nord\/222193\/#primaryimage"},"thumbnailUrl":"https:\/\/www.webdo.tn\/fr\/wp-content\/uploads\/2025\/05\/1aea112cb7b678aa1fc2902a46de17d0.webp","datePublished":"2025-05-26T10:26:00+00:00","description":"Un bus de la Transtu a pris feu ce lundi 26 mai 2025 au Centre Urbain Nord de Tunis. L\u2019incendie n\u2019a fait aucun bless\u00e9, le v\u00e9hicule \u00e9tant vide. Les secours sont...","breadcrumb":{"@id":"https:\/\/www.webdo.tn\/fr\/actualite\/regions\/tunis-un-bus-de-la-transtu-prend-feu-au-centre-urbain-nord\/222193\/#breadcrumb"},"inLanguage":"fr-FR","potentialAction":[{"@type":"ReadAction","target":["https:\/\/www.webdo.tn\/fr\/actualite\/regions\/tunis-un-bus-de-la-transtu-prend-feu-au-centre-urbain-nord\/222193\/"]}]},{"@type":"ImageObject","inLanguage":"fr-FR","@id":"https:\/\/www.webdo.tn\/fr\/actualite\/regions\/tunis-un-bus-de-la-transtu-prend-feu-au-centre-urbain-nord\/222193\/#primaryimage","url":"https:\/\/www.webdo.tn\/fr\/wp-content\/uploads\/2025\/05\/1aea112cb7b678aa1fc2902a46de17d0.webp","contentUrl":"https:\/\/www.webdo.tn\/fr\/wp-content\/uploads\/2025\/05\/1aea112cb7b678aa1fc2902a46de17d0.webp","width":750,"height":400,"caption":"Tunis : Un bus de la Transtu prend feu au Centre Urbain Nord"},{"@type":"BreadcrumbList","@id":"https:\/\/www.webdo.tn\/fr\/actualite\/regions\/tunis-un-bus-de-la-transtu-prend-feu-au-centre-urbain-nord\/222193\/#breadcrumb","itemListElement":[{"@type":"ListItem","position":1,"name":"Accueil","item":"https:\/\/www.webdo.tn\/fr\/"},{"@type":"ListItem","position":2,"name":"Tunis : Un bus de la Transtu prend feu au Centre Urbain Nord"}]},{"@type":"WebSite","@id":"https:\/\/www.webdo.tn\/fr\/#website","url":"https:\/\/www.webdo.tn\/fr\/","name":"webdo","description":"Tunisie - News en Tunisie et \u00e0 l&#039;international sur Webdo.tn","publisher":{"@id":"https:\/\/www.webdo.tn\/fr\/#organization"},"potentialAction":[{"@type":"SearchAction","target":{"@type":"EntryPoint","urlTemplate":"https:\/\/www.webdo.tn\/fr\/?s={search_term_string}"},"query-input":{"@type":"PropertyValueSpecification","valueRequired":true,"valueName":"search_term_string"}}],"inLanguage":"fr-FR"},{"@type":"Organization","@id":"https:\/\/www.webdo.tn\/fr\/#organization","name":"Webdo","alternateName":"Webdo.tn","url":"https:\/\/www.webdo.tn\/fr\/","logo":{"@type":"ImageObject","inLanguage":"fr-FR","@id":"https:\/\/www.webdo.tn\/fr\/#\/schema\/logo\/image\/","url":"https:\/\/www.webdo.tn\/fr\/wp-content\/uploads\/2025\/06\/Webdo-Tunisie_168377.jpg","contentUrl":"https:\/\/www.webdo.tn\/fr\/wp-content\/uploads\/2025\/06\/Webdo-Tunisie_168377.jpg","width":301,"height":301,"caption":"Webdo"},"image":{"@id":"https:\/\/www.webdo.tn\/fr\/#\/schema\/logo\/image\/"},"sameAs":["https:\/\/www.facebook.com\/webdotn","https:\/\/x.com\/webdo_tn"],"description":"Webdo est un m\u00e9dia num\u00e9rique tunisien fond\u00e9 en 2010, sp\u00e9cialis\u00e9 dans l\u2019actualit\u00e9 nationale et internationale, l\u2019\u00e9conomie, la soci\u00e9t\u00e9 et les analyses politiques. Le site s\u2019adresse \u00e0 un large public francophone et couvre l\u2019information tunisienne en temps r\u00e9el.","email":"redac@webdo.tn","legalName":"YNJ SARL","foundingDate":"2010-09-06","numberOfEmployees":{"@type":"QuantitativeValue","minValue":"11","maxValue":"50"}},{"@type":"Person","@id":"https:\/\/www.webdo.tn\/fr\/#\/schema\/person\/2c4929cbf5a809e3bd38617c6ce150f6","name":"MC","image":{"@type":"ImageObject","inLanguage":"fr-FR","@id":"https:\/\/secure.gravatar.com\/avatar\/a545bbb6f84efdd5553dbbc2895e3ca8f1d12c5215e00a041c9670b54aa9b18a?s=96&d=mm&r=g","url":"https:\/\/secure.gravatar.com\/avatar\/a545bbb6f84efdd5553dbbc2895e3ca8f1d12c5215e00a041c9670b54aa9b18a?s=96&d=mm&r=g","contentUrl":"https:\/\/secure.gravatar.com\/avatar\/a545bbb6f84efdd5553dbbc2895e3ca8f1d12c5215e00a041c9670b54aa9b18a?s=96&d=mm&r=g","caption":"MC"},"url":"https:\/\/www.webdo.tn\/fr\/actualite\/author\/mc\/"}]}},"_links":{"self":[{"href":"https:\/\/www.webdo.tn\/fr\/wp-json\/wp\/v2\/posts\/222193","targetHints":{"allow":["GET"]}}],"collection":[{"href":"https:\/\/www.webdo.tn\/fr\/wp-json\/wp\/v2\/posts"}],"about":[{"href":"https:\/\/www.webdo.tn\/fr\/wp-json\/wp\/v2\/types\/post"}],"author":[{"embeddable":true,"href":"https:\/\/www.webdo.tn\/fr\/wp-json\/wp\/v2\/users\/3162"}],"replies":[{"embeddable":true,"href":"https:\/\/www.webdo.tn\/fr\/wp-json\/wp\/v2\/comments?post=222193"}],"version-history":[{"count":0,"href":"https:\/\/www.webdo.tn\/fr\/wp-json\/wp\/v2\/posts\/222193\/revisions"}],"wp:featuredmedia":[{"embeddable":true,"href":"https:\/\/www.webdo.tn\/fr\/wp-json\/wp\/v2\/media\/366043"}],"wp:attachment":[{"href":"https:\/\/www.webdo.tn\/fr\/wp-json\/wp\/v2\/media?parent=222193"}],"wp:term":[{"taxonomy":"category","embeddable":true,"href":"https:\/\/www.webdo.tn\/fr\/wp-json\/wp\/v2\/categories?post=222193"},{"taxonomy":"post_tag","embeddable":true,"href":"https:\/\/www.webdo.tn\/fr\/wp-json\/wp\/v2\/tags?post=222193"}],"curies":[{"name":"wp","href":"https:\/\/api.w.org\/{rel}","templated":true}]}}