{"id":222191,"date":"2025-05-26T09:17:00","date_gmt":"2025-05-26T09:17:00","guid":{"rendered":"https:\/\/www.webdo.tn\/fr\/actualite\/blog\/mare-nostrum-2025-ahmed-jaouadi-brille-avec-deux-medailles-d-or\/222191\/"},"modified":"2025-06-04T21:58:06","modified_gmt":"2025-06-04T21:58:06","slug":"mare-nostrum-2025-ahmed-jaouadi-brille-avec-deux-medailles-d-or","status":"publish","type":"post","link":"https:\/\/www.webdo.tn\/fr\/actualite\/sport\/mare-nostrum-2025-ahmed-jaouadi-brille-avec-deux-medailles-d-or\/222191\/","title":{"rendered":"Mare Nostrum 2025 : Ahmed Jaouadi brille avec deux m\u00e9dailles d\u2019or"},"content":{"rendered":"<p>La natation tunisienne continue de briller sur la sc\u00e8ne internationale. Le champion Ahmed Jaouadi a confirm\u00e9 son statut en remportant une deuxi\u00e8me m\u00e9daille d\u2019or sur le 400 m\u00e8tres nage libre (NL), ce week-end lors de l&rsquo;\u00e9tape du Mare Nostrum Swim Tour \u00e0 Canet-en-Roussillon (France).<\/p>\n<p> Jaouadi s\u2019est impos\u00e9 avec autorit\u00e9 dans cette course de bassin olympique (50 m), signant un chrono de 3:46.60, devant une concurrence relev\u00e9e.<\/p>\n<p>Rami Rahmouni, jeune espoir de la natation tunisienne, s\u2019est \u00e9galement illustr\u00e9 dans cette m\u00eame \u00e9preuve, en d\u00e9crochant la m\u00e9daille de bronze gr\u00e2ce \u00e0 un temps de 3:50.85. Une performance prometteuse pour l\u2019avenir de ce nageur en pleine ascension.<\/p>\n<p>Cette victoire \u00e0 Canet-en-Roussillon marque un nouveau succ\u00e8s pour Ahmed Jaouadi, d\u00e9j\u00e0 vainqueur du 400 m NL lors de l\u2019\u00e9tape de Barcelone, disput\u00e9e jeudi dernier. \u00c0 cette occasion, il avait \u00e9galement remport\u00e9 la m\u00e9daille d\u2019argent sur le 800 m nage libre, avec un chrono de 7:46.37.<\/p>\n<p>Le Mare Nostrum Swim Tour, circuit prestigieux du calendrier international, permet aux meilleurs nageurs du monde de s\u2019affronter dans plusieurs \u00e9tapes en M\u00e9diterran\u00e9e. Les performances tunisiennes y confirment l\u2019excellente dynamique de la natation nationale, \u00e0 quelques mois des grands rendez-vous estivaux.<\/p>\n","protected":false},"excerpt":{"rendered":"<p>Le nageur tunisien Ahmed Jaouadi s\u2019est illustr\u00e9 au Mare Nostrum Swim Tour 2025 avec deux m\u00e9dailles d\u2019or sur 400 m NL. Rami Rahmouni d\u00e9croche le bronze \u00e0 Canet-e&#8230;<\/p>\n","protected":false},"author":3162,"featured_media":362940,"comment_status":"open","ping_status":"closed","sticky":false,"template":"","format":"standard","meta":{"footnotes":""},"categories":[2593],"tags":[10734,3253,11612,3252,2608],"class_list":["post-222191","post","type-post","status-publish","format-standard","has-post-thumbnail","hentry","category-sport","tag-rami-rahmouni","tag-ahmed-jaouadi","tag-mare-nostrum-2025","tag-natation","tag-tunisie"],"yoast_head":"<!-- This site is optimized with the Yoast SEO Premium plugin v27.4 (Yoast SEO v27.5) - https:\/\/yoast.com\/product\/yoast-seo-premium-wordpress\/ -->\n<title>Mare Nostrum 2025 : Ahmed Jaouadi brille avec deux m\u00e9dailles d\u2019or<\/title>\n<meta name=\"description\" content=\"Le nageur tunisien Ahmed Jaouadi s\u2019est illustr\u00e9 au Mare Nostrum Swim Tour 2025 avec deux m\u00e9dailles d\u2019or sur 400 m NL. Rami Rahmouni d\u00e9croche le bronze \u00e0 Canet-e...\" \/>\n<link rel=\"canonical\" href=\"https:\/\/www.webdo.tn\/fr\/actualite\/sport\/mare-nostrum-2025-ahmed-jaouadi-brille-avec-deux-medailles-d-or\/222191\/\" \/>\n<meta property=\"og:locale\" content=\"fr_FR\" \/>\n<meta property=\"og:type\" content=\"article\" \/>\n<meta property=\"og:title\" content=\"Mare Nostrum 2025 : Ahmed Jaouadi brille avec deux m\u00e9dailles d\u2019or\" \/>\n<meta property=\"og:description\" content=\"Le nageur tunisien Ahmed Jaouadi s\u2019est illustr\u00e9 au Mare Nostrum Swim Tour 2025 avec deux m\u00e9dailles d\u2019or sur 400 m NL. Rami Rahmouni d\u00e9croche le bronze \u00e0 Canet-e...\" \/>\n<meta property=\"og:url\" content=\"https:\/\/www.webdo.tn\/fr\/actualite\/sport\/mare-nostrum-2025-ahmed-jaouadi-brille-avec-deux-medailles-d-or\/222191\/\" \/>\n<meta property=\"og:site_name\" content=\"webdo\" \/>\n<meta property=\"article:publisher\" content=\"https:\/\/www.facebook.com\/webdotn\" \/>\n<meta property=\"article:published_time\" content=\"2025-05-26T09:17:00+00:00\" \/>\n<meta property=\"article:modified_time\" content=\"2025-06-04T21:58:06+00:00\" \/>\n<meta property=\"og:image\" content=\"https:\/\/www.webdo.tn\/fr\/wp-content\/uploads\/2025\/05\/1045455bbbdb677c2189b6cb05661d2e.webp\" \/>\n\t<meta property=\"og:image:width\" content=\"750\" \/>\n\t<meta property=\"og:image:height\" content=\"400\" \/>\n\t<meta property=\"og:image:type\" content=\"image\/webp\" \/>\n<meta name=\"author\" content=\"MC\" \/>\n<meta name=\"twitter:card\" content=\"summary_large_image\" \/>\n<meta name=\"twitter:creator\" content=\"@webdo_tn\" \/>\n<meta name=\"twitter:site\" content=\"@webdo_tn\" \/>\n<meta name=\"twitter:label1\" content=\"\u00c9crit par\" \/>\n\t<meta name=\"twitter:data1\" content=\"MC\" \/>\n\t<meta name=\"twitter:label2\" content=\"Dur\u00e9e de lecture estim\u00e9e\" \/>\n\t<meta name=\"twitter:data2\" content=\"1 minute\" \/>\n<script type=\"application\/ld+json\" class=\"yoast-schema-graph\">{\"@context\":\"https:\\\/\\\/schema.org\",\"@graph\":[{\"@type\":\"NewsArticle\",\"@id\":\"https:\\\/\\\/www.webdo.tn\\\/fr\\\/actualite\\\/sport\\\/mare-nostrum-2025-ahmed-jaouadi-brille-avec-deux-medailles-d-or\\\/222191\\\/#article\",\"isPartOf\":{\"@id\":\"https:\\\/\\\/www.webdo.tn\\\/fr\\\/actualite\\\/sport\\\/mare-nostrum-2025-ahmed-jaouadi-brille-avec-deux-medailles-d-or\\\/222191\\\/\"},\"author\":{\"name\":\"MC\",\"@id\":\"https:\\\/\\\/www.webdo.tn\\\/fr\\\/#\\\/schema\\\/person\\\/2c4929cbf5a809e3bd38617c6ce150f6\"},\"headline\":\"Mare Nostrum 2025 : Ahmed Jaouadi brille avec deux m\u00e9dailles d\u2019or\",\"datePublished\":\"2025-05-26T09:17:00+00:00\",\"dateModified\":\"2025-06-04T21:58:06+00:00\",\"mainEntityOfPage\":{\"@id\":\"https:\\\/\\\/www.webdo.tn\\\/fr\\\/actualite\\\/sport\\\/mare-nostrum-2025-ahmed-jaouadi-brille-avec-deux-medailles-d-or\\\/222191\\\/\"},\"wordCount\":214,\"commentCount\":0,\"publisher\":{\"@id\":\"https:\\\/\\\/www.webdo.tn\\\/fr\\\/#organization\"},\"image\":{\"@id\":\"https:\\\/\\\/www.webdo.tn\\\/fr\\\/actualite\\\/sport\\\/mare-nostrum-2025-ahmed-jaouadi-brille-avec-deux-medailles-d-or\\\/222191\\\/#primaryimage\"},\"thumbnailUrl\":\"https:\\\/\\\/www.webdo.tn\\\/fr\\\/wp-content\\\/uploads\\\/2025\\\/05\\\/1045455bbbdb677c2189b6cb05661d2e.webp\",\"keywords\":[\"'rami rahmouni'\",\"Ahmed Jaouadi\",\"Mare Nostrum 2025\",\"natation\",\"Tunisie\"],\"articleSection\":[\"Sport\"],\"inLanguage\":\"fr-FR\"},{\"@type\":\"WebPage\",\"@id\":\"https:\\\/\\\/www.webdo.tn\\\/fr\\\/actualite\\\/sport\\\/mare-nostrum-2025-ahmed-jaouadi-brille-avec-deux-medailles-d-or\\\/222191\\\/\",\"url\":\"https:\\\/\\\/www.webdo.tn\\\/fr\\\/actualite\\\/sport\\\/mare-nostrum-2025-ahmed-jaouadi-brille-avec-deux-medailles-d-or\\\/222191\\\/\",\"name\":\"Mare Nostrum 2025 : Ahmed Jaouadi brille avec deux m\u00e9dailles d\u2019or\",\"isPartOf\":{\"@id\":\"https:\\\/\\\/www.webdo.tn\\\/fr\\\/#website\"},\"primaryImageOfPage\":{\"@id\":\"https:\\\/\\\/www.webdo.tn\\\/fr\\\/actualite\\\/sport\\\/mare-nostrum-2025-ahmed-jaouadi-brille-avec-deux-medailles-d-or\\\/222191\\\/#primaryimage\"},\"image\":{\"@id\":\"https:\\\/\\\/www.webdo.tn\\\/fr\\\/actualite\\\/sport\\\/mare-nostrum-2025-ahmed-jaouadi-brille-avec-deux-medailles-d-or\\\/222191\\\/#primaryimage\"},\"thumbnailUrl\":\"https:\\\/\\\/www.webdo.tn\\\/fr\\\/wp-content\\\/uploads\\\/2025\\\/05\\\/1045455bbbdb677c2189b6cb05661d2e.webp\",\"datePublished\":\"2025-05-26T09:17:00+00:00\",\"dateModified\":\"2025-06-04T21:58:06+00:00\",\"description\":\"Le nageur tunisien Ahmed Jaouadi s\u2019est illustr\u00e9 au Mare Nostrum Swim Tour 2025 avec deux m\u00e9dailles d\u2019or sur 400 m NL. Rami Rahmouni d\u00e9croche le bronze \u00e0 Canet-e...\",\"breadcrumb\":{\"@id\":\"https:\\\/\\\/www.webdo.tn\\\/fr\\\/actualite\\\/sport\\\/mare-nostrum-2025-ahmed-jaouadi-brille-avec-deux-medailles-d-or\\\/222191\\\/#breadcrumb\"},\"inLanguage\":\"fr-FR\",\"potentialAction\":[{\"@type\":\"ReadAction\",\"target\":[\"https:\\\/\\\/www.webdo.tn\\\/fr\\\/actualite\\\/sport\\\/mare-nostrum-2025-ahmed-jaouadi-brille-avec-deux-medailles-d-or\\\/222191\\\/\"]}]},{\"@type\":\"ImageObject\",\"inLanguage\":\"fr-FR\",\"@id\":\"https:\\\/\\\/www.webdo.tn\\\/fr\\\/actualite\\\/sport\\\/mare-nostrum-2025-ahmed-jaouadi-brille-avec-deux-medailles-d-or\\\/222191\\\/#primaryimage\",\"url\":\"https:\\\/\\\/www.webdo.tn\\\/fr\\\/wp-content\\\/uploads\\\/2025\\\/05\\\/1045455bbbdb677c2189b6cb05661d2e.webp\",\"contentUrl\":\"https:\\\/\\\/www.webdo.tn\\\/fr\\\/wp-content\\\/uploads\\\/2025\\\/05\\\/1045455bbbdb677c2189b6cb05661d2e.webp\",\"width\":750,\"height\":400,\"caption\":\"Mare Nostrum 2025 : Ahmed Jaouadi brille avec deux m\u00e9dailles d\u2019or\"},{\"@type\":\"BreadcrumbList\",\"@id\":\"https:\\\/\\\/www.webdo.tn\\\/fr\\\/actualite\\\/sport\\\/mare-nostrum-2025-ahmed-jaouadi-brille-avec-deux-medailles-d-or\\\/222191\\\/#breadcrumb\",\"itemListElement\":[{\"@type\":\"ListItem\",\"position\":1,\"name\":\"Accueil\",\"item\":\"https:\\\/\\\/www.webdo.tn\\\/fr\\\/\"},{\"@type\":\"ListItem\",\"position\":2,\"name\":\"Mare Nostrum 2025 : Ahmed Jaouadi brille avec deux m\u00e9dailles d\u2019or\"}]},{\"@type\":\"WebSite\",\"@id\":\"https:\\\/\\\/www.webdo.tn\\\/fr\\\/#website\",\"url\":\"https:\\\/\\\/www.webdo.tn\\\/fr\\\/\",\"name\":\"webdo\",\"description\":\"Tunisie - News en Tunisie et \u00e0 l&#039;international sur Webdo.tn\",\"publisher\":{\"@id\":\"https:\\\/\\\/www.webdo.tn\\\/fr\\\/#organization\"},\"potentialAction\":[{\"@type\":\"SearchAction\",\"target\":{\"@type\":\"EntryPoint\",\"urlTemplate\":\"https:\\\/\\\/www.webdo.tn\\\/fr\\\/?s={search_term_string}\"},\"query-input\":{\"@type\":\"PropertyValueSpecification\",\"valueRequired\":true,\"valueName\":\"search_term_string\"}}],\"inLanguage\":\"fr-FR\"},{\"@type\":\"Organization\",\"@id\":\"https:\\\/\\\/www.webdo.tn\\\/fr\\\/#organization\",\"name\":\"Webdo\",\"alternateName\":\"Webdo.tn\",\"url\":\"https:\\\/\\\/www.webdo.tn\\\/fr\\\/\",\"logo\":{\"@type\":\"ImageObject\",\"inLanguage\":\"fr-FR\",\"@id\":\"https:\\\/\\\/www.webdo.tn\\\/fr\\\/#\\\/schema\\\/logo\\\/image\\\/\",\"url\":\"https:\\\/\\\/www.webdo.tn\\\/fr\\\/wp-content\\\/uploads\\\/2025\\\/06\\\/Webdo-Tunisie_168377.jpg\",\"contentUrl\":\"https:\\\/\\\/www.webdo.tn\\\/fr\\\/wp-content\\\/uploads\\\/2025\\\/06\\\/Webdo-Tunisie_168377.jpg\",\"width\":301,\"height\":301,\"caption\":\"Webdo\"},\"image\":{\"@id\":\"https:\\\/\\\/www.webdo.tn\\\/fr\\\/#\\\/schema\\\/logo\\\/image\\\/\"},\"sameAs\":[\"https:\\\/\\\/www.facebook.com\\\/webdotn\",\"https:\\\/\\\/x.com\\\/webdo_tn\"],\"description\":\"Webdo est un m\u00e9dia num\u00e9rique tunisien fond\u00e9 en 2010, sp\u00e9cialis\u00e9 dans l\u2019actualit\u00e9 nationale et internationale, l\u2019\u00e9conomie, la soci\u00e9t\u00e9 et les analyses politiques. Le site s\u2019adresse \u00e0 un large public francophone et couvre l\u2019information tunisienne en temps r\u00e9el.\",\"email\":\"redac@webdo.tn\",\"legalName\":\"YNJ SARL\",\"foundingDate\":\"2010-09-06\",\"numberOfEmployees\":{\"@type\":\"QuantitativeValue\",\"minValue\":\"11\",\"maxValue\":\"50\"}},{\"@type\":\"Person\",\"@id\":\"https:\\\/\\\/www.webdo.tn\\\/fr\\\/#\\\/schema\\\/person\\\/2c4929cbf5a809e3bd38617c6ce150f6\",\"name\":\"MC\",\"image\":{\"@type\":\"ImageObject\",\"inLanguage\":\"fr-FR\",\"@id\":\"https:\\\/\\\/secure.gravatar.com\\\/avatar\\\/a545bbb6f84efdd5553dbbc2895e3ca8f1d12c5215e00a041c9670b54aa9b18a?s=96&d=mm&r=g\",\"url\":\"https:\\\/\\\/secure.gravatar.com\\\/avatar\\\/a545bbb6f84efdd5553dbbc2895e3ca8f1d12c5215e00a041c9670b54aa9b18a?s=96&d=mm&r=g\",\"contentUrl\":\"https:\\\/\\\/secure.gravatar.com\\\/avatar\\\/a545bbb6f84efdd5553dbbc2895e3ca8f1d12c5215e00a041c9670b54aa9b18a?s=96&d=mm&r=g\",\"caption\":\"MC\"},\"url\":\"https:\\\/\\\/www.webdo.tn\\\/fr\\\/actualite\\\/author\\\/mc\\\/\"}]}<\/script>\n<!-- \/ Yoast SEO Premium plugin. -->","yoast_head_json":{"title":"Mare Nostrum 2025 : Ahmed Jaouadi brille avec deux m\u00e9dailles d\u2019or","description":"Le nageur tunisien Ahmed Jaouadi s\u2019est illustr\u00e9 au Mare Nostrum Swim Tour 2025 avec deux m\u00e9dailles d\u2019or sur 400 m NL. Rami Rahmouni d\u00e9croche le bronze \u00e0 Canet-e...","canonical":"https:\/\/www.webdo.tn\/fr\/actualite\/sport\/mare-nostrum-2025-ahmed-jaouadi-brille-avec-deux-medailles-d-or\/222191\/","og_locale":"fr_FR","og_type":"article","og_title":"Mare Nostrum 2025 : Ahmed Jaouadi brille avec deux m\u00e9dailles d\u2019or","og_description":"Le nageur tunisien Ahmed Jaouadi s\u2019est illustr\u00e9 au Mare Nostrum Swim Tour 2025 avec deux m\u00e9dailles d\u2019or sur 400 m NL. Rami Rahmouni d\u00e9croche le bronze \u00e0 Canet-e...","og_url":"https:\/\/www.webdo.tn\/fr\/actualite\/sport\/mare-nostrum-2025-ahmed-jaouadi-brille-avec-deux-medailles-d-or\/222191\/","og_site_name":"webdo","article_publisher":"https:\/\/www.facebook.com\/webdotn","article_published_time":"2025-05-26T09:17:00+00:00","article_modified_time":"2025-06-04T21:58:06+00:00","og_image":[{"width":750,"height":400,"url":"https:\/\/www.webdo.tn\/fr\/wp-content\/uploads\/2025\/05\/1045455bbbdb677c2189b6cb05661d2e.webp","type":"image\/webp"}],"author":"MC","twitter_card":"summary_large_image","twitter_creator":"@webdo_tn","twitter_site":"@webdo_tn","twitter_misc":{"\u00c9crit par":"MC","Dur\u00e9e de lecture estim\u00e9e":"1 minute"},"schema":{"@context":"https:\/\/schema.org","@graph":[{"@type":"NewsArticle","@id":"https:\/\/www.webdo.tn\/fr\/actualite\/sport\/mare-nostrum-2025-ahmed-jaouadi-brille-avec-deux-medailles-d-or\/222191\/#article","isPartOf":{"@id":"https:\/\/www.webdo.tn\/fr\/actualite\/sport\/mare-nostrum-2025-ahmed-jaouadi-brille-avec-deux-medailles-d-or\/222191\/"},"author":{"name":"MC","@id":"https:\/\/www.webdo.tn\/fr\/#\/schema\/person\/2c4929cbf5a809e3bd38617c6ce150f6"},"headline":"Mare Nostrum 2025 : Ahmed Jaouadi brille avec deux m\u00e9dailles d\u2019or","datePublished":"2025-05-26T09:17:00+00:00","dateModified":"2025-06-04T21:58:06+00:00","mainEntityOfPage":{"@id":"https:\/\/www.webdo.tn\/fr\/actualite\/sport\/mare-nostrum-2025-ahmed-jaouadi-brille-avec-deux-medailles-d-or\/222191\/"},"wordCount":214,"commentCount":0,"publisher":{"@id":"https:\/\/www.webdo.tn\/fr\/#organization"},"image":{"@id":"https:\/\/www.webdo.tn\/fr\/actualite\/sport\/mare-nostrum-2025-ahmed-jaouadi-brille-avec-deux-medailles-d-or\/222191\/#primaryimage"},"thumbnailUrl":"https:\/\/www.webdo.tn\/fr\/wp-content\/uploads\/2025\/05\/1045455bbbdb677c2189b6cb05661d2e.webp","keywords":["'rami rahmouni'","Ahmed Jaouadi","Mare Nostrum 2025","natation","Tunisie"],"articleSection":["Sport"],"inLanguage":"fr-FR"},{"@type":"WebPage","@id":"https:\/\/www.webdo.tn\/fr\/actualite\/sport\/mare-nostrum-2025-ahmed-jaouadi-brille-avec-deux-medailles-d-or\/222191\/","url":"https:\/\/www.webdo.tn\/fr\/actualite\/sport\/mare-nostrum-2025-ahmed-jaouadi-brille-avec-deux-medailles-d-or\/222191\/","name":"Mare Nostrum 2025 : Ahmed Jaouadi brille avec deux m\u00e9dailles d\u2019or","isPartOf":{"@id":"https:\/\/www.webdo.tn\/fr\/#website"},"primaryImageOfPage":{"@id":"https:\/\/www.webdo.tn\/fr\/actualite\/sport\/mare-nostrum-2025-ahmed-jaouadi-brille-avec-deux-medailles-d-or\/222191\/#primaryimage"},"image":{"@id":"https:\/\/www.webdo.tn\/fr\/actualite\/sport\/mare-nostrum-2025-ahmed-jaouadi-brille-avec-deux-medailles-d-or\/222191\/#primaryimage"},"thumbnailUrl":"https:\/\/www.webdo.tn\/fr\/wp-content\/uploads\/2025\/05\/1045455bbbdb677c2189b6cb05661d2e.webp","datePublished":"2025-05-26T09:17:00+00:00","dateModified":"2025-06-04T21:58:06+00:00","description":"Le nageur tunisien Ahmed Jaouadi s\u2019est illustr\u00e9 au Mare Nostrum Swim Tour 2025 avec deux m\u00e9dailles d\u2019or sur 400 m NL. Rami Rahmouni d\u00e9croche le bronze \u00e0 Canet-e...","breadcrumb":{"@id":"https:\/\/www.webdo.tn\/fr\/actualite\/sport\/mare-nostrum-2025-ahmed-jaouadi-brille-avec-deux-medailles-d-or\/222191\/#breadcrumb"},"inLanguage":"fr-FR","potentialAction":[{"@type":"ReadAction","target":["https:\/\/www.webdo.tn\/fr\/actualite\/sport\/mare-nostrum-2025-ahmed-jaouadi-brille-avec-deux-medailles-d-or\/222191\/"]}]},{"@type":"ImageObject","inLanguage":"fr-FR","@id":"https:\/\/www.webdo.tn\/fr\/actualite\/sport\/mare-nostrum-2025-ahmed-jaouadi-brille-avec-deux-medailles-d-or\/222191\/#primaryimage","url":"https:\/\/www.webdo.tn\/fr\/wp-content\/uploads\/2025\/05\/1045455bbbdb677c2189b6cb05661d2e.webp","contentUrl":"https:\/\/www.webdo.tn\/fr\/wp-content\/uploads\/2025\/05\/1045455bbbdb677c2189b6cb05661d2e.webp","width":750,"height":400,"caption":"Mare Nostrum 2025 : Ahmed Jaouadi brille avec deux m\u00e9dailles d\u2019or"},{"@type":"BreadcrumbList","@id":"https:\/\/www.webdo.tn\/fr\/actualite\/sport\/mare-nostrum-2025-ahmed-jaouadi-brille-avec-deux-medailles-d-or\/222191\/#breadcrumb","itemListElement":[{"@type":"ListItem","position":1,"name":"Accueil","item":"https:\/\/www.webdo.tn\/fr\/"},{"@type":"ListItem","position":2,"name":"Mare Nostrum 2025 : Ahmed Jaouadi brille avec deux m\u00e9dailles d\u2019or"}]},{"@type":"WebSite","@id":"https:\/\/www.webdo.tn\/fr\/#website","url":"https:\/\/www.webdo.tn\/fr\/","name":"webdo","description":"Tunisie - News en Tunisie et \u00e0 l&#039;international sur Webdo.tn","publisher":{"@id":"https:\/\/www.webdo.tn\/fr\/#organization"},"potentialAction":[{"@type":"SearchAction","target":{"@type":"EntryPoint","urlTemplate":"https:\/\/www.webdo.tn\/fr\/?s={search_term_string}"},"query-input":{"@type":"PropertyValueSpecification","valueRequired":true,"valueName":"search_term_string"}}],"inLanguage":"fr-FR"},{"@type":"Organization","@id":"https:\/\/www.webdo.tn\/fr\/#organization","name":"Webdo","alternateName":"Webdo.tn","url":"https:\/\/www.webdo.tn\/fr\/","logo":{"@type":"ImageObject","inLanguage":"fr-FR","@id":"https:\/\/www.webdo.tn\/fr\/#\/schema\/logo\/image\/","url":"https:\/\/www.webdo.tn\/fr\/wp-content\/uploads\/2025\/06\/Webdo-Tunisie_168377.jpg","contentUrl":"https:\/\/www.webdo.tn\/fr\/wp-content\/uploads\/2025\/06\/Webdo-Tunisie_168377.jpg","width":301,"height":301,"caption":"Webdo"},"image":{"@id":"https:\/\/www.webdo.tn\/fr\/#\/schema\/logo\/image\/"},"sameAs":["https:\/\/www.facebook.com\/webdotn","https:\/\/x.com\/webdo_tn"],"description":"Webdo est un m\u00e9dia num\u00e9rique tunisien fond\u00e9 en 2010, sp\u00e9cialis\u00e9 dans l\u2019actualit\u00e9 nationale et internationale, l\u2019\u00e9conomie, la soci\u00e9t\u00e9 et les analyses politiques. Le site s\u2019adresse \u00e0 un large public francophone et couvre l\u2019information tunisienne en temps r\u00e9el.","email":"redac@webdo.tn","legalName":"YNJ SARL","foundingDate":"2010-09-06","numberOfEmployees":{"@type":"QuantitativeValue","minValue":"11","maxValue":"50"}},{"@type":"Person","@id":"https:\/\/www.webdo.tn\/fr\/#\/schema\/person\/2c4929cbf5a809e3bd38617c6ce150f6","name":"MC","image":{"@type":"ImageObject","inLanguage":"fr-FR","@id":"https:\/\/secure.gravatar.com\/avatar\/a545bbb6f84efdd5553dbbc2895e3ca8f1d12c5215e00a041c9670b54aa9b18a?s=96&d=mm&r=g","url":"https:\/\/secure.gravatar.com\/avatar\/a545bbb6f84efdd5553dbbc2895e3ca8f1d12c5215e00a041c9670b54aa9b18a?s=96&d=mm&r=g","contentUrl":"https:\/\/secure.gravatar.com\/avatar\/a545bbb6f84efdd5553dbbc2895e3ca8f1d12c5215e00a041c9670b54aa9b18a?s=96&d=mm&r=g","caption":"MC"},"url":"https:\/\/www.webdo.tn\/fr\/actualite\/author\/mc\/"}]}},"_links":{"self":[{"href":"https:\/\/www.webdo.tn\/fr\/wp-json\/wp\/v2\/posts\/222191","targetHints":{"allow":["GET"]}}],"collection":[{"href":"https:\/\/www.webdo.tn\/fr\/wp-json\/wp\/v2\/posts"}],"about":[{"href":"https:\/\/www.webdo.tn\/fr\/wp-json\/wp\/v2\/types\/post"}],"author":[{"embeddable":true,"href":"https:\/\/www.webdo.tn\/fr\/wp-json\/wp\/v2\/users\/3162"}],"replies":[{"embeddable":true,"href":"https:\/\/www.webdo.tn\/fr\/wp-json\/wp\/v2\/comments?post=222191"}],"version-history":[{"count":0,"href":"https:\/\/www.webdo.tn\/fr\/wp-json\/wp\/v2\/posts\/222191\/revisions"}],"wp:featuredmedia":[{"embeddable":true,"href":"https:\/\/www.webdo.tn\/fr\/wp-json\/wp\/v2\/media\/362940"}],"wp:attachment":[{"href":"https:\/\/www.webdo.tn\/fr\/wp-json\/wp\/v2\/media?parent=222191"}],"wp:term":[{"taxonomy":"category","embeddable":true,"href":"https:\/\/www.webdo.tn\/fr\/wp-json\/wp\/v2\/categories?post=222191"},{"taxonomy":"post_tag","embeddable":true,"href":"https:\/\/www.webdo.tn\/fr\/wp-json\/wp\/v2\/tags?post=222191"}],"curies":[{"name":"wp","href":"https:\/\/api.w.org\/{rel}","templated":true}]}}