{"id":222190,"date":"2025-05-26T08:58:00","date_gmt":"2025-05-26T08:58:00","guid":{"rendered":"https:\/\/www.webdo.tn\/fr\/actualite\/blog\/coupe-arabe-2025-la-tunisie-avec-le-qatar-dans-un-groupe-a\/222190\/"},"modified":"2025-05-26T08:58:00","modified_gmt":"2025-05-26T08:58:00","slug":"coupe-arabe-2025-la-tunisie-avec-le-qatar-dans-un-groupe-a","status":"publish","type":"post","link":"https:\/\/www.webdo.tn\/fr\/actualite\/sport\/coupe-arabe-2025-la-tunisie-avec-le-qatar-dans-un-groupe-a\/222190\/","title":{"rendered":"Coupe arabe 2025 : La Tunisie avec le Qatar dans le Groupe A"},"content":{"rendered":"<p>Le tirage au sort de la 11e \u00e9dition de la Coupe arabe des nations, qui s\u2019est tenu ce dimanche pour l\u2019\u00e9dition Qatar 2025, a plac\u00e9 la Tunisie dans le Groupe A aux c\u00f4t\u00e9s du pays organisateur, le Qatar.<\/p>\n<p>Deux autres \u00e9quipes compl\u00e8teront ce groupe apr\u00e8s les matchs de qualification entre la Syrie et le Soudan du Sud, d\u2019une part, et la Palestine et la Libye, d\u2019autre part.<\/p>\n<p>Composition des groupes de la phase finale :<\/p>\n<p> Groupe A : Qatar, Tunisie, Syrie ou Soudan du Sud, Palestine ou Libye<br \/>\n Groupe B : Maroc, Arabie Saoudite, Oman ou Somalie, Y\u00e9men ou Comores<br \/>\n Groupe C : \u00c9gypte, Jordanie, \u00c9mirats arabes unis, Kowe\u00eft ou Mauritanie<br \/>\n Groupe D : Alg\u00e9rie, Irak, Bahre\u00efn ou Djibouti, Liban ou Soudan<\/p>\n<p>La comp\u00e9tition se d\u00e9roulera au Qatar du 1er au 18 d\u00e9cembre 2025. Il s\u2019agira de la deuxi\u00e8me \u00e9dition organis\u00e9e sous l\u2019\u00e9gide de la FIFA.<\/p>\n<p>Vainqueur historique de la premi\u00e8re \u00e9dition en 1963 au Liban, la Tunisie tentera de prendre sa revanche apr\u00e8s sa d\u00e9faite en finale de l\u2019\u00e9dition 2021 face \u00e0 l\u2019Alg\u00e9rie (0-2 apr\u00e8s prolongations), \u00e9galement disput\u00e9e au Qatar.<\/p>\n","protected":false},"excerpt":{"rendered":"<p>La Tunisie affrontera le Qatar, pays h\u00f4te, lors de la phase de groupes de la Coupe arabe 2025. Deux places restent \u00e0 pourvoir via les qualifications. Tour d\u2019hor&#8230;<\/p>\n","protected":false},"author":3162,"featured_media":366033,"comment_status":"open","ping_status":"closed","sticky":false,"template":"","format":"standard","meta":{"footnotes":""},"categories":[2593],"tags":[8157,2622,2623,2608],"class_list":["post-222190","post","type-post","status-publish","format-standard","has-post-thumbnail","hentry","category-sport","tag-coupe-arabe","tag-football","tag-selection-nationale","tag-tunisie"],"yoast_head":"<!-- This site is optimized with the Yoast SEO Premium plugin v27.4 (Yoast SEO v27.5) - https:\/\/yoast.com\/product\/yoast-seo-premium-wordpress\/ -->\n<title>Coupe arabe 2025 : La Tunisie avec le Qatar dans le Groupe A<\/title>\n<meta name=\"description\" content=\"La Tunisie affrontera le Qatar, pays h\u00f4te, lors de la phase de groupes de la Coupe arabe 2025. Deux places restent \u00e0 pourvoir via les qualifications. Tour d\u2019hor...\" \/>\n<link rel=\"canonical\" href=\"https:\/\/www.webdo.tn\/fr\/actualite\/sport\/coupe-arabe-2025-la-tunisie-avec-le-qatar-dans-un-groupe-a\/222190\/\" \/>\n<meta property=\"og:locale\" content=\"fr_FR\" \/>\n<meta property=\"og:type\" content=\"article\" \/>\n<meta property=\"og:title\" content=\"Coupe arabe 2025 : La Tunisie avec le Qatar dans le Groupe A\" \/>\n<meta property=\"og:description\" content=\"La Tunisie affrontera le Qatar, pays h\u00f4te, lors de la phase de groupes de la Coupe arabe 2025. Deux places restent \u00e0 pourvoir via les qualifications. Tour d\u2019hor...\" \/>\n<meta property=\"og:url\" content=\"https:\/\/www.webdo.tn\/fr\/actualite\/sport\/coupe-arabe-2025-la-tunisie-avec-le-qatar-dans-un-groupe-a\/222190\/\" \/>\n<meta property=\"og:site_name\" content=\"webdo\" \/>\n<meta property=\"article:publisher\" content=\"https:\/\/www.facebook.com\/webdotn\" \/>\n<meta property=\"article:published_time\" content=\"2025-05-26T08:58:00+00:00\" \/>\n<meta property=\"og:image\" content=\"https:\/\/www.webdo.tn\/fr\/wp-content\/uploads\/2025\/05\/19d90e5e557d6b1f1029cacdba56052e.webp\" \/>\n\t<meta property=\"og:image:width\" content=\"750\" \/>\n\t<meta property=\"og:image:height\" content=\"400\" \/>\n\t<meta property=\"og:image:type\" content=\"image\/webp\" \/>\n<meta name=\"author\" content=\"MC\" \/>\n<meta name=\"twitter:card\" content=\"summary_large_image\" \/>\n<meta name=\"twitter:creator\" content=\"@webdo_tn\" \/>\n<meta name=\"twitter:site\" content=\"@webdo_tn\" \/>\n<meta name=\"twitter:label1\" content=\"\u00c9crit par\" \/>\n\t<meta name=\"twitter:data1\" content=\"MC\" \/>\n\t<meta name=\"twitter:label2\" content=\"Dur\u00e9e de lecture estim\u00e9e\" \/>\n\t<meta name=\"twitter:data2\" content=\"1 minute\" \/>\n<script type=\"application\/ld+json\" class=\"yoast-schema-graph\">{\"@context\":\"https:\\\/\\\/schema.org\",\"@graph\":[{\"@type\":\"NewsArticle\",\"@id\":\"https:\\\/\\\/www.webdo.tn\\\/fr\\\/actualite\\\/sport\\\/coupe-arabe-2025-la-tunisie-avec-le-qatar-dans-un-groupe-a\\\/222190\\\/#article\",\"isPartOf\":{\"@id\":\"https:\\\/\\\/www.webdo.tn\\\/fr\\\/actualite\\\/sport\\\/coupe-arabe-2025-la-tunisie-avec-le-qatar-dans-un-groupe-a\\\/222190\\\/\"},\"author\":{\"name\":\"MC\",\"@id\":\"https:\\\/\\\/www.webdo.tn\\\/fr\\\/#\\\/schema\\\/person\\\/2c4929cbf5a809e3bd38617c6ce150f6\"},\"headline\":\"Coupe arabe 2025 : La Tunisie avec le Qatar dans le Groupe A\",\"datePublished\":\"2025-05-26T08:58:00+00:00\",\"mainEntityOfPage\":{\"@id\":\"https:\\\/\\\/www.webdo.tn\\\/fr\\\/actualite\\\/sport\\\/coupe-arabe-2025-la-tunisie-avec-le-qatar-dans-un-groupe-a\\\/222190\\\/\"},\"wordCount\":208,\"commentCount\":0,\"publisher\":{\"@id\":\"https:\\\/\\\/www.webdo.tn\\\/fr\\\/#organization\"},\"image\":{\"@id\":\"https:\\\/\\\/www.webdo.tn\\\/fr\\\/actualite\\\/sport\\\/coupe-arabe-2025-la-tunisie-avec-le-qatar-dans-un-groupe-a\\\/222190\\\/#primaryimage\"},\"thumbnailUrl\":\"https:\\\/\\\/www.webdo.tn\\\/fr\\\/wp-content\\\/uploads\\\/2025\\\/05\\\/19d90e5e557d6b1f1029cacdba56052e.webp\",\"keywords\":[\"Coupe Arabe\",\"football\",\"s\u00e9lection nationale\",\"Tunisie\"],\"articleSection\":[\"Sport\"],\"inLanguage\":\"fr-FR\"},{\"@type\":\"WebPage\",\"@id\":\"https:\\\/\\\/www.webdo.tn\\\/fr\\\/actualite\\\/sport\\\/coupe-arabe-2025-la-tunisie-avec-le-qatar-dans-un-groupe-a\\\/222190\\\/\",\"url\":\"https:\\\/\\\/www.webdo.tn\\\/fr\\\/actualite\\\/sport\\\/coupe-arabe-2025-la-tunisie-avec-le-qatar-dans-un-groupe-a\\\/222190\\\/\",\"name\":\"Coupe arabe 2025 : La Tunisie avec le Qatar dans le Groupe A\",\"isPartOf\":{\"@id\":\"https:\\\/\\\/www.webdo.tn\\\/fr\\\/#website\"},\"primaryImageOfPage\":{\"@id\":\"https:\\\/\\\/www.webdo.tn\\\/fr\\\/actualite\\\/sport\\\/coupe-arabe-2025-la-tunisie-avec-le-qatar-dans-un-groupe-a\\\/222190\\\/#primaryimage\"},\"image\":{\"@id\":\"https:\\\/\\\/www.webdo.tn\\\/fr\\\/actualite\\\/sport\\\/coupe-arabe-2025-la-tunisie-avec-le-qatar-dans-un-groupe-a\\\/222190\\\/#primaryimage\"},\"thumbnailUrl\":\"https:\\\/\\\/www.webdo.tn\\\/fr\\\/wp-content\\\/uploads\\\/2025\\\/05\\\/19d90e5e557d6b1f1029cacdba56052e.webp\",\"datePublished\":\"2025-05-26T08:58:00+00:00\",\"description\":\"La Tunisie affrontera le Qatar, pays h\u00f4te, lors de la phase de groupes de la Coupe arabe 2025. Deux places restent \u00e0 pourvoir via les qualifications. Tour d\u2019hor...\",\"breadcrumb\":{\"@id\":\"https:\\\/\\\/www.webdo.tn\\\/fr\\\/actualite\\\/sport\\\/coupe-arabe-2025-la-tunisie-avec-le-qatar-dans-un-groupe-a\\\/222190\\\/#breadcrumb\"},\"inLanguage\":\"fr-FR\",\"potentialAction\":[{\"@type\":\"ReadAction\",\"target\":[\"https:\\\/\\\/www.webdo.tn\\\/fr\\\/actualite\\\/sport\\\/coupe-arabe-2025-la-tunisie-avec-le-qatar-dans-un-groupe-a\\\/222190\\\/\"]}]},{\"@type\":\"ImageObject\",\"inLanguage\":\"fr-FR\",\"@id\":\"https:\\\/\\\/www.webdo.tn\\\/fr\\\/actualite\\\/sport\\\/coupe-arabe-2025-la-tunisie-avec-le-qatar-dans-un-groupe-a\\\/222190\\\/#primaryimage\",\"url\":\"https:\\\/\\\/www.webdo.tn\\\/fr\\\/wp-content\\\/uploads\\\/2025\\\/05\\\/19d90e5e557d6b1f1029cacdba56052e.webp\",\"contentUrl\":\"https:\\\/\\\/www.webdo.tn\\\/fr\\\/wp-content\\\/uploads\\\/2025\\\/05\\\/19d90e5e557d6b1f1029cacdba56052e.webp\",\"width\":750,\"height\":400,\"caption\":\"Coupe arabe 2025 : La Tunisie avec le Qatar dans le Groupe A\"},{\"@type\":\"BreadcrumbList\",\"@id\":\"https:\\\/\\\/www.webdo.tn\\\/fr\\\/actualite\\\/sport\\\/coupe-arabe-2025-la-tunisie-avec-le-qatar-dans-un-groupe-a\\\/222190\\\/#breadcrumb\",\"itemListElement\":[{\"@type\":\"ListItem\",\"position\":1,\"name\":\"Accueil\",\"item\":\"https:\\\/\\\/www.webdo.tn\\\/fr\\\/\"},{\"@type\":\"ListItem\",\"position\":2,\"name\":\"Coupe arabe 2025 : La Tunisie avec le Qatar dans le Groupe A\"}]},{\"@type\":\"WebSite\",\"@id\":\"https:\\\/\\\/www.webdo.tn\\\/fr\\\/#website\",\"url\":\"https:\\\/\\\/www.webdo.tn\\\/fr\\\/\",\"name\":\"webdo\",\"description\":\"Tunisie - News en Tunisie et \u00e0 l&#039;international sur Webdo.tn\",\"publisher\":{\"@id\":\"https:\\\/\\\/www.webdo.tn\\\/fr\\\/#organization\"},\"potentialAction\":[{\"@type\":\"SearchAction\",\"target\":{\"@type\":\"EntryPoint\",\"urlTemplate\":\"https:\\\/\\\/www.webdo.tn\\\/fr\\\/?s={search_term_string}\"},\"query-input\":{\"@type\":\"PropertyValueSpecification\",\"valueRequired\":true,\"valueName\":\"search_term_string\"}}],\"inLanguage\":\"fr-FR\"},{\"@type\":\"Organization\",\"@id\":\"https:\\\/\\\/www.webdo.tn\\\/fr\\\/#organization\",\"name\":\"Webdo\",\"alternateName\":\"Webdo.tn\",\"url\":\"https:\\\/\\\/www.webdo.tn\\\/fr\\\/\",\"logo\":{\"@type\":\"ImageObject\",\"inLanguage\":\"fr-FR\",\"@id\":\"https:\\\/\\\/www.webdo.tn\\\/fr\\\/#\\\/schema\\\/logo\\\/image\\\/\",\"url\":\"https:\\\/\\\/www.webdo.tn\\\/fr\\\/wp-content\\\/uploads\\\/2025\\\/06\\\/Webdo-Tunisie_168377.jpg\",\"contentUrl\":\"https:\\\/\\\/www.webdo.tn\\\/fr\\\/wp-content\\\/uploads\\\/2025\\\/06\\\/Webdo-Tunisie_168377.jpg\",\"width\":301,\"height\":301,\"caption\":\"Webdo\"},\"image\":{\"@id\":\"https:\\\/\\\/www.webdo.tn\\\/fr\\\/#\\\/schema\\\/logo\\\/image\\\/\"},\"sameAs\":[\"https:\\\/\\\/www.facebook.com\\\/webdotn\",\"https:\\\/\\\/x.com\\\/webdo_tn\"],\"description\":\"Webdo est un m\u00e9dia num\u00e9rique tunisien fond\u00e9 en 2010, sp\u00e9cialis\u00e9 dans l\u2019actualit\u00e9 nationale et internationale, l\u2019\u00e9conomie, la soci\u00e9t\u00e9 et les analyses politiques. Le site s\u2019adresse \u00e0 un large public francophone et couvre l\u2019information tunisienne en temps r\u00e9el.\",\"email\":\"redac@webdo.tn\",\"legalName\":\"YNJ SARL\",\"foundingDate\":\"2010-09-06\",\"numberOfEmployees\":{\"@type\":\"QuantitativeValue\",\"minValue\":\"11\",\"maxValue\":\"50\"}},{\"@type\":\"Person\",\"@id\":\"https:\\\/\\\/www.webdo.tn\\\/fr\\\/#\\\/schema\\\/person\\\/2c4929cbf5a809e3bd38617c6ce150f6\",\"name\":\"MC\",\"image\":{\"@type\":\"ImageObject\",\"inLanguage\":\"fr-FR\",\"@id\":\"https:\\\/\\\/secure.gravatar.com\\\/avatar\\\/a545bbb6f84efdd5553dbbc2895e3ca8f1d12c5215e00a041c9670b54aa9b18a?s=96&d=mm&r=g\",\"url\":\"https:\\\/\\\/secure.gravatar.com\\\/avatar\\\/a545bbb6f84efdd5553dbbc2895e3ca8f1d12c5215e00a041c9670b54aa9b18a?s=96&d=mm&r=g\",\"contentUrl\":\"https:\\\/\\\/secure.gravatar.com\\\/avatar\\\/a545bbb6f84efdd5553dbbc2895e3ca8f1d12c5215e00a041c9670b54aa9b18a?s=96&d=mm&r=g\",\"caption\":\"MC\"},\"url\":\"https:\\\/\\\/www.webdo.tn\\\/fr\\\/actualite\\\/author\\\/mc\\\/\"}]}<\/script>\n<!-- \/ Yoast SEO Premium plugin. -->","yoast_head_json":{"title":"Coupe arabe 2025 : La Tunisie avec le Qatar dans le Groupe A","description":"La Tunisie affrontera le Qatar, pays h\u00f4te, lors de la phase de groupes de la Coupe arabe 2025. Deux places restent \u00e0 pourvoir via les qualifications. Tour d\u2019hor...","canonical":"https:\/\/www.webdo.tn\/fr\/actualite\/sport\/coupe-arabe-2025-la-tunisie-avec-le-qatar-dans-un-groupe-a\/222190\/","og_locale":"fr_FR","og_type":"article","og_title":"Coupe arabe 2025 : La Tunisie avec le Qatar dans le Groupe A","og_description":"La Tunisie affrontera le Qatar, pays h\u00f4te, lors de la phase de groupes de la Coupe arabe 2025. Deux places restent \u00e0 pourvoir via les qualifications. Tour d\u2019hor...","og_url":"https:\/\/www.webdo.tn\/fr\/actualite\/sport\/coupe-arabe-2025-la-tunisie-avec-le-qatar-dans-un-groupe-a\/222190\/","og_site_name":"webdo","article_publisher":"https:\/\/www.facebook.com\/webdotn","article_published_time":"2025-05-26T08:58:00+00:00","og_image":[{"width":750,"height":400,"url":"https:\/\/www.webdo.tn\/fr\/wp-content\/uploads\/2025\/05\/19d90e5e557d6b1f1029cacdba56052e.webp","type":"image\/webp"}],"author":"MC","twitter_card":"summary_large_image","twitter_creator":"@webdo_tn","twitter_site":"@webdo_tn","twitter_misc":{"\u00c9crit par":"MC","Dur\u00e9e de lecture estim\u00e9e":"1 minute"},"schema":{"@context":"https:\/\/schema.org","@graph":[{"@type":"NewsArticle","@id":"https:\/\/www.webdo.tn\/fr\/actualite\/sport\/coupe-arabe-2025-la-tunisie-avec-le-qatar-dans-un-groupe-a\/222190\/#article","isPartOf":{"@id":"https:\/\/www.webdo.tn\/fr\/actualite\/sport\/coupe-arabe-2025-la-tunisie-avec-le-qatar-dans-un-groupe-a\/222190\/"},"author":{"name":"MC","@id":"https:\/\/www.webdo.tn\/fr\/#\/schema\/person\/2c4929cbf5a809e3bd38617c6ce150f6"},"headline":"Coupe arabe 2025 : La Tunisie avec le Qatar dans le Groupe A","datePublished":"2025-05-26T08:58:00+00:00","mainEntityOfPage":{"@id":"https:\/\/www.webdo.tn\/fr\/actualite\/sport\/coupe-arabe-2025-la-tunisie-avec-le-qatar-dans-un-groupe-a\/222190\/"},"wordCount":208,"commentCount":0,"publisher":{"@id":"https:\/\/www.webdo.tn\/fr\/#organization"},"image":{"@id":"https:\/\/www.webdo.tn\/fr\/actualite\/sport\/coupe-arabe-2025-la-tunisie-avec-le-qatar-dans-un-groupe-a\/222190\/#primaryimage"},"thumbnailUrl":"https:\/\/www.webdo.tn\/fr\/wp-content\/uploads\/2025\/05\/19d90e5e557d6b1f1029cacdba56052e.webp","keywords":["Coupe Arabe","football","s\u00e9lection nationale","Tunisie"],"articleSection":["Sport"],"inLanguage":"fr-FR"},{"@type":"WebPage","@id":"https:\/\/www.webdo.tn\/fr\/actualite\/sport\/coupe-arabe-2025-la-tunisie-avec-le-qatar-dans-un-groupe-a\/222190\/","url":"https:\/\/www.webdo.tn\/fr\/actualite\/sport\/coupe-arabe-2025-la-tunisie-avec-le-qatar-dans-un-groupe-a\/222190\/","name":"Coupe arabe 2025 : La Tunisie avec le Qatar dans le Groupe A","isPartOf":{"@id":"https:\/\/www.webdo.tn\/fr\/#website"},"primaryImageOfPage":{"@id":"https:\/\/www.webdo.tn\/fr\/actualite\/sport\/coupe-arabe-2025-la-tunisie-avec-le-qatar-dans-un-groupe-a\/222190\/#primaryimage"},"image":{"@id":"https:\/\/www.webdo.tn\/fr\/actualite\/sport\/coupe-arabe-2025-la-tunisie-avec-le-qatar-dans-un-groupe-a\/222190\/#primaryimage"},"thumbnailUrl":"https:\/\/www.webdo.tn\/fr\/wp-content\/uploads\/2025\/05\/19d90e5e557d6b1f1029cacdba56052e.webp","datePublished":"2025-05-26T08:58:00+00:00","description":"La Tunisie affrontera le Qatar, pays h\u00f4te, lors de la phase de groupes de la Coupe arabe 2025. Deux places restent \u00e0 pourvoir via les qualifications. Tour d\u2019hor...","breadcrumb":{"@id":"https:\/\/www.webdo.tn\/fr\/actualite\/sport\/coupe-arabe-2025-la-tunisie-avec-le-qatar-dans-un-groupe-a\/222190\/#breadcrumb"},"inLanguage":"fr-FR","potentialAction":[{"@type":"ReadAction","target":["https:\/\/www.webdo.tn\/fr\/actualite\/sport\/coupe-arabe-2025-la-tunisie-avec-le-qatar-dans-un-groupe-a\/222190\/"]}]},{"@type":"ImageObject","inLanguage":"fr-FR","@id":"https:\/\/www.webdo.tn\/fr\/actualite\/sport\/coupe-arabe-2025-la-tunisie-avec-le-qatar-dans-un-groupe-a\/222190\/#primaryimage","url":"https:\/\/www.webdo.tn\/fr\/wp-content\/uploads\/2025\/05\/19d90e5e557d6b1f1029cacdba56052e.webp","contentUrl":"https:\/\/www.webdo.tn\/fr\/wp-content\/uploads\/2025\/05\/19d90e5e557d6b1f1029cacdba56052e.webp","width":750,"height":400,"caption":"Coupe arabe 2025 : La Tunisie avec le Qatar dans le Groupe A"},{"@type":"BreadcrumbList","@id":"https:\/\/www.webdo.tn\/fr\/actualite\/sport\/coupe-arabe-2025-la-tunisie-avec-le-qatar-dans-un-groupe-a\/222190\/#breadcrumb","itemListElement":[{"@type":"ListItem","position":1,"name":"Accueil","item":"https:\/\/www.webdo.tn\/fr\/"},{"@type":"ListItem","position":2,"name":"Coupe arabe 2025 : La Tunisie avec le Qatar dans le Groupe A"}]},{"@type":"WebSite","@id":"https:\/\/www.webdo.tn\/fr\/#website","url":"https:\/\/www.webdo.tn\/fr\/","name":"webdo","description":"Tunisie - News en Tunisie et \u00e0 l&#039;international sur Webdo.tn","publisher":{"@id":"https:\/\/www.webdo.tn\/fr\/#organization"},"potentialAction":[{"@type":"SearchAction","target":{"@type":"EntryPoint","urlTemplate":"https:\/\/www.webdo.tn\/fr\/?s={search_term_string}"},"query-input":{"@type":"PropertyValueSpecification","valueRequired":true,"valueName":"search_term_string"}}],"inLanguage":"fr-FR"},{"@type":"Organization","@id":"https:\/\/www.webdo.tn\/fr\/#organization","name":"Webdo","alternateName":"Webdo.tn","url":"https:\/\/www.webdo.tn\/fr\/","logo":{"@type":"ImageObject","inLanguage":"fr-FR","@id":"https:\/\/www.webdo.tn\/fr\/#\/schema\/logo\/image\/","url":"https:\/\/www.webdo.tn\/fr\/wp-content\/uploads\/2025\/06\/Webdo-Tunisie_168377.jpg","contentUrl":"https:\/\/www.webdo.tn\/fr\/wp-content\/uploads\/2025\/06\/Webdo-Tunisie_168377.jpg","width":301,"height":301,"caption":"Webdo"},"image":{"@id":"https:\/\/www.webdo.tn\/fr\/#\/schema\/logo\/image\/"},"sameAs":["https:\/\/www.facebook.com\/webdotn","https:\/\/x.com\/webdo_tn"],"description":"Webdo est un m\u00e9dia num\u00e9rique tunisien fond\u00e9 en 2010, sp\u00e9cialis\u00e9 dans l\u2019actualit\u00e9 nationale et internationale, l\u2019\u00e9conomie, la soci\u00e9t\u00e9 et les analyses politiques. Le site s\u2019adresse \u00e0 un large public francophone et couvre l\u2019information tunisienne en temps r\u00e9el.","email":"redac@webdo.tn","legalName":"YNJ SARL","foundingDate":"2010-09-06","numberOfEmployees":{"@type":"QuantitativeValue","minValue":"11","maxValue":"50"}},{"@type":"Person","@id":"https:\/\/www.webdo.tn\/fr\/#\/schema\/person\/2c4929cbf5a809e3bd38617c6ce150f6","name":"MC","image":{"@type":"ImageObject","inLanguage":"fr-FR","@id":"https:\/\/secure.gravatar.com\/avatar\/a545bbb6f84efdd5553dbbc2895e3ca8f1d12c5215e00a041c9670b54aa9b18a?s=96&d=mm&r=g","url":"https:\/\/secure.gravatar.com\/avatar\/a545bbb6f84efdd5553dbbc2895e3ca8f1d12c5215e00a041c9670b54aa9b18a?s=96&d=mm&r=g","contentUrl":"https:\/\/secure.gravatar.com\/avatar\/a545bbb6f84efdd5553dbbc2895e3ca8f1d12c5215e00a041c9670b54aa9b18a?s=96&d=mm&r=g","caption":"MC"},"url":"https:\/\/www.webdo.tn\/fr\/actualite\/author\/mc\/"}]}},"_links":{"self":[{"href":"https:\/\/www.webdo.tn\/fr\/wp-json\/wp\/v2\/posts\/222190","targetHints":{"allow":["GET"]}}],"collection":[{"href":"https:\/\/www.webdo.tn\/fr\/wp-json\/wp\/v2\/posts"}],"about":[{"href":"https:\/\/www.webdo.tn\/fr\/wp-json\/wp\/v2\/types\/post"}],"author":[{"embeddable":true,"href":"https:\/\/www.webdo.tn\/fr\/wp-json\/wp\/v2\/users\/3162"}],"replies":[{"embeddable":true,"href":"https:\/\/www.webdo.tn\/fr\/wp-json\/wp\/v2\/comments?post=222190"}],"version-history":[{"count":0,"href":"https:\/\/www.webdo.tn\/fr\/wp-json\/wp\/v2\/posts\/222190\/revisions"}],"wp:featuredmedia":[{"embeddable":true,"href":"https:\/\/www.webdo.tn\/fr\/wp-json\/wp\/v2\/media\/366033"}],"wp:attachment":[{"href":"https:\/\/www.webdo.tn\/fr\/wp-json\/wp\/v2\/media?parent=222190"}],"wp:term":[{"taxonomy":"category","embeddable":true,"href":"https:\/\/www.webdo.tn\/fr\/wp-json\/wp\/v2\/categories?post=222190"},{"taxonomy":"post_tag","embeddable":true,"href":"https:\/\/www.webdo.tn\/fr\/wp-json\/wp\/v2\/tags?post=222190"}],"curies":[{"name":"wp","href":"https:\/\/api.w.org\/{rel}","templated":true}]}}