{"id":222185,"date":"2025-05-25T12:09:00","date_gmt":"2025-05-25T12:09:00","guid":{"rendered":"https:\/\/www.webdo.tn\/fr\/actualite\/blog\/programme-economique-et-social-le-gouvernement-trace-sa-nouvelle-feuille-de-route\/222185\/"},"modified":"2025-05-25T12:09:00","modified_gmt":"2025-05-25T12:09:00","slug":"programme-economique-et-social-le-gouvernement-trace-sa-nouvelle-feuille-de-route","status":"publish","type":"post","link":"https:\/\/www.webdo.tn\/fr\/actualite\/national\/programme-economique-et-social-le-gouvernement-trace-sa-nouvelle-feuille-de-route\/222185\/","title":{"rendered":"Programme \u00e9conomique et social : Le gouvernement trace sa nouvelle feuille de route"},"content":{"rendered":"<p>Sous la pr\u00e9sidence de la cheffe du gouvernement, Sarra Za\u00e2frani Zenzri, un conseil minist\u00e9riel s\u2019est tenu ce samedi 24 mai 2025 au Palais de la Kasbah pour examiner le nouveau programme \u00e9conomique et social de l\u2019\u00c9tat.<\/p>\n<p> Ce programme vise \u00e0 concilier croissance \u00e9conomique et justice sociale tout en affirmant la souverainet\u00e9 nationale, l\u2019ind\u00e9pendance d\u00e9cisionnelle et l\u2019autonomie strat\u00e9gique du pays.<\/p>\n<p>D\u00e8s l&rsquo;ouverture du conseil, la cheffe du gouvernement a soulign\u00e9 l\u2019importance de ce programme structurant qui repose sur une s\u00e9rie de r\u00e9formes profondes, aussi bien \u00e9conomiques que sociales. Il s\u2019inscrit dans une logique de d\u00e9veloppement int\u00e9gr\u00e9, avec une volont\u00e9 de r\u00e9pondre aux d\u00e9fis actuels du pays en s\u2019appuyant sur une transformation l\u00e9gislative, institutionnelle et op\u00e9rationnelle pour renforcer les piliers de l\u2019\u00e9conomie nationale.<\/p>\n<p>Ce programme se d\u00e9cline autour de plusieurs axes touchant tous les secteurs vitaux : sant\u00e9, \u00e9ducation, finances, industrie, \u00e9nergie, jeunesse, culture, sport, administration et services publics. Il accorde une priorit\u00e9 particuli\u00e8re \u00e0 la promotion de l\u2019emploi, \u00e0 l&rsquo;am\u00e9lioration du niveau de vie, \u00e0 la consolidation de la protection sociale et \u00e0 la valorisation du capital humain. Il pr\u00e9voit \u00e9galement des mesures cibl\u00e9es pour pr\u00e9server le pouvoir d\u2019achat des classes vuln\u00e9rables et moyennes, tout en accompagnant l\u2019initiative entrepreneuriale.<\/p>\n<p>La r\u00e9forme du cadre l\u00e9gislatif figure \u00e9galement parmi les priorit\u00e9s, en lien avec la modernisation du syst\u00e8me \u00e9ducatif, de la formation professionnelle et du secteur de la sant\u00e9. Le programme insiste aussi sur la n\u00e9cessit\u00e9 de stimuler l\u2019investissement en lib\u00e9rant l\u2019initiative priv\u00e9e, en valorisant le foncier public et en modernisant les infrastructures de transport, notamment ferroviaires et portuaires. Des efforts seront \u00e9galement d\u00e9ploy\u00e9s pour renforcer la s\u00e9curit\u00e9 alimentaire, dynamiser l\u2019industrie et le tourisme, num\u00e9riser les services publics et soutenir les exportations.<\/p>\n<p>Enfin, la dimension r\u00e9gionale et locale est au c\u0153ur de cette strat\u00e9gie. Une nouvelle approche participative ascendante sera mise en \u0153uvre pour identifier les priorit\u00e9s de d\u00e9veloppement au niveau local, \u00e0 travers les conseils locaux, r\u00e9gionaux et nationaux. En parall\u00e8le, la transformation num\u00e9rique de l\u2019administration publique constitue un pilier central pour assurer la transparence, moderniser les services et encourager l\u2019\u00e9conomie num\u00e9rique. L\u2019ensemble du programme sera suivi gr\u00e2ce \u00e0 des indicateurs de performance et des outils technologiques avanc\u00e9s, garantissant une mise en \u0153uvre efficace dans les d\u00e9lais impartis.<\/p>\n","protected":false},"excerpt":{"rendered":"<p>La Tunisie lance un nouveau programme \u00e9conomique et social ax\u00e9 sur la justice sociale, l\u2019investissement r\u00e9gional, la num\u00e9risation des services publics et les r\u00e9&#8230;<\/p>\n","protected":false},"author":3162,"featured_media":366042,"comment_status":"open","ping_status":"closed","sticky":false,"template":"","format":"standard","meta":{"footnotes":""},"categories":[44],"tags":[2651,3930,2608],"class_list":["post-222185","post","type-post","status-publish","format-standard","has-post-thumbnail","hentry","category-national","tag-gouvernement","tag-social","tag-tunisie"],"yoast_head":"<!-- This site is optimized with the Yoast SEO Premium plugin v27.5 (Yoast SEO v27.5) - https:\/\/yoast.com\/product\/yoast-seo-premium-wordpress\/ -->\n<title>Programme \u00e9conomique et social : Le gouvernement trace sa nouvelle feuille de route<\/title>\n<meta name=\"description\" content=\"La Tunisie lance un nouveau programme \u00e9conomique et social ax\u00e9 sur la justice sociale, l\u2019investissement r\u00e9gional, la num\u00e9risation des services publics et les r\u00e9...\" \/>\n<link rel=\"canonical\" href=\"https:\/\/www.webdo.tn\/fr\/actualite\/national\/programme-economique-et-social-le-gouvernement-trace-sa-nouvelle-feuille-de-route\/222185\/\" \/>\n<meta property=\"og:locale\" content=\"fr_FR\" \/>\n<meta property=\"og:type\" content=\"article\" \/>\n<meta property=\"og:title\" content=\"Programme \u00e9conomique et social : Le gouvernement trace sa nouvelle feuille de route\" \/>\n<meta property=\"og:description\" content=\"La Tunisie lance un nouveau programme \u00e9conomique et social ax\u00e9 sur la justice sociale, l\u2019investissement r\u00e9gional, la num\u00e9risation des services publics et les r\u00e9...\" \/>\n<meta property=\"og:url\" content=\"https:\/\/www.webdo.tn\/fr\/actualite\/national\/programme-economique-et-social-le-gouvernement-trace-sa-nouvelle-feuille-de-route\/222185\/\" \/>\n<meta property=\"og:site_name\" content=\"webdo\" \/>\n<meta property=\"article:publisher\" content=\"https:\/\/www.facebook.com\/webdotn\" \/>\n<meta property=\"article:published_time\" content=\"2025-05-25T12:09:00+00:00\" \/>\n<meta property=\"og:image\" content=\"https:\/\/www.webdo.tn\/fr\/wp-content\/uploads\/2025\/05\/5bdf73f5f1c19f2fcb897977d49b098e.webp\" \/>\n\t<meta property=\"og:image:width\" content=\"750\" \/>\n\t<meta property=\"og:image:height\" content=\"400\" \/>\n\t<meta property=\"og:image:type\" content=\"image\/webp\" \/>\n<meta name=\"author\" content=\"MC\" \/>\n<meta name=\"twitter:card\" content=\"summary_large_image\" \/>\n<meta name=\"twitter:creator\" content=\"@webdo_tn\" \/>\n<meta name=\"twitter:site\" content=\"@webdo_tn\" \/>\n<meta name=\"twitter:label1\" content=\"\u00c9crit par\" \/>\n\t<meta name=\"twitter:data1\" content=\"MC\" \/>\n\t<meta name=\"twitter:label2\" content=\"Dur\u00e9e de lecture estim\u00e9e\" \/>\n\t<meta name=\"twitter:data2\" content=\"2 minutes\" \/>\n<script type=\"application\/ld+json\" class=\"yoast-schema-graph\">{\"@context\":\"https:\\\/\\\/schema.org\",\"@graph\":[{\"@type\":\"NewsArticle\",\"@id\":\"https:\\\/\\\/www.webdo.tn\\\/fr\\\/actualite\\\/national\\\/programme-economique-et-social-le-gouvernement-trace-sa-nouvelle-feuille-de-route\\\/222185\\\/#article\",\"isPartOf\":{\"@id\":\"https:\\\/\\\/www.webdo.tn\\\/fr\\\/actualite\\\/national\\\/programme-economique-et-social-le-gouvernement-trace-sa-nouvelle-feuille-de-route\\\/222185\\\/\"},\"author\":{\"name\":\"MC\",\"@id\":\"https:\\\/\\\/www.webdo.tn\\\/fr\\\/#\\\/schema\\\/person\\\/2c4929cbf5a809e3bd38617c6ce150f6\"},\"headline\":\"Programme \u00e9conomique et social : Le gouvernement trace sa nouvelle feuille de route\",\"datePublished\":\"2025-05-25T12:09:00+00:00\",\"mainEntityOfPage\":{\"@id\":\"https:\\\/\\\/www.webdo.tn\\\/fr\\\/actualite\\\/national\\\/programme-economique-et-social-le-gouvernement-trace-sa-nouvelle-feuille-de-route\\\/222185\\\/\"},\"wordCount\":432,\"commentCount\":0,\"publisher\":{\"@id\":\"https:\\\/\\\/www.webdo.tn\\\/fr\\\/#organization\"},\"image\":{\"@id\":\"https:\\\/\\\/www.webdo.tn\\\/fr\\\/actualite\\\/national\\\/programme-economique-et-social-le-gouvernement-trace-sa-nouvelle-feuille-de-route\\\/222185\\\/#primaryimage\"},\"thumbnailUrl\":\"https:\\\/\\\/www.webdo.tn\\\/fr\\\/wp-content\\\/uploads\\\/2025\\\/05\\\/5bdf73f5f1c19f2fcb897977d49b098e.webp\",\"keywords\":[\"gouvernement\",\"social\",\"Tunisie\"],\"articleSection\":[\"National\"],\"inLanguage\":\"fr-FR\"},{\"@type\":\"WebPage\",\"@id\":\"https:\\\/\\\/www.webdo.tn\\\/fr\\\/actualite\\\/national\\\/programme-economique-et-social-le-gouvernement-trace-sa-nouvelle-feuille-de-route\\\/222185\\\/\",\"url\":\"https:\\\/\\\/www.webdo.tn\\\/fr\\\/actualite\\\/national\\\/programme-economique-et-social-le-gouvernement-trace-sa-nouvelle-feuille-de-route\\\/222185\\\/\",\"name\":\"Programme \u00e9conomique et social : Le gouvernement trace sa nouvelle feuille de route\",\"isPartOf\":{\"@id\":\"https:\\\/\\\/www.webdo.tn\\\/fr\\\/#website\"},\"primaryImageOfPage\":{\"@id\":\"https:\\\/\\\/www.webdo.tn\\\/fr\\\/actualite\\\/national\\\/programme-economique-et-social-le-gouvernement-trace-sa-nouvelle-feuille-de-route\\\/222185\\\/#primaryimage\"},\"image\":{\"@id\":\"https:\\\/\\\/www.webdo.tn\\\/fr\\\/actualite\\\/national\\\/programme-economique-et-social-le-gouvernement-trace-sa-nouvelle-feuille-de-route\\\/222185\\\/#primaryimage\"},\"thumbnailUrl\":\"https:\\\/\\\/www.webdo.tn\\\/fr\\\/wp-content\\\/uploads\\\/2025\\\/05\\\/5bdf73f5f1c19f2fcb897977d49b098e.webp\",\"datePublished\":\"2025-05-25T12:09:00+00:00\",\"description\":\"La Tunisie lance un nouveau programme \u00e9conomique et social ax\u00e9 sur la justice sociale, l\u2019investissement r\u00e9gional, la num\u00e9risation des services publics et les r\u00e9...\",\"breadcrumb\":{\"@id\":\"https:\\\/\\\/www.webdo.tn\\\/fr\\\/actualite\\\/national\\\/programme-economique-et-social-le-gouvernement-trace-sa-nouvelle-feuille-de-route\\\/222185\\\/#breadcrumb\"},\"inLanguage\":\"fr-FR\",\"potentialAction\":[{\"@type\":\"ReadAction\",\"target\":[\"https:\\\/\\\/www.webdo.tn\\\/fr\\\/actualite\\\/national\\\/programme-economique-et-social-le-gouvernement-trace-sa-nouvelle-feuille-de-route\\\/222185\\\/\"]}]},{\"@type\":\"ImageObject\",\"inLanguage\":\"fr-FR\",\"@id\":\"https:\\\/\\\/www.webdo.tn\\\/fr\\\/actualite\\\/national\\\/programme-economique-et-social-le-gouvernement-trace-sa-nouvelle-feuille-de-route\\\/222185\\\/#primaryimage\",\"url\":\"https:\\\/\\\/www.webdo.tn\\\/fr\\\/wp-content\\\/uploads\\\/2025\\\/05\\\/5bdf73f5f1c19f2fcb897977d49b098e.webp\",\"contentUrl\":\"https:\\\/\\\/www.webdo.tn\\\/fr\\\/wp-content\\\/uploads\\\/2025\\\/05\\\/5bdf73f5f1c19f2fcb897977d49b098e.webp\",\"width\":750,\"height\":400,\"caption\":\"Programme \u00e9conomique et social : Le gouvernement trace sa nouvelle feuille de route\"},{\"@type\":\"BreadcrumbList\",\"@id\":\"https:\\\/\\\/www.webdo.tn\\\/fr\\\/actualite\\\/national\\\/programme-economique-et-social-le-gouvernement-trace-sa-nouvelle-feuille-de-route\\\/222185\\\/#breadcrumb\",\"itemListElement\":[{\"@type\":\"ListItem\",\"position\":1,\"name\":\"Accueil\",\"item\":\"https:\\\/\\\/www.webdo.tn\\\/fr\\\/\"},{\"@type\":\"ListItem\",\"position\":2,\"name\":\"Programme \u00e9conomique et social : Le gouvernement trace sa nouvelle feuille de route\"}]},{\"@type\":\"WebSite\",\"@id\":\"https:\\\/\\\/www.webdo.tn\\\/fr\\\/#website\",\"url\":\"https:\\\/\\\/www.webdo.tn\\\/fr\\\/\",\"name\":\"webdo\",\"description\":\"Tunisie - News en Tunisie et \u00e0 l&#039;international sur Webdo.tn\",\"publisher\":{\"@id\":\"https:\\\/\\\/www.webdo.tn\\\/fr\\\/#organization\"},\"potentialAction\":[{\"@type\":\"SearchAction\",\"target\":{\"@type\":\"EntryPoint\",\"urlTemplate\":\"https:\\\/\\\/www.webdo.tn\\\/fr\\\/?s={search_term_string}\"},\"query-input\":{\"@type\":\"PropertyValueSpecification\",\"valueRequired\":true,\"valueName\":\"search_term_string\"}}],\"inLanguage\":\"fr-FR\"},{\"@type\":\"Organization\",\"@id\":\"https:\\\/\\\/www.webdo.tn\\\/fr\\\/#organization\",\"name\":\"Webdo\",\"alternateName\":\"Webdo.tn\",\"url\":\"https:\\\/\\\/www.webdo.tn\\\/fr\\\/\",\"logo\":{\"@type\":\"ImageObject\",\"inLanguage\":\"fr-FR\",\"@id\":\"https:\\\/\\\/www.webdo.tn\\\/fr\\\/#\\\/schema\\\/logo\\\/image\\\/\",\"url\":\"https:\\\/\\\/www.webdo.tn\\\/fr\\\/wp-content\\\/uploads\\\/2025\\\/06\\\/Webdo-Tunisie_168377.jpg\",\"contentUrl\":\"https:\\\/\\\/www.webdo.tn\\\/fr\\\/wp-content\\\/uploads\\\/2025\\\/06\\\/Webdo-Tunisie_168377.jpg\",\"width\":301,\"height\":301,\"caption\":\"Webdo\"},\"image\":{\"@id\":\"https:\\\/\\\/www.webdo.tn\\\/fr\\\/#\\\/schema\\\/logo\\\/image\\\/\"},\"sameAs\":[\"https:\\\/\\\/www.facebook.com\\\/webdotn\",\"https:\\\/\\\/x.com\\\/webdo_tn\"],\"description\":\"Webdo est un m\u00e9dia num\u00e9rique tunisien fond\u00e9 en 2010, sp\u00e9cialis\u00e9 dans l\u2019actualit\u00e9 nationale et internationale, l\u2019\u00e9conomie, la soci\u00e9t\u00e9 et les analyses politiques. Le site s\u2019adresse \u00e0 un large public francophone et couvre l\u2019information tunisienne en temps r\u00e9el.\",\"email\":\"redac@webdo.tn\",\"legalName\":\"YNJ SARL\",\"foundingDate\":\"2010-09-06\",\"numberOfEmployees\":{\"@type\":\"QuantitativeValue\",\"minValue\":\"11\",\"maxValue\":\"50\"}},{\"@type\":\"Person\",\"@id\":\"https:\\\/\\\/www.webdo.tn\\\/fr\\\/#\\\/schema\\\/person\\\/2c4929cbf5a809e3bd38617c6ce150f6\",\"name\":\"MC\",\"image\":{\"@type\":\"ImageObject\",\"inLanguage\":\"fr-FR\",\"@id\":\"https:\\\/\\\/secure.gravatar.com\\\/avatar\\\/a545bbb6f84efdd5553dbbc2895e3ca8f1d12c5215e00a041c9670b54aa9b18a?s=96&d=mm&r=g\",\"url\":\"https:\\\/\\\/secure.gravatar.com\\\/avatar\\\/a545bbb6f84efdd5553dbbc2895e3ca8f1d12c5215e00a041c9670b54aa9b18a?s=96&d=mm&r=g\",\"contentUrl\":\"https:\\\/\\\/secure.gravatar.com\\\/avatar\\\/a545bbb6f84efdd5553dbbc2895e3ca8f1d12c5215e00a041c9670b54aa9b18a?s=96&d=mm&r=g\",\"caption\":\"MC\"},\"url\":\"https:\\\/\\\/www.webdo.tn\\\/fr\\\/actualite\\\/author\\\/mc\\\/\"}]}<\/script>\n<!-- \/ Yoast SEO Premium plugin. -->","yoast_head_json":{"title":"Programme \u00e9conomique et social : Le gouvernement trace sa nouvelle feuille de route","description":"La Tunisie lance un nouveau programme \u00e9conomique et social ax\u00e9 sur la justice sociale, l\u2019investissement r\u00e9gional, la num\u00e9risation des services publics et les r\u00e9...","canonical":"https:\/\/www.webdo.tn\/fr\/actualite\/national\/programme-economique-et-social-le-gouvernement-trace-sa-nouvelle-feuille-de-route\/222185\/","og_locale":"fr_FR","og_type":"article","og_title":"Programme \u00e9conomique et social : Le gouvernement trace sa nouvelle feuille de route","og_description":"La Tunisie lance un nouveau programme \u00e9conomique et social ax\u00e9 sur la justice sociale, l\u2019investissement r\u00e9gional, la num\u00e9risation des services publics et les r\u00e9...","og_url":"https:\/\/www.webdo.tn\/fr\/actualite\/national\/programme-economique-et-social-le-gouvernement-trace-sa-nouvelle-feuille-de-route\/222185\/","og_site_name":"webdo","article_publisher":"https:\/\/www.facebook.com\/webdotn","article_published_time":"2025-05-25T12:09:00+00:00","og_image":[{"width":750,"height":400,"url":"https:\/\/www.webdo.tn\/fr\/wp-content\/uploads\/2025\/05\/5bdf73f5f1c19f2fcb897977d49b098e.webp","type":"image\/webp"}],"author":"MC","twitter_card":"summary_large_image","twitter_creator":"@webdo_tn","twitter_site":"@webdo_tn","twitter_misc":{"\u00c9crit par":"MC","Dur\u00e9e de lecture estim\u00e9e":"2 minutes"},"schema":{"@context":"https:\/\/schema.org","@graph":[{"@type":"NewsArticle","@id":"https:\/\/www.webdo.tn\/fr\/actualite\/national\/programme-economique-et-social-le-gouvernement-trace-sa-nouvelle-feuille-de-route\/222185\/#article","isPartOf":{"@id":"https:\/\/www.webdo.tn\/fr\/actualite\/national\/programme-economique-et-social-le-gouvernement-trace-sa-nouvelle-feuille-de-route\/222185\/"},"author":{"name":"MC","@id":"https:\/\/www.webdo.tn\/fr\/#\/schema\/person\/2c4929cbf5a809e3bd38617c6ce150f6"},"headline":"Programme \u00e9conomique et social : Le gouvernement trace sa nouvelle feuille de route","datePublished":"2025-05-25T12:09:00+00:00","mainEntityOfPage":{"@id":"https:\/\/www.webdo.tn\/fr\/actualite\/national\/programme-economique-et-social-le-gouvernement-trace-sa-nouvelle-feuille-de-route\/222185\/"},"wordCount":432,"commentCount":0,"publisher":{"@id":"https:\/\/www.webdo.tn\/fr\/#organization"},"image":{"@id":"https:\/\/www.webdo.tn\/fr\/actualite\/national\/programme-economique-et-social-le-gouvernement-trace-sa-nouvelle-feuille-de-route\/222185\/#primaryimage"},"thumbnailUrl":"https:\/\/www.webdo.tn\/fr\/wp-content\/uploads\/2025\/05\/5bdf73f5f1c19f2fcb897977d49b098e.webp","keywords":["gouvernement","social","Tunisie"],"articleSection":["National"],"inLanguage":"fr-FR"},{"@type":"WebPage","@id":"https:\/\/www.webdo.tn\/fr\/actualite\/national\/programme-economique-et-social-le-gouvernement-trace-sa-nouvelle-feuille-de-route\/222185\/","url":"https:\/\/www.webdo.tn\/fr\/actualite\/national\/programme-economique-et-social-le-gouvernement-trace-sa-nouvelle-feuille-de-route\/222185\/","name":"Programme \u00e9conomique et social : Le gouvernement trace sa nouvelle feuille de route","isPartOf":{"@id":"https:\/\/www.webdo.tn\/fr\/#website"},"primaryImageOfPage":{"@id":"https:\/\/www.webdo.tn\/fr\/actualite\/national\/programme-economique-et-social-le-gouvernement-trace-sa-nouvelle-feuille-de-route\/222185\/#primaryimage"},"image":{"@id":"https:\/\/www.webdo.tn\/fr\/actualite\/national\/programme-economique-et-social-le-gouvernement-trace-sa-nouvelle-feuille-de-route\/222185\/#primaryimage"},"thumbnailUrl":"https:\/\/www.webdo.tn\/fr\/wp-content\/uploads\/2025\/05\/5bdf73f5f1c19f2fcb897977d49b098e.webp","datePublished":"2025-05-25T12:09:00+00:00","description":"La Tunisie lance un nouveau programme \u00e9conomique et social ax\u00e9 sur la justice sociale, l\u2019investissement r\u00e9gional, la num\u00e9risation des services publics et les r\u00e9...","breadcrumb":{"@id":"https:\/\/www.webdo.tn\/fr\/actualite\/national\/programme-economique-et-social-le-gouvernement-trace-sa-nouvelle-feuille-de-route\/222185\/#breadcrumb"},"inLanguage":"fr-FR","potentialAction":[{"@type":"ReadAction","target":["https:\/\/www.webdo.tn\/fr\/actualite\/national\/programme-economique-et-social-le-gouvernement-trace-sa-nouvelle-feuille-de-route\/222185\/"]}]},{"@type":"ImageObject","inLanguage":"fr-FR","@id":"https:\/\/www.webdo.tn\/fr\/actualite\/national\/programme-economique-et-social-le-gouvernement-trace-sa-nouvelle-feuille-de-route\/222185\/#primaryimage","url":"https:\/\/www.webdo.tn\/fr\/wp-content\/uploads\/2025\/05\/5bdf73f5f1c19f2fcb897977d49b098e.webp","contentUrl":"https:\/\/www.webdo.tn\/fr\/wp-content\/uploads\/2025\/05\/5bdf73f5f1c19f2fcb897977d49b098e.webp","width":750,"height":400,"caption":"Programme \u00e9conomique et social : Le gouvernement trace sa nouvelle feuille de route"},{"@type":"BreadcrumbList","@id":"https:\/\/www.webdo.tn\/fr\/actualite\/national\/programme-economique-et-social-le-gouvernement-trace-sa-nouvelle-feuille-de-route\/222185\/#breadcrumb","itemListElement":[{"@type":"ListItem","position":1,"name":"Accueil","item":"https:\/\/www.webdo.tn\/fr\/"},{"@type":"ListItem","position":2,"name":"Programme \u00e9conomique et social : Le gouvernement trace sa nouvelle feuille de route"}]},{"@type":"WebSite","@id":"https:\/\/www.webdo.tn\/fr\/#website","url":"https:\/\/www.webdo.tn\/fr\/","name":"webdo","description":"Tunisie - News en Tunisie et \u00e0 l&#039;international sur Webdo.tn","publisher":{"@id":"https:\/\/www.webdo.tn\/fr\/#organization"},"potentialAction":[{"@type":"SearchAction","target":{"@type":"EntryPoint","urlTemplate":"https:\/\/www.webdo.tn\/fr\/?s={search_term_string}"},"query-input":{"@type":"PropertyValueSpecification","valueRequired":true,"valueName":"search_term_string"}}],"inLanguage":"fr-FR"},{"@type":"Organization","@id":"https:\/\/www.webdo.tn\/fr\/#organization","name":"Webdo","alternateName":"Webdo.tn","url":"https:\/\/www.webdo.tn\/fr\/","logo":{"@type":"ImageObject","inLanguage":"fr-FR","@id":"https:\/\/www.webdo.tn\/fr\/#\/schema\/logo\/image\/","url":"https:\/\/www.webdo.tn\/fr\/wp-content\/uploads\/2025\/06\/Webdo-Tunisie_168377.jpg","contentUrl":"https:\/\/www.webdo.tn\/fr\/wp-content\/uploads\/2025\/06\/Webdo-Tunisie_168377.jpg","width":301,"height":301,"caption":"Webdo"},"image":{"@id":"https:\/\/www.webdo.tn\/fr\/#\/schema\/logo\/image\/"},"sameAs":["https:\/\/www.facebook.com\/webdotn","https:\/\/x.com\/webdo_tn"],"description":"Webdo est un m\u00e9dia num\u00e9rique tunisien fond\u00e9 en 2010, sp\u00e9cialis\u00e9 dans l\u2019actualit\u00e9 nationale et internationale, l\u2019\u00e9conomie, la soci\u00e9t\u00e9 et les analyses politiques. Le site s\u2019adresse \u00e0 un large public francophone et couvre l\u2019information tunisienne en temps r\u00e9el.","email":"redac@webdo.tn","legalName":"YNJ SARL","foundingDate":"2010-09-06","numberOfEmployees":{"@type":"QuantitativeValue","minValue":"11","maxValue":"50"}},{"@type":"Person","@id":"https:\/\/www.webdo.tn\/fr\/#\/schema\/person\/2c4929cbf5a809e3bd38617c6ce150f6","name":"MC","image":{"@type":"ImageObject","inLanguage":"fr-FR","@id":"https:\/\/secure.gravatar.com\/avatar\/a545bbb6f84efdd5553dbbc2895e3ca8f1d12c5215e00a041c9670b54aa9b18a?s=96&d=mm&r=g","url":"https:\/\/secure.gravatar.com\/avatar\/a545bbb6f84efdd5553dbbc2895e3ca8f1d12c5215e00a041c9670b54aa9b18a?s=96&d=mm&r=g","contentUrl":"https:\/\/secure.gravatar.com\/avatar\/a545bbb6f84efdd5553dbbc2895e3ca8f1d12c5215e00a041c9670b54aa9b18a?s=96&d=mm&r=g","caption":"MC"},"url":"https:\/\/www.webdo.tn\/fr\/actualite\/author\/mc\/"}]}},"_links":{"self":[{"href":"https:\/\/www.webdo.tn\/fr\/wp-json\/wp\/v2\/posts\/222185","targetHints":{"allow":["GET"]}}],"collection":[{"href":"https:\/\/www.webdo.tn\/fr\/wp-json\/wp\/v2\/posts"}],"about":[{"href":"https:\/\/www.webdo.tn\/fr\/wp-json\/wp\/v2\/types\/post"}],"author":[{"embeddable":true,"href":"https:\/\/www.webdo.tn\/fr\/wp-json\/wp\/v2\/users\/3162"}],"replies":[{"embeddable":true,"href":"https:\/\/www.webdo.tn\/fr\/wp-json\/wp\/v2\/comments?post=222185"}],"version-history":[{"count":0,"href":"https:\/\/www.webdo.tn\/fr\/wp-json\/wp\/v2\/posts\/222185\/revisions"}],"wp:featuredmedia":[{"embeddable":true,"href":"https:\/\/www.webdo.tn\/fr\/wp-json\/wp\/v2\/media\/366042"}],"wp:attachment":[{"href":"https:\/\/www.webdo.tn\/fr\/wp-json\/wp\/v2\/media?parent=222185"}],"wp:term":[{"taxonomy":"category","embeddable":true,"href":"https:\/\/www.webdo.tn\/fr\/wp-json\/wp\/v2\/categories?post=222185"},{"taxonomy":"post_tag","embeddable":true,"href":"https:\/\/www.webdo.tn\/fr\/wp-json\/wp\/v2\/tags?post=222185"}],"curies":[{"name":"wp","href":"https:\/\/api.w.org\/{rel}","templated":true}]}}