{"id":222177,"date":"2025-05-24T10:56:00","date_gmt":"2025-05-24T10:56:00","guid":{"rendered":"https:\/\/www.webdo.tn\/fr\/actualite\/blog\/tunisie-un-chalutier-en-flammes-au-port-de-zarzouna-le-pire-evite\/222177\/"},"modified":"2025-05-24T10:56:00","modified_gmt":"2025-05-24T10:56:00","slug":"tunisie-un-chalutier-en-flammes-au-port-de-zarzouna-le-pire-evite","status":"publish","type":"post","link":"https:\/\/www.webdo.tn\/fr\/actualite\/regions\/tunisie-un-chalutier-en-flammes-au-port-de-zarzouna-le-pire-evite\/222177\/","title":{"rendered":"Tunisie : Un chalutier en flammes au port de Zarzouna, le pire \u00e9vit\u00e9"},"content":{"rendered":"<p>Un incendie s\u2019est d\u00e9clar\u00e9 hier matin \u00e0 bord d\u2019un chalutier amarr\u00e9 au port de p\u00eache de Zarzouna (gouvernorat de Bizerte), sans faire de victime.<\/p>\n<p> L\u2019intervention rapide des unit\u00e9s de la protection civile, appuy\u00e9es par la garde maritime et les structures du port, a permis de circonscrire le feu et d\u2019\u00e9viter sa propagation aux autres embarcations voisines.<\/p>\n<p>Le gouverneur de Bizerte, Salem Ben Ya\u00e2coub, qui pr\u00e9side \u00e9galement la commission r\u00e9gionale de secours, a indiqu\u00e9 \u00e0 l\u2019agence TAP que le plan r\u00e9gional d\u2019intervention d\u2019urgence a \u00e9t\u00e9 imm\u00e9diatement activ\u00e9 d\u00e8s l\u2019alerte donn\u00e9e. Tous les moyens logistiques n\u00e9cessaires ont \u00e9t\u00e9 mobilis\u00e9s afin de venir \u00e0 bout des flammes.<\/p>\n<p>Des unit\u00e9s de la marine nationale et de l\u2019Agence de protection et d\u2019am\u00e9nagement du littoral (APAL) sont \u00e9galement intervenues pour d\u00e9ployer des barrages flottants et aspirer les substances polluantes afin d\u2019\u00e9viter toute contamination des eaux portuaires, a-t-il pr\u00e9cis\u00e9.<\/p>\n<p>Le directeur r\u00e9gional de la protection civile, le colonel-major Hassen Al Ainoubli, a pour sa part affirm\u00e9 que plus de quatre v\u00e9hicules d\u2019intervention et une \u00e9quipe sp\u00e9cialis\u00e9e dans les incendies de bateaux ont \u00e9t\u00e9 mobilis\u00e9s. Gr\u00e2ce \u00e0 leur action coordonn\u00e9e, le feu a pu \u00eatre ma\u00eetris\u00e9 en un temps record, limitant les d\u00e9g\u00e2ts aux seules pertes mat\u00e9rielles, notamment sur le chalutier de 26 m\u00e8tres de long.<\/p>\n<p>Une enqu\u00eate a \u00e9t\u00e9 ouverte pour d\u00e9terminer les circonstances exactes de l&rsquo;incident. Selon les premi\u00e8res constatations, un court-circuit serait \u00e0 l&rsquo;origine du sinistre, en attendant les r\u00e9sultats d\u00e9finitifs de l&rsquo;investigation.<\/p>\n","protected":false},"excerpt":{"rendered":"<p>Un incendie s\u2019est d\u00e9clar\u00e9 hier sur un bateau de p\u00eache au port de Zarzouna (gouvernorat de Bizerte). Le feu a \u00e9t\u00e9 rapidement ma\u00eetris\u00e9 sans faire de victimes, gr\u00e2&#8230;<\/p>\n","protected":false},"author":3162,"featured_media":366060,"comment_status":"open","ping_status":"closed","sticky":false,"template":"","format":"standard","meta":{"footnotes":""},"categories":[2595],"tags":[2707,3089,2929,9237],"class_list":["post-222177","post","type-post","status-publish","format-standard","has-post-thumbnail","hentry","category-regions","tag-bizerte","tag-incendie","tag-port","tag-zarzouna"],"yoast_head":"<!-- This site is optimized with the Yoast SEO Premium plugin v27.5 (Yoast SEO v27.5) - https:\/\/yoast.com\/product\/yoast-seo-premium-wordpress\/ -->\n<title>Tunisie : Un chalutier en flammes au port de Zarzouna, le pire \u00e9vit\u00e9<\/title>\n<meta name=\"description\" content=\"Un incendie s\u2019est d\u00e9clar\u00e9 hier sur un bateau de p\u00eache au port de Zarzouna (gouvernorat de Bizerte). Le feu a \u00e9t\u00e9 rapidement ma\u00eetris\u00e9 sans faire de victimes, gr\u00e2...\" \/>\n<link rel=\"canonical\" href=\"https:\/\/www.webdo.tn\/fr\/actualite\/regions\/tunisie-un-chalutier-en-flammes-au-port-de-zarzouna-le-pire-evite\/222177\/\" \/>\n<meta property=\"og:locale\" content=\"fr_FR\" \/>\n<meta property=\"og:type\" content=\"article\" \/>\n<meta property=\"og:title\" content=\"Tunisie : Un chalutier en flammes au port de Zarzouna, le pire \u00e9vit\u00e9\" \/>\n<meta property=\"og:description\" content=\"Un incendie s\u2019est d\u00e9clar\u00e9 hier sur un bateau de p\u00eache au port de Zarzouna (gouvernorat de Bizerte). Le feu a \u00e9t\u00e9 rapidement ma\u00eetris\u00e9 sans faire de victimes, gr\u00e2...\" \/>\n<meta property=\"og:url\" content=\"https:\/\/www.webdo.tn\/fr\/actualite\/regions\/tunisie-un-chalutier-en-flammes-au-port-de-zarzouna-le-pire-evite\/222177\/\" \/>\n<meta property=\"og:site_name\" content=\"webdo\" \/>\n<meta property=\"article:publisher\" content=\"https:\/\/www.facebook.com\/webdotn\" \/>\n<meta property=\"article:published_time\" content=\"2025-05-24T10:56:00+00:00\" \/>\n<meta property=\"og:image\" content=\"https:\/\/www.webdo.tn\/fr\/wp-content\/uploads\/2025\/05\/016724bad136d1e2fe9c92aecead75a0.webp\" \/>\n\t<meta property=\"og:image:width\" content=\"750\" \/>\n\t<meta property=\"og:image:height\" content=\"400\" \/>\n\t<meta property=\"og:image:type\" content=\"image\/webp\" \/>\n<meta name=\"author\" content=\"MC\" \/>\n<meta name=\"twitter:card\" content=\"summary_large_image\" \/>\n<meta name=\"twitter:creator\" content=\"@webdo_tn\" \/>\n<meta name=\"twitter:site\" content=\"@webdo_tn\" \/>\n<meta name=\"twitter:label1\" content=\"\u00c9crit par\" \/>\n\t<meta name=\"twitter:data1\" content=\"MC\" \/>\n\t<meta name=\"twitter:label2\" content=\"Dur\u00e9e de lecture estim\u00e9e\" \/>\n\t<meta name=\"twitter:data2\" content=\"1 minute\" \/>\n<script type=\"application\/ld+json\" class=\"yoast-schema-graph\">{\"@context\":\"https:\\\/\\\/schema.org\",\"@graph\":[{\"@type\":\"NewsArticle\",\"@id\":\"https:\\\/\\\/www.webdo.tn\\\/fr\\\/actualite\\\/regions\\\/tunisie-un-chalutier-en-flammes-au-port-de-zarzouna-le-pire-evite\\\/222177\\\/#article\",\"isPartOf\":{\"@id\":\"https:\\\/\\\/www.webdo.tn\\\/fr\\\/actualite\\\/regions\\\/tunisie-un-chalutier-en-flammes-au-port-de-zarzouna-le-pire-evite\\\/222177\\\/\"},\"author\":{\"name\":\"MC\",\"@id\":\"https:\\\/\\\/www.webdo.tn\\\/fr\\\/#\\\/schema\\\/person\\\/2c4929cbf5a809e3bd38617c6ce150f6\"},\"headline\":\"Tunisie : Un chalutier en flammes au port de Zarzouna, le pire \u00e9vit\u00e9\",\"datePublished\":\"2025-05-24T10:56:00+00:00\",\"mainEntityOfPage\":{\"@id\":\"https:\\\/\\\/www.webdo.tn\\\/fr\\\/actualite\\\/regions\\\/tunisie-un-chalutier-en-flammes-au-port-de-zarzouna-le-pire-evite\\\/222177\\\/\"},\"wordCount\":293,\"commentCount\":0,\"publisher\":{\"@id\":\"https:\\\/\\\/www.webdo.tn\\\/fr\\\/#organization\"},\"image\":{\"@id\":\"https:\\\/\\\/www.webdo.tn\\\/fr\\\/actualite\\\/regions\\\/tunisie-un-chalutier-en-flammes-au-port-de-zarzouna-le-pire-evite\\\/222177\\\/#primaryimage\"},\"thumbnailUrl\":\"https:\\\/\\\/www.webdo.tn\\\/fr\\\/wp-content\\\/uploads\\\/2025\\\/05\\\/016724bad136d1e2fe9c92aecead75a0.webp\",\"keywords\":[\"Bizerte\",\"incendie\",\"Port\",\"zarzouna\"],\"articleSection\":[\"regions\"],\"inLanguage\":\"fr-FR\"},{\"@type\":\"WebPage\",\"@id\":\"https:\\\/\\\/www.webdo.tn\\\/fr\\\/actualite\\\/regions\\\/tunisie-un-chalutier-en-flammes-au-port-de-zarzouna-le-pire-evite\\\/222177\\\/\",\"url\":\"https:\\\/\\\/www.webdo.tn\\\/fr\\\/actualite\\\/regions\\\/tunisie-un-chalutier-en-flammes-au-port-de-zarzouna-le-pire-evite\\\/222177\\\/\",\"name\":\"Tunisie : Un chalutier en flammes au port de Zarzouna, le pire \u00e9vit\u00e9\",\"isPartOf\":{\"@id\":\"https:\\\/\\\/www.webdo.tn\\\/fr\\\/#website\"},\"primaryImageOfPage\":{\"@id\":\"https:\\\/\\\/www.webdo.tn\\\/fr\\\/actualite\\\/regions\\\/tunisie-un-chalutier-en-flammes-au-port-de-zarzouna-le-pire-evite\\\/222177\\\/#primaryimage\"},\"image\":{\"@id\":\"https:\\\/\\\/www.webdo.tn\\\/fr\\\/actualite\\\/regions\\\/tunisie-un-chalutier-en-flammes-au-port-de-zarzouna-le-pire-evite\\\/222177\\\/#primaryimage\"},\"thumbnailUrl\":\"https:\\\/\\\/www.webdo.tn\\\/fr\\\/wp-content\\\/uploads\\\/2025\\\/05\\\/016724bad136d1e2fe9c92aecead75a0.webp\",\"datePublished\":\"2025-05-24T10:56:00+00:00\",\"description\":\"Un incendie s\u2019est d\u00e9clar\u00e9 hier sur un bateau de p\u00eache au port de Zarzouna (gouvernorat de Bizerte). Le feu a \u00e9t\u00e9 rapidement ma\u00eetris\u00e9 sans faire de victimes, gr\u00e2...\",\"breadcrumb\":{\"@id\":\"https:\\\/\\\/www.webdo.tn\\\/fr\\\/actualite\\\/regions\\\/tunisie-un-chalutier-en-flammes-au-port-de-zarzouna-le-pire-evite\\\/222177\\\/#breadcrumb\"},\"inLanguage\":\"fr-FR\",\"potentialAction\":[{\"@type\":\"ReadAction\",\"target\":[\"https:\\\/\\\/www.webdo.tn\\\/fr\\\/actualite\\\/regions\\\/tunisie-un-chalutier-en-flammes-au-port-de-zarzouna-le-pire-evite\\\/222177\\\/\"]}]},{\"@type\":\"ImageObject\",\"inLanguage\":\"fr-FR\",\"@id\":\"https:\\\/\\\/www.webdo.tn\\\/fr\\\/actualite\\\/regions\\\/tunisie-un-chalutier-en-flammes-au-port-de-zarzouna-le-pire-evite\\\/222177\\\/#primaryimage\",\"url\":\"https:\\\/\\\/www.webdo.tn\\\/fr\\\/wp-content\\\/uploads\\\/2025\\\/05\\\/016724bad136d1e2fe9c92aecead75a0.webp\",\"contentUrl\":\"https:\\\/\\\/www.webdo.tn\\\/fr\\\/wp-content\\\/uploads\\\/2025\\\/05\\\/016724bad136d1e2fe9c92aecead75a0.webp\",\"width\":750,\"height\":400,\"caption\":\"Tunisie : Un chalutier en flammes au port de Zarzouna, le pire \u00e9vit\u00e9\"},{\"@type\":\"BreadcrumbList\",\"@id\":\"https:\\\/\\\/www.webdo.tn\\\/fr\\\/actualite\\\/regions\\\/tunisie-un-chalutier-en-flammes-au-port-de-zarzouna-le-pire-evite\\\/222177\\\/#breadcrumb\",\"itemListElement\":[{\"@type\":\"ListItem\",\"position\":1,\"name\":\"Accueil\",\"item\":\"https:\\\/\\\/www.webdo.tn\\\/fr\\\/\"},{\"@type\":\"ListItem\",\"position\":2,\"name\":\"Tunisie : Un chalutier en flammes au port de Zarzouna, le pire \u00e9vit\u00e9\"}]},{\"@type\":\"WebSite\",\"@id\":\"https:\\\/\\\/www.webdo.tn\\\/fr\\\/#website\",\"url\":\"https:\\\/\\\/www.webdo.tn\\\/fr\\\/\",\"name\":\"webdo\",\"description\":\"Tunisie - News en Tunisie et \u00e0 l&#039;international sur Webdo.tn\",\"publisher\":{\"@id\":\"https:\\\/\\\/www.webdo.tn\\\/fr\\\/#organization\"},\"potentialAction\":[{\"@type\":\"SearchAction\",\"target\":{\"@type\":\"EntryPoint\",\"urlTemplate\":\"https:\\\/\\\/www.webdo.tn\\\/fr\\\/?s={search_term_string}\"},\"query-input\":{\"@type\":\"PropertyValueSpecification\",\"valueRequired\":true,\"valueName\":\"search_term_string\"}}],\"inLanguage\":\"fr-FR\"},{\"@type\":\"Organization\",\"@id\":\"https:\\\/\\\/www.webdo.tn\\\/fr\\\/#organization\",\"name\":\"Webdo\",\"alternateName\":\"Webdo.tn\",\"url\":\"https:\\\/\\\/www.webdo.tn\\\/fr\\\/\",\"logo\":{\"@type\":\"ImageObject\",\"inLanguage\":\"fr-FR\",\"@id\":\"https:\\\/\\\/www.webdo.tn\\\/fr\\\/#\\\/schema\\\/logo\\\/image\\\/\",\"url\":\"https:\\\/\\\/www.webdo.tn\\\/fr\\\/wp-content\\\/uploads\\\/2025\\\/06\\\/Webdo-Tunisie_168377.jpg\",\"contentUrl\":\"https:\\\/\\\/www.webdo.tn\\\/fr\\\/wp-content\\\/uploads\\\/2025\\\/06\\\/Webdo-Tunisie_168377.jpg\",\"width\":301,\"height\":301,\"caption\":\"Webdo\"},\"image\":{\"@id\":\"https:\\\/\\\/www.webdo.tn\\\/fr\\\/#\\\/schema\\\/logo\\\/image\\\/\"},\"sameAs\":[\"https:\\\/\\\/www.facebook.com\\\/webdotn\",\"https:\\\/\\\/x.com\\\/webdo_tn\"],\"description\":\"Webdo est un m\u00e9dia num\u00e9rique tunisien fond\u00e9 en 2010, sp\u00e9cialis\u00e9 dans l\u2019actualit\u00e9 nationale et internationale, l\u2019\u00e9conomie, la soci\u00e9t\u00e9 et les analyses politiques. Le site s\u2019adresse \u00e0 un large public francophone et couvre l\u2019information tunisienne en temps r\u00e9el.\",\"email\":\"redac@webdo.tn\",\"legalName\":\"YNJ SARL\",\"foundingDate\":\"2010-09-06\",\"numberOfEmployees\":{\"@type\":\"QuantitativeValue\",\"minValue\":\"11\",\"maxValue\":\"50\"}},{\"@type\":\"Person\",\"@id\":\"https:\\\/\\\/www.webdo.tn\\\/fr\\\/#\\\/schema\\\/person\\\/2c4929cbf5a809e3bd38617c6ce150f6\",\"name\":\"MC\",\"image\":{\"@type\":\"ImageObject\",\"inLanguage\":\"fr-FR\",\"@id\":\"https:\\\/\\\/secure.gravatar.com\\\/avatar\\\/a545bbb6f84efdd5553dbbc2895e3ca8f1d12c5215e00a041c9670b54aa9b18a?s=96&d=mm&r=g\",\"url\":\"https:\\\/\\\/secure.gravatar.com\\\/avatar\\\/a545bbb6f84efdd5553dbbc2895e3ca8f1d12c5215e00a041c9670b54aa9b18a?s=96&d=mm&r=g\",\"contentUrl\":\"https:\\\/\\\/secure.gravatar.com\\\/avatar\\\/a545bbb6f84efdd5553dbbc2895e3ca8f1d12c5215e00a041c9670b54aa9b18a?s=96&d=mm&r=g\",\"caption\":\"MC\"},\"url\":\"https:\\\/\\\/www.webdo.tn\\\/fr\\\/actualite\\\/author\\\/mc\\\/\"}]}<\/script>\n<!-- \/ Yoast SEO Premium plugin. -->","yoast_head_json":{"title":"Tunisie : Un chalutier en flammes au port de Zarzouna, le pire \u00e9vit\u00e9","description":"Un incendie s\u2019est d\u00e9clar\u00e9 hier sur un bateau de p\u00eache au port de Zarzouna (gouvernorat de Bizerte). Le feu a \u00e9t\u00e9 rapidement ma\u00eetris\u00e9 sans faire de victimes, gr\u00e2...","canonical":"https:\/\/www.webdo.tn\/fr\/actualite\/regions\/tunisie-un-chalutier-en-flammes-au-port-de-zarzouna-le-pire-evite\/222177\/","og_locale":"fr_FR","og_type":"article","og_title":"Tunisie : Un chalutier en flammes au port de Zarzouna, le pire \u00e9vit\u00e9","og_description":"Un incendie s\u2019est d\u00e9clar\u00e9 hier sur un bateau de p\u00eache au port de Zarzouna (gouvernorat de Bizerte). Le feu a \u00e9t\u00e9 rapidement ma\u00eetris\u00e9 sans faire de victimes, gr\u00e2...","og_url":"https:\/\/www.webdo.tn\/fr\/actualite\/regions\/tunisie-un-chalutier-en-flammes-au-port-de-zarzouna-le-pire-evite\/222177\/","og_site_name":"webdo","article_publisher":"https:\/\/www.facebook.com\/webdotn","article_published_time":"2025-05-24T10:56:00+00:00","og_image":[{"width":750,"height":400,"url":"https:\/\/www.webdo.tn\/fr\/wp-content\/uploads\/2025\/05\/016724bad136d1e2fe9c92aecead75a0.webp","type":"image\/webp"}],"author":"MC","twitter_card":"summary_large_image","twitter_creator":"@webdo_tn","twitter_site":"@webdo_tn","twitter_misc":{"\u00c9crit par":"MC","Dur\u00e9e de lecture estim\u00e9e":"1 minute"},"schema":{"@context":"https:\/\/schema.org","@graph":[{"@type":"NewsArticle","@id":"https:\/\/www.webdo.tn\/fr\/actualite\/regions\/tunisie-un-chalutier-en-flammes-au-port-de-zarzouna-le-pire-evite\/222177\/#article","isPartOf":{"@id":"https:\/\/www.webdo.tn\/fr\/actualite\/regions\/tunisie-un-chalutier-en-flammes-au-port-de-zarzouna-le-pire-evite\/222177\/"},"author":{"name":"MC","@id":"https:\/\/www.webdo.tn\/fr\/#\/schema\/person\/2c4929cbf5a809e3bd38617c6ce150f6"},"headline":"Tunisie : Un chalutier en flammes au port de Zarzouna, le pire \u00e9vit\u00e9","datePublished":"2025-05-24T10:56:00+00:00","mainEntityOfPage":{"@id":"https:\/\/www.webdo.tn\/fr\/actualite\/regions\/tunisie-un-chalutier-en-flammes-au-port-de-zarzouna-le-pire-evite\/222177\/"},"wordCount":293,"commentCount":0,"publisher":{"@id":"https:\/\/www.webdo.tn\/fr\/#organization"},"image":{"@id":"https:\/\/www.webdo.tn\/fr\/actualite\/regions\/tunisie-un-chalutier-en-flammes-au-port-de-zarzouna-le-pire-evite\/222177\/#primaryimage"},"thumbnailUrl":"https:\/\/www.webdo.tn\/fr\/wp-content\/uploads\/2025\/05\/016724bad136d1e2fe9c92aecead75a0.webp","keywords":["Bizerte","incendie","Port","zarzouna"],"articleSection":["regions"],"inLanguage":"fr-FR"},{"@type":"WebPage","@id":"https:\/\/www.webdo.tn\/fr\/actualite\/regions\/tunisie-un-chalutier-en-flammes-au-port-de-zarzouna-le-pire-evite\/222177\/","url":"https:\/\/www.webdo.tn\/fr\/actualite\/regions\/tunisie-un-chalutier-en-flammes-au-port-de-zarzouna-le-pire-evite\/222177\/","name":"Tunisie : Un chalutier en flammes au port de Zarzouna, le pire \u00e9vit\u00e9","isPartOf":{"@id":"https:\/\/www.webdo.tn\/fr\/#website"},"primaryImageOfPage":{"@id":"https:\/\/www.webdo.tn\/fr\/actualite\/regions\/tunisie-un-chalutier-en-flammes-au-port-de-zarzouna-le-pire-evite\/222177\/#primaryimage"},"image":{"@id":"https:\/\/www.webdo.tn\/fr\/actualite\/regions\/tunisie-un-chalutier-en-flammes-au-port-de-zarzouna-le-pire-evite\/222177\/#primaryimage"},"thumbnailUrl":"https:\/\/www.webdo.tn\/fr\/wp-content\/uploads\/2025\/05\/016724bad136d1e2fe9c92aecead75a0.webp","datePublished":"2025-05-24T10:56:00+00:00","description":"Un incendie s\u2019est d\u00e9clar\u00e9 hier sur un bateau de p\u00eache au port de Zarzouna (gouvernorat de Bizerte). Le feu a \u00e9t\u00e9 rapidement ma\u00eetris\u00e9 sans faire de victimes, gr\u00e2...","breadcrumb":{"@id":"https:\/\/www.webdo.tn\/fr\/actualite\/regions\/tunisie-un-chalutier-en-flammes-au-port-de-zarzouna-le-pire-evite\/222177\/#breadcrumb"},"inLanguage":"fr-FR","potentialAction":[{"@type":"ReadAction","target":["https:\/\/www.webdo.tn\/fr\/actualite\/regions\/tunisie-un-chalutier-en-flammes-au-port-de-zarzouna-le-pire-evite\/222177\/"]}]},{"@type":"ImageObject","inLanguage":"fr-FR","@id":"https:\/\/www.webdo.tn\/fr\/actualite\/regions\/tunisie-un-chalutier-en-flammes-au-port-de-zarzouna-le-pire-evite\/222177\/#primaryimage","url":"https:\/\/www.webdo.tn\/fr\/wp-content\/uploads\/2025\/05\/016724bad136d1e2fe9c92aecead75a0.webp","contentUrl":"https:\/\/www.webdo.tn\/fr\/wp-content\/uploads\/2025\/05\/016724bad136d1e2fe9c92aecead75a0.webp","width":750,"height":400,"caption":"Tunisie : Un chalutier en flammes au port de Zarzouna, le pire \u00e9vit\u00e9"},{"@type":"BreadcrumbList","@id":"https:\/\/www.webdo.tn\/fr\/actualite\/regions\/tunisie-un-chalutier-en-flammes-au-port-de-zarzouna-le-pire-evite\/222177\/#breadcrumb","itemListElement":[{"@type":"ListItem","position":1,"name":"Accueil","item":"https:\/\/www.webdo.tn\/fr\/"},{"@type":"ListItem","position":2,"name":"Tunisie : Un chalutier en flammes au port de Zarzouna, le pire \u00e9vit\u00e9"}]},{"@type":"WebSite","@id":"https:\/\/www.webdo.tn\/fr\/#website","url":"https:\/\/www.webdo.tn\/fr\/","name":"webdo","description":"Tunisie - News en Tunisie et \u00e0 l&#039;international sur Webdo.tn","publisher":{"@id":"https:\/\/www.webdo.tn\/fr\/#organization"},"potentialAction":[{"@type":"SearchAction","target":{"@type":"EntryPoint","urlTemplate":"https:\/\/www.webdo.tn\/fr\/?s={search_term_string}"},"query-input":{"@type":"PropertyValueSpecification","valueRequired":true,"valueName":"search_term_string"}}],"inLanguage":"fr-FR"},{"@type":"Organization","@id":"https:\/\/www.webdo.tn\/fr\/#organization","name":"Webdo","alternateName":"Webdo.tn","url":"https:\/\/www.webdo.tn\/fr\/","logo":{"@type":"ImageObject","inLanguage":"fr-FR","@id":"https:\/\/www.webdo.tn\/fr\/#\/schema\/logo\/image\/","url":"https:\/\/www.webdo.tn\/fr\/wp-content\/uploads\/2025\/06\/Webdo-Tunisie_168377.jpg","contentUrl":"https:\/\/www.webdo.tn\/fr\/wp-content\/uploads\/2025\/06\/Webdo-Tunisie_168377.jpg","width":301,"height":301,"caption":"Webdo"},"image":{"@id":"https:\/\/www.webdo.tn\/fr\/#\/schema\/logo\/image\/"},"sameAs":["https:\/\/www.facebook.com\/webdotn","https:\/\/x.com\/webdo_tn"],"description":"Webdo est un m\u00e9dia num\u00e9rique tunisien fond\u00e9 en 2010, sp\u00e9cialis\u00e9 dans l\u2019actualit\u00e9 nationale et internationale, l\u2019\u00e9conomie, la soci\u00e9t\u00e9 et les analyses politiques. Le site s\u2019adresse \u00e0 un large public francophone et couvre l\u2019information tunisienne en temps r\u00e9el.","email":"redac@webdo.tn","legalName":"YNJ SARL","foundingDate":"2010-09-06","numberOfEmployees":{"@type":"QuantitativeValue","minValue":"11","maxValue":"50"}},{"@type":"Person","@id":"https:\/\/www.webdo.tn\/fr\/#\/schema\/person\/2c4929cbf5a809e3bd38617c6ce150f6","name":"MC","image":{"@type":"ImageObject","inLanguage":"fr-FR","@id":"https:\/\/secure.gravatar.com\/avatar\/a545bbb6f84efdd5553dbbc2895e3ca8f1d12c5215e00a041c9670b54aa9b18a?s=96&d=mm&r=g","url":"https:\/\/secure.gravatar.com\/avatar\/a545bbb6f84efdd5553dbbc2895e3ca8f1d12c5215e00a041c9670b54aa9b18a?s=96&d=mm&r=g","contentUrl":"https:\/\/secure.gravatar.com\/avatar\/a545bbb6f84efdd5553dbbc2895e3ca8f1d12c5215e00a041c9670b54aa9b18a?s=96&d=mm&r=g","caption":"MC"},"url":"https:\/\/www.webdo.tn\/fr\/actualite\/author\/mc\/"}]}},"_links":{"self":[{"href":"https:\/\/www.webdo.tn\/fr\/wp-json\/wp\/v2\/posts\/222177","targetHints":{"allow":["GET"]}}],"collection":[{"href":"https:\/\/www.webdo.tn\/fr\/wp-json\/wp\/v2\/posts"}],"about":[{"href":"https:\/\/www.webdo.tn\/fr\/wp-json\/wp\/v2\/types\/post"}],"author":[{"embeddable":true,"href":"https:\/\/www.webdo.tn\/fr\/wp-json\/wp\/v2\/users\/3162"}],"replies":[{"embeddable":true,"href":"https:\/\/www.webdo.tn\/fr\/wp-json\/wp\/v2\/comments?post=222177"}],"version-history":[{"count":0,"href":"https:\/\/www.webdo.tn\/fr\/wp-json\/wp\/v2\/posts\/222177\/revisions"}],"wp:featuredmedia":[{"embeddable":true,"href":"https:\/\/www.webdo.tn\/fr\/wp-json\/wp\/v2\/media\/366060"}],"wp:attachment":[{"href":"https:\/\/www.webdo.tn\/fr\/wp-json\/wp\/v2\/media?parent=222177"}],"wp:term":[{"taxonomy":"category","embeddable":true,"href":"https:\/\/www.webdo.tn\/fr\/wp-json\/wp\/v2\/categories?post=222177"},{"taxonomy":"post_tag","embeddable":true,"href":"https:\/\/www.webdo.tn\/fr\/wp-json\/wp\/v2\/tags?post=222177"}],"curies":[{"name":"wp","href":"https:\/\/api.w.org\/{rel}","templated":true}]}}