{"id":222174,"date":"2025-05-24T09:37:00","date_gmt":"2025-05-24T09:37:00","guid":{"rendered":"https:\/\/www.webdo.tn\/fr\/actualite\/blog\/coupe-de-tunisie-le-champion-et-le-tenant-au-pied-d-un-traquenard\/222174\/"},"modified":"2025-05-24T09:37:00","modified_gmt":"2025-05-24T09:37:00","slug":"coupe-de-tunisie-le-champion-et-le-tenant-au-pied-d-un-traquenard","status":"publish","type":"post","link":"https:\/\/www.webdo.tn\/fr\/actualite\/sport\/coupe-de-tunisie-le-champion-et-le-tenant-au-pied-d-un-traquenard\/222174\/","title":{"rendered":"Coupe de Tunisie : Le champion et le tenant au pied d\u2019un traquenard"},"content":{"rendered":"<p>La Coupe de Tunisie entre dans sa zone de v\u00e9rit\u00e9 ce week-end avec deux demi-finales qui ont tout du pi\u00e8ge pour les deux ogres du football national. Le Stade Tunisien, tenant du titre, et l\u2019Esp\u00e9rance de Tunis, fra\u00eechement sacr\u00e9e championne de Ligue 1, devront s\u2019extirper de deux d\u00e9placements aussi dangereux qu\u2019incertains, \u00e0 Monastir et \u00e0 Ben Guerdane.<\/p>\n<p> \u00c0 Monastir, l\u2019ambition flirte avec la l\u00e9gitimit\u00e9. Deuxi\u00e8me du championnat, qualifi\u00e9e pour la Ligue des Champions, l\u2019USM de Faouzi Benzarti r\u00eave d\u2019ajouter une finale de Coupe \u00e0 sa saison d\u00e9j\u00e0 historique. Sur sa pelouse f\u00e9tiche de Ben Jannet, o\u00f9 elle n\u2019a pas trembl\u00e9 une seule fois cette saison, l\u2019\u00e9quipe mise sur une d\u00e9fense de fer (1 but encaiss\u00e9 en Coupe) et un duo Harzi\u2013Mastouri en pleine r\u00e9ussite pour faire tomber un Stade Tunisien coriace.<\/p>\n<p>Le Stade Tunisien, lui, avance \u00e0 couvert. Moins flamboyant, mais diablement efficace, le club du Bardo a gard\u00e9 sa cage inviol\u00e9e tout au long de son parcours. Une solidit\u00e9 d\u00e9fensive coupl\u00e9e \u00e0 l\u2019exp\u00e9rience d\u2019un groupe soud\u00e9, men\u00e9 par des cadres comme Hellal ou Ayadi, bien \u00e9paul\u00e9s par un milieu international (Mugisha, Tour\u00e9, Ndao). C\u2019est une \u00e9quipe qui conna\u00eet la recette des grands rendez-vous.<\/p>\n<p>Dimanche \u00e0 Ben Guerdane, l\u2019Esp\u00e9rance d\u00e9barque avec son habit de favori\u2026 mais attention au syndrome du double jeu. Car si les \u00ab\u00a0Sang et Or\u00a0\u00bb affichent une attaque de feu (13 buts en 3 matchs), le souvenir de 2017 plane encore : cette ann\u00e9e-l\u00e0, l\u2019US Ben Guerdane les avait sortis \u00e0 ce m\u00eame stade de la comp\u00e9tition.<\/p>\n<p>Revigor\u00e9e par le maintien acquis et port\u00e9e par l\u2019\u00e9nergie retrouv\u00e9e sous la houlette d\u2019Afouane Gharbi, l\u2019USBG a prouv\u00e9 qu\u2019elle savait souffrir, se battre et punir. Deux qualifications aux tirs au but et une victoire \u00e0 l\u2019arrach\u00e9e contre le CSS suffisent \u00e0 rappeler que cette \u00e9quipe a du coffre. Iyed Belouafi, en pointe, incarne cette hargne et portera les espoirs d\u2019un stade bouillant.<\/p>\n<p>Entre g\u00e9ants sous pression et challengers en pleine ascension, ces demi-finales ont tout d\u2019un tournant. Les grosses cylindr\u00e9es passeront-elles l\u2019obstacle ou assistera-t-on \u00e0 un nouveau coup de th\u00e9\u00e2tre dans une Coupe toujours impr\u00e9visible ? R\u00e9ponse sur le terrain.<\/p>\n<p>PROGRAMME<\/p>\n<p>Samedi 24 mai (15h30)<\/p>\n<p> US Monastirienne &#8211; Stade Tunisien (Watania 1, Al Kass 4)<\/p>\n<p>Arbitre central : Houssem Boulaares<br \/>\nArbitres assistants : Jamel Dorai et Wassim Hannachi<br \/>\nArbitre rempla\u00e7ant : Montassar Belarbi<br \/>\nArbitres VAR : Oussema Ben Ishak et Fay\u00e7al Mannai<\/p>\n<p>Dimanche 25 mai (15h30)<\/p>\n<p> US Ben Guerdane &#8211; Esp\u00e9rance ST (Watania 1, Al Kass 4)<\/p>\n<p>Arbitre central : Fraj Abdellaoui<br \/>\nArbitres assistants : Khalil Hassani et Ahmed Dhouioui<br \/>\nArbitre rempla\u00e7ant : Mohamed Ali Karouia<br \/>\nArbitres VAR : Naim Hosni et Wael Hannachi<\/p>\n","protected":false},"excerpt":{"rendered":"<p>Demi-finales de la Coupe de Tunisie : le Stade Tunisien et l\u2019Esp\u00e9rance de Tunis affrontent deux d\u00e9placements risqu\u00e9s face \u00e0 l\u2019US Monastir et l\u2019US Ben Guerdane&#8230;.<\/p>\n","protected":false},"author":3189,"featured_media":366055,"comment_status":"open","ping_status":"closed","sticky":false,"template":"","format":"standard","meta":{"footnotes":""},"categories":[2593],"tags":[3168,6274,4676],"class_list":["post-222174","post","type-post","status-publish","format-standard","has-post-thumbnail","hentry","category-sport","tag-coupe-de-tunisie","tag-demi-finales","tag-finale"],"yoast_head":"<!-- This site is optimized with the Yoast SEO Premium plugin v27.4 (Yoast SEO v27.5) - https:\/\/yoast.com\/product\/yoast-seo-premium-wordpress\/ -->\n<title>Coupe de Tunisie : Le champion et le tenant au pied d\u2019un traquenard<\/title>\n<meta name=\"description\" content=\"Demi-finales de la Coupe de Tunisie : le Stade Tunisien et l\u2019Esp\u00e9rance de Tunis affrontent deux d\u00e9placements risqu\u00e9s face \u00e0 l\u2019US Monastir et l\u2019US Ben Guerdane....\" \/>\n<link rel=\"canonical\" href=\"https:\/\/www.webdo.tn\/fr\/actualite\/sport\/coupe-de-tunisie-le-champion-et-le-tenant-au-pied-d-un-traquenard\/222174\/\" \/>\n<meta property=\"og:locale\" content=\"fr_FR\" \/>\n<meta property=\"og:type\" content=\"article\" \/>\n<meta property=\"og:title\" content=\"Coupe de Tunisie : Le champion et le tenant au pied d\u2019un traquenard\" \/>\n<meta property=\"og:description\" content=\"Demi-finales de la Coupe de Tunisie : le Stade Tunisien et l\u2019Esp\u00e9rance de Tunis affrontent deux d\u00e9placements risqu\u00e9s face \u00e0 l\u2019US Monastir et l\u2019US Ben Guerdane....\" \/>\n<meta property=\"og:url\" content=\"https:\/\/www.webdo.tn\/fr\/actualite\/sport\/coupe-de-tunisie-le-champion-et-le-tenant-au-pied-d-un-traquenard\/222174\/\" \/>\n<meta property=\"og:site_name\" content=\"webdo\" \/>\n<meta property=\"article:publisher\" content=\"https:\/\/www.facebook.com\/webdotn\" \/>\n<meta property=\"article:author\" content=\"https:\/\/www.facebook.com\/youssef.rc.92\" \/>\n<meta property=\"article:published_time\" content=\"2025-05-24T09:37:00+00:00\" \/>\n<meta property=\"og:image\" content=\"https:\/\/www.webdo.tn\/fr\/wp-content\/uploads\/2025\/05\/7ec9ec80f012619d034f9f24dc587dd3.webp\" \/>\n\t<meta property=\"og:image:width\" content=\"685\" \/>\n\t<meta property=\"og:image:height\" content=\"365\" \/>\n\t<meta property=\"og:image:type\" content=\"image\/webp\" \/>\n<meta name=\"author\" content=\"Maher Chaabane\" \/>\n<meta name=\"twitter:card\" content=\"summary_large_image\" \/>\n<meta name=\"twitter:creator\" content=\"@webdo_tn\" \/>\n<meta name=\"twitter:site\" content=\"@webdo_tn\" \/>\n<meta name=\"twitter:label1\" content=\"\u00c9crit par\" \/>\n\t<meta name=\"twitter:data1\" content=\"Maher Chaabane\" \/>\n\t<meta name=\"twitter:label2\" content=\"Dur\u00e9e de lecture estim\u00e9e\" \/>\n\t<meta name=\"twitter:data2\" content=\"2 minutes\" \/>\n<script type=\"application\/ld+json\" class=\"yoast-schema-graph\">{\"@context\":\"https:\\\/\\\/schema.org\",\"@graph\":[{\"@type\":\"NewsArticle\",\"@id\":\"https:\\\/\\\/www.webdo.tn\\\/fr\\\/actualite\\\/sport\\\/coupe-de-tunisie-le-champion-et-le-tenant-au-pied-d-un-traquenard\\\/222174\\\/#article\",\"isPartOf\":{\"@id\":\"https:\\\/\\\/www.webdo.tn\\\/fr\\\/actualite\\\/sport\\\/coupe-de-tunisie-le-champion-et-le-tenant-au-pied-d-un-traquenard\\\/222174\\\/\"},\"author\":{\"name\":\"Maher Chaabane\",\"@id\":\"https:\\\/\\\/www.webdo.tn\\\/fr\\\/#\\\/schema\\\/person\\\/57c261717927697fcf719ab1058a8003\"},\"headline\":\"Coupe de Tunisie : Le champion et le tenant au pied d\u2019un traquenard\",\"datePublished\":\"2025-05-24T09:37:00+00:00\",\"mainEntityOfPage\":{\"@id\":\"https:\\\/\\\/www.webdo.tn\\\/fr\\\/actualite\\\/sport\\\/coupe-de-tunisie-le-champion-et-le-tenant-au-pied-d-un-traquenard\\\/222174\\\/\"},\"wordCount\":475,\"commentCount\":0,\"publisher\":{\"@id\":\"https:\\\/\\\/www.webdo.tn\\\/fr\\\/#organization\"},\"image\":{\"@id\":\"https:\\\/\\\/www.webdo.tn\\\/fr\\\/actualite\\\/sport\\\/coupe-de-tunisie-le-champion-et-le-tenant-au-pied-d-un-traquenard\\\/222174\\\/#primaryimage\"},\"thumbnailUrl\":\"https:\\\/\\\/www.webdo.tn\\\/fr\\\/wp-content\\\/uploads\\\/2025\\\/05\\\/7ec9ec80f012619d034f9f24dc587dd3.webp\",\"keywords\":[\"coupe de tunisie\",\"demi-finales\",\"finale\"],\"articleSection\":[\"Sport\"],\"inLanguage\":\"fr-FR\"},{\"@type\":\"WebPage\",\"@id\":\"https:\\\/\\\/www.webdo.tn\\\/fr\\\/actualite\\\/sport\\\/coupe-de-tunisie-le-champion-et-le-tenant-au-pied-d-un-traquenard\\\/222174\\\/\",\"url\":\"https:\\\/\\\/www.webdo.tn\\\/fr\\\/actualite\\\/sport\\\/coupe-de-tunisie-le-champion-et-le-tenant-au-pied-d-un-traquenard\\\/222174\\\/\",\"name\":\"Coupe de Tunisie : Le champion et le tenant au pied d\u2019un traquenard\",\"isPartOf\":{\"@id\":\"https:\\\/\\\/www.webdo.tn\\\/fr\\\/#website\"},\"primaryImageOfPage\":{\"@id\":\"https:\\\/\\\/www.webdo.tn\\\/fr\\\/actualite\\\/sport\\\/coupe-de-tunisie-le-champion-et-le-tenant-au-pied-d-un-traquenard\\\/222174\\\/#primaryimage\"},\"image\":{\"@id\":\"https:\\\/\\\/www.webdo.tn\\\/fr\\\/actualite\\\/sport\\\/coupe-de-tunisie-le-champion-et-le-tenant-au-pied-d-un-traquenard\\\/222174\\\/#primaryimage\"},\"thumbnailUrl\":\"https:\\\/\\\/www.webdo.tn\\\/fr\\\/wp-content\\\/uploads\\\/2025\\\/05\\\/7ec9ec80f012619d034f9f24dc587dd3.webp\",\"datePublished\":\"2025-05-24T09:37:00+00:00\",\"description\":\"Demi-finales de la Coupe de Tunisie : le Stade Tunisien et l\u2019Esp\u00e9rance de Tunis affrontent deux d\u00e9placements risqu\u00e9s face \u00e0 l\u2019US Monastir et l\u2019US Ben Guerdane....\",\"breadcrumb\":{\"@id\":\"https:\\\/\\\/www.webdo.tn\\\/fr\\\/actualite\\\/sport\\\/coupe-de-tunisie-le-champion-et-le-tenant-au-pied-d-un-traquenard\\\/222174\\\/#breadcrumb\"},\"inLanguage\":\"fr-FR\",\"potentialAction\":[{\"@type\":\"ReadAction\",\"target\":[\"https:\\\/\\\/www.webdo.tn\\\/fr\\\/actualite\\\/sport\\\/coupe-de-tunisie-le-champion-et-le-tenant-au-pied-d-un-traquenard\\\/222174\\\/\"]}]},{\"@type\":\"ImageObject\",\"inLanguage\":\"fr-FR\",\"@id\":\"https:\\\/\\\/www.webdo.tn\\\/fr\\\/actualite\\\/sport\\\/coupe-de-tunisie-le-champion-et-le-tenant-au-pied-d-un-traquenard\\\/222174\\\/#primaryimage\",\"url\":\"https:\\\/\\\/www.webdo.tn\\\/fr\\\/wp-content\\\/uploads\\\/2025\\\/05\\\/7ec9ec80f012619d034f9f24dc587dd3.webp\",\"contentUrl\":\"https:\\\/\\\/www.webdo.tn\\\/fr\\\/wp-content\\\/uploads\\\/2025\\\/05\\\/7ec9ec80f012619d034f9f24dc587dd3.webp\",\"width\":685,\"height\":365,\"caption\":\"Coupe de Tunisie : Le champion et le tenant au pied d\u2019un traquenard\"},{\"@type\":\"BreadcrumbList\",\"@id\":\"https:\\\/\\\/www.webdo.tn\\\/fr\\\/actualite\\\/sport\\\/coupe-de-tunisie-le-champion-et-le-tenant-au-pied-d-un-traquenard\\\/222174\\\/#breadcrumb\",\"itemListElement\":[{\"@type\":\"ListItem\",\"position\":1,\"name\":\"Accueil\",\"item\":\"https:\\\/\\\/www.webdo.tn\\\/fr\\\/\"},{\"@type\":\"ListItem\",\"position\":2,\"name\":\"Coupe de Tunisie : Le champion et le tenant au pied d\u2019un traquenard\"}]},{\"@type\":\"WebSite\",\"@id\":\"https:\\\/\\\/www.webdo.tn\\\/fr\\\/#website\",\"url\":\"https:\\\/\\\/www.webdo.tn\\\/fr\\\/\",\"name\":\"webdo\",\"description\":\"Tunisie - News en Tunisie et \u00e0 l&#039;international sur Webdo.tn\",\"publisher\":{\"@id\":\"https:\\\/\\\/www.webdo.tn\\\/fr\\\/#organization\"},\"potentialAction\":[{\"@type\":\"SearchAction\",\"target\":{\"@type\":\"EntryPoint\",\"urlTemplate\":\"https:\\\/\\\/www.webdo.tn\\\/fr\\\/?s={search_term_string}\"},\"query-input\":{\"@type\":\"PropertyValueSpecification\",\"valueRequired\":true,\"valueName\":\"search_term_string\"}}],\"inLanguage\":\"fr-FR\"},{\"@type\":\"Organization\",\"@id\":\"https:\\\/\\\/www.webdo.tn\\\/fr\\\/#organization\",\"name\":\"Webdo\",\"alternateName\":\"Webdo.tn\",\"url\":\"https:\\\/\\\/www.webdo.tn\\\/fr\\\/\",\"logo\":{\"@type\":\"ImageObject\",\"inLanguage\":\"fr-FR\",\"@id\":\"https:\\\/\\\/www.webdo.tn\\\/fr\\\/#\\\/schema\\\/logo\\\/image\\\/\",\"url\":\"https:\\\/\\\/www.webdo.tn\\\/fr\\\/wp-content\\\/uploads\\\/2025\\\/06\\\/Webdo-Tunisie_168377.jpg\",\"contentUrl\":\"https:\\\/\\\/www.webdo.tn\\\/fr\\\/wp-content\\\/uploads\\\/2025\\\/06\\\/Webdo-Tunisie_168377.jpg\",\"width\":301,\"height\":301,\"caption\":\"Webdo\"},\"image\":{\"@id\":\"https:\\\/\\\/www.webdo.tn\\\/fr\\\/#\\\/schema\\\/logo\\\/image\\\/\"},\"sameAs\":[\"https:\\\/\\\/www.facebook.com\\\/webdotn\",\"https:\\\/\\\/x.com\\\/webdo_tn\"],\"description\":\"Webdo est un m\u00e9dia num\u00e9rique tunisien fond\u00e9 en 2010, sp\u00e9cialis\u00e9 dans l\u2019actualit\u00e9 nationale et internationale, l\u2019\u00e9conomie, la soci\u00e9t\u00e9 et les analyses politiques. Le site s\u2019adresse \u00e0 un large public francophone et couvre l\u2019information tunisienne en temps r\u00e9el.\",\"email\":\"redac@webdo.tn\",\"legalName\":\"YNJ SARL\",\"foundingDate\":\"2010-09-06\",\"numberOfEmployees\":{\"@type\":\"QuantitativeValue\",\"minValue\":\"11\",\"maxValue\":\"50\"}},{\"@type\":\"Person\",\"@id\":\"https:\\\/\\\/www.webdo.tn\\\/fr\\\/#\\\/schema\\\/person\\\/57c261717927697fcf719ab1058a8003\",\"name\":\"Maher Chaabane\",\"image\":{\"@type\":\"ImageObject\",\"inLanguage\":\"fr-FR\",\"@id\":\"https:\\\/\\\/www.webdo.tn\\\/fr\\\/wp-content\\\/uploads\\\/2026\\\/04\\\/maher-chaabane_avatar_2-96x96.jpg\",\"url\":\"https:\\\/\\\/www.webdo.tn\\\/fr\\\/wp-content\\\/uploads\\\/2026\\\/04\\\/maher-chaabane_avatar_2-96x96.jpg\",\"contentUrl\":\"https:\\\/\\\/www.webdo.tn\\\/fr\\\/wp-content\\\/uploads\\\/2026\\\/04\\\/maher-chaabane_avatar_2-96x96.jpg\",\"caption\":\"Maher Chaabane\"},\"description\":\"Maher Chaabane est journaliste et r\u00e9dacteur en chef de Webdo.tn depuis 2012. Il d\u00e9bute sa carri\u00e8re au sein du groupe Tunis Hebdo en 2000, o\u00f9 il couvre pendant plusieurs ann\u00e9es l\u2019actualit\u00e9 sportive et internationale, avant d\u2019occuper les fonctions de r\u00e9dacteur en chef adjoint. Fort de plus de deux d\u00e9cennies d\u2019exp\u00e9rience dans le journalisme, il supervise aujourd\u2019hui la production \u00e9ditoriale de Webdo et contribue activement \u00e0 la ligne du m\u00e9dia, en particulier sur les sujets d\u2019actualit\u00e9 nationale et internationale. https:\\\/\\\/www.facebook.com\\\/youssef.rc.92\",\"sameAs\":[\"https:\\\/\\\/www.facebook.com\\\/youssef.rc.92\"],\"knowsAbout\":[\"journalisme\",\"actualit\u00e9 internationale\",\"sport\",\"r\u00e9daction\",\"m\u00e9dias\",\"information\"],\"knowsLanguage\":[\"Fran\u00e7ais\",\"Arabe\"],\"jobTitle\":\"R\u00e9dacteur en chef\",\"worksFor\":\"Webdo.tn\",\"url\":\"https:\\\/\\\/www.webdo.tn\\\/fr\\\/actualite\\\/author\\\/maher-chaabane\\\/\"}]}<\/script>\n<!-- \/ Yoast SEO Premium plugin. -->","yoast_head_json":{"title":"Coupe de Tunisie : Le champion et le tenant au pied d\u2019un traquenard","description":"Demi-finales de la Coupe de Tunisie : le Stade Tunisien et l\u2019Esp\u00e9rance de Tunis affrontent deux d\u00e9placements risqu\u00e9s face \u00e0 l\u2019US Monastir et l\u2019US Ben Guerdane....","canonical":"https:\/\/www.webdo.tn\/fr\/actualite\/sport\/coupe-de-tunisie-le-champion-et-le-tenant-au-pied-d-un-traquenard\/222174\/","og_locale":"fr_FR","og_type":"article","og_title":"Coupe de Tunisie : Le champion et le tenant au pied d\u2019un traquenard","og_description":"Demi-finales de la Coupe de Tunisie : le Stade Tunisien et l\u2019Esp\u00e9rance de Tunis affrontent deux d\u00e9placements risqu\u00e9s face \u00e0 l\u2019US Monastir et l\u2019US Ben Guerdane....","og_url":"https:\/\/www.webdo.tn\/fr\/actualite\/sport\/coupe-de-tunisie-le-champion-et-le-tenant-au-pied-d-un-traquenard\/222174\/","og_site_name":"webdo","article_publisher":"https:\/\/www.facebook.com\/webdotn","article_author":"https:\/\/www.facebook.com\/youssef.rc.92","article_published_time":"2025-05-24T09:37:00+00:00","og_image":[{"width":685,"height":365,"url":"https:\/\/www.webdo.tn\/fr\/wp-content\/uploads\/2025\/05\/7ec9ec80f012619d034f9f24dc587dd3.webp","type":"image\/webp"}],"author":"Maher Chaabane","twitter_card":"summary_large_image","twitter_creator":"@webdo_tn","twitter_site":"@webdo_tn","twitter_misc":{"\u00c9crit par":"Maher Chaabane","Dur\u00e9e de lecture estim\u00e9e":"2 minutes"},"schema":{"@context":"https:\/\/schema.org","@graph":[{"@type":"NewsArticle","@id":"https:\/\/www.webdo.tn\/fr\/actualite\/sport\/coupe-de-tunisie-le-champion-et-le-tenant-au-pied-d-un-traquenard\/222174\/#article","isPartOf":{"@id":"https:\/\/www.webdo.tn\/fr\/actualite\/sport\/coupe-de-tunisie-le-champion-et-le-tenant-au-pied-d-un-traquenard\/222174\/"},"author":{"name":"Maher Chaabane","@id":"https:\/\/www.webdo.tn\/fr\/#\/schema\/person\/57c261717927697fcf719ab1058a8003"},"headline":"Coupe de Tunisie : Le champion et le tenant au pied d\u2019un traquenard","datePublished":"2025-05-24T09:37:00+00:00","mainEntityOfPage":{"@id":"https:\/\/www.webdo.tn\/fr\/actualite\/sport\/coupe-de-tunisie-le-champion-et-le-tenant-au-pied-d-un-traquenard\/222174\/"},"wordCount":475,"commentCount":0,"publisher":{"@id":"https:\/\/www.webdo.tn\/fr\/#organization"},"image":{"@id":"https:\/\/www.webdo.tn\/fr\/actualite\/sport\/coupe-de-tunisie-le-champion-et-le-tenant-au-pied-d-un-traquenard\/222174\/#primaryimage"},"thumbnailUrl":"https:\/\/www.webdo.tn\/fr\/wp-content\/uploads\/2025\/05\/7ec9ec80f012619d034f9f24dc587dd3.webp","keywords":["coupe de tunisie","demi-finales","finale"],"articleSection":["Sport"],"inLanguage":"fr-FR"},{"@type":"WebPage","@id":"https:\/\/www.webdo.tn\/fr\/actualite\/sport\/coupe-de-tunisie-le-champion-et-le-tenant-au-pied-d-un-traquenard\/222174\/","url":"https:\/\/www.webdo.tn\/fr\/actualite\/sport\/coupe-de-tunisie-le-champion-et-le-tenant-au-pied-d-un-traquenard\/222174\/","name":"Coupe de Tunisie : Le champion et le tenant au pied d\u2019un traquenard","isPartOf":{"@id":"https:\/\/www.webdo.tn\/fr\/#website"},"primaryImageOfPage":{"@id":"https:\/\/www.webdo.tn\/fr\/actualite\/sport\/coupe-de-tunisie-le-champion-et-le-tenant-au-pied-d-un-traquenard\/222174\/#primaryimage"},"image":{"@id":"https:\/\/www.webdo.tn\/fr\/actualite\/sport\/coupe-de-tunisie-le-champion-et-le-tenant-au-pied-d-un-traquenard\/222174\/#primaryimage"},"thumbnailUrl":"https:\/\/www.webdo.tn\/fr\/wp-content\/uploads\/2025\/05\/7ec9ec80f012619d034f9f24dc587dd3.webp","datePublished":"2025-05-24T09:37:00+00:00","description":"Demi-finales de la Coupe de Tunisie : le Stade Tunisien et l\u2019Esp\u00e9rance de Tunis affrontent deux d\u00e9placements risqu\u00e9s face \u00e0 l\u2019US Monastir et l\u2019US Ben Guerdane....","breadcrumb":{"@id":"https:\/\/www.webdo.tn\/fr\/actualite\/sport\/coupe-de-tunisie-le-champion-et-le-tenant-au-pied-d-un-traquenard\/222174\/#breadcrumb"},"inLanguage":"fr-FR","potentialAction":[{"@type":"ReadAction","target":["https:\/\/www.webdo.tn\/fr\/actualite\/sport\/coupe-de-tunisie-le-champion-et-le-tenant-au-pied-d-un-traquenard\/222174\/"]}]},{"@type":"ImageObject","inLanguage":"fr-FR","@id":"https:\/\/www.webdo.tn\/fr\/actualite\/sport\/coupe-de-tunisie-le-champion-et-le-tenant-au-pied-d-un-traquenard\/222174\/#primaryimage","url":"https:\/\/www.webdo.tn\/fr\/wp-content\/uploads\/2025\/05\/7ec9ec80f012619d034f9f24dc587dd3.webp","contentUrl":"https:\/\/www.webdo.tn\/fr\/wp-content\/uploads\/2025\/05\/7ec9ec80f012619d034f9f24dc587dd3.webp","width":685,"height":365,"caption":"Coupe de Tunisie : Le champion et le tenant au pied d\u2019un traquenard"},{"@type":"BreadcrumbList","@id":"https:\/\/www.webdo.tn\/fr\/actualite\/sport\/coupe-de-tunisie-le-champion-et-le-tenant-au-pied-d-un-traquenard\/222174\/#breadcrumb","itemListElement":[{"@type":"ListItem","position":1,"name":"Accueil","item":"https:\/\/www.webdo.tn\/fr\/"},{"@type":"ListItem","position":2,"name":"Coupe de Tunisie : Le champion et le tenant au pied d\u2019un traquenard"}]},{"@type":"WebSite","@id":"https:\/\/www.webdo.tn\/fr\/#website","url":"https:\/\/www.webdo.tn\/fr\/","name":"webdo","description":"Tunisie - News en Tunisie et \u00e0 l&#039;international sur Webdo.tn","publisher":{"@id":"https:\/\/www.webdo.tn\/fr\/#organization"},"potentialAction":[{"@type":"SearchAction","target":{"@type":"EntryPoint","urlTemplate":"https:\/\/www.webdo.tn\/fr\/?s={search_term_string}"},"query-input":{"@type":"PropertyValueSpecification","valueRequired":true,"valueName":"search_term_string"}}],"inLanguage":"fr-FR"},{"@type":"Organization","@id":"https:\/\/www.webdo.tn\/fr\/#organization","name":"Webdo","alternateName":"Webdo.tn","url":"https:\/\/www.webdo.tn\/fr\/","logo":{"@type":"ImageObject","inLanguage":"fr-FR","@id":"https:\/\/www.webdo.tn\/fr\/#\/schema\/logo\/image\/","url":"https:\/\/www.webdo.tn\/fr\/wp-content\/uploads\/2025\/06\/Webdo-Tunisie_168377.jpg","contentUrl":"https:\/\/www.webdo.tn\/fr\/wp-content\/uploads\/2025\/06\/Webdo-Tunisie_168377.jpg","width":301,"height":301,"caption":"Webdo"},"image":{"@id":"https:\/\/www.webdo.tn\/fr\/#\/schema\/logo\/image\/"},"sameAs":["https:\/\/www.facebook.com\/webdotn","https:\/\/x.com\/webdo_tn"],"description":"Webdo est un m\u00e9dia num\u00e9rique tunisien fond\u00e9 en 2010, sp\u00e9cialis\u00e9 dans l\u2019actualit\u00e9 nationale et internationale, l\u2019\u00e9conomie, la soci\u00e9t\u00e9 et les analyses politiques. Le site s\u2019adresse \u00e0 un large public francophone et couvre l\u2019information tunisienne en temps r\u00e9el.","email":"redac@webdo.tn","legalName":"YNJ SARL","foundingDate":"2010-09-06","numberOfEmployees":{"@type":"QuantitativeValue","minValue":"11","maxValue":"50"}},{"@type":"Person","@id":"https:\/\/www.webdo.tn\/fr\/#\/schema\/person\/57c261717927697fcf719ab1058a8003","name":"Maher Chaabane","image":{"@type":"ImageObject","inLanguage":"fr-FR","@id":"https:\/\/www.webdo.tn\/fr\/wp-content\/uploads\/2026\/04\/maher-chaabane_avatar_2-96x96.jpg","url":"https:\/\/www.webdo.tn\/fr\/wp-content\/uploads\/2026\/04\/maher-chaabane_avatar_2-96x96.jpg","contentUrl":"https:\/\/www.webdo.tn\/fr\/wp-content\/uploads\/2026\/04\/maher-chaabane_avatar_2-96x96.jpg","caption":"Maher Chaabane"},"description":"Maher Chaabane est journaliste et r\u00e9dacteur en chef de Webdo.tn depuis 2012. Il d\u00e9bute sa carri\u00e8re au sein du groupe Tunis Hebdo en 2000, o\u00f9 il couvre pendant plusieurs ann\u00e9es l\u2019actualit\u00e9 sportive et internationale, avant d\u2019occuper les fonctions de r\u00e9dacteur en chef adjoint. Fort de plus de deux d\u00e9cennies d\u2019exp\u00e9rience dans le journalisme, il supervise aujourd\u2019hui la production \u00e9ditoriale de Webdo et contribue activement \u00e0 la ligne du m\u00e9dia, en particulier sur les sujets d\u2019actualit\u00e9 nationale et internationale. https:\/\/www.facebook.com\/youssef.rc.92","sameAs":["https:\/\/www.facebook.com\/youssef.rc.92"],"knowsAbout":["journalisme","actualit\u00e9 internationale","sport","r\u00e9daction","m\u00e9dias","information"],"knowsLanguage":["Fran\u00e7ais","Arabe"],"jobTitle":"R\u00e9dacteur en chef","worksFor":"Webdo.tn","url":"https:\/\/www.webdo.tn\/fr\/actualite\/author\/maher-chaabane\/"}]}},"_links":{"self":[{"href":"https:\/\/www.webdo.tn\/fr\/wp-json\/wp\/v2\/posts\/222174","targetHints":{"allow":["GET"]}}],"collection":[{"href":"https:\/\/www.webdo.tn\/fr\/wp-json\/wp\/v2\/posts"}],"about":[{"href":"https:\/\/www.webdo.tn\/fr\/wp-json\/wp\/v2\/types\/post"}],"author":[{"embeddable":true,"href":"https:\/\/www.webdo.tn\/fr\/wp-json\/wp\/v2\/users\/3189"}],"replies":[{"embeddable":true,"href":"https:\/\/www.webdo.tn\/fr\/wp-json\/wp\/v2\/comments?post=222174"}],"version-history":[{"count":0,"href":"https:\/\/www.webdo.tn\/fr\/wp-json\/wp\/v2\/posts\/222174\/revisions"}],"wp:featuredmedia":[{"embeddable":true,"href":"https:\/\/www.webdo.tn\/fr\/wp-json\/wp\/v2\/media\/366055"}],"wp:attachment":[{"href":"https:\/\/www.webdo.tn\/fr\/wp-json\/wp\/v2\/media?parent=222174"}],"wp:term":[{"taxonomy":"category","embeddable":true,"href":"https:\/\/www.webdo.tn\/fr\/wp-json\/wp\/v2\/categories?post=222174"},{"taxonomy":"post_tag","embeddable":true,"href":"https:\/\/www.webdo.tn\/fr\/wp-json\/wp\/v2\/tags?post=222174"}],"curies":[{"name":"wp","href":"https:\/\/api.w.org\/{rel}","templated":true}]}}