{"id":222157,"date":"2025-05-23T16:10:00","date_gmt":"2025-05-23T16:10:00","guid":{"rendered":"https:\/\/www.webdo.tn\/fr\/actualite\/blog\/tunisie-taieb-bouaicha-reclame-un-grand-menage-au-sein-de-l-ugtt\/222157\/"},"modified":"2025-05-23T16:10:00","modified_gmt":"2025-05-23T16:10:00","slug":"tunisie-taieb-bouaicha-reclame-un-grand-menage-au-sein-de-l-ugtt","status":"publish","type":"post","link":"https:\/\/www.webdo.tn\/fr\/actualite\/national\/tunisie-taieb-bouaicha-reclame-un-grand-menage-au-sein-de-l-ugtt\/222157\/","title":{"rendered":"Tunisie : Ta\u00efeb Boua\u00efcha r\u00e9clame un grand m\u00e9nage au sein de l\u2019UGTT"},"content":{"rendered":"<p>Lors de son intervention ce vendredi 23 mai 2025 sur les ondes de Midi Show, Ta\u00efeb Boua\u00efcha, figure de l\u2019opposition au sein de l\u2019Union g\u00e9n\u00e9rale tunisienne du travail (UGTT), a lanc\u00e9 un appel clair et ferme : il faut refonder l\u2019organisation de fond en comble. Selon lui, la situation actuelle de la centrale syndicale est critique et n\u00e9cessite des mesures drastiques.<\/p>\n<p> Boua\u00efcha n\u2019a pas m\u00e2ch\u00e9 ses mots : il exige le d\u00e9part pur et simple de l\u2019actuelle direction syndicale, qu\u2019il estime d\u00e9connect\u00e9e et comptable d\u2019une gestion opaque et inefficace. Il r\u00e9clame aussi la convocation d\u2019un Conseil national urgent, afin d\u2019adopter une s\u00e9rie de r\u00e9formes structurelles.<\/p>\n<p>Parmi les changements qu\u2019il juge indispensables : une r\u00e9vision en profondeur des statuts et du r\u00e8glement int\u00e9rieur de l\u2019UGTT. Objectif ? Mettre fin au pouvoir jug\u00e9 \u00ab absolu \u00bb du bureau ex\u00e9cutif, d\u00e9centraliser la prise de d\u00e9cision, et garantir l\u2019autonomie des secteurs dans leurs luttes.<\/p>\n<p>Il a \u00e9galement point\u00e9 du doigt la gestion financi\u00e8re de l&rsquo;organisation, qualifi\u00e9e de \u00ab d\u00e9rive \u00bb, d\u00e9non\u00e7ant des d\u00e9penses exag\u00e9r\u00e9es et sans justification claire, engag\u00e9es sans aucun contr\u00f4le d\u00e9mocratique. Une transparence financi\u00e8re compl\u00e8te s\u2019impose, selon lui.<\/p>\n<p>Pour Boua\u00efcha, l\u2019UGTT, forte de son histoire et de sa base militante, a perdu de sa substance en s\u2019\u00e9loignant de ses valeurs fondatrices. Il rappelle que l\u2019organisation syndicale a toujours \u00e9t\u00e9 un acteur majeur dans la vie politique tunisienne depuis 1956, et qu\u2019elle doit aujourd\u2019hui repenser son r\u00f4le social \u00e0 l\u2019aune des nouveaux d\u00e9fis.<\/p>\n<p>Il a notamment soulign\u00e9 l\u2019importance du r\u00f4le jou\u00e9 par l\u2019UGTT dans les moments charni\u00e8res de l\u2019histoire du pays, comme en 2014. Or, selon lui, la direction actuelle a fragilis\u00e9 cette stature historique en multipliant les compromissions avec le pouvoir, trahissant ainsi la mission du syndicat.<\/p>\n<p>En r\u00e9sum\u00e9, Boua\u00efcha tire la sonnette d\u2019alarme : l\u2019UGTT doit op\u00e9rer un virage radical, ou risquer de sombrer dans l\u2019insignifiance.<\/p>\n","protected":false},"excerpt":{"rendered":"<p>Ta\u00efeb Boua\u00efcha, opposant au sein de l\u2019UGTT, appelle \u00e0 une refonte totale de la centrale syndicale. Il exige le d\u00e9part de la direction actuelle, une r\u00e9forme des&#8230;<\/p>\n","protected":false},"author":3162,"featured_media":366049,"comment_status":"open","ping_status":"closed","sticky":false,"template":"","format":"standard","meta":{"footnotes":""},"categories":[44],"tags":[3093,2608,2649],"class_list":["post-222157","post","type-post","status-publish","format-standard","has-post-thumbnail","hentry","category-national","tag-syndicat","tag-tunisie","tag-ugtt"],"yoast_head":"<!-- This site is optimized with the Yoast SEO Premium plugin v27.4 (Yoast SEO v27.5) - https:\/\/yoast.com\/product\/yoast-seo-premium-wordpress\/ -->\n<title>Tunisie : Ta\u00efeb Boua\u00efcha r\u00e9clame un grand m\u00e9nage au sein de l\u2019UGTT<\/title>\n<meta name=\"description\" content=\"Ta\u00efeb Boua\u00efcha, opposant au sein de l\u2019UGTT, appelle \u00e0 une refonte totale de la centrale syndicale. Il exige le d\u00e9part de la direction actuelle, une r\u00e9forme des...\" \/>\n<link rel=\"canonical\" href=\"https:\/\/www.webdo.tn\/fr\/actualite\/national\/tunisie-taieb-bouaicha-reclame-un-grand-menage-au-sein-de-l-ugtt\/222157\/\" \/>\n<meta property=\"og:locale\" content=\"fr_FR\" \/>\n<meta property=\"og:type\" content=\"article\" \/>\n<meta property=\"og:title\" content=\"Tunisie : Ta\u00efeb Boua\u00efcha r\u00e9clame un grand m\u00e9nage au sein de l\u2019UGTT\" \/>\n<meta property=\"og:description\" content=\"Ta\u00efeb Boua\u00efcha, opposant au sein de l\u2019UGTT, appelle \u00e0 une refonte totale de la centrale syndicale. Il exige le d\u00e9part de la direction actuelle, une r\u00e9forme des...\" \/>\n<meta property=\"og:url\" content=\"https:\/\/www.webdo.tn\/fr\/actualite\/national\/tunisie-taieb-bouaicha-reclame-un-grand-menage-au-sein-de-l-ugtt\/222157\/\" \/>\n<meta property=\"og:site_name\" content=\"webdo\" \/>\n<meta property=\"article:publisher\" content=\"https:\/\/www.facebook.com\/webdotn\" \/>\n<meta property=\"article:published_time\" content=\"2025-05-23T16:10:00+00:00\" \/>\n<meta property=\"og:image\" content=\"https:\/\/www.webdo.tn\/fr\/wp-content\/uploads\/2025\/05\/4952455b9236f94e90c093745b27b1bd.webp\" \/>\n\t<meta property=\"og:image:width\" content=\"750\" \/>\n\t<meta property=\"og:image:height\" content=\"400\" \/>\n\t<meta property=\"og:image:type\" content=\"image\/webp\" \/>\n<meta name=\"author\" content=\"MC\" \/>\n<meta name=\"twitter:card\" content=\"summary_large_image\" \/>\n<meta name=\"twitter:creator\" content=\"@webdo_tn\" \/>\n<meta name=\"twitter:site\" content=\"@webdo_tn\" \/>\n<meta name=\"twitter:label1\" content=\"\u00c9crit par\" \/>\n\t<meta name=\"twitter:data1\" content=\"MC\" \/>\n\t<meta name=\"twitter:label2\" content=\"Dur\u00e9e de lecture estim\u00e9e\" \/>\n\t<meta name=\"twitter:data2\" content=\"2 minutes\" \/>\n<script type=\"application\/ld+json\" class=\"yoast-schema-graph\">{\"@context\":\"https:\\\/\\\/schema.org\",\"@graph\":[{\"@type\":\"NewsArticle\",\"@id\":\"https:\\\/\\\/www.webdo.tn\\\/fr\\\/actualite\\\/national\\\/tunisie-taieb-bouaicha-reclame-un-grand-menage-au-sein-de-l-ugtt\\\/222157\\\/#article\",\"isPartOf\":{\"@id\":\"https:\\\/\\\/www.webdo.tn\\\/fr\\\/actualite\\\/national\\\/tunisie-taieb-bouaicha-reclame-un-grand-menage-au-sein-de-l-ugtt\\\/222157\\\/\"},\"author\":{\"name\":\"MC\",\"@id\":\"https:\\\/\\\/www.webdo.tn\\\/fr\\\/#\\\/schema\\\/person\\\/2c4929cbf5a809e3bd38617c6ce150f6\"},\"headline\":\"Tunisie : Ta\u00efeb Boua\u00efcha r\u00e9clame un grand m\u00e9nage au sein de l\u2019UGTT\",\"datePublished\":\"2025-05-23T16:10:00+00:00\",\"mainEntityOfPage\":{\"@id\":\"https:\\\/\\\/www.webdo.tn\\\/fr\\\/actualite\\\/national\\\/tunisie-taieb-bouaicha-reclame-un-grand-menage-au-sein-de-l-ugtt\\\/222157\\\/\"},\"wordCount\":373,\"commentCount\":0,\"publisher\":{\"@id\":\"https:\\\/\\\/www.webdo.tn\\\/fr\\\/#organization\"},\"image\":{\"@id\":\"https:\\\/\\\/www.webdo.tn\\\/fr\\\/actualite\\\/national\\\/tunisie-taieb-bouaicha-reclame-un-grand-menage-au-sein-de-l-ugtt\\\/222157\\\/#primaryimage\"},\"thumbnailUrl\":\"https:\\\/\\\/www.webdo.tn\\\/fr\\\/wp-content\\\/uploads\\\/2025\\\/05\\\/4952455b9236f94e90c093745b27b1bd.webp\",\"keywords\":[\"syndicat\",\"Tunisie\",\"UGTT\"],\"articleSection\":[\"National\"],\"inLanguage\":\"fr-FR\"},{\"@type\":\"WebPage\",\"@id\":\"https:\\\/\\\/www.webdo.tn\\\/fr\\\/actualite\\\/national\\\/tunisie-taieb-bouaicha-reclame-un-grand-menage-au-sein-de-l-ugtt\\\/222157\\\/\",\"url\":\"https:\\\/\\\/www.webdo.tn\\\/fr\\\/actualite\\\/national\\\/tunisie-taieb-bouaicha-reclame-un-grand-menage-au-sein-de-l-ugtt\\\/222157\\\/\",\"name\":\"Tunisie : Ta\u00efeb Boua\u00efcha r\u00e9clame un grand m\u00e9nage au sein de l\u2019UGTT\",\"isPartOf\":{\"@id\":\"https:\\\/\\\/www.webdo.tn\\\/fr\\\/#website\"},\"primaryImageOfPage\":{\"@id\":\"https:\\\/\\\/www.webdo.tn\\\/fr\\\/actualite\\\/national\\\/tunisie-taieb-bouaicha-reclame-un-grand-menage-au-sein-de-l-ugtt\\\/222157\\\/#primaryimage\"},\"image\":{\"@id\":\"https:\\\/\\\/www.webdo.tn\\\/fr\\\/actualite\\\/national\\\/tunisie-taieb-bouaicha-reclame-un-grand-menage-au-sein-de-l-ugtt\\\/222157\\\/#primaryimage\"},\"thumbnailUrl\":\"https:\\\/\\\/www.webdo.tn\\\/fr\\\/wp-content\\\/uploads\\\/2025\\\/05\\\/4952455b9236f94e90c093745b27b1bd.webp\",\"datePublished\":\"2025-05-23T16:10:00+00:00\",\"description\":\"Ta\u00efeb Boua\u00efcha, opposant au sein de l\u2019UGTT, appelle \u00e0 une refonte totale de la centrale syndicale. Il exige le d\u00e9part de la direction actuelle, une r\u00e9forme des...\",\"breadcrumb\":{\"@id\":\"https:\\\/\\\/www.webdo.tn\\\/fr\\\/actualite\\\/national\\\/tunisie-taieb-bouaicha-reclame-un-grand-menage-au-sein-de-l-ugtt\\\/222157\\\/#breadcrumb\"},\"inLanguage\":\"fr-FR\",\"potentialAction\":[{\"@type\":\"ReadAction\",\"target\":[\"https:\\\/\\\/www.webdo.tn\\\/fr\\\/actualite\\\/national\\\/tunisie-taieb-bouaicha-reclame-un-grand-menage-au-sein-de-l-ugtt\\\/222157\\\/\"]}]},{\"@type\":\"ImageObject\",\"inLanguage\":\"fr-FR\",\"@id\":\"https:\\\/\\\/www.webdo.tn\\\/fr\\\/actualite\\\/national\\\/tunisie-taieb-bouaicha-reclame-un-grand-menage-au-sein-de-l-ugtt\\\/222157\\\/#primaryimage\",\"url\":\"https:\\\/\\\/www.webdo.tn\\\/fr\\\/wp-content\\\/uploads\\\/2025\\\/05\\\/4952455b9236f94e90c093745b27b1bd.webp\",\"contentUrl\":\"https:\\\/\\\/www.webdo.tn\\\/fr\\\/wp-content\\\/uploads\\\/2025\\\/05\\\/4952455b9236f94e90c093745b27b1bd.webp\",\"width\":750,\"height\":400,\"caption\":\"Tunisie : Ta\u00efeb Boua\u00efcha r\u00e9clame un grand m\u00e9nage au sein de l\u2019UGTT\"},{\"@type\":\"BreadcrumbList\",\"@id\":\"https:\\\/\\\/www.webdo.tn\\\/fr\\\/actualite\\\/national\\\/tunisie-taieb-bouaicha-reclame-un-grand-menage-au-sein-de-l-ugtt\\\/222157\\\/#breadcrumb\",\"itemListElement\":[{\"@type\":\"ListItem\",\"position\":1,\"name\":\"Accueil\",\"item\":\"https:\\\/\\\/www.webdo.tn\\\/fr\\\/\"},{\"@type\":\"ListItem\",\"position\":2,\"name\":\"Tunisie : Ta\u00efeb Boua\u00efcha r\u00e9clame un grand m\u00e9nage au sein de l\u2019UGTT\"}]},{\"@type\":\"WebSite\",\"@id\":\"https:\\\/\\\/www.webdo.tn\\\/fr\\\/#website\",\"url\":\"https:\\\/\\\/www.webdo.tn\\\/fr\\\/\",\"name\":\"webdo\",\"description\":\"Tunisie - News en Tunisie et \u00e0 l&#039;international sur Webdo.tn\",\"publisher\":{\"@id\":\"https:\\\/\\\/www.webdo.tn\\\/fr\\\/#organization\"},\"potentialAction\":[{\"@type\":\"SearchAction\",\"target\":{\"@type\":\"EntryPoint\",\"urlTemplate\":\"https:\\\/\\\/www.webdo.tn\\\/fr\\\/?s={search_term_string}\"},\"query-input\":{\"@type\":\"PropertyValueSpecification\",\"valueRequired\":true,\"valueName\":\"search_term_string\"}}],\"inLanguage\":\"fr-FR\"},{\"@type\":\"Organization\",\"@id\":\"https:\\\/\\\/www.webdo.tn\\\/fr\\\/#organization\",\"name\":\"Webdo\",\"alternateName\":\"Webdo.tn\",\"url\":\"https:\\\/\\\/www.webdo.tn\\\/fr\\\/\",\"logo\":{\"@type\":\"ImageObject\",\"inLanguage\":\"fr-FR\",\"@id\":\"https:\\\/\\\/www.webdo.tn\\\/fr\\\/#\\\/schema\\\/logo\\\/image\\\/\",\"url\":\"https:\\\/\\\/www.webdo.tn\\\/fr\\\/wp-content\\\/uploads\\\/2025\\\/06\\\/Webdo-Tunisie_168377.jpg\",\"contentUrl\":\"https:\\\/\\\/www.webdo.tn\\\/fr\\\/wp-content\\\/uploads\\\/2025\\\/06\\\/Webdo-Tunisie_168377.jpg\",\"width\":301,\"height\":301,\"caption\":\"Webdo\"},\"image\":{\"@id\":\"https:\\\/\\\/www.webdo.tn\\\/fr\\\/#\\\/schema\\\/logo\\\/image\\\/\"},\"sameAs\":[\"https:\\\/\\\/www.facebook.com\\\/webdotn\",\"https:\\\/\\\/x.com\\\/webdo_tn\"],\"description\":\"Webdo est un m\u00e9dia num\u00e9rique tunisien fond\u00e9 en 2010, sp\u00e9cialis\u00e9 dans l\u2019actualit\u00e9 nationale et internationale, l\u2019\u00e9conomie, la soci\u00e9t\u00e9 et les analyses politiques. Le site s\u2019adresse \u00e0 un large public francophone et couvre l\u2019information tunisienne en temps r\u00e9el.\",\"email\":\"redac@webdo.tn\",\"legalName\":\"YNJ SARL\",\"foundingDate\":\"2010-09-06\",\"numberOfEmployees\":{\"@type\":\"QuantitativeValue\",\"minValue\":\"11\",\"maxValue\":\"50\"}},{\"@type\":\"Person\",\"@id\":\"https:\\\/\\\/www.webdo.tn\\\/fr\\\/#\\\/schema\\\/person\\\/2c4929cbf5a809e3bd38617c6ce150f6\",\"name\":\"MC\",\"image\":{\"@type\":\"ImageObject\",\"inLanguage\":\"fr-FR\",\"@id\":\"https:\\\/\\\/secure.gravatar.com\\\/avatar\\\/a545bbb6f84efdd5553dbbc2895e3ca8f1d12c5215e00a041c9670b54aa9b18a?s=96&d=mm&r=g\",\"url\":\"https:\\\/\\\/secure.gravatar.com\\\/avatar\\\/a545bbb6f84efdd5553dbbc2895e3ca8f1d12c5215e00a041c9670b54aa9b18a?s=96&d=mm&r=g\",\"contentUrl\":\"https:\\\/\\\/secure.gravatar.com\\\/avatar\\\/a545bbb6f84efdd5553dbbc2895e3ca8f1d12c5215e00a041c9670b54aa9b18a?s=96&d=mm&r=g\",\"caption\":\"MC\"},\"url\":\"https:\\\/\\\/www.webdo.tn\\\/fr\\\/actualite\\\/author\\\/mc\\\/\"}]}<\/script>\n<!-- \/ Yoast SEO Premium plugin. -->","yoast_head_json":{"title":"Tunisie : Ta\u00efeb Boua\u00efcha r\u00e9clame un grand m\u00e9nage au sein de l\u2019UGTT","description":"Ta\u00efeb Boua\u00efcha, opposant au sein de l\u2019UGTT, appelle \u00e0 une refonte totale de la centrale syndicale. Il exige le d\u00e9part de la direction actuelle, une r\u00e9forme des...","canonical":"https:\/\/www.webdo.tn\/fr\/actualite\/national\/tunisie-taieb-bouaicha-reclame-un-grand-menage-au-sein-de-l-ugtt\/222157\/","og_locale":"fr_FR","og_type":"article","og_title":"Tunisie : Ta\u00efeb Boua\u00efcha r\u00e9clame un grand m\u00e9nage au sein de l\u2019UGTT","og_description":"Ta\u00efeb Boua\u00efcha, opposant au sein de l\u2019UGTT, appelle \u00e0 une refonte totale de la centrale syndicale. Il exige le d\u00e9part de la direction actuelle, une r\u00e9forme des...","og_url":"https:\/\/www.webdo.tn\/fr\/actualite\/national\/tunisie-taieb-bouaicha-reclame-un-grand-menage-au-sein-de-l-ugtt\/222157\/","og_site_name":"webdo","article_publisher":"https:\/\/www.facebook.com\/webdotn","article_published_time":"2025-05-23T16:10:00+00:00","og_image":[{"width":750,"height":400,"url":"https:\/\/www.webdo.tn\/fr\/wp-content\/uploads\/2025\/05\/4952455b9236f94e90c093745b27b1bd.webp","type":"image\/webp"}],"author":"MC","twitter_card":"summary_large_image","twitter_creator":"@webdo_tn","twitter_site":"@webdo_tn","twitter_misc":{"\u00c9crit par":"MC","Dur\u00e9e de lecture estim\u00e9e":"2 minutes"},"schema":{"@context":"https:\/\/schema.org","@graph":[{"@type":"NewsArticle","@id":"https:\/\/www.webdo.tn\/fr\/actualite\/national\/tunisie-taieb-bouaicha-reclame-un-grand-menage-au-sein-de-l-ugtt\/222157\/#article","isPartOf":{"@id":"https:\/\/www.webdo.tn\/fr\/actualite\/national\/tunisie-taieb-bouaicha-reclame-un-grand-menage-au-sein-de-l-ugtt\/222157\/"},"author":{"name":"MC","@id":"https:\/\/www.webdo.tn\/fr\/#\/schema\/person\/2c4929cbf5a809e3bd38617c6ce150f6"},"headline":"Tunisie : Ta\u00efeb Boua\u00efcha r\u00e9clame un grand m\u00e9nage au sein de l\u2019UGTT","datePublished":"2025-05-23T16:10:00+00:00","mainEntityOfPage":{"@id":"https:\/\/www.webdo.tn\/fr\/actualite\/national\/tunisie-taieb-bouaicha-reclame-un-grand-menage-au-sein-de-l-ugtt\/222157\/"},"wordCount":373,"commentCount":0,"publisher":{"@id":"https:\/\/www.webdo.tn\/fr\/#organization"},"image":{"@id":"https:\/\/www.webdo.tn\/fr\/actualite\/national\/tunisie-taieb-bouaicha-reclame-un-grand-menage-au-sein-de-l-ugtt\/222157\/#primaryimage"},"thumbnailUrl":"https:\/\/www.webdo.tn\/fr\/wp-content\/uploads\/2025\/05\/4952455b9236f94e90c093745b27b1bd.webp","keywords":["syndicat","Tunisie","UGTT"],"articleSection":["National"],"inLanguage":"fr-FR"},{"@type":"WebPage","@id":"https:\/\/www.webdo.tn\/fr\/actualite\/national\/tunisie-taieb-bouaicha-reclame-un-grand-menage-au-sein-de-l-ugtt\/222157\/","url":"https:\/\/www.webdo.tn\/fr\/actualite\/national\/tunisie-taieb-bouaicha-reclame-un-grand-menage-au-sein-de-l-ugtt\/222157\/","name":"Tunisie : Ta\u00efeb Boua\u00efcha r\u00e9clame un grand m\u00e9nage au sein de l\u2019UGTT","isPartOf":{"@id":"https:\/\/www.webdo.tn\/fr\/#website"},"primaryImageOfPage":{"@id":"https:\/\/www.webdo.tn\/fr\/actualite\/national\/tunisie-taieb-bouaicha-reclame-un-grand-menage-au-sein-de-l-ugtt\/222157\/#primaryimage"},"image":{"@id":"https:\/\/www.webdo.tn\/fr\/actualite\/national\/tunisie-taieb-bouaicha-reclame-un-grand-menage-au-sein-de-l-ugtt\/222157\/#primaryimage"},"thumbnailUrl":"https:\/\/www.webdo.tn\/fr\/wp-content\/uploads\/2025\/05\/4952455b9236f94e90c093745b27b1bd.webp","datePublished":"2025-05-23T16:10:00+00:00","description":"Ta\u00efeb Boua\u00efcha, opposant au sein de l\u2019UGTT, appelle \u00e0 une refonte totale de la centrale syndicale. Il exige le d\u00e9part de la direction actuelle, une r\u00e9forme des...","breadcrumb":{"@id":"https:\/\/www.webdo.tn\/fr\/actualite\/national\/tunisie-taieb-bouaicha-reclame-un-grand-menage-au-sein-de-l-ugtt\/222157\/#breadcrumb"},"inLanguage":"fr-FR","potentialAction":[{"@type":"ReadAction","target":["https:\/\/www.webdo.tn\/fr\/actualite\/national\/tunisie-taieb-bouaicha-reclame-un-grand-menage-au-sein-de-l-ugtt\/222157\/"]}]},{"@type":"ImageObject","inLanguage":"fr-FR","@id":"https:\/\/www.webdo.tn\/fr\/actualite\/national\/tunisie-taieb-bouaicha-reclame-un-grand-menage-au-sein-de-l-ugtt\/222157\/#primaryimage","url":"https:\/\/www.webdo.tn\/fr\/wp-content\/uploads\/2025\/05\/4952455b9236f94e90c093745b27b1bd.webp","contentUrl":"https:\/\/www.webdo.tn\/fr\/wp-content\/uploads\/2025\/05\/4952455b9236f94e90c093745b27b1bd.webp","width":750,"height":400,"caption":"Tunisie : Ta\u00efeb Boua\u00efcha r\u00e9clame un grand m\u00e9nage au sein de l\u2019UGTT"},{"@type":"BreadcrumbList","@id":"https:\/\/www.webdo.tn\/fr\/actualite\/national\/tunisie-taieb-bouaicha-reclame-un-grand-menage-au-sein-de-l-ugtt\/222157\/#breadcrumb","itemListElement":[{"@type":"ListItem","position":1,"name":"Accueil","item":"https:\/\/www.webdo.tn\/fr\/"},{"@type":"ListItem","position":2,"name":"Tunisie : Ta\u00efeb Boua\u00efcha r\u00e9clame un grand m\u00e9nage au sein de l\u2019UGTT"}]},{"@type":"WebSite","@id":"https:\/\/www.webdo.tn\/fr\/#website","url":"https:\/\/www.webdo.tn\/fr\/","name":"webdo","description":"Tunisie - News en Tunisie et \u00e0 l&#039;international sur Webdo.tn","publisher":{"@id":"https:\/\/www.webdo.tn\/fr\/#organization"},"potentialAction":[{"@type":"SearchAction","target":{"@type":"EntryPoint","urlTemplate":"https:\/\/www.webdo.tn\/fr\/?s={search_term_string}"},"query-input":{"@type":"PropertyValueSpecification","valueRequired":true,"valueName":"search_term_string"}}],"inLanguage":"fr-FR"},{"@type":"Organization","@id":"https:\/\/www.webdo.tn\/fr\/#organization","name":"Webdo","alternateName":"Webdo.tn","url":"https:\/\/www.webdo.tn\/fr\/","logo":{"@type":"ImageObject","inLanguage":"fr-FR","@id":"https:\/\/www.webdo.tn\/fr\/#\/schema\/logo\/image\/","url":"https:\/\/www.webdo.tn\/fr\/wp-content\/uploads\/2025\/06\/Webdo-Tunisie_168377.jpg","contentUrl":"https:\/\/www.webdo.tn\/fr\/wp-content\/uploads\/2025\/06\/Webdo-Tunisie_168377.jpg","width":301,"height":301,"caption":"Webdo"},"image":{"@id":"https:\/\/www.webdo.tn\/fr\/#\/schema\/logo\/image\/"},"sameAs":["https:\/\/www.facebook.com\/webdotn","https:\/\/x.com\/webdo_tn"],"description":"Webdo est un m\u00e9dia num\u00e9rique tunisien fond\u00e9 en 2010, sp\u00e9cialis\u00e9 dans l\u2019actualit\u00e9 nationale et internationale, l\u2019\u00e9conomie, la soci\u00e9t\u00e9 et les analyses politiques. Le site s\u2019adresse \u00e0 un large public francophone et couvre l\u2019information tunisienne en temps r\u00e9el.","email":"redac@webdo.tn","legalName":"YNJ SARL","foundingDate":"2010-09-06","numberOfEmployees":{"@type":"QuantitativeValue","minValue":"11","maxValue":"50"}},{"@type":"Person","@id":"https:\/\/www.webdo.tn\/fr\/#\/schema\/person\/2c4929cbf5a809e3bd38617c6ce150f6","name":"MC","image":{"@type":"ImageObject","inLanguage":"fr-FR","@id":"https:\/\/secure.gravatar.com\/avatar\/a545bbb6f84efdd5553dbbc2895e3ca8f1d12c5215e00a041c9670b54aa9b18a?s=96&d=mm&r=g","url":"https:\/\/secure.gravatar.com\/avatar\/a545bbb6f84efdd5553dbbc2895e3ca8f1d12c5215e00a041c9670b54aa9b18a?s=96&d=mm&r=g","contentUrl":"https:\/\/secure.gravatar.com\/avatar\/a545bbb6f84efdd5553dbbc2895e3ca8f1d12c5215e00a041c9670b54aa9b18a?s=96&d=mm&r=g","caption":"MC"},"url":"https:\/\/www.webdo.tn\/fr\/actualite\/author\/mc\/"}]}},"_links":{"self":[{"href":"https:\/\/www.webdo.tn\/fr\/wp-json\/wp\/v2\/posts\/222157","targetHints":{"allow":["GET"]}}],"collection":[{"href":"https:\/\/www.webdo.tn\/fr\/wp-json\/wp\/v2\/posts"}],"about":[{"href":"https:\/\/www.webdo.tn\/fr\/wp-json\/wp\/v2\/types\/post"}],"author":[{"embeddable":true,"href":"https:\/\/www.webdo.tn\/fr\/wp-json\/wp\/v2\/users\/3162"}],"replies":[{"embeddable":true,"href":"https:\/\/www.webdo.tn\/fr\/wp-json\/wp\/v2\/comments?post=222157"}],"version-history":[{"count":0,"href":"https:\/\/www.webdo.tn\/fr\/wp-json\/wp\/v2\/posts\/222157\/revisions"}],"wp:featuredmedia":[{"embeddable":true,"href":"https:\/\/www.webdo.tn\/fr\/wp-json\/wp\/v2\/media\/366049"}],"wp:attachment":[{"href":"https:\/\/www.webdo.tn\/fr\/wp-json\/wp\/v2\/media?parent=222157"}],"wp:term":[{"taxonomy":"category","embeddable":true,"href":"https:\/\/www.webdo.tn\/fr\/wp-json\/wp\/v2\/categories?post=222157"},{"taxonomy":"post_tag","embeddable":true,"href":"https:\/\/www.webdo.tn\/fr\/wp-json\/wp\/v2\/tags?post=222157"}],"curies":[{"name":"wp","href":"https:\/\/api.w.org\/{rel}","templated":true}]}}